{"id":65819,"date":"2024-10-29T14:24:50","date_gmt":"2024-10-29T14:24:50","guid":{"rendered":"https:\/\/ferabrajan.com\/portal\/?p=65819"},"modified":"2024-10-29T14:24:59","modified_gmt":"2024-10-29T14:24:59","slug":"frente-frio-6-ocasionara-bajas-temperaturas-extremas-durante-5-dias-en-20-estados","status":"publish","type":"post","link":"https:\/\/ferabrajan.com\/portal\/2024\/10\/29\/frente-frio-6-ocasionara-bajas-temperaturas-extremas-durante-5-dias-en-20-estados\/","title":{"rendered":"Frente fr\u00edo 6 ocasionar\u00e1 bajas temperaturas extremas durante 5 d\u00edas en 20 estados"},"content":{"rendered":"\n<p class=\"wp-block-paragraph\">El ingreso del&nbsp;<strong>frente fr\u00edo n\u00famero 6<\/strong>&nbsp;provocar\u00e1 un&nbsp;<strong>descenso en la temperatura<\/strong>&nbsp;en gran parte del pa\u00eds, as\u00ed como<strong>&nbsp;heladas&nbsp;<\/strong>y&nbsp;<strong>fuertes vientos<\/strong>. En su reporte, la Comisi\u00f3n Nacional del Agua (Conagua) inform\u00f3 que desde el lunes, este fen\u00f3meno se intensificar\u00e1 debido a la interacci\u00f3n con corrientes en chorro polar y subtropical, resultando en 5 d\u00edas seguidos de bajas temperaturas y un ambiente fr\u00edo<\/p>\n\n\n\n<h2 class=\"wp-block-heading\">Fr\u00edo amanecer por el frente fr\u00edo 6<\/h2>\n\n\n\n<p class=\"wp-block-paragraph\">Desde este lunes, el frente fr\u00edo 6 comenz\u00f3 a hacerse sentir en el noroeste del pa\u00eds, extendi\u00e9ndose gradualmente hacia el territorio mexicano. Los estados de Baja California, Sonora, Chihuahua y Coahuila estar\u00e1n recibiendo los primeros efectos de este fen\u00f3meno, que adem\u00e1s viene acompa\u00f1ado de vientos intensos de entre 60 y 80 km\/h, generando tolvaneras.<\/p>\n\n\n\n<p class=\"wp-block-paragraph\">Adicionalmente, prevalecer\u00e1n las bajas temperaturas en el centro y oriente del pa\u00eds, as\u00ed como la posible ca\u00edda de nieve o aguanieve durante esta ma\u00f1ana en cimas monta\u00f1osas superiores a los 4 mil 500 metros sobre el nivel del mar (msnm) como en los volcanes Nevado de Toluca, Popocat\u00e9petl, Iztacc\u00edhuatl y Pico de Orizaba<\/p>\n\n\n\n<figure class=\"wp-block-gallery has-nested-images columns-default is-cropped wp-block-gallery-1 is-layout-flex wp-block-gallery-is-layout-flex\">\n<figure class=\"wp-block-image size-large\"><img fetchpriority=\"high\" decoding=\"async\" width=\"1024\" height=\"641\" data-id=\"65821\" src=\"https:\/\/ferabrajan.com\/portal\/wp-content\/uploads\/2024\/10\/mapas_discusion-7-1024x641.jpg\" alt=\"\" class=\"wp-image-65821\" srcset=\"https:\/\/ferabrajan.com\/portal\/wp-content\/uploads\/2024\/10\/mapas_discusion-7-1024x641.jpg 1024w, https:\/\/ferabrajan.com\/portal\/wp-content\/uploads\/2024\/10\/mapas_discusion-7-300x188.jpg 300w, https:\/\/ferabrajan.com\/portal\/wp-content\/uploads\/2024\/10\/mapas_discusion-7-768x481.jpg 768w, https:\/\/ferabrajan.com\/portal\/wp-content\/uploads\/2024\/10\/mapas_discusion-7.jpg 1164w\" sizes=\"(max-width: 1024px) 100vw, 1024px\" \/><\/figure>\n<\/figure>\n\n\n\n<p class=\"wp-block-paragraph\">Se esperan temperaturas m\u00ednimas de -5 a -10 grados Celsius con heladas en zonas serranas de Chihuahua y Durango; de -5 a 0 grados con heladas en zonas altas de Baja California, Estado de M\u00e9xico, Morelos, Puebla, Tlaxcala y Veracruz, y de 0 a 5 grados en zonas altas de Aguascalientes, Chiapas, Ciudad de M\u00e9xico, Coahuila, Guanajuato, Hidalgo, Jalisco, Michoac\u00e1n, Nuevo Le\u00f3n, Oaxaca, Quer\u00e9taro, San Luis Potos\u00ed, Sonora, Tamaulipas y Zacatecas.<\/p>\n\n\n\n<p class=\"wp-block-paragraph\"><br>Por otro lado, el desplazamiento de la onda tropical n\u00famero 28 sobre el occidente del pa\u00eds, en combinaci\u00f3n con el ingreso de aire h\u00famedo del oc\u00e9ano Pac\u00edfico, originar\u00e1 intervalos de chubascos en Michoac\u00e1n, y lluvias aisladas en zonas de Colima y Jalisco.<br>Se mantendr\u00e1 el ambiente vespertino c\u00e1lido en el noroeste, norte, noreste y en estados costeros del golfo de M\u00e9xico y el oc\u00e9ano Pac\u00edfico, siendo caluroso en zonas de Colima, Jalisco, Nayarit y Sinaloa, con temperaturas estimadas de 35 a 40 grados Celsius en dichas entidades, y 30 a 35 grados en Baja California Sur, Campeche, Chiapas, Chihuahua, Coahuila, Durango, Guerrero, Michoac\u00e1n, Nuevo Le\u00f3n, Oaxaca, Quintana Roo, San Luis Potos\u00ed, Tabasco, Tamaulipas, Veracruz, Yucat\u00e1n y Zacatecas.<br>Finalmente, se espera en la ma\u00f1ana viento de componente norte con rachas de 50 a 70 km\/h en el istmo de Tehuantepec, condici\u00f3n que disminuir\u00e1 en el transcurso de la tarde; as\u00ed como con oleaje de 1 a 3 metros (m) de altura en golfo de Tehuantepec, y viento con rachas de 40 a 60 km\/h en Campeche, Quintana Roo y Yucat\u00e1n, con posibles tolvaneras en Jalisco, Nayarit, San Luis Potos\u00ed, Sinaloa y Zacatecas.<\/p>\n","protected":false},"excerpt":{"rendered":"<p>El ingreso del frente fr\u00edo n\u00famero 6 provocar\u00e1 un descenso en la temperatura en gran parte del pa\u00eds, as\u00ed como heladas y fuertes vientos<\/p>\n","protected":false},"author":1,"featured_media":65820,"comment_status":"closed","ping_status":"closed","sticky":false,"template":"","format":"standard","meta":{"_monsterinsights_skip_tracking":false,"_uf_show_specific_survey":0,"_uf_disable_surveys":false,"footnotes":""},"categories":[52,585],"tags":[977,981],"class_list":["post-65819","post","type-post","status-publish","format-standard","has-post-thumbnail","hentry","category-nacional","category-principal","tag-clima","tag-frente-frio"],"yoast_head":"<!-- This site is optimized with the Yoast SEO plugin v27.5 - https:\/\/yoast.com\/product\/yoast-seo-wordpress\/ -->\n<title>Frente fr\u00edo 6 ocasionar\u00e1 bajas temperaturas extremas durante 5 d\u00edas en 20 estados - Fer Abrajan<\/title>\n<meta name=\"description\" content=\"El ingreso del frente fr\u00edo n\u00famero 6 provocar\u00e1 un descenso en la temperatura en gran parte del pa\u00eds, as\u00ed como heladas y fuertes vientos\" \/>\n<meta name=\"robots\" content=\"index, follow, max-snippet:-1, max-image-preview:large, max-video-preview:-1\" \/>\n<link rel=\"canonical\" href=\"https:\/\/ferabrajan.com\/portal\/2024\/10\/29\/frente-frio-6-ocasionara-bajas-temperaturas-extremas-durante-5-dias-en-20-estados\/\" \/>\n<meta property=\"og:locale\" content=\"es_ES\" \/>\n<meta property=\"og:type\" content=\"article\" \/>\n<meta property=\"og:title\" content=\"Frente fr\u00edo 6 ocasionar\u00e1 bajas temperaturas extremas durante 5 d\u00edas en 20 estados - Fer Abrajan\" \/>\n<meta property=\"og:description\" content=\"El ingreso del frente fr\u00edo n\u00famero 6 provocar\u00e1 un descenso en la temperatura en gran parte del pa\u00eds, as\u00ed como heladas y fuertes vientos\" \/>\n<meta property=\"og:url\" content=\"https:\/\/ferabrajan.com\/portal\/2024\/10\/29\/frente-frio-6-ocasionara-bajas-temperaturas-extremas-durante-5-dias-en-20-estados\/\" \/>\n<meta property=\"og:site_name\" content=\"Fer Abrajan\" \/>\n<meta property=\"article:publisher\" content=\"https:\/\/www.facebook.com\/NoticiasconFerAbrajan\/\" \/>\n<meta property=\"article:published_time\" content=\"2024-10-29T14:24:50+00:00\" \/>\n<meta property=\"article:modified_time\" content=\"2024-10-29T14:24:59+00:00\" \/>\n<meta property=\"og:image\" content=\"https:\/\/ferabrajan.com\/portal\/wp-content\/uploads\/2024\/10\/25604be0-28fa-41a2-93cb-ff708160da2b.jpg\" \/>\n\t<meta property=\"og:image:width\" content=\"1024\" \/>\n\t<meta property=\"og:image:height\" content=\"683\" \/>\n\t<meta property=\"og:image:type\" content=\"image\/jpeg\" \/>\n<meta name=\"author\" content=\"admin\" \/>\n<meta name=\"twitter:card\" content=\"summary_large_image\" \/>\n<meta name=\"twitter:creator\" content=\"@ferabrajan1\" \/>\n<meta name=\"twitter:site\" content=\"@ferabrajan1\" \/>\n<meta name=\"twitter:label1\" content=\"Escrito por\" \/>\n\t<meta name=\"twitter:data1\" content=\"admin\" \/>\n\t<meta name=\"twitter:label2\" content=\"Tiempo de lectura\" \/>\n\t<meta name=\"twitter:data2\" content=\"3 minutos\" \/>\n<script type=\"application\/ld+json\" class=\"yoast-schema-graph\">{\"@context\":\"https:\\\/\\\/schema.org\",\"@graph\":[{\"@type\":\"Article\",\"@id\":\"https:\\\/\\\/ferabrajan.com\\\/portal\\\/2024\\\/10\\\/29\\\/frente-frio-6-ocasionara-bajas-temperaturas-extremas-durante-5-dias-en-20-estados\\\/#article\",\"isPartOf\":{\"@id\":\"https:\\\/\\\/ferabrajan.com\\\/portal\\\/2024\\\/10\\\/29\\\/frente-frio-6-ocasionara-bajas-temperaturas-extremas-durante-5-dias-en-20-estados\\\/\"},\"author\":{\"name\":\"admin\",\"@id\":\"https:\\\/\\\/ferabrajan.com\\\/portal\\\/#\\\/schema\\\/person\\\/f6113b3cb1e036d5c6a9505685b257ba\"},\"headline\":\"Frente fr\u00edo 6 ocasionar\u00e1 bajas temperaturas extremas durante 5 d\u00edas en 20 estados\",\"datePublished\":\"2024-10-29T14:24:50+00:00\",\"dateModified\":\"2024-10-29T14:24:59+00:00\",\"mainEntityOfPage\":{\"@id\":\"https:\\\/\\\/ferabrajan.com\\\/portal\\\/2024\\\/10\\\/29\\\/frente-frio-6-ocasionara-bajas-temperaturas-extremas-durante-5-dias-en-20-estados\\\/\"},\"wordCount\":488,\"publisher\":{\"@id\":\"https:\\\/\\\/ferabrajan.com\\\/portal\\\/#organization\"},\"image\":{\"@id\":\"https:\\\/\\\/ferabrajan.com\\\/portal\\\/2024\\\/10\\\/29\\\/frente-frio-6-ocasionara-bajas-temperaturas-extremas-durante-5-dias-en-20-estados\\\/#primaryimage\"},\"thumbnailUrl\":\"https:\\\/\\\/ferabrajan.com\\\/portal\\\/wp-content\\\/uploads\\\/2024\\\/10\\\/25604be0-28fa-41a2-93cb-ff708160da2b.jpg\",\"keywords\":[\"clima\",\"frente fr\u00edo\"],\"articleSection\":[\"Nacional\",\"Principal\"],\"inLanguage\":\"es\"},{\"@type\":\"WebPage\",\"@id\":\"https:\\\/\\\/ferabrajan.com\\\/portal\\\/2024\\\/10\\\/29\\\/frente-frio-6-ocasionara-bajas-temperaturas-extremas-durante-5-dias-en-20-estados\\\/\",\"url\":\"https:\\\/\\\/ferabrajan.com\\\/portal\\\/2024\\\/10\\\/29\\\/frente-frio-6-ocasionara-bajas-temperaturas-extremas-durante-5-dias-en-20-estados\\\/\",\"name\":\"Frente fr\u00edo 6 ocasionar\u00e1 bajas temperaturas extremas durante 5 d\u00edas en 20 estados - Fer Abrajan\",\"isPartOf\":{\"@id\":\"https:\\\/\\\/ferabrajan.com\\\/portal\\\/#website\"},\"primaryImageOfPage\":{\"@id\":\"https:\\\/\\\/ferabrajan.com\\\/portal\\\/2024\\\/10\\\/29\\\/frente-frio-6-ocasionara-bajas-temperaturas-extremas-durante-5-dias-en-20-estados\\\/#primaryimage\"},\"image\":{\"@id\":\"https:\\\/\\\/ferabrajan.com\\\/portal\\\/2024\\\/10\\\/29\\\/frente-frio-6-ocasionara-bajas-temperaturas-extremas-durante-5-dias-en-20-estados\\\/#primaryimage\"},\"thumbnailUrl\":\"https:\\\/\\\/ferabrajan.com\\\/portal\\\/wp-content\\\/uploads\\\/2024\\\/10\\\/25604be0-28fa-41a2-93cb-ff708160da2b.jpg\",\"datePublished\":\"2024-10-29T14:24:50+00:00\",\"dateModified\":\"2024-10-29T14:24:59+00:00\",\"description\":\"El ingreso del frente fr\u00edo n\u00famero 6 provocar\u00e1 un descenso en la temperatura en gran parte del pa\u00eds, as\u00ed como heladas y fuertes vientos\",\"breadcrumb\":{\"@id\":\"https:\\\/\\\/ferabrajan.com\\\/portal\\\/2024\\\/10\\\/29\\\/frente-frio-6-ocasionara-bajas-temperaturas-extremas-durante-5-dias-en-20-estados\\\/#breadcrumb\"},\"inLanguage\":\"es\",\"potentialAction\":[{\"@type\":\"ReadAction\",\"target\":[\"https:\\\/\\\/ferabrajan.com\\\/portal\\\/2024\\\/10\\\/29\\\/frente-frio-6-ocasionara-bajas-temperaturas-extremas-durante-5-dias-en-20-estados\\\/\"]}]},{\"@type\":\"ImageObject\",\"inLanguage\":\"es\",\"@id\":\"https:\\\/\\\/ferabrajan.com\\\/portal\\\/2024\\\/10\\\/29\\\/frente-frio-6-ocasionara-bajas-temperaturas-extremas-durante-5-dias-en-20-estados\\\/#primaryimage\",\"url\":\"https:\\\/\\\/ferabrajan.com\\\/portal\\\/wp-content\\\/uploads\\\/2024\\\/10\\\/25604be0-28fa-41a2-93cb-ff708160da2b.jpg\",\"contentUrl\":\"https:\\\/\\\/ferabrajan.com\\\/portal\\\/wp-content\\\/uploads\\\/2024\\\/10\\\/25604be0-28fa-41a2-93cb-ff708160da2b.jpg\",\"width\":1024,\"height\":683},{\"@type\":\"BreadcrumbList\",\"@id\":\"https:\\\/\\\/ferabrajan.com\\\/portal\\\/2024\\\/10\\\/29\\\/frente-frio-6-ocasionara-bajas-temperaturas-extremas-durante-5-dias-en-20-estados\\\/#breadcrumb\",\"itemListElement\":[{\"@type\":\"ListItem\",\"position\":1,\"name\":\"Portada\",\"item\":\"https:\\\/\\\/ferabrajan.com\\\/portal\\\/\"},{\"@type\":\"ListItem\",\"position\":2,\"name\":\"Frente fr\u00edo 6 ocasionar\u00e1 bajas temperaturas extremas durante 5 d\u00edas en 20 estados\"}]},{\"@type\":\"WebSite\",\"@id\":\"https:\\\/\\\/ferabrajan.com\\\/portal\\\/#website\",\"url\":\"https:\\\/\\\/ferabrajan.com\\\/portal\\\/\",\"name\":\"Fer Abrajan\",\"description\":\"Noticias de Puebla, opini\u00f3n y radio en vivo\",\"publisher\":{\"@id\":\"https:\\\/\\\/ferabrajan.com\\\/portal\\\/#organization\"},\"potentialAction\":[{\"@type\":\"SearchAction\",\"target\":{\"@type\":\"EntryPoint\",\"urlTemplate\":\"https:\\\/\\\/ferabrajan.com\\\/portal\\\/?s={search_term_string}\"},\"query-input\":{\"@type\":\"PropertyValueSpecification\",\"valueRequired\":true,\"valueName\":\"search_term_string\"}}],\"inLanguage\":\"es\"},{\"@type\":\"Organization\",\"@id\":\"https:\\\/\\\/ferabrajan.com\\\/portal\\\/#organization\",\"name\":\"Fer Abrajan\",\"url\":\"https:\\\/\\\/ferabrajan.com\\\/portal\\\/\",\"logo\":{\"@type\":\"ImageObject\",\"inLanguage\":\"es\",\"@id\":\"https:\\\/\\\/ferabrajan.com\\\/portal\\\/#\\\/schema\\\/logo\\\/image\\\/\",\"url\":\"https:\\\/\\\/ferabrajan.com\\\/portal\\\/wp-content\\\/uploads\\\/2024\\\/10\\\/cropped-logo.jpeg\",\"contentUrl\":\"https:\\\/\\\/ferabrajan.com\\\/portal\\\/wp-content\\\/uploads\\\/2024\\\/10\\\/cropped-logo.jpeg\",\"width\":500,\"height\":250,\"caption\":\"Fer Abrajan\"},\"image\":{\"@id\":\"https:\\\/\\\/ferabrajan.com\\\/portal\\\/#\\\/schema\\\/logo\\\/image\\\/\"},\"sameAs\":[\"https:\\\/\\\/www.facebook.com\\\/NoticiasconFerAbrajan\\\/\",\"https:\\\/\\\/x.com\\\/ferabrajan1\"]},{\"@type\":\"Person\",\"@id\":\"https:\\\/\\\/ferabrajan.com\\\/portal\\\/#\\\/schema\\\/person\\\/f6113b3cb1e036d5c6a9505685b257ba\",\"name\":\"admin\",\"image\":{\"@type\":\"ImageObject\",\"inLanguage\":\"es\",\"@id\":\"https:\\\/\\\/secure.gravatar.com\\\/avatar\\\/072baa72775aad53c748dfc5d3048578e01b6c087eef335459ebfa04344e2d18?s=96&d=mm&r=g\",\"url\":\"https:\\\/\\\/secure.gravatar.com\\\/avatar\\\/072baa72775aad53c748dfc5d3048578e01b6c087eef335459ebfa04344e2d18?s=96&d=mm&r=g\",\"contentUrl\":\"https:\\\/\\\/secure.gravatar.com\\\/avatar\\\/072baa72775aad53c748dfc5d3048578e01b6c087eef335459ebfa04344e2d18?s=96&d=mm&r=g\",\"caption\":\"admin\"},\"sameAs\":[\"https:\\\/\\\/ferabrajan.com\\\/portal\"],\"url\":\"https:\\\/\\\/ferabrajan.com\\\/portal\\\/author\\\/admin\\\/\"}]}<\/script>\n<!-- \/ Yoast SEO plugin. -->","yoast_head_json":{"title":"Frente fr\u00edo 6 ocasionar\u00e1 bajas temperaturas extremas durante 5 d\u00edas en 20 estados - Fer Abrajan","description":"El ingreso del frente fr\u00edo n\u00famero 6 provocar\u00e1 un descenso en la temperatura en gran parte del pa\u00eds, as\u00ed como heladas y fuertes vientos","robots":{"index":"index","follow":"follow","max-snippet":"max-snippet:-1","max-image-preview":"max-image-preview:large","max-video-preview":"max-video-preview:-1"},"canonical":"https:\/\/ferabrajan.com\/portal\/2024\/10\/29\/frente-frio-6-ocasionara-bajas-temperaturas-extremas-durante-5-dias-en-20-estados\/","og_locale":"es_ES","og_type":"article","og_title":"Frente fr\u00edo 6 ocasionar\u00e1 bajas temperaturas extremas durante 5 d\u00edas en 20 estados - Fer Abrajan","og_description":"El ingreso del frente fr\u00edo n\u00famero 6 provocar\u00e1 un descenso en la temperatura en gran parte del pa\u00eds, as\u00ed como heladas y fuertes vientos","og_url":"https:\/\/ferabrajan.com\/portal\/2024\/10\/29\/frente-frio-6-ocasionara-bajas-temperaturas-extremas-durante-5-dias-en-20-estados\/","og_site_name":"Fer Abrajan","article_publisher":"https:\/\/www.facebook.com\/NoticiasconFerAbrajan\/","article_published_time":"2024-10-29T14:24:50+00:00","article_modified_time":"2024-10-29T14:24:59+00:00","og_image":[{"width":1024,"height":683,"url":"https:\/\/ferabrajan.com\/portal\/wp-content\/uploads\/2024\/10\/25604be0-28fa-41a2-93cb-ff708160da2b.jpg","type":"image\/jpeg"}],"author":"admin","twitter_card":"summary_large_image","twitter_creator":"@ferabrajan1","twitter_site":"@ferabrajan1","twitter_misc":{"Escrito por":"admin","Tiempo de lectura":"3 minutos"},"schema":{"@context":"https:\/\/schema.org","@graph":[{"@type":"Article","@id":"https:\/\/ferabrajan.com\/portal\/2024\/10\/29\/frente-frio-6-ocasionara-bajas-temperaturas-extremas-durante-5-dias-en-20-estados\/#article","isPartOf":{"@id":"https:\/\/ferabrajan.com\/portal\/2024\/10\/29\/frente-frio-6-ocasionara-bajas-temperaturas-extremas-durante-5-dias-en-20-estados\/"},"author":{"name":"admin","@id":"https:\/\/ferabrajan.com\/portal\/#\/schema\/person\/f6113b3cb1e036d5c6a9505685b257ba"},"headline":"Frente fr\u00edo 6 ocasionar\u00e1 bajas temperaturas extremas durante 5 d\u00edas en 20 estados","datePublished":"2024-10-29T14:24:50+00:00","dateModified":"2024-10-29T14:24:59+00:00","mainEntityOfPage":{"@id":"https:\/\/ferabrajan.com\/portal\/2024\/10\/29\/frente-frio-6-ocasionara-bajas-temperaturas-extremas-durante-5-dias-en-20-estados\/"},"wordCount":488,"publisher":{"@id":"https:\/\/ferabrajan.com\/portal\/#organization"},"image":{"@id":"https:\/\/ferabrajan.com\/portal\/2024\/10\/29\/frente-frio-6-ocasionara-bajas-temperaturas-extremas-durante-5-dias-en-20-estados\/#primaryimage"},"thumbnailUrl":"https:\/\/ferabrajan.com\/portal\/wp-content\/uploads\/2024\/10\/25604be0-28fa-41a2-93cb-ff708160da2b.jpg","keywords":["clima","frente fr\u00edo"],"articleSection":["Nacional","Principal"],"inLanguage":"es"},{"@type":"WebPage","@id":"https:\/\/ferabrajan.com\/portal\/2024\/10\/29\/frente-frio-6-ocasionara-bajas-temperaturas-extremas-durante-5-dias-en-20-estados\/","url":"https:\/\/ferabrajan.com\/portal\/2024\/10\/29\/frente-frio-6-ocasionara-bajas-temperaturas-extremas-durante-5-dias-en-20-estados\/","name":"Frente fr\u00edo 6 ocasionar\u00e1 bajas temperaturas extremas durante 5 d\u00edas en 20 estados - Fer Abrajan","isPartOf":{"@id":"https:\/\/ferabrajan.com\/portal\/#website"},"primaryImageOfPage":{"@id":"https:\/\/ferabrajan.com\/portal\/2024\/10\/29\/frente-frio-6-ocasionara-bajas-temperaturas-extremas-durante-5-dias-en-20-estados\/#primaryimage"},"image":{"@id":"https:\/\/ferabrajan.com\/portal\/2024\/10\/29\/frente-frio-6-ocasionara-bajas-temperaturas-extremas-durante-5-dias-en-20-estados\/#primaryimage"},"thumbnailUrl":"https:\/\/ferabrajan.com\/portal\/wp-content\/uploads\/2024\/10\/25604be0-28fa-41a2-93cb-ff708160da2b.jpg","datePublished":"2024-10-29T14:24:50+00:00","dateModified":"2024-10-29T14:24:59+00:00","description":"El ingreso del frente fr\u00edo n\u00famero 6 provocar\u00e1 un descenso en la temperatura en gran parte del pa\u00eds, as\u00ed como heladas y fuertes vientos","breadcrumb":{"@id":"https:\/\/ferabrajan.com\/portal\/2024\/10\/29\/frente-frio-6-ocasionara-bajas-temperaturas-extremas-durante-5-dias-en-20-estados\/#breadcrumb"},"inLanguage":"es","potentialAction":[{"@type":"ReadAction","target":["https:\/\/ferabrajan.com\/portal\/2024\/10\/29\/frente-frio-6-ocasionara-bajas-temperaturas-extremas-durante-5-dias-en-20-estados\/"]}]},{"@type":"ImageObject","inLanguage":"es","@id":"https:\/\/ferabrajan.com\/portal\/2024\/10\/29\/frente-frio-6-ocasionara-bajas-temperaturas-extremas-durante-5-dias-en-20-estados\/#primaryimage","url":"https:\/\/ferabrajan.com\/portal\/wp-content\/uploads\/2024\/10\/25604be0-28fa-41a2-93cb-ff708160da2b.jpg","contentUrl":"https:\/\/ferabrajan.com\/portal\/wp-content\/uploads\/2024\/10\/25604be0-28fa-41a2-93cb-ff708160da2b.jpg","width":1024,"height":683},{"@type":"BreadcrumbList","@id":"https:\/\/ferabrajan.com\/portal\/2024\/10\/29\/frente-frio-6-ocasionara-bajas-temperaturas-extremas-durante-5-dias-en-20-estados\/#breadcrumb","itemListElement":[{"@type":"ListItem","position":1,"name":"Portada","item":"https:\/\/ferabrajan.com\/portal\/"},{"@type":"ListItem","position":2,"name":"Frente fr\u00edo 6 ocasionar\u00e1 bajas temperaturas extremas durante 5 d\u00edas en 20 estados"}]},{"@type":"WebSite","@id":"https:\/\/ferabrajan.com\/portal\/#website","url":"https:\/\/ferabrajan.com\/portal\/","name":"Fer Abrajan","description":"Noticias de Puebla, opini\u00f3n y radio en vivo","publisher":{"@id":"https:\/\/ferabrajan.com\/portal\/#organization"},"potentialAction":[{"@type":"SearchAction","target":{"@type":"EntryPoint","urlTemplate":"https:\/\/ferabrajan.com\/portal\/?s={search_term_string}"},"query-input":{"@type":"PropertyValueSpecification","valueRequired":true,"valueName":"search_term_string"}}],"inLanguage":"es"},{"@type":"Organization","@id":"https:\/\/ferabrajan.com\/portal\/#organization","name":"Fer Abrajan","url":"https:\/\/ferabrajan.com\/portal\/","logo":{"@type":"ImageObject","inLanguage":"es","@id":"https:\/\/ferabrajan.com\/portal\/#\/schema\/logo\/image\/","url":"https:\/\/ferabrajan.com\/portal\/wp-content\/uploads\/2024\/10\/cropped-logo.jpeg","contentUrl":"https:\/\/ferabrajan.com\/portal\/wp-content\/uploads\/2024\/10\/cropped-logo.jpeg","width":500,"height":250,"caption":"Fer Abrajan"},"image":{"@id":"https:\/\/ferabrajan.com\/portal\/#\/schema\/logo\/image\/"},"sameAs":["https:\/\/www.facebook.com\/NoticiasconFerAbrajan\/","https:\/\/x.com\/ferabrajan1"]},{"@type":"Person","@id":"https:\/\/ferabrajan.com\/portal\/#\/schema\/person\/f6113b3cb1e036d5c6a9505685b257ba","name":"admin","image":{"@type":"ImageObject","inLanguage":"es","@id":"https:\/\/secure.gravatar.com\/avatar\/072baa72775aad53c748dfc5d3048578e01b6c087eef335459ebfa04344e2d18?s=96&d=mm&r=g","url":"https:\/\/secure.gravatar.com\/avatar\/072baa72775aad53c748dfc5d3048578e01b6c087eef335459ebfa04344e2d18?s=96&d=mm&r=g","contentUrl":"https:\/\/secure.gravatar.com\/avatar\/072baa72775aad53c748dfc5d3048578e01b6c087eef335459ebfa04344e2d18?s=96&d=mm&r=g","caption":"admin"},"sameAs":["https:\/\/ferabrajan.com\/portal"],"url":"https:\/\/ferabrajan.com\/portal\/author\/admin\/"}]}},"_links":{"self":[{"href":"https:\/\/ferabrajan.com\/portal\/wp-json\/wp\/v2\/posts\/65819","targetHints":{"allow":["GET"]}}],"collection":[{"href":"https:\/\/ferabrajan.com\/portal\/wp-json\/wp\/v2\/posts"}],"about":[{"href":"https:\/\/ferabrajan.com\/portal\/wp-json\/wp\/v2\/types\/post"}],"author":[{"embeddable":true,"href":"https:\/\/ferabrajan.com\/portal\/wp-json\/wp\/v2\/users\/1"}],"replies":[{"embeddable":true,"href":"https:\/\/ferabrajan.com\/portal\/wp-json\/wp\/v2\/comments?post=65819"}],"version-history":[{"count":0,"href":"https:\/\/ferabrajan.com\/portal\/wp-json\/wp\/v2\/posts\/65819\/revisions"}],"wp:featuredmedia":[{"embeddable":true,"href":"https:\/\/ferabrajan.com\/portal\/wp-json\/wp\/v2\/media\/65820"}],"wp:attachment":[{"href":"https:\/\/ferabrajan.com\/portal\/wp-json\/wp\/v2\/media?parent=65819"}],"wp:term":[{"taxonomy":"category","embeddable":true,"href":"https:\/\/ferabrajan.com\/portal\/wp-json\/wp\/v2\/categories?post=65819"},{"taxonomy":"post_tag","embeddable":true,"href":"https:\/\/ferabrajan.com\/portal\/wp-json\/wp\/v2\/tags?post=65819"}],"curies":[{"name":"wp","href":"https:\/\/api.w.org\/{rel}","templated":true}]}}