{"id":65457,"date":"2024-10-16T14:32:31","date_gmt":"2024-10-16T14:32:31","guid":{"rendered":"https:\/\/ferabrajan.com\/portal\/?p=65457"},"modified":"2024-10-16T14:32:40","modified_gmt":"2024-10-16T14:32:40","slug":"dos-frentes-frios-congelaran-mexico-cuando-se-unen-y-que-estados-dejaran-bajo-los-0-grados","status":"publish","type":"post","link":"https:\/\/ferabrajan.com\/portal\/2024\/10\/16\/dos-frentes-frios-congelaran-mexico-cuando-se-unen-y-que-estados-dejaran-bajo-los-0-grados\/","title":{"rendered":"Dos frentes fr\u00edos \u00abcongelar\u00e1n\u00bb M\u00e9xico: \u00bfcu\u00e1ndo se unen y qu\u00e9 estados dejar\u00e1n bajo los 0 grados?\u00a0"},"content":{"rendered":"\n<p class=\"wp-block-paragraph\">La temporada de<strong>\u00a0frentes fr\u00edos\u00a0<\/strong>sigue en M\u00e9xico y el Servicio Meteorol\u00f3gico Nacional (SMN) inform\u00f3 que este mi\u00e9rcoles 16 de octubre el\u00a0<strong>frente fr\u00edo cuatro\u00a0<\/strong>ingresar\u00e1 sobre el norte y noreste de M\u00e9xico. Sin embargo, tambi\u00e9n dio a conocer que durante las siguientes jornadas se aproximar\u00e1 un nuevo\u00a0sistema frontal\u00a0que generar\u00e1 impactos en la Rep\u00fablica. \u00bfEn qu\u00e9 fecha podr\u00edan coincidir y qu\u00e9\u00a0<strong>estados<\/strong>\u00a0ser\u00e1n los m\u00e1s afectados?\u00a0 Te damos los detalles.<\/p>\n\n\n\n<p class=\"wp-block-paragraph\">Pero antes de eso, es importante considerar que de acuerdo con la informaci\u00f3n de la Comisi\u00f3n Nacional del Agua (Conagua), los\u00a0<strong>frentes fr\u00edos<\/strong>\u00a0hacen referencia a la parte delantera de una masa de aire polar provocando un\u00a0descenso en las temperaturas\u00a0de las regiones en las que pasa.\u00a0<\/p>\n\n\n\n<p class=\"wp-block-paragraph\">Para la temporada 2024-2025, las autoridades del SMN tienen pronosticados un total de&nbsp;<strong>48 sistemas frontales<\/strong>&nbsp;as\u00ed como siete&nbsp;<strong>tormentas invernales<\/strong>. Ante esta situaci\u00f3n, se recomiendan seguir algunas medidas preventivas, entre las que destacan las siguientes:&nbsp;<\/p>\n\n\n\n<ul class=\"wp-block-list\">\n<li>bajas temperaturas<\/li>\n\n\n\n<li>heladas<\/li>\n\n\n\n<li>fuertes vientos<\/li>\n\n\n\n<li>altos oleajes<\/li>\n\n\n\n<li>nevadas<\/li>\n\n\n\n<li>lluvias intensas<\/li>\n<\/ul>\n\n\n\n<h2 class=\"wp-block-heading\">\u00bfCu\u00e1ndo se unen los frentes fr\u00edos y qu\u00e9 estados dejar\u00e1n bajo los 0 grados?&nbsp;<\/h2>\n\n\n\n<p class=\"wp-block-paragraph\"><img decoding=\"async\" src=\"https:\/\/img-s-msn-com.akamaized.net\/tenant\/amp\/entityid\/AA1slhW0.img?w=768&amp;h=502&amp;m=6\" alt=\"El viernes ambos sistemas estar\u00e1n cerca del territorio. Cr\u00e9ditos: SMN.\"><\/p>\n\n\n\n<p class=\"wp-block-paragraph\">El viernes ambos sistemas estar\u00e1n cerca del territorio. Cr\u00e9ditos: SMN.<\/p>\n\n\n\n<p class=\"wp-block-paragraph\">Seg\u00fan la informaci\u00f3n compartida por el SMN, ser\u00e1 el pr\u00f3ximo<strong>&nbsp;viernes 18 de octubre&nbsp;<\/strong>cuando los efectos de ambos<strong>&nbsp;frentes fr\u00edos<\/strong>&nbsp;tomen fuerza. \u00bfLa raz\u00f3n? Seg\u00fan los informes oficiales, el&nbsp;<strong>sistema frontal&nbsp;<\/strong>cuatro seguir\u00e1 a lo largo del sureste de M\u00e9xico y la Pen\u00ednsula de Yucat\u00e1n pero ya con caracter\u00edsticas de estacionario.&nbsp;<\/p>\n\n\n\n<p class=\"wp-block-paragraph\">Mientras tanto, a lo largo de esa misma jornada, las autoridades de la Conagua tienen contemplado que un nuevo&nbsp;<strong>frente fr\u00edo&nbsp;<\/strong>\u2014asociado con una baja presi\u00f3n en niveles medios y altos de la atm\u00f3sfera\u2014 se establezca en el noroeste del territorio nacional y genere fuertes vientos y una ca\u00edda considerable en las&nbsp;<strong>temperaturas<\/strong>.<\/p>\n\n\n\n<h2 class=\"wp-block-heading\">\u00bfQu\u00e9 estados se congelar\u00e1n por los frentes fr\u00edos?<\/h2>\n\n\n\n<p class=\"wp-block-paragraph\"><img decoding=\"async\" src=\"https:\/\/img-s-msn-com.akamaized.net\/tenant\/amp\/entityid\/AA1slhW5.img?w=768&amp;h=439&amp;m=6\" alt=\"Ocho estados corren el riesgo de registrar m\u00ednimas de entre los menos cinco y los cero grados Celsius.Cr\u00e9ditos: Cuartoscuro.\"><\/p>\n\n\n\n<p class=\"wp-block-paragraph\">Ocho estados corren el riesgo de registrar m\u00ednimas de entre los menos cinco y los cero grados Celsius.Cr\u00e9ditos: Cuartoscuro.<\/p>\n\n\n\n<p class=\"wp-block-paragraph\">Tomando en cuenta que el pron\u00f3stico extendido de 96 horas elaborado por el SMN indica que ser\u00e1 el pr\u00f3ximo viernes cuando probablemente los dos\u00a0<strong>frentes fr\u00edos\u00a0<\/strong>tengan paso por el pa\u00eds, es importante mencionar que durante la madrugada de ese d\u00eda, las zonas monta\u00f1osas de 12\u00a0<strong>estados<\/strong>\u00a0del pa\u00eds podr\u00edan alcanzar temperaturas m\u00ednimas de entre los\u00a0<strong>cero<\/strong>\u00a0y los<strong>\u00a0cinco grados Celsius<\/strong>:\u00a0<\/p>\n\n\n\n<p class=\"wp-block-paragraph\"><a href=\"https:\/\/cdn.mediago.io\/js\/officialWebsite\/privacy.html\" target=\"_blank\" rel=\"noreferrer noopener\"><\/a><\/p>\n\n\n\n<ul class=\"wp-block-list\">\n<li>Sonora<\/li>\n\n\n\n<li>Coahuila<\/li>\n\n\n\n<li>Nuevo Le\u00f3n<\/li>\n\n\n\n<li>Tamaulipas<\/li>\n\n\n\n<li>San Luis Potos\u00ed<\/li>\n\n\n\n<li>Zacatecas<\/li>\n\n\n\n<li>Aguascalientes<\/li>\n\n\n\n<li>Jalisco<\/li>\n\n\n\n<li>Guanajuato<\/li>\n\n\n\n<li>Quer\u00e9taro<\/li>\n\n\n\n<li>Veracruz<\/li>\n\n\n\n<li>Oaxaca<\/li>\n<\/ul>\n\n\n\n<p class=\"wp-block-paragraph\">Mientras tanto, otras ocho demarcaciones corren el riesgo de presentar&nbsp;<strong>fr\u00edo<\/strong>&nbsp;m\u00e1s extremo y registrar m\u00ednimas de entre los menos&nbsp;<strong>cinco<\/strong>&nbsp;y los&nbsp;<strong>cero grados Celsius<\/strong>.&nbsp;Se tratan de Baja California, Chihuahua, Durango, Michoac\u00e1n, Estado de M\u00e9xico, Tlaxcala, Puebla e Hidalgo.<\/p>\n\n\n\n<h2 class=\"wp-block-heading\">MAPA de estados que bajar\u00e1n sus temperaturas con los frentes fr\u00edos<\/h2>\n\n\n\n<figure class=\"wp-block-image size-full\"><img fetchpriority=\"high\" decoding=\"async\" width=\"767\" height=\"567\" src=\"https:\/\/ferabrajan.com\/portal\/wp-content\/uploads\/2024\/10\/potencial_tormentas-3-1.jpg\" alt=\"\" class=\"wp-image-65459\" srcset=\"https:\/\/ferabrajan.com\/portal\/wp-content\/uploads\/2024\/10\/potencial_tormentas-3-1.jpg 767w, https:\/\/ferabrajan.com\/portal\/wp-content\/uploads\/2024\/10\/potencial_tormentas-3-1-300x222.jpg 300w\" sizes=\"(max-width: 767px) 100vw, 767px\" \/><\/figure>\n\n\n\n<p class=\"wp-block-paragraph\">Con Informaci\u00f3n de: <a href=\"https:\/\/www.msn.com\/es-mx\/noticias\/mexico\/dos-frentes-fr%C3%ADos-congelar%C3%A1n-m%C3%A9xico-cu%C3%A1ndo-se-unen-y-qu%C3%A9-estados-dejar%C3%A1n-bajo-los-0-grados-mapa\/ar-AA1slmd5?ocid=msedgdhp&amp;pc=U531&amp;cvid=fdd3bb3186ae4703942df5b095e75598&amp;ei=37#\">https:\/\/www.msn.com\/es-mx\/noticias\/mexico\/dos-frentes-fr%C3%ADos-congelar%C3%A1n-m%C3%A9xico-cu%C3%A1ndo-se-unen-y-qu%C3%A9-estados-dejar%C3%A1n-bajo-los-0-grados-mapa\/ar-AA1slmd5?ocid=msedgdhp&amp;pc=U531&amp;cvid=fdd3bb3186ae4703942df5b095e75598&amp;ei=37#<\/a><\/p>\n\n\n\n<p class=\"wp-block-paragraph\"><\/p>\n","protected":false},"excerpt":{"rendered":"<p>Para la temporada 2024-2025, las autoridades del SMN tienen pronosticados un total de 48 sistemas frontales as\u00ed como siete tormentas invernales.<\/p>\n","protected":false},"author":1,"featured_media":65460,"comment_status":"closed","ping_status":"closed","sticky":false,"template":"","format":"standard","meta":{"_monsterinsights_skip_tracking":false,"_uf_show_specific_survey":0,"_uf_disable_surveys":false,"footnotes":""},"categories":[52,585],"tags":[26,1923],"class_list":["post-65457","post","type-post","status-publish","format-standard","has-post-thumbnail","hentry","category-nacional","category-principal","tag-puebla","tag-tormenta-invernal"],"yoast_head":"<!-- This site is optimized with the Yoast SEO plugin v27.5 - https:\/\/yoast.com\/product\/yoast-seo-wordpress\/ -->\n<title>Dos frentes fr\u00edos &quot;congelar\u00e1n&quot; M\u00e9xico: \u00bfcu\u00e1ndo se unen y qu\u00e9 estados dejar\u00e1n bajo los 0 grados?\u00a0 - Fer Abrajan<\/title>\n<meta name=\"description\" content=\"Para la temporada 2024-2025, las autoridades del SMN tienen pronosticados un total de 48 sistemas frontales as\u00ed como siete tormentas invernales.\" \/>\n<meta name=\"robots\" content=\"index, follow, max-snippet:-1, max-image-preview:large, max-video-preview:-1\" \/>\n<link rel=\"canonical\" href=\"https:\/\/ferabrajan.com\/portal\/2024\/10\/16\/dos-frentes-frios-congelaran-mexico-cuando-se-unen-y-que-estados-dejaran-bajo-los-0-grados\/\" \/>\n<meta property=\"og:locale\" content=\"es_ES\" \/>\n<meta property=\"og:type\" content=\"article\" \/>\n<meta property=\"og:title\" content=\"Dos frentes fr\u00edos &quot;congelar\u00e1n&quot; M\u00e9xico: \u00bfcu\u00e1ndo se unen y qu\u00e9 estados dejar\u00e1n bajo los 0 grados?\u00a0 - Fer Abrajan\" \/>\n<meta property=\"og:description\" content=\"Para la temporada 2024-2025, las autoridades del SMN tienen pronosticados un total de 48 sistemas frontales as\u00ed como siete tormentas invernales.\" \/>\n<meta property=\"og:url\" content=\"https:\/\/ferabrajan.com\/portal\/2024\/10\/16\/dos-frentes-frios-congelaran-mexico-cuando-se-unen-y-que-estados-dejaran-bajo-los-0-grados\/\" \/>\n<meta property=\"og:site_name\" content=\"Fer Abrajan\" \/>\n<meta property=\"article:publisher\" content=\"https:\/\/www.facebook.com\/NoticiasconFerAbrajan\/\" \/>\n<meta property=\"article:published_time\" content=\"2024-10-16T14:32:31+00:00\" \/>\n<meta property=\"article:modified_time\" content=\"2024-10-16T14:32:40+00:00\" \/>\n<meta property=\"og:image\" content=\"https:\/\/ferabrajan.com\/portal\/wp-content\/uploads\/2024\/10\/AA1slhVN.jpg\" \/>\n\t<meta property=\"og:image:width\" content=\"768\" \/>\n\t<meta property=\"og:image:height\" content=\"461\" \/>\n\t<meta property=\"og:image:type\" content=\"image\/jpeg\" \/>\n<meta name=\"author\" content=\"admin\" \/>\n<meta name=\"twitter:card\" content=\"summary_large_image\" \/>\n<meta name=\"twitter:creator\" content=\"@ferabrajan1\" \/>\n<meta name=\"twitter:site\" content=\"@ferabrajan1\" \/>\n<meta name=\"twitter:label1\" content=\"Escrito por\" \/>\n\t<meta name=\"twitter:data1\" content=\"admin\" \/>\n\t<meta name=\"twitter:label2\" content=\"Tiempo de lectura\" \/>\n\t<meta name=\"twitter:data2\" content=\"3 minutos\" \/>\n<script type=\"application\/ld+json\" class=\"yoast-schema-graph\">{\"@context\":\"https:\\\/\\\/schema.org\",\"@graph\":[{\"@type\":\"Article\",\"@id\":\"https:\\\/\\\/ferabrajan.com\\\/portal\\\/2024\\\/10\\\/16\\\/dos-frentes-frios-congelaran-mexico-cuando-se-unen-y-que-estados-dejaran-bajo-los-0-grados\\\/#article\",\"isPartOf\":{\"@id\":\"https:\\\/\\\/ferabrajan.com\\\/portal\\\/2024\\\/10\\\/16\\\/dos-frentes-frios-congelaran-mexico-cuando-se-unen-y-que-estados-dejaran-bajo-los-0-grados\\\/\"},\"author\":{\"name\":\"admin\",\"@id\":\"https:\\\/\\\/ferabrajan.com\\\/portal\\\/#\\\/schema\\\/person\\\/f6113b3cb1e036d5c6a9505685b257ba\"},\"headline\":\"Dos frentes fr\u00edos \u00abcongelar\u00e1n\u00bb M\u00e9xico: \u00bfcu\u00e1ndo se unen y qu\u00e9 estados dejar\u00e1n bajo los 0 grados?\u00a0\",\"datePublished\":\"2024-10-16T14:32:31+00:00\",\"dateModified\":\"2024-10-16T14:32:40+00:00\",\"mainEntityOfPage\":{\"@id\":\"https:\\\/\\\/ferabrajan.com\\\/portal\\\/2024\\\/10\\\/16\\\/dos-frentes-frios-congelaran-mexico-cuando-se-unen-y-que-estados-dejaran-bajo-los-0-grados\\\/\"},\"wordCount\":590,\"publisher\":{\"@id\":\"https:\\\/\\\/ferabrajan.com\\\/portal\\\/#organization\"},\"image\":{\"@id\":\"https:\\\/\\\/ferabrajan.com\\\/portal\\\/2024\\\/10\\\/16\\\/dos-frentes-frios-congelaran-mexico-cuando-se-unen-y-que-estados-dejaran-bajo-los-0-grados\\\/#primaryimage\"},\"thumbnailUrl\":\"https:\\\/\\\/ferabrajan.com\\\/portal\\\/wp-content\\\/uploads\\\/2024\\\/10\\\/AA1slhVN.jpg\",\"keywords\":[\"puebla\",\"Tormenta Invernal\"],\"articleSection\":[\"Nacional\",\"Principal\"],\"inLanguage\":\"es\"},{\"@type\":\"WebPage\",\"@id\":\"https:\\\/\\\/ferabrajan.com\\\/portal\\\/2024\\\/10\\\/16\\\/dos-frentes-frios-congelaran-mexico-cuando-se-unen-y-que-estados-dejaran-bajo-los-0-grados\\\/\",\"url\":\"https:\\\/\\\/ferabrajan.com\\\/portal\\\/2024\\\/10\\\/16\\\/dos-frentes-frios-congelaran-mexico-cuando-se-unen-y-que-estados-dejaran-bajo-los-0-grados\\\/\",\"name\":\"Dos frentes fr\u00edos \\\"congelar\u00e1n\\\" M\u00e9xico: \u00bfcu\u00e1ndo se unen y qu\u00e9 estados dejar\u00e1n bajo los 0 grados?\u00a0 - Fer Abrajan\",\"isPartOf\":{\"@id\":\"https:\\\/\\\/ferabrajan.com\\\/portal\\\/#website\"},\"primaryImageOfPage\":{\"@id\":\"https:\\\/\\\/ferabrajan.com\\\/portal\\\/2024\\\/10\\\/16\\\/dos-frentes-frios-congelaran-mexico-cuando-se-unen-y-que-estados-dejaran-bajo-los-0-grados\\\/#primaryimage\"},\"image\":{\"@id\":\"https:\\\/\\\/ferabrajan.com\\\/portal\\\/2024\\\/10\\\/16\\\/dos-frentes-frios-congelaran-mexico-cuando-se-unen-y-que-estados-dejaran-bajo-los-0-grados\\\/#primaryimage\"},\"thumbnailUrl\":\"https:\\\/\\\/ferabrajan.com\\\/portal\\\/wp-content\\\/uploads\\\/2024\\\/10\\\/AA1slhVN.jpg\",\"datePublished\":\"2024-10-16T14:32:31+00:00\",\"dateModified\":\"2024-10-16T14:32:40+00:00\",\"description\":\"Para la temporada 2024-2025, las autoridades del SMN tienen pronosticados un total de 48 sistemas frontales as\u00ed como siete tormentas invernales.\",\"breadcrumb\":{\"@id\":\"https:\\\/\\\/ferabrajan.com\\\/portal\\\/2024\\\/10\\\/16\\\/dos-frentes-frios-congelaran-mexico-cuando-se-unen-y-que-estados-dejaran-bajo-los-0-grados\\\/#breadcrumb\"},\"inLanguage\":\"es\",\"potentialAction\":[{\"@type\":\"ReadAction\",\"target\":[\"https:\\\/\\\/ferabrajan.com\\\/portal\\\/2024\\\/10\\\/16\\\/dos-frentes-frios-congelaran-mexico-cuando-se-unen-y-que-estados-dejaran-bajo-los-0-grados\\\/\"]}]},{\"@type\":\"ImageObject\",\"inLanguage\":\"es\",\"@id\":\"https:\\\/\\\/ferabrajan.com\\\/portal\\\/2024\\\/10\\\/16\\\/dos-frentes-frios-congelaran-mexico-cuando-se-unen-y-que-estados-dejaran-bajo-los-0-grados\\\/#primaryimage\",\"url\":\"https:\\\/\\\/ferabrajan.com\\\/portal\\\/wp-content\\\/uploads\\\/2024\\\/10\\\/AA1slhVN.jpg\",\"contentUrl\":\"https:\\\/\\\/ferabrajan.com\\\/portal\\\/wp-content\\\/uploads\\\/2024\\\/10\\\/AA1slhVN.jpg\",\"width\":768,\"height\":461},{\"@type\":\"BreadcrumbList\",\"@id\":\"https:\\\/\\\/ferabrajan.com\\\/portal\\\/2024\\\/10\\\/16\\\/dos-frentes-frios-congelaran-mexico-cuando-se-unen-y-que-estados-dejaran-bajo-los-0-grados\\\/#breadcrumb\",\"itemListElement\":[{\"@type\":\"ListItem\",\"position\":1,\"name\":\"Portada\",\"item\":\"https:\\\/\\\/ferabrajan.com\\\/portal\\\/\"},{\"@type\":\"ListItem\",\"position\":2,\"name\":\"Dos frentes fr\u00edos &#8220;congelar\u00e1n&#8221; M\u00e9xico: \u00bfcu\u00e1ndo se unen y qu\u00e9 estados dejar\u00e1n bajo los 0 grados?\u00a0\"}]},{\"@type\":\"WebSite\",\"@id\":\"https:\\\/\\\/ferabrajan.com\\\/portal\\\/#website\",\"url\":\"https:\\\/\\\/ferabrajan.com\\\/portal\\\/\",\"name\":\"Fer Abrajan\",\"description\":\"Noticias de Puebla, opini\u00f3n y radio en vivo\",\"publisher\":{\"@id\":\"https:\\\/\\\/ferabrajan.com\\\/portal\\\/#organization\"},\"potentialAction\":[{\"@type\":\"SearchAction\",\"target\":{\"@type\":\"EntryPoint\",\"urlTemplate\":\"https:\\\/\\\/ferabrajan.com\\\/portal\\\/?s={search_term_string}\"},\"query-input\":{\"@type\":\"PropertyValueSpecification\",\"valueRequired\":true,\"valueName\":\"search_term_string\"}}],\"inLanguage\":\"es\"},{\"@type\":\"Organization\",\"@id\":\"https:\\\/\\\/ferabrajan.com\\\/portal\\\/#organization\",\"name\":\"Fer Abrajan\",\"url\":\"https:\\\/\\\/ferabrajan.com\\\/portal\\\/\",\"logo\":{\"@type\":\"ImageObject\",\"inLanguage\":\"es\",\"@id\":\"https:\\\/\\\/ferabrajan.com\\\/portal\\\/#\\\/schema\\\/logo\\\/image\\\/\",\"url\":\"https:\\\/\\\/ferabrajan.com\\\/portal\\\/wp-content\\\/uploads\\\/2024\\\/10\\\/cropped-logo.jpeg\",\"contentUrl\":\"https:\\\/\\\/ferabrajan.com\\\/portal\\\/wp-content\\\/uploads\\\/2024\\\/10\\\/cropped-logo.jpeg\",\"width\":500,\"height\":250,\"caption\":\"Fer Abrajan\"},\"image\":{\"@id\":\"https:\\\/\\\/ferabrajan.com\\\/portal\\\/#\\\/schema\\\/logo\\\/image\\\/\"},\"sameAs\":[\"https:\\\/\\\/www.facebook.com\\\/NoticiasconFerAbrajan\\\/\",\"https:\\\/\\\/x.com\\\/ferabrajan1\"]},{\"@type\":\"Person\",\"@id\":\"https:\\\/\\\/ferabrajan.com\\\/portal\\\/#\\\/schema\\\/person\\\/f6113b3cb1e036d5c6a9505685b257ba\",\"name\":\"admin\",\"image\":{\"@type\":\"ImageObject\",\"inLanguage\":\"es\",\"@id\":\"https:\\\/\\\/secure.gravatar.com\\\/avatar\\\/072baa72775aad53c748dfc5d3048578e01b6c087eef335459ebfa04344e2d18?s=96&d=mm&r=g\",\"url\":\"https:\\\/\\\/secure.gravatar.com\\\/avatar\\\/072baa72775aad53c748dfc5d3048578e01b6c087eef335459ebfa04344e2d18?s=96&d=mm&r=g\",\"contentUrl\":\"https:\\\/\\\/secure.gravatar.com\\\/avatar\\\/072baa72775aad53c748dfc5d3048578e01b6c087eef335459ebfa04344e2d18?s=96&d=mm&r=g\",\"caption\":\"admin\"},\"sameAs\":[\"https:\\\/\\\/ferabrajan.com\\\/portal\"],\"url\":\"https:\\\/\\\/ferabrajan.com\\\/portal\\\/author\\\/admin\\\/\"}]}<\/script>\n<!-- \/ Yoast SEO plugin. -->","yoast_head_json":{"title":"Dos frentes fr\u00edos \"congelar\u00e1n\" M\u00e9xico: \u00bfcu\u00e1ndo se unen y qu\u00e9 estados dejar\u00e1n bajo los 0 grados?\u00a0 - Fer Abrajan","description":"Para la temporada 2024-2025, las autoridades del SMN tienen pronosticados un total de 48 sistemas frontales as\u00ed como siete tormentas invernales.","robots":{"index":"index","follow":"follow","max-snippet":"max-snippet:-1","max-image-preview":"max-image-preview:large","max-video-preview":"max-video-preview:-1"},"canonical":"https:\/\/ferabrajan.com\/portal\/2024\/10\/16\/dos-frentes-frios-congelaran-mexico-cuando-se-unen-y-que-estados-dejaran-bajo-los-0-grados\/","og_locale":"es_ES","og_type":"article","og_title":"Dos frentes fr\u00edos \"congelar\u00e1n\" M\u00e9xico: \u00bfcu\u00e1ndo se unen y qu\u00e9 estados dejar\u00e1n bajo los 0 grados?\u00a0 - Fer Abrajan","og_description":"Para la temporada 2024-2025, las autoridades del SMN tienen pronosticados un total de 48 sistemas frontales as\u00ed como siete tormentas invernales.","og_url":"https:\/\/ferabrajan.com\/portal\/2024\/10\/16\/dos-frentes-frios-congelaran-mexico-cuando-se-unen-y-que-estados-dejaran-bajo-los-0-grados\/","og_site_name":"Fer Abrajan","article_publisher":"https:\/\/www.facebook.com\/NoticiasconFerAbrajan\/","article_published_time":"2024-10-16T14:32:31+00:00","article_modified_time":"2024-10-16T14:32:40+00:00","og_image":[{"width":768,"height":461,"url":"https:\/\/ferabrajan.com\/portal\/wp-content\/uploads\/2024\/10\/AA1slhVN.jpg","type":"image\/jpeg"}],"author":"admin","twitter_card":"summary_large_image","twitter_creator":"@ferabrajan1","twitter_site":"@ferabrajan1","twitter_misc":{"Escrito por":"admin","Tiempo de lectura":"3 minutos"},"schema":{"@context":"https:\/\/schema.org","@graph":[{"@type":"Article","@id":"https:\/\/ferabrajan.com\/portal\/2024\/10\/16\/dos-frentes-frios-congelaran-mexico-cuando-se-unen-y-que-estados-dejaran-bajo-los-0-grados\/#article","isPartOf":{"@id":"https:\/\/ferabrajan.com\/portal\/2024\/10\/16\/dos-frentes-frios-congelaran-mexico-cuando-se-unen-y-que-estados-dejaran-bajo-los-0-grados\/"},"author":{"name":"admin","@id":"https:\/\/ferabrajan.com\/portal\/#\/schema\/person\/f6113b3cb1e036d5c6a9505685b257ba"},"headline":"Dos frentes fr\u00edos \u00abcongelar\u00e1n\u00bb M\u00e9xico: \u00bfcu\u00e1ndo se unen y qu\u00e9 estados dejar\u00e1n bajo los 0 grados?\u00a0","datePublished":"2024-10-16T14:32:31+00:00","dateModified":"2024-10-16T14:32:40+00:00","mainEntityOfPage":{"@id":"https:\/\/ferabrajan.com\/portal\/2024\/10\/16\/dos-frentes-frios-congelaran-mexico-cuando-se-unen-y-que-estados-dejaran-bajo-los-0-grados\/"},"wordCount":590,"publisher":{"@id":"https:\/\/ferabrajan.com\/portal\/#organization"},"image":{"@id":"https:\/\/ferabrajan.com\/portal\/2024\/10\/16\/dos-frentes-frios-congelaran-mexico-cuando-se-unen-y-que-estados-dejaran-bajo-los-0-grados\/#primaryimage"},"thumbnailUrl":"https:\/\/ferabrajan.com\/portal\/wp-content\/uploads\/2024\/10\/AA1slhVN.jpg","keywords":["puebla","Tormenta Invernal"],"articleSection":["Nacional","Principal"],"inLanguage":"es"},{"@type":"WebPage","@id":"https:\/\/ferabrajan.com\/portal\/2024\/10\/16\/dos-frentes-frios-congelaran-mexico-cuando-se-unen-y-que-estados-dejaran-bajo-los-0-grados\/","url":"https:\/\/ferabrajan.com\/portal\/2024\/10\/16\/dos-frentes-frios-congelaran-mexico-cuando-se-unen-y-que-estados-dejaran-bajo-los-0-grados\/","name":"Dos frentes fr\u00edos \"congelar\u00e1n\" M\u00e9xico: \u00bfcu\u00e1ndo se unen y qu\u00e9 estados dejar\u00e1n bajo los 0 grados?\u00a0 - Fer Abrajan","isPartOf":{"@id":"https:\/\/ferabrajan.com\/portal\/#website"},"primaryImageOfPage":{"@id":"https:\/\/ferabrajan.com\/portal\/2024\/10\/16\/dos-frentes-frios-congelaran-mexico-cuando-se-unen-y-que-estados-dejaran-bajo-los-0-grados\/#primaryimage"},"image":{"@id":"https:\/\/ferabrajan.com\/portal\/2024\/10\/16\/dos-frentes-frios-congelaran-mexico-cuando-se-unen-y-que-estados-dejaran-bajo-los-0-grados\/#primaryimage"},"thumbnailUrl":"https:\/\/ferabrajan.com\/portal\/wp-content\/uploads\/2024\/10\/AA1slhVN.jpg","datePublished":"2024-10-16T14:32:31+00:00","dateModified":"2024-10-16T14:32:40+00:00","description":"Para la temporada 2024-2025, las autoridades del SMN tienen pronosticados un total de 48 sistemas frontales as\u00ed como siete tormentas invernales.","breadcrumb":{"@id":"https:\/\/ferabrajan.com\/portal\/2024\/10\/16\/dos-frentes-frios-congelaran-mexico-cuando-se-unen-y-que-estados-dejaran-bajo-los-0-grados\/#breadcrumb"},"inLanguage":"es","potentialAction":[{"@type":"ReadAction","target":["https:\/\/ferabrajan.com\/portal\/2024\/10\/16\/dos-frentes-frios-congelaran-mexico-cuando-se-unen-y-que-estados-dejaran-bajo-los-0-grados\/"]}]},{"@type":"ImageObject","inLanguage":"es","@id":"https:\/\/ferabrajan.com\/portal\/2024\/10\/16\/dos-frentes-frios-congelaran-mexico-cuando-se-unen-y-que-estados-dejaran-bajo-los-0-grados\/#primaryimage","url":"https:\/\/ferabrajan.com\/portal\/wp-content\/uploads\/2024\/10\/AA1slhVN.jpg","contentUrl":"https:\/\/ferabrajan.com\/portal\/wp-content\/uploads\/2024\/10\/AA1slhVN.jpg","width":768,"height":461},{"@type":"BreadcrumbList","@id":"https:\/\/ferabrajan.com\/portal\/2024\/10\/16\/dos-frentes-frios-congelaran-mexico-cuando-se-unen-y-que-estados-dejaran-bajo-los-0-grados\/#breadcrumb","itemListElement":[{"@type":"ListItem","position":1,"name":"Portada","item":"https:\/\/ferabrajan.com\/portal\/"},{"@type":"ListItem","position":2,"name":"Dos frentes fr\u00edos &#8220;congelar\u00e1n&#8221; M\u00e9xico: \u00bfcu\u00e1ndo se unen y qu\u00e9 estados dejar\u00e1n bajo los 0 grados?\u00a0"}]},{"@type":"WebSite","@id":"https:\/\/ferabrajan.com\/portal\/#website","url":"https:\/\/ferabrajan.com\/portal\/","name":"Fer Abrajan","description":"Noticias de Puebla, opini\u00f3n y radio en vivo","publisher":{"@id":"https:\/\/ferabrajan.com\/portal\/#organization"},"potentialAction":[{"@type":"SearchAction","target":{"@type":"EntryPoint","urlTemplate":"https:\/\/ferabrajan.com\/portal\/?s={search_term_string}"},"query-input":{"@type":"PropertyValueSpecification","valueRequired":true,"valueName":"search_term_string"}}],"inLanguage":"es"},{"@type":"Organization","@id":"https:\/\/ferabrajan.com\/portal\/#organization","name":"Fer Abrajan","url":"https:\/\/ferabrajan.com\/portal\/","logo":{"@type":"ImageObject","inLanguage":"es","@id":"https:\/\/ferabrajan.com\/portal\/#\/schema\/logo\/image\/","url":"https:\/\/ferabrajan.com\/portal\/wp-content\/uploads\/2024\/10\/cropped-logo.jpeg","contentUrl":"https:\/\/ferabrajan.com\/portal\/wp-content\/uploads\/2024\/10\/cropped-logo.jpeg","width":500,"height":250,"caption":"Fer Abrajan"},"image":{"@id":"https:\/\/ferabrajan.com\/portal\/#\/schema\/logo\/image\/"},"sameAs":["https:\/\/www.facebook.com\/NoticiasconFerAbrajan\/","https:\/\/x.com\/ferabrajan1"]},{"@type":"Person","@id":"https:\/\/ferabrajan.com\/portal\/#\/schema\/person\/f6113b3cb1e036d5c6a9505685b257ba","name":"admin","image":{"@type":"ImageObject","inLanguage":"es","@id":"https:\/\/secure.gravatar.com\/avatar\/072baa72775aad53c748dfc5d3048578e01b6c087eef335459ebfa04344e2d18?s=96&d=mm&r=g","url":"https:\/\/secure.gravatar.com\/avatar\/072baa72775aad53c748dfc5d3048578e01b6c087eef335459ebfa04344e2d18?s=96&d=mm&r=g","contentUrl":"https:\/\/secure.gravatar.com\/avatar\/072baa72775aad53c748dfc5d3048578e01b6c087eef335459ebfa04344e2d18?s=96&d=mm&r=g","caption":"admin"},"sameAs":["https:\/\/ferabrajan.com\/portal"],"url":"https:\/\/ferabrajan.com\/portal\/author\/admin\/"}]}},"_links":{"self":[{"href":"https:\/\/ferabrajan.com\/portal\/wp-json\/wp\/v2\/posts\/65457","targetHints":{"allow":["GET"]}}],"collection":[{"href":"https:\/\/ferabrajan.com\/portal\/wp-json\/wp\/v2\/posts"}],"about":[{"href":"https:\/\/ferabrajan.com\/portal\/wp-json\/wp\/v2\/types\/post"}],"author":[{"embeddable":true,"href":"https:\/\/ferabrajan.com\/portal\/wp-json\/wp\/v2\/users\/1"}],"replies":[{"embeddable":true,"href":"https:\/\/ferabrajan.com\/portal\/wp-json\/wp\/v2\/comments?post=65457"}],"version-history":[{"count":0,"href":"https:\/\/ferabrajan.com\/portal\/wp-json\/wp\/v2\/posts\/65457\/revisions"}],"wp:featuredmedia":[{"embeddable":true,"href":"https:\/\/ferabrajan.com\/portal\/wp-json\/wp\/v2\/media\/65460"}],"wp:attachment":[{"href":"https:\/\/ferabrajan.com\/portal\/wp-json\/wp\/v2\/media?parent=65457"}],"wp:term":[{"taxonomy":"category","embeddable":true,"href":"https:\/\/ferabrajan.com\/portal\/wp-json\/wp\/v2\/categories?post=65457"},{"taxonomy":"post_tag","embeddable":true,"href":"https:\/\/ferabrajan.com\/portal\/wp-json\/wp\/v2\/tags?post=65457"}],"curies":[{"name":"wp","href":"https:\/\/api.w.org\/{rel}","templated":true}]}}