{"id":65441,"date":"2024-10-16T06:30:00","date_gmt":"2024-10-16T06:30:00","guid":{"rendered":"https:\/\/ferabrajan.com\/portal\/?p=65441"},"modified":"2024-10-16T14:26:04","modified_gmt":"2024-10-16T14:26:04","slug":"llama-sergio-salomon-a-respaldar-gobiernos-de-claudia-sheinbaum-y-armenta-mier","status":"publish","type":"post","link":"https:\/\/ferabrajan.com\/portal\/2024\/10\/16\/llama-sergio-salomon-a-respaldar-gobiernos-de-claudia-sheinbaum-y-armenta-mier\/","title":{"rendered":"Llama Sergio Salom\u00f3n a respaldar gobiernos de Claudia Sheinbaum y Armenta Mier"},"content":{"rendered":"\n<p class=\"wp-block-paragraph\">Para que la transformaci\u00f3n de Puebla no se detenga, el gobernador Sergio Salom\u00f3n llam\u00f3 a las y los poblanos a la unidad en torno a sus autoridades municipales, as\u00ed como a los gobiernos estatal y federal, encabezados por Alejandro Armenta y Claudia Sheinbaum.<\/p>\n\n\n\n<p class=\"wp-block-paragraph\">Este fue el mensaje que expuso en las tomas de protesta de los alcaldes de Tepeaca, Juli\u00e1n Alfredo Vel\u00e1zquez Romero; Huejotzingo, Roberto Sol\u00eds Valles; San Mart\u00edn Texmelucan, Juan Manuel Alonso Ram\u00edrez; y San Pedro Cholula, Tonantzin Fern\u00e1ndez D\u00edaz.<\/p>\n\n\n\n<p class=\"wp-block-paragraph\">En estos eventos, el titular del Ejecutivo convoc\u00f3 a los ciudadanos, as\u00ed como a los diferentes sectores de la sociedad, a dejar atr\u00e1s las diferencias electorales, partidistas y pol\u00edticas, para poder as\u00ed avanzar en el progreso de la entidad.<\/p>\n\n\n\n<p class=\"wp-block-paragraph\">El mandatario ratific\u00f3 el compromiso y respaldo a las nuevas autoridades municipales, a las que convoc\u00f3 a enfocar sus esfuerzos para garantizar la seguridad y paz social en sus demarcaciones.<\/p>\n","protected":false},"excerpt":{"rendered":"<p>El gobernador asisti\u00f3 a las tomas de protesta de las y los alcaldes de Tepeaca, Huejotzingo, San Mart\u00edn Texmelucan y San Pedro Cholula<\/p>\n","protected":false},"author":3,"featured_media":65442,"comment_status":"closed","ping_status":"closed","sticky":false,"template":"","format":"standard","meta":{"_monsterinsights_skip_tracking":false,"_uf_show_specific_survey":0,"_uf_disable_surveys":false,"footnotes":""},"categories":[53,585,34],"tags":[106,26,166],"class_list":["post-65441","post","type-post","status-publish","format-standard","has-post-thumbnail","hentry","category-local","category-principal","category-puebla","tag-alejandro-armenta","tag-puebla","tag-sergio-salomon"],"yoast_head":"<!-- This site is optimized with the Yoast SEO plugin v27.5 - https:\/\/yoast.com\/product\/yoast-seo-wordpress\/ -->\n<title>Llama Sergio Salom\u00f3n a respaldar gobiernos de Claudia Sheinbaum y Armenta Mier - Fer Abrajan<\/title>\n<meta name=\"description\" content=\"El gobernador asisti\u00f3 a las tomas de protesta de las y los alcaldes de Tepeaca, Huejotzingo, San Mart\u00edn Texmelucan y San Pedro Cholula\" \/>\n<meta name=\"robots\" content=\"index, follow, max-snippet:-1, max-image-preview:large, max-video-preview:-1\" \/>\n<link rel=\"canonical\" href=\"https:\/\/ferabrajan.com\/portal\/2024\/10\/16\/llama-sergio-salomon-a-respaldar-gobiernos-de-claudia-sheinbaum-y-armenta-mier\/\" \/>\n<meta property=\"og:locale\" content=\"es_ES\" \/>\n<meta property=\"og:type\" content=\"article\" \/>\n<meta property=\"og:title\" content=\"Llama Sergio Salom\u00f3n a respaldar gobiernos de Claudia Sheinbaum y Armenta Mier - Fer Abrajan\" \/>\n<meta property=\"og:description\" content=\"El gobernador asisti\u00f3 a las tomas de protesta de las y los alcaldes de Tepeaca, Huejotzingo, San Mart\u00edn Texmelucan y San Pedro Cholula\" \/>\n<meta property=\"og:url\" content=\"https:\/\/ferabrajan.com\/portal\/2024\/10\/16\/llama-sergio-salomon-a-respaldar-gobiernos-de-claudia-sheinbaum-y-armenta-mier\/\" \/>\n<meta property=\"og:site_name\" content=\"Fer Abrajan\" \/>\n<meta property=\"article:publisher\" content=\"https:\/\/www.facebook.com\/NoticiasconFerAbrajan\/\" \/>\n<meta property=\"article:published_time\" content=\"2024-10-16T06:30:00+00:00\" \/>\n<meta property=\"article:modified_time\" content=\"2024-10-16T14:26:04+00:00\" \/>\n<meta property=\"og:image\" content=\"https:\/\/ferabrajan.com\/portal\/wp-content\/uploads\/2024\/10\/Huejotzingo_GOB_SS_CP151024__3-scaled.jpeg\" \/>\n\t<meta property=\"og:image:width\" content=\"2048\" \/>\n\t<meta property=\"og:image:height\" content=\"1365\" \/>\n\t<meta property=\"og:image:type\" content=\"image\/jpeg\" \/>\n<meta name=\"author\" content=\"Rebeca N\u00fa\u00f1ez\" \/>\n<meta name=\"twitter:card\" content=\"summary_large_image\" \/>\n<meta name=\"twitter:creator\" content=\"@ferabrajan1\" \/>\n<meta name=\"twitter:site\" content=\"@ferabrajan1\" \/>\n<meta name=\"twitter:label1\" content=\"Escrito por\" \/>\n\t<meta name=\"twitter:data1\" content=\"Rebeca N\u00fa\u00f1ez\" \/>\n\t<meta name=\"twitter:label2\" content=\"Tiempo de lectura\" \/>\n\t<meta name=\"twitter:data2\" content=\"1 minuto\" \/>\n<script type=\"application\/ld+json\" class=\"yoast-schema-graph\">{\"@context\":\"https:\\\/\\\/schema.org\",\"@graph\":[{\"@type\":\"Article\",\"@id\":\"https:\\\/\\\/ferabrajan.com\\\/portal\\\/2024\\\/10\\\/16\\\/llama-sergio-salomon-a-respaldar-gobiernos-de-claudia-sheinbaum-y-armenta-mier\\\/#article\",\"isPartOf\":{\"@id\":\"https:\\\/\\\/ferabrajan.com\\\/portal\\\/2024\\\/10\\\/16\\\/llama-sergio-salomon-a-respaldar-gobiernos-de-claudia-sheinbaum-y-armenta-mier\\\/\"},\"author\":{\"name\":\"Rebeca N\u00fa\u00f1ez\",\"@id\":\"https:\\\/\\\/ferabrajan.com\\\/portal\\\/#\\\/schema\\\/person\\\/a79364e0091921e733584c4833bc7a50\"},\"headline\":\"Llama Sergio Salom\u00f3n a respaldar gobiernos de Claudia Sheinbaum y Armenta Mier\",\"datePublished\":\"2024-10-16T06:30:00+00:00\",\"dateModified\":\"2024-10-16T14:26:04+00:00\",\"mainEntityOfPage\":{\"@id\":\"https:\\\/\\\/ferabrajan.com\\\/portal\\\/2024\\\/10\\\/16\\\/llama-sergio-salomon-a-respaldar-gobiernos-de-claudia-sheinbaum-y-armenta-mier\\\/\"},\"wordCount\":174,\"publisher\":{\"@id\":\"https:\\\/\\\/ferabrajan.com\\\/portal\\\/#organization\"},\"image\":{\"@id\":\"https:\\\/\\\/ferabrajan.com\\\/portal\\\/2024\\\/10\\\/16\\\/llama-sergio-salomon-a-respaldar-gobiernos-de-claudia-sheinbaum-y-armenta-mier\\\/#primaryimage\"},\"thumbnailUrl\":\"https:\\\/\\\/ferabrajan.com\\\/portal\\\/wp-content\\\/uploads\\\/2024\\\/10\\\/Huejotzingo_GOB_SS_CP151024__3-scaled.jpeg\",\"keywords\":[\"Alejandro Armenta\",\"puebla\",\"Sergio Salom\u00f3n\"],\"articleSection\":[\"Local\",\"Principal\",\"Puebla\"],\"inLanguage\":\"es\"},{\"@type\":\"WebPage\",\"@id\":\"https:\\\/\\\/ferabrajan.com\\\/portal\\\/2024\\\/10\\\/16\\\/llama-sergio-salomon-a-respaldar-gobiernos-de-claudia-sheinbaum-y-armenta-mier\\\/\",\"url\":\"https:\\\/\\\/ferabrajan.com\\\/portal\\\/2024\\\/10\\\/16\\\/llama-sergio-salomon-a-respaldar-gobiernos-de-claudia-sheinbaum-y-armenta-mier\\\/\",\"name\":\"Llama Sergio Salom\u00f3n a respaldar gobiernos de Claudia Sheinbaum y Armenta Mier - Fer Abrajan\",\"isPartOf\":{\"@id\":\"https:\\\/\\\/ferabrajan.com\\\/portal\\\/#website\"},\"primaryImageOfPage\":{\"@id\":\"https:\\\/\\\/ferabrajan.com\\\/portal\\\/2024\\\/10\\\/16\\\/llama-sergio-salomon-a-respaldar-gobiernos-de-claudia-sheinbaum-y-armenta-mier\\\/#primaryimage\"},\"image\":{\"@id\":\"https:\\\/\\\/ferabrajan.com\\\/portal\\\/2024\\\/10\\\/16\\\/llama-sergio-salomon-a-respaldar-gobiernos-de-claudia-sheinbaum-y-armenta-mier\\\/#primaryimage\"},\"thumbnailUrl\":\"https:\\\/\\\/ferabrajan.com\\\/portal\\\/wp-content\\\/uploads\\\/2024\\\/10\\\/Huejotzingo_GOB_SS_CP151024__3-scaled.jpeg\",\"datePublished\":\"2024-10-16T06:30:00+00:00\",\"dateModified\":\"2024-10-16T14:26:04+00:00\",\"description\":\"El gobernador asisti\u00f3 a las tomas de protesta de las y los alcaldes de Tepeaca, Huejotzingo, San Mart\u00edn Texmelucan y San Pedro Cholula\",\"breadcrumb\":{\"@id\":\"https:\\\/\\\/ferabrajan.com\\\/portal\\\/2024\\\/10\\\/16\\\/llama-sergio-salomon-a-respaldar-gobiernos-de-claudia-sheinbaum-y-armenta-mier\\\/#breadcrumb\"},\"inLanguage\":\"es\",\"potentialAction\":[{\"@type\":\"ReadAction\",\"target\":[\"https:\\\/\\\/ferabrajan.com\\\/portal\\\/2024\\\/10\\\/16\\\/llama-sergio-salomon-a-respaldar-gobiernos-de-claudia-sheinbaum-y-armenta-mier\\\/\"]}]},{\"@type\":\"ImageObject\",\"inLanguage\":\"es\",\"@id\":\"https:\\\/\\\/ferabrajan.com\\\/portal\\\/2024\\\/10\\\/16\\\/llama-sergio-salomon-a-respaldar-gobiernos-de-claudia-sheinbaum-y-armenta-mier\\\/#primaryimage\",\"url\":\"https:\\\/\\\/ferabrajan.com\\\/portal\\\/wp-content\\\/uploads\\\/2024\\\/10\\\/Huejotzingo_GOB_SS_CP151024__3-scaled.jpeg\",\"contentUrl\":\"https:\\\/\\\/ferabrajan.com\\\/portal\\\/wp-content\\\/uploads\\\/2024\\\/10\\\/Huejotzingo_GOB_SS_CP151024__3-scaled.jpeg\",\"width\":2048,\"height\":1365},{\"@type\":\"BreadcrumbList\",\"@id\":\"https:\\\/\\\/ferabrajan.com\\\/portal\\\/2024\\\/10\\\/16\\\/llama-sergio-salomon-a-respaldar-gobiernos-de-claudia-sheinbaum-y-armenta-mier\\\/#breadcrumb\",\"itemListElement\":[{\"@type\":\"ListItem\",\"position\":1,\"name\":\"Portada\",\"item\":\"https:\\\/\\\/ferabrajan.com\\\/portal\\\/\"},{\"@type\":\"ListItem\",\"position\":2,\"name\":\"Llama Sergio Salom\u00f3n a respaldar gobiernos de Claudia Sheinbaum y Armenta Mier\"}]},{\"@type\":\"WebSite\",\"@id\":\"https:\\\/\\\/ferabrajan.com\\\/portal\\\/#website\",\"url\":\"https:\\\/\\\/ferabrajan.com\\\/portal\\\/\",\"name\":\"Fer Abrajan\",\"description\":\"Noticias de Puebla, opini\u00f3n y radio en vivo\",\"publisher\":{\"@id\":\"https:\\\/\\\/ferabrajan.com\\\/portal\\\/#organization\"},\"potentialAction\":[{\"@type\":\"SearchAction\",\"target\":{\"@type\":\"EntryPoint\",\"urlTemplate\":\"https:\\\/\\\/ferabrajan.com\\\/portal\\\/?s={search_term_string}\"},\"query-input\":{\"@type\":\"PropertyValueSpecification\",\"valueRequired\":true,\"valueName\":\"search_term_string\"}}],\"inLanguage\":\"es\"},{\"@type\":\"Organization\",\"@id\":\"https:\\\/\\\/ferabrajan.com\\\/portal\\\/#organization\",\"name\":\"Fer Abrajan\",\"url\":\"https:\\\/\\\/ferabrajan.com\\\/portal\\\/\",\"logo\":{\"@type\":\"ImageObject\",\"inLanguage\":\"es\",\"@id\":\"https:\\\/\\\/ferabrajan.com\\\/portal\\\/#\\\/schema\\\/logo\\\/image\\\/\",\"url\":\"https:\\\/\\\/ferabrajan.com\\\/portal\\\/wp-content\\\/uploads\\\/2024\\\/10\\\/cropped-logo.jpeg\",\"contentUrl\":\"https:\\\/\\\/ferabrajan.com\\\/portal\\\/wp-content\\\/uploads\\\/2024\\\/10\\\/cropped-logo.jpeg\",\"width\":500,\"height\":250,\"caption\":\"Fer Abrajan\"},\"image\":{\"@id\":\"https:\\\/\\\/ferabrajan.com\\\/portal\\\/#\\\/schema\\\/logo\\\/image\\\/\"},\"sameAs\":[\"https:\\\/\\\/www.facebook.com\\\/NoticiasconFerAbrajan\\\/\",\"https:\\\/\\\/x.com\\\/ferabrajan1\"]},{\"@type\":\"Person\",\"@id\":\"https:\\\/\\\/ferabrajan.com\\\/portal\\\/#\\\/schema\\\/person\\\/a79364e0091921e733584c4833bc7a50\",\"name\":\"Rebeca N\u00fa\u00f1ez\",\"image\":{\"@type\":\"ImageObject\",\"inLanguage\":\"es\",\"@id\":\"https:\\\/\\\/secure.gravatar.com\\\/avatar\\\/c9cbf721287e849268cd37eca93cf4be51b2eed9e71c8d0c6825bd912000b74e?s=96&d=mm&r=g\",\"url\":\"https:\\\/\\\/secure.gravatar.com\\\/avatar\\\/c9cbf721287e849268cd37eca93cf4be51b2eed9e71c8d0c6825bd912000b74e?s=96&d=mm&r=g\",\"contentUrl\":\"https:\\\/\\\/secure.gravatar.com\\\/avatar\\\/c9cbf721287e849268cd37eca93cf4be51b2eed9e71c8d0c6825bd912000b74e?s=96&d=mm&r=g\",\"caption\":\"Rebeca N\u00fa\u00f1ez\"},\"url\":\"https:\\\/\\\/ferabrajan.com\\\/portal\\\/author\\\/rebeca\\\/\"}]}<\/script>\n<!-- \/ Yoast SEO plugin. -->","yoast_head_json":{"title":"Llama Sergio Salom\u00f3n a respaldar gobiernos de Claudia Sheinbaum y Armenta Mier - Fer Abrajan","description":"El gobernador asisti\u00f3 a las tomas de protesta de las y los alcaldes de Tepeaca, Huejotzingo, San Mart\u00edn Texmelucan y San Pedro Cholula","robots":{"index":"index","follow":"follow","max-snippet":"max-snippet:-1","max-image-preview":"max-image-preview:large","max-video-preview":"max-video-preview:-1"},"canonical":"https:\/\/ferabrajan.com\/portal\/2024\/10\/16\/llama-sergio-salomon-a-respaldar-gobiernos-de-claudia-sheinbaum-y-armenta-mier\/","og_locale":"es_ES","og_type":"article","og_title":"Llama Sergio Salom\u00f3n a respaldar gobiernos de Claudia Sheinbaum y Armenta Mier - Fer Abrajan","og_description":"El gobernador asisti\u00f3 a las tomas de protesta de las y los alcaldes de Tepeaca, Huejotzingo, San Mart\u00edn Texmelucan y San Pedro Cholula","og_url":"https:\/\/ferabrajan.com\/portal\/2024\/10\/16\/llama-sergio-salomon-a-respaldar-gobiernos-de-claudia-sheinbaum-y-armenta-mier\/","og_site_name":"Fer Abrajan","article_publisher":"https:\/\/www.facebook.com\/NoticiasconFerAbrajan\/","article_published_time":"2024-10-16T06:30:00+00:00","article_modified_time":"2024-10-16T14:26:04+00:00","og_image":[{"width":2048,"height":1365,"url":"https:\/\/ferabrajan.com\/portal\/wp-content\/uploads\/2024\/10\/Huejotzingo_GOB_SS_CP151024__3-scaled.jpeg","type":"image\/jpeg"}],"author":"Rebeca N\u00fa\u00f1ez","twitter_card":"summary_large_image","twitter_creator":"@ferabrajan1","twitter_site":"@ferabrajan1","twitter_misc":{"Escrito por":"Rebeca N\u00fa\u00f1ez","Tiempo de lectura":"1 minuto"},"schema":{"@context":"https:\/\/schema.org","@graph":[{"@type":"Article","@id":"https:\/\/ferabrajan.com\/portal\/2024\/10\/16\/llama-sergio-salomon-a-respaldar-gobiernos-de-claudia-sheinbaum-y-armenta-mier\/#article","isPartOf":{"@id":"https:\/\/ferabrajan.com\/portal\/2024\/10\/16\/llama-sergio-salomon-a-respaldar-gobiernos-de-claudia-sheinbaum-y-armenta-mier\/"},"author":{"name":"Rebeca N\u00fa\u00f1ez","@id":"https:\/\/ferabrajan.com\/portal\/#\/schema\/person\/a79364e0091921e733584c4833bc7a50"},"headline":"Llama Sergio Salom\u00f3n a respaldar gobiernos de Claudia Sheinbaum y Armenta Mier","datePublished":"2024-10-16T06:30:00+00:00","dateModified":"2024-10-16T14:26:04+00:00","mainEntityOfPage":{"@id":"https:\/\/ferabrajan.com\/portal\/2024\/10\/16\/llama-sergio-salomon-a-respaldar-gobiernos-de-claudia-sheinbaum-y-armenta-mier\/"},"wordCount":174,"publisher":{"@id":"https:\/\/ferabrajan.com\/portal\/#organization"},"image":{"@id":"https:\/\/ferabrajan.com\/portal\/2024\/10\/16\/llama-sergio-salomon-a-respaldar-gobiernos-de-claudia-sheinbaum-y-armenta-mier\/#primaryimage"},"thumbnailUrl":"https:\/\/ferabrajan.com\/portal\/wp-content\/uploads\/2024\/10\/Huejotzingo_GOB_SS_CP151024__3-scaled.jpeg","keywords":["Alejandro Armenta","puebla","Sergio Salom\u00f3n"],"articleSection":["Local","Principal","Puebla"],"inLanguage":"es"},{"@type":"WebPage","@id":"https:\/\/ferabrajan.com\/portal\/2024\/10\/16\/llama-sergio-salomon-a-respaldar-gobiernos-de-claudia-sheinbaum-y-armenta-mier\/","url":"https:\/\/ferabrajan.com\/portal\/2024\/10\/16\/llama-sergio-salomon-a-respaldar-gobiernos-de-claudia-sheinbaum-y-armenta-mier\/","name":"Llama Sergio Salom\u00f3n a respaldar gobiernos de Claudia Sheinbaum y Armenta Mier - Fer Abrajan","isPartOf":{"@id":"https:\/\/ferabrajan.com\/portal\/#website"},"primaryImageOfPage":{"@id":"https:\/\/ferabrajan.com\/portal\/2024\/10\/16\/llama-sergio-salomon-a-respaldar-gobiernos-de-claudia-sheinbaum-y-armenta-mier\/#primaryimage"},"image":{"@id":"https:\/\/ferabrajan.com\/portal\/2024\/10\/16\/llama-sergio-salomon-a-respaldar-gobiernos-de-claudia-sheinbaum-y-armenta-mier\/#primaryimage"},"thumbnailUrl":"https:\/\/ferabrajan.com\/portal\/wp-content\/uploads\/2024\/10\/Huejotzingo_GOB_SS_CP151024__3-scaled.jpeg","datePublished":"2024-10-16T06:30:00+00:00","dateModified":"2024-10-16T14:26:04+00:00","description":"El gobernador asisti\u00f3 a las tomas de protesta de las y los alcaldes de Tepeaca, Huejotzingo, San Mart\u00edn Texmelucan y San Pedro Cholula","breadcrumb":{"@id":"https:\/\/ferabrajan.com\/portal\/2024\/10\/16\/llama-sergio-salomon-a-respaldar-gobiernos-de-claudia-sheinbaum-y-armenta-mier\/#breadcrumb"},"inLanguage":"es","potentialAction":[{"@type":"ReadAction","target":["https:\/\/ferabrajan.com\/portal\/2024\/10\/16\/llama-sergio-salomon-a-respaldar-gobiernos-de-claudia-sheinbaum-y-armenta-mier\/"]}]},{"@type":"ImageObject","inLanguage":"es","@id":"https:\/\/ferabrajan.com\/portal\/2024\/10\/16\/llama-sergio-salomon-a-respaldar-gobiernos-de-claudia-sheinbaum-y-armenta-mier\/#primaryimage","url":"https:\/\/ferabrajan.com\/portal\/wp-content\/uploads\/2024\/10\/Huejotzingo_GOB_SS_CP151024__3-scaled.jpeg","contentUrl":"https:\/\/ferabrajan.com\/portal\/wp-content\/uploads\/2024\/10\/Huejotzingo_GOB_SS_CP151024__3-scaled.jpeg","width":2048,"height":1365},{"@type":"BreadcrumbList","@id":"https:\/\/ferabrajan.com\/portal\/2024\/10\/16\/llama-sergio-salomon-a-respaldar-gobiernos-de-claudia-sheinbaum-y-armenta-mier\/#breadcrumb","itemListElement":[{"@type":"ListItem","position":1,"name":"Portada","item":"https:\/\/ferabrajan.com\/portal\/"},{"@type":"ListItem","position":2,"name":"Llama Sergio Salom\u00f3n a respaldar gobiernos de Claudia Sheinbaum y Armenta Mier"}]},{"@type":"WebSite","@id":"https:\/\/ferabrajan.com\/portal\/#website","url":"https:\/\/ferabrajan.com\/portal\/","name":"Fer Abrajan","description":"Noticias de Puebla, opini\u00f3n y radio en vivo","publisher":{"@id":"https:\/\/ferabrajan.com\/portal\/#organization"},"potentialAction":[{"@type":"SearchAction","target":{"@type":"EntryPoint","urlTemplate":"https:\/\/ferabrajan.com\/portal\/?s={search_term_string}"},"query-input":{"@type":"PropertyValueSpecification","valueRequired":true,"valueName":"search_term_string"}}],"inLanguage":"es"},{"@type":"Organization","@id":"https:\/\/ferabrajan.com\/portal\/#organization","name":"Fer Abrajan","url":"https:\/\/ferabrajan.com\/portal\/","logo":{"@type":"ImageObject","inLanguage":"es","@id":"https:\/\/ferabrajan.com\/portal\/#\/schema\/logo\/image\/","url":"https:\/\/ferabrajan.com\/portal\/wp-content\/uploads\/2024\/10\/cropped-logo.jpeg","contentUrl":"https:\/\/ferabrajan.com\/portal\/wp-content\/uploads\/2024\/10\/cropped-logo.jpeg","width":500,"height":250,"caption":"Fer Abrajan"},"image":{"@id":"https:\/\/ferabrajan.com\/portal\/#\/schema\/logo\/image\/"},"sameAs":["https:\/\/www.facebook.com\/NoticiasconFerAbrajan\/","https:\/\/x.com\/ferabrajan1"]},{"@type":"Person","@id":"https:\/\/ferabrajan.com\/portal\/#\/schema\/person\/a79364e0091921e733584c4833bc7a50","name":"Rebeca N\u00fa\u00f1ez","image":{"@type":"ImageObject","inLanguage":"es","@id":"https:\/\/secure.gravatar.com\/avatar\/c9cbf721287e849268cd37eca93cf4be51b2eed9e71c8d0c6825bd912000b74e?s=96&d=mm&r=g","url":"https:\/\/secure.gravatar.com\/avatar\/c9cbf721287e849268cd37eca93cf4be51b2eed9e71c8d0c6825bd912000b74e?s=96&d=mm&r=g","contentUrl":"https:\/\/secure.gravatar.com\/avatar\/c9cbf721287e849268cd37eca93cf4be51b2eed9e71c8d0c6825bd912000b74e?s=96&d=mm&r=g","caption":"Rebeca N\u00fa\u00f1ez"},"url":"https:\/\/ferabrajan.com\/portal\/author\/rebeca\/"}]}},"_links":{"self":[{"href":"https:\/\/ferabrajan.com\/portal\/wp-json\/wp\/v2\/posts\/65441","targetHints":{"allow":["GET"]}}],"collection":[{"href":"https:\/\/ferabrajan.com\/portal\/wp-json\/wp\/v2\/posts"}],"about":[{"href":"https:\/\/ferabrajan.com\/portal\/wp-json\/wp\/v2\/types\/post"}],"author":[{"embeddable":true,"href":"https:\/\/ferabrajan.com\/portal\/wp-json\/wp\/v2\/users\/3"}],"replies":[{"embeddable":true,"href":"https:\/\/ferabrajan.com\/portal\/wp-json\/wp\/v2\/comments?post=65441"}],"version-history":[{"count":0,"href":"https:\/\/ferabrajan.com\/portal\/wp-json\/wp\/v2\/posts\/65441\/revisions"}],"wp:featuredmedia":[{"embeddable":true,"href":"https:\/\/ferabrajan.com\/portal\/wp-json\/wp\/v2\/media\/65442"}],"wp:attachment":[{"href":"https:\/\/ferabrajan.com\/portal\/wp-json\/wp\/v2\/media?parent=65441"}],"wp:term":[{"taxonomy":"category","embeddable":true,"href":"https:\/\/ferabrajan.com\/portal\/wp-json\/wp\/v2\/categories?post=65441"},{"taxonomy":"post_tag","embeddable":true,"href":"https:\/\/ferabrajan.com\/portal\/wp-json\/wp\/v2\/tags?post=65441"}],"curies":[{"name":"wp","href":"https:\/\/api.w.org\/{rel}","templated":true}]}}