{"id":63447,"date":"2024-08-06T15:00:03","date_gmt":"2024-08-06T15:00:03","guid":{"rendered":"https:\/\/ferabrajan.com\/portal\/?p=63447"},"modified":"2024-08-06T15:00:11","modified_gmt":"2024-08-06T15:00:11","slug":"presenta-museos-puebla-cartelera-cultural-de-agosto","status":"publish","type":"post","link":"https:\/\/ferabrajan.com\/portal\/2024\/08\/06\/presenta-museos-puebla-cartelera-cultural-de-agosto\/","title":{"rendered":"Presenta Museos Puebla cartelera cultural de agosto"},"content":{"rendered":"\n<p class=\"wp-block-paragraph\">Como parte del impulso a la cultura el organismo Museos Puebla program\u00f3 m\u00e1s de 200 actividades este mes, entre las que destacan dos exposiciones: \u201cKnockout. Grandes momentos del Consejo Mundial de Boxeo\u201d y \u201cLatidos de Argentina\u201d en colaboraci\u00f3n con National Geographic y la Embajada de Argentina en M\u00e9xico; la primera se inaugura el 22 de agosto en San Pedro Museo de Arte y la segunda el d\u00eda 30 en el Museo Internacional del Barroco (MIB).<\/p>\n\n\n\n<p class=\"wp-block-paragraph\">En rueda de prensa del mandatario estatal, la directora de Museos Puebla, Anel Nochebuena tambi\u00e9n inform\u00f3 que el MIB albergar\u00e1 del 28 al 30 el Festival de Museos 2024, a realizarse en conjunto con el Comit\u00e9 Mexicano del Consejo Internacional de Museos (ICOM M\u00e9xico). Este es el encuentro m\u00e1s grande del pa\u00eds dirigido a profesionales de museos, cuyos ejes tem\u00e1ticos girar\u00e1n en torno a las exposiciones, las colecciones y los p\u00fablicos.&nbsp;<\/p>\n\n\n\n<figure class=\"wp-block-gallery has-nested-images columns-default is-cropped wp-block-gallery-1 is-layout-flex wp-block-gallery-is-layout-flex\">\n<figure class=\"wp-block-image size-large\"><img fetchpriority=\"high\" decoding=\"async\" width=\"1024\" height=\"1024\" data-id=\"63451\" src=\"https:\/\/ferabrajan.com\/portal\/wp-content\/uploads\/2024\/08\/MUSEOS_FEST_POSTAL_1-1024x1024.png\" alt=\"\" class=\"wp-image-63451\" srcset=\"https:\/\/ferabrajan.com\/portal\/wp-content\/uploads\/2024\/08\/MUSEOS_FEST_POSTAL_1-1024x1024.png 1024w, https:\/\/ferabrajan.com\/portal\/wp-content\/uploads\/2024\/08\/MUSEOS_FEST_POSTAL_1-300x300.png 300w, https:\/\/ferabrajan.com\/portal\/wp-content\/uploads\/2024\/08\/MUSEOS_FEST_POSTAL_1-150x150.png 150w, https:\/\/ferabrajan.com\/portal\/wp-content\/uploads\/2024\/08\/MUSEOS_FEST_POSTAL_1-768x768.png 768w, https:\/\/ferabrajan.com\/portal\/wp-content\/uploads\/2024\/08\/MUSEOS_FEST_POSTAL_1-96x96.png 96w, https:\/\/ferabrajan.com\/portal\/wp-content\/uploads\/2024\/08\/MUSEOS_FEST_POSTAL_1.png 1200w\" sizes=\"(max-width: 1024px) 100vw, 1024px\" \/><\/figure>\n\n\n\n<figure class=\"wp-block-image size-large\"><img decoding=\"async\" width=\"1024\" height=\"1024\" data-id=\"63448\" src=\"https:\/\/ferabrajan.com\/portal\/wp-content\/uploads\/2024\/08\/POSTAL_AGENDA_agosto-1024x1024.png\" alt=\"\" class=\"wp-image-63448\" srcset=\"https:\/\/ferabrajan.com\/portal\/wp-content\/uploads\/2024\/08\/POSTAL_AGENDA_agosto-1024x1024.png 1024w, https:\/\/ferabrajan.com\/portal\/wp-content\/uploads\/2024\/08\/POSTAL_AGENDA_agosto-300x300.png 300w, https:\/\/ferabrajan.com\/portal\/wp-content\/uploads\/2024\/08\/POSTAL_AGENDA_agosto-150x150.png 150w, https:\/\/ferabrajan.com\/portal\/wp-content\/uploads\/2024\/08\/POSTAL_AGENDA_agosto-768x768.png 768w, https:\/\/ferabrajan.com\/portal\/wp-content\/uploads\/2024\/08\/POSTAL_AGENDA_agosto-96x96.png 96w, https:\/\/ferabrajan.com\/portal\/wp-content\/uploads\/2024\/08\/POSTAL_AGENDA_agosto.png 1200w\" sizes=\"(max-width: 1024px) 100vw, 1024px\" \/><\/figure>\n\n\n\n<figure class=\"wp-block-image size-large\"><img decoding=\"async\" width=\"1024\" height=\"1024\" data-id=\"63453\" src=\"https:\/\/ferabrajan.com\/portal\/wp-content\/uploads\/2024\/08\/Jazz_en_Barroco-1024x1024.jpg\" alt=\"\" class=\"wp-image-63453\" srcset=\"https:\/\/ferabrajan.com\/portal\/wp-content\/uploads\/2024\/08\/Jazz_en_Barroco-1024x1024.jpg 1024w, https:\/\/ferabrajan.com\/portal\/wp-content\/uploads\/2024\/08\/Jazz_en_Barroco-300x300.jpg 300w, https:\/\/ferabrajan.com\/portal\/wp-content\/uploads\/2024\/08\/Jazz_en_Barroco-150x150.jpg 150w, https:\/\/ferabrajan.com\/portal\/wp-content\/uploads\/2024\/08\/Jazz_en_Barroco-768x768.jpg 768w, https:\/\/ferabrajan.com\/portal\/wp-content\/uploads\/2024\/08\/Jazz_en_Barroco-96x96.jpg 96w, https:\/\/ferabrajan.com\/portal\/wp-content\/uploads\/2024\/08\/Jazz_en_Barroco.jpg 1200w\" sizes=\"(max-width: 1024px) 100vw, 1024px\" \/><\/figure>\n\n\n\n<figure class=\"wp-block-image size-large\"><img loading=\"lazy\" decoding=\"async\" width=\"1024\" height=\"1024\" data-id=\"63455\" src=\"https:\/\/ferabrajan.com\/portal\/wp-content\/uploads\/2024\/08\/EXPOSICION_1-1024x1024.jpg\" alt=\"\" class=\"wp-image-63455\" srcset=\"https:\/\/ferabrajan.com\/portal\/wp-content\/uploads\/2024\/08\/EXPOSICION_1-1024x1024.jpg 1024w, https:\/\/ferabrajan.com\/portal\/wp-content\/uploads\/2024\/08\/EXPOSICION_1-300x300.jpg 300w, https:\/\/ferabrajan.com\/portal\/wp-content\/uploads\/2024\/08\/EXPOSICION_1-150x150.jpg 150w, https:\/\/ferabrajan.com\/portal\/wp-content\/uploads\/2024\/08\/EXPOSICION_1-768x768.jpg 768w, https:\/\/ferabrajan.com\/portal\/wp-content\/uploads\/2024\/08\/EXPOSICION_1-96x96.jpg 96w, https:\/\/ferabrajan.com\/portal\/wp-content\/uploads\/2024\/08\/EXPOSICION_1.jpg 1200w\" sizes=\"(max-width: 1024px) 100vw, 1024px\" \/><\/figure>\n<\/figure>\n\n\n\n<p class=\"wp-block-paragraph\">Anel Nochebuena invit\u00f3 a los conciertos \u201cA la luz de las velas\u201d el 15 de agosto a las 19:00 horas en la Biblioteca Palafoxiana y \u201cFemeninas: canciones de mujeres latinoamericanas\u201d con la compositora de jazz Magos Herrera y el maestro de piano Edward Simon, el 22 de agosto, a las 19:00 horas en el MIB.<\/p>\n\n\n\n<p class=\"wp-block-paragraph\">Entre las actividades habr\u00e1 \u201cPijamapping\u201d, una proyecci\u00f3n digital en San Pedro Museo de Arte como parte de \u201cNoche de Museos\u201d, el 17 de agosto a las 19:00 horas.<\/p>\n\n\n\n<p class=\"wp-block-paragraph\">La cartelera completa de agosto se puede consultar en las redes sociales: @museospuebla (Facebook e Instagram), @PueblaMuseos (X, antes Twitter) y en el sitio web&nbsp;<a href=\"http:\/\/sc.puebla.gob.mx\/\">sc.puebla.gob.mx<\/a><\/p>\n","protected":false},"excerpt":{"rendered":"<p>Destacan dos nuevas exposiciones, jazz en el Barroco y el Festival de Museos<\/p>\n","protected":false},"author":4,"featured_media":63448,"comment_status":"closed","ping_status":"closed","sticky":false,"template":"","format":"standard","meta":{"_monsterinsights_skip_tracking":false,"_uf_show_specific_survey":0,"_uf_disable_surveys":false,"footnotes":""},"categories":[53,585,34],"tags":[693,26,166],"class_list":["post-63447","post","type-post","status-publish","format-standard","has-post-thumbnail","hentry","category-local","category-principal","category-puebla","tag-cultura","tag-puebla","tag-sergio-salomon"],"yoast_head":"<!-- This site is optimized with the Yoast SEO plugin v27.5 - https:\/\/yoast.com\/product\/yoast-seo-wordpress\/ -->\n<title>Presenta Museos Puebla cartelera cultural de agosto - Fer Abrajan<\/title>\n<meta name=\"description\" content=\"Destacan dos nuevas exposiciones, jazz en el Barroco y el Festival de Museos\" \/>\n<meta name=\"robots\" content=\"index, follow, max-snippet:-1, max-image-preview:large, max-video-preview:-1\" \/>\n<link rel=\"canonical\" href=\"https:\/\/ferabrajan.com\/portal\/2024\/08\/06\/presenta-museos-puebla-cartelera-cultural-de-agosto\/\" \/>\n<meta property=\"og:locale\" content=\"es_ES\" \/>\n<meta property=\"og:type\" content=\"article\" \/>\n<meta property=\"og:title\" content=\"Presenta Museos Puebla cartelera cultural de agosto - Fer Abrajan\" \/>\n<meta property=\"og:description\" content=\"Destacan dos nuevas exposiciones, jazz en el Barroco y el Festival de Museos\" \/>\n<meta property=\"og:url\" content=\"https:\/\/ferabrajan.com\/portal\/2024\/08\/06\/presenta-museos-puebla-cartelera-cultural-de-agosto\/\" \/>\n<meta property=\"og:site_name\" content=\"Fer Abrajan\" \/>\n<meta property=\"article:publisher\" content=\"https:\/\/www.facebook.com\/NoticiasconFerAbrajan\/\" \/>\n<meta property=\"article:published_time\" content=\"2024-08-06T15:00:03+00:00\" \/>\n<meta property=\"article:modified_time\" content=\"2024-08-06T15:00:11+00:00\" \/>\n<meta property=\"og:image\" content=\"https:\/\/ferabrajan.com\/portal\/wp-content\/uploads\/2024\/08\/POSTAL_AGENDA_agosto-1024x1024.png\" \/>\n\t<meta property=\"og:image:width\" content=\"1024\" \/>\n\t<meta property=\"og:image:height\" content=\"1024\" \/>\n\t<meta property=\"og:image:type\" content=\"image\/png\" \/>\n<meta name=\"author\" content=\"Ismael Rojas\" \/>\n<meta name=\"twitter:card\" content=\"summary_large_image\" \/>\n<meta name=\"twitter:creator\" content=\"@ferabrajan1\" \/>\n<meta name=\"twitter:site\" content=\"@ferabrajan1\" \/>\n<meta name=\"twitter:label1\" content=\"Escrito por\" \/>\n\t<meta name=\"twitter:data1\" content=\"Ismael Rojas\" \/>\n\t<meta name=\"twitter:label2\" content=\"Tiempo de lectura\" \/>\n\t<meta name=\"twitter:data2\" content=\"3 minutos\" \/>\n<script type=\"application\/ld+json\" class=\"yoast-schema-graph\">{\"@context\":\"https:\\\/\\\/schema.org\",\"@graph\":[{\"@type\":\"Article\",\"@id\":\"https:\\\/\\\/ferabrajan.com\\\/portal\\\/2024\\\/08\\\/06\\\/presenta-museos-puebla-cartelera-cultural-de-agosto\\\/#article\",\"isPartOf\":{\"@id\":\"https:\\\/\\\/ferabrajan.com\\\/portal\\\/2024\\\/08\\\/06\\\/presenta-museos-puebla-cartelera-cultural-de-agosto\\\/\"},\"author\":{\"name\":\"Ismael Rojas\",\"@id\":\"https:\\\/\\\/ferabrajan.com\\\/portal\\\/#\\\/schema\\\/person\\\/83ed4fff5d7e4c8edf481fa39f71acb2\"},\"headline\":\"Presenta Museos Puebla cartelera cultural de agosto\",\"datePublished\":\"2024-08-06T15:00:03+00:00\",\"dateModified\":\"2024-08-06T15:00:11+00:00\",\"mainEntityOfPage\":{\"@id\":\"https:\\\/\\\/ferabrajan.com\\\/portal\\\/2024\\\/08\\\/06\\\/presenta-museos-puebla-cartelera-cultural-de-agosto\\\/\"},\"wordCount\":267,\"publisher\":{\"@id\":\"https:\\\/\\\/ferabrajan.com\\\/portal\\\/#organization\"},\"image\":{\"@id\":\"https:\\\/\\\/ferabrajan.com\\\/portal\\\/2024\\\/08\\\/06\\\/presenta-museos-puebla-cartelera-cultural-de-agosto\\\/#primaryimage\"},\"thumbnailUrl\":\"https:\\\/\\\/ferabrajan.com\\\/portal\\\/wp-content\\\/uploads\\\/2024\\\/08\\\/POSTAL_AGENDA_agosto.png\",\"keywords\":[\"cultura\",\"puebla\",\"Sergio Salom\u00f3n\"],\"articleSection\":[\"Local\",\"Principal\",\"Puebla\"],\"inLanguage\":\"es\"},{\"@type\":\"WebPage\",\"@id\":\"https:\\\/\\\/ferabrajan.com\\\/portal\\\/2024\\\/08\\\/06\\\/presenta-museos-puebla-cartelera-cultural-de-agosto\\\/\",\"url\":\"https:\\\/\\\/ferabrajan.com\\\/portal\\\/2024\\\/08\\\/06\\\/presenta-museos-puebla-cartelera-cultural-de-agosto\\\/\",\"name\":\"Presenta Museos Puebla cartelera cultural de agosto - Fer Abrajan\",\"isPartOf\":{\"@id\":\"https:\\\/\\\/ferabrajan.com\\\/portal\\\/#website\"},\"primaryImageOfPage\":{\"@id\":\"https:\\\/\\\/ferabrajan.com\\\/portal\\\/2024\\\/08\\\/06\\\/presenta-museos-puebla-cartelera-cultural-de-agosto\\\/#primaryimage\"},\"image\":{\"@id\":\"https:\\\/\\\/ferabrajan.com\\\/portal\\\/2024\\\/08\\\/06\\\/presenta-museos-puebla-cartelera-cultural-de-agosto\\\/#primaryimage\"},\"thumbnailUrl\":\"https:\\\/\\\/ferabrajan.com\\\/portal\\\/wp-content\\\/uploads\\\/2024\\\/08\\\/POSTAL_AGENDA_agosto.png\",\"datePublished\":\"2024-08-06T15:00:03+00:00\",\"dateModified\":\"2024-08-06T15:00:11+00:00\",\"description\":\"Destacan dos nuevas exposiciones, jazz en el Barroco y el Festival de Museos\",\"breadcrumb\":{\"@id\":\"https:\\\/\\\/ferabrajan.com\\\/portal\\\/2024\\\/08\\\/06\\\/presenta-museos-puebla-cartelera-cultural-de-agosto\\\/#breadcrumb\"},\"inLanguage\":\"es\",\"potentialAction\":[{\"@type\":\"ReadAction\",\"target\":[\"https:\\\/\\\/ferabrajan.com\\\/portal\\\/2024\\\/08\\\/06\\\/presenta-museos-puebla-cartelera-cultural-de-agosto\\\/\"]}]},{\"@type\":\"ImageObject\",\"inLanguage\":\"es\",\"@id\":\"https:\\\/\\\/ferabrajan.com\\\/portal\\\/2024\\\/08\\\/06\\\/presenta-museos-puebla-cartelera-cultural-de-agosto\\\/#primaryimage\",\"url\":\"https:\\\/\\\/ferabrajan.com\\\/portal\\\/wp-content\\\/uploads\\\/2024\\\/08\\\/POSTAL_AGENDA_agosto.png\",\"contentUrl\":\"https:\\\/\\\/ferabrajan.com\\\/portal\\\/wp-content\\\/uploads\\\/2024\\\/08\\\/POSTAL_AGENDA_agosto.png\",\"width\":1200,\"height\":1200},{\"@type\":\"BreadcrumbList\",\"@id\":\"https:\\\/\\\/ferabrajan.com\\\/portal\\\/2024\\\/08\\\/06\\\/presenta-museos-puebla-cartelera-cultural-de-agosto\\\/#breadcrumb\",\"itemListElement\":[{\"@type\":\"ListItem\",\"position\":1,\"name\":\"Portada\",\"item\":\"https:\\\/\\\/ferabrajan.com\\\/portal\\\/\"},{\"@type\":\"ListItem\",\"position\":2,\"name\":\"Presenta Museos Puebla cartelera cultural de agosto\"}]},{\"@type\":\"WebSite\",\"@id\":\"https:\\\/\\\/ferabrajan.com\\\/portal\\\/#website\",\"url\":\"https:\\\/\\\/ferabrajan.com\\\/portal\\\/\",\"name\":\"Fer Abrajan\",\"description\":\"Noticias de Puebla, opini\u00f3n y radio en vivo\",\"publisher\":{\"@id\":\"https:\\\/\\\/ferabrajan.com\\\/portal\\\/#organization\"},\"potentialAction\":[{\"@type\":\"SearchAction\",\"target\":{\"@type\":\"EntryPoint\",\"urlTemplate\":\"https:\\\/\\\/ferabrajan.com\\\/portal\\\/?s={search_term_string}\"},\"query-input\":{\"@type\":\"PropertyValueSpecification\",\"valueRequired\":true,\"valueName\":\"search_term_string\"}}],\"inLanguage\":\"es\"},{\"@type\":\"Organization\",\"@id\":\"https:\\\/\\\/ferabrajan.com\\\/portal\\\/#organization\",\"name\":\"Fer Abrajan\",\"url\":\"https:\\\/\\\/ferabrajan.com\\\/portal\\\/\",\"logo\":{\"@type\":\"ImageObject\",\"inLanguage\":\"es\",\"@id\":\"https:\\\/\\\/ferabrajan.com\\\/portal\\\/#\\\/schema\\\/logo\\\/image\\\/\",\"url\":\"https:\\\/\\\/ferabrajan.com\\\/portal\\\/wp-content\\\/uploads\\\/2024\\\/10\\\/cropped-logo.jpeg\",\"contentUrl\":\"https:\\\/\\\/ferabrajan.com\\\/portal\\\/wp-content\\\/uploads\\\/2024\\\/10\\\/cropped-logo.jpeg\",\"width\":500,\"height\":250,\"caption\":\"Fer Abrajan\"},\"image\":{\"@id\":\"https:\\\/\\\/ferabrajan.com\\\/portal\\\/#\\\/schema\\\/logo\\\/image\\\/\"},\"sameAs\":[\"https:\\\/\\\/www.facebook.com\\\/NoticiasconFerAbrajan\\\/\",\"https:\\\/\\\/x.com\\\/ferabrajan1\"]},{\"@type\":\"Person\",\"@id\":\"https:\\\/\\\/ferabrajan.com\\\/portal\\\/#\\\/schema\\\/person\\\/83ed4fff5d7e4c8edf481fa39f71acb2\",\"name\":\"Ismael Rojas\",\"image\":{\"@type\":\"ImageObject\",\"inLanguage\":\"es\",\"@id\":\"https:\\\/\\\/secure.gravatar.com\\\/avatar\\\/e4a9cb58548fedeb6143fa536c79b44c34454539235177c55c5819d74963e9d6?s=96&d=mm&r=g\",\"url\":\"https:\\\/\\\/secure.gravatar.com\\\/avatar\\\/e4a9cb58548fedeb6143fa536c79b44c34454539235177c55c5819d74963e9d6?s=96&d=mm&r=g\",\"contentUrl\":\"https:\\\/\\\/secure.gravatar.com\\\/avatar\\\/e4a9cb58548fedeb6143fa536c79b44c34454539235177c55c5819d74963e9d6?s=96&d=mm&r=g\",\"caption\":\"Ismael Rojas\"},\"url\":\"https:\\\/\\\/ferabrajan.com\\\/portal\\\/author\\\/ismael\\\/\"}]}<\/script>\n<!-- \/ Yoast SEO plugin. -->","yoast_head_json":{"title":"Presenta Museos Puebla cartelera cultural de agosto - Fer Abrajan","description":"Destacan dos nuevas exposiciones, jazz en el Barroco y el Festival de Museos","robots":{"index":"index","follow":"follow","max-snippet":"max-snippet:-1","max-image-preview":"max-image-preview:large","max-video-preview":"max-video-preview:-1"},"canonical":"https:\/\/ferabrajan.com\/portal\/2024\/08\/06\/presenta-museos-puebla-cartelera-cultural-de-agosto\/","og_locale":"es_ES","og_type":"article","og_title":"Presenta Museos Puebla cartelera cultural de agosto - Fer Abrajan","og_description":"Destacan dos nuevas exposiciones, jazz en el Barroco y el Festival de Museos","og_url":"https:\/\/ferabrajan.com\/portal\/2024\/08\/06\/presenta-museos-puebla-cartelera-cultural-de-agosto\/","og_site_name":"Fer Abrajan","article_publisher":"https:\/\/www.facebook.com\/NoticiasconFerAbrajan\/","article_published_time":"2024-08-06T15:00:03+00:00","article_modified_time":"2024-08-06T15:00:11+00:00","og_image":[{"width":1024,"height":1024,"url":"https:\/\/ferabrajan.com\/portal\/wp-content\/uploads\/2024\/08\/POSTAL_AGENDA_agosto-1024x1024.png","type":"image\/png"}],"author":"Ismael Rojas","twitter_card":"summary_large_image","twitter_creator":"@ferabrajan1","twitter_site":"@ferabrajan1","twitter_misc":{"Escrito por":"Ismael Rojas","Tiempo de lectura":"3 minutos"},"schema":{"@context":"https:\/\/schema.org","@graph":[{"@type":"Article","@id":"https:\/\/ferabrajan.com\/portal\/2024\/08\/06\/presenta-museos-puebla-cartelera-cultural-de-agosto\/#article","isPartOf":{"@id":"https:\/\/ferabrajan.com\/portal\/2024\/08\/06\/presenta-museos-puebla-cartelera-cultural-de-agosto\/"},"author":{"name":"Ismael Rojas","@id":"https:\/\/ferabrajan.com\/portal\/#\/schema\/person\/83ed4fff5d7e4c8edf481fa39f71acb2"},"headline":"Presenta Museos Puebla cartelera cultural de agosto","datePublished":"2024-08-06T15:00:03+00:00","dateModified":"2024-08-06T15:00:11+00:00","mainEntityOfPage":{"@id":"https:\/\/ferabrajan.com\/portal\/2024\/08\/06\/presenta-museos-puebla-cartelera-cultural-de-agosto\/"},"wordCount":267,"publisher":{"@id":"https:\/\/ferabrajan.com\/portal\/#organization"},"image":{"@id":"https:\/\/ferabrajan.com\/portal\/2024\/08\/06\/presenta-museos-puebla-cartelera-cultural-de-agosto\/#primaryimage"},"thumbnailUrl":"https:\/\/ferabrajan.com\/portal\/wp-content\/uploads\/2024\/08\/POSTAL_AGENDA_agosto.png","keywords":["cultura","puebla","Sergio Salom\u00f3n"],"articleSection":["Local","Principal","Puebla"],"inLanguage":"es"},{"@type":"WebPage","@id":"https:\/\/ferabrajan.com\/portal\/2024\/08\/06\/presenta-museos-puebla-cartelera-cultural-de-agosto\/","url":"https:\/\/ferabrajan.com\/portal\/2024\/08\/06\/presenta-museos-puebla-cartelera-cultural-de-agosto\/","name":"Presenta Museos Puebla cartelera cultural de agosto - Fer Abrajan","isPartOf":{"@id":"https:\/\/ferabrajan.com\/portal\/#website"},"primaryImageOfPage":{"@id":"https:\/\/ferabrajan.com\/portal\/2024\/08\/06\/presenta-museos-puebla-cartelera-cultural-de-agosto\/#primaryimage"},"image":{"@id":"https:\/\/ferabrajan.com\/portal\/2024\/08\/06\/presenta-museos-puebla-cartelera-cultural-de-agosto\/#primaryimage"},"thumbnailUrl":"https:\/\/ferabrajan.com\/portal\/wp-content\/uploads\/2024\/08\/POSTAL_AGENDA_agosto.png","datePublished":"2024-08-06T15:00:03+00:00","dateModified":"2024-08-06T15:00:11+00:00","description":"Destacan dos nuevas exposiciones, jazz en el Barroco y el Festival de Museos","breadcrumb":{"@id":"https:\/\/ferabrajan.com\/portal\/2024\/08\/06\/presenta-museos-puebla-cartelera-cultural-de-agosto\/#breadcrumb"},"inLanguage":"es","potentialAction":[{"@type":"ReadAction","target":["https:\/\/ferabrajan.com\/portal\/2024\/08\/06\/presenta-museos-puebla-cartelera-cultural-de-agosto\/"]}]},{"@type":"ImageObject","inLanguage":"es","@id":"https:\/\/ferabrajan.com\/portal\/2024\/08\/06\/presenta-museos-puebla-cartelera-cultural-de-agosto\/#primaryimage","url":"https:\/\/ferabrajan.com\/portal\/wp-content\/uploads\/2024\/08\/POSTAL_AGENDA_agosto.png","contentUrl":"https:\/\/ferabrajan.com\/portal\/wp-content\/uploads\/2024\/08\/POSTAL_AGENDA_agosto.png","width":1200,"height":1200},{"@type":"BreadcrumbList","@id":"https:\/\/ferabrajan.com\/portal\/2024\/08\/06\/presenta-museos-puebla-cartelera-cultural-de-agosto\/#breadcrumb","itemListElement":[{"@type":"ListItem","position":1,"name":"Portada","item":"https:\/\/ferabrajan.com\/portal\/"},{"@type":"ListItem","position":2,"name":"Presenta Museos Puebla cartelera cultural de agosto"}]},{"@type":"WebSite","@id":"https:\/\/ferabrajan.com\/portal\/#website","url":"https:\/\/ferabrajan.com\/portal\/","name":"Fer Abrajan","description":"Noticias de Puebla, opini\u00f3n y radio en vivo","publisher":{"@id":"https:\/\/ferabrajan.com\/portal\/#organization"},"potentialAction":[{"@type":"SearchAction","target":{"@type":"EntryPoint","urlTemplate":"https:\/\/ferabrajan.com\/portal\/?s={search_term_string}"},"query-input":{"@type":"PropertyValueSpecification","valueRequired":true,"valueName":"search_term_string"}}],"inLanguage":"es"},{"@type":"Organization","@id":"https:\/\/ferabrajan.com\/portal\/#organization","name":"Fer Abrajan","url":"https:\/\/ferabrajan.com\/portal\/","logo":{"@type":"ImageObject","inLanguage":"es","@id":"https:\/\/ferabrajan.com\/portal\/#\/schema\/logo\/image\/","url":"https:\/\/ferabrajan.com\/portal\/wp-content\/uploads\/2024\/10\/cropped-logo.jpeg","contentUrl":"https:\/\/ferabrajan.com\/portal\/wp-content\/uploads\/2024\/10\/cropped-logo.jpeg","width":500,"height":250,"caption":"Fer Abrajan"},"image":{"@id":"https:\/\/ferabrajan.com\/portal\/#\/schema\/logo\/image\/"},"sameAs":["https:\/\/www.facebook.com\/NoticiasconFerAbrajan\/","https:\/\/x.com\/ferabrajan1"]},{"@type":"Person","@id":"https:\/\/ferabrajan.com\/portal\/#\/schema\/person\/83ed4fff5d7e4c8edf481fa39f71acb2","name":"Ismael Rojas","image":{"@type":"ImageObject","inLanguage":"es","@id":"https:\/\/secure.gravatar.com\/avatar\/e4a9cb58548fedeb6143fa536c79b44c34454539235177c55c5819d74963e9d6?s=96&d=mm&r=g","url":"https:\/\/secure.gravatar.com\/avatar\/e4a9cb58548fedeb6143fa536c79b44c34454539235177c55c5819d74963e9d6?s=96&d=mm&r=g","contentUrl":"https:\/\/secure.gravatar.com\/avatar\/e4a9cb58548fedeb6143fa536c79b44c34454539235177c55c5819d74963e9d6?s=96&d=mm&r=g","caption":"Ismael Rojas"},"url":"https:\/\/ferabrajan.com\/portal\/author\/ismael\/"}]}},"_links":{"self":[{"href":"https:\/\/ferabrajan.com\/portal\/wp-json\/wp\/v2\/posts\/63447","targetHints":{"allow":["GET"]}}],"collection":[{"href":"https:\/\/ferabrajan.com\/portal\/wp-json\/wp\/v2\/posts"}],"about":[{"href":"https:\/\/ferabrajan.com\/portal\/wp-json\/wp\/v2\/types\/post"}],"author":[{"embeddable":true,"href":"https:\/\/ferabrajan.com\/portal\/wp-json\/wp\/v2\/users\/4"}],"replies":[{"embeddable":true,"href":"https:\/\/ferabrajan.com\/portal\/wp-json\/wp\/v2\/comments?post=63447"}],"version-history":[{"count":0,"href":"https:\/\/ferabrajan.com\/portal\/wp-json\/wp\/v2\/posts\/63447\/revisions"}],"wp:featuredmedia":[{"embeddable":true,"href":"https:\/\/ferabrajan.com\/portal\/wp-json\/wp\/v2\/media\/63448"}],"wp:attachment":[{"href":"https:\/\/ferabrajan.com\/portal\/wp-json\/wp\/v2\/media?parent=63447"}],"wp:term":[{"taxonomy":"category","embeddable":true,"href":"https:\/\/ferabrajan.com\/portal\/wp-json\/wp\/v2\/categories?post=63447"},{"taxonomy":"post_tag","embeddable":true,"href":"https:\/\/ferabrajan.com\/portal\/wp-json\/wp\/v2\/tags?post=63447"}],"curies":[{"name":"wp","href":"https:\/\/api.w.org\/{rel}","templated":true}]}}