{"id":63442,"date":"2024-08-06T14:39:43","date_gmt":"2024-08-06T14:39:43","guid":{"rendered":"https:\/\/ferabrajan.com\/portal\/?p=63442"},"modified":"2024-08-06T14:39:50","modified_gmt":"2024-08-06T14:39:50","slug":"en-tehuacan-segob-realiza-cuarto-taller-de-planeacion-estrategica-municipal-2024","status":"publish","type":"post","link":"https:\/\/ferabrajan.com\/portal\/2024\/08\/06\/en-tehuacan-segob-realiza-cuarto-taller-de-planeacion-estrategica-municipal-2024\/","title":{"rendered":"En Tehuac\u00e1n, SEGOB realiza cuarto \u201cTaller de Planeaci\u00f3n Estrat\u00e9gica Municipal 2024\u201d"},"content":{"rendered":"\n<p class=\"wp-block-paragraph\">\u00a0Para brindar informaci\u00f3n que robustezca el desempe\u00f1o de las administraciones municipales en funciones y entrantes,  la Secretar\u00eda de Gobernaci\u00f3n (SEGOB), llev\u00f3 a cabo el \u201cTaller de Planeaci\u00f3n Estrat\u00e9gica Municipal 2024&#8243;, dirigido a 37 ediles electos y en funciones de esta regi\u00f3n del estado que abarca los distritos 23 (Acatl\u00e1n de Osorio) 24 y 25 (Tehuac\u00e1n), adem\u00e1s del 26 de Ajalpan, con el objetivo de proporcionar herramientas que promuevan un proceso de transici\u00f3n con transparencia y orden social.<\/p>\n\n\n\n<p class=\"wp-block-paragraph\">Acompa\u00f1ado de funcionarios estatales, el secretario de Gobernaci\u00f3n, Javier Aquino Lim\u00f3n destac\u00f3 que estos ejercicios buscan transmitir conocimientos en diferentes rubros, como es la nueva Ley de Movilidad y Transporte, que aborda la regularizaci\u00f3n de tarifas en el uso de gr\u00faas y corralones.<\/p>\n\n\n\n<p class=\"wp-block-paragraph\">Apunt\u00f3 que, con este cuarto foro regional, el gobierno estatal fortalece a los ayuntamientos con asesor\u00eda y acompa\u00f1amiento de organismos trascendentales, para su correcta funci\u00f3n, como es la Auditor\u00eda Superior del Estado, el Sistema Estatal Anticorrupci\u00f3n, el Consejo Estatal de Seguridad P\u00fablica, as\u00ed como las secretar\u00edas de Gobernaci\u00f3n, de Planeaci\u00f3n y Finanzas, y de Movilidad y Transporte&nbsp;<\/p>\n\n\n\n<p class=\"wp-block-paragraph\">En el marco del evento fueron entregados 14 t\u00edtulos de propiedad del Programa de Regularizaci\u00f3n de Predios R\u00fasticos, Urbanos y Suburbanos destinados a servicios p\u00fablicos como palacios municipales, mercados, canchas de usos m\u00faltiples, panteones, entre otros, de los municipios de Ajalpan, Caltepec, Coxcatl\u00e1n, San Gabriel Chilac, Miahuatl\u00e1n, Tepanco de L\u00f3pez y Zinacatepec.<\/p>\n","protected":false},"excerpt":{"rendered":"<p>Durante el proceso de entrega-recepci\u00f3n, las y los ediles electos reciben capacitaci\u00f3n en materia de gobernabilidad para la entidad<\/p>\n","protected":false},"author":3,"featured_media":63443,"comment_status":"closed","ping_status":"closed","sticky":false,"template":"","format":"standard","meta":{"_monsterinsights_skip_tracking":false,"_uf_show_specific_survey":0,"_uf_disable_surveys":false,"footnotes":""},"categories":[53,585,34],"tags":[26,1334],"class_list":["post-63442","post","type-post","status-publish","format-standard","has-post-thumbnail","hentry","category-local","category-principal","category-puebla","tag-puebla","tag-secretaria-de-gobernacion"],"yoast_head":"<!-- This site is optimized with the Yoast SEO plugin v27.5 - https:\/\/yoast.com\/product\/yoast-seo-wordpress\/ -->\n<title>En Tehuac\u00e1n, SEGOB realiza cuarto \u201cTaller de Planeaci\u00f3n Estrat\u00e9gica Municipal 2024\u201d - Fer Abrajan<\/title>\n<meta name=\"description\" content=\"Durante el proceso de entrega-recepci\u00f3n, las y los ediles electos reciben capacitaci\u00f3n en materia de gobernabilidad para la entidad\" \/>\n<meta name=\"robots\" content=\"index, follow, max-snippet:-1, max-image-preview:large, max-video-preview:-1\" \/>\n<link rel=\"canonical\" href=\"https:\/\/ferabrajan.com\/portal\/2024\/08\/06\/en-tehuacan-segob-realiza-cuarto-taller-de-planeacion-estrategica-municipal-2024\/\" \/>\n<meta property=\"og:locale\" content=\"es_ES\" \/>\n<meta property=\"og:type\" content=\"article\" \/>\n<meta property=\"og:title\" content=\"En Tehuac\u00e1n, SEGOB realiza cuarto \u201cTaller de Planeaci\u00f3n Estrat\u00e9gica Municipal 2024\u201d - Fer Abrajan\" \/>\n<meta property=\"og:description\" content=\"Durante el proceso de entrega-recepci\u00f3n, las y los ediles electos reciben capacitaci\u00f3n en materia de gobernabilidad para la entidad\" \/>\n<meta property=\"og:url\" content=\"https:\/\/ferabrajan.com\/portal\/2024\/08\/06\/en-tehuacan-segob-realiza-cuarto-taller-de-planeacion-estrategica-municipal-2024\/\" \/>\n<meta property=\"og:site_name\" content=\"Fer Abrajan\" \/>\n<meta property=\"article:publisher\" content=\"https:\/\/www.facebook.com\/NoticiasconFerAbrajan\/\" \/>\n<meta property=\"article:published_time\" content=\"2024-08-06T14:39:43+00:00\" \/>\n<meta property=\"article:modified_time\" content=\"2024-08-06T14:39:50+00:00\" \/>\n<meta property=\"og:image\" content=\"https:\/\/ferabrajan.com\/portal\/wp-content\/uploads\/2024\/08\/5_En_Tehuacan_SEGOB_realiza_cuarto__Taller_de_Planeacion_Estrategica_Municipal_2024_-scaled.jpeg\" \/>\n\t<meta property=\"og:image:width\" content=\"2048\" \/>\n\t<meta property=\"og:image:height\" content=\"1367\" \/>\n\t<meta property=\"og:image:type\" content=\"image\/jpeg\" \/>\n<meta name=\"author\" content=\"Rebeca N\u00fa\u00f1ez\" \/>\n<meta name=\"twitter:card\" content=\"summary_large_image\" \/>\n<meta name=\"twitter:creator\" content=\"@ferabrajan1\" \/>\n<meta name=\"twitter:site\" content=\"@ferabrajan1\" \/>\n<meta name=\"twitter:label1\" content=\"Escrito por\" \/>\n\t<meta name=\"twitter:data1\" content=\"Rebeca N\u00fa\u00f1ez\" \/>\n\t<meta name=\"twitter:label2\" content=\"Tiempo de lectura\" \/>\n\t<meta name=\"twitter:data2\" content=\"2 minutos\" \/>\n<script type=\"application\/ld+json\" class=\"yoast-schema-graph\">{\"@context\":\"https:\\\/\\\/schema.org\",\"@graph\":[{\"@type\":\"Article\",\"@id\":\"https:\\\/\\\/ferabrajan.com\\\/portal\\\/2024\\\/08\\\/06\\\/en-tehuacan-segob-realiza-cuarto-taller-de-planeacion-estrategica-municipal-2024\\\/#article\",\"isPartOf\":{\"@id\":\"https:\\\/\\\/ferabrajan.com\\\/portal\\\/2024\\\/08\\\/06\\\/en-tehuacan-segob-realiza-cuarto-taller-de-planeacion-estrategica-municipal-2024\\\/\"},\"author\":{\"name\":\"Rebeca N\u00fa\u00f1ez\",\"@id\":\"https:\\\/\\\/ferabrajan.com\\\/portal\\\/#\\\/schema\\\/person\\\/a79364e0091921e733584c4833bc7a50\"},\"headline\":\"En Tehuac\u00e1n, SEGOB realiza cuarto \u201cTaller de Planeaci\u00f3n Estrat\u00e9gica Municipal 2024\u201d\",\"datePublished\":\"2024-08-06T14:39:43+00:00\",\"dateModified\":\"2024-08-06T14:39:50+00:00\",\"mainEntityOfPage\":{\"@id\":\"https:\\\/\\\/ferabrajan.com\\\/portal\\\/2024\\\/08\\\/06\\\/en-tehuacan-segob-realiza-cuarto-taller-de-planeacion-estrategica-municipal-2024\\\/\"},\"wordCount\":269,\"publisher\":{\"@id\":\"https:\\\/\\\/ferabrajan.com\\\/portal\\\/#organization\"},\"image\":{\"@id\":\"https:\\\/\\\/ferabrajan.com\\\/portal\\\/2024\\\/08\\\/06\\\/en-tehuacan-segob-realiza-cuarto-taller-de-planeacion-estrategica-municipal-2024\\\/#primaryimage\"},\"thumbnailUrl\":\"https:\\\/\\\/ferabrajan.com\\\/portal\\\/wp-content\\\/uploads\\\/2024\\\/08\\\/5_En_Tehuacan_SEGOB_realiza_cuarto__Taller_de_Planeacion_Estrategica_Municipal_2024_-scaled.jpeg\",\"keywords\":[\"puebla\",\"Secretar\u00eda de Gobernaci\u00f3n\"],\"articleSection\":[\"Local\",\"Principal\",\"Puebla\"],\"inLanguage\":\"es\"},{\"@type\":\"WebPage\",\"@id\":\"https:\\\/\\\/ferabrajan.com\\\/portal\\\/2024\\\/08\\\/06\\\/en-tehuacan-segob-realiza-cuarto-taller-de-planeacion-estrategica-municipal-2024\\\/\",\"url\":\"https:\\\/\\\/ferabrajan.com\\\/portal\\\/2024\\\/08\\\/06\\\/en-tehuacan-segob-realiza-cuarto-taller-de-planeacion-estrategica-municipal-2024\\\/\",\"name\":\"En Tehuac\u00e1n, SEGOB realiza cuarto \u201cTaller de Planeaci\u00f3n Estrat\u00e9gica Municipal 2024\u201d - Fer Abrajan\",\"isPartOf\":{\"@id\":\"https:\\\/\\\/ferabrajan.com\\\/portal\\\/#website\"},\"primaryImageOfPage\":{\"@id\":\"https:\\\/\\\/ferabrajan.com\\\/portal\\\/2024\\\/08\\\/06\\\/en-tehuacan-segob-realiza-cuarto-taller-de-planeacion-estrategica-municipal-2024\\\/#primaryimage\"},\"image\":{\"@id\":\"https:\\\/\\\/ferabrajan.com\\\/portal\\\/2024\\\/08\\\/06\\\/en-tehuacan-segob-realiza-cuarto-taller-de-planeacion-estrategica-municipal-2024\\\/#primaryimage\"},\"thumbnailUrl\":\"https:\\\/\\\/ferabrajan.com\\\/portal\\\/wp-content\\\/uploads\\\/2024\\\/08\\\/5_En_Tehuacan_SEGOB_realiza_cuarto__Taller_de_Planeacion_Estrategica_Municipal_2024_-scaled.jpeg\",\"datePublished\":\"2024-08-06T14:39:43+00:00\",\"dateModified\":\"2024-08-06T14:39:50+00:00\",\"description\":\"Durante el proceso de entrega-recepci\u00f3n, las y los ediles electos reciben capacitaci\u00f3n en materia de gobernabilidad para la entidad\",\"breadcrumb\":{\"@id\":\"https:\\\/\\\/ferabrajan.com\\\/portal\\\/2024\\\/08\\\/06\\\/en-tehuacan-segob-realiza-cuarto-taller-de-planeacion-estrategica-municipal-2024\\\/#breadcrumb\"},\"inLanguage\":\"es\",\"potentialAction\":[{\"@type\":\"ReadAction\",\"target\":[\"https:\\\/\\\/ferabrajan.com\\\/portal\\\/2024\\\/08\\\/06\\\/en-tehuacan-segob-realiza-cuarto-taller-de-planeacion-estrategica-municipal-2024\\\/\"]}]},{\"@type\":\"ImageObject\",\"inLanguage\":\"es\",\"@id\":\"https:\\\/\\\/ferabrajan.com\\\/portal\\\/2024\\\/08\\\/06\\\/en-tehuacan-segob-realiza-cuarto-taller-de-planeacion-estrategica-municipal-2024\\\/#primaryimage\",\"url\":\"https:\\\/\\\/ferabrajan.com\\\/portal\\\/wp-content\\\/uploads\\\/2024\\\/08\\\/5_En_Tehuacan_SEGOB_realiza_cuarto__Taller_de_Planeacion_Estrategica_Municipal_2024_-scaled.jpeg\",\"contentUrl\":\"https:\\\/\\\/ferabrajan.com\\\/portal\\\/wp-content\\\/uploads\\\/2024\\\/08\\\/5_En_Tehuacan_SEGOB_realiza_cuarto__Taller_de_Planeacion_Estrategica_Municipal_2024_-scaled.jpeg\",\"width\":2048,\"height\":1367},{\"@type\":\"BreadcrumbList\",\"@id\":\"https:\\\/\\\/ferabrajan.com\\\/portal\\\/2024\\\/08\\\/06\\\/en-tehuacan-segob-realiza-cuarto-taller-de-planeacion-estrategica-municipal-2024\\\/#breadcrumb\",\"itemListElement\":[{\"@type\":\"ListItem\",\"position\":1,\"name\":\"Portada\",\"item\":\"https:\\\/\\\/ferabrajan.com\\\/portal\\\/\"},{\"@type\":\"ListItem\",\"position\":2,\"name\":\"En Tehuac\u00e1n, SEGOB realiza cuarto \u201cTaller de Planeaci\u00f3n Estrat\u00e9gica Municipal 2024\u201d\"}]},{\"@type\":\"WebSite\",\"@id\":\"https:\\\/\\\/ferabrajan.com\\\/portal\\\/#website\",\"url\":\"https:\\\/\\\/ferabrajan.com\\\/portal\\\/\",\"name\":\"Fer Abrajan\",\"description\":\"Noticias de Puebla, opini\u00f3n y radio en vivo\",\"publisher\":{\"@id\":\"https:\\\/\\\/ferabrajan.com\\\/portal\\\/#organization\"},\"potentialAction\":[{\"@type\":\"SearchAction\",\"target\":{\"@type\":\"EntryPoint\",\"urlTemplate\":\"https:\\\/\\\/ferabrajan.com\\\/portal\\\/?s={search_term_string}\"},\"query-input\":{\"@type\":\"PropertyValueSpecification\",\"valueRequired\":true,\"valueName\":\"search_term_string\"}}],\"inLanguage\":\"es\"},{\"@type\":\"Organization\",\"@id\":\"https:\\\/\\\/ferabrajan.com\\\/portal\\\/#organization\",\"name\":\"Fer Abrajan\",\"url\":\"https:\\\/\\\/ferabrajan.com\\\/portal\\\/\",\"logo\":{\"@type\":\"ImageObject\",\"inLanguage\":\"es\",\"@id\":\"https:\\\/\\\/ferabrajan.com\\\/portal\\\/#\\\/schema\\\/logo\\\/image\\\/\",\"url\":\"https:\\\/\\\/ferabrajan.com\\\/portal\\\/wp-content\\\/uploads\\\/2024\\\/10\\\/cropped-logo.jpeg\",\"contentUrl\":\"https:\\\/\\\/ferabrajan.com\\\/portal\\\/wp-content\\\/uploads\\\/2024\\\/10\\\/cropped-logo.jpeg\",\"width\":500,\"height\":250,\"caption\":\"Fer Abrajan\"},\"image\":{\"@id\":\"https:\\\/\\\/ferabrajan.com\\\/portal\\\/#\\\/schema\\\/logo\\\/image\\\/\"},\"sameAs\":[\"https:\\\/\\\/www.facebook.com\\\/NoticiasconFerAbrajan\\\/\",\"https:\\\/\\\/x.com\\\/ferabrajan1\"]},{\"@type\":\"Person\",\"@id\":\"https:\\\/\\\/ferabrajan.com\\\/portal\\\/#\\\/schema\\\/person\\\/a79364e0091921e733584c4833bc7a50\",\"name\":\"Rebeca N\u00fa\u00f1ez\",\"image\":{\"@type\":\"ImageObject\",\"inLanguage\":\"es\",\"@id\":\"https:\\\/\\\/secure.gravatar.com\\\/avatar\\\/c9cbf721287e849268cd37eca93cf4be51b2eed9e71c8d0c6825bd912000b74e?s=96&d=mm&r=g\",\"url\":\"https:\\\/\\\/secure.gravatar.com\\\/avatar\\\/c9cbf721287e849268cd37eca93cf4be51b2eed9e71c8d0c6825bd912000b74e?s=96&d=mm&r=g\",\"contentUrl\":\"https:\\\/\\\/secure.gravatar.com\\\/avatar\\\/c9cbf721287e849268cd37eca93cf4be51b2eed9e71c8d0c6825bd912000b74e?s=96&d=mm&r=g\",\"caption\":\"Rebeca N\u00fa\u00f1ez\"},\"url\":\"https:\\\/\\\/ferabrajan.com\\\/portal\\\/author\\\/rebeca\\\/\"}]}<\/script>\n<!-- \/ Yoast SEO plugin. -->","yoast_head_json":{"title":"En Tehuac\u00e1n, SEGOB realiza cuarto \u201cTaller de Planeaci\u00f3n Estrat\u00e9gica Municipal 2024\u201d - Fer Abrajan","description":"Durante el proceso de entrega-recepci\u00f3n, las y los ediles electos reciben capacitaci\u00f3n en materia de gobernabilidad para la entidad","robots":{"index":"index","follow":"follow","max-snippet":"max-snippet:-1","max-image-preview":"max-image-preview:large","max-video-preview":"max-video-preview:-1"},"canonical":"https:\/\/ferabrajan.com\/portal\/2024\/08\/06\/en-tehuacan-segob-realiza-cuarto-taller-de-planeacion-estrategica-municipal-2024\/","og_locale":"es_ES","og_type":"article","og_title":"En Tehuac\u00e1n, SEGOB realiza cuarto \u201cTaller de Planeaci\u00f3n Estrat\u00e9gica Municipal 2024\u201d - Fer Abrajan","og_description":"Durante el proceso de entrega-recepci\u00f3n, las y los ediles electos reciben capacitaci\u00f3n en materia de gobernabilidad para la entidad","og_url":"https:\/\/ferabrajan.com\/portal\/2024\/08\/06\/en-tehuacan-segob-realiza-cuarto-taller-de-planeacion-estrategica-municipal-2024\/","og_site_name":"Fer Abrajan","article_publisher":"https:\/\/www.facebook.com\/NoticiasconFerAbrajan\/","article_published_time":"2024-08-06T14:39:43+00:00","article_modified_time":"2024-08-06T14:39:50+00:00","og_image":[{"width":2048,"height":1367,"url":"https:\/\/ferabrajan.com\/portal\/wp-content\/uploads\/2024\/08\/5_En_Tehuacan_SEGOB_realiza_cuarto__Taller_de_Planeacion_Estrategica_Municipal_2024_-scaled.jpeg","type":"image\/jpeg"}],"author":"Rebeca N\u00fa\u00f1ez","twitter_card":"summary_large_image","twitter_creator":"@ferabrajan1","twitter_site":"@ferabrajan1","twitter_misc":{"Escrito por":"Rebeca N\u00fa\u00f1ez","Tiempo de lectura":"2 minutos"},"schema":{"@context":"https:\/\/schema.org","@graph":[{"@type":"Article","@id":"https:\/\/ferabrajan.com\/portal\/2024\/08\/06\/en-tehuacan-segob-realiza-cuarto-taller-de-planeacion-estrategica-municipal-2024\/#article","isPartOf":{"@id":"https:\/\/ferabrajan.com\/portal\/2024\/08\/06\/en-tehuacan-segob-realiza-cuarto-taller-de-planeacion-estrategica-municipal-2024\/"},"author":{"name":"Rebeca N\u00fa\u00f1ez","@id":"https:\/\/ferabrajan.com\/portal\/#\/schema\/person\/a79364e0091921e733584c4833bc7a50"},"headline":"En Tehuac\u00e1n, SEGOB realiza cuarto \u201cTaller de Planeaci\u00f3n Estrat\u00e9gica Municipal 2024\u201d","datePublished":"2024-08-06T14:39:43+00:00","dateModified":"2024-08-06T14:39:50+00:00","mainEntityOfPage":{"@id":"https:\/\/ferabrajan.com\/portal\/2024\/08\/06\/en-tehuacan-segob-realiza-cuarto-taller-de-planeacion-estrategica-municipal-2024\/"},"wordCount":269,"publisher":{"@id":"https:\/\/ferabrajan.com\/portal\/#organization"},"image":{"@id":"https:\/\/ferabrajan.com\/portal\/2024\/08\/06\/en-tehuacan-segob-realiza-cuarto-taller-de-planeacion-estrategica-municipal-2024\/#primaryimage"},"thumbnailUrl":"https:\/\/ferabrajan.com\/portal\/wp-content\/uploads\/2024\/08\/5_En_Tehuacan_SEGOB_realiza_cuarto__Taller_de_Planeacion_Estrategica_Municipal_2024_-scaled.jpeg","keywords":["puebla","Secretar\u00eda de Gobernaci\u00f3n"],"articleSection":["Local","Principal","Puebla"],"inLanguage":"es"},{"@type":"WebPage","@id":"https:\/\/ferabrajan.com\/portal\/2024\/08\/06\/en-tehuacan-segob-realiza-cuarto-taller-de-planeacion-estrategica-municipal-2024\/","url":"https:\/\/ferabrajan.com\/portal\/2024\/08\/06\/en-tehuacan-segob-realiza-cuarto-taller-de-planeacion-estrategica-municipal-2024\/","name":"En Tehuac\u00e1n, SEGOB realiza cuarto \u201cTaller de Planeaci\u00f3n Estrat\u00e9gica Municipal 2024\u201d - Fer Abrajan","isPartOf":{"@id":"https:\/\/ferabrajan.com\/portal\/#website"},"primaryImageOfPage":{"@id":"https:\/\/ferabrajan.com\/portal\/2024\/08\/06\/en-tehuacan-segob-realiza-cuarto-taller-de-planeacion-estrategica-municipal-2024\/#primaryimage"},"image":{"@id":"https:\/\/ferabrajan.com\/portal\/2024\/08\/06\/en-tehuacan-segob-realiza-cuarto-taller-de-planeacion-estrategica-municipal-2024\/#primaryimage"},"thumbnailUrl":"https:\/\/ferabrajan.com\/portal\/wp-content\/uploads\/2024\/08\/5_En_Tehuacan_SEGOB_realiza_cuarto__Taller_de_Planeacion_Estrategica_Municipal_2024_-scaled.jpeg","datePublished":"2024-08-06T14:39:43+00:00","dateModified":"2024-08-06T14:39:50+00:00","description":"Durante el proceso de entrega-recepci\u00f3n, las y los ediles electos reciben capacitaci\u00f3n en materia de gobernabilidad para la entidad","breadcrumb":{"@id":"https:\/\/ferabrajan.com\/portal\/2024\/08\/06\/en-tehuacan-segob-realiza-cuarto-taller-de-planeacion-estrategica-municipal-2024\/#breadcrumb"},"inLanguage":"es","potentialAction":[{"@type":"ReadAction","target":["https:\/\/ferabrajan.com\/portal\/2024\/08\/06\/en-tehuacan-segob-realiza-cuarto-taller-de-planeacion-estrategica-municipal-2024\/"]}]},{"@type":"ImageObject","inLanguage":"es","@id":"https:\/\/ferabrajan.com\/portal\/2024\/08\/06\/en-tehuacan-segob-realiza-cuarto-taller-de-planeacion-estrategica-municipal-2024\/#primaryimage","url":"https:\/\/ferabrajan.com\/portal\/wp-content\/uploads\/2024\/08\/5_En_Tehuacan_SEGOB_realiza_cuarto__Taller_de_Planeacion_Estrategica_Municipal_2024_-scaled.jpeg","contentUrl":"https:\/\/ferabrajan.com\/portal\/wp-content\/uploads\/2024\/08\/5_En_Tehuacan_SEGOB_realiza_cuarto__Taller_de_Planeacion_Estrategica_Municipal_2024_-scaled.jpeg","width":2048,"height":1367},{"@type":"BreadcrumbList","@id":"https:\/\/ferabrajan.com\/portal\/2024\/08\/06\/en-tehuacan-segob-realiza-cuarto-taller-de-planeacion-estrategica-municipal-2024\/#breadcrumb","itemListElement":[{"@type":"ListItem","position":1,"name":"Portada","item":"https:\/\/ferabrajan.com\/portal\/"},{"@type":"ListItem","position":2,"name":"En Tehuac\u00e1n, SEGOB realiza cuarto \u201cTaller de Planeaci\u00f3n Estrat\u00e9gica Municipal 2024\u201d"}]},{"@type":"WebSite","@id":"https:\/\/ferabrajan.com\/portal\/#website","url":"https:\/\/ferabrajan.com\/portal\/","name":"Fer Abrajan","description":"Noticias de Puebla, opini\u00f3n y radio en vivo","publisher":{"@id":"https:\/\/ferabrajan.com\/portal\/#organization"},"potentialAction":[{"@type":"SearchAction","target":{"@type":"EntryPoint","urlTemplate":"https:\/\/ferabrajan.com\/portal\/?s={search_term_string}"},"query-input":{"@type":"PropertyValueSpecification","valueRequired":true,"valueName":"search_term_string"}}],"inLanguage":"es"},{"@type":"Organization","@id":"https:\/\/ferabrajan.com\/portal\/#organization","name":"Fer Abrajan","url":"https:\/\/ferabrajan.com\/portal\/","logo":{"@type":"ImageObject","inLanguage":"es","@id":"https:\/\/ferabrajan.com\/portal\/#\/schema\/logo\/image\/","url":"https:\/\/ferabrajan.com\/portal\/wp-content\/uploads\/2024\/10\/cropped-logo.jpeg","contentUrl":"https:\/\/ferabrajan.com\/portal\/wp-content\/uploads\/2024\/10\/cropped-logo.jpeg","width":500,"height":250,"caption":"Fer Abrajan"},"image":{"@id":"https:\/\/ferabrajan.com\/portal\/#\/schema\/logo\/image\/"},"sameAs":["https:\/\/www.facebook.com\/NoticiasconFerAbrajan\/","https:\/\/x.com\/ferabrajan1"]},{"@type":"Person","@id":"https:\/\/ferabrajan.com\/portal\/#\/schema\/person\/a79364e0091921e733584c4833bc7a50","name":"Rebeca N\u00fa\u00f1ez","image":{"@type":"ImageObject","inLanguage":"es","@id":"https:\/\/secure.gravatar.com\/avatar\/c9cbf721287e849268cd37eca93cf4be51b2eed9e71c8d0c6825bd912000b74e?s=96&d=mm&r=g","url":"https:\/\/secure.gravatar.com\/avatar\/c9cbf721287e849268cd37eca93cf4be51b2eed9e71c8d0c6825bd912000b74e?s=96&d=mm&r=g","contentUrl":"https:\/\/secure.gravatar.com\/avatar\/c9cbf721287e849268cd37eca93cf4be51b2eed9e71c8d0c6825bd912000b74e?s=96&d=mm&r=g","caption":"Rebeca N\u00fa\u00f1ez"},"url":"https:\/\/ferabrajan.com\/portal\/author\/rebeca\/"}]}},"_links":{"self":[{"href":"https:\/\/ferabrajan.com\/portal\/wp-json\/wp\/v2\/posts\/63442","targetHints":{"allow":["GET"]}}],"collection":[{"href":"https:\/\/ferabrajan.com\/portal\/wp-json\/wp\/v2\/posts"}],"about":[{"href":"https:\/\/ferabrajan.com\/portal\/wp-json\/wp\/v2\/types\/post"}],"author":[{"embeddable":true,"href":"https:\/\/ferabrajan.com\/portal\/wp-json\/wp\/v2\/users\/3"}],"replies":[{"embeddable":true,"href":"https:\/\/ferabrajan.com\/portal\/wp-json\/wp\/v2\/comments?post=63442"}],"version-history":[{"count":0,"href":"https:\/\/ferabrajan.com\/portal\/wp-json\/wp\/v2\/posts\/63442\/revisions"}],"wp:featuredmedia":[{"embeddable":true,"href":"https:\/\/ferabrajan.com\/portal\/wp-json\/wp\/v2\/media\/63443"}],"wp:attachment":[{"href":"https:\/\/ferabrajan.com\/portal\/wp-json\/wp\/v2\/media?parent=63442"}],"wp:term":[{"taxonomy":"category","embeddable":true,"href":"https:\/\/ferabrajan.com\/portal\/wp-json\/wp\/v2\/categories?post=63442"},{"taxonomy":"post_tag","embeddable":true,"href":"https:\/\/ferabrajan.com\/portal\/wp-json\/wp\/v2\/tags?post=63442"}],"curies":[{"name":"wp","href":"https:\/\/api.w.org\/{rel}","templated":true}]}}