{"id":62821,"date":"2024-07-17T14:31:49","date_gmt":"2024-07-17T14:31:49","guid":{"rendered":"https:\/\/ferabrajan.com\/portal\/?p=62821"},"modified":"2024-07-17T14:31:49","modified_gmt":"2024-07-17T14:31:49","slug":"concluyen-estudios-cerca-de-2-mil-alumnos-del-cenhch-segob","status":"publish","type":"post","link":"https:\/\/ferabrajan.com\/portal\/2024\/07\/17\/concluyen-estudios-cerca-de-2-mil-alumnos-del-cenhch-segob\/","title":{"rendered":"Concluyen estudios cerca de 2 mil alumnos del CENHCH: SEGOB"},"content":{"rendered":"<p>El secretario de Gobernaci\u00f3n (SEGOB), Javier Aquino Lim\u00f3n, en compa\u00f1\u00eda del titular de la Secretar\u00eda de Educaci\u00f3n, Jorge Estefan Chidiac, encabez\u00f3 la ceremonia de graduaci\u00f3n del <strong>Centro Escolar \u201cNi\u00f1os H\u00e9roes de Chapultepec\u201d<\/strong> (CENHCH) 2024, donde tambi\u00e9n apadrin\u00f3 a mil 938 estudiantes que se recibieron de todos los niveles educativos de dicha instituci\u00f3n.<\/p>\n<p>En su intervenci\u00f3n, el titular de la SEGOB destac\u00f3 que, como parte de las acciones que impulsa el gobernador Sergio Salom\u00f3n en materia educativa, el gobierno estatal ha gestionado la construcci\u00f3n de Ciudad Universitaria 2, as\u00ed como un plantel del Instituto Polit\u00e9cnico Nacional (IPN) en la entidad, lo que ampl\u00eda las oportunidades para las y los j\u00f3venes de continuar sus estudios a nivel superior.<\/p>\n<p><img fetchpriority=\"high\" decoding=\"async\" class=\"alignnone size-medium wp-image-62824\" src=\"https:\/\/ferabrajan.com\/portal\/wp-content\/uploads\/2024\/07\/3_Concluyen_estudios_cerca_de_2_mil_alumnos_del_CENHCH._SEGOB-300x200.jpeg\" alt=\"\" width=\"300\" height=\"200\" srcset=\"https:\/\/ferabrajan.com\/portal\/wp-content\/uploads\/2024\/07\/3_Concluyen_estudios_cerca_de_2_mil_alumnos_del_CENHCH._SEGOB-300x200.jpeg 300w, https:\/\/ferabrajan.com\/portal\/wp-content\/uploads\/2024\/07\/3_Concluyen_estudios_cerca_de_2_mil_alumnos_del_CENHCH._SEGOB-1024x683.jpeg 1024w, https:\/\/ferabrajan.com\/portal\/wp-content\/uploads\/2024\/07\/3_Concluyen_estudios_cerca_de_2_mil_alumnos_del_CENHCH._SEGOB-768x512.jpeg 768w, https:\/\/ferabrajan.com\/portal\/wp-content\/uploads\/2024\/07\/3_Concluyen_estudios_cerca_de_2_mil_alumnos_del_CENHCH._SEGOB-1536x1024.jpeg 1536w, https:\/\/ferabrajan.com\/portal\/wp-content\/uploads\/2024\/07\/3_Concluyen_estudios_cerca_de_2_mil_alumnos_del_CENHCH._SEGOB.jpeg 1599w\" sizes=\"(max-width: 300px) 100vw, 300px\" \/><\/p>\n<p>Ante padres de familia, alumnos y personal acad\u00e9mico, Aquino Lim\u00f3n celebr\u00f3 el logro de las y los estudiantes al concluir una etapa acad\u00e9mica m\u00e1s y enfatiz\u00f3 que la disciplina que sobresale al ser parte de este instituto los va a distinguir, porque se convierte en una filosof\u00eda de vida; se\u00f1al\u00f3 que ser alumno del CENHCH es un orgullo y marca el destino de muchas personas.<\/p>\n<p><img decoding=\"async\" class=\"alignnone size-medium wp-image-62822\" src=\"https:\/\/ferabrajan.com\/portal\/wp-content\/uploads\/2024\/07\/2_Concluyen_estudios_cerca_de_2_mil_alumnos_del_CENHCH._SEGOB-300x193.jpeg\" alt=\"\" width=\"300\" height=\"193\" srcset=\"https:\/\/ferabrajan.com\/portal\/wp-content\/uploads\/2024\/07\/2_Concluyen_estudios_cerca_de_2_mil_alumnos_del_CENHCH._SEGOB-300x193.jpeg 300w, https:\/\/ferabrajan.com\/portal\/wp-content\/uploads\/2024\/07\/2_Concluyen_estudios_cerca_de_2_mil_alumnos_del_CENHCH._SEGOB-1024x658.jpeg 1024w, https:\/\/ferabrajan.com\/portal\/wp-content\/uploads\/2024\/07\/2_Concluyen_estudios_cerca_de_2_mil_alumnos_del_CENHCH._SEGOB-768x493.jpeg 768w, https:\/\/ferabrajan.com\/portal\/wp-content\/uploads\/2024\/07\/2_Concluyen_estudios_cerca_de_2_mil_alumnos_del_CENHCH._SEGOB.jpeg 1280w\" sizes=\"(max-width: 300px) 100vw, 300px\" \/><\/p>\n<p><strong>Centros escolares, un orgullo para Puebla: Estefan Chidiac<\/strong><\/p>\n<p>En su oportunidad, el secretario de Educaci\u00f3n, Jorge Estefan Chidiac destac\u00f3 que, los centros escolares son un orgullo para Puebla, por lo que invit\u00f3 a las y los estudiantes a continuar con su formaci\u00f3n acad\u00e9mica, tambi\u00e9n agradeci\u00f3 y reconoci\u00f3 el compromiso de los padres de familia y docentes por guiar y acompa\u00f1arlos durante este periodo escolar.<\/p>\n<p>Agreg\u00f3 que, una de las prioridades del gobierno presente de Sergio Salom\u00f3n es entregar los paquetes escolares a tiempo conformados de: uniformes, zapatos y mochilas; adem\u00e1s, destac\u00f3 que la dependencia otorgar\u00e1 a los estudiantes y docentes m\u00e1s de nueve millones de libros de texto gratuitos para el inicio del ciclo escolar 2024-2025.<\/p>\n<p><img decoding=\"async\" class=\"alignnone size-medium wp-image-62826\" src=\"https:\/\/ferabrajan.com\/portal\/wp-content\/uploads\/2024\/07\/7_Concluyen_estudios_cerca_de_2_mil_alumnos_del_CENHCH._SEGOB-300x200.jpeg\" alt=\"\" width=\"300\" height=\"200\" srcset=\"https:\/\/ferabrajan.com\/portal\/wp-content\/uploads\/2024\/07\/7_Concluyen_estudios_cerca_de_2_mil_alumnos_del_CENHCH._SEGOB-300x200.jpeg 300w, https:\/\/ferabrajan.com\/portal\/wp-content\/uploads\/2024\/07\/7_Concluyen_estudios_cerca_de_2_mil_alumnos_del_CENHCH._SEGOB-1024x683.jpeg 1024w, https:\/\/ferabrajan.com\/portal\/wp-content\/uploads\/2024\/07\/7_Concluyen_estudios_cerca_de_2_mil_alumnos_del_CENHCH._SEGOB-768x512.jpeg 768w, https:\/\/ferabrajan.com\/portal\/wp-content\/uploads\/2024\/07\/7_Concluyen_estudios_cerca_de_2_mil_alumnos_del_CENHCH._SEGOB-1536x1025.jpeg 1536w, https:\/\/ferabrajan.com\/portal\/wp-content\/uploads\/2024\/07\/7_Concluyen_estudios_cerca_de_2_mil_alumnos_del_CENHCH._SEGOB-scaled.jpeg 2048w\" sizes=\"(max-width: 300px) 100vw, 300px\" \/><\/p>\n<p>En el evento estuvieron presentes Evelyn Hurtado Morales, directora general de los Centros Escolares y Jos\u00e9 Efra\u00edn Carrasco Galeote, director general del CENHCH; Jorge Luis Ortiz Balc\u00e1zar, representante del subsecretario de Educaci\u00f3n Obligatoria y Lidia Itzel Carrasco Rodr\u00edguez, representante del subsecretario de Educaci\u00f3n Obligatoria.<\/p>\n<p>As\u00ed como Mario Alberto Cruz Gonz\u00e1lez, director del CAPCEE; Alfredo G\u00f3mez Palacios, secretario general de la Secci\u00f3n 51 del SNTE; Ana Luisa Lizardi Guerrero, coordinadora de Desarrollo Educativo Puebla Oriente; Alan Quiroz Mej\u00eda, director de Bachilleratos estatales; Amauri Alejandro Trejo Rivas, director general del ISSSTEP y Eduardo Escamilla Islas, Supervisor Escolar de la Regi\u00f3n I de Puebla de Centros Escolares.<\/p>\n","protected":false},"excerpt":{"rendered":"<p>El secretario de Gobernaci\u00f3n apadrin\u00f3 a la generaci\u00f3n 2024 y destac\u00f3 que con la construcci\u00f3n de CU2 y del plantel del IPN, el gobierno estatal ampl\u00eda las oportunidades de estudios a nivel superior<\/p>\n","protected":false},"author":3,"featured_media":62827,"comment_status":"closed","ping_status":"closed","sticky":false,"template":"","format":"standard","meta":{"_monsterinsights_skip_tracking":false,"_uf_show_specific_survey":0,"_uf_disable_surveys":false,"footnotes":""},"categories":[53,585,34],"tags":[1210,1191,513,1334],"class_list":["post-62821","post","type-post","status-publish","format-standard","has-post-thumbnail","hentry","category-local","category-principal","category-puebla","tag-javier-aquino","tag-jorge-estefan-chidiac","tag-secretaria-de-educacion","tag-secretaria-de-gobernacion"],"yoast_head":"<!-- This site is optimized with the Yoast SEO plugin v27.5 - https:\/\/yoast.com\/product\/yoast-seo-wordpress\/ -->\n<title>Concluyen estudios cerca de 2 mil alumnos del CENHCH: SEGOB - Fer Abrajan<\/title>\n<meta name=\"description\" content=\"El secretario de Gobernaci\u00f3n apadrin\u00f3 a la generaci\u00f3n 2024 y destac\u00f3 que con la construcci\u00f3n de CU2 y del plantel del IPN, el gobierno estatal ampl\u00eda las oportunidades de estudios a nivel superior\" \/>\n<meta name=\"robots\" content=\"index, follow, max-snippet:-1, max-image-preview:large, max-video-preview:-1\" \/>\n<link rel=\"canonical\" href=\"https:\/\/ferabrajan.com\/portal\/2024\/07\/17\/concluyen-estudios-cerca-de-2-mil-alumnos-del-cenhch-segob\/\" \/>\n<meta property=\"og:locale\" content=\"es_ES\" \/>\n<meta property=\"og:type\" content=\"article\" \/>\n<meta property=\"og:title\" content=\"Concluyen estudios cerca de 2 mil alumnos del CENHCH: SEGOB - Fer Abrajan\" \/>\n<meta property=\"og:description\" content=\"El secretario de Gobernaci\u00f3n apadrin\u00f3 a la generaci\u00f3n 2024 y destac\u00f3 que con la construcci\u00f3n de CU2 y del plantel del IPN, el gobierno estatal ampl\u00eda las oportunidades de estudios a nivel superior\" \/>\n<meta property=\"og:url\" content=\"https:\/\/ferabrajan.com\/portal\/2024\/07\/17\/concluyen-estudios-cerca-de-2-mil-alumnos-del-cenhch-segob\/\" \/>\n<meta property=\"og:site_name\" content=\"Fer Abrajan\" \/>\n<meta property=\"article:publisher\" content=\"https:\/\/www.facebook.com\/NoticiasconFerAbrajan\/\" \/>\n<meta property=\"article:published_time\" content=\"2024-07-17T14:31:49+00:00\" \/>\n<meta property=\"og:image\" content=\"https:\/\/ferabrajan.com\/portal\/wp-content\/uploads\/2024\/07\/4_Concluyen_estudios_cerca_de_2_mil_alumnos_del_CENHCH._SEGOB-scaled.jpeg\" \/>\n\t<meta property=\"og:image:width\" content=\"2048\" \/>\n\t<meta property=\"og:image:height\" content=\"1366\" \/>\n\t<meta property=\"og:image:type\" content=\"image\/jpeg\" \/>\n<meta name=\"author\" content=\"Rebeca N\u00fa\u00f1ez\" \/>\n<meta name=\"twitter:card\" content=\"summary_large_image\" \/>\n<meta name=\"twitter:creator\" content=\"@ferabrajan1\" \/>\n<meta name=\"twitter:site\" content=\"@ferabrajan1\" \/>\n<meta name=\"twitter:label1\" content=\"Escrito por\" \/>\n\t<meta name=\"twitter:data1\" content=\"Rebeca N\u00fa\u00f1ez\" \/>\n\t<meta name=\"twitter:label2\" content=\"Tiempo de lectura\" \/>\n\t<meta name=\"twitter:data2\" content=\"3 minutos\" \/>\n<script type=\"application\/ld+json\" class=\"yoast-schema-graph\">{\"@context\":\"https:\\\/\\\/schema.org\",\"@graph\":[{\"@type\":\"Article\",\"@id\":\"https:\\\/\\\/ferabrajan.com\\\/portal\\\/2024\\\/07\\\/17\\\/concluyen-estudios-cerca-de-2-mil-alumnos-del-cenhch-segob\\\/#article\",\"isPartOf\":{\"@id\":\"https:\\\/\\\/ferabrajan.com\\\/portal\\\/2024\\\/07\\\/17\\\/concluyen-estudios-cerca-de-2-mil-alumnos-del-cenhch-segob\\\/\"},\"author\":{\"name\":\"Rebeca N\u00fa\u00f1ez\",\"@id\":\"https:\\\/\\\/ferabrajan.com\\\/portal\\\/#\\\/schema\\\/person\\\/a79364e0091921e733584c4833bc7a50\"},\"headline\":\"Concluyen estudios cerca de 2 mil alumnos del CENHCH: SEGOB\",\"datePublished\":\"2024-07-17T14:31:49+00:00\",\"mainEntityOfPage\":{\"@id\":\"https:\\\/\\\/ferabrajan.com\\\/portal\\\/2024\\\/07\\\/17\\\/concluyen-estudios-cerca-de-2-mil-alumnos-del-cenhch-segob\\\/\"},\"wordCount\":446,\"publisher\":{\"@id\":\"https:\\\/\\\/ferabrajan.com\\\/portal\\\/#organization\"},\"image\":{\"@id\":\"https:\\\/\\\/ferabrajan.com\\\/portal\\\/2024\\\/07\\\/17\\\/concluyen-estudios-cerca-de-2-mil-alumnos-del-cenhch-segob\\\/#primaryimage\"},\"thumbnailUrl\":\"https:\\\/\\\/ferabrajan.com\\\/portal\\\/wp-content\\\/uploads\\\/2024\\\/07\\\/4_Concluyen_estudios_cerca_de_2_mil_alumnos_del_CENHCH._SEGOB-scaled.jpeg\",\"keywords\":[\"Javier Aquino\",\"JOrge Estefan Chidiac\",\"Secretar\u00eda de Educaci\u00f3n\",\"Secretar\u00eda de Gobernaci\u00f3n\"],\"articleSection\":[\"Local\",\"Principal\",\"Puebla\"],\"inLanguage\":\"es\"},{\"@type\":\"WebPage\",\"@id\":\"https:\\\/\\\/ferabrajan.com\\\/portal\\\/2024\\\/07\\\/17\\\/concluyen-estudios-cerca-de-2-mil-alumnos-del-cenhch-segob\\\/\",\"url\":\"https:\\\/\\\/ferabrajan.com\\\/portal\\\/2024\\\/07\\\/17\\\/concluyen-estudios-cerca-de-2-mil-alumnos-del-cenhch-segob\\\/\",\"name\":\"Concluyen estudios cerca de 2 mil alumnos del CENHCH: SEGOB - Fer Abrajan\",\"isPartOf\":{\"@id\":\"https:\\\/\\\/ferabrajan.com\\\/portal\\\/#website\"},\"primaryImageOfPage\":{\"@id\":\"https:\\\/\\\/ferabrajan.com\\\/portal\\\/2024\\\/07\\\/17\\\/concluyen-estudios-cerca-de-2-mil-alumnos-del-cenhch-segob\\\/#primaryimage\"},\"image\":{\"@id\":\"https:\\\/\\\/ferabrajan.com\\\/portal\\\/2024\\\/07\\\/17\\\/concluyen-estudios-cerca-de-2-mil-alumnos-del-cenhch-segob\\\/#primaryimage\"},\"thumbnailUrl\":\"https:\\\/\\\/ferabrajan.com\\\/portal\\\/wp-content\\\/uploads\\\/2024\\\/07\\\/4_Concluyen_estudios_cerca_de_2_mil_alumnos_del_CENHCH._SEGOB-scaled.jpeg\",\"datePublished\":\"2024-07-17T14:31:49+00:00\",\"description\":\"El secretario de Gobernaci\u00f3n apadrin\u00f3 a la generaci\u00f3n 2024 y destac\u00f3 que con la construcci\u00f3n de CU2 y del plantel del IPN, el gobierno estatal ampl\u00eda las oportunidades de estudios a nivel superior\",\"breadcrumb\":{\"@id\":\"https:\\\/\\\/ferabrajan.com\\\/portal\\\/2024\\\/07\\\/17\\\/concluyen-estudios-cerca-de-2-mil-alumnos-del-cenhch-segob\\\/#breadcrumb\"},\"inLanguage\":\"es\",\"potentialAction\":[{\"@type\":\"ReadAction\",\"target\":[\"https:\\\/\\\/ferabrajan.com\\\/portal\\\/2024\\\/07\\\/17\\\/concluyen-estudios-cerca-de-2-mil-alumnos-del-cenhch-segob\\\/\"]}]},{\"@type\":\"ImageObject\",\"inLanguage\":\"es\",\"@id\":\"https:\\\/\\\/ferabrajan.com\\\/portal\\\/2024\\\/07\\\/17\\\/concluyen-estudios-cerca-de-2-mil-alumnos-del-cenhch-segob\\\/#primaryimage\",\"url\":\"https:\\\/\\\/ferabrajan.com\\\/portal\\\/wp-content\\\/uploads\\\/2024\\\/07\\\/4_Concluyen_estudios_cerca_de_2_mil_alumnos_del_CENHCH._SEGOB-scaled.jpeg\",\"contentUrl\":\"https:\\\/\\\/ferabrajan.com\\\/portal\\\/wp-content\\\/uploads\\\/2024\\\/07\\\/4_Concluyen_estudios_cerca_de_2_mil_alumnos_del_CENHCH._SEGOB-scaled.jpeg\",\"width\":2048,\"height\":1366},{\"@type\":\"BreadcrumbList\",\"@id\":\"https:\\\/\\\/ferabrajan.com\\\/portal\\\/2024\\\/07\\\/17\\\/concluyen-estudios-cerca-de-2-mil-alumnos-del-cenhch-segob\\\/#breadcrumb\",\"itemListElement\":[{\"@type\":\"ListItem\",\"position\":1,\"name\":\"Portada\",\"item\":\"https:\\\/\\\/ferabrajan.com\\\/portal\\\/\"},{\"@type\":\"ListItem\",\"position\":2,\"name\":\"Concluyen estudios cerca de 2 mil alumnos del CENHCH: SEGOB\"}]},{\"@type\":\"WebSite\",\"@id\":\"https:\\\/\\\/ferabrajan.com\\\/portal\\\/#website\",\"url\":\"https:\\\/\\\/ferabrajan.com\\\/portal\\\/\",\"name\":\"Fer Abrajan\",\"description\":\"Noticias de Puebla, opini\u00f3n y radio en vivo\",\"publisher\":{\"@id\":\"https:\\\/\\\/ferabrajan.com\\\/portal\\\/#organization\"},\"potentialAction\":[{\"@type\":\"SearchAction\",\"target\":{\"@type\":\"EntryPoint\",\"urlTemplate\":\"https:\\\/\\\/ferabrajan.com\\\/portal\\\/?s={search_term_string}\"},\"query-input\":{\"@type\":\"PropertyValueSpecification\",\"valueRequired\":true,\"valueName\":\"search_term_string\"}}],\"inLanguage\":\"es\"},{\"@type\":\"Organization\",\"@id\":\"https:\\\/\\\/ferabrajan.com\\\/portal\\\/#organization\",\"name\":\"Fer Abrajan\",\"url\":\"https:\\\/\\\/ferabrajan.com\\\/portal\\\/\",\"logo\":{\"@type\":\"ImageObject\",\"inLanguage\":\"es\",\"@id\":\"https:\\\/\\\/ferabrajan.com\\\/portal\\\/#\\\/schema\\\/logo\\\/image\\\/\",\"url\":\"https:\\\/\\\/ferabrajan.com\\\/portal\\\/wp-content\\\/uploads\\\/2024\\\/10\\\/cropped-logo.jpeg\",\"contentUrl\":\"https:\\\/\\\/ferabrajan.com\\\/portal\\\/wp-content\\\/uploads\\\/2024\\\/10\\\/cropped-logo.jpeg\",\"width\":500,\"height\":250,\"caption\":\"Fer Abrajan\"},\"image\":{\"@id\":\"https:\\\/\\\/ferabrajan.com\\\/portal\\\/#\\\/schema\\\/logo\\\/image\\\/\"},\"sameAs\":[\"https:\\\/\\\/www.facebook.com\\\/NoticiasconFerAbrajan\\\/\",\"https:\\\/\\\/x.com\\\/ferabrajan1\"]},{\"@type\":\"Person\",\"@id\":\"https:\\\/\\\/ferabrajan.com\\\/portal\\\/#\\\/schema\\\/person\\\/a79364e0091921e733584c4833bc7a50\",\"name\":\"Rebeca N\u00fa\u00f1ez\",\"image\":{\"@type\":\"ImageObject\",\"inLanguage\":\"es\",\"@id\":\"https:\\\/\\\/secure.gravatar.com\\\/avatar\\\/c9cbf721287e849268cd37eca93cf4be51b2eed9e71c8d0c6825bd912000b74e?s=96&d=mm&r=g\",\"url\":\"https:\\\/\\\/secure.gravatar.com\\\/avatar\\\/c9cbf721287e849268cd37eca93cf4be51b2eed9e71c8d0c6825bd912000b74e?s=96&d=mm&r=g\",\"contentUrl\":\"https:\\\/\\\/secure.gravatar.com\\\/avatar\\\/c9cbf721287e849268cd37eca93cf4be51b2eed9e71c8d0c6825bd912000b74e?s=96&d=mm&r=g\",\"caption\":\"Rebeca N\u00fa\u00f1ez\"},\"url\":\"https:\\\/\\\/ferabrajan.com\\\/portal\\\/author\\\/rebeca\\\/\"}]}<\/script>\n<!-- \/ Yoast SEO plugin. -->","yoast_head_json":{"title":"Concluyen estudios cerca de 2 mil alumnos del CENHCH: SEGOB - Fer Abrajan","description":"El secretario de Gobernaci\u00f3n apadrin\u00f3 a la generaci\u00f3n 2024 y destac\u00f3 que con la construcci\u00f3n de CU2 y del plantel del IPN, el gobierno estatal ampl\u00eda las oportunidades de estudios a nivel superior","robots":{"index":"index","follow":"follow","max-snippet":"max-snippet:-1","max-image-preview":"max-image-preview:large","max-video-preview":"max-video-preview:-1"},"canonical":"https:\/\/ferabrajan.com\/portal\/2024\/07\/17\/concluyen-estudios-cerca-de-2-mil-alumnos-del-cenhch-segob\/","og_locale":"es_ES","og_type":"article","og_title":"Concluyen estudios cerca de 2 mil alumnos del CENHCH: SEGOB - Fer Abrajan","og_description":"El secretario de Gobernaci\u00f3n apadrin\u00f3 a la generaci\u00f3n 2024 y destac\u00f3 que con la construcci\u00f3n de CU2 y del plantel del IPN, el gobierno estatal ampl\u00eda las oportunidades de estudios a nivel superior","og_url":"https:\/\/ferabrajan.com\/portal\/2024\/07\/17\/concluyen-estudios-cerca-de-2-mil-alumnos-del-cenhch-segob\/","og_site_name":"Fer Abrajan","article_publisher":"https:\/\/www.facebook.com\/NoticiasconFerAbrajan\/","article_published_time":"2024-07-17T14:31:49+00:00","og_image":[{"width":2048,"height":1366,"url":"https:\/\/ferabrajan.com\/portal\/wp-content\/uploads\/2024\/07\/4_Concluyen_estudios_cerca_de_2_mil_alumnos_del_CENHCH._SEGOB-scaled.jpeg","type":"image\/jpeg"}],"author":"Rebeca N\u00fa\u00f1ez","twitter_card":"summary_large_image","twitter_creator":"@ferabrajan1","twitter_site":"@ferabrajan1","twitter_misc":{"Escrito por":"Rebeca N\u00fa\u00f1ez","Tiempo de lectura":"3 minutos"},"schema":{"@context":"https:\/\/schema.org","@graph":[{"@type":"Article","@id":"https:\/\/ferabrajan.com\/portal\/2024\/07\/17\/concluyen-estudios-cerca-de-2-mil-alumnos-del-cenhch-segob\/#article","isPartOf":{"@id":"https:\/\/ferabrajan.com\/portal\/2024\/07\/17\/concluyen-estudios-cerca-de-2-mil-alumnos-del-cenhch-segob\/"},"author":{"name":"Rebeca N\u00fa\u00f1ez","@id":"https:\/\/ferabrajan.com\/portal\/#\/schema\/person\/a79364e0091921e733584c4833bc7a50"},"headline":"Concluyen estudios cerca de 2 mil alumnos del CENHCH: SEGOB","datePublished":"2024-07-17T14:31:49+00:00","mainEntityOfPage":{"@id":"https:\/\/ferabrajan.com\/portal\/2024\/07\/17\/concluyen-estudios-cerca-de-2-mil-alumnos-del-cenhch-segob\/"},"wordCount":446,"publisher":{"@id":"https:\/\/ferabrajan.com\/portal\/#organization"},"image":{"@id":"https:\/\/ferabrajan.com\/portal\/2024\/07\/17\/concluyen-estudios-cerca-de-2-mil-alumnos-del-cenhch-segob\/#primaryimage"},"thumbnailUrl":"https:\/\/ferabrajan.com\/portal\/wp-content\/uploads\/2024\/07\/4_Concluyen_estudios_cerca_de_2_mil_alumnos_del_CENHCH._SEGOB-scaled.jpeg","keywords":["Javier Aquino","JOrge Estefan Chidiac","Secretar\u00eda de Educaci\u00f3n","Secretar\u00eda de Gobernaci\u00f3n"],"articleSection":["Local","Principal","Puebla"],"inLanguage":"es"},{"@type":"WebPage","@id":"https:\/\/ferabrajan.com\/portal\/2024\/07\/17\/concluyen-estudios-cerca-de-2-mil-alumnos-del-cenhch-segob\/","url":"https:\/\/ferabrajan.com\/portal\/2024\/07\/17\/concluyen-estudios-cerca-de-2-mil-alumnos-del-cenhch-segob\/","name":"Concluyen estudios cerca de 2 mil alumnos del CENHCH: SEGOB - Fer Abrajan","isPartOf":{"@id":"https:\/\/ferabrajan.com\/portal\/#website"},"primaryImageOfPage":{"@id":"https:\/\/ferabrajan.com\/portal\/2024\/07\/17\/concluyen-estudios-cerca-de-2-mil-alumnos-del-cenhch-segob\/#primaryimage"},"image":{"@id":"https:\/\/ferabrajan.com\/portal\/2024\/07\/17\/concluyen-estudios-cerca-de-2-mil-alumnos-del-cenhch-segob\/#primaryimage"},"thumbnailUrl":"https:\/\/ferabrajan.com\/portal\/wp-content\/uploads\/2024\/07\/4_Concluyen_estudios_cerca_de_2_mil_alumnos_del_CENHCH._SEGOB-scaled.jpeg","datePublished":"2024-07-17T14:31:49+00:00","description":"El secretario de Gobernaci\u00f3n apadrin\u00f3 a la generaci\u00f3n 2024 y destac\u00f3 que con la construcci\u00f3n de CU2 y del plantel del IPN, el gobierno estatal ampl\u00eda las oportunidades de estudios a nivel superior","breadcrumb":{"@id":"https:\/\/ferabrajan.com\/portal\/2024\/07\/17\/concluyen-estudios-cerca-de-2-mil-alumnos-del-cenhch-segob\/#breadcrumb"},"inLanguage":"es","potentialAction":[{"@type":"ReadAction","target":["https:\/\/ferabrajan.com\/portal\/2024\/07\/17\/concluyen-estudios-cerca-de-2-mil-alumnos-del-cenhch-segob\/"]}]},{"@type":"ImageObject","inLanguage":"es","@id":"https:\/\/ferabrajan.com\/portal\/2024\/07\/17\/concluyen-estudios-cerca-de-2-mil-alumnos-del-cenhch-segob\/#primaryimage","url":"https:\/\/ferabrajan.com\/portal\/wp-content\/uploads\/2024\/07\/4_Concluyen_estudios_cerca_de_2_mil_alumnos_del_CENHCH._SEGOB-scaled.jpeg","contentUrl":"https:\/\/ferabrajan.com\/portal\/wp-content\/uploads\/2024\/07\/4_Concluyen_estudios_cerca_de_2_mil_alumnos_del_CENHCH._SEGOB-scaled.jpeg","width":2048,"height":1366},{"@type":"BreadcrumbList","@id":"https:\/\/ferabrajan.com\/portal\/2024\/07\/17\/concluyen-estudios-cerca-de-2-mil-alumnos-del-cenhch-segob\/#breadcrumb","itemListElement":[{"@type":"ListItem","position":1,"name":"Portada","item":"https:\/\/ferabrajan.com\/portal\/"},{"@type":"ListItem","position":2,"name":"Concluyen estudios cerca de 2 mil alumnos del CENHCH: SEGOB"}]},{"@type":"WebSite","@id":"https:\/\/ferabrajan.com\/portal\/#website","url":"https:\/\/ferabrajan.com\/portal\/","name":"Fer Abrajan","description":"Noticias de Puebla, opini\u00f3n y radio en vivo","publisher":{"@id":"https:\/\/ferabrajan.com\/portal\/#organization"},"potentialAction":[{"@type":"SearchAction","target":{"@type":"EntryPoint","urlTemplate":"https:\/\/ferabrajan.com\/portal\/?s={search_term_string}"},"query-input":{"@type":"PropertyValueSpecification","valueRequired":true,"valueName":"search_term_string"}}],"inLanguage":"es"},{"@type":"Organization","@id":"https:\/\/ferabrajan.com\/portal\/#organization","name":"Fer Abrajan","url":"https:\/\/ferabrajan.com\/portal\/","logo":{"@type":"ImageObject","inLanguage":"es","@id":"https:\/\/ferabrajan.com\/portal\/#\/schema\/logo\/image\/","url":"https:\/\/ferabrajan.com\/portal\/wp-content\/uploads\/2024\/10\/cropped-logo.jpeg","contentUrl":"https:\/\/ferabrajan.com\/portal\/wp-content\/uploads\/2024\/10\/cropped-logo.jpeg","width":500,"height":250,"caption":"Fer Abrajan"},"image":{"@id":"https:\/\/ferabrajan.com\/portal\/#\/schema\/logo\/image\/"},"sameAs":["https:\/\/www.facebook.com\/NoticiasconFerAbrajan\/","https:\/\/x.com\/ferabrajan1"]},{"@type":"Person","@id":"https:\/\/ferabrajan.com\/portal\/#\/schema\/person\/a79364e0091921e733584c4833bc7a50","name":"Rebeca N\u00fa\u00f1ez","image":{"@type":"ImageObject","inLanguage":"es","@id":"https:\/\/secure.gravatar.com\/avatar\/c9cbf721287e849268cd37eca93cf4be51b2eed9e71c8d0c6825bd912000b74e?s=96&d=mm&r=g","url":"https:\/\/secure.gravatar.com\/avatar\/c9cbf721287e849268cd37eca93cf4be51b2eed9e71c8d0c6825bd912000b74e?s=96&d=mm&r=g","contentUrl":"https:\/\/secure.gravatar.com\/avatar\/c9cbf721287e849268cd37eca93cf4be51b2eed9e71c8d0c6825bd912000b74e?s=96&d=mm&r=g","caption":"Rebeca N\u00fa\u00f1ez"},"url":"https:\/\/ferabrajan.com\/portal\/author\/rebeca\/"}]}},"_links":{"self":[{"href":"https:\/\/ferabrajan.com\/portal\/wp-json\/wp\/v2\/posts\/62821","targetHints":{"allow":["GET"]}}],"collection":[{"href":"https:\/\/ferabrajan.com\/portal\/wp-json\/wp\/v2\/posts"}],"about":[{"href":"https:\/\/ferabrajan.com\/portal\/wp-json\/wp\/v2\/types\/post"}],"author":[{"embeddable":true,"href":"https:\/\/ferabrajan.com\/portal\/wp-json\/wp\/v2\/users\/3"}],"replies":[{"embeddable":true,"href":"https:\/\/ferabrajan.com\/portal\/wp-json\/wp\/v2\/comments?post=62821"}],"version-history":[{"count":0,"href":"https:\/\/ferabrajan.com\/portal\/wp-json\/wp\/v2\/posts\/62821\/revisions"}],"wp:featuredmedia":[{"embeddable":true,"href":"https:\/\/ferabrajan.com\/portal\/wp-json\/wp\/v2\/media\/62827"}],"wp:attachment":[{"href":"https:\/\/ferabrajan.com\/portal\/wp-json\/wp\/v2\/media?parent=62821"}],"wp:term":[{"taxonomy":"category","embeddable":true,"href":"https:\/\/ferabrajan.com\/portal\/wp-json\/wp\/v2\/categories?post=62821"},{"taxonomy":"post_tag","embeddable":true,"href":"https:\/\/ferabrajan.com\/portal\/wp-json\/wp\/v2\/tags?post=62821"}],"curies":[{"name":"wp","href":"https:\/\/api.w.org\/{rel}","templated":true}]}}