{"id":62768,"date":"2024-07-16T06:32:11","date_gmt":"2024-07-16T06:32:11","guid":{"rendered":"https:\/\/ferabrajan.com\/portal\/?p=62768"},"modified":"2024-07-16T13:20:04","modified_gmt":"2024-07-16T13:20:04","slug":"con-jornadas-imss-bienestar-genera-acceso-equitativo-a-servicios-de-especialidad-salud","status":"publish","type":"post","link":"https:\/\/ferabrajan.com\/portal\/2024\/07\/16\/con-jornadas-imss-bienestar-genera-acceso-equitativo-a-servicios-de-especialidad-salud\/","title":{"rendered":"Con jornadas, IMSS-Bienestar genera acceso equitativo a servicios de especialidad: Salud"},"content":{"rendered":"<p>Con el fin de que las y los poblanos tengan una mejor calidad de vida, as\u00ed como generar un acceso equitativo a los servicios de salud de especialidades, la Secretar\u00eda de Salud, puso en marcha las jornadas \u201cJuntos por tu Bienestar\u201d, y Jornadas Oftalmol\u00f3gicas en el Hospital General de Cholula y Unidad de Oftalmolog\u00eda.<\/p>\n<p>La secretaria de Salud, Araceli Soria C\u00f3rdoba indic\u00f3 que estas jornadas se llevar\u00e1n a cabo del 15 al 18 de julio, por lo que se tiene como meta llegar a m\u00e1s de 280 consultas, 250 cirug\u00edas para adulto y 100 para ni\u00f1os, adem\u00e1s, destac\u00f3 que en esta unidad se otorgar\u00e1n servicios como tomograf\u00eda craneal, coherencia craneal, campo de ojo, cirug\u00eda ambulatoria, consulta externa y urgencias.<\/p>\n<p>Asimismo, se\u00f1al\u00f3 que esto es posible al trabajo incansable del gobierno estatal para fortalecer el sistema de salud en beneficio de las y los poblanos, pues ya no ser\u00e1n referidos a otra unidad fuera de Puebla, \u201cporque est\u00e1n atendidos aqu\u00ed en su casa\u201d.<\/p>\n<p>Por su parte, el coordinador estatal de Servicios de Salud IMSS-Bienestar en Puebla, Ger\u00f3nimo Lara G\u00e1lvez explic\u00f3 que estas jornadas sirven para formalizar el inicio de trabajos en la Unidad de Oftalmolog\u00eda, la cual se construy\u00f3 en tiempo r\u00e9cord de 83 d\u00edas, por lo que exhort\u00f3 a cada uno de los pacientes a aprovechar cada uno de los servicios para mejorar su calidad de vida.<\/p>\n<p>El IMSS -Bienestar construye entornos saludables para todas las personas que no cuentan con seguridad social.<\/p>\n","protected":false},"excerpt":{"rendered":"<p>Estar\u00e1n vigentes del 15 al 18 de julio en el Hospital General de Cholula y la Unidad de Oftalmolog\u00eda<\/p>\n","protected":false},"author":4,"featured_media":62769,"comment_status":"closed","ping_status":"closed","sticky":false,"template":"","format":"standard","meta":{"_monsterinsights_skip_tracking":false,"_uf_show_specific_survey":0,"_uf_disable_surveys":false,"footnotes":""},"categories":[53,585,34],"tags":[199,352,116],"class_list":["post-62768","post","type-post","status-publish","format-standard","has-post-thumbnail","hentry","category-local","category-principal","category-puebla","tag-bienestar","tag-imss","tag-secretaria-de-salud"],"yoast_head":"<!-- This site is optimized with the Yoast SEO plugin v27.5 - https:\/\/yoast.com\/product\/yoast-seo-wordpress\/ -->\n<title>Con jornadas, IMSS-Bienestar genera acceso equitativo a servicios de especialidad: Salud - Fer Abrajan<\/title>\n<meta name=\"description\" content=\"Estar\u00e1n vigentes del 15 al 18 de julio en el Hospital General de Cholula y la Unidad de Oftalmolog\u00eda\" \/>\n<meta name=\"robots\" content=\"index, follow, max-snippet:-1, max-image-preview:large, max-video-preview:-1\" \/>\n<link rel=\"canonical\" href=\"https:\/\/ferabrajan.com\/portal\/2024\/07\/16\/con-jornadas-imss-bienestar-genera-acceso-equitativo-a-servicios-de-especialidad-salud\/\" \/>\n<meta property=\"og:locale\" content=\"es_ES\" \/>\n<meta property=\"og:type\" content=\"article\" \/>\n<meta property=\"og:title\" content=\"Con jornadas, IMSS-Bienestar genera acceso equitativo a servicios de especialidad: Salud - Fer Abrajan\" \/>\n<meta property=\"og:description\" content=\"Estar\u00e1n vigentes del 15 al 18 de julio en el Hospital General de Cholula y la Unidad de Oftalmolog\u00eda\" \/>\n<meta property=\"og:url\" content=\"https:\/\/ferabrajan.com\/portal\/2024\/07\/16\/con-jornadas-imss-bienestar-genera-acceso-equitativo-a-servicios-de-especialidad-salud\/\" \/>\n<meta property=\"og:site_name\" content=\"Fer Abrajan\" \/>\n<meta property=\"article:publisher\" content=\"https:\/\/www.facebook.com\/NoticiasconFerAbrajan\/\" \/>\n<meta property=\"article:published_time\" content=\"2024-07-16T06:32:11+00:00\" \/>\n<meta property=\"article:modified_time\" content=\"2024-07-16T13:20:04+00:00\" \/>\n<meta property=\"og:image\" content=\"https:\/\/ferabrajan.com\/portal\/wp-content\/uploads\/2024\/07\/IMG_20240715_153329_3000_x_2000_pixel-scaled.jpg\" \/>\n\t<meta property=\"og:image:width\" content=\"2048\" \/>\n\t<meta property=\"og:image:height\" content=\"1365\" \/>\n\t<meta property=\"og:image:type\" content=\"image\/jpeg\" \/>\n<meta name=\"author\" content=\"Ismael Rojas\" \/>\n<meta name=\"twitter:card\" content=\"summary_large_image\" \/>\n<meta name=\"twitter:creator\" content=\"@ferabrajan1\" \/>\n<meta name=\"twitter:site\" content=\"@ferabrajan1\" \/>\n<meta name=\"twitter:label1\" content=\"Escrito por\" \/>\n\t<meta name=\"twitter:data1\" content=\"Ismael Rojas\" \/>\n\t<meta name=\"twitter:label2\" content=\"Tiempo de lectura\" \/>\n\t<meta name=\"twitter:data2\" content=\"2 minutos\" \/>\n<script type=\"application\/ld+json\" class=\"yoast-schema-graph\">{\"@context\":\"https:\\\/\\\/schema.org\",\"@graph\":[{\"@type\":\"Article\",\"@id\":\"https:\\\/\\\/ferabrajan.com\\\/portal\\\/2024\\\/07\\\/16\\\/con-jornadas-imss-bienestar-genera-acceso-equitativo-a-servicios-de-especialidad-salud\\\/#article\",\"isPartOf\":{\"@id\":\"https:\\\/\\\/ferabrajan.com\\\/portal\\\/2024\\\/07\\\/16\\\/con-jornadas-imss-bienestar-genera-acceso-equitativo-a-servicios-de-especialidad-salud\\\/\"},\"author\":{\"name\":\"Ismael Rojas\",\"@id\":\"https:\\\/\\\/ferabrajan.com\\\/portal\\\/#\\\/schema\\\/person\\\/83ed4fff5d7e4c8edf481fa39f71acb2\"},\"headline\":\"Con jornadas, IMSS-Bienestar genera acceso equitativo a servicios de especialidad: Salud\",\"datePublished\":\"2024-07-16T06:32:11+00:00\",\"dateModified\":\"2024-07-16T13:20:04+00:00\",\"mainEntityOfPage\":{\"@id\":\"https:\\\/\\\/ferabrajan.com\\\/portal\\\/2024\\\/07\\\/16\\\/con-jornadas-imss-bienestar-genera-acceso-equitativo-a-servicios-de-especialidad-salud\\\/\"},\"wordCount\":268,\"publisher\":{\"@id\":\"https:\\\/\\\/ferabrajan.com\\\/portal\\\/#organization\"},\"image\":{\"@id\":\"https:\\\/\\\/ferabrajan.com\\\/portal\\\/2024\\\/07\\\/16\\\/con-jornadas-imss-bienestar-genera-acceso-equitativo-a-servicios-de-especialidad-salud\\\/#primaryimage\"},\"thumbnailUrl\":\"https:\\\/\\\/ferabrajan.com\\\/portal\\\/wp-content\\\/uploads\\\/2024\\\/07\\\/IMG_20240715_153329_3000_x_2000_pixel-scaled.jpg\",\"keywords\":[\"Bienestar\",\"IMSS\",\"Secretar\u00eda de Salud\"],\"articleSection\":[\"Local\",\"Principal\",\"Puebla\"],\"inLanguage\":\"es\"},{\"@type\":\"WebPage\",\"@id\":\"https:\\\/\\\/ferabrajan.com\\\/portal\\\/2024\\\/07\\\/16\\\/con-jornadas-imss-bienestar-genera-acceso-equitativo-a-servicios-de-especialidad-salud\\\/\",\"url\":\"https:\\\/\\\/ferabrajan.com\\\/portal\\\/2024\\\/07\\\/16\\\/con-jornadas-imss-bienestar-genera-acceso-equitativo-a-servicios-de-especialidad-salud\\\/\",\"name\":\"Con jornadas, IMSS-Bienestar genera acceso equitativo a servicios de especialidad: Salud - Fer Abrajan\",\"isPartOf\":{\"@id\":\"https:\\\/\\\/ferabrajan.com\\\/portal\\\/#website\"},\"primaryImageOfPage\":{\"@id\":\"https:\\\/\\\/ferabrajan.com\\\/portal\\\/2024\\\/07\\\/16\\\/con-jornadas-imss-bienestar-genera-acceso-equitativo-a-servicios-de-especialidad-salud\\\/#primaryimage\"},\"image\":{\"@id\":\"https:\\\/\\\/ferabrajan.com\\\/portal\\\/2024\\\/07\\\/16\\\/con-jornadas-imss-bienestar-genera-acceso-equitativo-a-servicios-de-especialidad-salud\\\/#primaryimage\"},\"thumbnailUrl\":\"https:\\\/\\\/ferabrajan.com\\\/portal\\\/wp-content\\\/uploads\\\/2024\\\/07\\\/IMG_20240715_153329_3000_x_2000_pixel-scaled.jpg\",\"datePublished\":\"2024-07-16T06:32:11+00:00\",\"dateModified\":\"2024-07-16T13:20:04+00:00\",\"description\":\"Estar\u00e1n vigentes del 15 al 18 de julio en el Hospital General de Cholula y la Unidad de Oftalmolog\u00eda\",\"breadcrumb\":{\"@id\":\"https:\\\/\\\/ferabrajan.com\\\/portal\\\/2024\\\/07\\\/16\\\/con-jornadas-imss-bienestar-genera-acceso-equitativo-a-servicios-de-especialidad-salud\\\/#breadcrumb\"},\"inLanguage\":\"es\",\"potentialAction\":[{\"@type\":\"ReadAction\",\"target\":[\"https:\\\/\\\/ferabrajan.com\\\/portal\\\/2024\\\/07\\\/16\\\/con-jornadas-imss-bienestar-genera-acceso-equitativo-a-servicios-de-especialidad-salud\\\/\"]}]},{\"@type\":\"ImageObject\",\"inLanguage\":\"es\",\"@id\":\"https:\\\/\\\/ferabrajan.com\\\/portal\\\/2024\\\/07\\\/16\\\/con-jornadas-imss-bienestar-genera-acceso-equitativo-a-servicios-de-especialidad-salud\\\/#primaryimage\",\"url\":\"https:\\\/\\\/ferabrajan.com\\\/portal\\\/wp-content\\\/uploads\\\/2024\\\/07\\\/IMG_20240715_153329_3000_x_2000_pixel-scaled.jpg\",\"contentUrl\":\"https:\\\/\\\/ferabrajan.com\\\/portal\\\/wp-content\\\/uploads\\\/2024\\\/07\\\/IMG_20240715_153329_3000_x_2000_pixel-scaled.jpg\",\"width\":2048,\"height\":1365,\"caption\":\"Oplus_131072\"},{\"@type\":\"BreadcrumbList\",\"@id\":\"https:\\\/\\\/ferabrajan.com\\\/portal\\\/2024\\\/07\\\/16\\\/con-jornadas-imss-bienestar-genera-acceso-equitativo-a-servicios-de-especialidad-salud\\\/#breadcrumb\",\"itemListElement\":[{\"@type\":\"ListItem\",\"position\":1,\"name\":\"Portada\",\"item\":\"https:\\\/\\\/ferabrajan.com\\\/portal\\\/\"},{\"@type\":\"ListItem\",\"position\":2,\"name\":\"Con jornadas, IMSS-Bienestar genera acceso equitativo a servicios de especialidad: Salud\"}]},{\"@type\":\"WebSite\",\"@id\":\"https:\\\/\\\/ferabrajan.com\\\/portal\\\/#website\",\"url\":\"https:\\\/\\\/ferabrajan.com\\\/portal\\\/\",\"name\":\"Fer Abrajan\",\"description\":\"Noticias de Puebla, opini\u00f3n y radio en vivo\",\"publisher\":{\"@id\":\"https:\\\/\\\/ferabrajan.com\\\/portal\\\/#organization\"},\"potentialAction\":[{\"@type\":\"SearchAction\",\"target\":{\"@type\":\"EntryPoint\",\"urlTemplate\":\"https:\\\/\\\/ferabrajan.com\\\/portal\\\/?s={search_term_string}\"},\"query-input\":{\"@type\":\"PropertyValueSpecification\",\"valueRequired\":true,\"valueName\":\"search_term_string\"}}],\"inLanguage\":\"es\"},{\"@type\":\"Organization\",\"@id\":\"https:\\\/\\\/ferabrajan.com\\\/portal\\\/#organization\",\"name\":\"Fer Abrajan\",\"url\":\"https:\\\/\\\/ferabrajan.com\\\/portal\\\/\",\"logo\":{\"@type\":\"ImageObject\",\"inLanguage\":\"es\",\"@id\":\"https:\\\/\\\/ferabrajan.com\\\/portal\\\/#\\\/schema\\\/logo\\\/image\\\/\",\"url\":\"https:\\\/\\\/ferabrajan.com\\\/portal\\\/wp-content\\\/uploads\\\/2024\\\/10\\\/cropped-logo.jpeg\",\"contentUrl\":\"https:\\\/\\\/ferabrajan.com\\\/portal\\\/wp-content\\\/uploads\\\/2024\\\/10\\\/cropped-logo.jpeg\",\"width\":500,\"height\":250,\"caption\":\"Fer Abrajan\"},\"image\":{\"@id\":\"https:\\\/\\\/ferabrajan.com\\\/portal\\\/#\\\/schema\\\/logo\\\/image\\\/\"},\"sameAs\":[\"https:\\\/\\\/www.facebook.com\\\/NoticiasconFerAbrajan\\\/\",\"https:\\\/\\\/x.com\\\/ferabrajan1\"]},{\"@type\":\"Person\",\"@id\":\"https:\\\/\\\/ferabrajan.com\\\/portal\\\/#\\\/schema\\\/person\\\/83ed4fff5d7e4c8edf481fa39f71acb2\",\"name\":\"Ismael Rojas\",\"image\":{\"@type\":\"ImageObject\",\"inLanguage\":\"es\",\"@id\":\"https:\\\/\\\/secure.gravatar.com\\\/avatar\\\/e4a9cb58548fedeb6143fa536c79b44c34454539235177c55c5819d74963e9d6?s=96&d=mm&r=g\",\"url\":\"https:\\\/\\\/secure.gravatar.com\\\/avatar\\\/e4a9cb58548fedeb6143fa536c79b44c34454539235177c55c5819d74963e9d6?s=96&d=mm&r=g\",\"contentUrl\":\"https:\\\/\\\/secure.gravatar.com\\\/avatar\\\/e4a9cb58548fedeb6143fa536c79b44c34454539235177c55c5819d74963e9d6?s=96&d=mm&r=g\",\"caption\":\"Ismael Rojas\"},\"url\":\"https:\\\/\\\/ferabrajan.com\\\/portal\\\/author\\\/ismael\\\/\"}]}<\/script>\n<!-- \/ Yoast SEO plugin. -->","yoast_head_json":{"title":"Con jornadas, IMSS-Bienestar genera acceso equitativo a servicios de especialidad: Salud - Fer Abrajan","description":"Estar\u00e1n vigentes del 15 al 18 de julio en el Hospital General de Cholula y la Unidad de Oftalmolog\u00eda","robots":{"index":"index","follow":"follow","max-snippet":"max-snippet:-1","max-image-preview":"max-image-preview:large","max-video-preview":"max-video-preview:-1"},"canonical":"https:\/\/ferabrajan.com\/portal\/2024\/07\/16\/con-jornadas-imss-bienestar-genera-acceso-equitativo-a-servicios-de-especialidad-salud\/","og_locale":"es_ES","og_type":"article","og_title":"Con jornadas, IMSS-Bienestar genera acceso equitativo a servicios de especialidad: Salud - Fer Abrajan","og_description":"Estar\u00e1n vigentes del 15 al 18 de julio en el Hospital General de Cholula y la Unidad de Oftalmolog\u00eda","og_url":"https:\/\/ferabrajan.com\/portal\/2024\/07\/16\/con-jornadas-imss-bienestar-genera-acceso-equitativo-a-servicios-de-especialidad-salud\/","og_site_name":"Fer Abrajan","article_publisher":"https:\/\/www.facebook.com\/NoticiasconFerAbrajan\/","article_published_time":"2024-07-16T06:32:11+00:00","article_modified_time":"2024-07-16T13:20:04+00:00","og_image":[{"width":2048,"height":1365,"url":"https:\/\/ferabrajan.com\/portal\/wp-content\/uploads\/2024\/07\/IMG_20240715_153329_3000_x_2000_pixel-scaled.jpg","type":"image\/jpeg"}],"author":"Ismael Rojas","twitter_card":"summary_large_image","twitter_creator":"@ferabrajan1","twitter_site":"@ferabrajan1","twitter_misc":{"Escrito por":"Ismael Rojas","Tiempo de lectura":"2 minutos"},"schema":{"@context":"https:\/\/schema.org","@graph":[{"@type":"Article","@id":"https:\/\/ferabrajan.com\/portal\/2024\/07\/16\/con-jornadas-imss-bienestar-genera-acceso-equitativo-a-servicios-de-especialidad-salud\/#article","isPartOf":{"@id":"https:\/\/ferabrajan.com\/portal\/2024\/07\/16\/con-jornadas-imss-bienestar-genera-acceso-equitativo-a-servicios-de-especialidad-salud\/"},"author":{"name":"Ismael Rojas","@id":"https:\/\/ferabrajan.com\/portal\/#\/schema\/person\/83ed4fff5d7e4c8edf481fa39f71acb2"},"headline":"Con jornadas, IMSS-Bienestar genera acceso equitativo a servicios de especialidad: Salud","datePublished":"2024-07-16T06:32:11+00:00","dateModified":"2024-07-16T13:20:04+00:00","mainEntityOfPage":{"@id":"https:\/\/ferabrajan.com\/portal\/2024\/07\/16\/con-jornadas-imss-bienestar-genera-acceso-equitativo-a-servicios-de-especialidad-salud\/"},"wordCount":268,"publisher":{"@id":"https:\/\/ferabrajan.com\/portal\/#organization"},"image":{"@id":"https:\/\/ferabrajan.com\/portal\/2024\/07\/16\/con-jornadas-imss-bienestar-genera-acceso-equitativo-a-servicios-de-especialidad-salud\/#primaryimage"},"thumbnailUrl":"https:\/\/ferabrajan.com\/portal\/wp-content\/uploads\/2024\/07\/IMG_20240715_153329_3000_x_2000_pixel-scaled.jpg","keywords":["Bienestar","IMSS","Secretar\u00eda de Salud"],"articleSection":["Local","Principal","Puebla"],"inLanguage":"es"},{"@type":"WebPage","@id":"https:\/\/ferabrajan.com\/portal\/2024\/07\/16\/con-jornadas-imss-bienestar-genera-acceso-equitativo-a-servicios-de-especialidad-salud\/","url":"https:\/\/ferabrajan.com\/portal\/2024\/07\/16\/con-jornadas-imss-bienestar-genera-acceso-equitativo-a-servicios-de-especialidad-salud\/","name":"Con jornadas, IMSS-Bienestar genera acceso equitativo a servicios de especialidad: Salud - Fer Abrajan","isPartOf":{"@id":"https:\/\/ferabrajan.com\/portal\/#website"},"primaryImageOfPage":{"@id":"https:\/\/ferabrajan.com\/portal\/2024\/07\/16\/con-jornadas-imss-bienestar-genera-acceso-equitativo-a-servicios-de-especialidad-salud\/#primaryimage"},"image":{"@id":"https:\/\/ferabrajan.com\/portal\/2024\/07\/16\/con-jornadas-imss-bienestar-genera-acceso-equitativo-a-servicios-de-especialidad-salud\/#primaryimage"},"thumbnailUrl":"https:\/\/ferabrajan.com\/portal\/wp-content\/uploads\/2024\/07\/IMG_20240715_153329_3000_x_2000_pixel-scaled.jpg","datePublished":"2024-07-16T06:32:11+00:00","dateModified":"2024-07-16T13:20:04+00:00","description":"Estar\u00e1n vigentes del 15 al 18 de julio en el Hospital General de Cholula y la Unidad de Oftalmolog\u00eda","breadcrumb":{"@id":"https:\/\/ferabrajan.com\/portal\/2024\/07\/16\/con-jornadas-imss-bienestar-genera-acceso-equitativo-a-servicios-de-especialidad-salud\/#breadcrumb"},"inLanguage":"es","potentialAction":[{"@type":"ReadAction","target":["https:\/\/ferabrajan.com\/portal\/2024\/07\/16\/con-jornadas-imss-bienestar-genera-acceso-equitativo-a-servicios-de-especialidad-salud\/"]}]},{"@type":"ImageObject","inLanguage":"es","@id":"https:\/\/ferabrajan.com\/portal\/2024\/07\/16\/con-jornadas-imss-bienestar-genera-acceso-equitativo-a-servicios-de-especialidad-salud\/#primaryimage","url":"https:\/\/ferabrajan.com\/portal\/wp-content\/uploads\/2024\/07\/IMG_20240715_153329_3000_x_2000_pixel-scaled.jpg","contentUrl":"https:\/\/ferabrajan.com\/portal\/wp-content\/uploads\/2024\/07\/IMG_20240715_153329_3000_x_2000_pixel-scaled.jpg","width":2048,"height":1365,"caption":"Oplus_131072"},{"@type":"BreadcrumbList","@id":"https:\/\/ferabrajan.com\/portal\/2024\/07\/16\/con-jornadas-imss-bienestar-genera-acceso-equitativo-a-servicios-de-especialidad-salud\/#breadcrumb","itemListElement":[{"@type":"ListItem","position":1,"name":"Portada","item":"https:\/\/ferabrajan.com\/portal\/"},{"@type":"ListItem","position":2,"name":"Con jornadas, IMSS-Bienestar genera acceso equitativo a servicios de especialidad: Salud"}]},{"@type":"WebSite","@id":"https:\/\/ferabrajan.com\/portal\/#website","url":"https:\/\/ferabrajan.com\/portal\/","name":"Fer Abrajan","description":"Noticias de Puebla, opini\u00f3n y radio en vivo","publisher":{"@id":"https:\/\/ferabrajan.com\/portal\/#organization"},"potentialAction":[{"@type":"SearchAction","target":{"@type":"EntryPoint","urlTemplate":"https:\/\/ferabrajan.com\/portal\/?s={search_term_string}"},"query-input":{"@type":"PropertyValueSpecification","valueRequired":true,"valueName":"search_term_string"}}],"inLanguage":"es"},{"@type":"Organization","@id":"https:\/\/ferabrajan.com\/portal\/#organization","name":"Fer Abrajan","url":"https:\/\/ferabrajan.com\/portal\/","logo":{"@type":"ImageObject","inLanguage":"es","@id":"https:\/\/ferabrajan.com\/portal\/#\/schema\/logo\/image\/","url":"https:\/\/ferabrajan.com\/portal\/wp-content\/uploads\/2024\/10\/cropped-logo.jpeg","contentUrl":"https:\/\/ferabrajan.com\/portal\/wp-content\/uploads\/2024\/10\/cropped-logo.jpeg","width":500,"height":250,"caption":"Fer Abrajan"},"image":{"@id":"https:\/\/ferabrajan.com\/portal\/#\/schema\/logo\/image\/"},"sameAs":["https:\/\/www.facebook.com\/NoticiasconFerAbrajan\/","https:\/\/x.com\/ferabrajan1"]},{"@type":"Person","@id":"https:\/\/ferabrajan.com\/portal\/#\/schema\/person\/83ed4fff5d7e4c8edf481fa39f71acb2","name":"Ismael Rojas","image":{"@type":"ImageObject","inLanguage":"es","@id":"https:\/\/secure.gravatar.com\/avatar\/e4a9cb58548fedeb6143fa536c79b44c34454539235177c55c5819d74963e9d6?s=96&d=mm&r=g","url":"https:\/\/secure.gravatar.com\/avatar\/e4a9cb58548fedeb6143fa536c79b44c34454539235177c55c5819d74963e9d6?s=96&d=mm&r=g","contentUrl":"https:\/\/secure.gravatar.com\/avatar\/e4a9cb58548fedeb6143fa536c79b44c34454539235177c55c5819d74963e9d6?s=96&d=mm&r=g","caption":"Ismael Rojas"},"url":"https:\/\/ferabrajan.com\/portal\/author\/ismael\/"}]}},"_links":{"self":[{"href":"https:\/\/ferabrajan.com\/portal\/wp-json\/wp\/v2\/posts\/62768","targetHints":{"allow":["GET"]}}],"collection":[{"href":"https:\/\/ferabrajan.com\/portal\/wp-json\/wp\/v2\/posts"}],"about":[{"href":"https:\/\/ferabrajan.com\/portal\/wp-json\/wp\/v2\/types\/post"}],"author":[{"embeddable":true,"href":"https:\/\/ferabrajan.com\/portal\/wp-json\/wp\/v2\/users\/4"}],"replies":[{"embeddable":true,"href":"https:\/\/ferabrajan.com\/portal\/wp-json\/wp\/v2\/comments?post=62768"}],"version-history":[{"count":0,"href":"https:\/\/ferabrajan.com\/portal\/wp-json\/wp\/v2\/posts\/62768\/revisions"}],"wp:featuredmedia":[{"embeddable":true,"href":"https:\/\/ferabrajan.com\/portal\/wp-json\/wp\/v2\/media\/62769"}],"wp:attachment":[{"href":"https:\/\/ferabrajan.com\/portal\/wp-json\/wp\/v2\/media?parent=62768"}],"wp:term":[{"taxonomy":"category","embeddable":true,"href":"https:\/\/ferabrajan.com\/portal\/wp-json\/wp\/v2\/categories?post=62768"},{"taxonomy":"post_tag","embeddable":true,"href":"https:\/\/ferabrajan.com\/portal\/wp-json\/wp\/v2\/tags?post=62768"}],"curies":[{"name":"wp","href":"https:\/\/api.w.org\/{rel}","templated":true}]}}