{"id":62756,"date":"2024-07-15T20:12:30","date_gmt":"2024-07-15T20:12:30","guid":{"rendered":"https:\/\/ferabrajan.com\/portal\/?p=62756"},"modified":"2024-07-15T20:12:30","modified_gmt":"2024-07-15T20:12:30","slug":"es-oficial-despenalizan-el-aborto-en-puebla","status":"publish","type":"post","link":"https:\/\/ferabrajan.com\/portal\/2024\/07\/15\/es-oficial-despenalizan-el-aborto-en-puebla\/","title":{"rendered":"!Es oficial! Despenalizan el aborto en Puebla"},"content":{"rendered":"<p>Con el apoyo de 29 votos a favor, 7 en contra y 4 abstenciones, las y los diputados en el Congreso del Estado de Puebla aprobaron las modificaciones al C\u00f3digo Penal del Estado Libre y Soberano de Puebla que despenaliza el aborto hasta las 12 semanas de gestaci\u00f3n. De este modo Puebla se convierte en la entidad n\u00famero 14 en aprobar la medida.<\/p>\n<p>Pese a las manifestaciones en contra y aunque la fracci\u00f3n del PAN en el Poder Legislativo tambi\u00e9n expuso sus justificaciones para evitar esta decisi\u00f3n, al final las y los diputados decidieron despenalizar esta pr\u00e1ctica de interrupci\u00f3n del embarazo.<\/p>\n<p>&nbsp;<\/p>\n<div style=\"width: 526px;\" class=\"wp-video\"><video class=\"wp-video-shortcode\" id=\"video-62756-1\" width=\"526\" height=\"294\" preload=\"metadata\" controls=\"controls\"><source type=\"video\/mp4\" src=\"https:\/\/ferabrajan.com\/portal\/wp-content\/uploads\/2024\/07\/WhatsApp-Video-2024-07-15-at-1.04.44-PM.mp4?_=1\" \/><a href=\"https:\/\/ferabrajan.com\/portal\/wp-content\/uploads\/2024\/07\/WhatsApp-Video-2024-07-15-at-1.04.44-PM.mp4\">https:\/\/ferabrajan.com\/portal\/wp-content\/uploads\/2024\/07\/WhatsApp-Video-2024-07-15-at-1.04.44-PM.mp4<\/a><\/video><\/div>\n<p>De este modo las mujeres y personas gestantes no ser\u00e1n criminalizadas en caso de decidir interrumpir su embarazo.<\/p>\n<p>Mientras en la sala de plenos se discut\u00eda el punto, afuera del recinto los grupos a favor y en contra de la medida expresaron sus razones. Para evitar confrontaciones mayores, cuerpos polic\u00edacos acordaron la zona del Congreso del Estado.<\/p>\n<p>Previamente diversos actores como el gobernador Sergio Salom\u00f3n C\u00e9spedes Peregrina y el arzobispo de Puebla ya hab\u00edan expresado sus posturas al respecto y mientras el titular de Ejecutivo dijo que ser respetuoso de la decisi\u00f3n, el l\u00edder cat\u00f3lico defendi\u00f3 la vida y pidi\u00f3 a las y los diputados rechazar la iniciativa.<\/p>\n<div style=\"width: 640px;\" class=\"wp-video\"><video class=\"wp-video-shortcode\" id=\"video-62756-2\" width=\"640\" height=\"360\" preload=\"metadata\" controls=\"controls\"><source type=\"video\/mp4\" src=\"https:\/\/ferabrajan.com\/portal\/wp-content\/uploads\/2024\/07\/WhatsApp-Video-2024-07-15-at-1.27.13-PM.mp4?_=2\" \/><a href=\"https:\/\/ferabrajan.com\/portal\/wp-content\/uploads\/2024\/07\/WhatsApp-Video-2024-07-15-at-1.27.13-PM.mp4\">https:\/\/ferabrajan.com\/portal\/wp-content\/uploads\/2024\/07\/WhatsApp-Video-2024-07-15-at-1.27.13-PM.mp4<\/a><\/video><\/div>\n","protected":false},"excerpt":{"rendered":"<p>Con el apoyo de 29 votos a favor, 7 en contra y 4 abstenciones, las y los diputados en el Congreso del Estado de Puebla aprobaron las modificaciones al C\u00f3digo Penal del Estado Libre y Soberano de Puebla que despenaliza el aborto hasta las 12 semanas de gestaci\u00f3n. De este modo Puebla se convierte en la entidad n\u00famero 14 en aprobar la medida. Pese a las manifestaciones en contra y aunque la fracci\u00f3n del PAN en el Poder Legislativo tambi\u00e9n expuso sus justificaciones para evitar esta decisi\u00f3n, al final las y los diputados decidieron despenalizar esta pr\u00e1ctica de interrupci\u00f3n del embarazo. &nbsp; De este modo las mujeres y personas gestantes no ser\u00e1n criminalizadas en caso de decidir interrumpir su embarazo. Mientras en la sala de plenos se discut\u00eda el punto, afuera del recinto los grupos a favor y en contra de la medida expresaron sus razones. Para evitar confrontaciones mayores, cuerpos polic\u00edacos acordaron la zona del Congreso del Estado. Previamente diversos actores como el gobernador Sergio Salom\u00f3n C\u00e9spedes Peregrina y el arzobispo de Puebla ya hab\u00edan expresado sus posturas al respecto y mientras el titular de Ejecutivo dijo que ser respetuoso de la decisi\u00f3n, el l\u00edder cat\u00f3lico defendi\u00f3 la vida y pidi\u00f3 a las y los diputados rechazar la iniciativa.<\/p>\n","protected":false},"author":3,"featured_media":62759,"comment_status":"closed","ping_status":"closed","sticky":false,"template":"","format":"standard","meta":{"_monsterinsights_skip_tracking":false,"_uf_show_specific_survey":0,"_uf_disable_surveys":false,"footnotes":""},"categories":[53,585,34],"tags":[570,102,26],"class_list":["post-62756","post","type-post","status-publish","format-standard","has-post-thumbnail","hentry","category-local","category-principal","category-puebla","tag-aborto","tag-congreso-del-estado","tag-puebla"],"yoast_head":"<!-- This site is optimized with the Yoast SEO plugin v27.5 - https:\/\/yoast.com\/product\/yoast-seo-wordpress\/ -->\n<title>!Es oficial! Despenalizan el aborto en Puebla - Fer Abrajan<\/title>\n<meta name=\"description\" content=\"El aborto hasta las 12 semanas de gestaci\u00f3n ya es legal luego de que diputados despenalizaron esta pr\u00e1ctica en Puebla\" \/>\n<meta name=\"robots\" content=\"index, follow, max-snippet:-1, max-image-preview:large, max-video-preview:-1\" \/>\n<link rel=\"canonical\" href=\"https:\/\/ferabrajan.com\/portal\/2024\/07\/15\/es-oficial-despenalizan-el-aborto-en-puebla\/\" \/>\n<meta property=\"og:locale\" content=\"es_ES\" \/>\n<meta property=\"og:type\" content=\"article\" \/>\n<meta property=\"og:title\" content=\"!Es oficial! Despenalizan el aborto en Puebla - Fer Abrajan\" \/>\n<meta property=\"og:description\" content=\"El aborto hasta las 12 semanas de gestaci\u00f3n ya es legal luego de que diputados despenalizaron esta pr\u00e1ctica en Puebla\" \/>\n<meta property=\"og:url\" content=\"https:\/\/ferabrajan.com\/portal\/2024\/07\/15\/es-oficial-despenalizan-el-aborto-en-puebla\/\" \/>\n<meta property=\"og:site_name\" content=\"Fer Abrajan\" \/>\n<meta property=\"article:publisher\" content=\"https:\/\/www.facebook.com\/NoticiasconFerAbrajan\/\" \/>\n<meta property=\"article:published_time\" content=\"2024-07-15T20:12:30+00:00\" \/>\n<meta property=\"og:image\" content=\"https:\/\/ferabrajan.com\/portal\/wp-content\/uploads\/2024\/07\/abortista.jpg\" \/>\n\t<meta property=\"og:image:width\" content=\"989\" \/>\n\t<meta property=\"og:image:height\" content=\"510\" \/>\n\t<meta property=\"og:image:type\" content=\"image\/jpeg\" \/>\n<meta name=\"author\" content=\"Rebeca N\u00fa\u00f1ez\" \/>\n<meta name=\"twitter:card\" content=\"summary_large_image\" \/>\n<meta name=\"twitter:creator\" content=\"@ferabrajan1\" \/>\n<meta name=\"twitter:site\" content=\"@ferabrajan1\" \/>\n<meta name=\"twitter:label1\" content=\"Escrito por\" \/>\n\t<meta name=\"twitter:data1\" content=\"Rebeca N\u00fa\u00f1ez\" \/>\n\t<meta name=\"twitter:label2\" content=\"Tiempo de lectura\" \/>\n\t<meta name=\"twitter:data2\" content=\"2 minutos\" \/>\n<script type=\"application\/ld+json\" class=\"yoast-schema-graph\">{\"@context\":\"https:\\\/\\\/schema.org\",\"@graph\":[{\"@type\":\"Article\",\"@id\":\"https:\\\/\\\/ferabrajan.com\\\/portal\\\/2024\\\/07\\\/15\\\/es-oficial-despenalizan-el-aborto-en-puebla\\\/#article\",\"isPartOf\":{\"@id\":\"https:\\\/\\\/ferabrajan.com\\\/portal\\\/2024\\\/07\\\/15\\\/es-oficial-despenalizan-el-aborto-en-puebla\\\/\"},\"author\":{\"name\":\"Rebeca N\u00fa\u00f1ez\",\"@id\":\"https:\\\/\\\/ferabrajan.com\\\/portal\\\/#\\\/schema\\\/person\\\/a79364e0091921e733584c4833bc7a50\"},\"headline\":\"!Es oficial! Despenalizan el aborto en Puebla\",\"datePublished\":\"2024-07-15T20:12:30+00:00\",\"mainEntityOfPage\":{\"@id\":\"https:\\\/\\\/ferabrajan.com\\\/portal\\\/2024\\\/07\\\/15\\\/es-oficial-despenalizan-el-aborto-en-puebla\\\/\"},\"wordCount\":263,\"publisher\":{\"@id\":\"https:\\\/\\\/ferabrajan.com\\\/portal\\\/#organization\"},\"image\":{\"@id\":\"https:\\\/\\\/ferabrajan.com\\\/portal\\\/2024\\\/07\\\/15\\\/es-oficial-despenalizan-el-aborto-en-puebla\\\/#primaryimage\"},\"thumbnailUrl\":\"https:\\\/\\\/ferabrajan.com\\\/portal\\\/wp-content\\\/uploads\\\/2024\\\/07\\\/abortista.jpg\",\"keywords\":[\"Aborto\",\"Congreso del Estado\",\"puebla\"],\"articleSection\":[\"Local\",\"Principal\",\"Puebla\"],\"inLanguage\":\"es\"},{\"@type\":\"WebPage\",\"@id\":\"https:\\\/\\\/ferabrajan.com\\\/portal\\\/2024\\\/07\\\/15\\\/es-oficial-despenalizan-el-aborto-en-puebla\\\/\",\"url\":\"https:\\\/\\\/ferabrajan.com\\\/portal\\\/2024\\\/07\\\/15\\\/es-oficial-despenalizan-el-aborto-en-puebla\\\/\",\"name\":\"!Es oficial! Despenalizan el aborto en Puebla - Fer Abrajan\",\"isPartOf\":{\"@id\":\"https:\\\/\\\/ferabrajan.com\\\/portal\\\/#website\"},\"primaryImageOfPage\":{\"@id\":\"https:\\\/\\\/ferabrajan.com\\\/portal\\\/2024\\\/07\\\/15\\\/es-oficial-despenalizan-el-aborto-en-puebla\\\/#primaryimage\"},\"image\":{\"@id\":\"https:\\\/\\\/ferabrajan.com\\\/portal\\\/2024\\\/07\\\/15\\\/es-oficial-despenalizan-el-aborto-en-puebla\\\/#primaryimage\"},\"thumbnailUrl\":\"https:\\\/\\\/ferabrajan.com\\\/portal\\\/wp-content\\\/uploads\\\/2024\\\/07\\\/abortista.jpg\",\"datePublished\":\"2024-07-15T20:12:30+00:00\",\"description\":\"El aborto hasta las 12 semanas de gestaci\u00f3n ya es legal luego de que diputados despenalizaron esta pr\u00e1ctica en Puebla\",\"breadcrumb\":{\"@id\":\"https:\\\/\\\/ferabrajan.com\\\/portal\\\/2024\\\/07\\\/15\\\/es-oficial-despenalizan-el-aborto-en-puebla\\\/#breadcrumb\"},\"inLanguage\":\"es\",\"potentialAction\":[{\"@type\":\"ReadAction\",\"target\":[\"https:\\\/\\\/ferabrajan.com\\\/portal\\\/2024\\\/07\\\/15\\\/es-oficial-despenalizan-el-aborto-en-puebla\\\/\"]}]},{\"@type\":\"ImageObject\",\"inLanguage\":\"es\",\"@id\":\"https:\\\/\\\/ferabrajan.com\\\/portal\\\/2024\\\/07\\\/15\\\/es-oficial-despenalizan-el-aborto-en-puebla\\\/#primaryimage\",\"url\":\"https:\\\/\\\/ferabrajan.com\\\/portal\\\/wp-content\\\/uploads\\\/2024\\\/07\\\/abortista.jpg\",\"contentUrl\":\"https:\\\/\\\/ferabrajan.com\\\/portal\\\/wp-content\\\/uploads\\\/2024\\\/07\\\/abortista.jpg\",\"width\":989,\"height\":510},{\"@type\":\"BreadcrumbList\",\"@id\":\"https:\\\/\\\/ferabrajan.com\\\/portal\\\/2024\\\/07\\\/15\\\/es-oficial-despenalizan-el-aborto-en-puebla\\\/#breadcrumb\",\"itemListElement\":[{\"@type\":\"ListItem\",\"position\":1,\"name\":\"Portada\",\"item\":\"https:\\\/\\\/ferabrajan.com\\\/portal\\\/\"},{\"@type\":\"ListItem\",\"position\":2,\"name\":\"!Es oficial! Despenalizan el aborto en Puebla\"}]},{\"@type\":\"WebSite\",\"@id\":\"https:\\\/\\\/ferabrajan.com\\\/portal\\\/#website\",\"url\":\"https:\\\/\\\/ferabrajan.com\\\/portal\\\/\",\"name\":\"Fer Abrajan\",\"description\":\"Noticias de Puebla, opini\u00f3n y radio en vivo\",\"publisher\":{\"@id\":\"https:\\\/\\\/ferabrajan.com\\\/portal\\\/#organization\"},\"potentialAction\":[{\"@type\":\"SearchAction\",\"target\":{\"@type\":\"EntryPoint\",\"urlTemplate\":\"https:\\\/\\\/ferabrajan.com\\\/portal\\\/?s={search_term_string}\"},\"query-input\":{\"@type\":\"PropertyValueSpecification\",\"valueRequired\":true,\"valueName\":\"search_term_string\"}}],\"inLanguage\":\"es\"},{\"@type\":\"Organization\",\"@id\":\"https:\\\/\\\/ferabrajan.com\\\/portal\\\/#organization\",\"name\":\"Fer Abrajan\",\"url\":\"https:\\\/\\\/ferabrajan.com\\\/portal\\\/\",\"logo\":{\"@type\":\"ImageObject\",\"inLanguage\":\"es\",\"@id\":\"https:\\\/\\\/ferabrajan.com\\\/portal\\\/#\\\/schema\\\/logo\\\/image\\\/\",\"url\":\"https:\\\/\\\/ferabrajan.com\\\/portal\\\/wp-content\\\/uploads\\\/2024\\\/10\\\/cropped-logo.jpeg\",\"contentUrl\":\"https:\\\/\\\/ferabrajan.com\\\/portal\\\/wp-content\\\/uploads\\\/2024\\\/10\\\/cropped-logo.jpeg\",\"width\":500,\"height\":250,\"caption\":\"Fer Abrajan\"},\"image\":{\"@id\":\"https:\\\/\\\/ferabrajan.com\\\/portal\\\/#\\\/schema\\\/logo\\\/image\\\/\"},\"sameAs\":[\"https:\\\/\\\/www.facebook.com\\\/NoticiasconFerAbrajan\\\/\",\"https:\\\/\\\/x.com\\\/ferabrajan1\"]},{\"@type\":\"Person\",\"@id\":\"https:\\\/\\\/ferabrajan.com\\\/portal\\\/#\\\/schema\\\/person\\\/a79364e0091921e733584c4833bc7a50\",\"name\":\"Rebeca N\u00fa\u00f1ez\",\"image\":{\"@type\":\"ImageObject\",\"inLanguage\":\"es\",\"@id\":\"https:\\\/\\\/secure.gravatar.com\\\/avatar\\\/c9cbf721287e849268cd37eca93cf4be51b2eed9e71c8d0c6825bd912000b74e?s=96&d=mm&r=g\",\"url\":\"https:\\\/\\\/secure.gravatar.com\\\/avatar\\\/c9cbf721287e849268cd37eca93cf4be51b2eed9e71c8d0c6825bd912000b74e?s=96&d=mm&r=g\",\"contentUrl\":\"https:\\\/\\\/secure.gravatar.com\\\/avatar\\\/c9cbf721287e849268cd37eca93cf4be51b2eed9e71c8d0c6825bd912000b74e?s=96&d=mm&r=g\",\"caption\":\"Rebeca N\u00fa\u00f1ez\"},\"url\":\"https:\\\/\\\/ferabrajan.com\\\/portal\\\/author\\\/rebeca\\\/\"}]}<\/script>\n<!-- \/ Yoast SEO plugin. -->","yoast_head_json":{"title":"!Es oficial! Despenalizan el aborto en Puebla - Fer Abrajan","description":"El aborto hasta las 12 semanas de gestaci\u00f3n ya es legal luego de que diputados despenalizaron esta pr\u00e1ctica en Puebla","robots":{"index":"index","follow":"follow","max-snippet":"max-snippet:-1","max-image-preview":"max-image-preview:large","max-video-preview":"max-video-preview:-1"},"canonical":"https:\/\/ferabrajan.com\/portal\/2024\/07\/15\/es-oficial-despenalizan-el-aborto-en-puebla\/","og_locale":"es_ES","og_type":"article","og_title":"!Es oficial! Despenalizan el aborto en Puebla - Fer Abrajan","og_description":"El aborto hasta las 12 semanas de gestaci\u00f3n ya es legal luego de que diputados despenalizaron esta pr\u00e1ctica en Puebla","og_url":"https:\/\/ferabrajan.com\/portal\/2024\/07\/15\/es-oficial-despenalizan-el-aborto-en-puebla\/","og_site_name":"Fer Abrajan","article_publisher":"https:\/\/www.facebook.com\/NoticiasconFerAbrajan\/","article_published_time":"2024-07-15T20:12:30+00:00","og_image":[{"width":989,"height":510,"url":"https:\/\/ferabrajan.com\/portal\/wp-content\/uploads\/2024\/07\/abortista.jpg","type":"image\/jpeg"}],"author":"Rebeca N\u00fa\u00f1ez","twitter_card":"summary_large_image","twitter_creator":"@ferabrajan1","twitter_site":"@ferabrajan1","twitter_misc":{"Escrito por":"Rebeca N\u00fa\u00f1ez","Tiempo de lectura":"2 minutos"},"schema":{"@context":"https:\/\/schema.org","@graph":[{"@type":"Article","@id":"https:\/\/ferabrajan.com\/portal\/2024\/07\/15\/es-oficial-despenalizan-el-aborto-en-puebla\/#article","isPartOf":{"@id":"https:\/\/ferabrajan.com\/portal\/2024\/07\/15\/es-oficial-despenalizan-el-aborto-en-puebla\/"},"author":{"name":"Rebeca N\u00fa\u00f1ez","@id":"https:\/\/ferabrajan.com\/portal\/#\/schema\/person\/a79364e0091921e733584c4833bc7a50"},"headline":"!Es oficial! Despenalizan el aborto en Puebla","datePublished":"2024-07-15T20:12:30+00:00","mainEntityOfPage":{"@id":"https:\/\/ferabrajan.com\/portal\/2024\/07\/15\/es-oficial-despenalizan-el-aborto-en-puebla\/"},"wordCount":263,"publisher":{"@id":"https:\/\/ferabrajan.com\/portal\/#organization"},"image":{"@id":"https:\/\/ferabrajan.com\/portal\/2024\/07\/15\/es-oficial-despenalizan-el-aborto-en-puebla\/#primaryimage"},"thumbnailUrl":"https:\/\/ferabrajan.com\/portal\/wp-content\/uploads\/2024\/07\/abortista.jpg","keywords":["Aborto","Congreso del Estado","puebla"],"articleSection":["Local","Principal","Puebla"],"inLanguage":"es"},{"@type":"WebPage","@id":"https:\/\/ferabrajan.com\/portal\/2024\/07\/15\/es-oficial-despenalizan-el-aborto-en-puebla\/","url":"https:\/\/ferabrajan.com\/portal\/2024\/07\/15\/es-oficial-despenalizan-el-aborto-en-puebla\/","name":"!Es oficial! Despenalizan el aborto en Puebla - Fer Abrajan","isPartOf":{"@id":"https:\/\/ferabrajan.com\/portal\/#website"},"primaryImageOfPage":{"@id":"https:\/\/ferabrajan.com\/portal\/2024\/07\/15\/es-oficial-despenalizan-el-aborto-en-puebla\/#primaryimage"},"image":{"@id":"https:\/\/ferabrajan.com\/portal\/2024\/07\/15\/es-oficial-despenalizan-el-aborto-en-puebla\/#primaryimage"},"thumbnailUrl":"https:\/\/ferabrajan.com\/portal\/wp-content\/uploads\/2024\/07\/abortista.jpg","datePublished":"2024-07-15T20:12:30+00:00","description":"El aborto hasta las 12 semanas de gestaci\u00f3n ya es legal luego de que diputados despenalizaron esta pr\u00e1ctica en Puebla","breadcrumb":{"@id":"https:\/\/ferabrajan.com\/portal\/2024\/07\/15\/es-oficial-despenalizan-el-aborto-en-puebla\/#breadcrumb"},"inLanguage":"es","potentialAction":[{"@type":"ReadAction","target":["https:\/\/ferabrajan.com\/portal\/2024\/07\/15\/es-oficial-despenalizan-el-aborto-en-puebla\/"]}]},{"@type":"ImageObject","inLanguage":"es","@id":"https:\/\/ferabrajan.com\/portal\/2024\/07\/15\/es-oficial-despenalizan-el-aborto-en-puebla\/#primaryimage","url":"https:\/\/ferabrajan.com\/portal\/wp-content\/uploads\/2024\/07\/abortista.jpg","contentUrl":"https:\/\/ferabrajan.com\/portal\/wp-content\/uploads\/2024\/07\/abortista.jpg","width":989,"height":510},{"@type":"BreadcrumbList","@id":"https:\/\/ferabrajan.com\/portal\/2024\/07\/15\/es-oficial-despenalizan-el-aborto-en-puebla\/#breadcrumb","itemListElement":[{"@type":"ListItem","position":1,"name":"Portada","item":"https:\/\/ferabrajan.com\/portal\/"},{"@type":"ListItem","position":2,"name":"!Es oficial! Despenalizan el aborto en Puebla"}]},{"@type":"WebSite","@id":"https:\/\/ferabrajan.com\/portal\/#website","url":"https:\/\/ferabrajan.com\/portal\/","name":"Fer Abrajan","description":"Noticias de Puebla, opini\u00f3n y radio en vivo","publisher":{"@id":"https:\/\/ferabrajan.com\/portal\/#organization"},"potentialAction":[{"@type":"SearchAction","target":{"@type":"EntryPoint","urlTemplate":"https:\/\/ferabrajan.com\/portal\/?s={search_term_string}"},"query-input":{"@type":"PropertyValueSpecification","valueRequired":true,"valueName":"search_term_string"}}],"inLanguage":"es"},{"@type":"Organization","@id":"https:\/\/ferabrajan.com\/portal\/#organization","name":"Fer Abrajan","url":"https:\/\/ferabrajan.com\/portal\/","logo":{"@type":"ImageObject","inLanguage":"es","@id":"https:\/\/ferabrajan.com\/portal\/#\/schema\/logo\/image\/","url":"https:\/\/ferabrajan.com\/portal\/wp-content\/uploads\/2024\/10\/cropped-logo.jpeg","contentUrl":"https:\/\/ferabrajan.com\/portal\/wp-content\/uploads\/2024\/10\/cropped-logo.jpeg","width":500,"height":250,"caption":"Fer Abrajan"},"image":{"@id":"https:\/\/ferabrajan.com\/portal\/#\/schema\/logo\/image\/"},"sameAs":["https:\/\/www.facebook.com\/NoticiasconFerAbrajan\/","https:\/\/x.com\/ferabrajan1"]},{"@type":"Person","@id":"https:\/\/ferabrajan.com\/portal\/#\/schema\/person\/a79364e0091921e733584c4833bc7a50","name":"Rebeca N\u00fa\u00f1ez","image":{"@type":"ImageObject","inLanguage":"es","@id":"https:\/\/secure.gravatar.com\/avatar\/c9cbf721287e849268cd37eca93cf4be51b2eed9e71c8d0c6825bd912000b74e?s=96&d=mm&r=g","url":"https:\/\/secure.gravatar.com\/avatar\/c9cbf721287e849268cd37eca93cf4be51b2eed9e71c8d0c6825bd912000b74e?s=96&d=mm&r=g","contentUrl":"https:\/\/secure.gravatar.com\/avatar\/c9cbf721287e849268cd37eca93cf4be51b2eed9e71c8d0c6825bd912000b74e?s=96&d=mm&r=g","caption":"Rebeca N\u00fa\u00f1ez"},"url":"https:\/\/ferabrajan.com\/portal\/author\/rebeca\/"}]}},"_links":{"self":[{"href":"https:\/\/ferabrajan.com\/portal\/wp-json\/wp\/v2\/posts\/62756","targetHints":{"allow":["GET"]}}],"collection":[{"href":"https:\/\/ferabrajan.com\/portal\/wp-json\/wp\/v2\/posts"}],"about":[{"href":"https:\/\/ferabrajan.com\/portal\/wp-json\/wp\/v2\/types\/post"}],"author":[{"embeddable":true,"href":"https:\/\/ferabrajan.com\/portal\/wp-json\/wp\/v2\/users\/3"}],"replies":[{"embeddable":true,"href":"https:\/\/ferabrajan.com\/portal\/wp-json\/wp\/v2\/comments?post=62756"}],"version-history":[{"count":0,"href":"https:\/\/ferabrajan.com\/portal\/wp-json\/wp\/v2\/posts\/62756\/revisions"}],"wp:featuredmedia":[{"embeddable":true,"href":"https:\/\/ferabrajan.com\/portal\/wp-json\/wp\/v2\/media\/62759"}],"wp:attachment":[{"href":"https:\/\/ferabrajan.com\/portal\/wp-json\/wp\/v2\/media?parent=62756"}],"wp:term":[{"taxonomy":"category","embeddable":true,"href":"https:\/\/ferabrajan.com\/portal\/wp-json\/wp\/v2\/categories?post=62756"},{"taxonomy":"post_tag","embeddable":true,"href":"https:\/\/ferabrajan.com\/portal\/wp-json\/wp\/v2\/tags?post=62756"}],"curies":[{"name":"wp","href":"https:\/\/api.w.org\/{rel}","templated":true}]}}