{"id":58725,"date":"2024-03-21T14:43:46","date_gmt":"2024-03-21T14:43:46","guid":{"rendered":"https:\/\/ferabrajan.com\/portal\/?p=58725"},"modified":"2024-03-21T14:43:48","modified_gmt":"2024-03-21T14:43:48","slug":"gobernacion-llega-a-acuerdo-con-habitantes-de-cuacnopalan","status":"publish","type":"post","link":"https:\/\/ferabrajan.com\/portal\/2024\/03\/21\/gobernacion-llega-a-acuerdo-con-habitantes-de-cuacnopalan\/","title":{"rendered":"Gobernaci\u00f3n llega a acuerdo con habitantes de Cuacnopalan"},"content":{"rendered":"\n<p class=\"wp-block-paragraph\">El gobierno de Puebla, a trav\u00e9s de la Secretar\u00eda de Gobernaci\u00f3n (SEGOB), informa que luego de sostener una segunda reuni\u00f3n con habitantes inconformes de Cuacnopalan, Palmar de Bravo, por el da\u00f1o a la tuber\u00eda de agua que abastece dicha comunidad, derivado de los trabajos de construcci\u00f3n de la autopista Cuapiaxtla-Cuacnopalan, se acord\u00f3 que:<\/p>\n\n\n\n<p class=\"wp-block-paragraph\">La empresa suministrar\u00e1 y colocar\u00e1 tuber\u00eda nueva en los tramos perjudicados y en las zonas que sea requerido, donde adem\u00e1s se agregar\u00e1n v\u00e1lvulas de explosi\u00f3n de aire; en tanto se concluyen estos trabajos, se dotar\u00e1 de agua a los hogares afectados por tiempo indefinido<\/p>\n\n\n\n<p class=\"wp-block-paragraph\">Se realizar\u00e1n trabajos de limpieza y desazolve del camino saca cosechas en direcci\u00f3n al t\u00fanel que ya est\u00e1 definido, as\u00ed como en el camino a La Cruz de los pastores de la misma localidad.<\/p>\n\n\n\n<p class=\"wp-block-paragraph\">Asimismo, los pobladores solicitaron la construcci\u00f3n de un tanque superficial, en sustituci\u00f3n del actual, pues mencionan que fue da\u00f1ado por los trabajos que se efect\u00faan en el punto, adem\u00e1s del reembolso de pagos realizados por arreglos y composturas por fugas registradas, as\u00ed como del importe de la luz cuando se present\u00f3 dicho percance.<\/p>\n\n\n\n<p class=\"wp-block-paragraph\">A la reuni\u00f3n asistieron tambi\u00e9n autoridades municipales, auxiliares adem\u00e1s de integrantes de Carreteras de Cuota de Puebla, y la empresa constructora.<\/p>\n","protected":false},"excerpt":{"rendered":"<p>La empresa suministrar\u00e1 y colocar\u00e1 tuber\u00eda nueva en los tramos perjudicados y en las zonas que sea requerido<\/p>\n","protected":false},"author":4,"featured_media":58726,"comment_status":"open","ping_status":"open","sticky":false,"template":"","format":"standard","meta":{"_monsterinsights_skip_tracking":false,"_uf_show_specific_survey":0,"_uf_disable_surveys":false,"footnotes":""},"categories":[53,585],"tags":[26,1334],"class_list":["post-58725","post","type-post","status-publish","format-standard","has-post-thumbnail","hentry","category-local","category-principal","tag-puebla","tag-secretaria-de-gobernacion"],"yoast_head":"<!-- This site is optimized with the Yoast SEO plugin v27.5 - https:\/\/yoast.com\/product\/yoast-seo-wordpress\/ -->\n<title>Gobernaci\u00f3n llega a acuerdo con habitantes de Cuacnopalan - Fer Abrajan<\/title>\n<meta name=\"description\" content=\"La empresa suministrar\u00e1 y colocar\u00e1 tuber\u00eda nueva en los tramos perjudicados y en las zonas que sea requerido\" \/>\n<meta name=\"robots\" content=\"index, follow, max-snippet:-1, max-image-preview:large, max-video-preview:-1\" \/>\n<link rel=\"canonical\" href=\"https:\/\/ferabrajan.com\/portal\/2024\/03\/21\/gobernacion-llega-a-acuerdo-con-habitantes-de-cuacnopalan\/\" \/>\n<meta property=\"og:locale\" content=\"es_ES\" \/>\n<meta property=\"og:type\" content=\"article\" \/>\n<meta property=\"og:title\" content=\"Gobernaci\u00f3n llega a acuerdo con habitantes de Cuacnopalan - Fer Abrajan\" \/>\n<meta property=\"og:description\" content=\"La empresa suministrar\u00e1 y colocar\u00e1 tuber\u00eda nueva en los tramos perjudicados y en las zonas que sea requerido\" \/>\n<meta property=\"og:url\" content=\"https:\/\/ferabrajan.com\/portal\/2024\/03\/21\/gobernacion-llega-a-acuerdo-con-habitantes-de-cuacnopalan\/\" \/>\n<meta property=\"og:site_name\" content=\"Fer Abrajan\" \/>\n<meta property=\"article:publisher\" content=\"https:\/\/www.facebook.com\/NoticiasconFerAbrajan\/\" \/>\n<meta property=\"article:published_time\" content=\"2024-03-21T14:43:46+00:00\" \/>\n<meta property=\"article:modified_time\" content=\"2024-03-21T14:43:48+00:00\" \/>\n<meta property=\"og:image\" content=\"https:\/\/ferabrajan.com\/portal\/wp-content\/uploads\/2024\/03\/432305330_1643233209839984_2191482545073530361_n.jpg\" \/>\n\t<meta property=\"og:image:width\" content=\"2048\" \/>\n\t<meta property=\"og:image:height\" content=\"1366\" \/>\n\t<meta property=\"og:image:type\" content=\"image\/jpeg\" \/>\n<meta name=\"author\" content=\"Ismael Rojas\" \/>\n<meta name=\"twitter:card\" content=\"summary_large_image\" \/>\n<meta name=\"twitter:creator\" content=\"@ferabrajan1\" \/>\n<meta name=\"twitter:site\" content=\"@ferabrajan1\" \/>\n<meta name=\"twitter:label1\" content=\"Escrito por\" \/>\n\t<meta name=\"twitter:data1\" content=\"Ismael Rojas\" \/>\n\t<meta name=\"twitter:label2\" content=\"Tiempo de lectura\" \/>\n\t<meta name=\"twitter:data2\" content=\"1 minuto\" \/>\n<script type=\"application\/ld+json\" class=\"yoast-schema-graph\">{\"@context\":\"https:\\\/\\\/schema.org\",\"@graph\":[{\"@type\":\"Article\",\"@id\":\"https:\\\/\\\/ferabrajan.com\\\/portal\\\/2024\\\/03\\\/21\\\/gobernacion-llega-a-acuerdo-con-habitantes-de-cuacnopalan\\\/#article\",\"isPartOf\":{\"@id\":\"https:\\\/\\\/ferabrajan.com\\\/portal\\\/2024\\\/03\\\/21\\\/gobernacion-llega-a-acuerdo-con-habitantes-de-cuacnopalan\\\/\"},\"author\":{\"name\":\"Ismael Rojas\",\"@id\":\"https:\\\/\\\/ferabrajan.com\\\/portal\\\/#\\\/schema\\\/person\\\/83ed4fff5d7e4c8edf481fa39f71acb2\"},\"headline\":\"Gobernaci\u00f3n llega a acuerdo con habitantes de Cuacnopalan\",\"datePublished\":\"2024-03-21T14:43:46+00:00\",\"dateModified\":\"2024-03-21T14:43:48+00:00\",\"mainEntityOfPage\":{\"@id\":\"https:\\\/\\\/ferabrajan.com\\\/portal\\\/2024\\\/03\\\/21\\\/gobernacion-llega-a-acuerdo-con-habitantes-de-cuacnopalan\\\/\"},\"wordCount\":237,\"commentCount\":0,\"publisher\":{\"@id\":\"https:\\\/\\\/ferabrajan.com\\\/portal\\\/#organization\"},\"image\":{\"@id\":\"https:\\\/\\\/ferabrajan.com\\\/portal\\\/2024\\\/03\\\/21\\\/gobernacion-llega-a-acuerdo-con-habitantes-de-cuacnopalan\\\/#primaryimage\"},\"thumbnailUrl\":\"https:\\\/\\\/ferabrajan.com\\\/portal\\\/wp-content\\\/uploads\\\/2024\\\/03\\\/432305330_1643233209839984_2191482545073530361_n.jpg\",\"keywords\":[\"puebla\",\"Secretar\u00eda de Gobernaci\u00f3n\"],\"articleSection\":[\"Local\",\"Principal\"],\"inLanguage\":\"es\"},{\"@type\":\"WebPage\",\"@id\":\"https:\\\/\\\/ferabrajan.com\\\/portal\\\/2024\\\/03\\\/21\\\/gobernacion-llega-a-acuerdo-con-habitantes-de-cuacnopalan\\\/\",\"url\":\"https:\\\/\\\/ferabrajan.com\\\/portal\\\/2024\\\/03\\\/21\\\/gobernacion-llega-a-acuerdo-con-habitantes-de-cuacnopalan\\\/\",\"name\":\"Gobernaci\u00f3n llega a acuerdo con habitantes de Cuacnopalan - Fer Abrajan\",\"isPartOf\":{\"@id\":\"https:\\\/\\\/ferabrajan.com\\\/portal\\\/#website\"},\"primaryImageOfPage\":{\"@id\":\"https:\\\/\\\/ferabrajan.com\\\/portal\\\/2024\\\/03\\\/21\\\/gobernacion-llega-a-acuerdo-con-habitantes-de-cuacnopalan\\\/#primaryimage\"},\"image\":{\"@id\":\"https:\\\/\\\/ferabrajan.com\\\/portal\\\/2024\\\/03\\\/21\\\/gobernacion-llega-a-acuerdo-con-habitantes-de-cuacnopalan\\\/#primaryimage\"},\"thumbnailUrl\":\"https:\\\/\\\/ferabrajan.com\\\/portal\\\/wp-content\\\/uploads\\\/2024\\\/03\\\/432305330_1643233209839984_2191482545073530361_n.jpg\",\"datePublished\":\"2024-03-21T14:43:46+00:00\",\"dateModified\":\"2024-03-21T14:43:48+00:00\",\"description\":\"La empresa suministrar\u00e1 y colocar\u00e1 tuber\u00eda nueva en los tramos perjudicados y en las zonas que sea requerido\",\"breadcrumb\":{\"@id\":\"https:\\\/\\\/ferabrajan.com\\\/portal\\\/2024\\\/03\\\/21\\\/gobernacion-llega-a-acuerdo-con-habitantes-de-cuacnopalan\\\/#breadcrumb\"},\"inLanguage\":\"es\",\"potentialAction\":[{\"@type\":\"ReadAction\",\"target\":[\"https:\\\/\\\/ferabrajan.com\\\/portal\\\/2024\\\/03\\\/21\\\/gobernacion-llega-a-acuerdo-con-habitantes-de-cuacnopalan\\\/\"]}]},{\"@type\":\"ImageObject\",\"inLanguage\":\"es\",\"@id\":\"https:\\\/\\\/ferabrajan.com\\\/portal\\\/2024\\\/03\\\/21\\\/gobernacion-llega-a-acuerdo-con-habitantes-de-cuacnopalan\\\/#primaryimage\",\"url\":\"https:\\\/\\\/ferabrajan.com\\\/portal\\\/wp-content\\\/uploads\\\/2024\\\/03\\\/432305330_1643233209839984_2191482545073530361_n.jpg\",\"contentUrl\":\"https:\\\/\\\/ferabrajan.com\\\/portal\\\/wp-content\\\/uploads\\\/2024\\\/03\\\/432305330_1643233209839984_2191482545073530361_n.jpg\",\"width\":2048,\"height\":1366},{\"@type\":\"BreadcrumbList\",\"@id\":\"https:\\\/\\\/ferabrajan.com\\\/portal\\\/2024\\\/03\\\/21\\\/gobernacion-llega-a-acuerdo-con-habitantes-de-cuacnopalan\\\/#breadcrumb\",\"itemListElement\":[{\"@type\":\"ListItem\",\"position\":1,\"name\":\"Portada\",\"item\":\"https:\\\/\\\/ferabrajan.com\\\/portal\\\/\"},{\"@type\":\"ListItem\",\"position\":2,\"name\":\"Gobernaci\u00f3n llega a acuerdo con habitantes de Cuacnopalan\"}]},{\"@type\":\"WebSite\",\"@id\":\"https:\\\/\\\/ferabrajan.com\\\/portal\\\/#website\",\"url\":\"https:\\\/\\\/ferabrajan.com\\\/portal\\\/\",\"name\":\"Fer Abrajan\",\"description\":\"Noticias de Puebla, opini\u00f3n y radio en vivo\",\"publisher\":{\"@id\":\"https:\\\/\\\/ferabrajan.com\\\/portal\\\/#organization\"},\"potentialAction\":[{\"@type\":\"SearchAction\",\"target\":{\"@type\":\"EntryPoint\",\"urlTemplate\":\"https:\\\/\\\/ferabrajan.com\\\/portal\\\/?s={search_term_string}\"},\"query-input\":{\"@type\":\"PropertyValueSpecification\",\"valueRequired\":true,\"valueName\":\"search_term_string\"}}],\"inLanguage\":\"es\"},{\"@type\":\"Organization\",\"@id\":\"https:\\\/\\\/ferabrajan.com\\\/portal\\\/#organization\",\"name\":\"Fer Abrajan\",\"url\":\"https:\\\/\\\/ferabrajan.com\\\/portal\\\/\",\"logo\":{\"@type\":\"ImageObject\",\"inLanguage\":\"es\",\"@id\":\"https:\\\/\\\/ferabrajan.com\\\/portal\\\/#\\\/schema\\\/logo\\\/image\\\/\",\"url\":\"https:\\\/\\\/ferabrajan.com\\\/portal\\\/wp-content\\\/uploads\\\/2024\\\/10\\\/cropped-logo.jpeg\",\"contentUrl\":\"https:\\\/\\\/ferabrajan.com\\\/portal\\\/wp-content\\\/uploads\\\/2024\\\/10\\\/cropped-logo.jpeg\",\"width\":500,\"height\":250,\"caption\":\"Fer Abrajan\"},\"image\":{\"@id\":\"https:\\\/\\\/ferabrajan.com\\\/portal\\\/#\\\/schema\\\/logo\\\/image\\\/\"},\"sameAs\":[\"https:\\\/\\\/www.facebook.com\\\/NoticiasconFerAbrajan\\\/\",\"https:\\\/\\\/x.com\\\/ferabrajan1\"]},{\"@type\":\"Person\",\"@id\":\"https:\\\/\\\/ferabrajan.com\\\/portal\\\/#\\\/schema\\\/person\\\/83ed4fff5d7e4c8edf481fa39f71acb2\",\"name\":\"Ismael Rojas\",\"image\":{\"@type\":\"ImageObject\",\"inLanguage\":\"es\",\"@id\":\"https:\\\/\\\/secure.gravatar.com\\\/avatar\\\/e4a9cb58548fedeb6143fa536c79b44c34454539235177c55c5819d74963e9d6?s=96&d=mm&r=g\",\"url\":\"https:\\\/\\\/secure.gravatar.com\\\/avatar\\\/e4a9cb58548fedeb6143fa536c79b44c34454539235177c55c5819d74963e9d6?s=96&d=mm&r=g\",\"contentUrl\":\"https:\\\/\\\/secure.gravatar.com\\\/avatar\\\/e4a9cb58548fedeb6143fa536c79b44c34454539235177c55c5819d74963e9d6?s=96&d=mm&r=g\",\"caption\":\"Ismael Rojas\"},\"url\":\"https:\\\/\\\/ferabrajan.com\\\/portal\\\/author\\\/ismael\\\/\"}]}<\/script>\n<!-- \/ Yoast SEO plugin. -->","yoast_head_json":{"title":"Gobernaci\u00f3n llega a acuerdo con habitantes de Cuacnopalan - Fer Abrajan","description":"La empresa suministrar\u00e1 y colocar\u00e1 tuber\u00eda nueva en los tramos perjudicados y en las zonas que sea requerido","robots":{"index":"index","follow":"follow","max-snippet":"max-snippet:-1","max-image-preview":"max-image-preview:large","max-video-preview":"max-video-preview:-1"},"canonical":"https:\/\/ferabrajan.com\/portal\/2024\/03\/21\/gobernacion-llega-a-acuerdo-con-habitantes-de-cuacnopalan\/","og_locale":"es_ES","og_type":"article","og_title":"Gobernaci\u00f3n llega a acuerdo con habitantes de Cuacnopalan - Fer Abrajan","og_description":"La empresa suministrar\u00e1 y colocar\u00e1 tuber\u00eda nueva en los tramos perjudicados y en las zonas que sea requerido","og_url":"https:\/\/ferabrajan.com\/portal\/2024\/03\/21\/gobernacion-llega-a-acuerdo-con-habitantes-de-cuacnopalan\/","og_site_name":"Fer Abrajan","article_publisher":"https:\/\/www.facebook.com\/NoticiasconFerAbrajan\/","article_published_time":"2024-03-21T14:43:46+00:00","article_modified_time":"2024-03-21T14:43:48+00:00","og_image":[{"width":2048,"height":1366,"url":"https:\/\/ferabrajan.com\/portal\/wp-content\/uploads\/2024\/03\/432305330_1643233209839984_2191482545073530361_n.jpg","type":"image\/jpeg"}],"author":"Ismael Rojas","twitter_card":"summary_large_image","twitter_creator":"@ferabrajan1","twitter_site":"@ferabrajan1","twitter_misc":{"Escrito por":"Ismael Rojas","Tiempo de lectura":"1 minuto"},"schema":{"@context":"https:\/\/schema.org","@graph":[{"@type":"Article","@id":"https:\/\/ferabrajan.com\/portal\/2024\/03\/21\/gobernacion-llega-a-acuerdo-con-habitantes-de-cuacnopalan\/#article","isPartOf":{"@id":"https:\/\/ferabrajan.com\/portal\/2024\/03\/21\/gobernacion-llega-a-acuerdo-con-habitantes-de-cuacnopalan\/"},"author":{"name":"Ismael Rojas","@id":"https:\/\/ferabrajan.com\/portal\/#\/schema\/person\/83ed4fff5d7e4c8edf481fa39f71acb2"},"headline":"Gobernaci\u00f3n llega a acuerdo con habitantes de Cuacnopalan","datePublished":"2024-03-21T14:43:46+00:00","dateModified":"2024-03-21T14:43:48+00:00","mainEntityOfPage":{"@id":"https:\/\/ferabrajan.com\/portal\/2024\/03\/21\/gobernacion-llega-a-acuerdo-con-habitantes-de-cuacnopalan\/"},"wordCount":237,"commentCount":0,"publisher":{"@id":"https:\/\/ferabrajan.com\/portal\/#organization"},"image":{"@id":"https:\/\/ferabrajan.com\/portal\/2024\/03\/21\/gobernacion-llega-a-acuerdo-con-habitantes-de-cuacnopalan\/#primaryimage"},"thumbnailUrl":"https:\/\/ferabrajan.com\/portal\/wp-content\/uploads\/2024\/03\/432305330_1643233209839984_2191482545073530361_n.jpg","keywords":["puebla","Secretar\u00eda de Gobernaci\u00f3n"],"articleSection":["Local","Principal"],"inLanguage":"es"},{"@type":"WebPage","@id":"https:\/\/ferabrajan.com\/portal\/2024\/03\/21\/gobernacion-llega-a-acuerdo-con-habitantes-de-cuacnopalan\/","url":"https:\/\/ferabrajan.com\/portal\/2024\/03\/21\/gobernacion-llega-a-acuerdo-con-habitantes-de-cuacnopalan\/","name":"Gobernaci\u00f3n llega a acuerdo con habitantes de Cuacnopalan - Fer Abrajan","isPartOf":{"@id":"https:\/\/ferabrajan.com\/portal\/#website"},"primaryImageOfPage":{"@id":"https:\/\/ferabrajan.com\/portal\/2024\/03\/21\/gobernacion-llega-a-acuerdo-con-habitantes-de-cuacnopalan\/#primaryimage"},"image":{"@id":"https:\/\/ferabrajan.com\/portal\/2024\/03\/21\/gobernacion-llega-a-acuerdo-con-habitantes-de-cuacnopalan\/#primaryimage"},"thumbnailUrl":"https:\/\/ferabrajan.com\/portal\/wp-content\/uploads\/2024\/03\/432305330_1643233209839984_2191482545073530361_n.jpg","datePublished":"2024-03-21T14:43:46+00:00","dateModified":"2024-03-21T14:43:48+00:00","description":"La empresa suministrar\u00e1 y colocar\u00e1 tuber\u00eda nueva en los tramos perjudicados y en las zonas que sea requerido","breadcrumb":{"@id":"https:\/\/ferabrajan.com\/portal\/2024\/03\/21\/gobernacion-llega-a-acuerdo-con-habitantes-de-cuacnopalan\/#breadcrumb"},"inLanguage":"es","potentialAction":[{"@type":"ReadAction","target":["https:\/\/ferabrajan.com\/portal\/2024\/03\/21\/gobernacion-llega-a-acuerdo-con-habitantes-de-cuacnopalan\/"]}]},{"@type":"ImageObject","inLanguage":"es","@id":"https:\/\/ferabrajan.com\/portal\/2024\/03\/21\/gobernacion-llega-a-acuerdo-con-habitantes-de-cuacnopalan\/#primaryimage","url":"https:\/\/ferabrajan.com\/portal\/wp-content\/uploads\/2024\/03\/432305330_1643233209839984_2191482545073530361_n.jpg","contentUrl":"https:\/\/ferabrajan.com\/portal\/wp-content\/uploads\/2024\/03\/432305330_1643233209839984_2191482545073530361_n.jpg","width":2048,"height":1366},{"@type":"BreadcrumbList","@id":"https:\/\/ferabrajan.com\/portal\/2024\/03\/21\/gobernacion-llega-a-acuerdo-con-habitantes-de-cuacnopalan\/#breadcrumb","itemListElement":[{"@type":"ListItem","position":1,"name":"Portada","item":"https:\/\/ferabrajan.com\/portal\/"},{"@type":"ListItem","position":2,"name":"Gobernaci\u00f3n llega a acuerdo con habitantes de Cuacnopalan"}]},{"@type":"WebSite","@id":"https:\/\/ferabrajan.com\/portal\/#website","url":"https:\/\/ferabrajan.com\/portal\/","name":"Fer Abrajan","description":"Noticias de Puebla, opini\u00f3n y radio en vivo","publisher":{"@id":"https:\/\/ferabrajan.com\/portal\/#organization"},"potentialAction":[{"@type":"SearchAction","target":{"@type":"EntryPoint","urlTemplate":"https:\/\/ferabrajan.com\/portal\/?s={search_term_string}"},"query-input":{"@type":"PropertyValueSpecification","valueRequired":true,"valueName":"search_term_string"}}],"inLanguage":"es"},{"@type":"Organization","@id":"https:\/\/ferabrajan.com\/portal\/#organization","name":"Fer Abrajan","url":"https:\/\/ferabrajan.com\/portal\/","logo":{"@type":"ImageObject","inLanguage":"es","@id":"https:\/\/ferabrajan.com\/portal\/#\/schema\/logo\/image\/","url":"https:\/\/ferabrajan.com\/portal\/wp-content\/uploads\/2024\/10\/cropped-logo.jpeg","contentUrl":"https:\/\/ferabrajan.com\/portal\/wp-content\/uploads\/2024\/10\/cropped-logo.jpeg","width":500,"height":250,"caption":"Fer Abrajan"},"image":{"@id":"https:\/\/ferabrajan.com\/portal\/#\/schema\/logo\/image\/"},"sameAs":["https:\/\/www.facebook.com\/NoticiasconFerAbrajan\/","https:\/\/x.com\/ferabrajan1"]},{"@type":"Person","@id":"https:\/\/ferabrajan.com\/portal\/#\/schema\/person\/83ed4fff5d7e4c8edf481fa39f71acb2","name":"Ismael Rojas","image":{"@type":"ImageObject","inLanguage":"es","@id":"https:\/\/secure.gravatar.com\/avatar\/e4a9cb58548fedeb6143fa536c79b44c34454539235177c55c5819d74963e9d6?s=96&d=mm&r=g","url":"https:\/\/secure.gravatar.com\/avatar\/e4a9cb58548fedeb6143fa536c79b44c34454539235177c55c5819d74963e9d6?s=96&d=mm&r=g","contentUrl":"https:\/\/secure.gravatar.com\/avatar\/e4a9cb58548fedeb6143fa536c79b44c34454539235177c55c5819d74963e9d6?s=96&d=mm&r=g","caption":"Ismael Rojas"},"url":"https:\/\/ferabrajan.com\/portal\/author\/ismael\/"}]}},"_links":{"self":[{"href":"https:\/\/ferabrajan.com\/portal\/wp-json\/wp\/v2\/posts\/58725","targetHints":{"allow":["GET"]}}],"collection":[{"href":"https:\/\/ferabrajan.com\/portal\/wp-json\/wp\/v2\/posts"}],"about":[{"href":"https:\/\/ferabrajan.com\/portal\/wp-json\/wp\/v2\/types\/post"}],"author":[{"embeddable":true,"href":"https:\/\/ferabrajan.com\/portal\/wp-json\/wp\/v2\/users\/4"}],"replies":[{"embeddable":true,"href":"https:\/\/ferabrajan.com\/portal\/wp-json\/wp\/v2\/comments?post=58725"}],"version-history":[{"count":0,"href":"https:\/\/ferabrajan.com\/portal\/wp-json\/wp\/v2\/posts\/58725\/revisions"}],"wp:featuredmedia":[{"embeddable":true,"href":"https:\/\/ferabrajan.com\/portal\/wp-json\/wp\/v2\/media\/58726"}],"wp:attachment":[{"href":"https:\/\/ferabrajan.com\/portal\/wp-json\/wp\/v2\/media?parent=58725"}],"wp:term":[{"taxonomy":"category","embeddable":true,"href":"https:\/\/ferabrajan.com\/portal\/wp-json\/wp\/v2\/categories?post=58725"},{"taxonomy":"post_tag","embeddable":true,"href":"https:\/\/ferabrajan.com\/portal\/wp-json\/wp\/v2\/tags?post=58725"}],"curies":[{"name":"wp","href":"https:\/\/api.w.org\/{rel}","templated":true}]}}