{"id":56446,"date":"2024-01-03T15:41:18","date_gmt":"2024-01-03T15:41:18","guid":{"rendered":"https:\/\/ferabrajan.com\/portal\/?p=56446"},"modified":"2024-01-03T15:41:25","modified_gmt":"2024-01-03T15:41:25","slug":"becas-benito-juarez-2024-sep-amplia-registro","status":"publish","type":"post","link":"https:\/\/ferabrajan.com\/portal\/2024\/01\/03\/becas-benito-juarez-2024-sep-amplia-registro\/","title":{"rendered":"Becas Benito Ju\u00e1rez 2024: SEP ampl\u00eda registro"},"content":{"rendered":"\n<p class=\"wp-block-paragraph\">\u00bfNo pudiste\u00a0inscribir a tu hija o hijo a alguna de las becas Benito Ju\u00e1rez de educaci\u00f3n b\u00e1sica? No te preocupes, ya que la Secretar\u00eda de Educaci\u00f3n P\u00fablica<strong>\u00a0(SEP) ampli\u00f3 el plazo de registro para entrar a la lista de espera<\/strong>\u00a0y obtener el beneficio en los pr\u00f3ximos meses.<\/p>\n\n\n\n<p class=\"wp-block-paragraph\">La dependencia anunci\u00f3 este martes 2 de enero que, con el objetivo de llegar a m\u00e1s familias mexicanas, abrieron durante m\u00e1s tiempo el periodo\u00a0<strong>para que los padres de familia puedan registrar a sus hijos que van en preescolar, primaria y secundaria<\/strong>.<\/p>\n\n\n\n<p class=\"wp-block-paragraph\">Si bien esto es una nueva oportunidad para que las familias con hijos en educaci\u00f3n b\u00e1sica los inscriban para las becas que otorgan 840 pesos al mes\u00a0como apoyo, la SEP reconoci\u00f3 que<strong>\u00a0con ello se retrasar\u00e1 el registro para los estudiantes de educaci\u00f3n media superior,<\/strong>\u00a0es decir, de bachillerato o preparatoria.<\/p>\n\n\n\n<h2 class=\"wp-block-heading\">Becas Benito Ju\u00e1rez: \u00bfHasta cu\u00e1ndo se extender\u00e1 el registro para estudiantes de educaci\u00f3n b\u00e1sica?<\/h2>\n\n\n\n<p class=\"wp-block-paragraph\">La\u00a0 SEP dijo que los padres de familia o tutores de las y los alumnos de educaci\u00f3n b\u00e1sica que quieran obtener la beca Benito Ju\u00e1rez\u00a0para\u00a0<strong>alumnos de nivel b\u00e1sico tienen hasta antes del lunes 8 de enero<\/strong>\u00a0para hacer el tr\u00e1mite y buscar un espacio en la lista de espera para el programa.<\/p>\n\n\n\n<p class=\"wp-block-paragraph\"><\/p>\n\n\n\n<figure class=\"wp-block-image size-large\"><img fetchpriority=\"high\" decoding=\"async\" width=\"1024\" height=\"644\" src=\"https:\/\/ferabrajan.com\/portal\/wp-content\/uploads\/2024\/01\/01_CSI-EXTENSION_banner-1024x644.jpg\" alt=\"\" class=\"wp-image-56447\" srcset=\"https:\/\/ferabrajan.com\/portal\/wp-content\/uploads\/2024\/01\/01_CSI-EXTENSION_banner-1024x644.jpg 1024w, https:\/\/ferabrajan.com\/portal\/wp-content\/uploads\/2024\/01\/01_CSI-EXTENSION_banner-300x189.jpg 300w, https:\/\/ferabrajan.com\/portal\/wp-content\/uploads\/2024\/01\/01_CSI-EXTENSION_banner-768x483.jpg 768w, https:\/\/ferabrajan.com\/portal\/wp-content\/uploads\/2024\/01\/01_CSI-EXTENSION_banner-1536x966.jpg 1536w, https:\/\/ferabrajan.com\/portal\/wp-content\/uploads\/2024\/01\/01_CSI-EXTENSION_banner-2048x1288.jpg 2048w\" sizes=\"(max-width: 1024px) 100vw, 1024px\" \/><\/figure>\n\n\n\n<h2 class=\"wp-block-heading\">Beca Benito Ju\u00e1rez de educaci\u00f3n b\u00e1sica 2024: \u00bfC\u00f3mo registrar a tu hija o hijo?<\/h2>\n\n\n\n<p class=\"wp-block-paragraph\">Si deseas que\u00a0alguno de tus hijos reciba el apoyo de la beca Benito Ju\u00e1rez\u00a0deber\u00e1s\u00a0<strong>obtener una C\u00e9dula de Solicitud de Incorporaci\u00f3n en L\u00ednea (CSI)<\/strong>\u00a0al programa.<\/p>\n\n\n\n<p class=\"wp-block-paragraph\">Para ello necesitas primero que nada ver el listado de\u00a0escuelas que participan en las becas Benito Ju\u00e1rez en este enlace, para luego\u00a0<strong>comenzar el registro en la p\u00e1gina web del CSI<\/strong>, donde deber\u00e1s introducir la Clave \u00danica del Registro de Poblaci\u00f3n (CURP) de la o el hijo que quieres que reciba la beca, as\u00ed como comprobante de domicilio, n\u00famero de tel\u00e9fono y correo electr\u00f3nico.<\/p>\n\n\n\n<p class=\"wp-block-paragraph\"><a href=\"https:\/\/www.gob.mx\/becasbenitojuarez\/articulos\/conoce-la-cedula-de-solicitud-de-incorporacion-en-linea-la-herramienta-para-solicitar-una-beca-benito-juarez?idiom=es\" target=\"_blank\" rel=\"noreferrer noopener\">Puedes hacer tu registro en la p\u00e1gina del CSI en este enlace.<\/a><\/p>\n\n\n\n<p class=\"wp-block-paragraph\">A partir del\u00a08 de enero comienza el registro para la beca Benito Ju\u00e1rez\u00a0para alumnos de educaci\u00f3n media superior.<\/p>\n","protected":false},"excerpt":{"rendered":"<p>Las familias que se quedaron sin oportunidad de solicitar la beca Benito Ju\u00e1rez con apoyo de 840 pesos al mes podr\u00e1n intentar en los primeros d\u00edas de este a\u00f1o.<\/p>\n","protected":false},"author":3,"featured_media":56448,"comment_status":"open","ping_status":"open","sticky":false,"template":"","format":"standard","meta":{"_monsterinsights_skip_tracking":false,"_uf_show_specific_survey":0,"_uf_disable_surveys":false,"footnotes":""},"categories":[52,585],"tags":[1127,1125,1126,1128],"class_list":["post-56446","post","type-post","status-publish","format-standard","has-post-thumbnail","hentry","category-nacional","category-principal","tag-becas","tag-preescolar","tag-primaria","tag-secundaria"],"yoast_head":"<!-- This site is optimized with the Yoast SEO plugin v27.5 - https:\/\/yoast.com\/product\/yoast-seo-wordpress\/ -->\n<title>Becas Benito Ju\u00e1rez 2024: SEP ampl\u00eda registro - Fer Abrajan<\/title>\n<meta name=\"description\" content=\"Las familias que se quedaron sin oportunidad de solicitar la beca Benito Ju\u00e1rez con apoyo de 840 pesos al mes podr\u00e1n intentar en los primeros d\u00edas de este a\u00f1o.\" \/>\n<meta name=\"robots\" content=\"index, follow, max-snippet:-1, max-image-preview:large, max-video-preview:-1\" \/>\n<link rel=\"canonical\" href=\"https:\/\/ferabrajan.com\/portal\/2024\/01\/03\/becas-benito-juarez-2024-sep-amplia-registro\/\" \/>\n<meta property=\"og:locale\" content=\"es_ES\" \/>\n<meta property=\"og:type\" content=\"article\" \/>\n<meta property=\"og:title\" content=\"Becas Benito Ju\u00e1rez 2024: SEP ampl\u00eda registro - Fer Abrajan\" \/>\n<meta property=\"og:description\" content=\"Las familias que se quedaron sin oportunidad de solicitar la beca Benito Ju\u00e1rez con apoyo de 840 pesos al mes podr\u00e1n intentar en los primeros d\u00edas de este a\u00f1o.\" \/>\n<meta property=\"og:url\" content=\"https:\/\/ferabrajan.com\/portal\/2024\/01\/03\/becas-benito-juarez-2024-sep-amplia-registro\/\" \/>\n<meta property=\"og:site_name\" content=\"Fer Abrajan\" \/>\n<meta property=\"article:publisher\" content=\"https:\/\/www.facebook.com\/NoticiasconFerAbrajan\/\" \/>\n<meta property=\"article:published_time\" content=\"2024-01-03T15:41:18+00:00\" \/>\n<meta property=\"article:modified_time\" content=\"2024-01-03T15:41:25+00:00\" \/>\n<meta property=\"og:image\" content=\"https:\/\/ferabrajan.com\/portal\/wp-content\/uploads\/2024\/01\/410542355_7306332569398598_3108077141353183673_n.jpg\" \/>\n\t<meta property=\"og:image:width\" content=\"1024\" \/>\n\t<meta property=\"og:image:height\" content=\"683\" \/>\n\t<meta property=\"og:image:type\" content=\"image\/jpeg\" \/>\n<meta name=\"author\" content=\"Rebeca N\u00fa\u00f1ez\" \/>\n<meta name=\"twitter:card\" content=\"summary_large_image\" \/>\n<meta name=\"twitter:creator\" content=\"@ferabrajan1\" \/>\n<meta name=\"twitter:site\" content=\"@ferabrajan1\" \/>\n<meta name=\"twitter:label1\" content=\"Escrito por\" \/>\n\t<meta name=\"twitter:data1\" content=\"Rebeca N\u00fa\u00f1ez\" \/>\n\t<meta name=\"twitter:label2\" content=\"Tiempo de lectura\" \/>\n\t<meta name=\"twitter:data2\" content=\"2 minutos\" \/>\n<script type=\"application\/ld+json\" class=\"yoast-schema-graph\">{\"@context\":\"https:\\\/\\\/schema.org\",\"@graph\":[{\"@type\":\"Article\",\"@id\":\"https:\\\/\\\/ferabrajan.com\\\/portal\\\/2024\\\/01\\\/03\\\/becas-benito-juarez-2024-sep-amplia-registro\\\/#article\",\"isPartOf\":{\"@id\":\"https:\\\/\\\/ferabrajan.com\\\/portal\\\/2024\\\/01\\\/03\\\/becas-benito-juarez-2024-sep-amplia-registro\\\/\"},\"author\":{\"name\":\"Rebeca N\u00fa\u00f1ez\",\"@id\":\"https:\\\/\\\/ferabrajan.com\\\/portal\\\/#\\\/schema\\\/person\\\/a79364e0091921e733584c4833bc7a50\"},\"headline\":\"Becas Benito Ju\u00e1rez 2024: SEP ampl\u00eda registro\",\"datePublished\":\"2024-01-03T15:41:18+00:00\",\"dateModified\":\"2024-01-03T15:41:25+00:00\",\"mainEntityOfPage\":{\"@id\":\"https:\\\/\\\/ferabrajan.com\\\/portal\\\/2024\\\/01\\\/03\\\/becas-benito-juarez-2024-sep-amplia-registro\\\/\"},\"wordCount\":393,\"commentCount\":0,\"publisher\":{\"@id\":\"https:\\\/\\\/ferabrajan.com\\\/portal\\\/#organization\"},\"image\":{\"@id\":\"https:\\\/\\\/ferabrajan.com\\\/portal\\\/2024\\\/01\\\/03\\\/becas-benito-juarez-2024-sep-amplia-registro\\\/#primaryimage\"},\"thumbnailUrl\":\"https:\\\/\\\/ferabrajan.com\\\/portal\\\/wp-content\\\/uploads\\\/2024\\\/01\\\/410542355_7306332569398598_3108077141353183673_n.jpg\",\"keywords\":[\"Becas\",\"preescolar\",\"primaria\",\"secundaria\"],\"articleSection\":[\"Nacional\",\"Principal\"],\"inLanguage\":\"es\"},{\"@type\":\"WebPage\",\"@id\":\"https:\\\/\\\/ferabrajan.com\\\/portal\\\/2024\\\/01\\\/03\\\/becas-benito-juarez-2024-sep-amplia-registro\\\/\",\"url\":\"https:\\\/\\\/ferabrajan.com\\\/portal\\\/2024\\\/01\\\/03\\\/becas-benito-juarez-2024-sep-amplia-registro\\\/\",\"name\":\"Becas Benito Ju\u00e1rez 2024: SEP ampl\u00eda registro - Fer Abrajan\",\"isPartOf\":{\"@id\":\"https:\\\/\\\/ferabrajan.com\\\/portal\\\/#website\"},\"primaryImageOfPage\":{\"@id\":\"https:\\\/\\\/ferabrajan.com\\\/portal\\\/2024\\\/01\\\/03\\\/becas-benito-juarez-2024-sep-amplia-registro\\\/#primaryimage\"},\"image\":{\"@id\":\"https:\\\/\\\/ferabrajan.com\\\/portal\\\/2024\\\/01\\\/03\\\/becas-benito-juarez-2024-sep-amplia-registro\\\/#primaryimage\"},\"thumbnailUrl\":\"https:\\\/\\\/ferabrajan.com\\\/portal\\\/wp-content\\\/uploads\\\/2024\\\/01\\\/410542355_7306332569398598_3108077141353183673_n.jpg\",\"datePublished\":\"2024-01-03T15:41:18+00:00\",\"dateModified\":\"2024-01-03T15:41:25+00:00\",\"description\":\"Las familias que se quedaron sin oportunidad de solicitar la beca Benito Ju\u00e1rez con apoyo de 840 pesos al mes podr\u00e1n intentar en los primeros d\u00edas de este a\u00f1o.\",\"breadcrumb\":{\"@id\":\"https:\\\/\\\/ferabrajan.com\\\/portal\\\/2024\\\/01\\\/03\\\/becas-benito-juarez-2024-sep-amplia-registro\\\/#breadcrumb\"},\"inLanguage\":\"es\",\"potentialAction\":[{\"@type\":\"ReadAction\",\"target\":[\"https:\\\/\\\/ferabrajan.com\\\/portal\\\/2024\\\/01\\\/03\\\/becas-benito-juarez-2024-sep-amplia-registro\\\/\"]}]},{\"@type\":\"ImageObject\",\"inLanguage\":\"es\",\"@id\":\"https:\\\/\\\/ferabrajan.com\\\/portal\\\/2024\\\/01\\\/03\\\/becas-benito-juarez-2024-sep-amplia-registro\\\/#primaryimage\",\"url\":\"https:\\\/\\\/ferabrajan.com\\\/portal\\\/wp-content\\\/uploads\\\/2024\\\/01\\\/410542355_7306332569398598_3108077141353183673_n.jpg\",\"contentUrl\":\"https:\\\/\\\/ferabrajan.com\\\/portal\\\/wp-content\\\/uploads\\\/2024\\\/01\\\/410542355_7306332569398598_3108077141353183673_n.jpg\",\"width\":1024,\"height\":683},{\"@type\":\"BreadcrumbList\",\"@id\":\"https:\\\/\\\/ferabrajan.com\\\/portal\\\/2024\\\/01\\\/03\\\/becas-benito-juarez-2024-sep-amplia-registro\\\/#breadcrumb\",\"itemListElement\":[{\"@type\":\"ListItem\",\"position\":1,\"name\":\"Portada\",\"item\":\"https:\\\/\\\/ferabrajan.com\\\/portal\\\/\"},{\"@type\":\"ListItem\",\"position\":2,\"name\":\"Becas Benito Ju\u00e1rez 2024: SEP ampl\u00eda registro\"}]},{\"@type\":\"WebSite\",\"@id\":\"https:\\\/\\\/ferabrajan.com\\\/portal\\\/#website\",\"url\":\"https:\\\/\\\/ferabrajan.com\\\/portal\\\/\",\"name\":\"Fer Abrajan\",\"description\":\"Noticias de Puebla, opini\u00f3n y radio en vivo\",\"publisher\":{\"@id\":\"https:\\\/\\\/ferabrajan.com\\\/portal\\\/#organization\"},\"potentialAction\":[{\"@type\":\"SearchAction\",\"target\":{\"@type\":\"EntryPoint\",\"urlTemplate\":\"https:\\\/\\\/ferabrajan.com\\\/portal\\\/?s={search_term_string}\"},\"query-input\":{\"@type\":\"PropertyValueSpecification\",\"valueRequired\":true,\"valueName\":\"search_term_string\"}}],\"inLanguage\":\"es\"},{\"@type\":\"Organization\",\"@id\":\"https:\\\/\\\/ferabrajan.com\\\/portal\\\/#organization\",\"name\":\"Fer Abrajan\",\"url\":\"https:\\\/\\\/ferabrajan.com\\\/portal\\\/\",\"logo\":{\"@type\":\"ImageObject\",\"inLanguage\":\"es\",\"@id\":\"https:\\\/\\\/ferabrajan.com\\\/portal\\\/#\\\/schema\\\/logo\\\/image\\\/\",\"url\":\"https:\\\/\\\/ferabrajan.com\\\/portal\\\/wp-content\\\/uploads\\\/2024\\\/10\\\/cropped-logo.jpeg\",\"contentUrl\":\"https:\\\/\\\/ferabrajan.com\\\/portal\\\/wp-content\\\/uploads\\\/2024\\\/10\\\/cropped-logo.jpeg\",\"width\":500,\"height\":250,\"caption\":\"Fer Abrajan\"},\"image\":{\"@id\":\"https:\\\/\\\/ferabrajan.com\\\/portal\\\/#\\\/schema\\\/logo\\\/image\\\/\"},\"sameAs\":[\"https:\\\/\\\/www.facebook.com\\\/NoticiasconFerAbrajan\\\/\",\"https:\\\/\\\/x.com\\\/ferabrajan1\"]},{\"@type\":\"Person\",\"@id\":\"https:\\\/\\\/ferabrajan.com\\\/portal\\\/#\\\/schema\\\/person\\\/a79364e0091921e733584c4833bc7a50\",\"name\":\"Rebeca N\u00fa\u00f1ez\",\"image\":{\"@type\":\"ImageObject\",\"inLanguage\":\"es\",\"@id\":\"https:\\\/\\\/secure.gravatar.com\\\/avatar\\\/c9cbf721287e849268cd37eca93cf4be51b2eed9e71c8d0c6825bd912000b74e?s=96&d=mm&r=g\",\"url\":\"https:\\\/\\\/secure.gravatar.com\\\/avatar\\\/c9cbf721287e849268cd37eca93cf4be51b2eed9e71c8d0c6825bd912000b74e?s=96&d=mm&r=g\",\"contentUrl\":\"https:\\\/\\\/secure.gravatar.com\\\/avatar\\\/c9cbf721287e849268cd37eca93cf4be51b2eed9e71c8d0c6825bd912000b74e?s=96&d=mm&r=g\",\"caption\":\"Rebeca N\u00fa\u00f1ez\"},\"url\":\"https:\\\/\\\/ferabrajan.com\\\/portal\\\/author\\\/rebeca\\\/\"}]}<\/script>\n<!-- \/ Yoast SEO plugin. -->","yoast_head_json":{"title":"Becas Benito Ju\u00e1rez 2024: SEP ampl\u00eda registro - Fer Abrajan","description":"Las familias que se quedaron sin oportunidad de solicitar la beca Benito Ju\u00e1rez con apoyo de 840 pesos al mes podr\u00e1n intentar en los primeros d\u00edas de este a\u00f1o.","robots":{"index":"index","follow":"follow","max-snippet":"max-snippet:-1","max-image-preview":"max-image-preview:large","max-video-preview":"max-video-preview:-1"},"canonical":"https:\/\/ferabrajan.com\/portal\/2024\/01\/03\/becas-benito-juarez-2024-sep-amplia-registro\/","og_locale":"es_ES","og_type":"article","og_title":"Becas Benito Ju\u00e1rez 2024: SEP ampl\u00eda registro - Fer Abrajan","og_description":"Las familias que se quedaron sin oportunidad de solicitar la beca Benito Ju\u00e1rez con apoyo de 840 pesos al mes podr\u00e1n intentar en los primeros d\u00edas de este a\u00f1o.","og_url":"https:\/\/ferabrajan.com\/portal\/2024\/01\/03\/becas-benito-juarez-2024-sep-amplia-registro\/","og_site_name":"Fer Abrajan","article_publisher":"https:\/\/www.facebook.com\/NoticiasconFerAbrajan\/","article_published_time":"2024-01-03T15:41:18+00:00","article_modified_time":"2024-01-03T15:41:25+00:00","og_image":[{"width":1024,"height":683,"url":"https:\/\/ferabrajan.com\/portal\/wp-content\/uploads\/2024\/01\/410542355_7306332569398598_3108077141353183673_n.jpg","type":"image\/jpeg"}],"author":"Rebeca N\u00fa\u00f1ez","twitter_card":"summary_large_image","twitter_creator":"@ferabrajan1","twitter_site":"@ferabrajan1","twitter_misc":{"Escrito por":"Rebeca N\u00fa\u00f1ez","Tiempo de lectura":"2 minutos"},"schema":{"@context":"https:\/\/schema.org","@graph":[{"@type":"Article","@id":"https:\/\/ferabrajan.com\/portal\/2024\/01\/03\/becas-benito-juarez-2024-sep-amplia-registro\/#article","isPartOf":{"@id":"https:\/\/ferabrajan.com\/portal\/2024\/01\/03\/becas-benito-juarez-2024-sep-amplia-registro\/"},"author":{"name":"Rebeca N\u00fa\u00f1ez","@id":"https:\/\/ferabrajan.com\/portal\/#\/schema\/person\/a79364e0091921e733584c4833bc7a50"},"headline":"Becas Benito Ju\u00e1rez 2024: SEP ampl\u00eda registro","datePublished":"2024-01-03T15:41:18+00:00","dateModified":"2024-01-03T15:41:25+00:00","mainEntityOfPage":{"@id":"https:\/\/ferabrajan.com\/portal\/2024\/01\/03\/becas-benito-juarez-2024-sep-amplia-registro\/"},"wordCount":393,"commentCount":0,"publisher":{"@id":"https:\/\/ferabrajan.com\/portal\/#organization"},"image":{"@id":"https:\/\/ferabrajan.com\/portal\/2024\/01\/03\/becas-benito-juarez-2024-sep-amplia-registro\/#primaryimage"},"thumbnailUrl":"https:\/\/ferabrajan.com\/portal\/wp-content\/uploads\/2024\/01\/410542355_7306332569398598_3108077141353183673_n.jpg","keywords":["Becas","preescolar","primaria","secundaria"],"articleSection":["Nacional","Principal"],"inLanguage":"es"},{"@type":"WebPage","@id":"https:\/\/ferabrajan.com\/portal\/2024\/01\/03\/becas-benito-juarez-2024-sep-amplia-registro\/","url":"https:\/\/ferabrajan.com\/portal\/2024\/01\/03\/becas-benito-juarez-2024-sep-amplia-registro\/","name":"Becas Benito Ju\u00e1rez 2024: SEP ampl\u00eda registro - Fer Abrajan","isPartOf":{"@id":"https:\/\/ferabrajan.com\/portal\/#website"},"primaryImageOfPage":{"@id":"https:\/\/ferabrajan.com\/portal\/2024\/01\/03\/becas-benito-juarez-2024-sep-amplia-registro\/#primaryimage"},"image":{"@id":"https:\/\/ferabrajan.com\/portal\/2024\/01\/03\/becas-benito-juarez-2024-sep-amplia-registro\/#primaryimage"},"thumbnailUrl":"https:\/\/ferabrajan.com\/portal\/wp-content\/uploads\/2024\/01\/410542355_7306332569398598_3108077141353183673_n.jpg","datePublished":"2024-01-03T15:41:18+00:00","dateModified":"2024-01-03T15:41:25+00:00","description":"Las familias que se quedaron sin oportunidad de solicitar la beca Benito Ju\u00e1rez con apoyo de 840 pesos al mes podr\u00e1n intentar en los primeros d\u00edas de este a\u00f1o.","breadcrumb":{"@id":"https:\/\/ferabrajan.com\/portal\/2024\/01\/03\/becas-benito-juarez-2024-sep-amplia-registro\/#breadcrumb"},"inLanguage":"es","potentialAction":[{"@type":"ReadAction","target":["https:\/\/ferabrajan.com\/portal\/2024\/01\/03\/becas-benito-juarez-2024-sep-amplia-registro\/"]}]},{"@type":"ImageObject","inLanguage":"es","@id":"https:\/\/ferabrajan.com\/portal\/2024\/01\/03\/becas-benito-juarez-2024-sep-amplia-registro\/#primaryimage","url":"https:\/\/ferabrajan.com\/portal\/wp-content\/uploads\/2024\/01\/410542355_7306332569398598_3108077141353183673_n.jpg","contentUrl":"https:\/\/ferabrajan.com\/portal\/wp-content\/uploads\/2024\/01\/410542355_7306332569398598_3108077141353183673_n.jpg","width":1024,"height":683},{"@type":"BreadcrumbList","@id":"https:\/\/ferabrajan.com\/portal\/2024\/01\/03\/becas-benito-juarez-2024-sep-amplia-registro\/#breadcrumb","itemListElement":[{"@type":"ListItem","position":1,"name":"Portada","item":"https:\/\/ferabrajan.com\/portal\/"},{"@type":"ListItem","position":2,"name":"Becas Benito Ju\u00e1rez 2024: SEP ampl\u00eda registro"}]},{"@type":"WebSite","@id":"https:\/\/ferabrajan.com\/portal\/#website","url":"https:\/\/ferabrajan.com\/portal\/","name":"Fer Abrajan","description":"Noticias de Puebla, opini\u00f3n y radio en vivo","publisher":{"@id":"https:\/\/ferabrajan.com\/portal\/#organization"},"potentialAction":[{"@type":"SearchAction","target":{"@type":"EntryPoint","urlTemplate":"https:\/\/ferabrajan.com\/portal\/?s={search_term_string}"},"query-input":{"@type":"PropertyValueSpecification","valueRequired":true,"valueName":"search_term_string"}}],"inLanguage":"es"},{"@type":"Organization","@id":"https:\/\/ferabrajan.com\/portal\/#organization","name":"Fer Abrajan","url":"https:\/\/ferabrajan.com\/portal\/","logo":{"@type":"ImageObject","inLanguage":"es","@id":"https:\/\/ferabrajan.com\/portal\/#\/schema\/logo\/image\/","url":"https:\/\/ferabrajan.com\/portal\/wp-content\/uploads\/2024\/10\/cropped-logo.jpeg","contentUrl":"https:\/\/ferabrajan.com\/portal\/wp-content\/uploads\/2024\/10\/cropped-logo.jpeg","width":500,"height":250,"caption":"Fer Abrajan"},"image":{"@id":"https:\/\/ferabrajan.com\/portal\/#\/schema\/logo\/image\/"},"sameAs":["https:\/\/www.facebook.com\/NoticiasconFerAbrajan\/","https:\/\/x.com\/ferabrajan1"]},{"@type":"Person","@id":"https:\/\/ferabrajan.com\/portal\/#\/schema\/person\/a79364e0091921e733584c4833bc7a50","name":"Rebeca N\u00fa\u00f1ez","image":{"@type":"ImageObject","inLanguage":"es","@id":"https:\/\/secure.gravatar.com\/avatar\/c9cbf721287e849268cd37eca93cf4be51b2eed9e71c8d0c6825bd912000b74e?s=96&d=mm&r=g","url":"https:\/\/secure.gravatar.com\/avatar\/c9cbf721287e849268cd37eca93cf4be51b2eed9e71c8d0c6825bd912000b74e?s=96&d=mm&r=g","contentUrl":"https:\/\/secure.gravatar.com\/avatar\/c9cbf721287e849268cd37eca93cf4be51b2eed9e71c8d0c6825bd912000b74e?s=96&d=mm&r=g","caption":"Rebeca N\u00fa\u00f1ez"},"url":"https:\/\/ferabrajan.com\/portal\/author\/rebeca\/"}]}},"_links":{"self":[{"href":"https:\/\/ferabrajan.com\/portal\/wp-json\/wp\/v2\/posts\/56446","targetHints":{"allow":["GET"]}}],"collection":[{"href":"https:\/\/ferabrajan.com\/portal\/wp-json\/wp\/v2\/posts"}],"about":[{"href":"https:\/\/ferabrajan.com\/portal\/wp-json\/wp\/v2\/types\/post"}],"author":[{"embeddable":true,"href":"https:\/\/ferabrajan.com\/portal\/wp-json\/wp\/v2\/users\/3"}],"replies":[{"embeddable":true,"href":"https:\/\/ferabrajan.com\/portal\/wp-json\/wp\/v2\/comments?post=56446"}],"version-history":[{"count":0,"href":"https:\/\/ferabrajan.com\/portal\/wp-json\/wp\/v2\/posts\/56446\/revisions"}],"wp:featuredmedia":[{"embeddable":true,"href":"https:\/\/ferabrajan.com\/portal\/wp-json\/wp\/v2\/media\/56448"}],"wp:attachment":[{"href":"https:\/\/ferabrajan.com\/portal\/wp-json\/wp\/v2\/media?parent=56446"}],"wp:term":[{"taxonomy":"category","embeddable":true,"href":"https:\/\/ferabrajan.com\/portal\/wp-json\/wp\/v2\/categories?post=56446"},{"taxonomy":"post_tag","embeddable":true,"href":"https:\/\/ferabrajan.com\/portal\/wp-json\/wp\/v2\/tags?post=56446"}],"curies":[{"name":"wp","href":"https:\/\/api.w.org\/{rel}","templated":true}]}}