{"id":56440,"date":"2024-01-03T15:26:15","date_gmt":"2024-01-03T15:26:15","guid":{"rendered":"https:\/\/ferabrajan.com\/portal\/?p=56440"},"modified":"2024-01-03T15:26:17","modified_gmt":"2024-01-03T15:26:17","slug":"que-se-sabe-del-secuestro-de-31-migrantes-en-tamaulipas","status":"publish","type":"post","link":"https:\/\/ferabrajan.com\/portal\/2024\/01\/03\/que-se-sabe-del-secuestro-de-31-migrantes-en-tamaulipas\/","title":{"rendered":"\u00bfQu\u00e9 se sabe del secuestro de 31 migrantes en Tamaulipas?"},"content":{"rendered":"\n<p class=\"wp-block-paragraph\"><strong>\u00a0<\/strong>El presidente de M\u00e9xico, Andr\u00e9s Manuel L\u00f3pez Obrador, inform\u00f3 que su Gobierno investiga el presunto secuestro de al menos 31 migrantes en Tamaulipas, en el noreste del pa\u00eds, al responder a preguntas de periodistas que lo esperaban tras su conferencia matutina diaria, que este martes se realiz\u00f3 en su natal Villahermosa, Tabasco, en el sureste del pa\u00eds.<\/p>\n\n\n\n<blockquote class=\"wp-block-quote is-layout-flow wp-block-quote-is-layout-flow\">\n<p class=\"wp-block-paragraph\">\u201cSe sabe que es un cami\u00f3n con 30, 31 migrantes que fueron bajados, dejaron a cinco, se llevaron a los dem\u00e1s migrantes, pero ya se est\u00e1 haciendo la b\u00fasqueda desde los primeros momentos\u201d.<\/p>\n<\/blockquote>\n\n\n\n<p class=\"wp-block-paragraph\">El presidente Gustavo Petro inform\u00f3 la tarde de este martes que hay 4 ciudadanos colombianos entre los 31 migrantes que presuntamente fueron secuestrados.<\/p>\n\n\n\n<p class=\"wp-block-paragraph\">\u201cEn este secuestro m\u00faltiple en M\u00e9xico hay 4 colombianos. La embajada colombiana en M\u00e9xico coordina con el estado mexicano el rescate sanos y salvos\u201d, public\u00f3 Petro\u00a0en su cuenta de X.<\/p>\n\n\n\n<figure class=\"wp-block-image size-large\"><img fetchpriority=\"high\" decoding=\"async\" width=\"1024\" height=\"408\" src=\"https:\/\/ferabrajan.com\/portal\/wp-content\/uploads\/2024\/01\/409697736_213797231788586_8451998503005129628_n-1024x408.jpg\" alt=\"\" class=\"wp-image-56441\" srcset=\"https:\/\/ferabrajan.com\/portal\/wp-content\/uploads\/2024\/01\/409697736_213797231788586_8451998503005129628_n-1024x408.jpg 1024w, https:\/\/ferabrajan.com\/portal\/wp-content\/uploads\/2024\/01\/409697736_213797231788586_8451998503005129628_n-300x119.jpg 300w, https:\/\/ferabrajan.com\/portal\/wp-content\/uploads\/2024\/01\/409697736_213797231788586_8451998503005129628_n-768x306.jpg 768w, https:\/\/ferabrajan.com\/portal\/wp-content\/uploads\/2024\/01\/409697736_213797231788586_8451998503005129628_n-1536x612.jpg 1536w, https:\/\/ferabrajan.com\/portal\/wp-content\/uploads\/2024\/01\/409697736_213797231788586_8451998503005129628_n.jpg 1620w\" sizes=\"(max-width: 1024px) 100vw, 1024px\" \/><\/figure>\n\n\n\n<p class=\"wp-block-paragraph\">La secretaria de Seguridad, Rosa Icela Rodr\u00edguez, inform\u00f3 que los\u00a0migrantes que fueron secuestrados mientras viajaban por la autopista de Reynosa a Matamoros\u00a0en Tamaulipas son provenientes de\u00a0<strong>Venezuela, Honduras, Ecuador, Colombia y M\u00e9xico<\/strong>.<\/p>\n\n\n\n<p class=\"wp-block-paragraph\">Sobre el caso detall\u00f3 que, desde el 30 de diciembre se tuvo conocimiento que un autob\u00fas Senda con n\u00famero 9570 de la corrida Monterrey-Matamoros fue detenido a la altura del kil\u00f3metro 6 en la autopista Reynosa-Matamoros por hombres armados que portaban pasamonta\u00f1as. Estos obligaron a&nbsp;<strong>31 de los 36 pasajeros<\/strong>&nbsp;<strong>a bajar del veh\u00edculo y abordar cinco camionetas<\/strong>.<\/p>\n\n\n\n<p class=\"wp-block-paragraph\">La Fiscal\u00eda del Estado de Tamaulipas ya encabeza la investigaci\u00f3n sobre el caso con apoyo del Gobierno Federal en conjunto con autoridades de Sedena, Guardia Nacional, Marina, de la Secretar\u00eda de Seguridad y Protecci\u00f3n Ciudadana y del\u00a0Instituto Nacional de Migraci\u00f3n (INM). Asimismo, se desarrolla la mesa estatal de paz y seguridad encabezada por el gobernador Am\u00e9rico Villarreal, indic\u00f3 Rodr\u00edguez.<\/p>\n\n\n\n<p class=\"wp-block-paragraph\">Entre las acciones que se han llevado a cabo est\u00e1 el seguimiento de los tel\u00e9fonos para localizar a las personas que participaron, el an\u00e1lisis de los videos que quedaron en el autob\u00fas y de las rutas donde se transportaban a los migrantes, as\u00ed como el uso de binomios caninos en diversos sitios.<\/p>\n\n\n\n<p class=\"wp-block-paragraph\">\u201cHoy vimos cu\u00e1les eran las&nbsp;<strong>colonias donde se presume que est\u00e1n siendo buscados<\/strong>, esperamos nosotros encontrar r\u00e1pidamente la ubicaci\u00f3n de las v\u00edctimas&#8230; hay que decir que este tipo de eventos se daba con uno, dos, tres migrantes, pero&nbsp;<strong>este n\u00famero en esa zona es at\u00edpico no es una cuesti\u00f3n que se est\u00e9 dando frecuentemente<\/strong>\u201d, afirm\u00f3 la funcionaria.<\/p>\n","protected":false},"excerpt":{"rendered":"<p>Investigan el secuestro de 31 migrantes que viajaban en un autob\u00fas en Tamaulipas, en el noreste de M\u00e9xico<\/p>\n","protected":false},"author":3,"featured_media":56442,"comment_status":"open","ping_status":"open","sticky":false,"template":"","format":"standard","meta":{"_monsterinsights_skip_tracking":false,"_uf_show_specific_survey":0,"_uf_disable_surveys":false,"footnotes":""},"categories":[52,585],"tags":[532,1124],"class_list":["post-56440","post","type-post","status-publish","format-standard","has-post-thumbnail","hentry","category-nacional","category-principal","tag-migrantes","tag-secuestro-migrantes-tamaulipas"],"yoast_head":"<!-- This site is optimized with the Yoast SEO plugin v27.5 - https:\/\/yoast.com\/product\/yoast-seo-wordpress\/ -->\n<title>\u00bfQu\u00e9 se sabe del secuestro de 31 migrantes en Tamaulipas? - Fer Abrajan<\/title>\n<meta name=\"description\" content=\"Investigan el secuestro de 31 migrantes que viajaban en un autob\u00fas en Tamaulipas, en el noreste de M\u00e9xico\" \/>\n<meta name=\"robots\" content=\"index, follow, max-snippet:-1, max-image-preview:large, max-video-preview:-1\" \/>\n<link rel=\"canonical\" href=\"https:\/\/ferabrajan.com\/portal\/2024\/01\/03\/que-se-sabe-del-secuestro-de-31-migrantes-en-tamaulipas\/\" \/>\n<meta property=\"og:locale\" content=\"es_ES\" \/>\n<meta property=\"og:type\" content=\"article\" \/>\n<meta property=\"og:title\" content=\"\u00bfQu\u00e9 se sabe del secuestro de 31 migrantes en Tamaulipas? - Fer Abrajan\" \/>\n<meta property=\"og:description\" content=\"Investigan el secuestro de 31 migrantes que viajaban en un autob\u00fas en Tamaulipas, en el noreste de M\u00e9xico\" \/>\n<meta property=\"og:url\" content=\"https:\/\/ferabrajan.com\/portal\/2024\/01\/03\/que-se-sabe-del-secuestro-de-31-migrantes-en-tamaulipas\/\" \/>\n<meta property=\"og:site_name\" content=\"Fer Abrajan\" \/>\n<meta property=\"article:publisher\" content=\"https:\/\/www.facebook.com\/NoticiasconFerAbrajan\/\" \/>\n<meta property=\"article:published_time\" content=\"2024-01-03T15:26:15+00:00\" \/>\n<meta property=\"article:modified_time\" content=\"2024-01-03T15:26:17+00:00\" \/>\n<meta property=\"og:image\" content=\"https:\/\/ferabrajan.com\/portal\/wp-content\/uploads\/2024\/01\/410162308_2031598397216357_8496864070165233243_n.jpg\" \/>\n\t<meta property=\"og:image:width\" content=\"1024\" \/>\n\t<meta property=\"og:image:height\" content=\"683\" \/>\n\t<meta property=\"og:image:type\" content=\"image\/jpeg\" \/>\n<meta name=\"author\" content=\"Rebeca N\u00fa\u00f1ez\" \/>\n<meta name=\"twitter:card\" content=\"summary_large_image\" \/>\n<meta name=\"twitter:creator\" content=\"@ferabrajan1\" \/>\n<meta name=\"twitter:site\" content=\"@ferabrajan1\" \/>\n<meta name=\"twitter:label1\" content=\"Escrito por\" \/>\n\t<meta name=\"twitter:data1\" content=\"Rebeca N\u00fa\u00f1ez\" \/>\n\t<meta name=\"twitter:label2\" content=\"Tiempo de lectura\" \/>\n\t<meta name=\"twitter:data2\" content=\"2 minutos\" \/>\n<script type=\"application\/ld+json\" class=\"yoast-schema-graph\">{\"@context\":\"https:\\\/\\\/schema.org\",\"@graph\":[{\"@type\":\"Article\",\"@id\":\"https:\\\/\\\/ferabrajan.com\\\/portal\\\/2024\\\/01\\\/03\\\/que-se-sabe-del-secuestro-de-31-migrantes-en-tamaulipas\\\/#article\",\"isPartOf\":{\"@id\":\"https:\\\/\\\/ferabrajan.com\\\/portal\\\/2024\\\/01\\\/03\\\/que-se-sabe-del-secuestro-de-31-migrantes-en-tamaulipas\\\/\"},\"author\":{\"name\":\"Rebeca N\u00fa\u00f1ez\",\"@id\":\"https:\\\/\\\/ferabrajan.com\\\/portal\\\/#\\\/schema\\\/person\\\/a79364e0091921e733584c4833bc7a50\"},\"headline\":\"\u00bfQu\u00e9 se sabe del secuestro de 31 migrantes en Tamaulipas?\",\"datePublished\":\"2024-01-03T15:26:15+00:00\",\"dateModified\":\"2024-01-03T15:26:17+00:00\",\"mainEntityOfPage\":{\"@id\":\"https:\\\/\\\/ferabrajan.com\\\/portal\\\/2024\\\/01\\\/03\\\/que-se-sabe-del-secuestro-de-31-migrantes-en-tamaulipas\\\/\"},\"wordCount\":443,\"commentCount\":0,\"publisher\":{\"@id\":\"https:\\\/\\\/ferabrajan.com\\\/portal\\\/#organization\"},\"image\":{\"@id\":\"https:\\\/\\\/ferabrajan.com\\\/portal\\\/2024\\\/01\\\/03\\\/que-se-sabe-del-secuestro-de-31-migrantes-en-tamaulipas\\\/#primaryimage\"},\"thumbnailUrl\":\"https:\\\/\\\/ferabrajan.com\\\/portal\\\/wp-content\\\/uploads\\\/2024\\\/01\\\/410162308_2031598397216357_8496864070165233243_n.jpg\",\"keywords\":[\"Migrantes\",\"secuestro migrantes Tamaulipas\"],\"articleSection\":[\"Nacional\",\"Principal\"],\"inLanguage\":\"es\"},{\"@type\":\"WebPage\",\"@id\":\"https:\\\/\\\/ferabrajan.com\\\/portal\\\/2024\\\/01\\\/03\\\/que-se-sabe-del-secuestro-de-31-migrantes-en-tamaulipas\\\/\",\"url\":\"https:\\\/\\\/ferabrajan.com\\\/portal\\\/2024\\\/01\\\/03\\\/que-se-sabe-del-secuestro-de-31-migrantes-en-tamaulipas\\\/\",\"name\":\"\u00bfQu\u00e9 se sabe del secuestro de 31 migrantes en Tamaulipas? - Fer Abrajan\",\"isPartOf\":{\"@id\":\"https:\\\/\\\/ferabrajan.com\\\/portal\\\/#website\"},\"primaryImageOfPage\":{\"@id\":\"https:\\\/\\\/ferabrajan.com\\\/portal\\\/2024\\\/01\\\/03\\\/que-se-sabe-del-secuestro-de-31-migrantes-en-tamaulipas\\\/#primaryimage\"},\"image\":{\"@id\":\"https:\\\/\\\/ferabrajan.com\\\/portal\\\/2024\\\/01\\\/03\\\/que-se-sabe-del-secuestro-de-31-migrantes-en-tamaulipas\\\/#primaryimage\"},\"thumbnailUrl\":\"https:\\\/\\\/ferabrajan.com\\\/portal\\\/wp-content\\\/uploads\\\/2024\\\/01\\\/410162308_2031598397216357_8496864070165233243_n.jpg\",\"datePublished\":\"2024-01-03T15:26:15+00:00\",\"dateModified\":\"2024-01-03T15:26:17+00:00\",\"description\":\"Investigan el secuestro de 31 migrantes que viajaban en un autob\u00fas en Tamaulipas, en el noreste de M\u00e9xico\",\"breadcrumb\":{\"@id\":\"https:\\\/\\\/ferabrajan.com\\\/portal\\\/2024\\\/01\\\/03\\\/que-se-sabe-del-secuestro-de-31-migrantes-en-tamaulipas\\\/#breadcrumb\"},\"inLanguage\":\"es\",\"potentialAction\":[{\"@type\":\"ReadAction\",\"target\":[\"https:\\\/\\\/ferabrajan.com\\\/portal\\\/2024\\\/01\\\/03\\\/que-se-sabe-del-secuestro-de-31-migrantes-en-tamaulipas\\\/\"]}]},{\"@type\":\"ImageObject\",\"inLanguage\":\"es\",\"@id\":\"https:\\\/\\\/ferabrajan.com\\\/portal\\\/2024\\\/01\\\/03\\\/que-se-sabe-del-secuestro-de-31-migrantes-en-tamaulipas\\\/#primaryimage\",\"url\":\"https:\\\/\\\/ferabrajan.com\\\/portal\\\/wp-content\\\/uploads\\\/2024\\\/01\\\/410162308_2031598397216357_8496864070165233243_n.jpg\",\"contentUrl\":\"https:\\\/\\\/ferabrajan.com\\\/portal\\\/wp-content\\\/uploads\\\/2024\\\/01\\\/410162308_2031598397216357_8496864070165233243_n.jpg\",\"width\":1024,\"height\":683},{\"@type\":\"BreadcrumbList\",\"@id\":\"https:\\\/\\\/ferabrajan.com\\\/portal\\\/2024\\\/01\\\/03\\\/que-se-sabe-del-secuestro-de-31-migrantes-en-tamaulipas\\\/#breadcrumb\",\"itemListElement\":[{\"@type\":\"ListItem\",\"position\":1,\"name\":\"Portada\",\"item\":\"https:\\\/\\\/ferabrajan.com\\\/portal\\\/\"},{\"@type\":\"ListItem\",\"position\":2,\"name\":\"\u00bfQu\u00e9 se sabe del secuestro de 31 migrantes en Tamaulipas?\"}]},{\"@type\":\"WebSite\",\"@id\":\"https:\\\/\\\/ferabrajan.com\\\/portal\\\/#website\",\"url\":\"https:\\\/\\\/ferabrajan.com\\\/portal\\\/\",\"name\":\"Fer Abrajan\",\"description\":\"Noticias de Puebla, opini\u00f3n y radio en vivo\",\"publisher\":{\"@id\":\"https:\\\/\\\/ferabrajan.com\\\/portal\\\/#organization\"},\"potentialAction\":[{\"@type\":\"SearchAction\",\"target\":{\"@type\":\"EntryPoint\",\"urlTemplate\":\"https:\\\/\\\/ferabrajan.com\\\/portal\\\/?s={search_term_string}\"},\"query-input\":{\"@type\":\"PropertyValueSpecification\",\"valueRequired\":true,\"valueName\":\"search_term_string\"}}],\"inLanguage\":\"es\"},{\"@type\":\"Organization\",\"@id\":\"https:\\\/\\\/ferabrajan.com\\\/portal\\\/#organization\",\"name\":\"Fer Abrajan\",\"url\":\"https:\\\/\\\/ferabrajan.com\\\/portal\\\/\",\"logo\":{\"@type\":\"ImageObject\",\"inLanguage\":\"es\",\"@id\":\"https:\\\/\\\/ferabrajan.com\\\/portal\\\/#\\\/schema\\\/logo\\\/image\\\/\",\"url\":\"https:\\\/\\\/ferabrajan.com\\\/portal\\\/wp-content\\\/uploads\\\/2024\\\/10\\\/cropped-logo.jpeg\",\"contentUrl\":\"https:\\\/\\\/ferabrajan.com\\\/portal\\\/wp-content\\\/uploads\\\/2024\\\/10\\\/cropped-logo.jpeg\",\"width\":500,\"height\":250,\"caption\":\"Fer Abrajan\"},\"image\":{\"@id\":\"https:\\\/\\\/ferabrajan.com\\\/portal\\\/#\\\/schema\\\/logo\\\/image\\\/\"},\"sameAs\":[\"https:\\\/\\\/www.facebook.com\\\/NoticiasconFerAbrajan\\\/\",\"https:\\\/\\\/x.com\\\/ferabrajan1\"]},{\"@type\":\"Person\",\"@id\":\"https:\\\/\\\/ferabrajan.com\\\/portal\\\/#\\\/schema\\\/person\\\/a79364e0091921e733584c4833bc7a50\",\"name\":\"Rebeca N\u00fa\u00f1ez\",\"image\":{\"@type\":\"ImageObject\",\"inLanguage\":\"es\",\"@id\":\"https:\\\/\\\/secure.gravatar.com\\\/avatar\\\/c9cbf721287e849268cd37eca93cf4be51b2eed9e71c8d0c6825bd912000b74e?s=96&d=mm&r=g\",\"url\":\"https:\\\/\\\/secure.gravatar.com\\\/avatar\\\/c9cbf721287e849268cd37eca93cf4be51b2eed9e71c8d0c6825bd912000b74e?s=96&d=mm&r=g\",\"contentUrl\":\"https:\\\/\\\/secure.gravatar.com\\\/avatar\\\/c9cbf721287e849268cd37eca93cf4be51b2eed9e71c8d0c6825bd912000b74e?s=96&d=mm&r=g\",\"caption\":\"Rebeca N\u00fa\u00f1ez\"},\"url\":\"https:\\\/\\\/ferabrajan.com\\\/portal\\\/author\\\/rebeca\\\/\"}]}<\/script>\n<!-- \/ Yoast SEO plugin. -->","yoast_head_json":{"title":"\u00bfQu\u00e9 se sabe del secuestro de 31 migrantes en Tamaulipas? - Fer Abrajan","description":"Investigan el secuestro de 31 migrantes que viajaban en un autob\u00fas en Tamaulipas, en el noreste de M\u00e9xico","robots":{"index":"index","follow":"follow","max-snippet":"max-snippet:-1","max-image-preview":"max-image-preview:large","max-video-preview":"max-video-preview:-1"},"canonical":"https:\/\/ferabrajan.com\/portal\/2024\/01\/03\/que-se-sabe-del-secuestro-de-31-migrantes-en-tamaulipas\/","og_locale":"es_ES","og_type":"article","og_title":"\u00bfQu\u00e9 se sabe del secuestro de 31 migrantes en Tamaulipas? - Fer Abrajan","og_description":"Investigan el secuestro de 31 migrantes que viajaban en un autob\u00fas en Tamaulipas, en el noreste de M\u00e9xico","og_url":"https:\/\/ferabrajan.com\/portal\/2024\/01\/03\/que-se-sabe-del-secuestro-de-31-migrantes-en-tamaulipas\/","og_site_name":"Fer Abrajan","article_publisher":"https:\/\/www.facebook.com\/NoticiasconFerAbrajan\/","article_published_time":"2024-01-03T15:26:15+00:00","article_modified_time":"2024-01-03T15:26:17+00:00","og_image":[{"width":1024,"height":683,"url":"https:\/\/ferabrajan.com\/portal\/wp-content\/uploads\/2024\/01\/410162308_2031598397216357_8496864070165233243_n.jpg","type":"image\/jpeg"}],"author":"Rebeca N\u00fa\u00f1ez","twitter_card":"summary_large_image","twitter_creator":"@ferabrajan1","twitter_site":"@ferabrajan1","twitter_misc":{"Escrito por":"Rebeca N\u00fa\u00f1ez","Tiempo de lectura":"2 minutos"},"schema":{"@context":"https:\/\/schema.org","@graph":[{"@type":"Article","@id":"https:\/\/ferabrajan.com\/portal\/2024\/01\/03\/que-se-sabe-del-secuestro-de-31-migrantes-en-tamaulipas\/#article","isPartOf":{"@id":"https:\/\/ferabrajan.com\/portal\/2024\/01\/03\/que-se-sabe-del-secuestro-de-31-migrantes-en-tamaulipas\/"},"author":{"name":"Rebeca N\u00fa\u00f1ez","@id":"https:\/\/ferabrajan.com\/portal\/#\/schema\/person\/a79364e0091921e733584c4833bc7a50"},"headline":"\u00bfQu\u00e9 se sabe del secuestro de 31 migrantes en Tamaulipas?","datePublished":"2024-01-03T15:26:15+00:00","dateModified":"2024-01-03T15:26:17+00:00","mainEntityOfPage":{"@id":"https:\/\/ferabrajan.com\/portal\/2024\/01\/03\/que-se-sabe-del-secuestro-de-31-migrantes-en-tamaulipas\/"},"wordCount":443,"commentCount":0,"publisher":{"@id":"https:\/\/ferabrajan.com\/portal\/#organization"},"image":{"@id":"https:\/\/ferabrajan.com\/portal\/2024\/01\/03\/que-se-sabe-del-secuestro-de-31-migrantes-en-tamaulipas\/#primaryimage"},"thumbnailUrl":"https:\/\/ferabrajan.com\/portal\/wp-content\/uploads\/2024\/01\/410162308_2031598397216357_8496864070165233243_n.jpg","keywords":["Migrantes","secuestro migrantes Tamaulipas"],"articleSection":["Nacional","Principal"],"inLanguage":"es"},{"@type":"WebPage","@id":"https:\/\/ferabrajan.com\/portal\/2024\/01\/03\/que-se-sabe-del-secuestro-de-31-migrantes-en-tamaulipas\/","url":"https:\/\/ferabrajan.com\/portal\/2024\/01\/03\/que-se-sabe-del-secuestro-de-31-migrantes-en-tamaulipas\/","name":"\u00bfQu\u00e9 se sabe del secuestro de 31 migrantes en Tamaulipas? - Fer Abrajan","isPartOf":{"@id":"https:\/\/ferabrajan.com\/portal\/#website"},"primaryImageOfPage":{"@id":"https:\/\/ferabrajan.com\/portal\/2024\/01\/03\/que-se-sabe-del-secuestro-de-31-migrantes-en-tamaulipas\/#primaryimage"},"image":{"@id":"https:\/\/ferabrajan.com\/portal\/2024\/01\/03\/que-se-sabe-del-secuestro-de-31-migrantes-en-tamaulipas\/#primaryimage"},"thumbnailUrl":"https:\/\/ferabrajan.com\/portal\/wp-content\/uploads\/2024\/01\/410162308_2031598397216357_8496864070165233243_n.jpg","datePublished":"2024-01-03T15:26:15+00:00","dateModified":"2024-01-03T15:26:17+00:00","description":"Investigan el secuestro de 31 migrantes que viajaban en un autob\u00fas en Tamaulipas, en el noreste de M\u00e9xico","breadcrumb":{"@id":"https:\/\/ferabrajan.com\/portal\/2024\/01\/03\/que-se-sabe-del-secuestro-de-31-migrantes-en-tamaulipas\/#breadcrumb"},"inLanguage":"es","potentialAction":[{"@type":"ReadAction","target":["https:\/\/ferabrajan.com\/portal\/2024\/01\/03\/que-se-sabe-del-secuestro-de-31-migrantes-en-tamaulipas\/"]}]},{"@type":"ImageObject","inLanguage":"es","@id":"https:\/\/ferabrajan.com\/portal\/2024\/01\/03\/que-se-sabe-del-secuestro-de-31-migrantes-en-tamaulipas\/#primaryimage","url":"https:\/\/ferabrajan.com\/portal\/wp-content\/uploads\/2024\/01\/410162308_2031598397216357_8496864070165233243_n.jpg","contentUrl":"https:\/\/ferabrajan.com\/portal\/wp-content\/uploads\/2024\/01\/410162308_2031598397216357_8496864070165233243_n.jpg","width":1024,"height":683},{"@type":"BreadcrumbList","@id":"https:\/\/ferabrajan.com\/portal\/2024\/01\/03\/que-se-sabe-del-secuestro-de-31-migrantes-en-tamaulipas\/#breadcrumb","itemListElement":[{"@type":"ListItem","position":1,"name":"Portada","item":"https:\/\/ferabrajan.com\/portal\/"},{"@type":"ListItem","position":2,"name":"\u00bfQu\u00e9 se sabe del secuestro de 31 migrantes en Tamaulipas?"}]},{"@type":"WebSite","@id":"https:\/\/ferabrajan.com\/portal\/#website","url":"https:\/\/ferabrajan.com\/portal\/","name":"Fer Abrajan","description":"Noticias de Puebla, opini\u00f3n y radio en vivo","publisher":{"@id":"https:\/\/ferabrajan.com\/portal\/#organization"},"potentialAction":[{"@type":"SearchAction","target":{"@type":"EntryPoint","urlTemplate":"https:\/\/ferabrajan.com\/portal\/?s={search_term_string}"},"query-input":{"@type":"PropertyValueSpecification","valueRequired":true,"valueName":"search_term_string"}}],"inLanguage":"es"},{"@type":"Organization","@id":"https:\/\/ferabrajan.com\/portal\/#organization","name":"Fer Abrajan","url":"https:\/\/ferabrajan.com\/portal\/","logo":{"@type":"ImageObject","inLanguage":"es","@id":"https:\/\/ferabrajan.com\/portal\/#\/schema\/logo\/image\/","url":"https:\/\/ferabrajan.com\/portal\/wp-content\/uploads\/2024\/10\/cropped-logo.jpeg","contentUrl":"https:\/\/ferabrajan.com\/portal\/wp-content\/uploads\/2024\/10\/cropped-logo.jpeg","width":500,"height":250,"caption":"Fer Abrajan"},"image":{"@id":"https:\/\/ferabrajan.com\/portal\/#\/schema\/logo\/image\/"},"sameAs":["https:\/\/www.facebook.com\/NoticiasconFerAbrajan\/","https:\/\/x.com\/ferabrajan1"]},{"@type":"Person","@id":"https:\/\/ferabrajan.com\/portal\/#\/schema\/person\/a79364e0091921e733584c4833bc7a50","name":"Rebeca N\u00fa\u00f1ez","image":{"@type":"ImageObject","inLanguage":"es","@id":"https:\/\/secure.gravatar.com\/avatar\/c9cbf721287e849268cd37eca93cf4be51b2eed9e71c8d0c6825bd912000b74e?s=96&d=mm&r=g","url":"https:\/\/secure.gravatar.com\/avatar\/c9cbf721287e849268cd37eca93cf4be51b2eed9e71c8d0c6825bd912000b74e?s=96&d=mm&r=g","contentUrl":"https:\/\/secure.gravatar.com\/avatar\/c9cbf721287e849268cd37eca93cf4be51b2eed9e71c8d0c6825bd912000b74e?s=96&d=mm&r=g","caption":"Rebeca N\u00fa\u00f1ez"},"url":"https:\/\/ferabrajan.com\/portal\/author\/rebeca\/"}]}},"_links":{"self":[{"href":"https:\/\/ferabrajan.com\/portal\/wp-json\/wp\/v2\/posts\/56440","targetHints":{"allow":["GET"]}}],"collection":[{"href":"https:\/\/ferabrajan.com\/portal\/wp-json\/wp\/v2\/posts"}],"about":[{"href":"https:\/\/ferabrajan.com\/portal\/wp-json\/wp\/v2\/types\/post"}],"author":[{"embeddable":true,"href":"https:\/\/ferabrajan.com\/portal\/wp-json\/wp\/v2\/users\/3"}],"replies":[{"embeddable":true,"href":"https:\/\/ferabrajan.com\/portal\/wp-json\/wp\/v2\/comments?post=56440"}],"version-history":[{"count":0,"href":"https:\/\/ferabrajan.com\/portal\/wp-json\/wp\/v2\/posts\/56440\/revisions"}],"wp:featuredmedia":[{"embeddable":true,"href":"https:\/\/ferabrajan.com\/portal\/wp-json\/wp\/v2\/media\/56442"}],"wp:attachment":[{"href":"https:\/\/ferabrajan.com\/portal\/wp-json\/wp\/v2\/media?parent=56440"}],"wp:term":[{"taxonomy":"category","embeddable":true,"href":"https:\/\/ferabrajan.com\/portal\/wp-json\/wp\/v2\/categories?post=56440"},{"taxonomy":"post_tag","embeddable":true,"href":"https:\/\/ferabrajan.com\/portal\/wp-json\/wp\/v2\/tags?post=56440"}],"curies":[{"name":"wp","href":"https:\/\/api.w.org\/{rel}","templated":true}]}}