{"id":51887,"date":"2022-06-09T22:20:03","date_gmt":"2022-06-09T22:20:03","guid":{"rendered":"http:\/\/www.ferabrajan.com\/?p=51887"},"modified":"2022-06-09T22:20:03","modified_gmt":"2022-06-09T22:20:03","slug":"a-finales-de-junio-vacunaran-contra-covid19-a-menores-de-5-a-11-anos","status":"publish","type":"post","link":"https:\/\/ferabrajan.com\/portal\/2022\/06\/09\/a-finales-de-junio-vacunaran-contra-covid19-a-menores-de-5-a-11-anos\/","title":{"rendered":"A finales de junio vacunar\u00e1n contra Covid19 a menores de 5 a 11 a\u00f1os"},"content":{"rendered":"<p style=\"text-align: justify;\"><span style=\"font-family: helvetica, arial, sans-serif;\">El secretario de Salud, Jos\u00e9 Antonio Mart\u00ednez Garc\u00eda, anunci\u00f3 que a fin de mes llegar\u00e1n a Puebla un total de 210 mil dosis pedi\u00e1tricas contra la COVID-19 para aplicarlas a menores de 5 a 11 a\u00f1os de edad.<\/span><\/p>\n<p style=\"text-align: justify;\"><span style=\"font-family: helvetica, arial, sans-serif;\">Precis\u00f3 que en la entidad hay 360 mil 962 menores de edad susceptibles a ser vacunados, por lo que pidi\u00f3 a los padres de familia estar pendientes de los canales informativos oficiales para conocer la log\u00edstica para este grupo poblacional.<\/span><\/p>\n<p style=\"text-align: justify;\"><span style=\"font-family: helvetica, arial, sans-serif;\">En cuanto al comportamiento de la pandemia, el titular de los Servicios de Salud revel\u00f3 que hubo 60 nuevos contagios en las 24 \u00faltimas horas; mientras que, en defunciones, no se han registrado por 47 d\u00edas.<\/span><\/p>\n<p style=\"text-align: justify;\"><span style=\"font-family: helvetica, arial, sans-serif;\">Tambi\u00e9n revel\u00f3 que hay cuatro personas hospitalizadas, de las cuales una requiere ventilaci\u00f3n mec\u00e1nica asistida. Los casos activos entre ambulatorios y hospitalizados suman 377, ubicadas en 25 municipios.<\/span><\/p>\n","protected":false},"excerpt":{"rendered":"<p>El secretario de Salud, Jos\u00e9 Antonio Mart\u00ednez Garc\u00eda, anunci\u00f3 que a fin de mes llegar\u00e1n a Puebla un total de 210 mil dosis pedi\u00e1tricas contra la COVID-19 para aplicarlas a menores de 5 a 11 a\u00f1os de edad. Precis\u00f3 que en la entidad hay 360 mil 962 menores de edad susceptibles a ser vacunados, por lo que pidi\u00f3 a los padres de familia estar pendientes de los canales informativos oficiales para conocer la log\u00edstica para este grupo poblacional. En cuanto al comportamiento de la pandemia, el titular de los Servicios de Salud revel\u00f3 que hubo 60 nuevos contagios en las 24 \u00faltimas horas; mientras que, en defunciones, no se han registrado por 47 d\u00edas. Tambi\u00e9n revel\u00f3 que hay cuatro personas hospitalizadas, de las cuales una requiere ventilaci\u00f3n mec\u00e1nica asistida. Los casos activos entre ambulatorios y hospitalizados suman 377, ubicadas en 25 municipios.<\/p>\n","protected":false},"author":1,"featured_media":51888,"comment_status":"closed","ping_status":"closed","sticky":false,"template":"","format":"standard","meta":{"_monsterinsights_skip_tracking":false,"_uf_show_specific_survey":0,"_uf_disable_surveys":false,"footnotes":""},"categories":[53,34],"tags":[57,26,111],"class_list":["post-51887","post","type-post","status-publish","format-standard","has-post-thumbnail","hentry","category-local","category-puebla","tag-covid19","tag-puebla","tag-vacunas"],"yoast_head":"<!-- This site is optimized with the Yoast SEO plugin v27.5 - https:\/\/yoast.com\/product\/yoast-seo-wordpress\/ -->\n<title>A finales de junio vacunar\u00e1n contra Covid19 a menores de 5 a 11 a\u00f1os - Fer Abrajan<\/title>\n<meta name=\"robots\" content=\"index, follow, max-snippet:-1, max-image-preview:large, max-video-preview:-1\" \/>\n<link rel=\"canonical\" href=\"https:\/\/ferabrajan.com\/portal\/2022\/06\/09\/a-finales-de-junio-vacunaran-contra-covid19-a-menores-de-5-a-11-anos\/\" \/>\n<meta property=\"og:locale\" content=\"es_ES\" \/>\n<meta property=\"og:type\" content=\"article\" \/>\n<meta property=\"og:title\" content=\"A finales de junio vacunar\u00e1n contra Covid19 a menores de 5 a 11 a\u00f1os - Fer Abrajan\" \/>\n<meta property=\"og:description\" content=\"El secretario de Salud, Jos\u00e9 Antonio Mart\u00ednez Garc\u00eda, anunci\u00f3 que a fin de mes llegar\u00e1n a Puebla un total de 210 mil dosis pedi\u00e1tricas contra la COVID-19 para aplicarlas a menores de 5 a 11 a\u00f1os de edad. Precis\u00f3 que en la entidad hay 360 mil 962 menores de edad susceptibles a ser vacunados, por lo que pidi\u00f3 a los padres de familia estar pendientes de los canales informativos oficiales para conocer la log\u00edstica para este grupo poblacional. En cuanto al comportamiento de la pandemia, el titular de los Servicios de Salud revel\u00f3 que hubo 60 nuevos contagios en las 24 \u00faltimas horas; mientras que, en defunciones, no se han registrado por 47 d\u00edas. Tambi\u00e9n revel\u00f3 que hay cuatro personas hospitalizadas, de las cuales una requiere ventilaci\u00f3n mec\u00e1nica asistida. Los casos activos entre ambulatorios y hospitalizados suman 377, ubicadas en 25 municipios.\" \/>\n<meta property=\"og:url\" content=\"https:\/\/ferabrajan.com\/portal\/2022\/06\/09\/a-finales-de-junio-vacunaran-contra-covid19-a-menores-de-5-a-11-anos\/\" \/>\n<meta property=\"og:site_name\" content=\"Fer Abrajan\" \/>\n<meta property=\"article:publisher\" content=\"https:\/\/www.facebook.com\/NoticiasconFerAbrajan\/\" \/>\n<meta property=\"article:published_time\" content=\"2022-06-09T22:20:03+00:00\" \/>\n<meta property=\"og:image\" content=\"https:\/\/ferabrajan.com\/portal\/wp-content\/uploads\/2022\/06\/Jose-antonio-martinez.jpeg\" \/>\n\t<meta property=\"og:image:width\" content=\"1500\" \/>\n\t<meta property=\"og:image:height\" content=\"1000\" \/>\n\t<meta property=\"og:image:type\" content=\"image\/jpeg\" \/>\n<meta name=\"author\" content=\"admin\" \/>\n<meta name=\"twitter:card\" content=\"summary_large_image\" \/>\n<meta name=\"twitter:creator\" content=\"@ferabrajan1\" \/>\n<meta name=\"twitter:site\" content=\"@ferabrajan1\" \/>\n<meta name=\"twitter:label1\" content=\"Escrito por\" \/>\n\t<meta name=\"twitter:data1\" content=\"admin\" \/>\n\t<meta name=\"twitter:label2\" content=\"Tiempo de lectura\" \/>\n\t<meta name=\"twitter:data2\" content=\"1 minuto\" \/>\n<script type=\"application\/ld+json\" class=\"yoast-schema-graph\">{\"@context\":\"https:\\\/\\\/schema.org\",\"@graph\":[{\"@type\":\"Article\",\"@id\":\"https:\\\/\\\/ferabrajan.com\\\/portal\\\/2022\\\/06\\\/09\\\/a-finales-de-junio-vacunaran-contra-covid19-a-menores-de-5-a-11-anos\\\/#article\",\"isPartOf\":{\"@id\":\"https:\\\/\\\/ferabrajan.com\\\/portal\\\/2022\\\/06\\\/09\\\/a-finales-de-junio-vacunaran-contra-covid19-a-menores-de-5-a-11-anos\\\/\"},\"author\":{\"name\":\"admin\",\"@id\":\"https:\\\/\\\/ferabrajan.com\\\/portal\\\/#\\\/schema\\\/person\\\/f6113b3cb1e036d5c6a9505685b257ba\"},\"headline\":\"A finales de junio vacunar\u00e1n contra Covid19 a menores de 5 a 11 a\u00f1os\",\"datePublished\":\"2022-06-09T22:20:03+00:00\",\"mainEntityOfPage\":{\"@id\":\"https:\\\/\\\/ferabrajan.com\\\/portal\\\/2022\\\/06\\\/09\\\/a-finales-de-junio-vacunaran-contra-covid19-a-menores-de-5-a-11-anos\\\/\"},\"wordCount\":156,\"publisher\":{\"@id\":\"https:\\\/\\\/ferabrajan.com\\\/portal\\\/#organization\"},\"image\":{\"@id\":\"https:\\\/\\\/ferabrajan.com\\\/portal\\\/2022\\\/06\\\/09\\\/a-finales-de-junio-vacunaran-contra-covid19-a-menores-de-5-a-11-anos\\\/#primaryimage\"},\"thumbnailUrl\":\"https:\\\/\\\/ferabrajan.com\\\/portal\\\/wp-content\\\/uploads\\\/2022\\\/06\\\/Jose-antonio-martinez.jpeg\",\"keywords\":[\"COVID19\",\"puebla\",\"Vacunas\"],\"articleSection\":[\"Local\",\"Puebla\"],\"inLanguage\":\"es\"},{\"@type\":\"WebPage\",\"@id\":\"https:\\\/\\\/ferabrajan.com\\\/portal\\\/2022\\\/06\\\/09\\\/a-finales-de-junio-vacunaran-contra-covid19-a-menores-de-5-a-11-anos\\\/\",\"url\":\"https:\\\/\\\/ferabrajan.com\\\/portal\\\/2022\\\/06\\\/09\\\/a-finales-de-junio-vacunaran-contra-covid19-a-menores-de-5-a-11-anos\\\/\",\"name\":\"A finales de junio vacunar\u00e1n contra Covid19 a menores de 5 a 11 a\u00f1os - Fer Abrajan\",\"isPartOf\":{\"@id\":\"https:\\\/\\\/ferabrajan.com\\\/portal\\\/#website\"},\"primaryImageOfPage\":{\"@id\":\"https:\\\/\\\/ferabrajan.com\\\/portal\\\/2022\\\/06\\\/09\\\/a-finales-de-junio-vacunaran-contra-covid19-a-menores-de-5-a-11-anos\\\/#primaryimage\"},\"image\":{\"@id\":\"https:\\\/\\\/ferabrajan.com\\\/portal\\\/2022\\\/06\\\/09\\\/a-finales-de-junio-vacunaran-contra-covid19-a-menores-de-5-a-11-anos\\\/#primaryimage\"},\"thumbnailUrl\":\"https:\\\/\\\/ferabrajan.com\\\/portal\\\/wp-content\\\/uploads\\\/2022\\\/06\\\/Jose-antonio-martinez.jpeg\",\"datePublished\":\"2022-06-09T22:20:03+00:00\",\"breadcrumb\":{\"@id\":\"https:\\\/\\\/ferabrajan.com\\\/portal\\\/2022\\\/06\\\/09\\\/a-finales-de-junio-vacunaran-contra-covid19-a-menores-de-5-a-11-anos\\\/#breadcrumb\"},\"inLanguage\":\"es\",\"potentialAction\":[{\"@type\":\"ReadAction\",\"target\":[\"https:\\\/\\\/ferabrajan.com\\\/portal\\\/2022\\\/06\\\/09\\\/a-finales-de-junio-vacunaran-contra-covid19-a-menores-de-5-a-11-anos\\\/\"]}]},{\"@type\":\"ImageObject\",\"inLanguage\":\"es\",\"@id\":\"https:\\\/\\\/ferabrajan.com\\\/portal\\\/2022\\\/06\\\/09\\\/a-finales-de-junio-vacunaran-contra-covid19-a-menores-de-5-a-11-anos\\\/#primaryimage\",\"url\":\"https:\\\/\\\/ferabrajan.com\\\/portal\\\/wp-content\\\/uploads\\\/2022\\\/06\\\/Jose-antonio-martinez.jpeg\",\"contentUrl\":\"https:\\\/\\\/ferabrajan.com\\\/portal\\\/wp-content\\\/uploads\\\/2022\\\/06\\\/Jose-antonio-martinez.jpeg\",\"width\":1500,\"height\":1000},{\"@type\":\"BreadcrumbList\",\"@id\":\"https:\\\/\\\/ferabrajan.com\\\/portal\\\/2022\\\/06\\\/09\\\/a-finales-de-junio-vacunaran-contra-covid19-a-menores-de-5-a-11-anos\\\/#breadcrumb\",\"itemListElement\":[{\"@type\":\"ListItem\",\"position\":1,\"name\":\"Portada\",\"item\":\"https:\\\/\\\/ferabrajan.com\\\/portal\\\/\"},{\"@type\":\"ListItem\",\"position\":2,\"name\":\"A finales de junio vacunar\u00e1n contra Covid19 a menores de 5 a 11 a\u00f1os\"}]},{\"@type\":\"WebSite\",\"@id\":\"https:\\\/\\\/ferabrajan.com\\\/portal\\\/#website\",\"url\":\"https:\\\/\\\/ferabrajan.com\\\/portal\\\/\",\"name\":\"Fer Abrajan\",\"description\":\"Noticias de Puebla, opini\u00f3n y radio en vivo\",\"publisher\":{\"@id\":\"https:\\\/\\\/ferabrajan.com\\\/portal\\\/#organization\"},\"potentialAction\":[{\"@type\":\"SearchAction\",\"target\":{\"@type\":\"EntryPoint\",\"urlTemplate\":\"https:\\\/\\\/ferabrajan.com\\\/portal\\\/?s={search_term_string}\"},\"query-input\":{\"@type\":\"PropertyValueSpecification\",\"valueRequired\":true,\"valueName\":\"search_term_string\"}}],\"inLanguage\":\"es\"},{\"@type\":\"Organization\",\"@id\":\"https:\\\/\\\/ferabrajan.com\\\/portal\\\/#organization\",\"name\":\"Fer Abrajan\",\"url\":\"https:\\\/\\\/ferabrajan.com\\\/portal\\\/\",\"logo\":{\"@type\":\"ImageObject\",\"inLanguage\":\"es\",\"@id\":\"https:\\\/\\\/ferabrajan.com\\\/portal\\\/#\\\/schema\\\/logo\\\/image\\\/\",\"url\":\"https:\\\/\\\/ferabrajan.com\\\/portal\\\/wp-content\\\/uploads\\\/2024\\\/10\\\/cropped-logo.jpeg\",\"contentUrl\":\"https:\\\/\\\/ferabrajan.com\\\/portal\\\/wp-content\\\/uploads\\\/2024\\\/10\\\/cropped-logo.jpeg\",\"width\":500,\"height\":250,\"caption\":\"Fer Abrajan\"},\"image\":{\"@id\":\"https:\\\/\\\/ferabrajan.com\\\/portal\\\/#\\\/schema\\\/logo\\\/image\\\/\"},\"sameAs\":[\"https:\\\/\\\/www.facebook.com\\\/NoticiasconFerAbrajan\\\/\",\"https:\\\/\\\/x.com\\\/ferabrajan1\"]},{\"@type\":\"Person\",\"@id\":\"https:\\\/\\\/ferabrajan.com\\\/portal\\\/#\\\/schema\\\/person\\\/f6113b3cb1e036d5c6a9505685b257ba\",\"name\":\"admin\",\"image\":{\"@type\":\"ImageObject\",\"inLanguage\":\"es\",\"@id\":\"https:\\\/\\\/secure.gravatar.com\\\/avatar\\\/072baa72775aad53c748dfc5d3048578e01b6c087eef335459ebfa04344e2d18?s=96&d=mm&r=g\",\"url\":\"https:\\\/\\\/secure.gravatar.com\\\/avatar\\\/072baa72775aad53c748dfc5d3048578e01b6c087eef335459ebfa04344e2d18?s=96&d=mm&r=g\",\"contentUrl\":\"https:\\\/\\\/secure.gravatar.com\\\/avatar\\\/072baa72775aad53c748dfc5d3048578e01b6c087eef335459ebfa04344e2d18?s=96&d=mm&r=g\",\"caption\":\"admin\"},\"sameAs\":[\"https:\\\/\\\/ferabrajan.com\\\/portal\"],\"url\":\"https:\\\/\\\/ferabrajan.com\\\/portal\\\/author\\\/admin\\\/\"}]}<\/script>\n<!-- \/ Yoast SEO plugin. -->","yoast_head_json":{"title":"A finales de junio vacunar\u00e1n contra Covid19 a menores de 5 a 11 a\u00f1os - Fer Abrajan","robots":{"index":"index","follow":"follow","max-snippet":"max-snippet:-1","max-image-preview":"max-image-preview:large","max-video-preview":"max-video-preview:-1"},"canonical":"https:\/\/ferabrajan.com\/portal\/2022\/06\/09\/a-finales-de-junio-vacunaran-contra-covid19-a-menores-de-5-a-11-anos\/","og_locale":"es_ES","og_type":"article","og_title":"A finales de junio vacunar\u00e1n contra Covid19 a menores de 5 a 11 a\u00f1os - Fer Abrajan","og_description":"El secretario de Salud, Jos\u00e9 Antonio Mart\u00ednez Garc\u00eda, anunci\u00f3 que a fin de mes llegar\u00e1n a Puebla un total de 210 mil dosis pedi\u00e1tricas contra la COVID-19 para aplicarlas a menores de 5 a 11 a\u00f1os de edad. Precis\u00f3 que en la entidad hay 360 mil 962 menores de edad susceptibles a ser vacunados, por lo que pidi\u00f3 a los padres de familia estar pendientes de los canales informativos oficiales para conocer la log\u00edstica para este grupo poblacional. En cuanto al comportamiento de la pandemia, el titular de los Servicios de Salud revel\u00f3 que hubo 60 nuevos contagios en las 24 \u00faltimas horas; mientras que, en defunciones, no se han registrado por 47 d\u00edas. Tambi\u00e9n revel\u00f3 que hay cuatro personas hospitalizadas, de las cuales una requiere ventilaci\u00f3n mec\u00e1nica asistida. Los casos activos entre ambulatorios y hospitalizados suman 377, ubicadas en 25 municipios.","og_url":"https:\/\/ferabrajan.com\/portal\/2022\/06\/09\/a-finales-de-junio-vacunaran-contra-covid19-a-menores-de-5-a-11-anos\/","og_site_name":"Fer Abrajan","article_publisher":"https:\/\/www.facebook.com\/NoticiasconFerAbrajan\/","article_published_time":"2022-06-09T22:20:03+00:00","og_image":[{"width":1500,"height":1000,"url":"https:\/\/ferabrajan.com\/portal\/wp-content\/uploads\/2022\/06\/Jose-antonio-martinez.jpeg","type":"image\/jpeg"}],"author":"admin","twitter_card":"summary_large_image","twitter_creator":"@ferabrajan1","twitter_site":"@ferabrajan1","twitter_misc":{"Escrito por":"admin","Tiempo de lectura":"1 minuto"},"schema":{"@context":"https:\/\/schema.org","@graph":[{"@type":"Article","@id":"https:\/\/ferabrajan.com\/portal\/2022\/06\/09\/a-finales-de-junio-vacunaran-contra-covid19-a-menores-de-5-a-11-anos\/#article","isPartOf":{"@id":"https:\/\/ferabrajan.com\/portal\/2022\/06\/09\/a-finales-de-junio-vacunaran-contra-covid19-a-menores-de-5-a-11-anos\/"},"author":{"name":"admin","@id":"https:\/\/ferabrajan.com\/portal\/#\/schema\/person\/f6113b3cb1e036d5c6a9505685b257ba"},"headline":"A finales de junio vacunar\u00e1n contra Covid19 a menores de 5 a 11 a\u00f1os","datePublished":"2022-06-09T22:20:03+00:00","mainEntityOfPage":{"@id":"https:\/\/ferabrajan.com\/portal\/2022\/06\/09\/a-finales-de-junio-vacunaran-contra-covid19-a-menores-de-5-a-11-anos\/"},"wordCount":156,"publisher":{"@id":"https:\/\/ferabrajan.com\/portal\/#organization"},"image":{"@id":"https:\/\/ferabrajan.com\/portal\/2022\/06\/09\/a-finales-de-junio-vacunaran-contra-covid19-a-menores-de-5-a-11-anos\/#primaryimage"},"thumbnailUrl":"https:\/\/ferabrajan.com\/portal\/wp-content\/uploads\/2022\/06\/Jose-antonio-martinez.jpeg","keywords":["COVID19","puebla","Vacunas"],"articleSection":["Local","Puebla"],"inLanguage":"es"},{"@type":"WebPage","@id":"https:\/\/ferabrajan.com\/portal\/2022\/06\/09\/a-finales-de-junio-vacunaran-contra-covid19-a-menores-de-5-a-11-anos\/","url":"https:\/\/ferabrajan.com\/portal\/2022\/06\/09\/a-finales-de-junio-vacunaran-contra-covid19-a-menores-de-5-a-11-anos\/","name":"A finales de junio vacunar\u00e1n contra Covid19 a menores de 5 a 11 a\u00f1os - Fer Abrajan","isPartOf":{"@id":"https:\/\/ferabrajan.com\/portal\/#website"},"primaryImageOfPage":{"@id":"https:\/\/ferabrajan.com\/portal\/2022\/06\/09\/a-finales-de-junio-vacunaran-contra-covid19-a-menores-de-5-a-11-anos\/#primaryimage"},"image":{"@id":"https:\/\/ferabrajan.com\/portal\/2022\/06\/09\/a-finales-de-junio-vacunaran-contra-covid19-a-menores-de-5-a-11-anos\/#primaryimage"},"thumbnailUrl":"https:\/\/ferabrajan.com\/portal\/wp-content\/uploads\/2022\/06\/Jose-antonio-martinez.jpeg","datePublished":"2022-06-09T22:20:03+00:00","breadcrumb":{"@id":"https:\/\/ferabrajan.com\/portal\/2022\/06\/09\/a-finales-de-junio-vacunaran-contra-covid19-a-menores-de-5-a-11-anos\/#breadcrumb"},"inLanguage":"es","potentialAction":[{"@type":"ReadAction","target":["https:\/\/ferabrajan.com\/portal\/2022\/06\/09\/a-finales-de-junio-vacunaran-contra-covid19-a-menores-de-5-a-11-anos\/"]}]},{"@type":"ImageObject","inLanguage":"es","@id":"https:\/\/ferabrajan.com\/portal\/2022\/06\/09\/a-finales-de-junio-vacunaran-contra-covid19-a-menores-de-5-a-11-anos\/#primaryimage","url":"https:\/\/ferabrajan.com\/portal\/wp-content\/uploads\/2022\/06\/Jose-antonio-martinez.jpeg","contentUrl":"https:\/\/ferabrajan.com\/portal\/wp-content\/uploads\/2022\/06\/Jose-antonio-martinez.jpeg","width":1500,"height":1000},{"@type":"BreadcrumbList","@id":"https:\/\/ferabrajan.com\/portal\/2022\/06\/09\/a-finales-de-junio-vacunaran-contra-covid19-a-menores-de-5-a-11-anos\/#breadcrumb","itemListElement":[{"@type":"ListItem","position":1,"name":"Portada","item":"https:\/\/ferabrajan.com\/portal\/"},{"@type":"ListItem","position":2,"name":"A finales de junio vacunar\u00e1n contra Covid19 a menores de 5 a 11 a\u00f1os"}]},{"@type":"WebSite","@id":"https:\/\/ferabrajan.com\/portal\/#website","url":"https:\/\/ferabrajan.com\/portal\/","name":"Fer Abrajan","description":"Noticias de Puebla, opini\u00f3n y radio en vivo","publisher":{"@id":"https:\/\/ferabrajan.com\/portal\/#organization"},"potentialAction":[{"@type":"SearchAction","target":{"@type":"EntryPoint","urlTemplate":"https:\/\/ferabrajan.com\/portal\/?s={search_term_string}"},"query-input":{"@type":"PropertyValueSpecification","valueRequired":true,"valueName":"search_term_string"}}],"inLanguage":"es"},{"@type":"Organization","@id":"https:\/\/ferabrajan.com\/portal\/#organization","name":"Fer Abrajan","url":"https:\/\/ferabrajan.com\/portal\/","logo":{"@type":"ImageObject","inLanguage":"es","@id":"https:\/\/ferabrajan.com\/portal\/#\/schema\/logo\/image\/","url":"https:\/\/ferabrajan.com\/portal\/wp-content\/uploads\/2024\/10\/cropped-logo.jpeg","contentUrl":"https:\/\/ferabrajan.com\/portal\/wp-content\/uploads\/2024\/10\/cropped-logo.jpeg","width":500,"height":250,"caption":"Fer Abrajan"},"image":{"@id":"https:\/\/ferabrajan.com\/portal\/#\/schema\/logo\/image\/"},"sameAs":["https:\/\/www.facebook.com\/NoticiasconFerAbrajan\/","https:\/\/x.com\/ferabrajan1"]},{"@type":"Person","@id":"https:\/\/ferabrajan.com\/portal\/#\/schema\/person\/f6113b3cb1e036d5c6a9505685b257ba","name":"admin","image":{"@type":"ImageObject","inLanguage":"es","@id":"https:\/\/secure.gravatar.com\/avatar\/072baa72775aad53c748dfc5d3048578e01b6c087eef335459ebfa04344e2d18?s=96&d=mm&r=g","url":"https:\/\/secure.gravatar.com\/avatar\/072baa72775aad53c748dfc5d3048578e01b6c087eef335459ebfa04344e2d18?s=96&d=mm&r=g","contentUrl":"https:\/\/secure.gravatar.com\/avatar\/072baa72775aad53c748dfc5d3048578e01b6c087eef335459ebfa04344e2d18?s=96&d=mm&r=g","caption":"admin"},"sameAs":["https:\/\/ferabrajan.com\/portal"],"url":"https:\/\/ferabrajan.com\/portal\/author\/admin\/"}]}},"_links":{"self":[{"href":"https:\/\/ferabrajan.com\/portal\/wp-json\/wp\/v2\/posts\/51887","targetHints":{"allow":["GET"]}}],"collection":[{"href":"https:\/\/ferabrajan.com\/portal\/wp-json\/wp\/v2\/posts"}],"about":[{"href":"https:\/\/ferabrajan.com\/portal\/wp-json\/wp\/v2\/types\/post"}],"author":[{"embeddable":true,"href":"https:\/\/ferabrajan.com\/portal\/wp-json\/wp\/v2\/users\/1"}],"replies":[{"embeddable":true,"href":"https:\/\/ferabrajan.com\/portal\/wp-json\/wp\/v2\/comments?post=51887"}],"version-history":[{"count":0,"href":"https:\/\/ferabrajan.com\/portal\/wp-json\/wp\/v2\/posts\/51887\/revisions"}],"wp:featuredmedia":[{"embeddable":true,"href":"https:\/\/ferabrajan.com\/portal\/wp-json\/wp\/v2\/media\/51888"}],"wp:attachment":[{"href":"https:\/\/ferabrajan.com\/portal\/wp-json\/wp\/v2\/media?parent=51887"}],"wp:term":[{"taxonomy":"category","embeddable":true,"href":"https:\/\/ferabrajan.com\/portal\/wp-json\/wp\/v2\/categories?post=51887"},{"taxonomy":"post_tag","embeddable":true,"href":"https:\/\/ferabrajan.com\/portal\/wp-json\/wp\/v2\/tags?post=51887"}],"curies":[{"name":"wp","href":"https:\/\/api.w.org\/{rel}","templated":true}]}}