{"id":51884,"date":"2022-06-09T21:54:25","date_gmt":"2022-06-09T21:54:25","guid":{"rendered":"http:\/\/www.ferabrajan.com\/?p=51884"},"modified":"2022-06-09T21:54:25","modified_gmt":"2022-06-09T21:54:25","slug":"aprueba-congreso-del-estado-regularizar-predios-rusticos-urbanos-o-suburbanos","status":"publish","type":"post","link":"https:\/\/ferabrajan.com\/portal\/2022\/06\/09\/aprueba-congreso-del-estado-regularizar-predios-rusticos-urbanos-o-suburbanos\/","title":{"rendered":"Aprueba Congreso del Estado regularizar predios r\u00fasticos, urbanos o suburbanos"},"content":{"rendered":"<p style=\"text-align: justify;\"><span style=\"font-family: helvetica, arial, sans-serif;\">El Congreso del Estado a trav\u00e9s del voto un\u00e1nime de las y los diputados aprob\u00f3 la iniciativa del titular del Poder Ejecutivo, Miguel Barbosa Huerta, para\u00a0dar paso a la regularizaci\u00f3n de los predios valuados hasta en un mill\u00f3n 53 mil pesos y de esta forma darle certeza jur\u00eddica a los poseedores de esos terrenos.<\/span><\/p>\n<p style=\"text-align: justify;\"><span style=\"font-family: helvetica, arial, sans-serif;\">El diputado Iv\u00e1n Herrera, expuso que con la aprobaci\u00f3n de la iniciativa, con todos los elementos jur\u00eddicos de la ley, los poseedores u ocupantes de un predio r\u00fastico, urbano o suburbano sin regularizaci\u00f3n, ahora tendr\u00e1n la seguridad pol\u00edtica y legal de que tal propiedad s\u00ed es totalmente suya y podr\u00e1n disponer de ella.<\/span><\/p>\n<p style=\"text-align: justify;\"><span style=\"font-family: helvetica, arial, sans-serif;\">Los ocupantes de los predios con estas caracter\u00edsticas ubicados en colonias populares, de inter\u00e9s social o escasos recursos, ahora podr\u00e1n obtener la documentaci\u00f3n necesaria para acreditar la propiedad y consolidar su patrimonio y el de su familia.<\/span><\/p>\n<p style=\"text-align: justify;\"><span style=\"font-family: helvetica, arial, sans-serif;\">El dictamen establece que las personas que habitan en asentamientos irregulares y predios r\u00fasticos, que no se encuentren en zona de riesgo y tengan una vivienda con valor de los 700 mil pesos y hasta un mill\u00f3n 50 mil pesos, podr\u00e1n entrar al programa de regularizaci\u00f3n que apoyar\u00e1 el gobierno del estado.<\/span><\/p>\n<p style=\"text-align: justify;\"><span style=\"font-family: helvetica, arial, sans-serif;\">De este modo el Congreso de Puebla aprob\u00f3 darle seguridad jur\u00eddica a las y los poblanos en esta situaci\u00f3n.<\/span><\/p>\n","protected":false},"excerpt":{"rendered":"<p>El Congreso del Estado a trav\u00e9s del voto un\u00e1nime de las y los diputados aprob\u00f3 la iniciativa del titular del Poder Ejecutivo, Miguel Barbosa Huerta, para\u00a0dar paso a la regularizaci\u00f3n de los predios valuados hasta en un mill\u00f3n 53 mil pesos y de esta forma darle certeza jur\u00eddica a los poseedores de esos terrenos. El diputado Iv\u00e1n Herrera, expuso que con la aprobaci\u00f3n de la iniciativa, con todos los elementos jur\u00eddicos de la ley, los poseedores u ocupantes de un predio r\u00fastico, urbano o suburbano sin regularizaci\u00f3n, ahora tendr\u00e1n la seguridad pol\u00edtica y legal de que tal propiedad s\u00ed es totalmente suya y podr\u00e1n disponer de ella. Los ocupantes de los predios con estas caracter\u00edsticas ubicados en colonias populares, de inter\u00e9s social o escasos recursos, ahora podr\u00e1n obtener la documentaci\u00f3n necesaria para acreditar la propiedad y consolidar su patrimonio y el de su familia. El dictamen establece que las personas que habitan en asentamientos irregulares y predios r\u00fasticos, que no se encuentren en zona de riesgo y tengan una vivienda con valor de los 700 mil pesos y hasta un mill\u00f3n 50 mil pesos, podr\u00e1n entrar al programa de regularizaci\u00f3n que apoyar\u00e1 el gobierno del estado. De este modo el Congreso de Puebla aprob\u00f3 darle seguridad jur\u00eddica a las y los poblanos en esta situaci\u00f3n.<\/p>\n","protected":false},"author":1,"featured_media":51885,"comment_status":"closed","ping_status":"closed","sticky":false,"template":"","format":"standard","meta":{"_monsterinsights_skip_tracking":false,"_uf_show_specific_survey":0,"_uf_disable_surveys":false,"footnotes":""},"categories":[53,34],"tags":[109,64,65,110],"class_list":["post-51884","post","type-post","status-publish","format-standard","has-post-thumbnail","hentry","category-local","category-puebla","tag-congreso","tag-congreso-de-puebla","tag-diputados","tag-predios-rusticos"],"yoast_head":"<!-- This site is optimized with the Yoast SEO plugin v27.5 - https:\/\/yoast.com\/product\/yoast-seo-wordpress\/ -->\n<title>Aprueba Congreso del Estado regularizar predios r\u00fasticos, urbanos o suburbanos - Fer Abrajan<\/title>\n<meta name=\"robots\" content=\"index, follow, max-snippet:-1, max-image-preview:large, max-video-preview:-1\" \/>\n<link rel=\"canonical\" href=\"https:\/\/ferabrajan.com\/portal\/2022\/06\/09\/aprueba-congreso-del-estado-regularizar-predios-rusticos-urbanos-o-suburbanos\/\" \/>\n<meta property=\"og:locale\" content=\"es_ES\" \/>\n<meta property=\"og:type\" content=\"article\" \/>\n<meta property=\"og:title\" content=\"Aprueba Congreso del Estado regularizar predios r\u00fasticos, urbanos o suburbanos - Fer Abrajan\" \/>\n<meta property=\"og:description\" content=\"El Congreso del Estado a trav\u00e9s del voto un\u00e1nime de las y los diputados aprob\u00f3 la iniciativa del titular del Poder Ejecutivo, Miguel Barbosa Huerta, para\u00a0dar paso a la regularizaci\u00f3n de los predios valuados hasta en un mill\u00f3n 53 mil pesos y de esta forma darle certeza jur\u00eddica a los poseedores de esos terrenos. El diputado Iv\u00e1n Herrera, expuso que con la aprobaci\u00f3n de la iniciativa, con todos los elementos jur\u00eddicos de la ley, los poseedores u ocupantes de un predio r\u00fastico, urbano o suburbano sin regularizaci\u00f3n, ahora tendr\u00e1n la seguridad pol\u00edtica y legal de que tal propiedad s\u00ed es totalmente suya y podr\u00e1n disponer de ella. Los ocupantes de los predios con estas caracter\u00edsticas ubicados en colonias populares, de inter\u00e9s social o escasos recursos, ahora podr\u00e1n obtener la documentaci\u00f3n necesaria para acreditar la propiedad y consolidar su patrimonio y el de su familia. El dictamen establece que las personas que habitan en asentamientos irregulares y predios r\u00fasticos, que no se encuentren en zona de riesgo y tengan una vivienda con valor de los 700 mil pesos y hasta un mill\u00f3n 50 mil pesos, podr\u00e1n entrar al programa de regularizaci\u00f3n que apoyar\u00e1 el gobierno del estado. De este modo el Congreso de Puebla aprob\u00f3 darle seguridad jur\u00eddica a las y los poblanos en esta situaci\u00f3n.\" \/>\n<meta property=\"og:url\" content=\"https:\/\/ferabrajan.com\/portal\/2022\/06\/09\/aprueba-congreso-del-estado-regularizar-predios-rusticos-urbanos-o-suburbanos\/\" \/>\n<meta property=\"og:site_name\" content=\"Fer Abrajan\" \/>\n<meta property=\"article:publisher\" content=\"https:\/\/www.facebook.com\/NoticiasconFerAbrajan\/\" \/>\n<meta property=\"article:published_time\" content=\"2022-06-09T21:54:25+00:00\" \/>\n<meta property=\"og:image\" content=\"https:\/\/ferabrajan.com\/portal\/wp-content\/uploads\/2022\/06\/terreno.jpg\" \/>\n\t<meta property=\"og:image:width\" content=\"500\" \/>\n\t<meta property=\"og:image:height\" content=\"352\" \/>\n\t<meta property=\"og:image:type\" content=\"image\/jpeg\" \/>\n<meta name=\"author\" content=\"admin\" \/>\n<meta name=\"twitter:card\" content=\"summary_large_image\" \/>\n<meta name=\"twitter:creator\" content=\"@ferabrajan1\" \/>\n<meta name=\"twitter:site\" content=\"@ferabrajan1\" \/>\n<meta name=\"twitter:label1\" content=\"Escrito por\" \/>\n\t<meta name=\"twitter:data1\" content=\"admin\" \/>\n\t<meta name=\"twitter:label2\" content=\"Tiempo de lectura\" \/>\n\t<meta name=\"twitter:data2\" content=\"1 minuto\" \/>\n<script type=\"application\/ld+json\" class=\"yoast-schema-graph\">{\"@context\":\"https:\\\/\\\/schema.org\",\"@graph\":[{\"@type\":\"Article\",\"@id\":\"https:\\\/\\\/ferabrajan.com\\\/portal\\\/2022\\\/06\\\/09\\\/aprueba-congreso-del-estado-regularizar-predios-rusticos-urbanos-o-suburbanos\\\/#article\",\"isPartOf\":{\"@id\":\"https:\\\/\\\/ferabrajan.com\\\/portal\\\/2022\\\/06\\\/09\\\/aprueba-congreso-del-estado-regularizar-predios-rusticos-urbanos-o-suburbanos\\\/\"},\"author\":{\"name\":\"admin\",\"@id\":\"https:\\\/\\\/ferabrajan.com\\\/portal\\\/#\\\/schema\\\/person\\\/f6113b3cb1e036d5c6a9505685b257ba\"},\"headline\":\"Aprueba Congreso del Estado regularizar predios r\u00fasticos, urbanos o suburbanos\",\"datePublished\":\"2022-06-09T21:54:25+00:00\",\"mainEntityOfPage\":{\"@id\":\"https:\\\/\\\/ferabrajan.com\\\/portal\\\/2022\\\/06\\\/09\\\/aprueba-congreso-del-estado-regularizar-predios-rusticos-urbanos-o-suburbanos\\\/\"},\"wordCount\":247,\"publisher\":{\"@id\":\"https:\\\/\\\/ferabrajan.com\\\/portal\\\/#organization\"},\"image\":{\"@id\":\"https:\\\/\\\/ferabrajan.com\\\/portal\\\/2022\\\/06\\\/09\\\/aprueba-congreso-del-estado-regularizar-predios-rusticos-urbanos-o-suburbanos\\\/#primaryimage\"},\"thumbnailUrl\":\"https:\\\/\\\/ferabrajan.com\\\/portal\\\/wp-content\\\/uploads\\\/2022\\\/06\\\/terreno.jpg\",\"keywords\":[\"Congreso\",\"Congreso de Puebla\",\"Diputados\",\"Predios r\u00fasticos\"],\"articleSection\":[\"Local\",\"Puebla\"],\"inLanguage\":\"es\"},{\"@type\":\"WebPage\",\"@id\":\"https:\\\/\\\/ferabrajan.com\\\/portal\\\/2022\\\/06\\\/09\\\/aprueba-congreso-del-estado-regularizar-predios-rusticos-urbanos-o-suburbanos\\\/\",\"url\":\"https:\\\/\\\/ferabrajan.com\\\/portal\\\/2022\\\/06\\\/09\\\/aprueba-congreso-del-estado-regularizar-predios-rusticos-urbanos-o-suburbanos\\\/\",\"name\":\"Aprueba Congreso del Estado regularizar predios r\u00fasticos, urbanos o suburbanos - Fer Abrajan\",\"isPartOf\":{\"@id\":\"https:\\\/\\\/ferabrajan.com\\\/portal\\\/#website\"},\"primaryImageOfPage\":{\"@id\":\"https:\\\/\\\/ferabrajan.com\\\/portal\\\/2022\\\/06\\\/09\\\/aprueba-congreso-del-estado-regularizar-predios-rusticos-urbanos-o-suburbanos\\\/#primaryimage\"},\"image\":{\"@id\":\"https:\\\/\\\/ferabrajan.com\\\/portal\\\/2022\\\/06\\\/09\\\/aprueba-congreso-del-estado-regularizar-predios-rusticos-urbanos-o-suburbanos\\\/#primaryimage\"},\"thumbnailUrl\":\"https:\\\/\\\/ferabrajan.com\\\/portal\\\/wp-content\\\/uploads\\\/2022\\\/06\\\/terreno.jpg\",\"datePublished\":\"2022-06-09T21:54:25+00:00\",\"breadcrumb\":{\"@id\":\"https:\\\/\\\/ferabrajan.com\\\/portal\\\/2022\\\/06\\\/09\\\/aprueba-congreso-del-estado-regularizar-predios-rusticos-urbanos-o-suburbanos\\\/#breadcrumb\"},\"inLanguage\":\"es\",\"potentialAction\":[{\"@type\":\"ReadAction\",\"target\":[\"https:\\\/\\\/ferabrajan.com\\\/portal\\\/2022\\\/06\\\/09\\\/aprueba-congreso-del-estado-regularizar-predios-rusticos-urbanos-o-suburbanos\\\/\"]}]},{\"@type\":\"ImageObject\",\"inLanguage\":\"es\",\"@id\":\"https:\\\/\\\/ferabrajan.com\\\/portal\\\/2022\\\/06\\\/09\\\/aprueba-congreso-del-estado-regularizar-predios-rusticos-urbanos-o-suburbanos\\\/#primaryimage\",\"url\":\"https:\\\/\\\/ferabrajan.com\\\/portal\\\/wp-content\\\/uploads\\\/2022\\\/06\\\/terreno.jpg\",\"contentUrl\":\"https:\\\/\\\/ferabrajan.com\\\/portal\\\/wp-content\\\/uploads\\\/2022\\\/06\\\/terreno.jpg\",\"width\":500,\"height\":352},{\"@type\":\"BreadcrumbList\",\"@id\":\"https:\\\/\\\/ferabrajan.com\\\/portal\\\/2022\\\/06\\\/09\\\/aprueba-congreso-del-estado-regularizar-predios-rusticos-urbanos-o-suburbanos\\\/#breadcrumb\",\"itemListElement\":[{\"@type\":\"ListItem\",\"position\":1,\"name\":\"Portada\",\"item\":\"https:\\\/\\\/ferabrajan.com\\\/portal\\\/\"},{\"@type\":\"ListItem\",\"position\":2,\"name\":\"Aprueba Congreso del Estado regularizar predios r\u00fasticos, urbanos o suburbanos\"}]},{\"@type\":\"WebSite\",\"@id\":\"https:\\\/\\\/ferabrajan.com\\\/portal\\\/#website\",\"url\":\"https:\\\/\\\/ferabrajan.com\\\/portal\\\/\",\"name\":\"Fer Abrajan\",\"description\":\"Noticias de Puebla, opini\u00f3n y radio en vivo\",\"publisher\":{\"@id\":\"https:\\\/\\\/ferabrajan.com\\\/portal\\\/#organization\"},\"potentialAction\":[{\"@type\":\"SearchAction\",\"target\":{\"@type\":\"EntryPoint\",\"urlTemplate\":\"https:\\\/\\\/ferabrajan.com\\\/portal\\\/?s={search_term_string}\"},\"query-input\":{\"@type\":\"PropertyValueSpecification\",\"valueRequired\":true,\"valueName\":\"search_term_string\"}}],\"inLanguage\":\"es\"},{\"@type\":\"Organization\",\"@id\":\"https:\\\/\\\/ferabrajan.com\\\/portal\\\/#organization\",\"name\":\"Fer Abrajan\",\"url\":\"https:\\\/\\\/ferabrajan.com\\\/portal\\\/\",\"logo\":{\"@type\":\"ImageObject\",\"inLanguage\":\"es\",\"@id\":\"https:\\\/\\\/ferabrajan.com\\\/portal\\\/#\\\/schema\\\/logo\\\/image\\\/\",\"url\":\"https:\\\/\\\/ferabrajan.com\\\/portal\\\/wp-content\\\/uploads\\\/2024\\\/10\\\/cropped-logo.jpeg\",\"contentUrl\":\"https:\\\/\\\/ferabrajan.com\\\/portal\\\/wp-content\\\/uploads\\\/2024\\\/10\\\/cropped-logo.jpeg\",\"width\":500,\"height\":250,\"caption\":\"Fer Abrajan\"},\"image\":{\"@id\":\"https:\\\/\\\/ferabrajan.com\\\/portal\\\/#\\\/schema\\\/logo\\\/image\\\/\"},\"sameAs\":[\"https:\\\/\\\/www.facebook.com\\\/NoticiasconFerAbrajan\\\/\",\"https:\\\/\\\/x.com\\\/ferabrajan1\"]},{\"@type\":\"Person\",\"@id\":\"https:\\\/\\\/ferabrajan.com\\\/portal\\\/#\\\/schema\\\/person\\\/f6113b3cb1e036d5c6a9505685b257ba\",\"name\":\"admin\",\"image\":{\"@type\":\"ImageObject\",\"inLanguage\":\"es\",\"@id\":\"https:\\\/\\\/secure.gravatar.com\\\/avatar\\\/072baa72775aad53c748dfc5d3048578e01b6c087eef335459ebfa04344e2d18?s=96&d=mm&r=g\",\"url\":\"https:\\\/\\\/secure.gravatar.com\\\/avatar\\\/072baa72775aad53c748dfc5d3048578e01b6c087eef335459ebfa04344e2d18?s=96&d=mm&r=g\",\"contentUrl\":\"https:\\\/\\\/secure.gravatar.com\\\/avatar\\\/072baa72775aad53c748dfc5d3048578e01b6c087eef335459ebfa04344e2d18?s=96&d=mm&r=g\",\"caption\":\"admin\"},\"sameAs\":[\"https:\\\/\\\/ferabrajan.com\\\/portal\"],\"url\":\"https:\\\/\\\/ferabrajan.com\\\/portal\\\/author\\\/admin\\\/\"}]}<\/script>\n<!-- \/ Yoast SEO plugin. -->","yoast_head_json":{"title":"Aprueba Congreso del Estado regularizar predios r\u00fasticos, urbanos o suburbanos - Fer Abrajan","robots":{"index":"index","follow":"follow","max-snippet":"max-snippet:-1","max-image-preview":"max-image-preview:large","max-video-preview":"max-video-preview:-1"},"canonical":"https:\/\/ferabrajan.com\/portal\/2022\/06\/09\/aprueba-congreso-del-estado-regularizar-predios-rusticos-urbanos-o-suburbanos\/","og_locale":"es_ES","og_type":"article","og_title":"Aprueba Congreso del Estado regularizar predios r\u00fasticos, urbanos o suburbanos - Fer Abrajan","og_description":"El Congreso del Estado a trav\u00e9s del voto un\u00e1nime de las y los diputados aprob\u00f3 la iniciativa del titular del Poder Ejecutivo, Miguel Barbosa Huerta, para\u00a0dar paso a la regularizaci\u00f3n de los predios valuados hasta en un mill\u00f3n 53 mil pesos y de esta forma darle certeza jur\u00eddica a los poseedores de esos terrenos. El diputado Iv\u00e1n Herrera, expuso que con la aprobaci\u00f3n de la iniciativa, con todos los elementos jur\u00eddicos de la ley, los poseedores u ocupantes de un predio r\u00fastico, urbano o suburbano sin regularizaci\u00f3n, ahora tendr\u00e1n la seguridad pol\u00edtica y legal de que tal propiedad s\u00ed es totalmente suya y podr\u00e1n disponer de ella. Los ocupantes de los predios con estas caracter\u00edsticas ubicados en colonias populares, de inter\u00e9s social o escasos recursos, ahora podr\u00e1n obtener la documentaci\u00f3n necesaria para acreditar la propiedad y consolidar su patrimonio y el de su familia. El dictamen establece que las personas que habitan en asentamientos irregulares y predios r\u00fasticos, que no se encuentren en zona de riesgo y tengan una vivienda con valor de los 700 mil pesos y hasta un mill\u00f3n 50 mil pesos, podr\u00e1n entrar al programa de regularizaci\u00f3n que apoyar\u00e1 el gobierno del estado. De este modo el Congreso de Puebla aprob\u00f3 darle seguridad jur\u00eddica a las y los poblanos en esta situaci\u00f3n.","og_url":"https:\/\/ferabrajan.com\/portal\/2022\/06\/09\/aprueba-congreso-del-estado-regularizar-predios-rusticos-urbanos-o-suburbanos\/","og_site_name":"Fer Abrajan","article_publisher":"https:\/\/www.facebook.com\/NoticiasconFerAbrajan\/","article_published_time":"2022-06-09T21:54:25+00:00","og_image":[{"width":500,"height":352,"url":"https:\/\/ferabrajan.com\/portal\/wp-content\/uploads\/2022\/06\/terreno.jpg","type":"image\/jpeg"}],"author":"admin","twitter_card":"summary_large_image","twitter_creator":"@ferabrajan1","twitter_site":"@ferabrajan1","twitter_misc":{"Escrito por":"admin","Tiempo de lectura":"1 minuto"},"schema":{"@context":"https:\/\/schema.org","@graph":[{"@type":"Article","@id":"https:\/\/ferabrajan.com\/portal\/2022\/06\/09\/aprueba-congreso-del-estado-regularizar-predios-rusticos-urbanos-o-suburbanos\/#article","isPartOf":{"@id":"https:\/\/ferabrajan.com\/portal\/2022\/06\/09\/aprueba-congreso-del-estado-regularizar-predios-rusticos-urbanos-o-suburbanos\/"},"author":{"name":"admin","@id":"https:\/\/ferabrajan.com\/portal\/#\/schema\/person\/f6113b3cb1e036d5c6a9505685b257ba"},"headline":"Aprueba Congreso del Estado regularizar predios r\u00fasticos, urbanos o suburbanos","datePublished":"2022-06-09T21:54:25+00:00","mainEntityOfPage":{"@id":"https:\/\/ferabrajan.com\/portal\/2022\/06\/09\/aprueba-congreso-del-estado-regularizar-predios-rusticos-urbanos-o-suburbanos\/"},"wordCount":247,"publisher":{"@id":"https:\/\/ferabrajan.com\/portal\/#organization"},"image":{"@id":"https:\/\/ferabrajan.com\/portal\/2022\/06\/09\/aprueba-congreso-del-estado-regularizar-predios-rusticos-urbanos-o-suburbanos\/#primaryimage"},"thumbnailUrl":"https:\/\/ferabrajan.com\/portal\/wp-content\/uploads\/2022\/06\/terreno.jpg","keywords":["Congreso","Congreso de Puebla","Diputados","Predios r\u00fasticos"],"articleSection":["Local","Puebla"],"inLanguage":"es"},{"@type":"WebPage","@id":"https:\/\/ferabrajan.com\/portal\/2022\/06\/09\/aprueba-congreso-del-estado-regularizar-predios-rusticos-urbanos-o-suburbanos\/","url":"https:\/\/ferabrajan.com\/portal\/2022\/06\/09\/aprueba-congreso-del-estado-regularizar-predios-rusticos-urbanos-o-suburbanos\/","name":"Aprueba Congreso del Estado regularizar predios r\u00fasticos, urbanos o suburbanos - Fer Abrajan","isPartOf":{"@id":"https:\/\/ferabrajan.com\/portal\/#website"},"primaryImageOfPage":{"@id":"https:\/\/ferabrajan.com\/portal\/2022\/06\/09\/aprueba-congreso-del-estado-regularizar-predios-rusticos-urbanos-o-suburbanos\/#primaryimage"},"image":{"@id":"https:\/\/ferabrajan.com\/portal\/2022\/06\/09\/aprueba-congreso-del-estado-regularizar-predios-rusticos-urbanos-o-suburbanos\/#primaryimage"},"thumbnailUrl":"https:\/\/ferabrajan.com\/portal\/wp-content\/uploads\/2022\/06\/terreno.jpg","datePublished":"2022-06-09T21:54:25+00:00","breadcrumb":{"@id":"https:\/\/ferabrajan.com\/portal\/2022\/06\/09\/aprueba-congreso-del-estado-regularizar-predios-rusticos-urbanos-o-suburbanos\/#breadcrumb"},"inLanguage":"es","potentialAction":[{"@type":"ReadAction","target":["https:\/\/ferabrajan.com\/portal\/2022\/06\/09\/aprueba-congreso-del-estado-regularizar-predios-rusticos-urbanos-o-suburbanos\/"]}]},{"@type":"ImageObject","inLanguage":"es","@id":"https:\/\/ferabrajan.com\/portal\/2022\/06\/09\/aprueba-congreso-del-estado-regularizar-predios-rusticos-urbanos-o-suburbanos\/#primaryimage","url":"https:\/\/ferabrajan.com\/portal\/wp-content\/uploads\/2022\/06\/terreno.jpg","contentUrl":"https:\/\/ferabrajan.com\/portal\/wp-content\/uploads\/2022\/06\/terreno.jpg","width":500,"height":352},{"@type":"BreadcrumbList","@id":"https:\/\/ferabrajan.com\/portal\/2022\/06\/09\/aprueba-congreso-del-estado-regularizar-predios-rusticos-urbanos-o-suburbanos\/#breadcrumb","itemListElement":[{"@type":"ListItem","position":1,"name":"Portada","item":"https:\/\/ferabrajan.com\/portal\/"},{"@type":"ListItem","position":2,"name":"Aprueba Congreso del Estado regularizar predios r\u00fasticos, urbanos o suburbanos"}]},{"@type":"WebSite","@id":"https:\/\/ferabrajan.com\/portal\/#website","url":"https:\/\/ferabrajan.com\/portal\/","name":"Fer Abrajan","description":"Noticias de Puebla, opini\u00f3n y radio en vivo","publisher":{"@id":"https:\/\/ferabrajan.com\/portal\/#organization"},"potentialAction":[{"@type":"SearchAction","target":{"@type":"EntryPoint","urlTemplate":"https:\/\/ferabrajan.com\/portal\/?s={search_term_string}"},"query-input":{"@type":"PropertyValueSpecification","valueRequired":true,"valueName":"search_term_string"}}],"inLanguage":"es"},{"@type":"Organization","@id":"https:\/\/ferabrajan.com\/portal\/#organization","name":"Fer Abrajan","url":"https:\/\/ferabrajan.com\/portal\/","logo":{"@type":"ImageObject","inLanguage":"es","@id":"https:\/\/ferabrajan.com\/portal\/#\/schema\/logo\/image\/","url":"https:\/\/ferabrajan.com\/portal\/wp-content\/uploads\/2024\/10\/cropped-logo.jpeg","contentUrl":"https:\/\/ferabrajan.com\/portal\/wp-content\/uploads\/2024\/10\/cropped-logo.jpeg","width":500,"height":250,"caption":"Fer Abrajan"},"image":{"@id":"https:\/\/ferabrajan.com\/portal\/#\/schema\/logo\/image\/"},"sameAs":["https:\/\/www.facebook.com\/NoticiasconFerAbrajan\/","https:\/\/x.com\/ferabrajan1"]},{"@type":"Person","@id":"https:\/\/ferabrajan.com\/portal\/#\/schema\/person\/f6113b3cb1e036d5c6a9505685b257ba","name":"admin","image":{"@type":"ImageObject","inLanguage":"es","@id":"https:\/\/secure.gravatar.com\/avatar\/072baa72775aad53c748dfc5d3048578e01b6c087eef335459ebfa04344e2d18?s=96&d=mm&r=g","url":"https:\/\/secure.gravatar.com\/avatar\/072baa72775aad53c748dfc5d3048578e01b6c087eef335459ebfa04344e2d18?s=96&d=mm&r=g","contentUrl":"https:\/\/secure.gravatar.com\/avatar\/072baa72775aad53c748dfc5d3048578e01b6c087eef335459ebfa04344e2d18?s=96&d=mm&r=g","caption":"admin"},"sameAs":["https:\/\/ferabrajan.com\/portal"],"url":"https:\/\/ferabrajan.com\/portal\/author\/admin\/"}]}},"_links":{"self":[{"href":"https:\/\/ferabrajan.com\/portal\/wp-json\/wp\/v2\/posts\/51884","targetHints":{"allow":["GET"]}}],"collection":[{"href":"https:\/\/ferabrajan.com\/portal\/wp-json\/wp\/v2\/posts"}],"about":[{"href":"https:\/\/ferabrajan.com\/portal\/wp-json\/wp\/v2\/types\/post"}],"author":[{"embeddable":true,"href":"https:\/\/ferabrajan.com\/portal\/wp-json\/wp\/v2\/users\/1"}],"replies":[{"embeddable":true,"href":"https:\/\/ferabrajan.com\/portal\/wp-json\/wp\/v2\/comments?post=51884"}],"version-history":[{"count":0,"href":"https:\/\/ferabrajan.com\/portal\/wp-json\/wp\/v2\/posts\/51884\/revisions"}],"wp:featuredmedia":[{"embeddable":true,"href":"https:\/\/ferabrajan.com\/portal\/wp-json\/wp\/v2\/media\/51885"}],"wp:attachment":[{"href":"https:\/\/ferabrajan.com\/portal\/wp-json\/wp\/v2\/media?parent=51884"}],"wp:term":[{"taxonomy":"category","embeddable":true,"href":"https:\/\/ferabrajan.com\/portal\/wp-json\/wp\/v2\/categories?post=51884"},{"taxonomy":"post_tag","embeddable":true,"href":"https:\/\/ferabrajan.com\/portal\/wp-json\/wp\/v2\/tags?post=51884"}],"curies":[{"name":"wp","href":"https:\/\/api.w.org\/{rel}","templated":true}]}}