{"id":22342,"date":"2020-12-07T06:08:00","date_gmt":"2020-12-07T06:08:00","guid":{"rendered":"http:\/\/www.ferabrajan.com\/2020\/12\/07\/es-momento-ya-de-imponer-en-mexico-el-uso-obligatorio-universal-del-cubrebocas-julio-frenk\/"},"modified":"2020-12-07T06:08:00","modified_gmt":"2020-12-07T06:08:00","slug":"es-momento-ya-de-imponer-en-mexico-el-uso-obligatorio-universal-del-cubrebocas-julio-frenk","status":"publish","type":"post","link":"https:\/\/ferabrajan.com\/portal\/2020\/12\/07\/es-momento-ya-de-imponer-en-mexico-el-uso-obligatorio-universal-del-cubrebocas-julio-frenk\/","title":{"rendered":"&#034;Es momento ya de imponer en M\u00e9xico el uso obligatorio universal del cubrebocas&#034;: Julio Frenk"},"content":{"rendered":"<div><img decoding=\"async\" src=\"https:\/\/www.eluniversal.com.mx\/sites\/default\/files\/2020\/12\/07\/thumbnail_image.png\" class=\"ff-og-image-inserted\"><\/div>\n<p>El doctor y ex secretario de salud,&nbsp;Julio Frenk, asegur\u00f3 que es momento de que el gobierno de M\u00e9xico reconozca que su estrategia de control contra el <strong>Covid-19<\/strong> no funcion\u00f3, que imponga el uso obligatorio de <strong>cubrebocas<\/strong> y dedicar los pr\u00f3ximos meses a tratar de prevenir el mayor n\u00famero de contagios y muertes.<br \/>&nbsp;<br \/>\u201cEs momento de reconocer que la estrategia no funcion\u00f3, es momento ya de imponer el <strong>uso obligatorio universal del cubrebocas<\/strong> y dejar de confundir a la gente; es momento de se\u00f1alar que s\u00ed se necesitan pruebas y multiplicar el n\u00famero de pruebas y evitar m\u00e1s <strong>muertes<\/strong>. Al ritmo que vamos para finales de este a\u00f1o las muertes por <strong>Covid 19<\/strong> van a ser la causa n\u00famero uno de muertes de nuestro pa\u00eds, m\u00e1s que el <strong>c\u00e1ncer<\/strong>, m\u00e1s que los <strong>infartos<\/strong>, m\u00e1s que la <strong>diabetes<\/strong>\u201d, se\u00f1al\u00f3 el doctor Frenk.<br \/>&nbsp;<br \/>Durante su participaci\u00f3n en la <strong>Feria Internacional del Libro de Guadalajara<\/strong>, donde estuvo acompa\u00f1ado de <strong>Salom\u00f3n Chertorivski, Antonio Lazcano y Ram\u00f3n S\u00e1nchez Pi\u00f1a,<\/strong> en una mesa donde hablaron de \u201cEnfermedades y remedios\u201d, el doctor Frenk asegur\u00f3 que esto es un \u201cretroceso may\u00fasculo\u201d pues en M\u00e9xico ten\u00eda 35 a\u00f1os de no tener una enfermedad infecciosa como causa n\u00famero uno de muerte.<br \/>&nbsp;<br \/>Dijo que lo que hay que hacer ahora es reconocer que el rumbo que se ha tomado es el equivocado, tomar medidas inmediatas y preparar los sistemas de distribuci\u00f3n y de log\u00edstica para que una vez que la <strong>vacuna<\/strong> est\u00e9 disponible se puedan distribuir y hacerla llegar en condiciones \u00f3ptimas.<br \/>&nbsp;<br \/>\u201cEs el momento de enmendar el rumbo y reconocer el valor de la ciencia mexicana, es doloroso que justo cuando se estos anuncios de los frutos de la ciencia en M\u00e9xico se toman decisiones como cancelar los <strong>fideicomisos<\/strong> que es un golpe fatal a la ciencia en M\u00e9xico, es momento de salir del oscurantismo en el que se ha hundido el <strong>Conacyt<\/strong>, porque a lo que se est\u00e1 condenando a M\u00e9xico es la dependencia tecnol\u00f3gica\u201d, dijo Frenk.<br \/>&nbsp;<br \/>Todos coincidieron en la <strong>estrategia equivocada<\/strong> que emprendi\u00f3 M\u00e9xico y en que debe cambiar de rumbo; sin embargo <strong>Chertorivski<\/strong> descart\u00f3 que el gobierno quiero hacerlo, porque lo que dijo que el \u00fanico camino que queda es una gran campa\u00f1a de concientizaci\u00f3n nacional por todos los medios para promover el uso de cubrebocas y la <strong>higiene de manos. &nbsp;<\/strong><br \/>&nbsp;<br \/>La \u00fanica forma de vencerlo es refrendar el compromiso del gobierno mexicano con la ciencia, dejar de denostar a los cient\u00edficos y darle es apoyo financiero para M\u00e9xico sea no nada m\u00e1s el que est\u00e1 recibiendo los beneficios de la ciencia que hacen otros sino recuperar el papel que ha tenido la ciencia mexicana en el desarrollo de la ciencia y esas tecnolog\u00edas que son las que nos van a permitir resolver estas crisis.<br \/>&nbsp;<br \/>Dijo <strong>Chertorivski<\/strong> que a <strong>Julio Frenk<\/strong> lo buscan en todo el mundo para escuchar sus consejos y en M\u00e9xico no lo escuchan. \u201cM\u00e9xico ha sido un caso particular, a un a\u00f1o de la pandemia aqu\u00ed no hay control, lo que se vive es una aceleraci\u00f3n de los casos que iniciaron con el primer contacto oficial en el \u00faltimo d\u00eda de febrero y que nunca han controlado\u201d.<br \/>&nbsp;<br \/>Por su parte, el doctor <strong>Antonio Lazcano<\/strong> dijo que lo \u00fanico que se puede ver ahora es el desd\u00e9n del gobierno a todos los que han hecho cr\u00edticas absolutamente bien intencionadas para c\u00f3mo tratar de enfrentar y resolver el problema; \u201cyo lo que veo es un autismo pol\u00edtico por parte del Estado,&nbsp; del gobierno, que est\u00e1 encerrado en s\u00ed mismo y se niega a escuchar a los dem\u00e1s\u201d.<br \/>&nbsp;<br \/>Y concluy\u00f3 que lo que m\u00e1s le preocupa en t\u00e9rminos pol\u00edticos es esa negativa de las autoridades federales y en particular de las autoridades de salud a atender las cr\u00edticas y recomendaciones de la comunidad acad\u00e9mica, \u201ces como si M\u00e9xico no existieran los expertos\u201d.<\/p>\n<p>maf<\/p>\n<p>Publicaci\u00f3n Original: <a href=\"https:\/\/www.eluniversal.com.mx\/cultura\/es-momento-ya-de-imponer-en-mexico-el-uso-obligatorio-universal-del-cubrebocas-julio-frenk\" target=\"_blank\" rel=\"noopener noreferrer\">https:\/\/www.eluniversal.com.mx\/cultura\/es-momento-ya-de-imponer-en-mexico-el-uso-obligatorio-universal-del-cubrebocas-julio-frenk<\/a><\/p>\n","protected":false},"excerpt":{"rendered":"<p>El doctor y ex secretario de salud,&nbsp;Julio Frenk, asegur\u00f3 que es momento de que el gobierno de M\u00e9xico reconozca que su estrategia de control contra el Covid-19 no funcion\u00f3, que imponga el uso obligatorio de cubrebocas y dedicar los pr\u00f3ximos meses a tratar de prevenir el mayor n\u00famero de contagios y muertes.&nbsp;\u201cEs momento de reconocer que la estrategia no funcion\u00f3, es momento ya de imponer el uso obligatorio universal del cubrebocas y dejar de confundir a la gente; es momento de se\u00f1alar que s\u00ed se necesitan pruebas y multiplicar el n\u00famero de pruebas y evitar m\u00e1s muertes. Al ritmo que vamos para finales de este a\u00f1o las muertes por Covid 19 van a ser la causa n\u00famero uno de muertes de nuestro pa\u00eds, m\u00e1s que el c\u00e1ncer, m\u00e1s que los infartos, m\u00e1s que la diabetes\u201d, se\u00f1al\u00f3 el doctor Frenk.&nbsp;Durante su participaci\u00f3n en la Feria Internacional del Libro de Guadalajara, donde estuvo acompa\u00f1ado de Salom\u00f3n Chertorivski, Antonio Lazcano y Ram\u00f3n S\u00e1nchez Pi\u00f1a, en una mesa donde hablaron de \u201cEnfermedades y remedios\u201d, el doctor Frenk asegur\u00f3 que esto es un \u201cretroceso may\u00fasculo\u201d pues en M\u00e9xico ten\u00eda 35 a\u00f1os de no tener una enfermedad infecciosa como causa n\u00famero uno de muerte.&nbsp;Dijo que lo que hay que hacer ahora es reconocer que el rumbo que se ha tomado es el equivocado, tomar medidas inmediatas y preparar los sistemas de distribuci\u00f3n y de log\u00edstica para que una vez que la vacuna est\u00e9 disponible se puedan distribuir y hacerla llegar en condiciones \u00f3ptimas.&nbsp;\u201cEs el momento de enmendar el rumbo y reconocer el valor de la ciencia mexicana, es doloroso que justo cuando se estos anuncios de los frutos de la ciencia en M\u00e9xico se toman decisiones como cancelar los fideicomisos que es un golpe fatal a la ciencia en M\u00e9xico, es momento de salir del oscurantismo en el que se ha hundido el Conacyt, porque a lo que se est\u00e1 condenando a M\u00e9xico es la dependencia tecnol\u00f3gica\u201d, dijo Frenk.&nbsp;Todos coincidieron en la estrategia equivocada que emprendi\u00f3 M\u00e9xico y en que debe cambiar de rumbo; sin embargo Chertorivski descart\u00f3 que el gobierno quiero hacerlo, porque lo que dijo que el \u00fanico camino que queda es una gran campa\u00f1a de concientizaci\u00f3n nacional por todos los medios para promover el uso de cubrebocas y la higiene de manos. &nbsp;&nbsp;La \u00fanica forma de vencerlo es refrendar el compromiso del gobierno mexicano con la ciencia, dejar de denostar a los cient\u00edficos y darle es apoyo financiero para M\u00e9xico sea no nada m\u00e1s el que est\u00e1 recibiendo los beneficios de la ciencia que hacen otros sino recuperar el papel que ha tenido la ciencia mexicana en el desarrollo de la ciencia y esas tecnolog\u00edas que son las que nos van a permitir resolver estas crisis.&nbsp;Dijo Chertorivski que a Julio Frenk lo buscan en todo el mundo para escuchar sus consejos y en M\u00e9xico no lo escuchan. \u201cM\u00e9xico ha sido un caso particular, a un a\u00f1o de la pandemia aqu\u00ed no hay control, lo que se vive es una aceleraci\u00f3n de los casos que iniciaron con el primer contacto oficial en el \u00faltimo d\u00eda de febrero y que nunca han controlado\u201d.&nbsp;Por su parte, el doctor Antonio Lazcano dijo que lo \u00fanico que se puede ver ahora es el desd\u00e9n del gobierno a todos los que han hecho cr\u00edticas absolutamente bien intencionadas para c\u00f3mo tratar de enfrentar y resolver el problema; \u201cyo lo que veo es un autismo pol\u00edtico por parte del Estado,&nbsp; del gobierno, que est\u00e1 encerrado en s\u00ed mismo y se niega a escuchar a los dem\u00e1s\u201d.&nbsp;Y concluy\u00f3 que lo que m\u00e1s le preocupa en t\u00e9rminos pol\u00edticos es esa negativa de las autoridades federales y en particular de las autoridades de salud a atender las cr\u00edticas y recomendaciones de la comunidad acad\u00e9mica, \u201ces como si M\u00e9xico no existieran los expertos\u201d. maf Publicaci\u00f3n Original: https:\/\/www.eluniversal.com.mx\/cultura\/es-momento-ya-de-imponer-en-mexico-el-uso-obligatorio-universal-del-cubrebocas-julio-frenk<\/p>\n","protected":false},"author":1,"featured_media":22346,"comment_status":"open","ping_status":"closed","sticky":false,"template":"","format":"standard","meta":{"_monsterinsights_skip_tracking":false,"_uf_show_specific_survey":0,"_uf_disable_surveys":false,"footnotes":""},"categories":[36],"tags":[],"class_list":["post-22342","post","type-post","status-publish","format-standard","has-post-thumbnail","hentry","category-el-mundo"],"yoast_head":"<!-- This site is optimized with the Yoast SEO plugin v27.5 - https:\/\/yoast.com\/product\/yoast-seo-wordpress\/ -->\n<title>&#034;Es momento ya de imponer en M\u00e9xico el uso obligatorio universal del cubrebocas&#034;: Julio Frenk - Fer Abrajan<\/title>\n<meta name=\"robots\" content=\"index, follow, max-snippet:-1, max-image-preview:large, max-video-preview:-1\" \/>\n<link rel=\"canonical\" href=\"https:\/\/ferabrajan.com\/portal\/2020\/12\/07\/es-momento-ya-de-imponer-en-mexico-el-uso-obligatorio-universal-del-cubrebocas-julio-frenk\/\" \/>\n<meta property=\"og:locale\" content=\"es_ES\" \/>\n<meta property=\"og:type\" content=\"article\" \/>\n<meta property=\"og:title\" content=\"&#034;Es momento ya de imponer en M\u00e9xico el uso obligatorio universal del cubrebocas&#034;: Julio Frenk - Fer Abrajan\" \/>\n<meta property=\"og:description\" content=\"El doctor y ex secretario de salud,&nbsp;Julio Frenk, asegur\u00f3 que es momento de que el gobierno de M\u00e9xico reconozca que su estrategia de control contra el Covid-19 no funcion\u00f3, que imponga el uso obligatorio de cubrebocas y dedicar los pr\u00f3ximos meses a tratar de prevenir el mayor n\u00famero de contagios y muertes.&nbsp;\u201cEs momento de reconocer que la estrategia no funcion\u00f3, es momento ya de imponer el uso obligatorio universal del cubrebocas y dejar de confundir a la gente; es momento de se\u00f1alar que s\u00ed se necesitan pruebas y multiplicar el n\u00famero de pruebas y evitar m\u00e1s muertes. Al ritmo que vamos para finales de este a\u00f1o las muertes por Covid 19 van a ser la causa n\u00famero uno de muertes de nuestro pa\u00eds, m\u00e1s que el c\u00e1ncer, m\u00e1s que los infartos, m\u00e1s que la diabetes\u201d, se\u00f1al\u00f3 el doctor Frenk.&nbsp;Durante su participaci\u00f3n en la Feria Internacional del Libro de Guadalajara, donde estuvo acompa\u00f1ado de Salom\u00f3n Chertorivski, Antonio Lazcano y Ram\u00f3n S\u00e1nchez Pi\u00f1a, en una mesa donde hablaron de \u201cEnfermedades y remedios\u201d, el doctor Frenk asegur\u00f3 que esto es un \u201cretroceso may\u00fasculo\u201d pues en M\u00e9xico ten\u00eda 35 a\u00f1os de no tener una enfermedad infecciosa como causa n\u00famero uno de muerte.&nbsp;Dijo que lo que hay que hacer ahora es reconocer que el rumbo que se ha tomado es el equivocado, tomar medidas inmediatas y preparar los sistemas de distribuci\u00f3n y de log\u00edstica para que una vez que la vacuna est\u00e9 disponible se puedan distribuir y hacerla llegar en condiciones \u00f3ptimas.&nbsp;\u201cEs el momento de enmendar el rumbo y reconocer el valor de la ciencia mexicana, es doloroso que justo cuando se estos anuncios de los frutos de la ciencia en M\u00e9xico se toman decisiones como cancelar los fideicomisos que es un golpe fatal a la ciencia en M\u00e9xico, es momento de salir del oscurantismo en el que se ha hundido el Conacyt, porque a lo que se est\u00e1 condenando a M\u00e9xico es la dependencia tecnol\u00f3gica\u201d, dijo Frenk.&nbsp;Todos coincidieron en la estrategia equivocada que emprendi\u00f3 M\u00e9xico y en que debe cambiar de rumbo; sin embargo Chertorivski descart\u00f3 que el gobierno quiero hacerlo, porque lo que dijo que el \u00fanico camino que queda es una gran campa\u00f1a de concientizaci\u00f3n nacional por todos los medios para promover el uso de cubrebocas y la higiene de manos. &nbsp;&nbsp;La \u00fanica forma de vencerlo es refrendar el compromiso del gobierno mexicano con la ciencia, dejar de denostar a los cient\u00edficos y darle es apoyo financiero para M\u00e9xico sea no nada m\u00e1s el que est\u00e1 recibiendo los beneficios de la ciencia que hacen otros sino recuperar el papel que ha tenido la ciencia mexicana en el desarrollo de la ciencia y esas tecnolog\u00edas que son las que nos van a permitir resolver estas crisis.&nbsp;Dijo Chertorivski que a Julio Frenk lo buscan en todo el mundo para escuchar sus consejos y en M\u00e9xico no lo escuchan. \u201cM\u00e9xico ha sido un caso particular, a un a\u00f1o de la pandemia aqu\u00ed no hay control, lo que se vive es una aceleraci\u00f3n de los casos que iniciaron con el primer contacto oficial en el \u00faltimo d\u00eda de febrero y que nunca han controlado\u201d.&nbsp;Por su parte, el doctor Antonio Lazcano dijo que lo \u00fanico que se puede ver ahora es el desd\u00e9n del gobierno a todos los que han hecho cr\u00edticas absolutamente bien intencionadas para c\u00f3mo tratar de enfrentar y resolver el problema; \u201cyo lo que veo es un autismo pol\u00edtico por parte del Estado,&nbsp; del gobierno, que est\u00e1 encerrado en s\u00ed mismo y se niega a escuchar a los dem\u00e1s\u201d.&nbsp;Y concluy\u00f3 que lo que m\u00e1s le preocupa en t\u00e9rminos pol\u00edticos es esa negativa de las autoridades federales y en particular de las autoridades de salud a atender las cr\u00edticas y recomendaciones de la comunidad acad\u00e9mica, \u201ces como si M\u00e9xico no existieran los expertos\u201d. maf Publicaci\u00f3n Original: https:\/\/www.eluniversal.com.mx\/cultura\/es-momento-ya-de-imponer-en-mexico-el-uso-obligatorio-universal-del-cubrebocas-julio-frenk\" \/>\n<meta property=\"og:url\" content=\"https:\/\/ferabrajan.com\/portal\/2020\/12\/07\/es-momento-ya-de-imponer-en-mexico-el-uso-obligatorio-universal-del-cubrebocas-julio-frenk\/\" \/>\n<meta property=\"og:site_name\" content=\"Fer Abrajan\" \/>\n<meta property=\"article:publisher\" content=\"https:\/\/www.facebook.com\/NoticiasconFerAbrajan\/\" \/>\n<meta property=\"article:published_time\" content=\"2020-12-07T06:08:00+00:00\" \/>\n<meta name=\"author\" content=\"admin\" \/>\n<meta name=\"twitter:card\" content=\"summary_large_image\" \/>\n<meta name=\"twitter:creator\" content=\"@ferabrajan1\" \/>\n<meta name=\"twitter:site\" content=\"@ferabrajan1\" \/>\n<meta name=\"twitter:label1\" content=\"Escrito por\" \/>\n\t<meta name=\"twitter:data1\" content=\"admin\" \/>\n\t<meta name=\"twitter:label2\" content=\"Tiempo de lectura\" \/>\n\t<meta name=\"twitter:data2\" content=\"4 minutos\" \/>\n<script type=\"application\/ld+json\" class=\"yoast-schema-graph\">{\"@context\":\"https:\\\/\\\/schema.org\",\"@graph\":[{\"@type\":\"Article\",\"@id\":\"https:\\\/\\\/ferabrajan.com\\\/portal\\\/2020\\\/12\\\/07\\\/es-momento-ya-de-imponer-en-mexico-el-uso-obligatorio-universal-del-cubrebocas-julio-frenk\\\/#article\",\"isPartOf\":{\"@id\":\"https:\\\/\\\/ferabrajan.com\\\/portal\\\/2020\\\/12\\\/07\\\/es-momento-ya-de-imponer-en-mexico-el-uso-obligatorio-universal-del-cubrebocas-julio-frenk\\\/\"},\"author\":{\"name\":\"admin\",\"@id\":\"https:\\\/\\\/ferabrajan.com\\\/portal\\\/#\\\/schema\\\/person\\\/f6113b3cb1e036d5c6a9505685b257ba\"},\"headline\":\"&#034;Es momento ya de imponer en M\u00e9xico el uso obligatorio universal del cubrebocas&#034;: Julio Frenk\",\"datePublished\":\"2020-12-07T06:08:00+00:00\",\"mainEntityOfPage\":{\"@id\":\"https:\\\/\\\/ferabrajan.com\\\/portal\\\/2020\\\/12\\\/07\\\/es-momento-ya-de-imponer-en-mexico-el-uso-obligatorio-universal-del-cubrebocas-julio-frenk\\\/\"},\"wordCount\":728,\"commentCount\":0,\"publisher\":{\"@id\":\"https:\\\/\\\/ferabrajan.com\\\/portal\\\/#organization\"},\"image\":{\"@id\":\"https:\\\/\\\/ferabrajan.com\\\/portal\\\/2020\\\/12\\\/07\\\/es-momento-ya-de-imponer-en-mexico-el-uso-obligatorio-universal-del-cubrebocas-julio-frenk\\\/#primaryimage\"},\"thumbnailUrl\":\"\",\"articleSection\":[\"El Mundo\"],\"inLanguage\":\"es\"},{\"@type\":\"WebPage\",\"@id\":\"https:\\\/\\\/ferabrajan.com\\\/portal\\\/2020\\\/12\\\/07\\\/es-momento-ya-de-imponer-en-mexico-el-uso-obligatorio-universal-del-cubrebocas-julio-frenk\\\/\",\"url\":\"https:\\\/\\\/ferabrajan.com\\\/portal\\\/2020\\\/12\\\/07\\\/es-momento-ya-de-imponer-en-mexico-el-uso-obligatorio-universal-del-cubrebocas-julio-frenk\\\/\",\"name\":\"&#034;Es momento ya de imponer en M\u00e9xico el uso obligatorio universal del cubrebocas&#034;: Julio Frenk - Fer Abrajan\",\"isPartOf\":{\"@id\":\"https:\\\/\\\/ferabrajan.com\\\/portal\\\/#website\"},\"primaryImageOfPage\":{\"@id\":\"https:\\\/\\\/ferabrajan.com\\\/portal\\\/2020\\\/12\\\/07\\\/es-momento-ya-de-imponer-en-mexico-el-uso-obligatorio-universal-del-cubrebocas-julio-frenk\\\/#primaryimage\"},\"image\":{\"@id\":\"https:\\\/\\\/ferabrajan.com\\\/portal\\\/2020\\\/12\\\/07\\\/es-momento-ya-de-imponer-en-mexico-el-uso-obligatorio-universal-del-cubrebocas-julio-frenk\\\/#primaryimage\"},\"thumbnailUrl\":\"\",\"datePublished\":\"2020-12-07T06:08:00+00:00\",\"breadcrumb\":{\"@id\":\"https:\\\/\\\/ferabrajan.com\\\/portal\\\/2020\\\/12\\\/07\\\/es-momento-ya-de-imponer-en-mexico-el-uso-obligatorio-universal-del-cubrebocas-julio-frenk\\\/#breadcrumb\"},\"inLanguage\":\"es\",\"potentialAction\":[{\"@type\":\"ReadAction\",\"target\":[\"https:\\\/\\\/ferabrajan.com\\\/portal\\\/2020\\\/12\\\/07\\\/es-momento-ya-de-imponer-en-mexico-el-uso-obligatorio-universal-del-cubrebocas-julio-frenk\\\/\"]}]},{\"@type\":\"ImageObject\",\"inLanguage\":\"es\",\"@id\":\"https:\\\/\\\/ferabrajan.com\\\/portal\\\/2020\\\/12\\\/07\\\/es-momento-ya-de-imponer-en-mexico-el-uso-obligatorio-universal-del-cubrebocas-julio-frenk\\\/#primaryimage\",\"url\":\"\",\"contentUrl\":\"\"},{\"@type\":\"BreadcrumbList\",\"@id\":\"https:\\\/\\\/ferabrajan.com\\\/portal\\\/2020\\\/12\\\/07\\\/es-momento-ya-de-imponer-en-mexico-el-uso-obligatorio-universal-del-cubrebocas-julio-frenk\\\/#breadcrumb\",\"itemListElement\":[{\"@type\":\"ListItem\",\"position\":1,\"name\":\"Portada\",\"item\":\"https:\\\/\\\/ferabrajan.com\\\/portal\\\/\"},{\"@type\":\"ListItem\",\"position\":2,\"name\":\"&#034;Es momento ya de imponer en M\u00e9xico el uso obligatorio universal del cubrebocas&#034;: Julio Frenk\"}]},{\"@type\":\"WebSite\",\"@id\":\"https:\\\/\\\/ferabrajan.com\\\/portal\\\/#website\",\"url\":\"https:\\\/\\\/ferabrajan.com\\\/portal\\\/\",\"name\":\"Fer Abrajan\",\"description\":\"Noticias de Puebla, opini\u00f3n y radio en vivo\",\"publisher\":{\"@id\":\"https:\\\/\\\/ferabrajan.com\\\/portal\\\/#organization\"},\"potentialAction\":[{\"@type\":\"SearchAction\",\"target\":{\"@type\":\"EntryPoint\",\"urlTemplate\":\"https:\\\/\\\/ferabrajan.com\\\/portal\\\/?s={search_term_string}\"},\"query-input\":{\"@type\":\"PropertyValueSpecification\",\"valueRequired\":true,\"valueName\":\"search_term_string\"}}],\"inLanguage\":\"es\"},{\"@type\":\"Organization\",\"@id\":\"https:\\\/\\\/ferabrajan.com\\\/portal\\\/#organization\",\"name\":\"Fer Abrajan\",\"url\":\"https:\\\/\\\/ferabrajan.com\\\/portal\\\/\",\"logo\":{\"@type\":\"ImageObject\",\"inLanguage\":\"es\",\"@id\":\"https:\\\/\\\/ferabrajan.com\\\/portal\\\/#\\\/schema\\\/logo\\\/image\\\/\",\"url\":\"https:\\\/\\\/ferabrajan.com\\\/portal\\\/wp-content\\\/uploads\\\/2024\\\/10\\\/cropped-logo.jpeg\",\"contentUrl\":\"https:\\\/\\\/ferabrajan.com\\\/portal\\\/wp-content\\\/uploads\\\/2024\\\/10\\\/cropped-logo.jpeg\",\"width\":500,\"height\":250,\"caption\":\"Fer Abrajan\"},\"image\":{\"@id\":\"https:\\\/\\\/ferabrajan.com\\\/portal\\\/#\\\/schema\\\/logo\\\/image\\\/\"},\"sameAs\":[\"https:\\\/\\\/www.facebook.com\\\/NoticiasconFerAbrajan\\\/\",\"https:\\\/\\\/x.com\\\/ferabrajan1\"]},{\"@type\":\"Person\",\"@id\":\"https:\\\/\\\/ferabrajan.com\\\/portal\\\/#\\\/schema\\\/person\\\/f6113b3cb1e036d5c6a9505685b257ba\",\"name\":\"admin\",\"image\":{\"@type\":\"ImageObject\",\"inLanguage\":\"es\",\"@id\":\"https:\\\/\\\/secure.gravatar.com\\\/avatar\\\/072baa72775aad53c748dfc5d3048578e01b6c087eef335459ebfa04344e2d18?s=96&d=mm&r=g\",\"url\":\"https:\\\/\\\/secure.gravatar.com\\\/avatar\\\/072baa72775aad53c748dfc5d3048578e01b6c087eef335459ebfa04344e2d18?s=96&d=mm&r=g\",\"contentUrl\":\"https:\\\/\\\/secure.gravatar.com\\\/avatar\\\/072baa72775aad53c748dfc5d3048578e01b6c087eef335459ebfa04344e2d18?s=96&d=mm&r=g\",\"caption\":\"admin\"},\"sameAs\":[\"https:\\\/\\\/ferabrajan.com\\\/portal\"],\"url\":\"https:\\\/\\\/ferabrajan.com\\\/portal\\\/author\\\/admin\\\/\"}]}<\/script>\n<!-- \/ Yoast SEO plugin. -->","yoast_head_json":{"title":"&#034;Es momento ya de imponer en M\u00e9xico el uso obligatorio universal del cubrebocas&#034;: Julio Frenk - Fer Abrajan","robots":{"index":"index","follow":"follow","max-snippet":"max-snippet:-1","max-image-preview":"max-image-preview:large","max-video-preview":"max-video-preview:-1"},"canonical":"https:\/\/ferabrajan.com\/portal\/2020\/12\/07\/es-momento-ya-de-imponer-en-mexico-el-uso-obligatorio-universal-del-cubrebocas-julio-frenk\/","og_locale":"es_ES","og_type":"article","og_title":"&#034;Es momento ya de imponer en M\u00e9xico el uso obligatorio universal del cubrebocas&#034;: Julio Frenk - Fer Abrajan","og_description":"El doctor y ex secretario de salud,&nbsp;Julio Frenk, asegur\u00f3 que es momento de que el gobierno de M\u00e9xico reconozca que su estrategia de control contra el Covid-19 no funcion\u00f3, que imponga el uso obligatorio de cubrebocas y dedicar los pr\u00f3ximos meses a tratar de prevenir el mayor n\u00famero de contagios y muertes.&nbsp;\u201cEs momento de reconocer que la estrategia no funcion\u00f3, es momento ya de imponer el uso obligatorio universal del cubrebocas y dejar de confundir a la gente; es momento de se\u00f1alar que s\u00ed se necesitan pruebas y multiplicar el n\u00famero de pruebas y evitar m\u00e1s muertes. Al ritmo que vamos para finales de este a\u00f1o las muertes por Covid 19 van a ser la causa n\u00famero uno de muertes de nuestro pa\u00eds, m\u00e1s que el c\u00e1ncer, m\u00e1s que los infartos, m\u00e1s que la diabetes\u201d, se\u00f1al\u00f3 el doctor Frenk.&nbsp;Durante su participaci\u00f3n en la Feria Internacional del Libro de Guadalajara, donde estuvo acompa\u00f1ado de Salom\u00f3n Chertorivski, Antonio Lazcano y Ram\u00f3n S\u00e1nchez Pi\u00f1a, en una mesa donde hablaron de \u201cEnfermedades y remedios\u201d, el doctor Frenk asegur\u00f3 que esto es un \u201cretroceso may\u00fasculo\u201d pues en M\u00e9xico ten\u00eda 35 a\u00f1os de no tener una enfermedad infecciosa como causa n\u00famero uno de muerte.&nbsp;Dijo que lo que hay que hacer ahora es reconocer que el rumbo que se ha tomado es el equivocado, tomar medidas inmediatas y preparar los sistemas de distribuci\u00f3n y de log\u00edstica para que una vez que la vacuna est\u00e9 disponible se puedan distribuir y hacerla llegar en condiciones \u00f3ptimas.&nbsp;\u201cEs el momento de enmendar el rumbo y reconocer el valor de la ciencia mexicana, es doloroso que justo cuando se estos anuncios de los frutos de la ciencia en M\u00e9xico se toman decisiones como cancelar los fideicomisos que es un golpe fatal a la ciencia en M\u00e9xico, es momento de salir del oscurantismo en el que se ha hundido el Conacyt, porque a lo que se est\u00e1 condenando a M\u00e9xico es la dependencia tecnol\u00f3gica\u201d, dijo Frenk.&nbsp;Todos coincidieron en la estrategia equivocada que emprendi\u00f3 M\u00e9xico y en que debe cambiar de rumbo; sin embargo Chertorivski descart\u00f3 que el gobierno quiero hacerlo, porque lo que dijo que el \u00fanico camino que queda es una gran campa\u00f1a de concientizaci\u00f3n nacional por todos los medios para promover el uso de cubrebocas y la higiene de manos. &nbsp;&nbsp;La \u00fanica forma de vencerlo es refrendar el compromiso del gobierno mexicano con la ciencia, dejar de denostar a los cient\u00edficos y darle es apoyo financiero para M\u00e9xico sea no nada m\u00e1s el que est\u00e1 recibiendo los beneficios de la ciencia que hacen otros sino recuperar el papel que ha tenido la ciencia mexicana en el desarrollo de la ciencia y esas tecnolog\u00edas que son las que nos van a permitir resolver estas crisis.&nbsp;Dijo Chertorivski que a Julio Frenk lo buscan en todo el mundo para escuchar sus consejos y en M\u00e9xico no lo escuchan. \u201cM\u00e9xico ha sido un caso particular, a un a\u00f1o de la pandemia aqu\u00ed no hay control, lo que se vive es una aceleraci\u00f3n de los casos que iniciaron con el primer contacto oficial en el \u00faltimo d\u00eda de febrero y que nunca han controlado\u201d.&nbsp;Por su parte, el doctor Antonio Lazcano dijo que lo \u00fanico que se puede ver ahora es el desd\u00e9n del gobierno a todos los que han hecho cr\u00edticas absolutamente bien intencionadas para c\u00f3mo tratar de enfrentar y resolver el problema; \u201cyo lo que veo es un autismo pol\u00edtico por parte del Estado,&nbsp; del gobierno, que est\u00e1 encerrado en s\u00ed mismo y se niega a escuchar a los dem\u00e1s\u201d.&nbsp;Y concluy\u00f3 que lo que m\u00e1s le preocupa en t\u00e9rminos pol\u00edticos es esa negativa de las autoridades federales y en particular de las autoridades de salud a atender las cr\u00edticas y recomendaciones de la comunidad acad\u00e9mica, \u201ces como si M\u00e9xico no existieran los expertos\u201d. maf Publicaci\u00f3n Original: https:\/\/www.eluniversal.com.mx\/cultura\/es-momento-ya-de-imponer-en-mexico-el-uso-obligatorio-universal-del-cubrebocas-julio-frenk","og_url":"https:\/\/ferabrajan.com\/portal\/2020\/12\/07\/es-momento-ya-de-imponer-en-mexico-el-uso-obligatorio-universal-del-cubrebocas-julio-frenk\/","og_site_name":"Fer Abrajan","article_publisher":"https:\/\/www.facebook.com\/NoticiasconFerAbrajan\/","article_published_time":"2020-12-07T06:08:00+00:00","author":"admin","twitter_card":"summary_large_image","twitter_creator":"@ferabrajan1","twitter_site":"@ferabrajan1","twitter_misc":{"Escrito por":"admin","Tiempo de lectura":"4 minutos"},"schema":{"@context":"https:\/\/schema.org","@graph":[{"@type":"Article","@id":"https:\/\/ferabrajan.com\/portal\/2020\/12\/07\/es-momento-ya-de-imponer-en-mexico-el-uso-obligatorio-universal-del-cubrebocas-julio-frenk\/#article","isPartOf":{"@id":"https:\/\/ferabrajan.com\/portal\/2020\/12\/07\/es-momento-ya-de-imponer-en-mexico-el-uso-obligatorio-universal-del-cubrebocas-julio-frenk\/"},"author":{"name":"admin","@id":"https:\/\/ferabrajan.com\/portal\/#\/schema\/person\/f6113b3cb1e036d5c6a9505685b257ba"},"headline":"&#034;Es momento ya de imponer en M\u00e9xico el uso obligatorio universal del cubrebocas&#034;: Julio Frenk","datePublished":"2020-12-07T06:08:00+00:00","mainEntityOfPage":{"@id":"https:\/\/ferabrajan.com\/portal\/2020\/12\/07\/es-momento-ya-de-imponer-en-mexico-el-uso-obligatorio-universal-del-cubrebocas-julio-frenk\/"},"wordCount":728,"commentCount":0,"publisher":{"@id":"https:\/\/ferabrajan.com\/portal\/#organization"},"image":{"@id":"https:\/\/ferabrajan.com\/portal\/2020\/12\/07\/es-momento-ya-de-imponer-en-mexico-el-uso-obligatorio-universal-del-cubrebocas-julio-frenk\/#primaryimage"},"thumbnailUrl":"","articleSection":["El Mundo"],"inLanguage":"es"},{"@type":"WebPage","@id":"https:\/\/ferabrajan.com\/portal\/2020\/12\/07\/es-momento-ya-de-imponer-en-mexico-el-uso-obligatorio-universal-del-cubrebocas-julio-frenk\/","url":"https:\/\/ferabrajan.com\/portal\/2020\/12\/07\/es-momento-ya-de-imponer-en-mexico-el-uso-obligatorio-universal-del-cubrebocas-julio-frenk\/","name":"&#034;Es momento ya de imponer en M\u00e9xico el uso obligatorio universal del cubrebocas&#034;: Julio Frenk - Fer Abrajan","isPartOf":{"@id":"https:\/\/ferabrajan.com\/portal\/#website"},"primaryImageOfPage":{"@id":"https:\/\/ferabrajan.com\/portal\/2020\/12\/07\/es-momento-ya-de-imponer-en-mexico-el-uso-obligatorio-universal-del-cubrebocas-julio-frenk\/#primaryimage"},"image":{"@id":"https:\/\/ferabrajan.com\/portal\/2020\/12\/07\/es-momento-ya-de-imponer-en-mexico-el-uso-obligatorio-universal-del-cubrebocas-julio-frenk\/#primaryimage"},"thumbnailUrl":"","datePublished":"2020-12-07T06:08:00+00:00","breadcrumb":{"@id":"https:\/\/ferabrajan.com\/portal\/2020\/12\/07\/es-momento-ya-de-imponer-en-mexico-el-uso-obligatorio-universal-del-cubrebocas-julio-frenk\/#breadcrumb"},"inLanguage":"es","potentialAction":[{"@type":"ReadAction","target":["https:\/\/ferabrajan.com\/portal\/2020\/12\/07\/es-momento-ya-de-imponer-en-mexico-el-uso-obligatorio-universal-del-cubrebocas-julio-frenk\/"]}]},{"@type":"ImageObject","inLanguage":"es","@id":"https:\/\/ferabrajan.com\/portal\/2020\/12\/07\/es-momento-ya-de-imponer-en-mexico-el-uso-obligatorio-universal-del-cubrebocas-julio-frenk\/#primaryimage","url":"","contentUrl":""},{"@type":"BreadcrumbList","@id":"https:\/\/ferabrajan.com\/portal\/2020\/12\/07\/es-momento-ya-de-imponer-en-mexico-el-uso-obligatorio-universal-del-cubrebocas-julio-frenk\/#breadcrumb","itemListElement":[{"@type":"ListItem","position":1,"name":"Portada","item":"https:\/\/ferabrajan.com\/portal\/"},{"@type":"ListItem","position":2,"name":"&#034;Es momento ya de imponer en M\u00e9xico el uso obligatorio universal del cubrebocas&#034;: Julio Frenk"}]},{"@type":"WebSite","@id":"https:\/\/ferabrajan.com\/portal\/#website","url":"https:\/\/ferabrajan.com\/portal\/","name":"Fer Abrajan","description":"Noticias de Puebla, opini\u00f3n y radio en vivo","publisher":{"@id":"https:\/\/ferabrajan.com\/portal\/#organization"},"potentialAction":[{"@type":"SearchAction","target":{"@type":"EntryPoint","urlTemplate":"https:\/\/ferabrajan.com\/portal\/?s={search_term_string}"},"query-input":{"@type":"PropertyValueSpecification","valueRequired":true,"valueName":"search_term_string"}}],"inLanguage":"es"},{"@type":"Organization","@id":"https:\/\/ferabrajan.com\/portal\/#organization","name":"Fer Abrajan","url":"https:\/\/ferabrajan.com\/portal\/","logo":{"@type":"ImageObject","inLanguage":"es","@id":"https:\/\/ferabrajan.com\/portal\/#\/schema\/logo\/image\/","url":"https:\/\/ferabrajan.com\/portal\/wp-content\/uploads\/2024\/10\/cropped-logo.jpeg","contentUrl":"https:\/\/ferabrajan.com\/portal\/wp-content\/uploads\/2024\/10\/cropped-logo.jpeg","width":500,"height":250,"caption":"Fer Abrajan"},"image":{"@id":"https:\/\/ferabrajan.com\/portal\/#\/schema\/logo\/image\/"},"sameAs":["https:\/\/www.facebook.com\/NoticiasconFerAbrajan\/","https:\/\/x.com\/ferabrajan1"]},{"@type":"Person","@id":"https:\/\/ferabrajan.com\/portal\/#\/schema\/person\/f6113b3cb1e036d5c6a9505685b257ba","name":"admin","image":{"@type":"ImageObject","inLanguage":"es","@id":"https:\/\/secure.gravatar.com\/avatar\/072baa72775aad53c748dfc5d3048578e01b6c087eef335459ebfa04344e2d18?s=96&d=mm&r=g","url":"https:\/\/secure.gravatar.com\/avatar\/072baa72775aad53c748dfc5d3048578e01b6c087eef335459ebfa04344e2d18?s=96&d=mm&r=g","contentUrl":"https:\/\/secure.gravatar.com\/avatar\/072baa72775aad53c748dfc5d3048578e01b6c087eef335459ebfa04344e2d18?s=96&d=mm&r=g","caption":"admin"},"sameAs":["https:\/\/ferabrajan.com\/portal"],"url":"https:\/\/ferabrajan.com\/portal\/author\/admin\/"}]}},"_links":{"self":[{"href":"https:\/\/ferabrajan.com\/portal\/wp-json\/wp\/v2\/posts\/22342","targetHints":{"allow":["GET"]}}],"collection":[{"href":"https:\/\/ferabrajan.com\/portal\/wp-json\/wp\/v2\/posts"}],"about":[{"href":"https:\/\/ferabrajan.com\/portal\/wp-json\/wp\/v2\/types\/post"}],"author":[{"embeddable":true,"href":"https:\/\/ferabrajan.com\/portal\/wp-json\/wp\/v2\/users\/1"}],"replies":[{"embeddable":true,"href":"https:\/\/ferabrajan.com\/portal\/wp-json\/wp\/v2\/comments?post=22342"}],"version-history":[{"count":0,"href":"https:\/\/ferabrajan.com\/portal\/wp-json\/wp\/v2\/posts\/22342\/revisions"}],"wp:attachment":[{"href":"https:\/\/ferabrajan.com\/portal\/wp-json\/wp\/v2\/media?parent=22342"}],"wp:term":[{"taxonomy":"category","embeddable":true,"href":"https:\/\/ferabrajan.com\/portal\/wp-json\/wp\/v2\/categories?post=22342"},{"taxonomy":"post_tag","embeddable":true,"href":"https:\/\/ferabrajan.com\/portal\/wp-json\/wp\/v2\/tags?post=22342"}],"curies":[{"name":"wp","href":"https:\/\/api.w.org\/{rel}","templated":true}]}}