{"id":22332,"date":"2020-12-07T06:18:00","date_gmt":"2020-12-07T06:18:00","guid":{"rendered":"http:\/\/www.ferabrajan.com\/2020\/12\/07\/yuri-habla-de-romance-entre-emilio-osorio-y-karol-sevilla-en-quien-es-la-mascara\/"},"modified":"2020-12-07T06:18:00","modified_gmt":"2020-12-07T06:18:00","slug":"yuri-habla-de-romance-entre-emilio-osorio-y-karol-sevilla-en-quien-es-la-mascara","status":"publish","type":"post","link":"https:\/\/ferabrajan.com\/portal\/2020\/12\/07\/yuri-habla-de-romance-entre-emilio-osorio-y-karol-sevilla-en-quien-es-la-mascara\/","title":{"rendered":"Yuri habla de romance entre Emilio Osorio y Karol Sevilla en Qui\u00e9n es la M\u00e1scara"},"content":{"rendered":"<div><img decoding=\"async\" src=\"https:\/\/www.eluniversal.com.mx\/sites\/default\/files\/2020\/12\/07\/yuri.jpg\" class=\"ff-og-image-inserted\"><\/div>\n<p>Este domingo <a href=\"https:\/\/www.eluniversal.com.mx\/espectaculos\" target=\"_blank\" rel=\"noopener noreferrer\"><strong>Yuri<\/strong><\/a> puso en aprietos a <strong>Karol Sevilla<\/strong> y a <strong>Emilio Osorio<\/strong>, ya que una de sus apuestas de la noche es que detr\u00e1s de Zombie se encontraba Emilio, el hijo de <strong>Juan Osorio<\/strong>, y que la referencia a un coraz\u00f3n roto que hab\u00eda hecho era por su ruptura con la joven cantante, a lo que los dem\u00e1s investigadores pusieron cara de sorpresa. Yuri agreg\u00f3 que eso lo hab\u00eda escuchado por los pasillos, pero gener\u00f3 que Emilio se volviera tendencia en redes sociales.<\/p>\n<blockquote class=\"twitter-tweet\">\n<p dir=\"ltr\" lang=\"es\" xml:lang=\"es\">Emilio Osorio enter\u00e1ndose que fue novio de Karol Sevilla<a href=\"https:\/\/twitter.com\/hashtag\/Qui%C3%A9nEsLaM%C3%A1scara?src=hash&amp;ref_src=twsrc%5Etfw\">#Qui\u00e9nEsLaM\u00e1scara<\/a> <a href=\"https:\/\/t.co\/UvBCJFWME1\">pic.twitter.com\/UvBCJFWME1<\/a><\/p>\n<p>\u2014 edu putifan&nbsp;(@roseswushu) <a href=\"https:\/\/twitter.com\/roseswushu\/status\/1335777827778650114?ref_src=twsrc%5Etfw\">December 7, 2020<\/a><\/p>\n<\/blockquote>\n<p>Durante la primera participaci\u00f3n de Disco Ball, dio una pista sobre la muerte de su segunda madre, es decir, su abuelita, por lo que <strong>Carlos Rivera<\/strong> no dud\u00f3 ni un segundo y cant\u00f3 Recuerdame, haciendo llorar a los dem\u00e1s investigadores y hasta a Disco Ball.<\/p>\n<p><strong>Tambi\u00e9n lee:<\/strong>&nbsp;<a href=\"https:\/\/www.eluniversal.com.mx\/espectaculos\/consuelo-duval-y-carlos-rivera-atinan-al-nombre-de-unicornio-en-quien-es-la-mascara\" target=\"_blank\" rel=\"noopener noreferrer\"><strong>Consuelo Duval y Carlos Rivera atinan al nombre de Unicornio en \u00bfQui\u00e9n es la m\u00e1scara?<\/strong><\/a><\/p>\n<p><strong>Juanpa Zurita<\/strong> se autonombr\u00f3 \u201cLa g\u00fcera\u201d cuando Carlos Rivera se refiri\u00f3 a \u201cLa G\u00fcera\u201d por algo que estaban platicando, Juapa tom\u00f3 la palabra y dijo \u201cmuchas gracias\u201d, por lo que a lo largo de la noche todos se refirieron a ella como \u201cLa g\u00fcera\u201d Zurita.<\/p>\n<p>Como Consuelo Duval lo hab\u00eda predicho, debajo de Elefante se encontraba Laura Flores, quien fue la primera en quitarse la m\u00e1scara durante la semifinal.<\/p>\n<p>\u201cEsta ha sido una experiencia fuera de serie, me encant\u00f3 estar aqu\u00ed jugar, bajar unos kilitos, en donde no se imaginan\u201d, dijo ella muy contenta.<\/p>\n<p>En la segunda ronda de eliminatoria se enfrentaron Disco Ball, Oso Polar, Mapache y Zombie, pero el p\u00fablico decidi\u00f3 que Zombie fuera el que se quitara la m\u00e1scara. Al final nadie supo qui\u00e9n es porque Omar Chaparro despidi\u00f3 el programa y no ser\u00e1 hasta el siguiente domingo donde se revele su identidad.<\/p>\n<p>Publicaci\u00f3n Original: <a href=\"https:\/\/www.eluniversal.com.mx\/espectaculos\/yuri-habla-de-romance-entre-emilio-osorio-y-karol-sevilla-en-quien-es-la-mascara\" target=\"_blank\" rel=\"noopener noreferrer\">https:\/\/www.eluniversal.com.mx\/espectaculos\/yuri-habla-de-romance-entre-emilio-osorio-y-karol-sevilla-en-quien-es-la-mascara<\/a><\/p>\n","protected":false},"excerpt":{"rendered":"<p>Este domingo Yuri puso en aprietos a Karol Sevilla y a Emilio Osorio, ya que una de sus apuestas de la noche es que detr\u00e1s de Zombie se encontraba Emilio, el hijo de Juan Osorio, y que la referencia a un coraz\u00f3n roto que hab\u00eda hecho era por su ruptura con la joven cantante, a lo que los dem\u00e1s investigadores pusieron cara de sorpresa. Yuri agreg\u00f3 que eso lo hab\u00eda escuchado por los pasillos, pero gener\u00f3 que Emilio se volviera tendencia en redes sociales. Emilio Osorio enter\u00e1ndose que fue novio de Karol Sevilla#Qui\u00e9nEsLaM\u00e1scara pic.twitter.com\/UvBCJFWME1 \u2014 edu putifan&nbsp;(@roseswushu) December 7, 2020 Durante la primera participaci\u00f3n de Disco Ball, dio una pista sobre la muerte de su segunda madre, es decir, su abuelita, por lo que Carlos Rivera no dud\u00f3 ni un segundo y cant\u00f3 Recuerdame, haciendo llorar a los dem\u00e1s investigadores y hasta a Disco Ball. Tambi\u00e9n lee:&nbsp;Consuelo Duval y Carlos Rivera atinan al nombre de Unicornio en \u00bfQui\u00e9n es la m\u00e1scara? Juanpa Zurita se autonombr\u00f3 \u201cLa g\u00fcera\u201d cuando Carlos Rivera se refiri\u00f3 a \u201cLa G\u00fcera\u201d por algo que estaban platicando, Juapa tom\u00f3 la palabra y dijo \u201cmuchas gracias\u201d, por lo que a lo largo de la noche todos se refirieron a ella como \u201cLa g\u00fcera\u201d Zurita. Como Consuelo Duval lo hab\u00eda predicho, debajo de Elefante se encontraba Laura Flores, quien fue la primera en quitarse la m\u00e1scara durante la semifinal. \u201cEsta ha sido una experiencia fuera de serie, me encant\u00f3 estar aqu\u00ed jugar, bajar unos kilitos, en donde no se imaginan\u201d, dijo ella muy contenta. En la segunda ronda de eliminatoria se enfrentaron Disco Ball, Oso Polar, Mapache y Zombie, pero el p\u00fablico decidi\u00f3 que Zombie fuera el que se quitara la m\u00e1scara. Al final nadie supo qui\u00e9n es porque Omar Chaparro despidi\u00f3 el programa y no ser\u00e1 hasta el siguiente domingo donde se revele su identidad. Publicaci\u00f3n Original: https:\/\/www.eluniversal.com.mx\/espectaculos\/yuri-habla-de-romance-entre-emilio-osorio-y-karol-sevilla-en-quien-es-la-mascara<\/p>\n","protected":false},"author":1,"featured_media":22336,"comment_status":"open","ping_status":"closed","sticky":false,"template":"","format":"standard","meta":{"_monsterinsights_skip_tracking":false,"_uf_show_specific_survey":0,"_uf_disable_surveys":false,"footnotes":""},"categories":[36],"tags":[],"class_list":["post-22332","post","type-post","status-publish","format-standard","has-post-thumbnail","hentry","category-el-mundo"],"yoast_head":"<!-- This site is optimized with the Yoast SEO plugin v27.5 - https:\/\/yoast.com\/product\/yoast-seo-wordpress\/ -->\n<title>Yuri habla de romance entre Emilio Osorio y Karol Sevilla en Qui\u00e9n es la M\u00e1scara - Fer Abrajan<\/title>\n<meta name=\"robots\" content=\"index, follow, max-snippet:-1, max-image-preview:large, max-video-preview:-1\" \/>\n<link rel=\"canonical\" href=\"https:\/\/ferabrajan.com\/portal\/2020\/12\/07\/yuri-habla-de-romance-entre-emilio-osorio-y-karol-sevilla-en-quien-es-la-mascara\/\" \/>\n<meta property=\"og:locale\" content=\"es_ES\" \/>\n<meta property=\"og:type\" content=\"article\" \/>\n<meta property=\"og:title\" content=\"Yuri habla de romance entre Emilio Osorio y Karol Sevilla en Qui\u00e9n es la M\u00e1scara - Fer Abrajan\" \/>\n<meta property=\"og:description\" content=\"Este domingo Yuri puso en aprietos a Karol Sevilla y a Emilio Osorio, ya que una de sus apuestas de la noche es que detr\u00e1s de Zombie se encontraba Emilio, el hijo de Juan Osorio, y que la referencia a un coraz\u00f3n roto que hab\u00eda hecho era por su ruptura con la joven cantante, a lo que los dem\u00e1s investigadores pusieron cara de sorpresa. Yuri agreg\u00f3 que eso lo hab\u00eda escuchado por los pasillos, pero gener\u00f3 que Emilio se volviera tendencia en redes sociales. Emilio Osorio enter\u00e1ndose que fue novio de Karol Sevilla#Qui\u00e9nEsLaM\u00e1scara pic.twitter.com\/UvBCJFWME1 \u2014 edu putifan&nbsp;(@roseswushu) December 7, 2020 Durante la primera participaci\u00f3n de Disco Ball, dio una pista sobre la muerte de su segunda madre, es decir, su abuelita, por lo que Carlos Rivera no dud\u00f3 ni un segundo y cant\u00f3 Recuerdame, haciendo llorar a los dem\u00e1s investigadores y hasta a Disco Ball. Tambi\u00e9n lee:&nbsp;Consuelo Duval y Carlos Rivera atinan al nombre de Unicornio en \u00bfQui\u00e9n es la m\u00e1scara? Juanpa Zurita se autonombr\u00f3 \u201cLa g\u00fcera\u201d cuando Carlos Rivera se refiri\u00f3 a \u201cLa G\u00fcera\u201d por algo que estaban platicando, Juapa tom\u00f3 la palabra y dijo \u201cmuchas gracias\u201d, por lo que a lo largo de la noche todos se refirieron a ella como \u201cLa g\u00fcera\u201d Zurita. Como Consuelo Duval lo hab\u00eda predicho, debajo de Elefante se encontraba Laura Flores, quien fue la primera en quitarse la m\u00e1scara durante la semifinal. \u201cEsta ha sido una experiencia fuera de serie, me encant\u00f3 estar aqu\u00ed jugar, bajar unos kilitos, en donde no se imaginan\u201d, dijo ella muy contenta. En la segunda ronda de eliminatoria se enfrentaron Disco Ball, Oso Polar, Mapache y Zombie, pero el p\u00fablico decidi\u00f3 que Zombie fuera el que se quitara la m\u00e1scara. Al final nadie supo qui\u00e9n es porque Omar Chaparro despidi\u00f3 el programa y no ser\u00e1 hasta el siguiente domingo donde se revele su identidad. Publicaci\u00f3n Original: https:\/\/www.eluniversal.com.mx\/espectaculos\/yuri-habla-de-romance-entre-emilio-osorio-y-karol-sevilla-en-quien-es-la-mascara\" \/>\n<meta property=\"og:url\" content=\"https:\/\/ferabrajan.com\/portal\/2020\/12\/07\/yuri-habla-de-romance-entre-emilio-osorio-y-karol-sevilla-en-quien-es-la-mascara\/\" \/>\n<meta property=\"og:site_name\" content=\"Fer Abrajan\" \/>\n<meta property=\"article:publisher\" content=\"https:\/\/www.facebook.com\/NoticiasconFerAbrajan\/\" \/>\n<meta property=\"article:published_time\" content=\"2020-12-07T06:18:00+00:00\" \/>\n<meta name=\"author\" content=\"admin\" \/>\n<meta name=\"twitter:card\" content=\"summary_large_image\" \/>\n<meta name=\"twitter:creator\" content=\"@ferabrajan1\" \/>\n<meta name=\"twitter:site\" content=\"@ferabrajan1\" \/>\n<meta name=\"twitter:label1\" content=\"Escrito por\" \/>\n\t<meta name=\"twitter:data1\" content=\"admin\" \/>\n\t<meta name=\"twitter:label2\" content=\"Tiempo de lectura\" \/>\n\t<meta name=\"twitter:data2\" content=\"2 minutos\" \/>\n<script type=\"application\/ld+json\" class=\"yoast-schema-graph\">{\"@context\":\"https:\\\/\\\/schema.org\",\"@graph\":[{\"@type\":\"Article\",\"@id\":\"https:\\\/\\\/ferabrajan.com\\\/portal\\\/2020\\\/12\\\/07\\\/yuri-habla-de-romance-entre-emilio-osorio-y-karol-sevilla-en-quien-es-la-mascara\\\/#article\",\"isPartOf\":{\"@id\":\"https:\\\/\\\/ferabrajan.com\\\/portal\\\/2020\\\/12\\\/07\\\/yuri-habla-de-romance-entre-emilio-osorio-y-karol-sevilla-en-quien-es-la-mascara\\\/\"},\"author\":{\"name\":\"admin\",\"@id\":\"https:\\\/\\\/ferabrajan.com\\\/portal\\\/#\\\/schema\\\/person\\\/f6113b3cb1e036d5c6a9505685b257ba\"},\"headline\":\"Yuri habla de romance entre Emilio Osorio y Karol Sevilla en Qui\u00e9n es la M\u00e1scara\",\"datePublished\":\"2020-12-07T06:18:00+00:00\",\"mainEntityOfPage\":{\"@id\":\"https:\\\/\\\/ferabrajan.com\\\/portal\\\/2020\\\/12\\\/07\\\/yuri-habla-de-romance-entre-emilio-osorio-y-karol-sevilla-en-quien-es-la-mascara\\\/\"},\"wordCount\":360,\"commentCount\":0,\"publisher\":{\"@id\":\"https:\\\/\\\/ferabrajan.com\\\/portal\\\/#organization\"},\"image\":{\"@id\":\"https:\\\/\\\/ferabrajan.com\\\/portal\\\/2020\\\/12\\\/07\\\/yuri-habla-de-romance-entre-emilio-osorio-y-karol-sevilla-en-quien-es-la-mascara\\\/#primaryimage\"},\"thumbnailUrl\":\"\",\"articleSection\":[\"El Mundo\"],\"inLanguage\":\"es\"},{\"@type\":\"WebPage\",\"@id\":\"https:\\\/\\\/ferabrajan.com\\\/portal\\\/2020\\\/12\\\/07\\\/yuri-habla-de-romance-entre-emilio-osorio-y-karol-sevilla-en-quien-es-la-mascara\\\/\",\"url\":\"https:\\\/\\\/ferabrajan.com\\\/portal\\\/2020\\\/12\\\/07\\\/yuri-habla-de-romance-entre-emilio-osorio-y-karol-sevilla-en-quien-es-la-mascara\\\/\",\"name\":\"Yuri habla de romance entre Emilio Osorio y Karol Sevilla en Qui\u00e9n es la M\u00e1scara - Fer Abrajan\",\"isPartOf\":{\"@id\":\"https:\\\/\\\/ferabrajan.com\\\/portal\\\/#website\"},\"primaryImageOfPage\":{\"@id\":\"https:\\\/\\\/ferabrajan.com\\\/portal\\\/2020\\\/12\\\/07\\\/yuri-habla-de-romance-entre-emilio-osorio-y-karol-sevilla-en-quien-es-la-mascara\\\/#primaryimage\"},\"image\":{\"@id\":\"https:\\\/\\\/ferabrajan.com\\\/portal\\\/2020\\\/12\\\/07\\\/yuri-habla-de-romance-entre-emilio-osorio-y-karol-sevilla-en-quien-es-la-mascara\\\/#primaryimage\"},\"thumbnailUrl\":\"\",\"datePublished\":\"2020-12-07T06:18:00+00:00\",\"breadcrumb\":{\"@id\":\"https:\\\/\\\/ferabrajan.com\\\/portal\\\/2020\\\/12\\\/07\\\/yuri-habla-de-romance-entre-emilio-osorio-y-karol-sevilla-en-quien-es-la-mascara\\\/#breadcrumb\"},\"inLanguage\":\"es\",\"potentialAction\":[{\"@type\":\"ReadAction\",\"target\":[\"https:\\\/\\\/ferabrajan.com\\\/portal\\\/2020\\\/12\\\/07\\\/yuri-habla-de-romance-entre-emilio-osorio-y-karol-sevilla-en-quien-es-la-mascara\\\/\"]}]},{\"@type\":\"ImageObject\",\"inLanguage\":\"es\",\"@id\":\"https:\\\/\\\/ferabrajan.com\\\/portal\\\/2020\\\/12\\\/07\\\/yuri-habla-de-romance-entre-emilio-osorio-y-karol-sevilla-en-quien-es-la-mascara\\\/#primaryimage\",\"url\":\"\",\"contentUrl\":\"\"},{\"@type\":\"BreadcrumbList\",\"@id\":\"https:\\\/\\\/ferabrajan.com\\\/portal\\\/2020\\\/12\\\/07\\\/yuri-habla-de-romance-entre-emilio-osorio-y-karol-sevilla-en-quien-es-la-mascara\\\/#breadcrumb\",\"itemListElement\":[{\"@type\":\"ListItem\",\"position\":1,\"name\":\"Portada\",\"item\":\"https:\\\/\\\/ferabrajan.com\\\/portal\\\/\"},{\"@type\":\"ListItem\",\"position\":2,\"name\":\"Yuri habla de romance entre Emilio Osorio y Karol Sevilla en Qui\u00e9n es la M\u00e1scara\"}]},{\"@type\":\"WebSite\",\"@id\":\"https:\\\/\\\/ferabrajan.com\\\/portal\\\/#website\",\"url\":\"https:\\\/\\\/ferabrajan.com\\\/portal\\\/\",\"name\":\"Fer Abrajan\",\"description\":\"Noticias de Puebla, opini\u00f3n y radio en vivo\",\"publisher\":{\"@id\":\"https:\\\/\\\/ferabrajan.com\\\/portal\\\/#organization\"},\"potentialAction\":[{\"@type\":\"SearchAction\",\"target\":{\"@type\":\"EntryPoint\",\"urlTemplate\":\"https:\\\/\\\/ferabrajan.com\\\/portal\\\/?s={search_term_string}\"},\"query-input\":{\"@type\":\"PropertyValueSpecification\",\"valueRequired\":true,\"valueName\":\"search_term_string\"}}],\"inLanguage\":\"es\"},{\"@type\":\"Organization\",\"@id\":\"https:\\\/\\\/ferabrajan.com\\\/portal\\\/#organization\",\"name\":\"Fer Abrajan\",\"url\":\"https:\\\/\\\/ferabrajan.com\\\/portal\\\/\",\"logo\":{\"@type\":\"ImageObject\",\"inLanguage\":\"es\",\"@id\":\"https:\\\/\\\/ferabrajan.com\\\/portal\\\/#\\\/schema\\\/logo\\\/image\\\/\",\"url\":\"https:\\\/\\\/ferabrajan.com\\\/portal\\\/wp-content\\\/uploads\\\/2024\\\/10\\\/cropped-logo.jpeg\",\"contentUrl\":\"https:\\\/\\\/ferabrajan.com\\\/portal\\\/wp-content\\\/uploads\\\/2024\\\/10\\\/cropped-logo.jpeg\",\"width\":500,\"height\":250,\"caption\":\"Fer Abrajan\"},\"image\":{\"@id\":\"https:\\\/\\\/ferabrajan.com\\\/portal\\\/#\\\/schema\\\/logo\\\/image\\\/\"},\"sameAs\":[\"https:\\\/\\\/www.facebook.com\\\/NoticiasconFerAbrajan\\\/\",\"https:\\\/\\\/x.com\\\/ferabrajan1\"]},{\"@type\":\"Person\",\"@id\":\"https:\\\/\\\/ferabrajan.com\\\/portal\\\/#\\\/schema\\\/person\\\/f6113b3cb1e036d5c6a9505685b257ba\",\"name\":\"admin\",\"image\":{\"@type\":\"ImageObject\",\"inLanguage\":\"es\",\"@id\":\"https:\\\/\\\/secure.gravatar.com\\\/avatar\\\/072baa72775aad53c748dfc5d3048578e01b6c087eef335459ebfa04344e2d18?s=96&d=mm&r=g\",\"url\":\"https:\\\/\\\/secure.gravatar.com\\\/avatar\\\/072baa72775aad53c748dfc5d3048578e01b6c087eef335459ebfa04344e2d18?s=96&d=mm&r=g\",\"contentUrl\":\"https:\\\/\\\/secure.gravatar.com\\\/avatar\\\/072baa72775aad53c748dfc5d3048578e01b6c087eef335459ebfa04344e2d18?s=96&d=mm&r=g\",\"caption\":\"admin\"},\"sameAs\":[\"https:\\\/\\\/ferabrajan.com\\\/portal\"],\"url\":\"https:\\\/\\\/ferabrajan.com\\\/portal\\\/author\\\/admin\\\/\"}]}<\/script>\n<!-- \/ Yoast SEO plugin. -->","yoast_head_json":{"title":"Yuri habla de romance entre Emilio Osorio y Karol Sevilla en Qui\u00e9n es la M\u00e1scara - Fer Abrajan","robots":{"index":"index","follow":"follow","max-snippet":"max-snippet:-1","max-image-preview":"max-image-preview:large","max-video-preview":"max-video-preview:-1"},"canonical":"https:\/\/ferabrajan.com\/portal\/2020\/12\/07\/yuri-habla-de-romance-entre-emilio-osorio-y-karol-sevilla-en-quien-es-la-mascara\/","og_locale":"es_ES","og_type":"article","og_title":"Yuri habla de romance entre Emilio Osorio y Karol Sevilla en Qui\u00e9n es la M\u00e1scara - Fer Abrajan","og_description":"Este domingo Yuri puso en aprietos a Karol Sevilla y a Emilio Osorio, ya que una de sus apuestas de la noche es que detr\u00e1s de Zombie se encontraba Emilio, el hijo de Juan Osorio, y que la referencia a un coraz\u00f3n roto que hab\u00eda hecho era por su ruptura con la joven cantante, a lo que los dem\u00e1s investigadores pusieron cara de sorpresa. Yuri agreg\u00f3 que eso lo hab\u00eda escuchado por los pasillos, pero gener\u00f3 que Emilio se volviera tendencia en redes sociales. Emilio Osorio enter\u00e1ndose que fue novio de Karol Sevilla#Qui\u00e9nEsLaM\u00e1scara pic.twitter.com\/UvBCJFWME1 \u2014 edu putifan&nbsp;(@roseswushu) December 7, 2020 Durante la primera participaci\u00f3n de Disco Ball, dio una pista sobre la muerte de su segunda madre, es decir, su abuelita, por lo que Carlos Rivera no dud\u00f3 ni un segundo y cant\u00f3 Recuerdame, haciendo llorar a los dem\u00e1s investigadores y hasta a Disco Ball. Tambi\u00e9n lee:&nbsp;Consuelo Duval y Carlos Rivera atinan al nombre de Unicornio en \u00bfQui\u00e9n es la m\u00e1scara? Juanpa Zurita se autonombr\u00f3 \u201cLa g\u00fcera\u201d cuando Carlos Rivera se refiri\u00f3 a \u201cLa G\u00fcera\u201d por algo que estaban platicando, Juapa tom\u00f3 la palabra y dijo \u201cmuchas gracias\u201d, por lo que a lo largo de la noche todos se refirieron a ella como \u201cLa g\u00fcera\u201d Zurita. Como Consuelo Duval lo hab\u00eda predicho, debajo de Elefante se encontraba Laura Flores, quien fue la primera en quitarse la m\u00e1scara durante la semifinal. \u201cEsta ha sido una experiencia fuera de serie, me encant\u00f3 estar aqu\u00ed jugar, bajar unos kilitos, en donde no se imaginan\u201d, dijo ella muy contenta. En la segunda ronda de eliminatoria se enfrentaron Disco Ball, Oso Polar, Mapache y Zombie, pero el p\u00fablico decidi\u00f3 que Zombie fuera el que se quitara la m\u00e1scara. Al final nadie supo qui\u00e9n es porque Omar Chaparro despidi\u00f3 el programa y no ser\u00e1 hasta el siguiente domingo donde se revele su identidad. Publicaci\u00f3n Original: https:\/\/www.eluniversal.com.mx\/espectaculos\/yuri-habla-de-romance-entre-emilio-osorio-y-karol-sevilla-en-quien-es-la-mascara","og_url":"https:\/\/ferabrajan.com\/portal\/2020\/12\/07\/yuri-habla-de-romance-entre-emilio-osorio-y-karol-sevilla-en-quien-es-la-mascara\/","og_site_name":"Fer Abrajan","article_publisher":"https:\/\/www.facebook.com\/NoticiasconFerAbrajan\/","article_published_time":"2020-12-07T06:18:00+00:00","author":"admin","twitter_card":"summary_large_image","twitter_creator":"@ferabrajan1","twitter_site":"@ferabrajan1","twitter_misc":{"Escrito por":"admin","Tiempo de lectura":"2 minutos"},"schema":{"@context":"https:\/\/schema.org","@graph":[{"@type":"Article","@id":"https:\/\/ferabrajan.com\/portal\/2020\/12\/07\/yuri-habla-de-romance-entre-emilio-osorio-y-karol-sevilla-en-quien-es-la-mascara\/#article","isPartOf":{"@id":"https:\/\/ferabrajan.com\/portal\/2020\/12\/07\/yuri-habla-de-romance-entre-emilio-osorio-y-karol-sevilla-en-quien-es-la-mascara\/"},"author":{"name":"admin","@id":"https:\/\/ferabrajan.com\/portal\/#\/schema\/person\/f6113b3cb1e036d5c6a9505685b257ba"},"headline":"Yuri habla de romance entre Emilio Osorio y Karol Sevilla en Qui\u00e9n es la M\u00e1scara","datePublished":"2020-12-07T06:18:00+00:00","mainEntityOfPage":{"@id":"https:\/\/ferabrajan.com\/portal\/2020\/12\/07\/yuri-habla-de-romance-entre-emilio-osorio-y-karol-sevilla-en-quien-es-la-mascara\/"},"wordCount":360,"commentCount":0,"publisher":{"@id":"https:\/\/ferabrajan.com\/portal\/#organization"},"image":{"@id":"https:\/\/ferabrajan.com\/portal\/2020\/12\/07\/yuri-habla-de-romance-entre-emilio-osorio-y-karol-sevilla-en-quien-es-la-mascara\/#primaryimage"},"thumbnailUrl":"","articleSection":["El Mundo"],"inLanguage":"es"},{"@type":"WebPage","@id":"https:\/\/ferabrajan.com\/portal\/2020\/12\/07\/yuri-habla-de-romance-entre-emilio-osorio-y-karol-sevilla-en-quien-es-la-mascara\/","url":"https:\/\/ferabrajan.com\/portal\/2020\/12\/07\/yuri-habla-de-romance-entre-emilio-osorio-y-karol-sevilla-en-quien-es-la-mascara\/","name":"Yuri habla de romance entre Emilio Osorio y Karol Sevilla en Qui\u00e9n es la M\u00e1scara - Fer Abrajan","isPartOf":{"@id":"https:\/\/ferabrajan.com\/portal\/#website"},"primaryImageOfPage":{"@id":"https:\/\/ferabrajan.com\/portal\/2020\/12\/07\/yuri-habla-de-romance-entre-emilio-osorio-y-karol-sevilla-en-quien-es-la-mascara\/#primaryimage"},"image":{"@id":"https:\/\/ferabrajan.com\/portal\/2020\/12\/07\/yuri-habla-de-romance-entre-emilio-osorio-y-karol-sevilla-en-quien-es-la-mascara\/#primaryimage"},"thumbnailUrl":"","datePublished":"2020-12-07T06:18:00+00:00","breadcrumb":{"@id":"https:\/\/ferabrajan.com\/portal\/2020\/12\/07\/yuri-habla-de-romance-entre-emilio-osorio-y-karol-sevilla-en-quien-es-la-mascara\/#breadcrumb"},"inLanguage":"es","potentialAction":[{"@type":"ReadAction","target":["https:\/\/ferabrajan.com\/portal\/2020\/12\/07\/yuri-habla-de-romance-entre-emilio-osorio-y-karol-sevilla-en-quien-es-la-mascara\/"]}]},{"@type":"ImageObject","inLanguage":"es","@id":"https:\/\/ferabrajan.com\/portal\/2020\/12\/07\/yuri-habla-de-romance-entre-emilio-osorio-y-karol-sevilla-en-quien-es-la-mascara\/#primaryimage","url":"","contentUrl":""},{"@type":"BreadcrumbList","@id":"https:\/\/ferabrajan.com\/portal\/2020\/12\/07\/yuri-habla-de-romance-entre-emilio-osorio-y-karol-sevilla-en-quien-es-la-mascara\/#breadcrumb","itemListElement":[{"@type":"ListItem","position":1,"name":"Portada","item":"https:\/\/ferabrajan.com\/portal\/"},{"@type":"ListItem","position":2,"name":"Yuri habla de romance entre Emilio Osorio y Karol Sevilla en Qui\u00e9n es la M\u00e1scara"}]},{"@type":"WebSite","@id":"https:\/\/ferabrajan.com\/portal\/#website","url":"https:\/\/ferabrajan.com\/portal\/","name":"Fer Abrajan","description":"Noticias de Puebla, opini\u00f3n y radio en vivo","publisher":{"@id":"https:\/\/ferabrajan.com\/portal\/#organization"},"potentialAction":[{"@type":"SearchAction","target":{"@type":"EntryPoint","urlTemplate":"https:\/\/ferabrajan.com\/portal\/?s={search_term_string}"},"query-input":{"@type":"PropertyValueSpecification","valueRequired":true,"valueName":"search_term_string"}}],"inLanguage":"es"},{"@type":"Organization","@id":"https:\/\/ferabrajan.com\/portal\/#organization","name":"Fer Abrajan","url":"https:\/\/ferabrajan.com\/portal\/","logo":{"@type":"ImageObject","inLanguage":"es","@id":"https:\/\/ferabrajan.com\/portal\/#\/schema\/logo\/image\/","url":"https:\/\/ferabrajan.com\/portal\/wp-content\/uploads\/2024\/10\/cropped-logo.jpeg","contentUrl":"https:\/\/ferabrajan.com\/portal\/wp-content\/uploads\/2024\/10\/cropped-logo.jpeg","width":500,"height":250,"caption":"Fer Abrajan"},"image":{"@id":"https:\/\/ferabrajan.com\/portal\/#\/schema\/logo\/image\/"},"sameAs":["https:\/\/www.facebook.com\/NoticiasconFerAbrajan\/","https:\/\/x.com\/ferabrajan1"]},{"@type":"Person","@id":"https:\/\/ferabrajan.com\/portal\/#\/schema\/person\/f6113b3cb1e036d5c6a9505685b257ba","name":"admin","image":{"@type":"ImageObject","inLanguage":"es","@id":"https:\/\/secure.gravatar.com\/avatar\/072baa72775aad53c748dfc5d3048578e01b6c087eef335459ebfa04344e2d18?s=96&d=mm&r=g","url":"https:\/\/secure.gravatar.com\/avatar\/072baa72775aad53c748dfc5d3048578e01b6c087eef335459ebfa04344e2d18?s=96&d=mm&r=g","contentUrl":"https:\/\/secure.gravatar.com\/avatar\/072baa72775aad53c748dfc5d3048578e01b6c087eef335459ebfa04344e2d18?s=96&d=mm&r=g","caption":"admin"},"sameAs":["https:\/\/ferabrajan.com\/portal"],"url":"https:\/\/ferabrajan.com\/portal\/author\/admin\/"}]}},"_links":{"self":[{"href":"https:\/\/ferabrajan.com\/portal\/wp-json\/wp\/v2\/posts\/22332","targetHints":{"allow":["GET"]}}],"collection":[{"href":"https:\/\/ferabrajan.com\/portal\/wp-json\/wp\/v2\/posts"}],"about":[{"href":"https:\/\/ferabrajan.com\/portal\/wp-json\/wp\/v2\/types\/post"}],"author":[{"embeddable":true,"href":"https:\/\/ferabrajan.com\/portal\/wp-json\/wp\/v2\/users\/1"}],"replies":[{"embeddable":true,"href":"https:\/\/ferabrajan.com\/portal\/wp-json\/wp\/v2\/comments?post=22332"}],"version-history":[{"count":0,"href":"https:\/\/ferabrajan.com\/portal\/wp-json\/wp\/v2\/posts\/22332\/revisions"}],"wp:attachment":[{"href":"https:\/\/ferabrajan.com\/portal\/wp-json\/wp\/v2\/media?parent=22332"}],"wp:term":[{"taxonomy":"category","embeddable":true,"href":"https:\/\/ferabrajan.com\/portal\/wp-json\/wp\/v2\/categories?post=22332"},{"taxonomy":"post_tag","embeddable":true,"href":"https:\/\/ferabrajan.com\/portal\/wp-json\/wp\/v2\/tags?post=22332"}],"curies":[{"name":"wp","href":"https:\/\/api.w.org\/{rel}","templated":true}]}}