{"id":22327,"date":"2020-12-07T11:35:22","date_gmt":"2020-12-07T11:35:22","guid":{"rendered":"https:\/\/www.elsoldepuebla.com.mx\/local\/apoyan-con-cobertores-a-familias-de-san-andres-puebla-6104312.html"},"modified":"2020-12-07T11:35:22","modified_gmt":"2020-12-07T11:35:22","slug":"apoyan-con-cobertores-a-familias-de-san-andres","status":"publish","type":"post","link":"https:\/\/ferabrajan.com\/portal\/2020\/12\/07\/apoyan-con-cobertores-a-familias-de-san-andres\/","title":{"rendered":"Apoyan con cobertores a familias de San Andr\u00e9s"},"content":{"rendered":"<div><img decoding=\"async\" src=\"https:\/\/www.elsoldepuebla.com.mx\/local\/gnpeli-nota-18-norma.jpg\/ALTERNATES\/LANDSCAPE_1140\/NOTA%2018%20NORMA.jpg\" class=\"ff-og-image-inserted\"><\/div>\n<p>Con el objetivo de apoyar a familias vulnerables del municipio ante el inicio de la temporada invernal, el Ayuntamiento a trav\u00e9s de la Direcci\u00f3n de Protecci\u00f3n Civil y Bomberos, encabez\u00f3 la entrega de cobertores del programa \u201cValores Que Abrigan\u201d.<\/p>\n<p>En representaci\u00f3n de la presidenta municipal, Karina P\u00e9rez Popoca, el director de Protecci\u00f3n Civil, Omar P\u00e9rez Torres, dio inicio a la entrega de 240 cobertores a 80 familias que residen en las juntas auxiliares de San Bernardino Tlaxcalancingo y San Francisco Acatepec.<\/p>\n<p>Durante el recorrido por estas comunidades, P\u00e9rez Torres asegur\u00f3 que en la primer etapa del programa \u201cValores Que Abrigan\u201d, se pretende beneficiar a un aproximado de 500 familias del municipio, abarcando las seis juntas auxiliares, la cabecera, as\u00ed como la reserva territorial, para apoyar a que la poblaci\u00f3n pueda hacer frente a la temporada invernal y previniendo enfermedades respiratorias por las bajas temperaturas.<\/p>\n<article class=\"cultura media col-md-4 inline-story\"> <\/article>\n<article class=\"finanzas media col-md-4 inline-story\"> <\/article>\n<article class=\"policiaca media col-md-4 inline-story\"> <\/article>\n<p>Publicaci\u00f3n Original: <a href=\"https:\/\/www.elsoldepuebla.com.mx\/local\/apoyan-con-cobertores-a-familias-de-san-andres-puebla-6104312.html\" target=\"_blank\" rel=\"noopener noreferrer\">https:\/\/www.elsoldepuebla.com.mx\/local\/apoyan-con-cobertores-a-familias-de-san-andres-puebla-6104312.html<\/a><\/p>\n","protected":false},"excerpt":{"rendered":"<p>Con el objetivo de apoyar a familias vulnerables del municipio ante el inicio de la temporada invernal, el Ayuntamiento a trav\u00e9s de la Direcci\u00f3n de Protecci\u00f3n Civil y Bomberos, encabez\u00f3 la entrega de cobertores del programa \u201cValores Que Abrigan\u201d. En representaci\u00f3n de la presidenta municipal, Karina P\u00e9rez Popoca, el director de Protecci\u00f3n Civil, Omar P\u00e9rez Torres, dio inicio a la entrega de 240 cobertores a 80 familias que residen en las juntas auxiliares de San Bernardino Tlaxcalancingo y San Francisco Acatepec. Durante el recorrido por estas comunidades, P\u00e9rez Torres asegur\u00f3 que en la primer etapa del programa \u201cValores Que Abrigan\u201d, se pretende beneficiar a un aproximado de 500 familias del municipio, abarcando las seis juntas auxiliares, la cabecera, as\u00ed como la reserva territorial, para apoyar a que la poblaci\u00f3n pueda hacer frente a la temporada invernal y previniendo enfermedades respiratorias por las bajas temperaturas. Publicaci\u00f3n Original: https:\/\/www.elsoldepuebla.com.mx\/local\/apoyan-con-cobertores-a-familias-de-san-andres-puebla-6104312.html<\/p>\n","protected":false},"author":1,"featured_media":22331,"comment_status":"closed","ping_status":"closed","sticky":false,"template":"","format":"standard","meta":{"_monsterinsights_skip_tracking":false,"_uf_show_specific_survey":0,"_uf_disable_surveys":false,"footnotes":""},"categories":[53,34],"tags":[],"class_list":["post-22327","post","type-post","status-publish","format-standard","has-post-thumbnail","hentry","category-local","category-puebla"],"yoast_head":"<!-- This site is optimized with the Yoast SEO plugin v27.5 - https:\/\/yoast.com\/product\/yoast-seo-wordpress\/ -->\n<title>Apoyan con cobertores a familias de San Andr\u00e9s - Fer Abrajan<\/title>\n<meta name=\"robots\" content=\"index, follow, max-snippet:-1, max-image-preview:large, max-video-preview:-1\" \/>\n<link rel=\"canonical\" href=\"https:\/\/ferabrajan.com\/portal\/2020\/12\/07\/apoyan-con-cobertores-a-familias-de-san-andres\/\" \/>\n<meta property=\"og:locale\" content=\"es_ES\" \/>\n<meta property=\"og:type\" content=\"article\" \/>\n<meta property=\"og:title\" content=\"Apoyan con cobertores a familias de San Andr\u00e9s - Fer Abrajan\" \/>\n<meta property=\"og:description\" content=\"Con el objetivo de apoyar a familias vulnerables del municipio ante el inicio de la temporada invernal, el Ayuntamiento a trav\u00e9s de la Direcci\u00f3n de Protecci\u00f3n Civil y Bomberos, encabez\u00f3 la entrega de cobertores del programa \u201cValores Que Abrigan\u201d. En representaci\u00f3n de la presidenta municipal, Karina P\u00e9rez Popoca, el director de Protecci\u00f3n Civil, Omar P\u00e9rez Torres, dio inicio a la entrega de 240 cobertores a 80 familias que residen en las juntas auxiliares de San Bernardino Tlaxcalancingo y San Francisco Acatepec. Durante el recorrido por estas comunidades, P\u00e9rez Torres asegur\u00f3 que en la primer etapa del programa \u201cValores Que Abrigan\u201d, se pretende beneficiar a un aproximado de 500 familias del municipio, abarcando las seis juntas auxiliares, la cabecera, as\u00ed como la reserva territorial, para apoyar a que la poblaci\u00f3n pueda hacer frente a la temporada invernal y previniendo enfermedades respiratorias por las bajas temperaturas. Publicaci\u00f3n Original: https:\/\/www.elsoldepuebla.com.mx\/local\/apoyan-con-cobertores-a-familias-de-san-andres-puebla-6104312.html\" \/>\n<meta property=\"og:url\" content=\"https:\/\/ferabrajan.com\/portal\/2020\/12\/07\/apoyan-con-cobertores-a-familias-de-san-andres\/\" \/>\n<meta property=\"og:site_name\" content=\"Fer Abrajan\" \/>\n<meta property=\"article:publisher\" content=\"https:\/\/www.facebook.com\/NoticiasconFerAbrajan\/\" \/>\n<meta property=\"article:published_time\" content=\"2020-12-07T11:35:22+00:00\" \/>\n<meta name=\"author\" content=\"admin\" \/>\n<meta name=\"twitter:card\" content=\"summary_large_image\" \/>\n<meta name=\"twitter:creator\" content=\"@ferabrajan1\" \/>\n<meta name=\"twitter:site\" content=\"@ferabrajan1\" \/>\n<meta name=\"twitter:label1\" content=\"Escrito por\" \/>\n\t<meta name=\"twitter:data1\" content=\"admin\" \/>\n\t<meta name=\"twitter:label2\" content=\"Tiempo de lectura\" \/>\n\t<meta name=\"twitter:data2\" content=\"1 minuto\" \/>\n<script type=\"application\/ld+json\" class=\"yoast-schema-graph\">{\"@context\":\"https:\\\/\\\/schema.org\",\"@graph\":[{\"@type\":\"Article\",\"@id\":\"https:\\\/\\\/ferabrajan.com\\\/portal\\\/2020\\\/12\\\/07\\\/apoyan-con-cobertores-a-familias-de-san-andres\\\/#article\",\"isPartOf\":{\"@id\":\"https:\\\/\\\/ferabrajan.com\\\/portal\\\/2020\\\/12\\\/07\\\/apoyan-con-cobertores-a-familias-de-san-andres\\\/\"},\"author\":{\"name\":\"admin\",\"@id\":\"https:\\\/\\\/ferabrajan.com\\\/portal\\\/#\\\/schema\\\/person\\\/f6113b3cb1e036d5c6a9505685b257ba\"},\"headline\":\"Apoyan con cobertores a familias de San Andr\u00e9s\",\"datePublished\":\"2020-12-07T11:35:22+00:00\",\"mainEntityOfPage\":{\"@id\":\"https:\\\/\\\/ferabrajan.com\\\/portal\\\/2020\\\/12\\\/07\\\/apoyan-con-cobertores-a-familias-de-san-andres\\\/\"},\"wordCount\":170,\"publisher\":{\"@id\":\"https:\\\/\\\/ferabrajan.com\\\/portal\\\/#organization\"},\"image\":{\"@id\":\"https:\\\/\\\/ferabrajan.com\\\/portal\\\/2020\\\/12\\\/07\\\/apoyan-con-cobertores-a-familias-de-san-andres\\\/#primaryimage\"},\"thumbnailUrl\":\"\",\"articleSection\":[\"Local\",\"Puebla\"],\"inLanguage\":\"es\"},{\"@type\":\"WebPage\",\"@id\":\"https:\\\/\\\/ferabrajan.com\\\/portal\\\/2020\\\/12\\\/07\\\/apoyan-con-cobertores-a-familias-de-san-andres\\\/\",\"url\":\"https:\\\/\\\/ferabrajan.com\\\/portal\\\/2020\\\/12\\\/07\\\/apoyan-con-cobertores-a-familias-de-san-andres\\\/\",\"name\":\"Apoyan con cobertores a familias de San Andr\u00e9s - Fer Abrajan\",\"isPartOf\":{\"@id\":\"https:\\\/\\\/ferabrajan.com\\\/portal\\\/#website\"},\"primaryImageOfPage\":{\"@id\":\"https:\\\/\\\/ferabrajan.com\\\/portal\\\/2020\\\/12\\\/07\\\/apoyan-con-cobertores-a-familias-de-san-andres\\\/#primaryimage\"},\"image\":{\"@id\":\"https:\\\/\\\/ferabrajan.com\\\/portal\\\/2020\\\/12\\\/07\\\/apoyan-con-cobertores-a-familias-de-san-andres\\\/#primaryimage\"},\"thumbnailUrl\":\"\",\"datePublished\":\"2020-12-07T11:35:22+00:00\",\"breadcrumb\":{\"@id\":\"https:\\\/\\\/ferabrajan.com\\\/portal\\\/2020\\\/12\\\/07\\\/apoyan-con-cobertores-a-familias-de-san-andres\\\/#breadcrumb\"},\"inLanguage\":\"es\",\"potentialAction\":[{\"@type\":\"ReadAction\",\"target\":[\"https:\\\/\\\/ferabrajan.com\\\/portal\\\/2020\\\/12\\\/07\\\/apoyan-con-cobertores-a-familias-de-san-andres\\\/\"]}]},{\"@type\":\"ImageObject\",\"inLanguage\":\"es\",\"@id\":\"https:\\\/\\\/ferabrajan.com\\\/portal\\\/2020\\\/12\\\/07\\\/apoyan-con-cobertores-a-familias-de-san-andres\\\/#primaryimage\",\"url\":\"\",\"contentUrl\":\"\"},{\"@type\":\"BreadcrumbList\",\"@id\":\"https:\\\/\\\/ferabrajan.com\\\/portal\\\/2020\\\/12\\\/07\\\/apoyan-con-cobertores-a-familias-de-san-andres\\\/#breadcrumb\",\"itemListElement\":[{\"@type\":\"ListItem\",\"position\":1,\"name\":\"Portada\",\"item\":\"https:\\\/\\\/ferabrajan.com\\\/portal\\\/\"},{\"@type\":\"ListItem\",\"position\":2,\"name\":\"Apoyan con cobertores a familias de San Andr\u00e9s\"}]},{\"@type\":\"WebSite\",\"@id\":\"https:\\\/\\\/ferabrajan.com\\\/portal\\\/#website\",\"url\":\"https:\\\/\\\/ferabrajan.com\\\/portal\\\/\",\"name\":\"Fer Abrajan\",\"description\":\"Noticias de Puebla, opini\u00f3n y radio en vivo\",\"publisher\":{\"@id\":\"https:\\\/\\\/ferabrajan.com\\\/portal\\\/#organization\"},\"potentialAction\":[{\"@type\":\"SearchAction\",\"target\":{\"@type\":\"EntryPoint\",\"urlTemplate\":\"https:\\\/\\\/ferabrajan.com\\\/portal\\\/?s={search_term_string}\"},\"query-input\":{\"@type\":\"PropertyValueSpecification\",\"valueRequired\":true,\"valueName\":\"search_term_string\"}}],\"inLanguage\":\"es\"},{\"@type\":\"Organization\",\"@id\":\"https:\\\/\\\/ferabrajan.com\\\/portal\\\/#organization\",\"name\":\"Fer Abrajan\",\"url\":\"https:\\\/\\\/ferabrajan.com\\\/portal\\\/\",\"logo\":{\"@type\":\"ImageObject\",\"inLanguage\":\"es\",\"@id\":\"https:\\\/\\\/ferabrajan.com\\\/portal\\\/#\\\/schema\\\/logo\\\/image\\\/\",\"url\":\"https:\\\/\\\/ferabrajan.com\\\/portal\\\/wp-content\\\/uploads\\\/2024\\\/10\\\/cropped-logo.jpeg\",\"contentUrl\":\"https:\\\/\\\/ferabrajan.com\\\/portal\\\/wp-content\\\/uploads\\\/2024\\\/10\\\/cropped-logo.jpeg\",\"width\":500,\"height\":250,\"caption\":\"Fer Abrajan\"},\"image\":{\"@id\":\"https:\\\/\\\/ferabrajan.com\\\/portal\\\/#\\\/schema\\\/logo\\\/image\\\/\"},\"sameAs\":[\"https:\\\/\\\/www.facebook.com\\\/NoticiasconFerAbrajan\\\/\",\"https:\\\/\\\/x.com\\\/ferabrajan1\"]},{\"@type\":\"Person\",\"@id\":\"https:\\\/\\\/ferabrajan.com\\\/portal\\\/#\\\/schema\\\/person\\\/f6113b3cb1e036d5c6a9505685b257ba\",\"name\":\"admin\",\"image\":{\"@type\":\"ImageObject\",\"inLanguage\":\"es\",\"@id\":\"https:\\\/\\\/secure.gravatar.com\\\/avatar\\\/072baa72775aad53c748dfc5d3048578e01b6c087eef335459ebfa04344e2d18?s=96&d=mm&r=g\",\"url\":\"https:\\\/\\\/secure.gravatar.com\\\/avatar\\\/072baa72775aad53c748dfc5d3048578e01b6c087eef335459ebfa04344e2d18?s=96&d=mm&r=g\",\"contentUrl\":\"https:\\\/\\\/secure.gravatar.com\\\/avatar\\\/072baa72775aad53c748dfc5d3048578e01b6c087eef335459ebfa04344e2d18?s=96&d=mm&r=g\",\"caption\":\"admin\"},\"sameAs\":[\"https:\\\/\\\/ferabrajan.com\\\/portal\"],\"url\":\"https:\\\/\\\/ferabrajan.com\\\/portal\\\/author\\\/admin\\\/\"}]}<\/script>\n<!-- \/ Yoast SEO plugin. -->","yoast_head_json":{"title":"Apoyan con cobertores a familias de San Andr\u00e9s - Fer Abrajan","robots":{"index":"index","follow":"follow","max-snippet":"max-snippet:-1","max-image-preview":"max-image-preview:large","max-video-preview":"max-video-preview:-1"},"canonical":"https:\/\/ferabrajan.com\/portal\/2020\/12\/07\/apoyan-con-cobertores-a-familias-de-san-andres\/","og_locale":"es_ES","og_type":"article","og_title":"Apoyan con cobertores a familias de San Andr\u00e9s - Fer Abrajan","og_description":"Con el objetivo de apoyar a familias vulnerables del municipio ante el inicio de la temporada invernal, el Ayuntamiento a trav\u00e9s de la Direcci\u00f3n de Protecci\u00f3n Civil y Bomberos, encabez\u00f3 la entrega de cobertores del programa \u201cValores Que Abrigan\u201d. En representaci\u00f3n de la presidenta municipal, Karina P\u00e9rez Popoca, el director de Protecci\u00f3n Civil, Omar P\u00e9rez Torres, dio inicio a la entrega de 240 cobertores a 80 familias que residen en las juntas auxiliares de San Bernardino Tlaxcalancingo y San Francisco Acatepec. Durante el recorrido por estas comunidades, P\u00e9rez Torres asegur\u00f3 que en la primer etapa del programa \u201cValores Que Abrigan\u201d, se pretende beneficiar a un aproximado de 500 familias del municipio, abarcando las seis juntas auxiliares, la cabecera, as\u00ed como la reserva territorial, para apoyar a que la poblaci\u00f3n pueda hacer frente a la temporada invernal y previniendo enfermedades respiratorias por las bajas temperaturas. Publicaci\u00f3n Original: https:\/\/www.elsoldepuebla.com.mx\/local\/apoyan-con-cobertores-a-familias-de-san-andres-puebla-6104312.html","og_url":"https:\/\/ferabrajan.com\/portal\/2020\/12\/07\/apoyan-con-cobertores-a-familias-de-san-andres\/","og_site_name":"Fer Abrajan","article_publisher":"https:\/\/www.facebook.com\/NoticiasconFerAbrajan\/","article_published_time":"2020-12-07T11:35:22+00:00","author":"admin","twitter_card":"summary_large_image","twitter_creator":"@ferabrajan1","twitter_site":"@ferabrajan1","twitter_misc":{"Escrito por":"admin","Tiempo de lectura":"1 minuto"},"schema":{"@context":"https:\/\/schema.org","@graph":[{"@type":"Article","@id":"https:\/\/ferabrajan.com\/portal\/2020\/12\/07\/apoyan-con-cobertores-a-familias-de-san-andres\/#article","isPartOf":{"@id":"https:\/\/ferabrajan.com\/portal\/2020\/12\/07\/apoyan-con-cobertores-a-familias-de-san-andres\/"},"author":{"name":"admin","@id":"https:\/\/ferabrajan.com\/portal\/#\/schema\/person\/f6113b3cb1e036d5c6a9505685b257ba"},"headline":"Apoyan con cobertores a familias de San Andr\u00e9s","datePublished":"2020-12-07T11:35:22+00:00","mainEntityOfPage":{"@id":"https:\/\/ferabrajan.com\/portal\/2020\/12\/07\/apoyan-con-cobertores-a-familias-de-san-andres\/"},"wordCount":170,"publisher":{"@id":"https:\/\/ferabrajan.com\/portal\/#organization"},"image":{"@id":"https:\/\/ferabrajan.com\/portal\/2020\/12\/07\/apoyan-con-cobertores-a-familias-de-san-andres\/#primaryimage"},"thumbnailUrl":"","articleSection":["Local","Puebla"],"inLanguage":"es"},{"@type":"WebPage","@id":"https:\/\/ferabrajan.com\/portal\/2020\/12\/07\/apoyan-con-cobertores-a-familias-de-san-andres\/","url":"https:\/\/ferabrajan.com\/portal\/2020\/12\/07\/apoyan-con-cobertores-a-familias-de-san-andres\/","name":"Apoyan con cobertores a familias de San Andr\u00e9s - Fer Abrajan","isPartOf":{"@id":"https:\/\/ferabrajan.com\/portal\/#website"},"primaryImageOfPage":{"@id":"https:\/\/ferabrajan.com\/portal\/2020\/12\/07\/apoyan-con-cobertores-a-familias-de-san-andres\/#primaryimage"},"image":{"@id":"https:\/\/ferabrajan.com\/portal\/2020\/12\/07\/apoyan-con-cobertores-a-familias-de-san-andres\/#primaryimage"},"thumbnailUrl":"","datePublished":"2020-12-07T11:35:22+00:00","breadcrumb":{"@id":"https:\/\/ferabrajan.com\/portal\/2020\/12\/07\/apoyan-con-cobertores-a-familias-de-san-andres\/#breadcrumb"},"inLanguage":"es","potentialAction":[{"@type":"ReadAction","target":["https:\/\/ferabrajan.com\/portal\/2020\/12\/07\/apoyan-con-cobertores-a-familias-de-san-andres\/"]}]},{"@type":"ImageObject","inLanguage":"es","@id":"https:\/\/ferabrajan.com\/portal\/2020\/12\/07\/apoyan-con-cobertores-a-familias-de-san-andres\/#primaryimage","url":"","contentUrl":""},{"@type":"BreadcrumbList","@id":"https:\/\/ferabrajan.com\/portal\/2020\/12\/07\/apoyan-con-cobertores-a-familias-de-san-andres\/#breadcrumb","itemListElement":[{"@type":"ListItem","position":1,"name":"Portada","item":"https:\/\/ferabrajan.com\/portal\/"},{"@type":"ListItem","position":2,"name":"Apoyan con cobertores a familias de San Andr\u00e9s"}]},{"@type":"WebSite","@id":"https:\/\/ferabrajan.com\/portal\/#website","url":"https:\/\/ferabrajan.com\/portal\/","name":"Fer Abrajan","description":"Noticias de Puebla, opini\u00f3n y radio en vivo","publisher":{"@id":"https:\/\/ferabrajan.com\/portal\/#organization"},"potentialAction":[{"@type":"SearchAction","target":{"@type":"EntryPoint","urlTemplate":"https:\/\/ferabrajan.com\/portal\/?s={search_term_string}"},"query-input":{"@type":"PropertyValueSpecification","valueRequired":true,"valueName":"search_term_string"}}],"inLanguage":"es"},{"@type":"Organization","@id":"https:\/\/ferabrajan.com\/portal\/#organization","name":"Fer Abrajan","url":"https:\/\/ferabrajan.com\/portal\/","logo":{"@type":"ImageObject","inLanguage":"es","@id":"https:\/\/ferabrajan.com\/portal\/#\/schema\/logo\/image\/","url":"https:\/\/ferabrajan.com\/portal\/wp-content\/uploads\/2024\/10\/cropped-logo.jpeg","contentUrl":"https:\/\/ferabrajan.com\/portal\/wp-content\/uploads\/2024\/10\/cropped-logo.jpeg","width":500,"height":250,"caption":"Fer Abrajan"},"image":{"@id":"https:\/\/ferabrajan.com\/portal\/#\/schema\/logo\/image\/"},"sameAs":["https:\/\/www.facebook.com\/NoticiasconFerAbrajan\/","https:\/\/x.com\/ferabrajan1"]},{"@type":"Person","@id":"https:\/\/ferabrajan.com\/portal\/#\/schema\/person\/f6113b3cb1e036d5c6a9505685b257ba","name":"admin","image":{"@type":"ImageObject","inLanguage":"es","@id":"https:\/\/secure.gravatar.com\/avatar\/072baa72775aad53c748dfc5d3048578e01b6c087eef335459ebfa04344e2d18?s=96&d=mm&r=g","url":"https:\/\/secure.gravatar.com\/avatar\/072baa72775aad53c748dfc5d3048578e01b6c087eef335459ebfa04344e2d18?s=96&d=mm&r=g","contentUrl":"https:\/\/secure.gravatar.com\/avatar\/072baa72775aad53c748dfc5d3048578e01b6c087eef335459ebfa04344e2d18?s=96&d=mm&r=g","caption":"admin"},"sameAs":["https:\/\/ferabrajan.com\/portal"],"url":"https:\/\/ferabrajan.com\/portal\/author\/admin\/"}]}},"_links":{"self":[{"href":"https:\/\/ferabrajan.com\/portal\/wp-json\/wp\/v2\/posts\/22327","targetHints":{"allow":["GET"]}}],"collection":[{"href":"https:\/\/ferabrajan.com\/portal\/wp-json\/wp\/v2\/posts"}],"about":[{"href":"https:\/\/ferabrajan.com\/portal\/wp-json\/wp\/v2\/types\/post"}],"author":[{"embeddable":true,"href":"https:\/\/ferabrajan.com\/portal\/wp-json\/wp\/v2\/users\/1"}],"replies":[{"embeddable":true,"href":"https:\/\/ferabrajan.com\/portal\/wp-json\/wp\/v2\/comments?post=22327"}],"version-history":[{"count":0,"href":"https:\/\/ferabrajan.com\/portal\/wp-json\/wp\/v2\/posts\/22327\/revisions"}],"wp:attachment":[{"href":"https:\/\/ferabrajan.com\/portal\/wp-json\/wp\/v2\/media?parent=22327"}],"wp:term":[{"taxonomy":"category","embeddable":true,"href":"https:\/\/ferabrajan.com\/portal\/wp-json\/wp\/v2\/categories?post=22327"},{"taxonomy":"post_tag","embeddable":true,"href":"https:\/\/ferabrajan.com\/portal\/wp-json\/wp\/v2\/tags?post=22327"}],"curies":[{"name":"wp","href":"https:\/\/api.w.org\/{rel}","templated":true}]}}