{"id":22319,"date":"2020-12-07T11:40:04","date_gmt":"2020-12-07T11:40:04","guid":{"rendered":"https:\/\/www.elsoldepuebla.com.mx\/analisis\/los-migrantes-en-la-economia-nacional-6104314.html"},"modified":"2020-12-07T11:40:04","modified_gmt":"2020-12-07T11:40:04","slug":"los-migrantes-en-la-economia-nacional","status":"publish","type":"post","link":"https:\/\/ferabrajan.com\/portal\/2020\/12\/07\/los-migrantes-en-la-economia-nacional\/","title":{"rendered":"Los migrantes en la econom\u00eda nacional"},"content":{"rendered":"<p>M\u00e1s all\u00e1 de una postura de confrontaci\u00f3n y descalificaciones debemos reflexionar sobre la relaci\u00f3n bilateral que desde hace d\u00e9cadas existe entre M\u00e9xico y Estados Unidos.<\/p>\n<p>Debemos pensar en los 36 millones de mexicanos que viven en territorio estadounidense, de los cuales el 40 % de ellos nacieron en nuestro pa\u00eds y forman parte de ese sue\u00f1o americano tan mencionado como existente.<\/p>\n<p>Mexicanos que -como ya lo mencion\u00f3 el Presidente Andr\u00e9s Manuel L\u00f3pez Obrador, realizan el 30 por ciento de las labores agr\u00edcolas, el 20 por ciento de las tareas en la construcci\u00f3n y el 15 por ciento en la industria tur\u00edstica.<\/p>\n<p>Compatriotas que contribuyen a la econom\u00eda mexicana con remesas por m\u00e1s de 33 mil millones de d\u00f3lares anuales.<\/p>\n<p>Estados Unidos y M\u00e9xico no son ajenos, un pa\u00eds y el otro comparten cultura, comparten historias de desarrollo. Historias entrelazadas en una frontera de m\u00e1s de 3 mil kil\u00f3metros.<\/p>\n<p>En diferentes condiciones, as\u00ed como Estados Unidos alberga a nuestros connacionales, M\u00e9xico le abri\u00f3 las puertas a un mill\u00f3n 200 mil estadunidenses; una muestra de que ambos pa\u00edses son protagonistas del mayor intercambio demogr\u00e1fico del mundo.<\/p>\n<p>La historia no miente.<\/p>\n<p>La historia es testigo de esa alianza de m\u00e1s de 81 a\u00f1os entre M\u00e9xico y Estados Unidos, marcada por esa cooperaci\u00f3n de nuestro pa\u00eds para garantizar la producci\u00f3n de alimentos y materias primas durante la Segunda Guerra Mundial.<\/p>\n<p>C\u00f3mo olvidar las casi 6 d\u00e9cadas (desde 1960) de los programas para el desarrollo de la Frontera Norte que marc\u00f3 el comercio bilateral, gracias a que el territorio mexicano result\u00f3 un foco de atracci\u00f3n de capital estadunidense para establecer filiales en nuestro pa\u00eds.<\/p>\n<p>De ninguna manera, podemos excluir el fen\u00f3meno migratorio, como consecuencia de la imposici\u00f3n del modelo neoliberal en nuestro pa\u00eds que signific\u00f3 la p\u00e9rdida de empleos y, como resultado, una urgente subsistencia en el vecino pa\u00eds del norte en medio de una polarizada realidad: discriminaci\u00f3n con persecuciones y de solidaridad y cobijo de una parte de la sociedad norteamericana.<\/p>\n<p>Por ello, en la C\u00e1mara de Senadores en Morena impulsamos esquemas de fortalecimiento pues el objetivo es apoyar a los migrantes con el ingreso de d\u00f3lares y reforzar los controles del sistema financiero.<\/p>\n<p>Hace d\u00edas tuve una reuni\u00f3n con el Gobernador del Banco de M\u00e9xico, Alejandro D\u00edaz de Le\u00f3n para dialogar sobre la iniciativa para la captaci\u00f3n de divisas, presentada por el senador Ricardo Monreal, coordinador del Grupo Parlamentario Morena.<\/p>\n<p>Y les comparto que como resultado se acord\u00f3 instalar una mesa t\u00e9cnica de trabajo para el an\u00e1lisis de la Iniciativa en materia de captaci\u00f3n de divisas, que permita al Banco Central enriquecer la reforma y de manera espec\u00edfica se encuentren soluciones para la repatriaci\u00f3n de d\u00f3lares a migrantes mexicanos.<\/p>\n<p>Con pleno respeto a la autonom\u00eda de Banxico y en plena disposici\u00f3n de trabajar conjuntamente, se determin\u00f3 realizar el an\u00e1lisis de la Iniciativa que reforma dos art\u00edculos y se adicionan otros dos en materia de captaci\u00f3n de divisas.<\/p>\n<p>Encontraremos coincidencias para atender de fondo los problemas sociales y econ\u00f3micos de la acumulaci\u00f3n de d\u00f3lares en el sistema financiero mexicano, fortaleciendo al mismo tiempo la econom\u00eda de los migrantes, de sus familias y tambi\u00e9n de la actividad tur\u00edstica que se beneficia de los d\u00f3lares que recibe.<\/p>\n<p>De esa manera, desde el Senado se busca fortalecer a Banxico en un papel de actor activo en el sistema financiero, para reforzar est\u00e1ndares estrictos sobre el origen de la compra de d\u00f3lares, cuidando la entrada de recursos de procedencia il\u00edcita.<\/p>\n<p>Se trata de una reforma que analiza el Senado en funci\u00f3n de sus atribuciones legislativas con beneficio m\u00faltiple, de manera central en pol\u00edtica social y en sinton\u00eda con la pol\u00edtica econ\u00f3mica.<\/p>\n<p>Lo vamos a lograr en beneficio de nuestros connacionales.<\/p>\n<p>Publicaci\u00f3n Original: <a href=\"https:\/\/www.elsoldepuebla.com.mx\/analisis\/los-migrantes-en-la-economia-nacional-6104314.html\" target=\"_blank\" rel=\"noopener noreferrer\">https:\/\/www.elsoldepuebla.com.mx\/analisis\/los-migrantes-en-la-economia-nacional-6104314.html<\/a><\/p>\n","protected":false},"excerpt":{"rendered":"<p>M\u00e1s all\u00e1 de una postura de confrontaci\u00f3n y descalificaciones debemos reflexionar sobre la relaci\u00f3n bilateral que desde hace d\u00e9cadas existe entre M\u00e9xico y Estados Unidos. Debemos pensar en los 36 millones de mexicanos que viven en territorio estadounidense, de los cuales el 40 % de ellos nacieron en nuestro pa\u00eds y forman parte de ese sue\u00f1o americano tan mencionado como existente. Mexicanos que -como ya lo mencion\u00f3 el Presidente Andr\u00e9s Manuel L\u00f3pez Obrador, realizan el 30 por ciento de las labores agr\u00edcolas, el 20 por ciento de las tareas en la construcci\u00f3n y el 15 por ciento en la industria tur\u00edstica. Compatriotas que contribuyen a la econom\u00eda mexicana con remesas por m\u00e1s de 33 mil millones de d\u00f3lares anuales. Estados Unidos y M\u00e9xico no son ajenos, un pa\u00eds y el otro comparten cultura, comparten historias de desarrollo. Historias entrelazadas en una frontera de m\u00e1s de 3 mil kil\u00f3metros. En diferentes condiciones, as\u00ed como Estados Unidos alberga a nuestros connacionales, M\u00e9xico le abri\u00f3 las puertas a un mill\u00f3n 200 mil estadunidenses; una muestra de que ambos pa\u00edses son protagonistas del mayor intercambio demogr\u00e1fico del mundo. La historia no miente. La historia es testigo de esa alianza de m\u00e1s de 81 a\u00f1os entre M\u00e9xico y Estados Unidos, marcada por esa cooperaci\u00f3n de nuestro pa\u00eds para garantizar la producci\u00f3n de alimentos y materias primas durante la Segunda Guerra Mundial. C\u00f3mo olvidar las casi 6 d\u00e9cadas (desde 1960) de los programas para el desarrollo de la Frontera Norte que marc\u00f3 el comercio bilateral, gracias a que el territorio mexicano result\u00f3 un foco de atracci\u00f3n de capital estadunidense para establecer filiales en nuestro pa\u00eds. De ninguna manera, podemos excluir el fen\u00f3meno migratorio, como consecuencia de la imposici\u00f3n del modelo neoliberal en nuestro pa\u00eds que signific\u00f3 la p\u00e9rdida de empleos y, como resultado, una urgente subsistencia en el vecino pa\u00eds del norte en medio de una polarizada realidad: discriminaci\u00f3n con persecuciones y de solidaridad y cobijo de una parte de la sociedad norteamericana. Por ello, en la C\u00e1mara de Senadores en Morena impulsamos esquemas de fortalecimiento pues el objetivo es apoyar a los migrantes con el ingreso de d\u00f3lares y reforzar los controles del sistema financiero. Hace d\u00edas tuve una reuni\u00f3n con el Gobernador del Banco de M\u00e9xico, Alejandro D\u00edaz de Le\u00f3n para dialogar sobre la iniciativa para la captaci\u00f3n de divisas, presentada por el senador Ricardo Monreal, coordinador del Grupo Parlamentario Morena. Y les comparto que como resultado se acord\u00f3 instalar una mesa t\u00e9cnica de trabajo para el an\u00e1lisis de la Iniciativa en materia de captaci\u00f3n de divisas, que permita al Banco Central enriquecer la reforma y de manera espec\u00edfica se encuentren soluciones para la repatriaci\u00f3n de d\u00f3lares a migrantes mexicanos. Con pleno respeto a la autonom\u00eda de Banxico y en plena disposici\u00f3n de trabajar conjuntamente, se determin\u00f3 realizar el an\u00e1lisis de la Iniciativa que reforma dos art\u00edculos y se adicionan otros dos en materia de captaci\u00f3n de divisas. Encontraremos coincidencias para atender de fondo los problemas sociales y econ\u00f3micos de la acumulaci\u00f3n de d\u00f3lares en el sistema financiero mexicano, fortaleciendo al mismo tiempo la econom\u00eda de los migrantes, de sus familias y tambi\u00e9n de la actividad tur\u00edstica que se beneficia de los d\u00f3lares que recibe. De esa manera, desde el Senado se busca fortalecer a Banxico en un papel de actor activo en el sistema financiero, para reforzar est\u00e1ndares estrictos sobre el origen de la compra de d\u00f3lares, cuidando la entrada de recursos de procedencia il\u00edcita. Se trata de una reforma que analiza el Senado en funci\u00f3n de sus atribuciones legislativas con beneficio m\u00faltiple, de manera central en pol\u00edtica social y en sinton\u00eda con la pol\u00edtica econ\u00f3mica. Lo vamos a lograr en beneficio de nuestros connacionales. Publicaci\u00f3n Original: https:\/\/www.elsoldepuebla.com.mx\/analisis\/los-migrantes-en-la-economia-nacional-6104314.html<\/p>\n","protected":false},"author":1,"featured_media":0,"comment_status":"closed","ping_status":"closed","sticky":false,"template":"","format":"standard","meta":{"_monsterinsights_skip_tracking":false,"_uf_show_specific_survey":0,"_uf_disable_surveys":false,"footnotes":""},"categories":[34],"tags":[],"class_list":["post-22319","post","type-post","status-publish","format-standard","hentry","category-puebla"],"yoast_head":"<!-- This site is optimized with the Yoast SEO plugin v27.5 - https:\/\/yoast.com\/product\/yoast-seo-wordpress\/ -->\n<title>Los migrantes en la econom\u00eda nacional - Fer Abrajan<\/title>\n<meta name=\"robots\" content=\"index, follow, max-snippet:-1, max-image-preview:large, max-video-preview:-1\" \/>\n<link rel=\"canonical\" href=\"https:\/\/ferabrajan.com\/portal\/2020\/12\/07\/los-migrantes-en-la-economia-nacional\/\" \/>\n<meta property=\"og:locale\" content=\"es_ES\" \/>\n<meta property=\"og:type\" content=\"article\" \/>\n<meta property=\"og:title\" content=\"Los migrantes en la econom\u00eda nacional - Fer Abrajan\" \/>\n<meta property=\"og:description\" content=\"M\u00e1s all\u00e1 de una postura de confrontaci\u00f3n y descalificaciones debemos reflexionar sobre la relaci\u00f3n bilateral que desde hace d\u00e9cadas existe entre M\u00e9xico y Estados Unidos. Debemos pensar en los 36 millones de mexicanos que viven en territorio estadounidense, de los cuales el 40 % de ellos nacieron en nuestro pa\u00eds y forman parte de ese sue\u00f1o americano tan mencionado como existente. Mexicanos que -como ya lo mencion\u00f3 el Presidente Andr\u00e9s Manuel L\u00f3pez Obrador, realizan el 30 por ciento de las labores agr\u00edcolas, el 20 por ciento de las tareas en la construcci\u00f3n y el 15 por ciento en la industria tur\u00edstica. Compatriotas que contribuyen a la econom\u00eda mexicana con remesas por m\u00e1s de 33 mil millones de d\u00f3lares anuales. Estados Unidos y M\u00e9xico no son ajenos, un pa\u00eds y el otro comparten cultura, comparten historias de desarrollo. Historias entrelazadas en una frontera de m\u00e1s de 3 mil kil\u00f3metros. En diferentes condiciones, as\u00ed como Estados Unidos alberga a nuestros connacionales, M\u00e9xico le abri\u00f3 las puertas a un mill\u00f3n 200 mil estadunidenses; una muestra de que ambos pa\u00edses son protagonistas del mayor intercambio demogr\u00e1fico del mundo. La historia no miente. La historia es testigo de esa alianza de m\u00e1s de 81 a\u00f1os entre M\u00e9xico y Estados Unidos, marcada por esa cooperaci\u00f3n de nuestro pa\u00eds para garantizar la producci\u00f3n de alimentos y materias primas durante la Segunda Guerra Mundial. C\u00f3mo olvidar las casi 6 d\u00e9cadas (desde 1960) de los programas para el desarrollo de la Frontera Norte que marc\u00f3 el comercio bilateral, gracias a que el territorio mexicano result\u00f3 un foco de atracci\u00f3n de capital estadunidense para establecer filiales en nuestro pa\u00eds. De ninguna manera, podemos excluir el fen\u00f3meno migratorio, como consecuencia de la imposici\u00f3n del modelo neoliberal en nuestro pa\u00eds que signific\u00f3 la p\u00e9rdida de empleos y, como resultado, una urgente subsistencia en el vecino pa\u00eds del norte en medio de una polarizada realidad: discriminaci\u00f3n con persecuciones y de solidaridad y cobijo de una parte de la sociedad norteamericana. Por ello, en la C\u00e1mara de Senadores en Morena impulsamos esquemas de fortalecimiento pues el objetivo es apoyar a los migrantes con el ingreso de d\u00f3lares y reforzar los controles del sistema financiero. Hace d\u00edas tuve una reuni\u00f3n con el Gobernador del Banco de M\u00e9xico, Alejandro D\u00edaz de Le\u00f3n para dialogar sobre la iniciativa para la captaci\u00f3n de divisas, presentada por el senador Ricardo Monreal, coordinador del Grupo Parlamentario Morena. Y les comparto que como resultado se acord\u00f3 instalar una mesa t\u00e9cnica de trabajo para el an\u00e1lisis de la Iniciativa en materia de captaci\u00f3n de divisas, que permita al Banco Central enriquecer la reforma y de manera espec\u00edfica se encuentren soluciones para la repatriaci\u00f3n de d\u00f3lares a migrantes mexicanos. Con pleno respeto a la autonom\u00eda de Banxico y en plena disposici\u00f3n de trabajar conjuntamente, se determin\u00f3 realizar el an\u00e1lisis de la Iniciativa que reforma dos art\u00edculos y se adicionan otros dos en materia de captaci\u00f3n de divisas. Encontraremos coincidencias para atender de fondo los problemas sociales y econ\u00f3micos de la acumulaci\u00f3n de d\u00f3lares en el sistema financiero mexicano, fortaleciendo al mismo tiempo la econom\u00eda de los migrantes, de sus familias y tambi\u00e9n de la actividad tur\u00edstica que se beneficia de los d\u00f3lares que recibe. De esa manera, desde el Senado se busca fortalecer a Banxico en un papel de actor activo en el sistema financiero, para reforzar est\u00e1ndares estrictos sobre el origen de la compra de d\u00f3lares, cuidando la entrada de recursos de procedencia il\u00edcita. Se trata de una reforma que analiza el Senado en funci\u00f3n de sus atribuciones legislativas con beneficio m\u00faltiple, de manera central en pol\u00edtica social y en sinton\u00eda con la pol\u00edtica econ\u00f3mica. Lo vamos a lograr en beneficio de nuestros connacionales. Publicaci\u00f3n Original: https:\/\/www.elsoldepuebla.com.mx\/analisis\/los-migrantes-en-la-economia-nacional-6104314.html\" \/>\n<meta property=\"og:url\" content=\"https:\/\/ferabrajan.com\/portal\/2020\/12\/07\/los-migrantes-en-la-economia-nacional\/\" \/>\n<meta property=\"og:site_name\" content=\"Fer Abrajan\" \/>\n<meta property=\"article:publisher\" content=\"https:\/\/www.facebook.com\/NoticiasconFerAbrajan\/\" \/>\n<meta property=\"article:published_time\" content=\"2020-12-07T11:40:04+00:00\" \/>\n<meta name=\"author\" content=\"admin\" \/>\n<meta name=\"twitter:card\" content=\"summary_large_image\" \/>\n<meta name=\"twitter:creator\" content=\"@ferabrajan1\" \/>\n<meta name=\"twitter:site\" content=\"@ferabrajan1\" \/>\n<meta name=\"twitter:label1\" content=\"Escrito por\" \/>\n\t<meta name=\"twitter:data1\" content=\"admin\" \/>\n\t<meta name=\"twitter:label2\" content=\"Tiempo de lectura\" \/>\n\t<meta name=\"twitter:data2\" content=\"3 minutos\" \/>\n<script type=\"application\/ld+json\" class=\"yoast-schema-graph\">{\"@context\":\"https:\\\/\\\/schema.org\",\"@graph\":[{\"@type\":\"Article\",\"@id\":\"https:\\\/\\\/ferabrajan.com\\\/portal\\\/2020\\\/12\\\/07\\\/los-migrantes-en-la-economia-nacional\\\/#article\",\"isPartOf\":{\"@id\":\"https:\\\/\\\/ferabrajan.com\\\/portal\\\/2020\\\/12\\\/07\\\/los-migrantes-en-la-economia-nacional\\\/\"},\"author\":{\"name\":\"admin\",\"@id\":\"https:\\\/\\\/ferabrajan.com\\\/portal\\\/#\\\/schema\\\/person\\\/f6113b3cb1e036d5c6a9505685b257ba\"},\"headline\":\"Los migrantes en la econom\u00eda nacional\",\"datePublished\":\"2020-12-07T11:40:04+00:00\",\"mainEntityOfPage\":{\"@id\":\"https:\\\/\\\/ferabrajan.com\\\/portal\\\/2020\\\/12\\\/07\\\/los-migrantes-en-la-economia-nacional\\\/\"},\"wordCount\":692,\"publisher\":{\"@id\":\"https:\\\/\\\/ferabrajan.com\\\/portal\\\/#organization\"},\"articleSection\":[\"Puebla\"],\"inLanguage\":\"es\"},{\"@type\":\"WebPage\",\"@id\":\"https:\\\/\\\/ferabrajan.com\\\/portal\\\/2020\\\/12\\\/07\\\/los-migrantes-en-la-economia-nacional\\\/\",\"url\":\"https:\\\/\\\/ferabrajan.com\\\/portal\\\/2020\\\/12\\\/07\\\/los-migrantes-en-la-economia-nacional\\\/\",\"name\":\"Los migrantes en la econom\u00eda nacional - Fer Abrajan\",\"isPartOf\":{\"@id\":\"https:\\\/\\\/ferabrajan.com\\\/portal\\\/#website\"},\"datePublished\":\"2020-12-07T11:40:04+00:00\",\"breadcrumb\":{\"@id\":\"https:\\\/\\\/ferabrajan.com\\\/portal\\\/2020\\\/12\\\/07\\\/los-migrantes-en-la-economia-nacional\\\/#breadcrumb\"},\"inLanguage\":\"es\",\"potentialAction\":[{\"@type\":\"ReadAction\",\"target\":[\"https:\\\/\\\/ferabrajan.com\\\/portal\\\/2020\\\/12\\\/07\\\/los-migrantes-en-la-economia-nacional\\\/\"]}]},{\"@type\":\"BreadcrumbList\",\"@id\":\"https:\\\/\\\/ferabrajan.com\\\/portal\\\/2020\\\/12\\\/07\\\/los-migrantes-en-la-economia-nacional\\\/#breadcrumb\",\"itemListElement\":[{\"@type\":\"ListItem\",\"position\":1,\"name\":\"Portada\",\"item\":\"https:\\\/\\\/ferabrajan.com\\\/portal\\\/\"},{\"@type\":\"ListItem\",\"position\":2,\"name\":\"Los migrantes en la econom\u00eda nacional\"}]},{\"@type\":\"WebSite\",\"@id\":\"https:\\\/\\\/ferabrajan.com\\\/portal\\\/#website\",\"url\":\"https:\\\/\\\/ferabrajan.com\\\/portal\\\/\",\"name\":\"Fer Abrajan\",\"description\":\"Noticias de Puebla, opini\u00f3n y radio en vivo\",\"publisher\":{\"@id\":\"https:\\\/\\\/ferabrajan.com\\\/portal\\\/#organization\"},\"potentialAction\":[{\"@type\":\"SearchAction\",\"target\":{\"@type\":\"EntryPoint\",\"urlTemplate\":\"https:\\\/\\\/ferabrajan.com\\\/portal\\\/?s={search_term_string}\"},\"query-input\":{\"@type\":\"PropertyValueSpecification\",\"valueRequired\":true,\"valueName\":\"search_term_string\"}}],\"inLanguage\":\"es\"},{\"@type\":\"Organization\",\"@id\":\"https:\\\/\\\/ferabrajan.com\\\/portal\\\/#organization\",\"name\":\"Fer Abrajan\",\"url\":\"https:\\\/\\\/ferabrajan.com\\\/portal\\\/\",\"logo\":{\"@type\":\"ImageObject\",\"inLanguage\":\"es\",\"@id\":\"https:\\\/\\\/ferabrajan.com\\\/portal\\\/#\\\/schema\\\/logo\\\/image\\\/\",\"url\":\"https:\\\/\\\/ferabrajan.com\\\/portal\\\/wp-content\\\/uploads\\\/2024\\\/10\\\/cropped-logo.jpeg\",\"contentUrl\":\"https:\\\/\\\/ferabrajan.com\\\/portal\\\/wp-content\\\/uploads\\\/2024\\\/10\\\/cropped-logo.jpeg\",\"width\":500,\"height\":250,\"caption\":\"Fer Abrajan\"},\"image\":{\"@id\":\"https:\\\/\\\/ferabrajan.com\\\/portal\\\/#\\\/schema\\\/logo\\\/image\\\/\"},\"sameAs\":[\"https:\\\/\\\/www.facebook.com\\\/NoticiasconFerAbrajan\\\/\",\"https:\\\/\\\/x.com\\\/ferabrajan1\"]},{\"@type\":\"Person\",\"@id\":\"https:\\\/\\\/ferabrajan.com\\\/portal\\\/#\\\/schema\\\/person\\\/f6113b3cb1e036d5c6a9505685b257ba\",\"name\":\"admin\",\"image\":{\"@type\":\"ImageObject\",\"inLanguage\":\"es\",\"@id\":\"https:\\\/\\\/secure.gravatar.com\\\/avatar\\\/072baa72775aad53c748dfc5d3048578e01b6c087eef335459ebfa04344e2d18?s=96&d=mm&r=g\",\"url\":\"https:\\\/\\\/secure.gravatar.com\\\/avatar\\\/072baa72775aad53c748dfc5d3048578e01b6c087eef335459ebfa04344e2d18?s=96&d=mm&r=g\",\"contentUrl\":\"https:\\\/\\\/secure.gravatar.com\\\/avatar\\\/072baa72775aad53c748dfc5d3048578e01b6c087eef335459ebfa04344e2d18?s=96&d=mm&r=g\",\"caption\":\"admin\"},\"sameAs\":[\"https:\\\/\\\/ferabrajan.com\\\/portal\"],\"url\":\"https:\\\/\\\/ferabrajan.com\\\/portal\\\/author\\\/admin\\\/\"}]}<\/script>\n<!-- \/ Yoast SEO plugin. -->","yoast_head_json":{"title":"Los migrantes en la econom\u00eda nacional - Fer Abrajan","robots":{"index":"index","follow":"follow","max-snippet":"max-snippet:-1","max-image-preview":"max-image-preview:large","max-video-preview":"max-video-preview:-1"},"canonical":"https:\/\/ferabrajan.com\/portal\/2020\/12\/07\/los-migrantes-en-la-economia-nacional\/","og_locale":"es_ES","og_type":"article","og_title":"Los migrantes en la econom\u00eda nacional - Fer Abrajan","og_description":"M\u00e1s all\u00e1 de una postura de confrontaci\u00f3n y descalificaciones debemos reflexionar sobre la relaci\u00f3n bilateral que desde hace d\u00e9cadas existe entre M\u00e9xico y Estados Unidos. Debemos pensar en los 36 millones de mexicanos que viven en territorio estadounidense, de los cuales el 40 % de ellos nacieron en nuestro pa\u00eds y forman parte de ese sue\u00f1o americano tan mencionado como existente. Mexicanos que -como ya lo mencion\u00f3 el Presidente Andr\u00e9s Manuel L\u00f3pez Obrador, realizan el 30 por ciento de las labores agr\u00edcolas, el 20 por ciento de las tareas en la construcci\u00f3n y el 15 por ciento en la industria tur\u00edstica. Compatriotas que contribuyen a la econom\u00eda mexicana con remesas por m\u00e1s de 33 mil millones de d\u00f3lares anuales. Estados Unidos y M\u00e9xico no son ajenos, un pa\u00eds y el otro comparten cultura, comparten historias de desarrollo. Historias entrelazadas en una frontera de m\u00e1s de 3 mil kil\u00f3metros. En diferentes condiciones, as\u00ed como Estados Unidos alberga a nuestros connacionales, M\u00e9xico le abri\u00f3 las puertas a un mill\u00f3n 200 mil estadunidenses; una muestra de que ambos pa\u00edses son protagonistas del mayor intercambio demogr\u00e1fico del mundo. La historia no miente. La historia es testigo de esa alianza de m\u00e1s de 81 a\u00f1os entre M\u00e9xico y Estados Unidos, marcada por esa cooperaci\u00f3n de nuestro pa\u00eds para garantizar la producci\u00f3n de alimentos y materias primas durante la Segunda Guerra Mundial. C\u00f3mo olvidar las casi 6 d\u00e9cadas (desde 1960) de los programas para el desarrollo de la Frontera Norte que marc\u00f3 el comercio bilateral, gracias a que el territorio mexicano result\u00f3 un foco de atracci\u00f3n de capital estadunidense para establecer filiales en nuestro pa\u00eds. De ninguna manera, podemos excluir el fen\u00f3meno migratorio, como consecuencia de la imposici\u00f3n del modelo neoliberal en nuestro pa\u00eds que signific\u00f3 la p\u00e9rdida de empleos y, como resultado, una urgente subsistencia en el vecino pa\u00eds del norte en medio de una polarizada realidad: discriminaci\u00f3n con persecuciones y de solidaridad y cobijo de una parte de la sociedad norteamericana. Por ello, en la C\u00e1mara de Senadores en Morena impulsamos esquemas de fortalecimiento pues el objetivo es apoyar a los migrantes con el ingreso de d\u00f3lares y reforzar los controles del sistema financiero. Hace d\u00edas tuve una reuni\u00f3n con el Gobernador del Banco de M\u00e9xico, Alejandro D\u00edaz de Le\u00f3n para dialogar sobre la iniciativa para la captaci\u00f3n de divisas, presentada por el senador Ricardo Monreal, coordinador del Grupo Parlamentario Morena. Y les comparto que como resultado se acord\u00f3 instalar una mesa t\u00e9cnica de trabajo para el an\u00e1lisis de la Iniciativa en materia de captaci\u00f3n de divisas, que permita al Banco Central enriquecer la reforma y de manera espec\u00edfica se encuentren soluciones para la repatriaci\u00f3n de d\u00f3lares a migrantes mexicanos. Con pleno respeto a la autonom\u00eda de Banxico y en plena disposici\u00f3n de trabajar conjuntamente, se determin\u00f3 realizar el an\u00e1lisis de la Iniciativa que reforma dos art\u00edculos y se adicionan otros dos en materia de captaci\u00f3n de divisas. Encontraremos coincidencias para atender de fondo los problemas sociales y econ\u00f3micos de la acumulaci\u00f3n de d\u00f3lares en el sistema financiero mexicano, fortaleciendo al mismo tiempo la econom\u00eda de los migrantes, de sus familias y tambi\u00e9n de la actividad tur\u00edstica que se beneficia de los d\u00f3lares que recibe. De esa manera, desde el Senado se busca fortalecer a Banxico en un papel de actor activo en el sistema financiero, para reforzar est\u00e1ndares estrictos sobre el origen de la compra de d\u00f3lares, cuidando la entrada de recursos de procedencia il\u00edcita. Se trata de una reforma que analiza el Senado en funci\u00f3n de sus atribuciones legislativas con beneficio m\u00faltiple, de manera central en pol\u00edtica social y en sinton\u00eda con la pol\u00edtica econ\u00f3mica. Lo vamos a lograr en beneficio de nuestros connacionales. Publicaci\u00f3n Original: https:\/\/www.elsoldepuebla.com.mx\/analisis\/los-migrantes-en-la-economia-nacional-6104314.html","og_url":"https:\/\/ferabrajan.com\/portal\/2020\/12\/07\/los-migrantes-en-la-economia-nacional\/","og_site_name":"Fer Abrajan","article_publisher":"https:\/\/www.facebook.com\/NoticiasconFerAbrajan\/","article_published_time":"2020-12-07T11:40:04+00:00","author":"admin","twitter_card":"summary_large_image","twitter_creator":"@ferabrajan1","twitter_site":"@ferabrajan1","twitter_misc":{"Escrito por":"admin","Tiempo de lectura":"3 minutos"},"schema":{"@context":"https:\/\/schema.org","@graph":[{"@type":"Article","@id":"https:\/\/ferabrajan.com\/portal\/2020\/12\/07\/los-migrantes-en-la-economia-nacional\/#article","isPartOf":{"@id":"https:\/\/ferabrajan.com\/portal\/2020\/12\/07\/los-migrantes-en-la-economia-nacional\/"},"author":{"name":"admin","@id":"https:\/\/ferabrajan.com\/portal\/#\/schema\/person\/f6113b3cb1e036d5c6a9505685b257ba"},"headline":"Los migrantes en la econom\u00eda nacional","datePublished":"2020-12-07T11:40:04+00:00","mainEntityOfPage":{"@id":"https:\/\/ferabrajan.com\/portal\/2020\/12\/07\/los-migrantes-en-la-economia-nacional\/"},"wordCount":692,"publisher":{"@id":"https:\/\/ferabrajan.com\/portal\/#organization"},"articleSection":["Puebla"],"inLanguage":"es"},{"@type":"WebPage","@id":"https:\/\/ferabrajan.com\/portal\/2020\/12\/07\/los-migrantes-en-la-economia-nacional\/","url":"https:\/\/ferabrajan.com\/portal\/2020\/12\/07\/los-migrantes-en-la-economia-nacional\/","name":"Los migrantes en la econom\u00eda nacional - Fer Abrajan","isPartOf":{"@id":"https:\/\/ferabrajan.com\/portal\/#website"},"datePublished":"2020-12-07T11:40:04+00:00","breadcrumb":{"@id":"https:\/\/ferabrajan.com\/portal\/2020\/12\/07\/los-migrantes-en-la-economia-nacional\/#breadcrumb"},"inLanguage":"es","potentialAction":[{"@type":"ReadAction","target":["https:\/\/ferabrajan.com\/portal\/2020\/12\/07\/los-migrantes-en-la-economia-nacional\/"]}]},{"@type":"BreadcrumbList","@id":"https:\/\/ferabrajan.com\/portal\/2020\/12\/07\/los-migrantes-en-la-economia-nacional\/#breadcrumb","itemListElement":[{"@type":"ListItem","position":1,"name":"Portada","item":"https:\/\/ferabrajan.com\/portal\/"},{"@type":"ListItem","position":2,"name":"Los migrantes en la econom\u00eda nacional"}]},{"@type":"WebSite","@id":"https:\/\/ferabrajan.com\/portal\/#website","url":"https:\/\/ferabrajan.com\/portal\/","name":"Fer Abrajan","description":"Noticias de Puebla, opini\u00f3n y radio en vivo","publisher":{"@id":"https:\/\/ferabrajan.com\/portal\/#organization"},"potentialAction":[{"@type":"SearchAction","target":{"@type":"EntryPoint","urlTemplate":"https:\/\/ferabrajan.com\/portal\/?s={search_term_string}"},"query-input":{"@type":"PropertyValueSpecification","valueRequired":true,"valueName":"search_term_string"}}],"inLanguage":"es"},{"@type":"Organization","@id":"https:\/\/ferabrajan.com\/portal\/#organization","name":"Fer Abrajan","url":"https:\/\/ferabrajan.com\/portal\/","logo":{"@type":"ImageObject","inLanguage":"es","@id":"https:\/\/ferabrajan.com\/portal\/#\/schema\/logo\/image\/","url":"https:\/\/ferabrajan.com\/portal\/wp-content\/uploads\/2024\/10\/cropped-logo.jpeg","contentUrl":"https:\/\/ferabrajan.com\/portal\/wp-content\/uploads\/2024\/10\/cropped-logo.jpeg","width":500,"height":250,"caption":"Fer Abrajan"},"image":{"@id":"https:\/\/ferabrajan.com\/portal\/#\/schema\/logo\/image\/"},"sameAs":["https:\/\/www.facebook.com\/NoticiasconFerAbrajan\/","https:\/\/x.com\/ferabrajan1"]},{"@type":"Person","@id":"https:\/\/ferabrajan.com\/portal\/#\/schema\/person\/f6113b3cb1e036d5c6a9505685b257ba","name":"admin","image":{"@type":"ImageObject","inLanguage":"es","@id":"https:\/\/secure.gravatar.com\/avatar\/072baa72775aad53c748dfc5d3048578e01b6c087eef335459ebfa04344e2d18?s=96&d=mm&r=g","url":"https:\/\/secure.gravatar.com\/avatar\/072baa72775aad53c748dfc5d3048578e01b6c087eef335459ebfa04344e2d18?s=96&d=mm&r=g","contentUrl":"https:\/\/secure.gravatar.com\/avatar\/072baa72775aad53c748dfc5d3048578e01b6c087eef335459ebfa04344e2d18?s=96&d=mm&r=g","caption":"admin"},"sameAs":["https:\/\/ferabrajan.com\/portal"],"url":"https:\/\/ferabrajan.com\/portal\/author\/admin\/"}]}},"_links":{"self":[{"href":"https:\/\/ferabrajan.com\/portal\/wp-json\/wp\/v2\/posts\/22319","targetHints":{"allow":["GET"]}}],"collection":[{"href":"https:\/\/ferabrajan.com\/portal\/wp-json\/wp\/v2\/posts"}],"about":[{"href":"https:\/\/ferabrajan.com\/portal\/wp-json\/wp\/v2\/types\/post"}],"author":[{"embeddable":true,"href":"https:\/\/ferabrajan.com\/portal\/wp-json\/wp\/v2\/users\/1"}],"replies":[{"embeddable":true,"href":"https:\/\/ferabrajan.com\/portal\/wp-json\/wp\/v2\/comments?post=22319"}],"version-history":[{"count":0,"href":"https:\/\/ferabrajan.com\/portal\/wp-json\/wp\/v2\/posts\/22319\/revisions"}],"wp:attachment":[{"href":"https:\/\/ferabrajan.com\/portal\/wp-json\/wp\/v2\/media?parent=22319"}],"wp:term":[{"taxonomy":"category","embeddable":true,"href":"https:\/\/ferabrajan.com\/portal\/wp-json\/wp\/v2\/categories?post=22319"},{"taxonomy":"post_tag","embeddable":true,"href":"https:\/\/ferabrajan.com\/portal\/wp-json\/wp\/v2\/tags?post=22319"}],"curies":[{"name":"wp","href":"https:\/\/api.w.org\/{rel}","templated":true}]}}