{"id":22286,"date":"2020-12-06T04:34:00","date_gmt":"2020-12-06T04:34:00","guid":{"rendered":"http:\/\/www.ferabrajan.com\/2020\/12\/06\/piden-cambios-en-minuta-de-marihuana\/"},"modified":"2020-12-06T04:34:00","modified_gmt":"2020-12-06T04:34:00","slug":"piden-cambios-en-minuta-de-marihuana","status":"publish","type":"post","link":"https:\/\/ferabrajan.com\/portal\/2020\/12\/06\/piden-cambios-en-minuta-de-marihuana\/","title":{"rendered":"Piden cambios en minuta de marihuana"},"content":{"rendered":"<div><img decoding=\"async\" src=\"https:\/\/www.eluniversal.com.mx\/sites\/default\/files\/2020\/12\/06\/a9-10_120590376.jpg\" class=\"ff-og-image-inserted\"><\/div>\n<p>Al concluir el parlamento abierto en la C\u00e1mara de Diputados sobre la minuta para despenalizar el uso l\u00fadico de la marihuana, expertos y usuarios consideraron que la propuesta actual contraviene distintas normativas, por lo que requiere de cambios que beneficien al aprovechamiento de esta sustancia y sus variantes, as\u00ed como para mejorar el apartado de derechos e incentivar la recaudaci\u00f3n.<\/p>\n<p>Mar\u00eda Elena Medina-Mora, directora de la Facultad de Psicolog\u00eda de la UNAM, plante\u00f3 revisar el tema del consumo problem\u00e1tico a partir de los 18 a\u00f1os; sin embargo, aclar\u00f3, la dependencia en promedio se forma a los 17 a\u00f1os, por lo que tienen que considerarse todas las edades. \u201cLa consecuencia de tener j\u00f3venes en la c\u00e1rcel supera el beneficio de poder portar peque\u00f1as dosis\u201d.<\/p>\n<p>Pedro Nicoletti Motta, cofundador de CANNATIVA y cultivador de m\u00e1s de 10 a\u00f1os en la industria legal, dijo que se debe terminar el paradigma prohibicionista que tanto da\u00f1o ha hecho y hacer valer el derecho al consumo en la pr\u00e1ctica, pero faltan capacidades para incentivar que la poblaci\u00f3n se involucre con el objeto de esta ley. \u201cEn comunidad debemos salir adelante, no s\u00f3lo en esta ley, sino en aplicar este derecho\u201d.<\/p>\n<p>Juan Pablo Ibarra Chapoy, del Movimiento Cann\u00e1bico Mexicano, relat\u00f3 que los usuarios de mariguana tienen al menos una historia de abuso policial, discriminaci\u00f3n, se les intimida y proh\u00edbe su derecho a la protesta. \u201c<\/p>\n<p>Mar\u00eda del Consuelo Mon-roy D\u00e1vila, presidenta de Siembra Cultura, A.C., pidi\u00f3 ajustar el dictamen al marco legal internacional sobre el uso del cannabis, y que haya un protocolo especial para mayor control y evitar que personas sin la madurez necesaria la consuman, as\u00ed como establecer en consenso de zonas libres de humo.<\/p>\n<p>Publicaci\u00f3n Original: <a href=\"https:\/\/www.eluniversal.com.mx\/nacion\/piden-cambios-en-minuta-de-marihuana\" target=\"_blank\" rel=\"noopener noreferrer\">https:\/\/www.eluniversal.com.mx\/nacion\/piden-cambios-en-minuta-de-marihuana<\/a><\/p>\n","protected":false},"excerpt":{"rendered":"<p>Al concluir el parlamento abierto en la C\u00e1mara de Diputados sobre la minuta para despenalizar el uso l\u00fadico de la marihuana, expertos y usuarios consideraron que la propuesta actual contraviene distintas normativas, por lo que requiere de cambios que beneficien al aprovechamiento de esta sustancia y sus variantes, as\u00ed como para mejorar el apartado de derechos e incentivar la recaudaci\u00f3n. Mar\u00eda Elena Medina-Mora, directora de la Facultad de Psicolog\u00eda de la UNAM, plante\u00f3 revisar el tema del consumo problem\u00e1tico a partir de los 18 a\u00f1os; sin embargo, aclar\u00f3, la dependencia en promedio se forma a los 17 a\u00f1os, por lo que tienen que considerarse todas las edades. \u201cLa consecuencia de tener j\u00f3venes en la c\u00e1rcel supera el beneficio de poder portar peque\u00f1as dosis\u201d. Pedro Nicoletti Motta, cofundador de CANNATIVA y cultivador de m\u00e1s de 10 a\u00f1os en la industria legal, dijo que se debe terminar el paradigma prohibicionista que tanto da\u00f1o ha hecho y hacer valer el derecho al consumo en la pr\u00e1ctica, pero faltan capacidades para incentivar que la poblaci\u00f3n se involucre con el objeto de esta ley. \u201cEn comunidad debemos salir adelante, no s\u00f3lo en esta ley, sino en aplicar este derecho\u201d. Juan Pablo Ibarra Chapoy, del Movimiento Cann\u00e1bico Mexicano, relat\u00f3 que los usuarios de mariguana tienen al menos una historia de abuso policial, discriminaci\u00f3n, se les intimida y proh\u00edbe su derecho a la protesta. \u201c Mar\u00eda del Consuelo Mon-roy D\u00e1vila, presidenta de Siembra Cultura, A.C., pidi\u00f3 ajustar el dictamen al marco legal internacional sobre el uso del cannabis, y que haya un protocolo especial para mayor control y evitar que personas sin la madurez necesaria la consuman, as\u00ed como establecer en consenso de zonas libres de humo. Publicaci\u00f3n Original: https:\/\/www.eluniversal.com.mx\/nacion\/piden-cambios-en-minuta-de-marihuana<\/p>\n","protected":false},"author":1,"featured_media":22290,"comment_status":"open","ping_status":"closed","sticky":false,"template":"","format":"standard","meta":{"_monsterinsights_skip_tracking":false,"_uf_show_specific_survey":0,"_uf_disable_surveys":false,"footnotes":""},"categories":[36],"tags":[],"class_list":["post-22286","post","type-post","status-publish","format-standard","has-post-thumbnail","hentry","category-el-mundo"],"yoast_head":"<!-- This site is optimized with the Yoast SEO plugin v27.5 - https:\/\/yoast.com\/product\/yoast-seo-wordpress\/ -->\n<title>Piden cambios en minuta de marihuana - Fer Abrajan<\/title>\n<meta name=\"robots\" content=\"index, follow, max-snippet:-1, max-image-preview:large, max-video-preview:-1\" \/>\n<link rel=\"canonical\" href=\"https:\/\/ferabrajan.com\/portal\/2020\/12\/06\/piden-cambios-en-minuta-de-marihuana\/\" \/>\n<meta property=\"og:locale\" content=\"es_ES\" \/>\n<meta property=\"og:type\" content=\"article\" \/>\n<meta property=\"og:title\" content=\"Piden cambios en minuta de marihuana - Fer Abrajan\" \/>\n<meta property=\"og:description\" content=\"Al concluir el parlamento abierto en la C\u00e1mara de Diputados sobre la minuta para despenalizar el uso l\u00fadico de la marihuana, expertos y usuarios consideraron que la propuesta actual contraviene distintas normativas, por lo que requiere de cambios que beneficien al aprovechamiento de esta sustancia y sus variantes, as\u00ed como para mejorar el apartado de derechos e incentivar la recaudaci\u00f3n. Mar\u00eda Elena Medina-Mora, directora de la Facultad de Psicolog\u00eda de la UNAM, plante\u00f3 revisar el tema del consumo problem\u00e1tico a partir de los 18 a\u00f1os; sin embargo, aclar\u00f3, la dependencia en promedio se forma a los 17 a\u00f1os, por lo que tienen que considerarse todas las edades. \u201cLa consecuencia de tener j\u00f3venes en la c\u00e1rcel supera el beneficio de poder portar peque\u00f1as dosis\u201d. Pedro Nicoletti Motta, cofundador de CANNATIVA y cultivador de m\u00e1s de 10 a\u00f1os en la industria legal, dijo que se debe terminar el paradigma prohibicionista que tanto da\u00f1o ha hecho y hacer valer el derecho al consumo en la pr\u00e1ctica, pero faltan capacidades para incentivar que la poblaci\u00f3n se involucre con el objeto de esta ley. \u201cEn comunidad debemos salir adelante, no s\u00f3lo en esta ley, sino en aplicar este derecho\u201d. Juan Pablo Ibarra Chapoy, del Movimiento Cann\u00e1bico Mexicano, relat\u00f3 que los usuarios de mariguana tienen al menos una historia de abuso policial, discriminaci\u00f3n, se les intimida y proh\u00edbe su derecho a la protesta. \u201c Mar\u00eda del Consuelo Mon-roy D\u00e1vila, presidenta de Siembra Cultura, A.C., pidi\u00f3 ajustar el dictamen al marco legal internacional sobre el uso del cannabis, y que haya un protocolo especial para mayor control y evitar que personas sin la madurez necesaria la consuman, as\u00ed como establecer en consenso de zonas libres de humo. Publicaci\u00f3n Original: https:\/\/www.eluniversal.com.mx\/nacion\/piden-cambios-en-minuta-de-marihuana\" \/>\n<meta property=\"og:url\" content=\"https:\/\/ferabrajan.com\/portal\/2020\/12\/06\/piden-cambios-en-minuta-de-marihuana\/\" \/>\n<meta property=\"og:site_name\" content=\"Fer Abrajan\" \/>\n<meta property=\"article:publisher\" content=\"https:\/\/www.facebook.com\/NoticiasconFerAbrajan\/\" \/>\n<meta property=\"article:published_time\" content=\"2020-12-06T04:34:00+00:00\" \/>\n<meta name=\"author\" content=\"admin\" \/>\n<meta name=\"twitter:card\" content=\"summary_large_image\" \/>\n<meta name=\"twitter:creator\" content=\"@ferabrajan1\" \/>\n<meta name=\"twitter:site\" content=\"@ferabrajan1\" \/>\n<meta name=\"twitter:label1\" content=\"Escrito por\" \/>\n\t<meta name=\"twitter:data1\" content=\"admin\" \/>\n\t<meta name=\"twitter:label2\" content=\"Tiempo de lectura\" \/>\n\t<meta name=\"twitter:data2\" content=\"2 minutos\" \/>\n<script type=\"application\/ld+json\" class=\"yoast-schema-graph\">{\"@context\":\"https:\\\/\\\/schema.org\",\"@graph\":[{\"@type\":\"Article\",\"@id\":\"https:\\\/\\\/ferabrajan.com\\\/portal\\\/2020\\\/12\\\/06\\\/piden-cambios-en-minuta-de-marihuana\\\/#article\",\"isPartOf\":{\"@id\":\"https:\\\/\\\/ferabrajan.com\\\/portal\\\/2020\\\/12\\\/06\\\/piden-cambios-en-minuta-de-marihuana\\\/\"},\"author\":{\"name\":\"admin\",\"@id\":\"https:\\\/\\\/ferabrajan.com\\\/portal\\\/#\\\/schema\\\/person\\\/f6113b3cb1e036d5c6a9505685b257ba\"},\"headline\":\"Piden cambios en minuta de marihuana\",\"datePublished\":\"2020-12-06T04:34:00+00:00\",\"mainEntityOfPage\":{\"@id\":\"https:\\\/\\\/ferabrajan.com\\\/portal\\\/2020\\\/12\\\/06\\\/piden-cambios-en-minuta-de-marihuana\\\/\"},\"wordCount\":315,\"commentCount\":0,\"publisher\":{\"@id\":\"https:\\\/\\\/ferabrajan.com\\\/portal\\\/#organization\"},\"image\":{\"@id\":\"https:\\\/\\\/ferabrajan.com\\\/portal\\\/2020\\\/12\\\/06\\\/piden-cambios-en-minuta-de-marihuana\\\/#primaryimage\"},\"thumbnailUrl\":\"\",\"articleSection\":[\"El Mundo\"],\"inLanguage\":\"es\"},{\"@type\":\"WebPage\",\"@id\":\"https:\\\/\\\/ferabrajan.com\\\/portal\\\/2020\\\/12\\\/06\\\/piden-cambios-en-minuta-de-marihuana\\\/\",\"url\":\"https:\\\/\\\/ferabrajan.com\\\/portal\\\/2020\\\/12\\\/06\\\/piden-cambios-en-minuta-de-marihuana\\\/\",\"name\":\"Piden cambios en minuta de marihuana - Fer Abrajan\",\"isPartOf\":{\"@id\":\"https:\\\/\\\/ferabrajan.com\\\/portal\\\/#website\"},\"primaryImageOfPage\":{\"@id\":\"https:\\\/\\\/ferabrajan.com\\\/portal\\\/2020\\\/12\\\/06\\\/piden-cambios-en-minuta-de-marihuana\\\/#primaryimage\"},\"image\":{\"@id\":\"https:\\\/\\\/ferabrajan.com\\\/portal\\\/2020\\\/12\\\/06\\\/piden-cambios-en-minuta-de-marihuana\\\/#primaryimage\"},\"thumbnailUrl\":\"\",\"datePublished\":\"2020-12-06T04:34:00+00:00\",\"breadcrumb\":{\"@id\":\"https:\\\/\\\/ferabrajan.com\\\/portal\\\/2020\\\/12\\\/06\\\/piden-cambios-en-minuta-de-marihuana\\\/#breadcrumb\"},\"inLanguage\":\"es\",\"potentialAction\":[{\"@type\":\"ReadAction\",\"target\":[\"https:\\\/\\\/ferabrajan.com\\\/portal\\\/2020\\\/12\\\/06\\\/piden-cambios-en-minuta-de-marihuana\\\/\"]}]},{\"@type\":\"ImageObject\",\"inLanguage\":\"es\",\"@id\":\"https:\\\/\\\/ferabrajan.com\\\/portal\\\/2020\\\/12\\\/06\\\/piden-cambios-en-minuta-de-marihuana\\\/#primaryimage\",\"url\":\"\",\"contentUrl\":\"\"},{\"@type\":\"BreadcrumbList\",\"@id\":\"https:\\\/\\\/ferabrajan.com\\\/portal\\\/2020\\\/12\\\/06\\\/piden-cambios-en-minuta-de-marihuana\\\/#breadcrumb\",\"itemListElement\":[{\"@type\":\"ListItem\",\"position\":1,\"name\":\"Portada\",\"item\":\"https:\\\/\\\/ferabrajan.com\\\/portal\\\/\"},{\"@type\":\"ListItem\",\"position\":2,\"name\":\"Piden cambios en minuta de marihuana\"}]},{\"@type\":\"WebSite\",\"@id\":\"https:\\\/\\\/ferabrajan.com\\\/portal\\\/#website\",\"url\":\"https:\\\/\\\/ferabrajan.com\\\/portal\\\/\",\"name\":\"Fer Abrajan\",\"description\":\"Noticias de Puebla, opini\u00f3n y radio en vivo\",\"publisher\":{\"@id\":\"https:\\\/\\\/ferabrajan.com\\\/portal\\\/#organization\"},\"potentialAction\":[{\"@type\":\"SearchAction\",\"target\":{\"@type\":\"EntryPoint\",\"urlTemplate\":\"https:\\\/\\\/ferabrajan.com\\\/portal\\\/?s={search_term_string}\"},\"query-input\":{\"@type\":\"PropertyValueSpecification\",\"valueRequired\":true,\"valueName\":\"search_term_string\"}}],\"inLanguage\":\"es\"},{\"@type\":\"Organization\",\"@id\":\"https:\\\/\\\/ferabrajan.com\\\/portal\\\/#organization\",\"name\":\"Fer Abrajan\",\"url\":\"https:\\\/\\\/ferabrajan.com\\\/portal\\\/\",\"logo\":{\"@type\":\"ImageObject\",\"inLanguage\":\"es\",\"@id\":\"https:\\\/\\\/ferabrajan.com\\\/portal\\\/#\\\/schema\\\/logo\\\/image\\\/\",\"url\":\"https:\\\/\\\/ferabrajan.com\\\/portal\\\/wp-content\\\/uploads\\\/2024\\\/10\\\/cropped-logo.jpeg\",\"contentUrl\":\"https:\\\/\\\/ferabrajan.com\\\/portal\\\/wp-content\\\/uploads\\\/2024\\\/10\\\/cropped-logo.jpeg\",\"width\":500,\"height\":250,\"caption\":\"Fer Abrajan\"},\"image\":{\"@id\":\"https:\\\/\\\/ferabrajan.com\\\/portal\\\/#\\\/schema\\\/logo\\\/image\\\/\"},\"sameAs\":[\"https:\\\/\\\/www.facebook.com\\\/NoticiasconFerAbrajan\\\/\",\"https:\\\/\\\/x.com\\\/ferabrajan1\"]},{\"@type\":\"Person\",\"@id\":\"https:\\\/\\\/ferabrajan.com\\\/portal\\\/#\\\/schema\\\/person\\\/f6113b3cb1e036d5c6a9505685b257ba\",\"name\":\"admin\",\"image\":{\"@type\":\"ImageObject\",\"inLanguage\":\"es\",\"@id\":\"https:\\\/\\\/secure.gravatar.com\\\/avatar\\\/072baa72775aad53c748dfc5d3048578e01b6c087eef335459ebfa04344e2d18?s=96&d=mm&r=g\",\"url\":\"https:\\\/\\\/secure.gravatar.com\\\/avatar\\\/072baa72775aad53c748dfc5d3048578e01b6c087eef335459ebfa04344e2d18?s=96&d=mm&r=g\",\"contentUrl\":\"https:\\\/\\\/secure.gravatar.com\\\/avatar\\\/072baa72775aad53c748dfc5d3048578e01b6c087eef335459ebfa04344e2d18?s=96&d=mm&r=g\",\"caption\":\"admin\"},\"sameAs\":[\"https:\\\/\\\/ferabrajan.com\\\/portal\"],\"url\":\"https:\\\/\\\/ferabrajan.com\\\/portal\\\/author\\\/admin\\\/\"}]}<\/script>\n<!-- \/ Yoast SEO plugin. -->","yoast_head_json":{"title":"Piden cambios en minuta de marihuana - Fer Abrajan","robots":{"index":"index","follow":"follow","max-snippet":"max-snippet:-1","max-image-preview":"max-image-preview:large","max-video-preview":"max-video-preview:-1"},"canonical":"https:\/\/ferabrajan.com\/portal\/2020\/12\/06\/piden-cambios-en-minuta-de-marihuana\/","og_locale":"es_ES","og_type":"article","og_title":"Piden cambios en minuta de marihuana - Fer Abrajan","og_description":"Al concluir el parlamento abierto en la C\u00e1mara de Diputados sobre la minuta para despenalizar el uso l\u00fadico de la marihuana, expertos y usuarios consideraron que la propuesta actual contraviene distintas normativas, por lo que requiere de cambios que beneficien al aprovechamiento de esta sustancia y sus variantes, as\u00ed como para mejorar el apartado de derechos e incentivar la recaudaci\u00f3n. Mar\u00eda Elena Medina-Mora, directora de la Facultad de Psicolog\u00eda de la UNAM, plante\u00f3 revisar el tema del consumo problem\u00e1tico a partir de los 18 a\u00f1os; sin embargo, aclar\u00f3, la dependencia en promedio se forma a los 17 a\u00f1os, por lo que tienen que considerarse todas las edades. \u201cLa consecuencia de tener j\u00f3venes en la c\u00e1rcel supera el beneficio de poder portar peque\u00f1as dosis\u201d. Pedro Nicoletti Motta, cofundador de CANNATIVA y cultivador de m\u00e1s de 10 a\u00f1os en la industria legal, dijo que se debe terminar el paradigma prohibicionista que tanto da\u00f1o ha hecho y hacer valer el derecho al consumo en la pr\u00e1ctica, pero faltan capacidades para incentivar que la poblaci\u00f3n se involucre con el objeto de esta ley. \u201cEn comunidad debemos salir adelante, no s\u00f3lo en esta ley, sino en aplicar este derecho\u201d. Juan Pablo Ibarra Chapoy, del Movimiento Cann\u00e1bico Mexicano, relat\u00f3 que los usuarios de mariguana tienen al menos una historia de abuso policial, discriminaci\u00f3n, se les intimida y proh\u00edbe su derecho a la protesta. \u201c Mar\u00eda del Consuelo Mon-roy D\u00e1vila, presidenta de Siembra Cultura, A.C., pidi\u00f3 ajustar el dictamen al marco legal internacional sobre el uso del cannabis, y que haya un protocolo especial para mayor control y evitar que personas sin la madurez necesaria la consuman, as\u00ed como establecer en consenso de zonas libres de humo. Publicaci\u00f3n Original: https:\/\/www.eluniversal.com.mx\/nacion\/piden-cambios-en-minuta-de-marihuana","og_url":"https:\/\/ferabrajan.com\/portal\/2020\/12\/06\/piden-cambios-en-minuta-de-marihuana\/","og_site_name":"Fer Abrajan","article_publisher":"https:\/\/www.facebook.com\/NoticiasconFerAbrajan\/","article_published_time":"2020-12-06T04:34:00+00:00","author":"admin","twitter_card":"summary_large_image","twitter_creator":"@ferabrajan1","twitter_site":"@ferabrajan1","twitter_misc":{"Escrito por":"admin","Tiempo de lectura":"2 minutos"},"schema":{"@context":"https:\/\/schema.org","@graph":[{"@type":"Article","@id":"https:\/\/ferabrajan.com\/portal\/2020\/12\/06\/piden-cambios-en-minuta-de-marihuana\/#article","isPartOf":{"@id":"https:\/\/ferabrajan.com\/portal\/2020\/12\/06\/piden-cambios-en-minuta-de-marihuana\/"},"author":{"name":"admin","@id":"https:\/\/ferabrajan.com\/portal\/#\/schema\/person\/f6113b3cb1e036d5c6a9505685b257ba"},"headline":"Piden cambios en minuta de marihuana","datePublished":"2020-12-06T04:34:00+00:00","mainEntityOfPage":{"@id":"https:\/\/ferabrajan.com\/portal\/2020\/12\/06\/piden-cambios-en-minuta-de-marihuana\/"},"wordCount":315,"commentCount":0,"publisher":{"@id":"https:\/\/ferabrajan.com\/portal\/#organization"},"image":{"@id":"https:\/\/ferabrajan.com\/portal\/2020\/12\/06\/piden-cambios-en-minuta-de-marihuana\/#primaryimage"},"thumbnailUrl":"","articleSection":["El Mundo"],"inLanguage":"es"},{"@type":"WebPage","@id":"https:\/\/ferabrajan.com\/portal\/2020\/12\/06\/piden-cambios-en-minuta-de-marihuana\/","url":"https:\/\/ferabrajan.com\/portal\/2020\/12\/06\/piden-cambios-en-minuta-de-marihuana\/","name":"Piden cambios en minuta de marihuana - Fer Abrajan","isPartOf":{"@id":"https:\/\/ferabrajan.com\/portal\/#website"},"primaryImageOfPage":{"@id":"https:\/\/ferabrajan.com\/portal\/2020\/12\/06\/piden-cambios-en-minuta-de-marihuana\/#primaryimage"},"image":{"@id":"https:\/\/ferabrajan.com\/portal\/2020\/12\/06\/piden-cambios-en-minuta-de-marihuana\/#primaryimage"},"thumbnailUrl":"","datePublished":"2020-12-06T04:34:00+00:00","breadcrumb":{"@id":"https:\/\/ferabrajan.com\/portal\/2020\/12\/06\/piden-cambios-en-minuta-de-marihuana\/#breadcrumb"},"inLanguage":"es","potentialAction":[{"@type":"ReadAction","target":["https:\/\/ferabrajan.com\/portal\/2020\/12\/06\/piden-cambios-en-minuta-de-marihuana\/"]}]},{"@type":"ImageObject","inLanguage":"es","@id":"https:\/\/ferabrajan.com\/portal\/2020\/12\/06\/piden-cambios-en-minuta-de-marihuana\/#primaryimage","url":"","contentUrl":""},{"@type":"BreadcrumbList","@id":"https:\/\/ferabrajan.com\/portal\/2020\/12\/06\/piden-cambios-en-minuta-de-marihuana\/#breadcrumb","itemListElement":[{"@type":"ListItem","position":1,"name":"Portada","item":"https:\/\/ferabrajan.com\/portal\/"},{"@type":"ListItem","position":2,"name":"Piden cambios en minuta de marihuana"}]},{"@type":"WebSite","@id":"https:\/\/ferabrajan.com\/portal\/#website","url":"https:\/\/ferabrajan.com\/portal\/","name":"Fer Abrajan","description":"Noticias de Puebla, opini\u00f3n y radio en vivo","publisher":{"@id":"https:\/\/ferabrajan.com\/portal\/#organization"},"potentialAction":[{"@type":"SearchAction","target":{"@type":"EntryPoint","urlTemplate":"https:\/\/ferabrajan.com\/portal\/?s={search_term_string}"},"query-input":{"@type":"PropertyValueSpecification","valueRequired":true,"valueName":"search_term_string"}}],"inLanguage":"es"},{"@type":"Organization","@id":"https:\/\/ferabrajan.com\/portal\/#organization","name":"Fer Abrajan","url":"https:\/\/ferabrajan.com\/portal\/","logo":{"@type":"ImageObject","inLanguage":"es","@id":"https:\/\/ferabrajan.com\/portal\/#\/schema\/logo\/image\/","url":"https:\/\/ferabrajan.com\/portal\/wp-content\/uploads\/2024\/10\/cropped-logo.jpeg","contentUrl":"https:\/\/ferabrajan.com\/portal\/wp-content\/uploads\/2024\/10\/cropped-logo.jpeg","width":500,"height":250,"caption":"Fer Abrajan"},"image":{"@id":"https:\/\/ferabrajan.com\/portal\/#\/schema\/logo\/image\/"},"sameAs":["https:\/\/www.facebook.com\/NoticiasconFerAbrajan\/","https:\/\/x.com\/ferabrajan1"]},{"@type":"Person","@id":"https:\/\/ferabrajan.com\/portal\/#\/schema\/person\/f6113b3cb1e036d5c6a9505685b257ba","name":"admin","image":{"@type":"ImageObject","inLanguage":"es","@id":"https:\/\/secure.gravatar.com\/avatar\/072baa72775aad53c748dfc5d3048578e01b6c087eef335459ebfa04344e2d18?s=96&d=mm&r=g","url":"https:\/\/secure.gravatar.com\/avatar\/072baa72775aad53c748dfc5d3048578e01b6c087eef335459ebfa04344e2d18?s=96&d=mm&r=g","contentUrl":"https:\/\/secure.gravatar.com\/avatar\/072baa72775aad53c748dfc5d3048578e01b6c087eef335459ebfa04344e2d18?s=96&d=mm&r=g","caption":"admin"},"sameAs":["https:\/\/ferabrajan.com\/portal"],"url":"https:\/\/ferabrajan.com\/portal\/author\/admin\/"}]}},"_links":{"self":[{"href":"https:\/\/ferabrajan.com\/portal\/wp-json\/wp\/v2\/posts\/22286","targetHints":{"allow":["GET"]}}],"collection":[{"href":"https:\/\/ferabrajan.com\/portal\/wp-json\/wp\/v2\/posts"}],"about":[{"href":"https:\/\/ferabrajan.com\/portal\/wp-json\/wp\/v2\/types\/post"}],"author":[{"embeddable":true,"href":"https:\/\/ferabrajan.com\/portal\/wp-json\/wp\/v2\/users\/1"}],"replies":[{"embeddable":true,"href":"https:\/\/ferabrajan.com\/portal\/wp-json\/wp\/v2\/comments?post=22286"}],"version-history":[{"count":0,"href":"https:\/\/ferabrajan.com\/portal\/wp-json\/wp\/v2\/posts\/22286\/revisions"}],"wp:attachment":[{"href":"https:\/\/ferabrajan.com\/portal\/wp-json\/wp\/v2\/media?parent=22286"}],"wp:term":[{"taxonomy":"category","embeddable":true,"href":"https:\/\/ferabrajan.com\/portal\/wp-json\/wp\/v2\/categories?post=22286"},{"taxonomy":"post_tag","embeddable":true,"href":"https:\/\/ferabrajan.com\/portal\/wp-json\/wp\/v2\/tags?post=22286"}],"curies":[{"name":"wp","href":"https:\/\/api.w.org\/{rel}","templated":true}]}}