{"id":22281,"date":"2020-12-06T04:40:00","date_gmt":"2020-12-06T04:40:00","guid":{"rendered":"http:\/\/www.ferabrajan.com\/2020\/12\/06\/destacan-papel-de-redes-sociales-en-la-pandemia\/"},"modified":"2020-12-06T04:40:00","modified_gmt":"2020-12-06T04:40:00","slug":"destacan-papel-de-redes-sociales-en-la-pandemia","status":"publish","type":"post","link":"https:\/\/ferabrajan.com\/portal\/2020\/12\/06\/destacan-papel-de-redes-sociales-en-la-pandemia\/","title":{"rendered":"Destacan papel de redes sociales en la pandemia"},"content":{"rendered":"<p>Tlaxcala, Tlax.\u2014 El Concurso Nacional de Oratoria 2020 M\u00e9xico Tiene la Palabra, durante m\u00e1s de 10 horas, fue espacio para el an\u00e1lisis de siete temas, en los que los concursantes de toda la Rep\u00fablica mostraron su dominio de la actualidad mexicana.<\/p>\n<p>Las modalidades de discurso improvisado y debate entre oradores fueron las fases que calific\u00f3 el jurado, con la asignaci\u00f3n de rubros al azar que debieron ser expuestos casi de inmediato por los participantes.<\/p>\n<p>El presidente del Instituto Global de Comunicaci\u00f3n y Expresi\u00f3n P\u00fablica (IGCEP), Enrique Bustamante Mart\u00ednez, dijo que el Concurso Nacional de Oratoria tiene su ra\u00edz en la justa de la palabra instituida en 1926 por el fundador de esta casa editorial, F\u00e9lix F. Palavicini, y que continu\u00f3 con el Presidente Ejecutivo y del Consejo de Administraci\u00f3n de <a href=\"https:\/\/www.eluniversal.com.mx\/\" target=\"_blank\" rel=\"noopener noreferrer\"><strong>EL UNIVERSAL<\/strong><\/a>, Licenciado <strong>Juan Francisco Ealy Ortiz<\/strong>; en esta ocasi\u00f3n hubo una audiencia de M\u00e9xico e Iberoam\u00e9rica que se enlaz\u00f3 v\u00eda redes sociales.<\/p>\n<p>En Facebook y YouTube el concurso se reprodujo por 43 mil 242 minutos, y capt\u00f3 la atenci\u00f3n de 20 mil 209 personas. Bustamante Mart\u00ednez dijo que con anterioridad al uso de las redes no se hubiera alcanzado esa audiencia.<\/p>\n<p><strong>Tambi\u00e9n lee:<\/strong>&nbsp;<a href=\"https:\/\/www.eluniversal.com.mx\/nacion\/compiten-por-la-gloria-en-fraternidad\" target=\"_blank\" rel=\"noopener noreferrer\"><strong>Compiten por la gloria en fraternidad<\/strong><\/a><\/p>\n<p>En la modalidad de discurso improvisado, los oradores tuvieron cuatro minutos para preparar sus exposiciones en materias como: el papel de la mujer en M\u00e9xico; periodismo, oratoria y comunicaci\u00f3n; pol\u00edtica y democracia; tecnolog\u00eda, econom\u00eda, cultura, historia y medio ambiente.<\/p>\n<p>En la contienda en la que se confrontan pares de oradores, por azar del jurado, les fueron asignadas intervenciones a favor y en contra, lo que puso a prueba su capacidad de discusi\u00f3n, agilidad mental y el conocimiento de m\u00faltiples temas que van desde el federalismo, el ejercicio de la libertad de prensa en M\u00e9xico, el combate a la corrupci\u00f3n y la inseguridad p\u00fablica, entre otros.<\/p>\n<p>Destac\u00f3 el conocimiento de la actualidad en Tlaxcala, que es uno de los estados con crecimiento econ\u00f3mico en el contexto de la emergencia sanitaria, pues cuenta con una gesti\u00f3n exitosa de la pandemia. La problem\u00e1tica que se desprende del Covid-19 se present\u00f3 en los siete rubros para los cuales los concursantes pudieron prepararse desde su inscripci\u00f3n.<\/p>\n<p>Esta modalidad de la expresi\u00f3n oral propicia que quienes cultivan la comunicaci\u00f3n mediante la palabra hablada estudien la gama de materias que interesan a la sociedad, para que su improvisaci\u00f3n est\u00e9 fundamentada.<\/p>\n<p><img decoding=\"async\" alt=\"a10-otra_120592106.jpg\" src=\"https:\/\/www.eluniversal.com.mx\/sites\/default\/files\/u41357\/a10-otra_120592106.jpg\"><br \/><em>Las modalidades de discurso improvisado fueron las que el jurado calific\u00f3, con la asignaci\u00f3n de rubros al azar.<\/em><br \/>&nbsp;<\/p>\n<p>Con base en las reglas del concurso, los oradores debieron formular referencias a Tlaxcala y as\u00ed, al llegar a esta ciudad, los participantes de cada estado ya contaban con un conocimiento de la historia, econom\u00eda, cultura y actualidades del gobierno.<\/p>\n<p>Los oradores escucharon a sus compa\u00f1eros de concurso en sus distintas participaciones, lo cual propici\u00f3 que valoraran sus propios enfoques sobre t\u00f3picos que derivan de la pandemia. Ampliaron sus conocimientos en cuestiones como la calidad de la educaci\u00f3n a distancia, el trabajo en casa, las opciones del autoempleo y apoyos a la poblaci\u00f3n en la crisis sanitaria.<\/p>\n<p>Escucharon o les toc\u00f3 presentar su prueba de discurso sobre los retos del periodismo en las contingencias de salud, en el marco de la inseguridad p\u00fablica, y se adentraron en la revisi\u00f3n de los escenarios de noticias falsas y el fen\u00f3meno de infodemia.<\/p>\n<p>Desde luego, la comunicaci\u00f3n en la era digital, que se ha convertido en alternativa de m\u00faltiples actividades, tanto educativas como productivas y comerciales, ocup\u00f3 a los oradores y qued\u00f3 de manifiesto la desventaja en la que se encuentran algunos grupos que incluso carecen de servicios como el internet.<\/p>\n<p>Los participantes tuvieron oportunidad de abordar la funci\u00f3n que cumplen las redes sociales en torno a las que est\u00e1 abierto un debate en la sociedad misma.<\/p>\n<p>Publicaci\u00f3n Original: <a href=\"https:\/\/www.eluniversal.com.mx\/nacion\/destacan-papel-de-redes-sociales-en-la-pandemia\" target=\"_blank\" rel=\"noopener noreferrer\">https:\/\/www.eluniversal.com.mx\/nacion\/destacan-papel-de-redes-sociales-en-la-pandemia<\/a><\/p>\n","protected":false},"excerpt":{"rendered":"<p>Tlaxcala, Tlax.\u2014 El Concurso Nacional de Oratoria 2020 M\u00e9xico Tiene la Palabra, durante m\u00e1s de 10 horas, fue espacio para el an\u00e1lisis de siete temas, en los que los concursantes de toda la Rep\u00fablica mostraron su dominio de la actualidad mexicana. Las modalidades de discurso improvisado y debate entre oradores fueron las fases que calific\u00f3 el jurado, con la asignaci\u00f3n de rubros al azar que debieron ser expuestos casi de inmediato por los participantes. El presidente del Instituto Global de Comunicaci\u00f3n y Expresi\u00f3n P\u00fablica (IGCEP), Enrique Bustamante Mart\u00ednez, dijo que el Concurso Nacional de Oratoria tiene su ra\u00edz en la justa de la palabra instituida en 1926 por el fundador de esta casa editorial, F\u00e9lix F. Palavicini, y que continu\u00f3 con el Presidente Ejecutivo y del Consejo de Administraci\u00f3n de EL UNIVERSAL, Licenciado Juan Francisco Ealy Ortiz; en esta ocasi\u00f3n hubo una audiencia de M\u00e9xico e Iberoam\u00e9rica que se enlaz\u00f3 v\u00eda redes sociales. En Facebook y YouTube el concurso se reprodujo por 43 mil 242 minutos, y capt\u00f3 la atenci\u00f3n de 20 mil 209 personas. Bustamante Mart\u00ednez dijo que con anterioridad al uso de las redes no se hubiera alcanzado esa audiencia. Tambi\u00e9n lee:&nbsp;Compiten por la gloria en fraternidad En la modalidad de discurso improvisado, los oradores tuvieron cuatro minutos para preparar sus exposiciones en materias como: el papel de la mujer en M\u00e9xico; periodismo, oratoria y comunicaci\u00f3n; pol\u00edtica y democracia; tecnolog\u00eda, econom\u00eda, cultura, historia y medio ambiente. En la contienda en la que se confrontan pares de oradores, por azar del jurado, les fueron asignadas intervenciones a favor y en contra, lo que puso a prueba su capacidad de discusi\u00f3n, agilidad mental y el conocimiento de m\u00faltiples temas que van desde el federalismo, el ejercicio de la libertad de prensa en M\u00e9xico, el combate a la corrupci\u00f3n y la inseguridad p\u00fablica, entre otros. Destac\u00f3 el conocimiento de la actualidad en Tlaxcala, que es uno de los estados con crecimiento econ\u00f3mico en el contexto de la emergencia sanitaria, pues cuenta con una gesti\u00f3n exitosa de la pandemia. La problem\u00e1tica que se desprende del Covid-19 se present\u00f3 en los siete rubros para los cuales los concursantes pudieron prepararse desde su inscripci\u00f3n. Esta modalidad de la expresi\u00f3n oral propicia que quienes cultivan la comunicaci\u00f3n mediante la palabra hablada estudien la gama de materias que interesan a la sociedad, para que su improvisaci\u00f3n est\u00e9 fundamentada. Las modalidades de discurso improvisado fueron las que el jurado calific\u00f3, con la asignaci\u00f3n de rubros al azar.&nbsp; Con base en las reglas del concurso, los oradores debieron formular referencias a Tlaxcala y as\u00ed, al llegar a esta ciudad, los participantes de cada estado ya contaban con un conocimiento de la historia, econom\u00eda, cultura y actualidades del gobierno. Los oradores escucharon a sus compa\u00f1eros de concurso en sus distintas participaciones, lo cual propici\u00f3 que valoraran sus propios enfoques sobre t\u00f3picos que derivan de la pandemia. Ampliaron sus conocimientos en cuestiones como la calidad de la educaci\u00f3n a distancia, el trabajo en casa, las opciones del autoempleo y apoyos a la poblaci\u00f3n en la crisis sanitaria. Escucharon o les toc\u00f3 presentar su prueba de discurso sobre los retos del periodismo en las contingencias de salud, en el marco de la inseguridad p\u00fablica, y se adentraron en la revisi\u00f3n de los escenarios de noticias falsas y el fen\u00f3meno de infodemia. Desde luego, la comunicaci\u00f3n en la era digital, que se ha convertido en alternativa de m\u00faltiples actividades, tanto educativas como productivas y comerciales, ocup\u00f3 a los oradores y qued\u00f3 de manifiesto la desventaja en la que se encuentran algunos grupos que incluso carecen de servicios como el internet. Los participantes tuvieron oportunidad de abordar la funci\u00f3n que cumplen las redes sociales en torno a las que est\u00e1 abierto un debate en la sociedad misma. Publicaci\u00f3n Original: https:\/\/www.eluniversal.com.mx\/nacion\/destacan-papel-de-redes-sociales-en-la-pandemia<\/p>\n","protected":false},"author":1,"featured_media":22285,"comment_status":"open","ping_status":"closed","sticky":false,"template":"","format":"standard","meta":{"_monsterinsights_skip_tracking":false,"_uf_show_specific_survey":0,"_uf_disable_surveys":false,"footnotes":""},"categories":[36],"tags":[],"class_list":["post-22281","post","type-post","status-publish","format-standard","has-post-thumbnail","hentry","category-el-mundo"],"yoast_head":"<!-- This site is optimized with the Yoast SEO plugin v27.5 - https:\/\/yoast.com\/product\/yoast-seo-wordpress\/ -->\n<title>Destacan papel de redes sociales en la pandemia - Fer Abrajan<\/title>\n<meta name=\"robots\" content=\"index, follow, max-snippet:-1, max-image-preview:large, max-video-preview:-1\" \/>\n<link rel=\"canonical\" href=\"https:\/\/ferabrajan.com\/portal\/2020\/12\/06\/destacan-papel-de-redes-sociales-en-la-pandemia\/\" \/>\n<meta property=\"og:locale\" content=\"es_ES\" \/>\n<meta property=\"og:type\" content=\"article\" \/>\n<meta property=\"og:title\" content=\"Destacan papel de redes sociales en la pandemia - Fer Abrajan\" \/>\n<meta property=\"og:description\" content=\"Tlaxcala, Tlax.\u2014 El Concurso Nacional de Oratoria 2020 M\u00e9xico Tiene la Palabra, durante m\u00e1s de 10 horas, fue espacio para el an\u00e1lisis de siete temas, en los que los concursantes de toda la Rep\u00fablica mostraron su dominio de la actualidad mexicana. Las modalidades de discurso improvisado y debate entre oradores fueron las fases que calific\u00f3 el jurado, con la asignaci\u00f3n de rubros al azar que debieron ser expuestos casi de inmediato por los participantes. El presidente del Instituto Global de Comunicaci\u00f3n y Expresi\u00f3n P\u00fablica (IGCEP), Enrique Bustamante Mart\u00ednez, dijo que el Concurso Nacional de Oratoria tiene su ra\u00edz en la justa de la palabra instituida en 1926 por el fundador de esta casa editorial, F\u00e9lix F. Palavicini, y que continu\u00f3 con el Presidente Ejecutivo y del Consejo de Administraci\u00f3n de EL UNIVERSAL, Licenciado Juan Francisco Ealy Ortiz; en esta ocasi\u00f3n hubo una audiencia de M\u00e9xico e Iberoam\u00e9rica que se enlaz\u00f3 v\u00eda redes sociales. En Facebook y YouTube el concurso se reprodujo por 43 mil 242 minutos, y capt\u00f3 la atenci\u00f3n de 20 mil 209 personas. Bustamante Mart\u00ednez dijo que con anterioridad al uso de las redes no se hubiera alcanzado esa audiencia. Tambi\u00e9n lee:&nbsp;Compiten por la gloria en fraternidad En la modalidad de discurso improvisado, los oradores tuvieron cuatro minutos para preparar sus exposiciones en materias como: el papel de la mujer en M\u00e9xico; periodismo, oratoria y comunicaci\u00f3n; pol\u00edtica y democracia; tecnolog\u00eda, econom\u00eda, cultura, historia y medio ambiente. En la contienda en la que se confrontan pares de oradores, por azar del jurado, les fueron asignadas intervenciones a favor y en contra, lo que puso a prueba su capacidad de discusi\u00f3n, agilidad mental y el conocimiento de m\u00faltiples temas que van desde el federalismo, el ejercicio de la libertad de prensa en M\u00e9xico, el combate a la corrupci\u00f3n y la inseguridad p\u00fablica, entre otros. Destac\u00f3 el conocimiento de la actualidad en Tlaxcala, que es uno de los estados con crecimiento econ\u00f3mico en el contexto de la emergencia sanitaria, pues cuenta con una gesti\u00f3n exitosa de la pandemia. La problem\u00e1tica que se desprende del Covid-19 se present\u00f3 en los siete rubros para los cuales los concursantes pudieron prepararse desde su inscripci\u00f3n. Esta modalidad de la expresi\u00f3n oral propicia que quienes cultivan la comunicaci\u00f3n mediante la palabra hablada estudien la gama de materias que interesan a la sociedad, para que su improvisaci\u00f3n est\u00e9 fundamentada. Las modalidades de discurso improvisado fueron las que el jurado calific\u00f3, con la asignaci\u00f3n de rubros al azar.&nbsp; Con base en las reglas del concurso, los oradores debieron formular referencias a Tlaxcala y as\u00ed, al llegar a esta ciudad, los participantes de cada estado ya contaban con un conocimiento de la historia, econom\u00eda, cultura y actualidades del gobierno. Los oradores escucharon a sus compa\u00f1eros de concurso en sus distintas participaciones, lo cual propici\u00f3 que valoraran sus propios enfoques sobre t\u00f3picos que derivan de la pandemia. Ampliaron sus conocimientos en cuestiones como la calidad de la educaci\u00f3n a distancia, el trabajo en casa, las opciones del autoempleo y apoyos a la poblaci\u00f3n en la crisis sanitaria. Escucharon o les toc\u00f3 presentar su prueba de discurso sobre los retos del periodismo en las contingencias de salud, en el marco de la inseguridad p\u00fablica, y se adentraron en la revisi\u00f3n de los escenarios de noticias falsas y el fen\u00f3meno de infodemia. Desde luego, la comunicaci\u00f3n en la era digital, que se ha convertido en alternativa de m\u00faltiples actividades, tanto educativas como productivas y comerciales, ocup\u00f3 a los oradores y qued\u00f3 de manifiesto la desventaja en la que se encuentran algunos grupos que incluso carecen de servicios como el internet. Los participantes tuvieron oportunidad de abordar la funci\u00f3n que cumplen las redes sociales en torno a las que est\u00e1 abierto un debate en la sociedad misma. Publicaci\u00f3n Original: https:\/\/www.eluniversal.com.mx\/nacion\/destacan-papel-de-redes-sociales-en-la-pandemia\" \/>\n<meta property=\"og:url\" content=\"https:\/\/ferabrajan.com\/portal\/2020\/12\/06\/destacan-papel-de-redes-sociales-en-la-pandemia\/\" \/>\n<meta property=\"og:site_name\" content=\"Fer Abrajan\" \/>\n<meta property=\"article:publisher\" content=\"https:\/\/www.facebook.com\/NoticiasconFerAbrajan\/\" \/>\n<meta property=\"article:published_time\" content=\"2020-12-06T04:40:00+00:00\" \/>\n<meta name=\"author\" content=\"admin\" \/>\n<meta name=\"twitter:card\" content=\"summary_large_image\" \/>\n<meta name=\"twitter:creator\" content=\"@ferabrajan1\" \/>\n<meta name=\"twitter:site\" content=\"@ferabrajan1\" \/>\n<meta name=\"twitter:label1\" content=\"Escrito por\" \/>\n\t<meta name=\"twitter:data1\" content=\"admin\" \/>\n\t<meta name=\"twitter:label2\" content=\"Tiempo de lectura\" \/>\n\t<meta name=\"twitter:data2\" content=\"3 minutos\" \/>\n<script type=\"application\/ld+json\" class=\"yoast-schema-graph\">{\"@context\":\"https:\\\/\\\/schema.org\",\"@graph\":[{\"@type\":\"Article\",\"@id\":\"https:\\\/\\\/ferabrajan.com\\\/portal\\\/2020\\\/12\\\/06\\\/destacan-papel-de-redes-sociales-en-la-pandemia\\\/#article\",\"isPartOf\":{\"@id\":\"https:\\\/\\\/ferabrajan.com\\\/portal\\\/2020\\\/12\\\/06\\\/destacan-papel-de-redes-sociales-en-la-pandemia\\\/\"},\"author\":{\"name\":\"admin\",\"@id\":\"https:\\\/\\\/ferabrajan.com\\\/portal\\\/#\\\/schema\\\/person\\\/f6113b3cb1e036d5c6a9505685b257ba\"},\"headline\":\"Destacan papel de redes sociales en la pandemia\",\"datePublished\":\"2020-12-06T04:40:00+00:00\",\"mainEntityOfPage\":{\"@id\":\"https:\\\/\\\/ferabrajan.com\\\/portal\\\/2020\\\/12\\\/06\\\/destacan-papel-de-redes-sociales-en-la-pandemia\\\/\"},\"wordCount\":686,\"commentCount\":0,\"publisher\":{\"@id\":\"https:\\\/\\\/ferabrajan.com\\\/portal\\\/#organization\"},\"image\":{\"@id\":\"https:\\\/\\\/ferabrajan.com\\\/portal\\\/2020\\\/12\\\/06\\\/destacan-papel-de-redes-sociales-en-la-pandemia\\\/#primaryimage\"},\"thumbnailUrl\":\"\",\"articleSection\":[\"El Mundo\"],\"inLanguage\":\"es\"},{\"@type\":\"WebPage\",\"@id\":\"https:\\\/\\\/ferabrajan.com\\\/portal\\\/2020\\\/12\\\/06\\\/destacan-papel-de-redes-sociales-en-la-pandemia\\\/\",\"url\":\"https:\\\/\\\/ferabrajan.com\\\/portal\\\/2020\\\/12\\\/06\\\/destacan-papel-de-redes-sociales-en-la-pandemia\\\/\",\"name\":\"Destacan papel de redes sociales en la pandemia - Fer Abrajan\",\"isPartOf\":{\"@id\":\"https:\\\/\\\/ferabrajan.com\\\/portal\\\/#website\"},\"primaryImageOfPage\":{\"@id\":\"https:\\\/\\\/ferabrajan.com\\\/portal\\\/2020\\\/12\\\/06\\\/destacan-papel-de-redes-sociales-en-la-pandemia\\\/#primaryimage\"},\"image\":{\"@id\":\"https:\\\/\\\/ferabrajan.com\\\/portal\\\/2020\\\/12\\\/06\\\/destacan-papel-de-redes-sociales-en-la-pandemia\\\/#primaryimage\"},\"thumbnailUrl\":\"\",\"datePublished\":\"2020-12-06T04:40:00+00:00\",\"breadcrumb\":{\"@id\":\"https:\\\/\\\/ferabrajan.com\\\/portal\\\/2020\\\/12\\\/06\\\/destacan-papel-de-redes-sociales-en-la-pandemia\\\/#breadcrumb\"},\"inLanguage\":\"es\",\"potentialAction\":[{\"@type\":\"ReadAction\",\"target\":[\"https:\\\/\\\/ferabrajan.com\\\/portal\\\/2020\\\/12\\\/06\\\/destacan-papel-de-redes-sociales-en-la-pandemia\\\/\"]}]},{\"@type\":\"ImageObject\",\"inLanguage\":\"es\",\"@id\":\"https:\\\/\\\/ferabrajan.com\\\/portal\\\/2020\\\/12\\\/06\\\/destacan-papel-de-redes-sociales-en-la-pandemia\\\/#primaryimage\",\"url\":\"\",\"contentUrl\":\"\"},{\"@type\":\"BreadcrumbList\",\"@id\":\"https:\\\/\\\/ferabrajan.com\\\/portal\\\/2020\\\/12\\\/06\\\/destacan-papel-de-redes-sociales-en-la-pandemia\\\/#breadcrumb\",\"itemListElement\":[{\"@type\":\"ListItem\",\"position\":1,\"name\":\"Portada\",\"item\":\"https:\\\/\\\/ferabrajan.com\\\/portal\\\/\"},{\"@type\":\"ListItem\",\"position\":2,\"name\":\"Destacan papel de redes sociales en la pandemia\"}]},{\"@type\":\"WebSite\",\"@id\":\"https:\\\/\\\/ferabrajan.com\\\/portal\\\/#website\",\"url\":\"https:\\\/\\\/ferabrajan.com\\\/portal\\\/\",\"name\":\"Fer Abrajan\",\"description\":\"Noticias de Puebla, opini\u00f3n y radio en vivo\",\"publisher\":{\"@id\":\"https:\\\/\\\/ferabrajan.com\\\/portal\\\/#organization\"},\"potentialAction\":[{\"@type\":\"SearchAction\",\"target\":{\"@type\":\"EntryPoint\",\"urlTemplate\":\"https:\\\/\\\/ferabrajan.com\\\/portal\\\/?s={search_term_string}\"},\"query-input\":{\"@type\":\"PropertyValueSpecification\",\"valueRequired\":true,\"valueName\":\"search_term_string\"}}],\"inLanguage\":\"es\"},{\"@type\":\"Organization\",\"@id\":\"https:\\\/\\\/ferabrajan.com\\\/portal\\\/#organization\",\"name\":\"Fer Abrajan\",\"url\":\"https:\\\/\\\/ferabrajan.com\\\/portal\\\/\",\"logo\":{\"@type\":\"ImageObject\",\"inLanguage\":\"es\",\"@id\":\"https:\\\/\\\/ferabrajan.com\\\/portal\\\/#\\\/schema\\\/logo\\\/image\\\/\",\"url\":\"https:\\\/\\\/ferabrajan.com\\\/portal\\\/wp-content\\\/uploads\\\/2024\\\/10\\\/cropped-logo.jpeg\",\"contentUrl\":\"https:\\\/\\\/ferabrajan.com\\\/portal\\\/wp-content\\\/uploads\\\/2024\\\/10\\\/cropped-logo.jpeg\",\"width\":500,\"height\":250,\"caption\":\"Fer Abrajan\"},\"image\":{\"@id\":\"https:\\\/\\\/ferabrajan.com\\\/portal\\\/#\\\/schema\\\/logo\\\/image\\\/\"},\"sameAs\":[\"https:\\\/\\\/www.facebook.com\\\/NoticiasconFerAbrajan\\\/\",\"https:\\\/\\\/x.com\\\/ferabrajan1\"]},{\"@type\":\"Person\",\"@id\":\"https:\\\/\\\/ferabrajan.com\\\/portal\\\/#\\\/schema\\\/person\\\/f6113b3cb1e036d5c6a9505685b257ba\",\"name\":\"admin\",\"image\":{\"@type\":\"ImageObject\",\"inLanguage\":\"es\",\"@id\":\"https:\\\/\\\/secure.gravatar.com\\\/avatar\\\/072baa72775aad53c748dfc5d3048578e01b6c087eef335459ebfa04344e2d18?s=96&d=mm&r=g\",\"url\":\"https:\\\/\\\/secure.gravatar.com\\\/avatar\\\/072baa72775aad53c748dfc5d3048578e01b6c087eef335459ebfa04344e2d18?s=96&d=mm&r=g\",\"contentUrl\":\"https:\\\/\\\/secure.gravatar.com\\\/avatar\\\/072baa72775aad53c748dfc5d3048578e01b6c087eef335459ebfa04344e2d18?s=96&d=mm&r=g\",\"caption\":\"admin\"},\"sameAs\":[\"https:\\\/\\\/ferabrajan.com\\\/portal\"],\"url\":\"https:\\\/\\\/ferabrajan.com\\\/portal\\\/author\\\/admin\\\/\"}]}<\/script>\n<!-- \/ Yoast SEO plugin. -->","yoast_head_json":{"title":"Destacan papel de redes sociales en la pandemia - Fer Abrajan","robots":{"index":"index","follow":"follow","max-snippet":"max-snippet:-1","max-image-preview":"max-image-preview:large","max-video-preview":"max-video-preview:-1"},"canonical":"https:\/\/ferabrajan.com\/portal\/2020\/12\/06\/destacan-papel-de-redes-sociales-en-la-pandemia\/","og_locale":"es_ES","og_type":"article","og_title":"Destacan papel de redes sociales en la pandemia - Fer Abrajan","og_description":"Tlaxcala, Tlax.\u2014 El Concurso Nacional de Oratoria 2020 M\u00e9xico Tiene la Palabra, durante m\u00e1s de 10 horas, fue espacio para el an\u00e1lisis de siete temas, en los que los concursantes de toda la Rep\u00fablica mostraron su dominio de la actualidad mexicana. Las modalidades de discurso improvisado y debate entre oradores fueron las fases que calific\u00f3 el jurado, con la asignaci\u00f3n de rubros al azar que debieron ser expuestos casi de inmediato por los participantes. El presidente del Instituto Global de Comunicaci\u00f3n y Expresi\u00f3n P\u00fablica (IGCEP), Enrique Bustamante Mart\u00ednez, dijo que el Concurso Nacional de Oratoria tiene su ra\u00edz en la justa de la palabra instituida en 1926 por el fundador de esta casa editorial, F\u00e9lix F. Palavicini, y que continu\u00f3 con el Presidente Ejecutivo y del Consejo de Administraci\u00f3n de EL UNIVERSAL, Licenciado Juan Francisco Ealy Ortiz; en esta ocasi\u00f3n hubo una audiencia de M\u00e9xico e Iberoam\u00e9rica que se enlaz\u00f3 v\u00eda redes sociales. En Facebook y YouTube el concurso se reprodujo por 43 mil 242 minutos, y capt\u00f3 la atenci\u00f3n de 20 mil 209 personas. Bustamante Mart\u00ednez dijo que con anterioridad al uso de las redes no se hubiera alcanzado esa audiencia. Tambi\u00e9n lee:&nbsp;Compiten por la gloria en fraternidad En la modalidad de discurso improvisado, los oradores tuvieron cuatro minutos para preparar sus exposiciones en materias como: el papel de la mujer en M\u00e9xico; periodismo, oratoria y comunicaci\u00f3n; pol\u00edtica y democracia; tecnolog\u00eda, econom\u00eda, cultura, historia y medio ambiente. En la contienda en la que se confrontan pares de oradores, por azar del jurado, les fueron asignadas intervenciones a favor y en contra, lo que puso a prueba su capacidad de discusi\u00f3n, agilidad mental y el conocimiento de m\u00faltiples temas que van desde el federalismo, el ejercicio de la libertad de prensa en M\u00e9xico, el combate a la corrupci\u00f3n y la inseguridad p\u00fablica, entre otros. Destac\u00f3 el conocimiento de la actualidad en Tlaxcala, que es uno de los estados con crecimiento econ\u00f3mico en el contexto de la emergencia sanitaria, pues cuenta con una gesti\u00f3n exitosa de la pandemia. La problem\u00e1tica que se desprende del Covid-19 se present\u00f3 en los siete rubros para los cuales los concursantes pudieron prepararse desde su inscripci\u00f3n. Esta modalidad de la expresi\u00f3n oral propicia que quienes cultivan la comunicaci\u00f3n mediante la palabra hablada estudien la gama de materias que interesan a la sociedad, para que su improvisaci\u00f3n est\u00e9 fundamentada. Las modalidades de discurso improvisado fueron las que el jurado calific\u00f3, con la asignaci\u00f3n de rubros al azar.&nbsp; Con base en las reglas del concurso, los oradores debieron formular referencias a Tlaxcala y as\u00ed, al llegar a esta ciudad, los participantes de cada estado ya contaban con un conocimiento de la historia, econom\u00eda, cultura y actualidades del gobierno. Los oradores escucharon a sus compa\u00f1eros de concurso en sus distintas participaciones, lo cual propici\u00f3 que valoraran sus propios enfoques sobre t\u00f3picos que derivan de la pandemia. Ampliaron sus conocimientos en cuestiones como la calidad de la educaci\u00f3n a distancia, el trabajo en casa, las opciones del autoempleo y apoyos a la poblaci\u00f3n en la crisis sanitaria. Escucharon o les toc\u00f3 presentar su prueba de discurso sobre los retos del periodismo en las contingencias de salud, en el marco de la inseguridad p\u00fablica, y se adentraron en la revisi\u00f3n de los escenarios de noticias falsas y el fen\u00f3meno de infodemia. Desde luego, la comunicaci\u00f3n en la era digital, que se ha convertido en alternativa de m\u00faltiples actividades, tanto educativas como productivas y comerciales, ocup\u00f3 a los oradores y qued\u00f3 de manifiesto la desventaja en la que se encuentran algunos grupos que incluso carecen de servicios como el internet. Los participantes tuvieron oportunidad de abordar la funci\u00f3n que cumplen las redes sociales en torno a las que est\u00e1 abierto un debate en la sociedad misma. Publicaci\u00f3n Original: https:\/\/www.eluniversal.com.mx\/nacion\/destacan-papel-de-redes-sociales-en-la-pandemia","og_url":"https:\/\/ferabrajan.com\/portal\/2020\/12\/06\/destacan-papel-de-redes-sociales-en-la-pandemia\/","og_site_name":"Fer Abrajan","article_publisher":"https:\/\/www.facebook.com\/NoticiasconFerAbrajan\/","article_published_time":"2020-12-06T04:40:00+00:00","author":"admin","twitter_card":"summary_large_image","twitter_creator":"@ferabrajan1","twitter_site":"@ferabrajan1","twitter_misc":{"Escrito por":"admin","Tiempo de lectura":"3 minutos"},"schema":{"@context":"https:\/\/schema.org","@graph":[{"@type":"Article","@id":"https:\/\/ferabrajan.com\/portal\/2020\/12\/06\/destacan-papel-de-redes-sociales-en-la-pandemia\/#article","isPartOf":{"@id":"https:\/\/ferabrajan.com\/portal\/2020\/12\/06\/destacan-papel-de-redes-sociales-en-la-pandemia\/"},"author":{"name":"admin","@id":"https:\/\/ferabrajan.com\/portal\/#\/schema\/person\/f6113b3cb1e036d5c6a9505685b257ba"},"headline":"Destacan papel de redes sociales en la pandemia","datePublished":"2020-12-06T04:40:00+00:00","mainEntityOfPage":{"@id":"https:\/\/ferabrajan.com\/portal\/2020\/12\/06\/destacan-papel-de-redes-sociales-en-la-pandemia\/"},"wordCount":686,"commentCount":0,"publisher":{"@id":"https:\/\/ferabrajan.com\/portal\/#organization"},"image":{"@id":"https:\/\/ferabrajan.com\/portal\/2020\/12\/06\/destacan-papel-de-redes-sociales-en-la-pandemia\/#primaryimage"},"thumbnailUrl":"","articleSection":["El Mundo"],"inLanguage":"es"},{"@type":"WebPage","@id":"https:\/\/ferabrajan.com\/portal\/2020\/12\/06\/destacan-papel-de-redes-sociales-en-la-pandemia\/","url":"https:\/\/ferabrajan.com\/portal\/2020\/12\/06\/destacan-papel-de-redes-sociales-en-la-pandemia\/","name":"Destacan papel de redes sociales en la pandemia - Fer Abrajan","isPartOf":{"@id":"https:\/\/ferabrajan.com\/portal\/#website"},"primaryImageOfPage":{"@id":"https:\/\/ferabrajan.com\/portal\/2020\/12\/06\/destacan-papel-de-redes-sociales-en-la-pandemia\/#primaryimage"},"image":{"@id":"https:\/\/ferabrajan.com\/portal\/2020\/12\/06\/destacan-papel-de-redes-sociales-en-la-pandemia\/#primaryimage"},"thumbnailUrl":"","datePublished":"2020-12-06T04:40:00+00:00","breadcrumb":{"@id":"https:\/\/ferabrajan.com\/portal\/2020\/12\/06\/destacan-papel-de-redes-sociales-en-la-pandemia\/#breadcrumb"},"inLanguage":"es","potentialAction":[{"@type":"ReadAction","target":["https:\/\/ferabrajan.com\/portal\/2020\/12\/06\/destacan-papel-de-redes-sociales-en-la-pandemia\/"]}]},{"@type":"ImageObject","inLanguage":"es","@id":"https:\/\/ferabrajan.com\/portal\/2020\/12\/06\/destacan-papel-de-redes-sociales-en-la-pandemia\/#primaryimage","url":"","contentUrl":""},{"@type":"BreadcrumbList","@id":"https:\/\/ferabrajan.com\/portal\/2020\/12\/06\/destacan-papel-de-redes-sociales-en-la-pandemia\/#breadcrumb","itemListElement":[{"@type":"ListItem","position":1,"name":"Portada","item":"https:\/\/ferabrajan.com\/portal\/"},{"@type":"ListItem","position":2,"name":"Destacan papel de redes sociales en la pandemia"}]},{"@type":"WebSite","@id":"https:\/\/ferabrajan.com\/portal\/#website","url":"https:\/\/ferabrajan.com\/portal\/","name":"Fer Abrajan","description":"Noticias de Puebla, opini\u00f3n y radio en vivo","publisher":{"@id":"https:\/\/ferabrajan.com\/portal\/#organization"},"potentialAction":[{"@type":"SearchAction","target":{"@type":"EntryPoint","urlTemplate":"https:\/\/ferabrajan.com\/portal\/?s={search_term_string}"},"query-input":{"@type":"PropertyValueSpecification","valueRequired":true,"valueName":"search_term_string"}}],"inLanguage":"es"},{"@type":"Organization","@id":"https:\/\/ferabrajan.com\/portal\/#organization","name":"Fer Abrajan","url":"https:\/\/ferabrajan.com\/portal\/","logo":{"@type":"ImageObject","inLanguage":"es","@id":"https:\/\/ferabrajan.com\/portal\/#\/schema\/logo\/image\/","url":"https:\/\/ferabrajan.com\/portal\/wp-content\/uploads\/2024\/10\/cropped-logo.jpeg","contentUrl":"https:\/\/ferabrajan.com\/portal\/wp-content\/uploads\/2024\/10\/cropped-logo.jpeg","width":500,"height":250,"caption":"Fer Abrajan"},"image":{"@id":"https:\/\/ferabrajan.com\/portal\/#\/schema\/logo\/image\/"},"sameAs":["https:\/\/www.facebook.com\/NoticiasconFerAbrajan\/","https:\/\/x.com\/ferabrajan1"]},{"@type":"Person","@id":"https:\/\/ferabrajan.com\/portal\/#\/schema\/person\/f6113b3cb1e036d5c6a9505685b257ba","name":"admin","image":{"@type":"ImageObject","inLanguage":"es","@id":"https:\/\/secure.gravatar.com\/avatar\/072baa72775aad53c748dfc5d3048578e01b6c087eef335459ebfa04344e2d18?s=96&d=mm&r=g","url":"https:\/\/secure.gravatar.com\/avatar\/072baa72775aad53c748dfc5d3048578e01b6c087eef335459ebfa04344e2d18?s=96&d=mm&r=g","contentUrl":"https:\/\/secure.gravatar.com\/avatar\/072baa72775aad53c748dfc5d3048578e01b6c087eef335459ebfa04344e2d18?s=96&d=mm&r=g","caption":"admin"},"sameAs":["https:\/\/ferabrajan.com\/portal"],"url":"https:\/\/ferabrajan.com\/portal\/author\/admin\/"}]}},"_links":{"self":[{"href":"https:\/\/ferabrajan.com\/portal\/wp-json\/wp\/v2\/posts\/22281","targetHints":{"allow":["GET"]}}],"collection":[{"href":"https:\/\/ferabrajan.com\/portal\/wp-json\/wp\/v2\/posts"}],"about":[{"href":"https:\/\/ferabrajan.com\/portal\/wp-json\/wp\/v2\/types\/post"}],"author":[{"embeddable":true,"href":"https:\/\/ferabrajan.com\/portal\/wp-json\/wp\/v2\/users\/1"}],"replies":[{"embeddable":true,"href":"https:\/\/ferabrajan.com\/portal\/wp-json\/wp\/v2\/comments?post=22281"}],"version-history":[{"count":0,"href":"https:\/\/ferabrajan.com\/portal\/wp-json\/wp\/v2\/posts\/22281\/revisions"}],"wp:attachment":[{"href":"https:\/\/ferabrajan.com\/portal\/wp-json\/wp\/v2\/media?parent=22281"}],"wp:term":[{"taxonomy":"category","embeddable":true,"href":"https:\/\/ferabrajan.com\/portal\/wp-json\/wp\/v2\/categories?post=22281"},{"taxonomy":"post_tag","embeddable":true,"href":"https:\/\/ferabrajan.com\/portal\/wp-json\/wp\/v2\/tags?post=22281"}],"curies":[{"name":"wp","href":"https:\/\/api.w.org\/{rel}","templated":true}]}}