{"id":22271,"date":"2020-12-06T04:49:57","date_gmt":"2020-12-06T04:49:57","guid":{"rendered":"https:\/\/www.elsoldepuebla.com.mx\/local\/estado\/video-se-incendia-central-de-abasto-de-huixcolotla-6100636.html"},"modified":"2020-12-06T04:49:57","modified_gmt":"2020-12-06T04:49:57","slug":"video-se-incendia-central-de-abasto-de-huixcolotla","status":"publish","type":"post","link":"https:\/\/ferabrajan.com\/portal\/2020\/12\/06\/video-se-incendia-central-de-abasto-de-huixcolotla\/","title":{"rendered":"[Video] Se incendia Central de Abasto de Huixcolotla"},"content":{"rendered":"<div><img decoding=\"async\" src=\"https:\/\/www.elsoldepuebla.com.mx\/local\/8wfrmg-captura-de-pantalla-2020-12-05-a-las-22.38.05.png\/ALTERNATES\/LANDSCAPE_1140\/Captura%20de%20pantalla%202020-12-05%20a%20la(s)%2022.38.05.png\" class=\"ff-og-image-inserted\"><\/div>\n<p>Un voraz incendio se registr\u00f3 esta noche de s\u00e1bado en inmediaciones de la Central de Abasto de San Salvador Huixcolotla; hecho que moviliz\u00f3 a los cuerpos de emergencia.<\/p>\n<p>Fue un local del \u00e1rea de chiles secos el cual comenz\u00f3 arder en llamas, comerciantes que se percataron del siniestro dieron aviso al 911 con enlace al Arco de Seguridad de Cuapiaxtla de Madero.<\/p>\n<p>En seguida se dieron cita cuerpos de Bomberos de Tecamachalco, Acatzingo y Tepeaca quienes procedieron con los trabajos correspondientes para sofocar las llamas que r\u00e1pidamente se extendieron por todo el sitio.<\/p>\n<article class=\"doble-via media col-md-4 inline-story\"> <\/article>\n<section> <\/section>\n<p>Mientras elementos policiacos acordonaron el sitio para evitar el paso de terceras personas; el fuerte incendio se logr\u00f3 apreciar de diferentes puntos del \u00e1rea, as\u00ed como de la carretera federal Puebla-Tehuac\u00e1n.<\/p>\n<p>Hace unos minutos autoridades lograron propagar las llamas, dando paso a una revisi\u00f3n para conocer el origen del voraz incendio que termin\u00f3 de consumir todo a su paso.<\/p>\n<p>Hasta el momento no se reportan lesionados, asimismo trascendi\u00f3 que los da\u00f1os materiales estar\u00edan evaluados en varios miles de pesos, cuyo local comercial termin\u00f3 en cenizas.<\/p>\n<article class=\"local media col-md-4 inline-story\"> <\/article>\n<article class=\"policiaca media col-md-4 inline-story\"> <\/article>\n<p>Publicaci\u00f3n Original: <a href=\"https:\/\/www.elsoldepuebla.com.mx\/local\/estado\/video-se-incendia-central-de-abasto-de-huixcolotla-6100636.html\" target=\"_blank\" rel=\"noopener noreferrer\">https:\/\/www.elsoldepuebla.com.mx\/local\/estado\/video-se-incendia-central-de-abasto-de-huixcolotla-6100636.html<\/a><\/p>\n","protected":false},"excerpt":{"rendered":"<p>Un voraz incendio se registr\u00f3 esta noche de s\u00e1bado en inmediaciones de la Central de Abasto de San Salvador Huixcolotla; hecho que moviliz\u00f3 a los cuerpos de emergencia. Fue un local del \u00e1rea de chiles secos el cual comenz\u00f3 arder en llamas, comerciantes que se percataron del siniestro dieron aviso al 911 con enlace al Arco de Seguridad de Cuapiaxtla de Madero. En seguida se dieron cita cuerpos de Bomberos de Tecamachalco, Acatzingo y Tepeaca quienes procedieron con los trabajos correspondientes para sofocar las llamas que r\u00e1pidamente se extendieron por todo el sitio. Mientras elementos policiacos acordonaron el sitio para evitar el paso de terceras personas; el fuerte incendio se logr\u00f3 apreciar de diferentes puntos del \u00e1rea, as\u00ed como de la carretera federal Puebla-Tehuac\u00e1n. Hace unos minutos autoridades lograron propagar las llamas, dando paso a una revisi\u00f3n para conocer el origen del voraz incendio que termin\u00f3 de consumir todo a su paso. Hasta el momento no se reportan lesionados, asimismo trascendi\u00f3 que los da\u00f1os materiales estar\u00edan evaluados en varios miles de pesos, cuyo local comercial termin\u00f3 en cenizas. Publicaci\u00f3n Original: https:\/\/www.elsoldepuebla.com.mx\/local\/estado\/video-se-incendia-central-de-abasto-de-huixcolotla-6100636.html<\/p>\n","protected":false},"author":1,"featured_media":22275,"comment_status":"closed","ping_status":"closed","sticky":false,"template":"","format":"standard","meta":{"_monsterinsights_skip_tracking":false,"_uf_show_specific_survey":0,"_uf_disable_surveys":false,"footnotes":""},"categories":[34],"tags":[],"class_list":["post-22271","post","type-post","status-publish","format-standard","has-post-thumbnail","hentry","category-puebla"],"yoast_head":"<!-- This site is optimized with the Yoast SEO plugin v27.5 - https:\/\/yoast.com\/product\/yoast-seo-wordpress\/ -->\n<title>[Video] Se incendia Central de Abasto de Huixcolotla - Fer Abrajan<\/title>\n<meta name=\"robots\" content=\"index, follow, max-snippet:-1, max-image-preview:large, max-video-preview:-1\" \/>\n<link rel=\"canonical\" href=\"https:\/\/ferabrajan.com\/portal\/2020\/12\/06\/video-se-incendia-central-de-abasto-de-huixcolotla\/\" \/>\n<meta property=\"og:locale\" content=\"es_ES\" \/>\n<meta property=\"og:type\" content=\"article\" \/>\n<meta property=\"og:title\" content=\"[Video] Se incendia Central de Abasto de Huixcolotla - Fer Abrajan\" \/>\n<meta property=\"og:description\" content=\"Un voraz incendio se registr\u00f3 esta noche de s\u00e1bado en inmediaciones de la Central de Abasto de San Salvador Huixcolotla; hecho que moviliz\u00f3 a los cuerpos de emergencia. Fue un local del \u00e1rea de chiles secos el cual comenz\u00f3 arder en llamas, comerciantes que se percataron del siniestro dieron aviso al 911 con enlace al Arco de Seguridad de Cuapiaxtla de Madero. En seguida se dieron cita cuerpos de Bomberos de Tecamachalco, Acatzingo y Tepeaca quienes procedieron con los trabajos correspondientes para sofocar las llamas que r\u00e1pidamente se extendieron por todo el sitio. Mientras elementos policiacos acordonaron el sitio para evitar el paso de terceras personas; el fuerte incendio se logr\u00f3 apreciar de diferentes puntos del \u00e1rea, as\u00ed como de la carretera federal Puebla-Tehuac\u00e1n. Hace unos minutos autoridades lograron propagar las llamas, dando paso a una revisi\u00f3n para conocer el origen del voraz incendio que termin\u00f3 de consumir todo a su paso. Hasta el momento no se reportan lesionados, asimismo trascendi\u00f3 que los da\u00f1os materiales estar\u00edan evaluados en varios miles de pesos, cuyo local comercial termin\u00f3 en cenizas. Publicaci\u00f3n Original: https:\/\/www.elsoldepuebla.com.mx\/local\/estado\/video-se-incendia-central-de-abasto-de-huixcolotla-6100636.html\" \/>\n<meta property=\"og:url\" content=\"https:\/\/ferabrajan.com\/portal\/2020\/12\/06\/video-se-incendia-central-de-abasto-de-huixcolotla\/\" \/>\n<meta property=\"og:site_name\" content=\"Fer Abrajan\" \/>\n<meta property=\"article:publisher\" content=\"https:\/\/www.facebook.com\/NoticiasconFerAbrajan\/\" \/>\n<meta property=\"article:published_time\" content=\"2020-12-06T04:49:57+00:00\" \/>\n<meta name=\"author\" content=\"admin\" \/>\n<meta name=\"twitter:card\" content=\"summary_large_image\" \/>\n<meta name=\"twitter:creator\" content=\"@ferabrajan1\" \/>\n<meta name=\"twitter:site\" content=\"@ferabrajan1\" \/>\n<meta name=\"twitter:label1\" content=\"Escrito por\" \/>\n\t<meta name=\"twitter:data1\" content=\"admin\" \/>\n\t<meta name=\"twitter:label2\" content=\"Tiempo de lectura\" \/>\n\t<meta name=\"twitter:data2\" content=\"1 minuto\" \/>\n<script type=\"application\/ld+json\" class=\"yoast-schema-graph\">{\"@context\":\"https:\\\/\\\/schema.org\",\"@graph\":[{\"@type\":\"Article\",\"@id\":\"https:\\\/\\\/ferabrajan.com\\\/portal\\\/2020\\\/12\\\/06\\\/video-se-incendia-central-de-abasto-de-huixcolotla\\\/#article\",\"isPartOf\":{\"@id\":\"https:\\\/\\\/ferabrajan.com\\\/portal\\\/2020\\\/12\\\/06\\\/video-se-incendia-central-de-abasto-de-huixcolotla\\\/\"},\"author\":{\"name\":\"admin\",\"@id\":\"https:\\\/\\\/ferabrajan.com\\\/portal\\\/#\\\/schema\\\/person\\\/f6113b3cb1e036d5c6a9505685b257ba\"},\"headline\":\"[Video] Se incendia Central de Abasto de Huixcolotla\",\"datePublished\":\"2020-12-06T04:49:57+00:00\",\"mainEntityOfPage\":{\"@id\":\"https:\\\/\\\/ferabrajan.com\\\/portal\\\/2020\\\/12\\\/06\\\/video-se-incendia-central-de-abasto-de-huixcolotla\\\/\"},\"wordCount\":203,\"publisher\":{\"@id\":\"https:\\\/\\\/ferabrajan.com\\\/portal\\\/#organization\"},\"image\":{\"@id\":\"https:\\\/\\\/ferabrajan.com\\\/portal\\\/2020\\\/12\\\/06\\\/video-se-incendia-central-de-abasto-de-huixcolotla\\\/#primaryimage\"},\"thumbnailUrl\":\"\",\"articleSection\":[\"Puebla\"],\"inLanguage\":\"es\"},{\"@type\":\"WebPage\",\"@id\":\"https:\\\/\\\/ferabrajan.com\\\/portal\\\/2020\\\/12\\\/06\\\/video-se-incendia-central-de-abasto-de-huixcolotla\\\/\",\"url\":\"https:\\\/\\\/ferabrajan.com\\\/portal\\\/2020\\\/12\\\/06\\\/video-se-incendia-central-de-abasto-de-huixcolotla\\\/\",\"name\":\"[Video] Se incendia Central de Abasto de Huixcolotla - Fer Abrajan\",\"isPartOf\":{\"@id\":\"https:\\\/\\\/ferabrajan.com\\\/portal\\\/#website\"},\"primaryImageOfPage\":{\"@id\":\"https:\\\/\\\/ferabrajan.com\\\/portal\\\/2020\\\/12\\\/06\\\/video-se-incendia-central-de-abasto-de-huixcolotla\\\/#primaryimage\"},\"image\":{\"@id\":\"https:\\\/\\\/ferabrajan.com\\\/portal\\\/2020\\\/12\\\/06\\\/video-se-incendia-central-de-abasto-de-huixcolotla\\\/#primaryimage\"},\"thumbnailUrl\":\"\",\"datePublished\":\"2020-12-06T04:49:57+00:00\",\"breadcrumb\":{\"@id\":\"https:\\\/\\\/ferabrajan.com\\\/portal\\\/2020\\\/12\\\/06\\\/video-se-incendia-central-de-abasto-de-huixcolotla\\\/#breadcrumb\"},\"inLanguage\":\"es\",\"potentialAction\":[{\"@type\":\"ReadAction\",\"target\":[\"https:\\\/\\\/ferabrajan.com\\\/portal\\\/2020\\\/12\\\/06\\\/video-se-incendia-central-de-abasto-de-huixcolotla\\\/\"]}]},{\"@type\":\"ImageObject\",\"inLanguage\":\"es\",\"@id\":\"https:\\\/\\\/ferabrajan.com\\\/portal\\\/2020\\\/12\\\/06\\\/video-se-incendia-central-de-abasto-de-huixcolotla\\\/#primaryimage\",\"url\":\"\",\"contentUrl\":\"\"},{\"@type\":\"BreadcrumbList\",\"@id\":\"https:\\\/\\\/ferabrajan.com\\\/portal\\\/2020\\\/12\\\/06\\\/video-se-incendia-central-de-abasto-de-huixcolotla\\\/#breadcrumb\",\"itemListElement\":[{\"@type\":\"ListItem\",\"position\":1,\"name\":\"Portada\",\"item\":\"https:\\\/\\\/ferabrajan.com\\\/portal\\\/\"},{\"@type\":\"ListItem\",\"position\":2,\"name\":\"[Video] Se incendia Central de Abasto de Huixcolotla\"}]},{\"@type\":\"WebSite\",\"@id\":\"https:\\\/\\\/ferabrajan.com\\\/portal\\\/#website\",\"url\":\"https:\\\/\\\/ferabrajan.com\\\/portal\\\/\",\"name\":\"Fer Abrajan\",\"description\":\"Noticias de Puebla, opini\u00f3n y radio en vivo\",\"publisher\":{\"@id\":\"https:\\\/\\\/ferabrajan.com\\\/portal\\\/#organization\"},\"potentialAction\":[{\"@type\":\"SearchAction\",\"target\":{\"@type\":\"EntryPoint\",\"urlTemplate\":\"https:\\\/\\\/ferabrajan.com\\\/portal\\\/?s={search_term_string}\"},\"query-input\":{\"@type\":\"PropertyValueSpecification\",\"valueRequired\":true,\"valueName\":\"search_term_string\"}}],\"inLanguage\":\"es\"},{\"@type\":\"Organization\",\"@id\":\"https:\\\/\\\/ferabrajan.com\\\/portal\\\/#organization\",\"name\":\"Fer Abrajan\",\"url\":\"https:\\\/\\\/ferabrajan.com\\\/portal\\\/\",\"logo\":{\"@type\":\"ImageObject\",\"inLanguage\":\"es\",\"@id\":\"https:\\\/\\\/ferabrajan.com\\\/portal\\\/#\\\/schema\\\/logo\\\/image\\\/\",\"url\":\"https:\\\/\\\/ferabrajan.com\\\/portal\\\/wp-content\\\/uploads\\\/2024\\\/10\\\/cropped-logo.jpeg\",\"contentUrl\":\"https:\\\/\\\/ferabrajan.com\\\/portal\\\/wp-content\\\/uploads\\\/2024\\\/10\\\/cropped-logo.jpeg\",\"width\":500,\"height\":250,\"caption\":\"Fer Abrajan\"},\"image\":{\"@id\":\"https:\\\/\\\/ferabrajan.com\\\/portal\\\/#\\\/schema\\\/logo\\\/image\\\/\"},\"sameAs\":[\"https:\\\/\\\/www.facebook.com\\\/NoticiasconFerAbrajan\\\/\",\"https:\\\/\\\/x.com\\\/ferabrajan1\"]},{\"@type\":\"Person\",\"@id\":\"https:\\\/\\\/ferabrajan.com\\\/portal\\\/#\\\/schema\\\/person\\\/f6113b3cb1e036d5c6a9505685b257ba\",\"name\":\"admin\",\"image\":{\"@type\":\"ImageObject\",\"inLanguage\":\"es\",\"@id\":\"https:\\\/\\\/secure.gravatar.com\\\/avatar\\\/072baa72775aad53c748dfc5d3048578e01b6c087eef335459ebfa04344e2d18?s=96&d=mm&r=g\",\"url\":\"https:\\\/\\\/secure.gravatar.com\\\/avatar\\\/072baa72775aad53c748dfc5d3048578e01b6c087eef335459ebfa04344e2d18?s=96&d=mm&r=g\",\"contentUrl\":\"https:\\\/\\\/secure.gravatar.com\\\/avatar\\\/072baa72775aad53c748dfc5d3048578e01b6c087eef335459ebfa04344e2d18?s=96&d=mm&r=g\",\"caption\":\"admin\"},\"sameAs\":[\"https:\\\/\\\/ferabrajan.com\\\/portal\"],\"url\":\"https:\\\/\\\/ferabrajan.com\\\/portal\\\/author\\\/admin\\\/\"}]}<\/script>\n<!-- \/ Yoast SEO plugin. -->","yoast_head_json":{"title":"[Video] Se incendia Central de Abasto de Huixcolotla - Fer Abrajan","robots":{"index":"index","follow":"follow","max-snippet":"max-snippet:-1","max-image-preview":"max-image-preview:large","max-video-preview":"max-video-preview:-1"},"canonical":"https:\/\/ferabrajan.com\/portal\/2020\/12\/06\/video-se-incendia-central-de-abasto-de-huixcolotla\/","og_locale":"es_ES","og_type":"article","og_title":"[Video] Se incendia Central de Abasto de Huixcolotla - Fer Abrajan","og_description":"Un voraz incendio se registr\u00f3 esta noche de s\u00e1bado en inmediaciones de la Central de Abasto de San Salvador Huixcolotla; hecho que moviliz\u00f3 a los cuerpos de emergencia. Fue un local del \u00e1rea de chiles secos el cual comenz\u00f3 arder en llamas, comerciantes que se percataron del siniestro dieron aviso al 911 con enlace al Arco de Seguridad de Cuapiaxtla de Madero. En seguida se dieron cita cuerpos de Bomberos de Tecamachalco, Acatzingo y Tepeaca quienes procedieron con los trabajos correspondientes para sofocar las llamas que r\u00e1pidamente se extendieron por todo el sitio. Mientras elementos policiacos acordonaron el sitio para evitar el paso de terceras personas; el fuerte incendio se logr\u00f3 apreciar de diferentes puntos del \u00e1rea, as\u00ed como de la carretera federal Puebla-Tehuac\u00e1n. Hace unos minutos autoridades lograron propagar las llamas, dando paso a una revisi\u00f3n para conocer el origen del voraz incendio que termin\u00f3 de consumir todo a su paso. Hasta el momento no se reportan lesionados, asimismo trascendi\u00f3 que los da\u00f1os materiales estar\u00edan evaluados en varios miles de pesos, cuyo local comercial termin\u00f3 en cenizas. Publicaci\u00f3n Original: https:\/\/www.elsoldepuebla.com.mx\/local\/estado\/video-se-incendia-central-de-abasto-de-huixcolotla-6100636.html","og_url":"https:\/\/ferabrajan.com\/portal\/2020\/12\/06\/video-se-incendia-central-de-abasto-de-huixcolotla\/","og_site_name":"Fer Abrajan","article_publisher":"https:\/\/www.facebook.com\/NoticiasconFerAbrajan\/","article_published_time":"2020-12-06T04:49:57+00:00","author":"admin","twitter_card":"summary_large_image","twitter_creator":"@ferabrajan1","twitter_site":"@ferabrajan1","twitter_misc":{"Escrito por":"admin","Tiempo de lectura":"1 minuto"},"schema":{"@context":"https:\/\/schema.org","@graph":[{"@type":"Article","@id":"https:\/\/ferabrajan.com\/portal\/2020\/12\/06\/video-se-incendia-central-de-abasto-de-huixcolotla\/#article","isPartOf":{"@id":"https:\/\/ferabrajan.com\/portal\/2020\/12\/06\/video-se-incendia-central-de-abasto-de-huixcolotla\/"},"author":{"name":"admin","@id":"https:\/\/ferabrajan.com\/portal\/#\/schema\/person\/f6113b3cb1e036d5c6a9505685b257ba"},"headline":"[Video] Se incendia Central de Abasto de Huixcolotla","datePublished":"2020-12-06T04:49:57+00:00","mainEntityOfPage":{"@id":"https:\/\/ferabrajan.com\/portal\/2020\/12\/06\/video-se-incendia-central-de-abasto-de-huixcolotla\/"},"wordCount":203,"publisher":{"@id":"https:\/\/ferabrajan.com\/portal\/#organization"},"image":{"@id":"https:\/\/ferabrajan.com\/portal\/2020\/12\/06\/video-se-incendia-central-de-abasto-de-huixcolotla\/#primaryimage"},"thumbnailUrl":"","articleSection":["Puebla"],"inLanguage":"es"},{"@type":"WebPage","@id":"https:\/\/ferabrajan.com\/portal\/2020\/12\/06\/video-se-incendia-central-de-abasto-de-huixcolotla\/","url":"https:\/\/ferabrajan.com\/portal\/2020\/12\/06\/video-se-incendia-central-de-abasto-de-huixcolotla\/","name":"[Video] Se incendia Central de Abasto de Huixcolotla - Fer Abrajan","isPartOf":{"@id":"https:\/\/ferabrajan.com\/portal\/#website"},"primaryImageOfPage":{"@id":"https:\/\/ferabrajan.com\/portal\/2020\/12\/06\/video-se-incendia-central-de-abasto-de-huixcolotla\/#primaryimage"},"image":{"@id":"https:\/\/ferabrajan.com\/portal\/2020\/12\/06\/video-se-incendia-central-de-abasto-de-huixcolotla\/#primaryimage"},"thumbnailUrl":"","datePublished":"2020-12-06T04:49:57+00:00","breadcrumb":{"@id":"https:\/\/ferabrajan.com\/portal\/2020\/12\/06\/video-se-incendia-central-de-abasto-de-huixcolotla\/#breadcrumb"},"inLanguage":"es","potentialAction":[{"@type":"ReadAction","target":["https:\/\/ferabrajan.com\/portal\/2020\/12\/06\/video-se-incendia-central-de-abasto-de-huixcolotla\/"]}]},{"@type":"ImageObject","inLanguage":"es","@id":"https:\/\/ferabrajan.com\/portal\/2020\/12\/06\/video-se-incendia-central-de-abasto-de-huixcolotla\/#primaryimage","url":"","contentUrl":""},{"@type":"BreadcrumbList","@id":"https:\/\/ferabrajan.com\/portal\/2020\/12\/06\/video-se-incendia-central-de-abasto-de-huixcolotla\/#breadcrumb","itemListElement":[{"@type":"ListItem","position":1,"name":"Portada","item":"https:\/\/ferabrajan.com\/portal\/"},{"@type":"ListItem","position":2,"name":"[Video] Se incendia Central de Abasto de Huixcolotla"}]},{"@type":"WebSite","@id":"https:\/\/ferabrajan.com\/portal\/#website","url":"https:\/\/ferabrajan.com\/portal\/","name":"Fer Abrajan","description":"Noticias de Puebla, opini\u00f3n y radio en vivo","publisher":{"@id":"https:\/\/ferabrajan.com\/portal\/#organization"},"potentialAction":[{"@type":"SearchAction","target":{"@type":"EntryPoint","urlTemplate":"https:\/\/ferabrajan.com\/portal\/?s={search_term_string}"},"query-input":{"@type":"PropertyValueSpecification","valueRequired":true,"valueName":"search_term_string"}}],"inLanguage":"es"},{"@type":"Organization","@id":"https:\/\/ferabrajan.com\/portal\/#organization","name":"Fer Abrajan","url":"https:\/\/ferabrajan.com\/portal\/","logo":{"@type":"ImageObject","inLanguage":"es","@id":"https:\/\/ferabrajan.com\/portal\/#\/schema\/logo\/image\/","url":"https:\/\/ferabrajan.com\/portal\/wp-content\/uploads\/2024\/10\/cropped-logo.jpeg","contentUrl":"https:\/\/ferabrajan.com\/portal\/wp-content\/uploads\/2024\/10\/cropped-logo.jpeg","width":500,"height":250,"caption":"Fer Abrajan"},"image":{"@id":"https:\/\/ferabrajan.com\/portal\/#\/schema\/logo\/image\/"},"sameAs":["https:\/\/www.facebook.com\/NoticiasconFerAbrajan\/","https:\/\/x.com\/ferabrajan1"]},{"@type":"Person","@id":"https:\/\/ferabrajan.com\/portal\/#\/schema\/person\/f6113b3cb1e036d5c6a9505685b257ba","name":"admin","image":{"@type":"ImageObject","inLanguage":"es","@id":"https:\/\/secure.gravatar.com\/avatar\/072baa72775aad53c748dfc5d3048578e01b6c087eef335459ebfa04344e2d18?s=96&d=mm&r=g","url":"https:\/\/secure.gravatar.com\/avatar\/072baa72775aad53c748dfc5d3048578e01b6c087eef335459ebfa04344e2d18?s=96&d=mm&r=g","contentUrl":"https:\/\/secure.gravatar.com\/avatar\/072baa72775aad53c748dfc5d3048578e01b6c087eef335459ebfa04344e2d18?s=96&d=mm&r=g","caption":"admin"},"sameAs":["https:\/\/ferabrajan.com\/portal"],"url":"https:\/\/ferabrajan.com\/portal\/author\/admin\/"}]}},"_links":{"self":[{"href":"https:\/\/ferabrajan.com\/portal\/wp-json\/wp\/v2\/posts\/22271","targetHints":{"allow":["GET"]}}],"collection":[{"href":"https:\/\/ferabrajan.com\/portal\/wp-json\/wp\/v2\/posts"}],"about":[{"href":"https:\/\/ferabrajan.com\/portal\/wp-json\/wp\/v2\/types\/post"}],"author":[{"embeddable":true,"href":"https:\/\/ferabrajan.com\/portal\/wp-json\/wp\/v2\/users\/1"}],"replies":[{"embeddable":true,"href":"https:\/\/ferabrajan.com\/portal\/wp-json\/wp\/v2\/comments?post=22271"}],"version-history":[{"count":0,"href":"https:\/\/ferabrajan.com\/portal\/wp-json\/wp\/v2\/posts\/22271\/revisions"}],"wp:attachment":[{"href":"https:\/\/ferabrajan.com\/portal\/wp-json\/wp\/v2\/media?parent=22271"}],"wp:term":[{"taxonomy":"category","embeddable":true,"href":"https:\/\/ferabrajan.com\/portal\/wp-json\/wp\/v2\/categories?post=22271"},{"taxonomy":"post_tag","embeddable":true,"href":"https:\/\/ferabrajan.com\/portal\/wp-json\/wp\/v2\/tags?post=22271"}],"curies":[{"name":"wp","href":"https:\/\/api.w.org\/{rel}","templated":true}]}}