{"id":22266,"date":"2020-12-06T05:01:28","date_gmt":"2020-12-06T05:01:28","guid":{"rendered":"https:\/\/www.elsoldepuebla.com.mx\/mexico\/pemex-rescinde-contratos-a-la-empresa-de-la-prima-de-amlo-6100654.html"},"modified":"2020-12-06T05:01:28","modified_gmt":"2020-12-06T05:01:28","slug":"pemex-rescinde-contratos-a-la-empresa-de-la-prima-de-amlo","status":"publish","type":"post","link":"https:\/\/ferabrajan.com\/portal\/2020\/12\/06\/pemex-rescinde-contratos-a-la-empresa-de-la-prima-de-amlo\/","title":{"rendered":"Pemex rescinde contratos a la empresa de la prima de AMLO"},"content":{"rendered":"<div><img decoding=\"async\" src=\"https:\/\/www.la-prensa.com.mx\/mexico\/u0e8tk-pemex-.jpg\/ALTERNATES\/LANDSCAPE_1140\/PEMEX-.jpg\" class=\"ff-og-image-inserted\"><\/div>\n<p>Petr\u00f3leos Mexicanos (Pemex) rescindi\u00f3 los contratos que se hab\u00edan adjudicado a la empresa Litoral Laboratorios Industriales SA de CV, propiedad de Felipa Guadalupe Obrador Ol\u00e1n, prima del presidente Andr\u00e9s Manuel L\u00f3pez Obrador.<\/p>\n<p>A trav\u00e9s de un comunicado, Pemex explic\u00f3 que la empresa fue registrada como proveedora de Pemex desde 2013.<\/p>\n<p>\u25b6\ufe0f <a href=\"https:\/\/news.google.com\/publications\/CAAqBwgKMO7s_gownb73Ag?hl=es-419&amp;gl=MX&amp;ceid=MX%3Aes-419\" target=\"_self\" rel=\"Follow noopener noreferrer\">Mantente informado en nuestro canal de Google Noticias<\/a><\/p>\n<p>\u00abA Litoral, Pemex le adjudic\u00f3 contratos entre 2013 y 2014 por 37.3 millones de pesos\u00bb, indic\u00f3. La primera adjudicaci\u00f3n correspondi\u00f3 al concurso n\u00famero 56230, publicado el 25 de abril de 2019.<\/p>\n<p>Litoral tambi\u00e9n particip\u00f3 en el concurso de licitaci\u00f3n n\u00famero 74364 y en el proceso de revisi\u00f3n de los datos de la empresa se detect\u00f3 que la due\u00f1a era la prima hermana del presidente Andr\u00e9s Manuel L\u00f3pez Obrador y se notific\u00f3 a Felipa Guadalupe -quien funge como apoderada legal de la empresa- que se anular\u00eda su participaci\u00f3n en dicha licitaci\u00f3n.<\/p>\n<p>\u201cLo anterior fue reportado por el Director General de Pemex al Presidente de M\u00e9xico, la respuesta fue categ\u00f3rica en el sentido de que bajo ninguna circunstancia se permitiera la asignaci\u00f3n de contratos a familiar alguno. En atenci\u00f3n a la instrucci\u00f3n presidencial, se advirti\u00f3 verbalmente a la C. Felipa Guadalupe Obrador Ol\u00e1n que no se le adjudicar\u00eda el contrato\u201d, seg\u00fan el comunicado.<\/p>\n<p>Destac\u00f3 Ol\u00e1n omiti\u00f3 informar que Litoral se encontraba inscrita en los concursos de licitaci\u00f3n por otros contratos.<\/p>\n<article class=\"finanzas media col-md-4 inline-story\"> <\/article>\n<p>\u201cLa C. Obrador Ol\u00e1n no se\u00f1al\u00f3 que, para esas fechas, Litoral Laboratorios Industriales tambi\u00e9n se encontraba participando en las licitaciones n\u00famero 74658 y n\u00famero 74607 referidas en los incisos 3) y 4) del comunicado\u201d, se\u00f1al\u00f3.<\/p>\n<p>Finalmente, Pemex expuso que \u00abconfirmando el compromiso con el combate a las pr\u00e1cticas irregulares que tanto da\u00f1o han causado a la hacienda p\u00fablica y a la naci\u00f3n, se realizar\u00e1 una investigaci\u00f3n exhaustiva de c\u00f3mo se llevaron a cabo los concursos en los que particip\u00f3 Felipa\u00bb.<\/p>\n<p>Publicaci\u00f3n Original: <a href=\"https:\/\/www.elsoldepuebla.com.mx\/mexico\/pemex-rescinde-contratos-a-la-empresa-de-la-prima-de-amlo-6100654.html\" target=\"_blank\" rel=\"noopener noreferrer\">https:\/\/www.elsoldepuebla.com.mx\/mexico\/pemex-rescinde-contratos-a-la-empresa-de-la-prima-de-amlo-6100654.html<\/a><\/p>\n","protected":false},"excerpt":{"rendered":"<p>Petr\u00f3leos Mexicanos (Pemex) rescindi\u00f3 los contratos que se hab\u00edan adjudicado a la empresa Litoral Laboratorios Industriales SA de CV, propiedad de Felipa Guadalupe Obrador Ol\u00e1n, prima del presidente Andr\u00e9s Manuel L\u00f3pez Obrador. A trav\u00e9s de un comunicado, Pemex explic\u00f3 que la empresa fue registrada como proveedora de Pemex desde 2013. \u25b6\ufe0f Mantente informado en nuestro canal de Google Noticias \u00abA Litoral, Pemex le adjudic\u00f3 contratos entre 2013 y 2014 por 37.3 millones de pesos\u00bb, indic\u00f3. La primera adjudicaci\u00f3n correspondi\u00f3 al concurso n\u00famero 56230, publicado el 25 de abril de 2019. Litoral tambi\u00e9n particip\u00f3 en el concurso de licitaci\u00f3n n\u00famero 74364 y en el proceso de revisi\u00f3n de los datos de la empresa se detect\u00f3 que la due\u00f1a era la prima hermana del presidente Andr\u00e9s Manuel L\u00f3pez Obrador y se notific\u00f3 a Felipa Guadalupe -quien funge como apoderada legal de la empresa- que se anular\u00eda su participaci\u00f3n en dicha licitaci\u00f3n. \u201cLo anterior fue reportado por el Director General de Pemex al Presidente de M\u00e9xico, la respuesta fue categ\u00f3rica en el sentido de que bajo ninguna circunstancia se permitiera la asignaci\u00f3n de contratos a familiar alguno. En atenci\u00f3n a la instrucci\u00f3n presidencial, se advirti\u00f3 verbalmente a la C. Felipa Guadalupe Obrador Ol\u00e1n que no se le adjudicar\u00eda el contrato\u201d, seg\u00fan el comunicado. Destac\u00f3 Ol\u00e1n omiti\u00f3 informar que Litoral se encontraba inscrita en los concursos de licitaci\u00f3n por otros contratos. \u201cLa C. Obrador Ol\u00e1n no se\u00f1al\u00f3 que, para esas fechas, Litoral Laboratorios Industriales tambi\u00e9n se encontraba participando en las licitaciones n\u00famero 74658 y n\u00famero 74607 referidas en los incisos 3) y 4) del comunicado\u201d, se\u00f1al\u00f3. Finalmente, Pemex expuso que \u00abconfirmando el compromiso con el combate a las pr\u00e1cticas irregulares que tanto da\u00f1o han causado a la hacienda p\u00fablica y a la naci\u00f3n, se realizar\u00e1 una investigaci\u00f3n exhaustiva de c\u00f3mo se llevaron a cabo los concursos en los que particip\u00f3 Felipa\u00bb. Publicaci\u00f3n Original: https:\/\/www.elsoldepuebla.com.mx\/mexico\/pemex-rescinde-contratos-a-la-empresa-de-la-prima-de-amlo-6100654.html<\/p>\n","protected":false},"author":1,"featured_media":22270,"comment_status":"closed","ping_status":"closed","sticky":false,"template":"","format":"standard","meta":{"_monsterinsights_skip_tracking":false,"_uf_show_specific_survey":0,"_uf_disable_surveys":false,"footnotes":""},"categories":[34],"tags":[],"class_list":["post-22266","post","type-post","status-publish","format-standard","has-post-thumbnail","hentry","category-puebla"],"yoast_head":"<!-- This site is optimized with the Yoast SEO plugin v27.5 - https:\/\/yoast.com\/product\/yoast-seo-wordpress\/ -->\n<title>Pemex rescinde contratos a la empresa de la prima de AMLO - Fer Abrajan<\/title>\n<meta name=\"robots\" content=\"index, follow, max-snippet:-1, max-image-preview:large, max-video-preview:-1\" \/>\n<link rel=\"canonical\" href=\"https:\/\/ferabrajan.com\/portal\/2020\/12\/06\/pemex-rescinde-contratos-a-la-empresa-de-la-prima-de-amlo\/\" \/>\n<meta property=\"og:locale\" content=\"es_ES\" \/>\n<meta property=\"og:type\" content=\"article\" \/>\n<meta property=\"og:title\" content=\"Pemex rescinde contratos a la empresa de la prima de AMLO - Fer Abrajan\" \/>\n<meta property=\"og:description\" content=\"Petr\u00f3leos Mexicanos (Pemex) rescindi\u00f3 los contratos que se hab\u00edan adjudicado a la empresa Litoral Laboratorios Industriales SA de CV, propiedad de Felipa Guadalupe Obrador Ol\u00e1n, prima del presidente Andr\u00e9s Manuel L\u00f3pez Obrador. A trav\u00e9s de un comunicado, Pemex explic\u00f3 que la empresa fue registrada como proveedora de Pemex desde 2013. \u25b6\ufe0f Mantente informado en nuestro canal de Google Noticias \u00abA Litoral, Pemex le adjudic\u00f3 contratos entre 2013 y 2014 por 37.3 millones de pesos\u00bb, indic\u00f3. La primera adjudicaci\u00f3n correspondi\u00f3 al concurso n\u00famero 56230, publicado el 25 de abril de 2019. Litoral tambi\u00e9n particip\u00f3 en el concurso de licitaci\u00f3n n\u00famero 74364 y en el proceso de revisi\u00f3n de los datos de la empresa se detect\u00f3 que la due\u00f1a era la prima hermana del presidente Andr\u00e9s Manuel L\u00f3pez Obrador y se notific\u00f3 a Felipa Guadalupe -quien funge como apoderada legal de la empresa- que se anular\u00eda su participaci\u00f3n en dicha licitaci\u00f3n. \u201cLo anterior fue reportado por el Director General de Pemex al Presidente de M\u00e9xico, la respuesta fue categ\u00f3rica en el sentido de que bajo ninguna circunstancia se permitiera la asignaci\u00f3n de contratos a familiar alguno. En atenci\u00f3n a la instrucci\u00f3n presidencial, se advirti\u00f3 verbalmente a la C. Felipa Guadalupe Obrador Ol\u00e1n que no se le adjudicar\u00eda el contrato\u201d, seg\u00fan el comunicado. Destac\u00f3 Ol\u00e1n omiti\u00f3 informar que Litoral se encontraba inscrita en los concursos de licitaci\u00f3n por otros contratos. \u201cLa C. Obrador Ol\u00e1n no se\u00f1al\u00f3 que, para esas fechas, Litoral Laboratorios Industriales tambi\u00e9n se encontraba participando en las licitaciones n\u00famero 74658 y n\u00famero 74607 referidas en los incisos 3) y 4) del comunicado\u201d, se\u00f1al\u00f3. Finalmente, Pemex expuso que \u00abconfirmando el compromiso con el combate a las pr\u00e1cticas irregulares que tanto da\u00f1o han causado a la hacienda p\u00fablica y a la naci\u00f3n, se realizar\u00e1 una investigaci\u00f3n exhaustiva de c\u00f3mo se llevaron a cabo los concursos en los que particip\u00f3 Felipa\u00bb. Publicaci\u00f3n Original: https:\/\/www.elsoldepuebla.com.mx\/mexico\/pemex-rescinde-contratos-a-la-empresa-de-la-prima-de-amlo-6100654.html\" \/>\n<meta property=\"og:url\" content=\"https:\/\/ferabrajan.com\/portal\/2020\/12\/06\/pemex-rescinde-contratos-a-la-empresa-de-la-prima-de-amlo\/\" \/>\n<meta property=\"og:site_name\" content=\"Fer Abrajan\" \/>\n<meta property=\"article:publisher\" content=\"https:\/\/www.facebook.com\/NoticiasconFerAbrajan\/\" \/>\n<meta property=\"article:published_time\" content=\"2020-12-06T05:01:28+00:00\" \/>\n<meta name=\"author\" content=\"admin\" \/>\n<meta name=\"twitter:card\" content=\"summary_large_image\" \/>\n<meta name=\"twitter:creator\" content=\"@ferabrajan1\" \/>\n<meta name=\"twitter:site\" content=\"@ferabrajan1\" \/>\n<meta name=\"twitter:label1\" content=\"Escrito por\" \/>\n\t<meta name=\"twitter:data1\" content=\"admin\" \/>\n\t<meta name=\"twitter:label2\" content=\"Tiempo de lectura\" \/>\n\t<meta name=\"twitter:data2\" content=\"2 minutos\" \/>\n<script type=\"application\/ld+json\" class=\"yoast-schema-graph\">{\"@context\":\"https:\\\/\\\/schema.org\",\"@graph\":[{\"@type\":\"Article\",\"@id\":\"https:\\\/\\\/ferabrajan.com\\\/portal\\\/2020\\\/12\\\/06\\\/pemex-rescinde-contratos-a-la-empresa-de-la-prima-de-amlo\\\/#article\",\"isPartOf\":{\"@id\":\"https:\\\/\\\/ferabrajan.com\\\/portal\\\/2020\\\/12\\\/06\\\/pemex-rescinde-contratos-a-la-empresa-de-la-prima-de-amlo\\\/\"},\"author\":{\"name\":\"admin\",\"@id\":\"https:\\\/\\\/ferabrajan.com\\\/portal\\\/#\\\/schema\\\/person\\\/f6113b3cb1e036d5c6a9505685b257ba\"},\"headline\":\"Pemex rescinde contratos a la empresa de la prima de AMLO\",\"datePublished\":\"2020-12-06T05:01:28+00:00\",\"mainEntityOfPage\":{\"@id\":\"https:\\\/\\\/ferabrajan.com\\\/portal\\\/2020\\\/12\\\/06\\\/pemex-rescinde-contratos-a-la-empresa-de-la-prima-de-amlo\\\/\"},\"wordCount\":356,\"publisher\":{\"@id\":\"https:\\\/\\\/ferabrajan.com\\\/portal\\\/#organization\"},\"image\":{\"@id\":\"https:\\\/\\\/ferabrajan.com\\\/portal\\\/2020\\\/12\\\/06\\\/pemex-rescinde-contratos-a-la-empresa-de-la-prima-de-amlo\\\/#primaryimage\"},\"thumbnailUrl\":\"\",\"articleSection\":[\"Puebla\"],\"inLanguage\":\"es\"},{\"@type\":\"WebPage\",\"@id\":\"https:\\\/\\\/ferabrajan.com\\\/portal\\\/2020\\\/12\\\/06\\\/pemex-rescinde-contratos-a-la-empresa-de-la-prima-de-amlo\\\/\",\"url\":\"https:\\\/\\\/ferabrajan.com\\\/portal\\\/2020\\\/12\\\/06\\\/pemex-rescinde-contratos-a-la-empresa-de-la-prima-de-amlo\\\/\",\"name\":\"Pemex rescinde contratos a la empresa de la prima de AMLO - Fer Abrajan\",\"isPartOf\":{\"@id\":\"https:\\\/\\\/ferabrajan.com\\\/portal\\\/#website\"},\"primaryImageOfPage\":{\"@id\":\"https:\\\/\\\/ferabrajan.com\\\/portal\\\/2020\\\/12\\\/06\\\/pemex-rescinde-contratos-a-la-empresa-de-la-prima-de-amlo\\\/#primaryimage\"},\"image\":{\"@id\":\"https:\\\/\\\/ferabrajan.com\\\/portal\\\/2020\\\/12\\\/06\\\/pemex-rescinde-contratos-a-la-empresa-de-la-prima-de-amlo\\\/#primaryimage\"},\"thumbnailUrl\":\"\",\"datePublished\":\"2020-12-06T05:01:28+00:00\",\"breadcrumb\":{\"@id\":\"https:\\\/\\\/ferabrajan.com\\\/portal\\\/2020\\\/12\\\/06\\\/pemex-rescinde-contratos-a-la-empresa-de-la-prima-de-amlo\\\/#breadcrumb\"},\"inLanguage\":\"es\",\"potentialAction\":[{\"@type\":\"ReadAction\",\"target\":[\"https:\\\/\\\/ferabrajan.com\\\/portal\\\/2020\\\/12\\\/06\\\/pemex-rescinde-contratos-a-la-empresa-de-la-prima-de-amlo\\\/\"]}]},{\"@type\":\"ImageObject\",\"inLanguage\":\"es\",\"@id\":\"https:\\\/\\\/ferabrajan.com\\\/portal\\\/2020\\\/12\\\/06\\\/pemex-rescinde-contratos-a-la-empresa-de-la-prima-de-amlo\\\/#primaryimage\",\"url\":\"\",\"contentUrl\":\"\"},{\"@type\":\"BreadcrumbList\",\"@id\":\"https:\\\/\\\/ferabrajan.com\\\/portal\\\/2020\\\/12\\\/06\\\/pemex-rescinde-contratos-a-la-empresa-de-la-prima-de-amlo\\\/#breadcrumb\",\"itemListElement\":[{\"@type\":\"ListItem\",\"position\":1,\"name\":\"Portada\",\"item\":\"https:\\\/\\\/ferabrajan.com\\\/portal\\\/\"},{\"@type\":\"ListItem\",\"position\":2,\"name\":\"Pemex rescinde contratos a la empresa de la prima de AMLO\"}]},{\"@type\":\"WebSite\",\"@id\":\"https:\\\/\\\/ferabrajan.com\\\/portal\\\/#website\",\"url\":\"https:\\\/\\\/ferabrajan.com\\\/portal\\\/\",\"name\":\"Fer Abrajan\",\"description\":\"Noticias de Puebla, opini\u00f3n y radio en vivo\",\"publisher\":{\"@id\":\"https:\\\/\\\/ferabrajan.com\\\/portal\\\/#organization\"},\"potentialAction\":[{\"@type\":\"SearchAction\",\"target\":{\"@type\":\"EntryPoint\",\"urlTemplate\":\"https:\\\/\\\/ferabrajan.com\\\/portal\\\/?s={search_term_string}\"},\"query-input\":{\"@type\":\"PropertyValueSpecification\",\"valueRequired\":true,\"valueName\":\"search_term_string\"}}],\"inLanguage\":\"es\"},{\"@type\":\"Organization\",\"@id\":\"https:\\\/\\\/ferabrajan.com\\\/portal\\\/#organization\",\"name\":\"Fer Abrajan\",\"url\":\"https:\\\/\\\/ferabrajan.com\\\/portal\\\/\",\"logo\":{\"@type\":\"ImageObject\",\"inLanguage\":\"es\",\"@id\":\"https:\\\/\\\/ferabrajan.com\\\/portal\\\/#\\\/schema\\\/logo\\\/image\\\/\",\"url\":\"https:\\\/\\\/ferabrajan.com\\\/portal\\\/wp-content\\\/uploads\\\/2024\\\/10\\\/cropped-logo.jpeg\",\"contentUrl\":\"https:\\\/\\\/ferabrajan.com\\\/portal\\\/wp-content\\\/uploads\\\/2024\\\/10\\\/cropped-logo.jpeg\",\"width\":500,\"height\":250,\"caption\":\"Fer Abrajan\"},\"image\":{\"@id\":\"https:\\\/\\\/ferabrajan.com\\\/portal\\\/#\\\/schema\\\/logo\\\/image\\\/\"},\"sameAs\":[\"https:\\\/\\\/www.facebook.com\\\/NoticiasconFerAbrajan\\\/\",\"https:\\\/\\\/x.com\\\/ferabrajan1\"]},{\"@type\":\"Person\",\"@id\":\"https:\\\/\\\/ferabrajan.com\\\/portal\\\/#\\\/schema\\\/person\\\/f6113b3cb1e036d5c6a9505685b257ba\",\"name\":\"admin\",\"image\":{\"@type\":\"ImageObject\",\"inLanguage\":\"es\",\"@id\":\"https:\\\/\\\/secure.gravatar.com\\\/avatar\\\/072baa72775aad53c748dfc5d3048578e01b6c087eef335459ebfa04344e2d18?s=96&d=mm&r=g\",\"url\":\"https:\\\/\\\/secure.gravatar.com\\\/avatar\\\/072baa72775aad53c748dfc5d3048578e01b6c087eef335459ebfa04344e2d18?s=96&d=mm&r=g\",\"contentUrl\":\"https:\\\/\\\/secure.gravatar.com\\\/avatar\\\/072baa72775aad53c748dfc5d3048578e01b6c087eef335459ebfa04344e2d18?s=96&d=mm&r=g\",\"caption\":\"admin\"},\"sameAs\":[\"https:\\\/\\\/ferabrajan.com\\\/portal\"],\"url\":\"https:\\\/\\\/ferabrajan.com\\\/portal\\\/author\\\/admin\\\/\"}]}<\/script>\n<!-- \/ Yoast SEO plugin. -->","yoast_head_json":{"title":"Pemex rescinde contratos a la empresa de la prima de AMLO - Fer Abrajan","robots":{"index":"index","follow":"follow","max-snippet":"max-snippet:-1","max-image-preview":"max-image-preview:large","max-video-preview":"max-video-preview:-1"},"canonical":"https:\/\/ferabrajan.com\/portal\/2020\/12\/06\/pemex-rescinde-contratos-a-la-empresa-de-la-prima-de-amlo\/","og_locale":"es_ES","og_type":"article","og_title":"Pemex rescinde contratos a la empresa de la prima de AMLO - Fer Abrajan","og_description":"Petr\u00f3leos Mexicanos (Pemex) rescindi\u00f3 los contratos que se hab\u00edan adjudicado a la empresa Litoral Laboratorios Industriales SA de CV, propiedad de Felipa Guadalupe Obrador Ol\u00e1n, prima del presidente Andr\u00e9s Manuel L\u00f3pez Obrador. A trav\u00e9s de un comunicado, Pemex explic\u00f3 que la empresa fue registrada como proveedora de Pemex desde 2013. \u25b6\ufe0f Mantente informado en nuestro canal de Google Noticias \u00abA Litoral, Pemex le adjudic\u00f3 contratos entre 2013 y 2014 por 37.3 millones de pesos\u00bb, indic\u00f3. La primera adjudicaci\u00f3n correspondi\u00f3 al concurso n\u00famero 56230, publicado el 25 de abril de 2019. Litoral tambi\u00e9n particip\u00f3 en el concurso de licitaci\u00f3n n\u00famero 74364 y en el proceso de revisi\u00f3n de los datos de la empresa se detect\u00f3 que la due\u00f1a era la prima hermana del presidente Andr\u00e9s Manuel L\u00f3pez Obrador y se notific\u00f3 a Felipa Guadalupe -quien funge como apoderada legal de la empresa- que se anular\u00eda su participaci\u00f3n en dicha licitaci\u00f3n. \u201cLo anterior fue reportado por el Director General de Pemex al Presidente de M\u00e9xico, la respuesta fue categ\u00f3rica en el sentido de que bajo ninguna circunstancia se permitiera la asignaci\u00f3n de contratos a familiar alguno. En atenci\u00f3n a la instrucci\u00f3n presidencial, se advirti\u00f3 verbalmente a la C. Felipa Guadalupe Obrador Ol\u00e1n que no se le adjudicar\u00eda el contrato\u201d, seg\u00fan el comunicado. Destac\u00f3 Ol\u00e1n omiti\u00f3 informar que Litoral se encontraba inscrita en los concursos de licitaci\u00f3n por otros contratos. \u201cLa C. Obrador Ol\u00e1n no se\u00f1al\u00f3 que, para esas fechas, Litoral Laboratorios Industriales tambi\u00e9n se encontraba participando en las licitaciones n\u00famero 74658 y n\u00famero 74607 referidas en los incisos 3) y 4) del comunicado\u201d, se\u00f1al\u00f3. Finalmente, Pemex expuso que \u00abconfirmando el compromiso con el combate a las pr\u00e1cticas irregulares que tanto da\u00f1o han causado a la hacienda p\u00fablica y a la naci\u00f3n, se realizar\u00e1 una investigaci\u00f3n exhaustiva de c\u00f3mo se llevaron a cabo los concursos en los que particip\u00f3 Felipa\u00bb. Publicaci\u00f3n Original: https:\/\/www.elsoldepuebla.com.mx\/mexico\/pemex-rescinde-contratos-a-la-empresa-de-la-prima-de-amlo-6100654.html","og_url":"https:\/\/ferabrajan.com\/portal\/2020\/12\/06\/pemex-rescinde-contratos-a-la-empresa-de-la-prima-de-amlo\/","og_site_name":"Fer Abrajan","article_publisher":"https:\/\/www.facebook.com\/NoticiasconFerAbrajan\/","article_published_time":"2020-12-06T05:01:28+00:00","author":"admin","twitter_card":"summary_large_image","twitter_creator":"@ferabrajan1","twitter_site":"@ferabrajan1","twitter_misc":{"Escrito por":"admin","Tiempo de lectura":"2 minutos"},"schema":{"@context":"https:\/\/schema.org","@graph":[{"@type":"Article","@id":"https:\/\/ferabrajan.com\/portal\/2020\/12\/06\/pemex-rescinde-contratos-a-la-empresa-de-la-prima-de-amlo\/#article","isPartOf":{"@id":"https:\/\/ferabrajan.com\/portal\/2020\/12\/06\/pemex-rescinde-contratos-a-la-empresa-de-la-prima-de-amlo\/"},"author":{"name":"admin","@id":"https:\/\/ferabrajan.com\/portal\/#\/schema\/person\/f6113b3cb1e036d5c6a9505685b257ba"},"headline":"Pemex rescinde contratos a la empresa de la prima de AMLO","datePublished":"2020-12-06T05:01:28+00:00","mainEntityOfPage":{"@id":"https:\/\/ferabrajan.com\/portal\/2020\/12\/06\/pemex-rescinde-contratos-a-la-empresa-de-la-prima-de-amlo\/"},"wordCount":356,"publisher":{"@id":"https:\/\/ferabrajan.com\/portal\/#organization"},"image":{"@id":"https:\/\/ferabrajan.com\/portal\/2020\/12\/06\/pemex-rescinde-contratos-a-la-empresa-de-la-prima-de-amlo\/#primaryimage"},"thumbnailUrl":"","articleSection":["Puebla"],"inLanguage":"es"},{"@type":"WebPage","@id":"https:\/\/ferabrajan.com\/portal\/2020\/12\/06\/pemex-rescinde-contratos-a-la-empresa-de-la-prima-de-amlo\/","url":"https:\/\/ferabrajan.com\/portal\/2020\/12\/06\/pemex-rescinde-contratos-a-la-empresa-de-la-prima-de-amlo\/","name":"Pemex rescinde contratos a la empresa de la prima de AMLO - Fer Abrajan","isPartOf":{"@id":"https:\/\/ferabrajan.com\/portal\/#website"},"primaryImageOfPage":{"@id":"https:\/\/ferabrajan.com\/portal\/2020\/12\/06\/pemex-rescinde-contratos-a-la-empresa-de-la-prima-de-amlo\/#primaryimage"},"image":{"@id":"https:\/\/ferabrajan.com\/portal\/2020\/12\/06\/pemex-rescinde-contratos-a-la-empresa-de-la-prima-de-amlo\/#primaryimage"},"thumbnailUrl":"","datePublished":"2020-12-06T05:01:28+00:00","breadcrumb":{"@id":"https:\/\/ferabrajan.com\/portal\/2020\/12\/06\/pemex-rescinde-contratos-a-la-empresa-de-la-prima-de-amlo\/#breadcrumb"},"inLanguage":"es","potentialAction":[{"@type":"ReadAction","target":["https:\/\/ferabrajan.com\/portal\/2020\/12\/06\/pemex-rescinde-contratos-a-la-empresa-de-la-prima-de-amlo\/"]}]},{"@type":"ImageObject","inLanguage":"es","@id":"https:\/\/ferabrajan.com\/portal\/2020\/12\/06\/pemex-rescinde-contratos-a-la-empresa-de-la-prima-de-amlo\/#primaryimage","url":"","contentUrl":""},{"@type":"BreadcrumbList","@id":"https:\/\/ferabrajan.com\/portal\/2020\/12\/06\/pemex-rescinde-contratos-a-la-empresa-de-la-prima-de-amlo\/#breadcrumb","itemListElement":[{"@type":"ListItem","position":1,"name":"Portada","item":"https:\/\/ferabrajan.com\/portal\/"},{"@type":"ListItem","position":2,"name":"Pemex rescinde contratos a la empresa de la prima de AMLO"}]},{"@type":"WebSite","@id":"https:\/\/ferabrajan.com\/portal\/#website","url":"https:\/\/ferabrajan.com\/portal\/","name":"Fer Abrajan","description":"Noticias de Puebla, opini\u00f3n y radio en vivo","publisher":{"@id":"https:\/\/ferabrajan.com\/portal\/#organization"},"potentialAction":[{"@type":"SearchAction","target":{"@type":"EntryPoint","urlTemplate":"https:\/\/ferabrajan.com\/portal\/?s={search_term_string}"},"query-input":{"@type":"PropertyValueSpecification","valueRequired":true,"valueName":"search_term_string"}}],"inLanguage":"es"},{"@type":"Organization","@id":"https:\/\/ferabrajan.com\/portal\/#organization","name":"Fer Abrajan","url":"https:\/\/ferabrajan.com\/portal\/","logo":{"@type":"ImageObject","inLanguage":"es","@id":"https:\/\/ferabrajan.com\/portal\/#\/schema\/logo\/image\/","url":"https:\/\/ferabrajan.com\/portal\/wp-content\/uploads\/2024\/10\/cropped-logo.jpeg","contentUrl":"https:\/\/ferabrajan.com\/portal\/wp-content\/uploads\/2024\/10\/cropped-logo.jpeg","width":500,"height":250,"caption":"Fer Abrajan"},"image":{"@id":"https:\/\/ferabrajan.com\/portal\/#\/schema\/logo\/image\/"},"sameAs":["https:\/\/www.facebook.com\/NoticiasconFerAbrajan\/","https:\/\/x.com\/ferabrajan1"]},{"@type":"Person","@id":"https:\/\/ferabrajan.com\/portal\/#\/schema\/person\/f6113b3cb1e036d5c6a9505685b257ba","name":"admin","image":{"@type":"ImageObject","inLanguage":"es","@id":"https:\/\/secure.gravatar.com\/avatar\/072baa72775aad53c748dfc5d3048578e01b6c087eef335459ebfa04344e2d18?s=96&d=mm&r=g","url":"https:\/\/secure.gravatar.com\/avatar\/072baa72775aad53c748dfc5d3048578e01b6c087eef335459ebfa04344e2d18?s=96&d=mm&r=g","contentUrl":"https:\/\/secure.gravatar.com\/avatar\/072baa72775aad53c748dfc5d3048578e01b6c087eef335459ebfa04344e2d18?s=96&d=mm&r=g","caption":"admin"},"sameAs":["https:\/\/ferabrajan.com\/portal"],"url":"https:\/\/ferabrajan.com\/portal\/author\/admin\/"}]}},"_links":{"self":[{"href":"https:\/\/ferabrajan.com\/portal\/wp-json\/wp\/v2\/posts\/22266","targetHints":{"allow":["GET"]}}],"collection":[{"href":"https:\/\/ferabrajan.com\/portal\/wp-json\/wp\/v2\/posts"}],"about":[{"href":"https:\/\/ferabrajan.com\/portal\/wp-json\/wp\/v2\/types\/post"}],"author":[{"embeddable":true,"href":"https:\/\/ferabrajan.com\/portal\/wp-json\/wp\/v2\/users\/1"}],"replies":[{"embeddable":true,"href":"https:\/\/ferabrajan.com\/portal\/wp-json\/wp\/v2\/comments?post=22266"}],"version-history":[{"count":0,"href":"https:\/\/ferabrajan.com\/portal\/wp-json\/wp\/v2\/posts\/22266\/revisions"}],"wp:attachment":[{"href":"https:\/\/ferabrajan.com\/portal\/wp-json\/wp\/v2\/media?parent=22266"}],"wp:term":[{"taxonomy":"category","embeddable":true,"href":"https:\/\/ferabrajan.com\/portal\/wp-json\/wp\/v2\/categories?post=22266"},{"taxonomy":"post_tag","embeddable":true,"href":"https:\/\/ferabrajan.com\/portal\/wp-json\/wp\/v2\/tags?post=22266"}],"curies":[{"name":"wp","href":"https:\/\/api.w.org\/{rel}","templated":true}]}}