{"id":22261,"date":"2020-12-06T06:05:00","date_gmt":"2020-12-06T06:05:00","guid":{"rendered":"https:\/\/www.elsoldepuebla.com.mx\/mundo\/covid-19-cumple-un-ano-historia-breve-pandemia-especial-6096484.html"},"modified":"2020-12-06T06:05:00","modified_gmt":"2020-12-06T06:05:00","slug":"covid-19-a-un-ano-de-la-pandemia-y-seguimos","status":"publish","type":"post","link":"https:\/\/ferabrajan.com\/portal\/2020\/12\/06\/covid-19-a-un-ano-de-la-pandemia-y-seguimos\/","title":{"rendered":"Covid-19, a un a\u00f1o de la pandemia&#8230; y seguimos"},"content":{"rendered":"<div><img decoding=\"async\" src=\"https:\/\/www.elsoldemexico.com.mx\/mundo\/rpnvwv-covid-especial.jpg\/ALTERNATES\/LANDSCAPE_1140\/Covid-especial.jpg\" class=\"ff-og-image-inserted\"><\/div>\n<p>Era el 31 de diciembre, agencias como AFP y Reuters informaban que funcionarios chinos investigaban un brote de neumon\u00eda en Wuhan, en la provincia de Hubei.<\/p>\n<p>Portales de noticias locales y rumores en las redes sociales asociaban esta \u201cinexplicable\u201d enfermedad al S\u00edndrome Respiratorio Agudo Severo (SARS) que en 2003 dej\u00f3 cientos de muertos. Se tem\u00eda que, como en ese entonces, China estuviera ocultando informaci\u00f3n.<\/p>\n<h4>\u27a1\ufe0f <strong><a rel=\"Follow noopener noreferrer\" target=\"_blank\" href=\"https:\/\/www.oem.com.mx\/oem\/historia-covid19.html\">Da clic aqu\u00ed para conocer c\u00f3mo el Covid-19 entr\u00f3 a nuestras vidas para cambiarlas por siempre<\/a><\/strong><\/h4>\n<p>La cadena alemana Deutsche Welle indicaba, por su parte, que el comit\u00e9 sanitario municipal de Wuhan report\u00f3 27 casos de personas aisladas y bajo observaci\u00f3n m\u00e9dica.<\/p>\n<p>Adem\u00e1s, una \u201coperaci\u00f3n de limpieza se estaba llevando a cabo en un mercado de mariscos de la ciudad\u201d. No hab\u00eda m\u00e1s detalles.<\/p>\n<article class=\"mexico_sociedad media col-md-4 inline-story\"> <\/article>\n<p>El mismo d\u00eda, el gobierno de Pek\u00edn inform\u00f3 por primera vez de una \u201cneumon\u00eda de causa desconocida\u201d al comit\u00e9 local de la Organizaci\u00f3n Mundial de la Salud (OMS).<\/p>\n<p>Un d\u00eda antes, el China Business News afirmaba que la sociedad Internacional de Enfermedades Infecciosas (ProMED) hab\u00eda detectado un \u201caviso urgente\u201d sobre un primer paciente con neumon\u00eda inexplicable que provino del mercado de Wuhan.<\/p>\n<p>La OMS solicit\u00f3 m\u00e1s informaci\u00f3n el 1 de enero de 2020 y emiti\u00f3 su primer informe p\u00fablico hasta el 5 de enero.<\/p>\n<p>Pero en ese momento el mundo ten\u00eda problemas m\u00e1s graves como para poner demasiada atenci\u00f3n a una extra\u00f1a enfermedad surgida en una ciudad china de la que nadie sab\u00eda nada ni hab\u00eda escuchado hablar antes.<\/p>\n<section>\n<article class=\"mundo media\">\n<div class=\"teaser\">\n<p>[embedded content]<\/p>\n<\/div>\n<\/article>\n<\/section>\n<p>Tras crecientes tensiones, el 2 de enero de 2020 un ataque a\u00e9reo de Estados Unidos en el aeropuerto de Bagdad acababa con la vida del militar m\u00e1s poderoso de Ir\u00e1n.<\/p>\n<p>El r\u00e9gimen de los ayatolas prometi\u00f3 venganza y d\u00edas despu\u00e9s lanz\u00f3 un ataque contra tropas estadounidenses en una base iraqu\u00ed.<\/p>\n<p>La \u201ctercera guerra mundial\u201d parec\u00eda inminente y los ojos de la prensa estaban puestos en Medio Oriente.<\/p>\n<p>No obstante, medios como The New York Times ya destacaban c\u00f3mo China estaba lidiando con \u201cuna misteriosa enfermedad\u201d transmitida de animales a humanos similar a una neumon\u00eda, con s\u00edntomas \u201cigualmente inexplicables\u201d como fiebre alta, dificultad para respirar y lesiones pulmonares (7-01-20). Otros como el Washington Post consideraban \u201csevero\u201d el brote en Wuhan e intentaban explicar las diferencias con el SARS (7-01-20).<\/p>\n<section> <\/section>\n<p>En M\u00e9xico, entretenidos en la disputa diplom\u00e1tica con el gobierno de facto de Bolivia tras la renuncia y exilio de Evo Morales, as\u00ed como el asedio a la embajada mexicana en ese pa\u00eds, la noticia sobre la nueva enfermedad pas\u00f3 relativamente desapercibida hasta la segunda semana de enero.<\/p>\n<p>El Sol de M\u00e9xico inform\u00f3 el domingo 11 la primera muerte en China por un \u201cat\u00edpico virus\u201d que manten\u00eda en alerta a las autoridades. Otros medios reaccionar\u00edan d\u00edas despu\u00e9s, cuando se detectaron los primeros brotes fuera de China.<\/p>\n<p>El 20 de enero, la prensa mundial ya alertaba que el virus se transmit\u00eda de humano a humano. Tres d\u00edas despu\u00e9s, a pesar de que el virus se hab\u00eda extendido a otros pa\u00edses y el gobierno de Pek\u00edn aislaba a m\u00e1s de 50 millones de personas en varias ciudades, incluida Wuhan. La OMS consider\u00f3 prematuro decretar una emergencia.<\/p>\n<p>El primer caso en M\u00e9xico de lo que ya se denominaba Covid-19 se inform\u00f3 el 27 de febrero. Lo que ha seguido despu\u00e9s todos lo sabemos. Lo estamos viviendo.<\/p>\n<p>Sin embargo, la historia conocida nos lleva a preguntarnos: \u00bfCu\u00e1ndo se registr\u00f3 el primer caso de Covid-19?<\/p>\n<p>\u201cCreemos que los primeros casos en Wuhan datan de principios de diciembre\u201d, indica la OMS en su sitio internet. Seg\u00fan el diario hongkon\u00e9s South China Morning Post, el primer contagio conocido de Covid-19 ocurri\u00f3 el 17 de noviembre de 2019 en Wuhan.<\/p>\n<section>\n<article class=\"mundo media\">\n<div class=\"teaser\">\n<p>[embedded content]<\/p>\n<\/div>\n<\/article>\n<\/section>\n<p>En los \u00faltimos meses, investigadores de varios pa\u00edses encontraron huellas de casos que habr\u00edan pasado desapercibidos mucho antes de diciembre de 2019, incluso en pa\u00edses como Italia y Espa\u00f1a.<\/p>\n<p>Sin embargo, un estudio de cient\u00edficos chinos publicado en febrero por la revista m\u00e9dica The Lancet estableci\u00f3 que la primera infecci\u00f3n conocida habr\u00eda tenido lugar el 1 de diciembre de 2019.<\/p>\n<p>Vivimos un mes en la oscuridad antes de conocer que, lentamente, el nuevo coronavirus se propagaba. Ha pasado un a\u00f1o desde entonces.<\/p>\n<p>Casi nada es hoy como hace un a\u00f1o. Covid, esa palabra que a finales del a\u00f1o pasado todos ignoramos, transform\u00f3 la manera en que estudiamos, compramos, vendemos, viajamos, saludamos&#8230; La emergencia sanitaria y econ\u00f3mica ha dejado innumerables p\u00e9rdidas de vidas, pero tambi\u00e9n de negocios, planes y otras cosas de las que hemos dado cuenta en los \u00faltimos meses.<\/p>\n<p>En esta edici\u00f3n especial presentamos s\u00f3lo algunas de las historias de esas personas que han logrado sortear la que ya se perfila para ser la peor crisis en 100 a\u00f1os, en la que, incluso, han encontrado oportunidades.<\/p>\n<section>\n<article class=\"mexico media\">\n<div class=\"teaser\">\n<p>[embedded content]<\/p>\n<\/div>\n<\/article>\n<\/section>\n<p><em>Si quieres leer m\u00e1s historias con nuevas narrativas, te recomendamos <a rel=\"Follow noopener noreferrer\" target=\"_blank\" href=\"https:\/\/www.oem.com.mx\/oem\/carpetas-de-investigacion\/index.html\">Carpetas de Investigaci\u00f3n OEM<\/a>, donde encontrar\u00e1s an\u00e1lisis, documentos exclusivos, reportajes de fondo y textos especiales de temas noticiosos nacionales e internacionales realizados por la Organizaci\u00f3n Editorial Mexicana.<\/em><\/p>\n<p> Publicaci\u00f3n Original: <a href=\"https:\/\/www.elsoldepuebla.com.mx\/mundo\/covid-19-cumple-un-ano-historia-breve-pandemia-especial-6096484.html\" target=\"_blank\" rel=\"noopener noreferrer\">https:\/\/www.elsoldepuebla.com.mx\/mundo\/covid-19-cumple-un-ano-historia-breve-pandemia-especial-6096484.html<\/a><\/p>\n","protected":false},"excerpt":{"rendered":"<p>Era el 31 de diciembre, agencias como AFP y Reuters informaban que funcionarios chinos investigaban un brote de neumon\u00eda en Wuhan, en la provincia de Hubei. Portales de noticias locales y rumores en las redes sociales asociaban esta \u201cinexplicable\u201d enfermedad al S\u00edndrome Respiratorio Agudo Severo (SARS) que en 2003 dej\u00f3 cientos de muertos. Se tem\u00eda que, como en ese entonces, China estuviera ocultando informaci\u00f3n. \u27a1\ufe0f Da clic aqu\u00ed para conocer c\u00f3mo el Covid-19 entr\u00f3 a nuestras vidas para cambiarlas por siempre La cadena alemana Deutsche Welle indicaba, por su parte, que el comit\u00e9 sanitario municipal de Wuhan report\u00f3 27 casos de personas aisladas y bajo observaci\u00f3n m\u00e9dica. Adem\u00e1s, una \u201coperaci\u00f3n de limpieza se estaba llevando a cabo en un mercado de mariscos de la ciudad\u201d. No hab\u00eda m\u00e1s detalles. El mismo d\u00eda, el gobierno de Pek\u00edn inform\u00f3 por primera vez de una \u201cneumon\u00eda de causa desconocida\u201d al comit\u00e9 local de la Organizaci\u00f3n Mundial de la Salud (OMS). Un d\u00eda antes, el China Business News afirmaba que la sociedad Internacional de Enfermedades Infecciosas (ProMED) hab\u00eda detectado un \u201caviso urgente\u201d sobre un primer paciente con neumon\u00eda inexplicable que provino del mercado de Wuhan. La OMS solicit\u00f3 m\u00e1s informaci\u00f3n el 1 de enero de 2020 y emiti\u00f3 su primer informe p\u00fablico hasta el 5 de enero. Pero en ese momento el mundo ten\u00eda problemas m\u00e1s graves como para poner demasiada atenci\u00f3n a una extra\u00f1a enfermedad surgida en una ciudad china de la que nadie sab\u00eda nada ni hab\u00eda escuchado hablar antes. [embedded content] Tras crecientes tensiones, el 2 de enero de 2020 un ataque a\u00e9reo de Estados Unidos en el aeropuerto de Bagdad acababa con la vida del militar m\u00e1s poderoso de Ir\u00e1n. El r\u00e9gimen de los ayatolas prometi\u00f3 venganza y d\u00edas despu\u00e9s lanz\u00f3 un ataque contra tropas estadounidenses en una base iraqu\u00ed. La \u201ctercera guerra mundial\u201d parec\u00eda inminente y los ojos de la prensa estaban puestos en Medio Oriente. No obstante, medios como The New York Times ya destacaban c\u00f3mo China estaba lidiando con \u201cuna misteriosa enfermedad\u201d transmitida de animales a humanos similar a una neumon\u00eda, con s\u00edntomas \u201cigualmente inexplicables\u201d como fiebre alta, dificultad para respirar y lesiones pulmonares (7-01-20). Otros como el Washington Post consideraban \u201csevero\u201d el brote en Wuhan e intentaban explicar las diferencias con el SARS (7-01-20). En M\u00e9xico, entretenidos en la disputa diplom\u00e1tica con el gobierno de facto de Bolivia tras la renuncia y exilio de Evo Morales, as\u00ed como el asedio a la embajada mexicana en ese pa\u00eds, la noticia sobre la nueva enfermedad pas\u00f3 relativamente desapercibida hasta la segunda semana de enero. El Sol de M\u00e9xico inform\u00f3 el domingo 11 la primera muerte en China por un \u201cat\u00edpico virus\u201d que manten\u00eda en alerta a las autoridades. Otros medios reaccionar\u00edan d\u00edas despu\u00e9s, cuando se detectaron los primeros brotes fuera de China. El 20 de enero, la prensa mundial ya alertaba que el virus se transmit\u00eda de humano a humano. Tres d\u00edas despu\u00e9s, a pesar de que el virus se hab\u00eda extendido a otros pa\u00edses y el gobierno de Pek\u00edn aislaba a m\u00e1s de 50 millones de personas en varias ciudades, incluida Wuhan. La OMS consider\u00f3 prematuro decretar una emergencia. El primer caso en M\u00e9xico de lo que ya se denominaba Covid-19 se inform\u00f3 el 27 de febrero. Lo que ha seguido despu\u00e9s todos lo sabemos. Lo estamos viviendo. Sin embargo, la historia conocida nos lleva a preguntarnos: \u00bfCu\u00e1ndo se registr\u00f3 el primer caso de Covid-19? \u201cCreemos que los primeros casos en Wuhan datan de principios de diciembre\u201d, indica la OMS en su sitio internet. Seg\u00fan el diario hongkon\u00e9s South China Morning Post, el primer contagio conocido de Covid-19 ocurri\u00f3 el 17 de noviembre de 2019 en Wuhan. [embedded content] En los \u00faltimos meses, investigadores de varios pa\u00edses encontraron huellas de casos que habr\u00edan pasado desapercibidos mucho antes de diciembre de 2019, incluso en pa\u00edses como Italia y Espa\u00f1a. Sin embargo, un estudio de cient\u00edficos chinos publicado en febrero por la revista m\u00e9dica The Lancet estableci\u00f3 que la primera infecci\u00f3n conocida habr\u00eda tenido lugar el 1 de diciembre de 2019. Vivimos un mes en la oscuridad antes de conocer que, lentamente, el nuevo coronavirus se propagaba. Ha pasado un a\u00f1o desde entonces. Casi nada es hoy como hace un a\u00f1o. Covid, esa palabra que a finales del a\u00f1o pasado todos ignoramos, transform\u00f3 la manera en que estudiamos, compramos, vendemos, viajamos, saludamos&#8230; La emergencia sanitaria y econ\u00f3mica ha dejado innumerables p\u00e9rdidas de vidas, pero tambi\u00e9n de negocios, planes y otras cosas de las que hemos dado cuenta en los \u00faltimos meses. En esta edici\u00f3n especial presentamos s\u00f3lo algunas de las historias de esas personas que han logrado sortear la que ya se perfila para ser la peor crisis en 100 a\u00f1os, en la que, incluso, han encontrado oportunidades. [embedded content] Si quieres leer m\u00e1s historias con nuevas narrativas, te recomendamos Carpetas de Investigaci\u00f3n OEM, donde encontrar\u00e1s an\u00e1lisis, documentos exclusivos, reportajes de fondo y textos especiales de temas noticiosos nacionales e internacionales realizados por la Organizaci\u00f3n Editorial Mexicana. Publicaci\u00f3n Original: https:\/\/www.elsoldepuebla.com.mx\/mundo\/covid-19-cumple-un-ano-historia-breve-pandemia-especial-6096484.html<\/p>\n","protected":false},"author":1,"featured_media":22265,"comment_status":"closed","ping_status":"closed","sticky":false,"template":"","format":"standard","meta":{"_monsterinsights_skip_tracking":false,"_uf_show_specific_survey":0,"_uf_disable_surveys":false,"footnotes":""},"categories":[34],"tags":[],"class_list":["post-22261","post","type-post","status-publish","format-standard","has-post-thumbnail","hentry","category-puebla"],"yoast_head":"<!-- This site is optimized with the Yoast SEO plugin v27.5 - https:\/\/yoast.com\/product\/yoast-seo-wordpress\/ -->\n<title>Covid-19, a un a\u00f1o de la pandemia... y seguimos - Fer Abrajan<\/title>\n<meta name=\"robots\" content=\"index, follow, max-snippet:-1, max-image-preview:large, max-video-preview:-1\" \/>\n<link rel=\"canonical\" href=\"https:\/\/ferabrajan.com\/portal\/2020\/12\/06\/covid-19-a-un-ano-de-la-pandemia-y-seguimos\/\" \/>\n<meta property=\"og:locale\" content=\"es_ES\" \/>\n<meta property=\"og:type\" content=\"article\" \/>\n<meta property=\"og:title\" content=\"Covid-19, a un a\u00f1o de la pandemia... y seguimos - Fer Abrajan\" \/>\n<meta property=\"og:description\" content=\"Era el 31 de diciembre, agencias como AFP y Reuters informaban que funcionarios chinos investigaban un brote de neumon\u00eda en Wuhan, en la provincia de Hubei. Portales de noticias locales y rumores en las redes sociales asociaban esta \u201cinexplicable\u201d enfermedad al S\u00edndrome Respiratorio Agudo Severo (SARS) que en 2003 dej\u00f3 cientos de muertos. Se tem\u00eda que, como en ese entonces, China estuviera ocultando informaci\u00f3n. \u27a1\ufe0f Da clic aqu\u00ed para conocer c\u00f3mo el Covid-19 entr\u00f3 a nuestras vidas para cambiarlas por siempre La cadena alemana Deutsche Welle indicaba, por su parte, que el comit\u00e9 sanitario municipal de Wuhan report\u00f3 27 casos de personas aisladas y bajo observaci\u00f3n m\u00e9dica. Adem\u00e1s, una \u201coperaci\u00f3n de limpieza se estaba llevando a cabo en un mercado de mariscos de la ciudad\u201d. No hab\u00eda m\u00e1s detalles. El mismo d\u00eda, el gobierno de Pek\u00edn inform\u00f3 por primera vez de una \u201cneumon\u00eda de causa desconocida\u201d al comit\u00e9 local de la Organizaci\u00f3n Mundial de la Salud (OMS). Un d\u00eda antes, el China Business News afirmaba que la sociedad Internacional de Enfermedades Infecciosas (ProMED) hab\u00eda detectado un \u201caviso urgente\u201d sobre un primer paciente con neumon\u00eda inexplicable que provino del mercado de Wuhan. La OMS solicit\u00f3 m\u00e1s informaci\u00f3n el 1 de enero de 2020 y emiti\u00f3 su primer informe p\u00fablico hasta el 5 de enero. Pero en ese momento el mundo ten\u00eda problemas m\u00e1s graves como para poner demasiada atenci\u00f3n a una extra\u00f1a enfermedad surgida en una ciudad china de la que nadie sab\u00eda nada ni hab\u00eda escuchado hablar antes. [embedded content] Tras crecientes tensiones, el 2 de enero de 2020 un ataque a\u00e9reo de Estados Unidos en el aeropuerto de Bagdad acababa con la vida del militar m\u00e1s poderoso de Ir\u00e1n. El r\u00e9gimen de los ayatolas prometi\u00f3 venganza y d\u00edas despu\u00e9s lanz\u00f3 un ataque contra tropas estadounidenses en una base iraqu\u00ed. La \u201ctercera guerra mundial\u201d parec\u00eda inminente y los ojos de la prensa estaban puestos en Medio Oriente. No obstante, medios como The New York Times ya destacaban c\u00f3mo China estaba lidiando con \u201cuna misteriosa enfermedad\u201d transmitida de animales a humanos similar a una neumon\u00eda, con s\u00edntomas \u201cigualmente inexplicables\u201d como fiebre alta, dificultad para respirar y lesiones pulmonares (7-01-20). Otros como el Washington Post consideraban \u201csevero\u201d el brote en Wuhan e intentaban explicar las diferencias con el SARS (7-01-20). En M\u00e9xico, entretenidos en la disputa diplom\u00e1tica con el gobierno de facto de Bolivia tras la renuncia y exilio de Evo Morales, as\u00ed como el asedio a la embajada mexicana en ese pa\u00eds, la noticia sobre la nueva enfermedad pas\u00f3 relativamente desapercibida hasta la segunda semana de enero. El Sol de M\u00e9xico inform\u00f3 el domingo 11 la primera muerte en China por un \u201cat\u00edpico virus\u201d que manten\u00eda en alerta a las autoridades. Otros medios reaccionar\u00edan d\u00edas despu\u00e9s, cuando se detectaron los primeros brotes fuera de China. El 20 de enero, la prensa mundial ya alertaba que el virus se transmit\u00eda de humano a humano. Tres d\u00edas despu\u00e9s, a pesar de que el virus se hab\u00eda extendido a otros pa\u00edses y el gobierno de Pek\u00edn aislaba a m\u00e1s de 50 millones de personas en varias ciudades, incluida Wuhan. La OMS consider\u00f3 prematuro decretar una emergencia. El primer caso en M\u00e9xico de lo que ya se denominaba Covid-19 se inform\u00f3 el 27 de febrero. Lo que ha seguido despu\u00e9s todos lo sabemos. Lo estamos viviendo. Sin embargo, la historia conocida nos lleva a preguntarnos: \u00bfCu\u00e1ndo se registr\u00f3 el primer caso de Covid-19? \u201cCreemos que los primeros casos en Wuhan datan de principios de diciembre\u201d, indica la OMS en su sitio internet. Seg\u00fan el diario hongkon\u00e9s South China Morning Post, el primer contagio conocido de Covid-19 ocurri\u00f3 el 17 de noviembre de 2019 en Wuhan. [embedded content] En los \u00faltimos meses, investigadores de varios pa\u00edses encontraron huellas de casos que habr\u00edan pasado desapercibidos mucho antes de diciembre de 2019, incluso en pa\u00edses como Italia y Espa\u00f1a. Sin embargo, un estudio de cient\u00edficos chinos publicado en febrero por la revista m\u00e9dica The Lancet estableci\u00f3 que la primera infecci\u00f3n conocida habr\u00eda tenido lugar el 1 de diciembre de 2019. Vivimos un mes en la oscuridad antes de conocer que, lentamente, el nuevo coronavirus se propagaba. Ha pasado un a\u00f1o desde entonces. Casi nada es hoy como hace un a\u00f1o. Covid, esa palabra que a finales del a\u00f1o pasado todos ignoramos, transform\u00f3 la manera en que estudiamos, compramos, vendemos, viajamos, saludamos&#8230; La emergencia sanitaria y econ\u00f3mica ha dejado innumerables p\u00e9rdidas de vidas, pero tambi\u00e9n de negocios, planes y otras cosas de las que hemos dado cuenta en los \u00faltimos meses. En esta edici\u00f3n especial presentamos s\u00f3lo algunas de las historias de esas personas que han logrado sortear la que ya se perfila para ser la peor crisis en 100 a\u00f1os, en la que, incluso, han encontrado oportunidades. [embedded content] Si quieres leer m\u00e1s historias con nuevas narrativas, te recomendamos Carpetas de Investigaci\u00f3n OEM, donde encontrar\u00e1s an\u00e1lisis, documentos exclusivos, reportajes de fondo y textos especiales de temas noticiosos nacionales e internacionales realizados por la Organizaci\u00f3n Editorial Mexicana. Publicaci\u00f3n Original: https:\/\/www.elsoldepuebla.com.mx\/mundo\/covid-19-cumple-un-ano-historia-breve-pandemia-especial-6096484.html\" \/>\n<meta property=\"og:url\" content=\"https:\/\/ferabrajan.com\/portal\/2020\/12\/06\/covid-19-a-un-ano-de-la-pandemia-y-seguimos\/\" \/>\n<meta property=\"og:site_name\" content=\"Fer Abrajan\" \/>\n<meta property=\"article:publisher\" content=\"https:\/\/www.facebook.com\/NoticiasconFerAbrajan\/\" \/>\n<meta property=\"article:published_time\" content=\"2020-12-06T06:05:00+00:00\" \/>\n<meta name=\"author\" content=\"admin\" \/>\n<meta name=\"twitter:card\" content=\"summary_large_image\" \/>\n<meta name=\"twitter:creator\" content=\"@ferabrajan1\" \/>\n<meta name=\"twitter:site\" content=\"@ferabrajan1\" \/>\n<meta name=\"twitter:label1\" content=\"Escrito por\" \/>\n\t<meta name=\"twitter:data1\" content=\"admin\" \/>\n\t<meta name=\"twitter:label2\" content=\"Tiempo de lectura\" \/>\n\t<meta name=\"twitter:data2\" content=\"5 minutos\" \/>\n<script type=\"application\/ld+json\" class=\"yoast-schema-graph\">{\"@context\":\"https:\\\/\\\/schema.org\",\"@graph\":[{\"@type\":\"Article\",\"@id\":\"https:\\\/\\\/ferabrajan.com\\\/portal\\\/2020\\\/12\\\/06\\\/covid-19-a-un-ano-de-la-pandemia-y-seguimos\\\/#article\",\"isPartOf\":{\"@id\":\"https:\\\/\\\/ferabrajan.com\\\/portal\\\/2020\\\/12\\\/06\\\/covid-19-a-un-ano-de-la-pandemia-y-seguimos\\\/\"},\"author\":{\"name\":\"admin\",\"@id\":\"https:\\\/\\\/ferabrajan.com\\\/portal\\\/#\\\/schema\\\/person\\\/f6113b3cb1e036d5c6a9505685b257ba\"},\"headline\":\"Covid-19, a un a\u00f1o de la pandemia&#8230; y seguimos\",\"datePublished\":\"2020-12-06T06:05:00+00:00\",\"mainEntityOfPage\":{\"@id\":\"https:\\\/\\\/ferabrajan.com\\\/portal\\\/2020\\\/12\\\/06\\\/covid-19-a-un-ano-de-la-pandemia-y-seguimos\\\/\"},\"wordCount\":913,\"publisher\":{\"@id\":\"https:\\\/\\\/ferabrajan.com\\\/portal\\\/#organization\"},\"image\":{\"@id\":\"https:\\\/\\\/ferabrajan.com\\\/portal\\\/2020\\\/12\\\/06\\\/covid-19-a-un-ano-de-la-pandemia-y-seguimos\\\/#primaryimage\"},\"thumbnailUrl\":\"\",\"articleSection\":[\"Puebla\"],\"inLanguage\":\"es\"},{\"@type\":\"WebPage\",\"@id\":\"https:\\\/\\\/ferabrajan.com\\\/portal\\\/2020\\\/12\\\/06\\\/covid-19-a-un-ano-de-la-pandemia-y-seguimos\\\/\",\"url\":\"https:\\\/\\\/ferabrajan.com\\\/portal\\\/2020\\\/12\\\/06\\\/covid-19-a-un-ano-de-la-pandemia-y-seguimos\\\/\",\"name\":\"Covid-19, a un a\u00f1o de la pandemia... y seguimos - Fer Abrajan\",\"isPartOf\":{\"@id\":\"https:\\\/\\\/ferabrajan.com\\\/portal\\\/#website\"},\"primaryImageOfPage\":{\"@id\":\"https:\\\/\\\/ferabrajan.com\\\/portal\\\/2020\\\/12\\\/06\\\/covid-19-a-un-ano-de-la-pandemia-y-seguimos\\\/#primaryimage\"},\"image\":{\"@id\":\"https:\\\/\\\/ferabrajan.com\\\/portal\\\/2020\\\/12\\\/06\\\/covid-19-a-un-ano-de-la-pandemia-y-seguimos\\\/#primaryimage\"},\"thumbnailUrl\":\"\",\"datePublished\":\"2020-12-06T06:05:00+00:00\",\"breadcrumb\":{\"@id\":\"https:\\\/\\\/ferabrajan.com\\\/portal\\\/2020\\\/12\\\/06\\\/covid-19-a-un-ano-de-la-pandemia-y-seguimos\\\/#breadcrumb\"},\"inLanguage\":\"es\",\"potentialAction\":[{\"@type\":\"ReadAction\",\"target\":[\"https:\\\/\\\/ferabrajan.com\\\/portal\\\/2020\\\/12\\\/06\\\/covid-19-a-un-ano-de-la-pandemia-y-seguimos\\\/\"]}]},{\"@type\":\"ImageObject\",\"inLanguage\":\"es\",\"@id\":\"https:\\\/\\\/ferabrajan.com\\\/portal\\\/2020\\\/12\\\/06\\\/covid-19-a-un-ano-de-la-pandemia-y-seguimos\\\/#primaryimage\",\"url\":\"\",\"contentUrl\":\"\"},{\"@type\":\"BreadcrumbList\",\"@id\":\"https:\\\/\\\/ferabrajan.com\\\/portal\\\/2020\\\/12\\\/06\\\/covid-19-a-un-ano-de-la-pandemia-y-seguimos\\\/#breadcrumb\",\"itemListElement\":[{\"@type\":\"ListItem\",\"position\":1,\"name\":\"Portada\",\"item\":\"https:\\\/\\\/ferabrajan.com\\\/portal\\\/\"},{\"@type\":\"ListItem\",\"position\":2,\"name\":\"Covid-19, a un a\u00f1o de la pandemia&#8230; y seguimos\"}]},{\"@type\":\"WebSite\",\"@id\":\"https:\\\/\\\/ferabrajan.com\\\/portal\\\/#website\",\"url\":\"https:\\\/\\\/ferabrajan.com\\\/portal\\\/\",\"name\":\"Fer Abrajan\",\"description\":\"Noticias de Puebla, opini\u00f3n y radio en vivo\",\"publisher\":{\"@id\":\"https:\\\/\\\/ferabrajan.com\\\/portal\\\/#organization\"},\"potentialAction\":[{\"@type\":\"SearchAction\",\"target\":{\"@type\":\"EntryPoint\",\"urlTemplate\":\"https:\\\/\\\/ferabrajan.com\\\/portal\\\/?s={search_term_string}\"},\"query-input\":{\"@type\":\"PropertyValueSpecification\",\"valueRequired\":true,\"valueName\":\"search_term_string\"}}],\"inLanguage\":\"es\"},{\"@type\":\"Organization\",\"@id\":\"https:\\\/\\\/ferabrajan.com\\\/portal\\\/#organization\",\"name\":\"Fer Abrajan\",\"url\":\"https:\\\/\\\/ferabrajan.com\\\/portal\\\/\",\"logo\":{\"@type\":\"ImageObject\",\"inLanguage\":\"es\",\"@id\":\"https:\\\/\\\/ferabrajan.com\\\/portal\\\/#\\\/schema\\\/logo\\\/image\\\/\",\"url\":\"https:\\\/\\\/ferabrajan.com\\\/portal\\\/wp-content\\\/uploads\\\/2024\\\/10\\\/cropped-logo.jpeg\",\"contentUrl\":\"https:\\\/\\\/ferabrajan.com\\\/portal\\\/wp-content\\\/uploads\\\/2024\\\/10\\\/cropped-logo.jpeg\",\"width\":500,\"height\":250,\"caption\":\"Fer Abrajan\"},\"image\":{\"@id\":\"https:\\\/\\\/ferabrajan.com\\\/portal\\\/#\\\/schema\\\/logo\\\/image\\\/\"},\"sameAs\":[\"https:\\\/\\\/www.facebook.com\\\/NoticiasconFerAbrajan\\\/\",\"https:\\\/\\\/x.com\\\/ferabrajan1\"]},{\"@type\":\"Person\",\"@id\":\"https:\\\/\\\/ferabrajan.com\\\/portal\\\/#\\\/schema\\\/person\\\/f6113b3cb1e036d5c6a9505685b257ba\",\"name\":\"admin\",\"image\":{\"@type\":\"ImageObject\",\"inLanguage\":\"es\",\"@id\":\"https:\\\/\\\/secure.gravatar.com\\\/avatar\\\/072baa72775aad53c748dfc5d3048578e01b6c087eef335459ebfa04344e2d18?s=96&d=mm&r=g\",\"url\":\"https:\\\/\\\/secure.gravatar.com\\\/avatar\\\/072baa72775aad53c748dfc5d3048578e01b6c087eef335459ebfa04344e2d18?s=96&d=mm&r=g\",\"contentUrl\":\"https:\\\/\\\/secure.gravatar.com\\\/avatar\\\/072baa72775aad53c748dfc5d3048578e01b6c087eef335459ebfa04344e2d18?s=96&d=mm&r=g\",\"caption\":\"admin\"},\"sameAs\":[\"https:\\\/\\\/ferabrajan.com\\\/portal\"],\"url\":\"https:\\\/\\\/ferabrajan.com\\\/portal\\\/author\\\/admin\\\/\"}]}<\/script>\n<!-- \/ Yoast SEO plugin. -->","yoast_head_json":{"title":"Covid-19, a un a\u00f1o de la pandemia... y seguimos - Fer Abrajan","robots":{"index":"index","follow":"follow","max-snippet":"max-snippet:-1","max-image-preview":"max-image-preview:large","max-video-preview":"max-video-preview:-1"},"canonical":"https:\/\/ferabrajan.com\/portal\/2020\/12\/06\/covid-19-a-un-ano-de-la-pandemia-y-seguimos\/","og_locale":"es_ES","og_type":"article","og_title":"Covid-19, a un a\u00f1o de la pandemia... y seguimos - Fer Abrajan","og_description":"Era el 31 de diciembre, agencias como AFP y Reuters informaban que funcionarios chinos investigaban un brote de neumon\u00eda en Wuhan, en la provincia de Hubei. Portales de noticias locales y rumores en las redes sociales asociaban esta \u201cinexplicable\u201d enfermedad al S\u00edndrome Respiratorio Agudo Severo (SARS) que en 2003 dej\u00f3 cientos de muertos. Se tem\u00eda que, como en ese entonces, China estuviera ocultando informaci\u00f3n. \u27a1\ufe0f Da clic aqu\u00ed para conocer c\u00f3mo el Covid-19 entr\u00f3 a nuestras vidas para cambiarlas por siempre La cadena alemana Deutsche Welle indicaba, por su parte, que el comit\u00e9 sanitario municipal de Wuhan report\u00f3 27 casos de personas aisladas y bajo observaci\u00f3n m\u00e9dica. Adem\u00e1s, una \u201coperaci\u00f3n de limpieza se estaba llevando a cabo en un mercado de mariscos de la ciudad\u201d. No hab\u00eda m\u00e1s detalles. El mismo d\u00eda, el gobierno de Pek\u00edn inform\u00f3 por primera vez de una \u201cneumon\u00eda de causa desconocida\u201d al comit\u00e9 local de la Organizaci\u00f3n Mundial de la Salud (OMS). Un d\u00eda antes, el China Business News afirmaba que la sociedad Internacional de Enfermedades Infecciosas (ProMED) hab\u00eda detectado un \u201caviso urgente\u201d sobre un primer paciente con neumon\u00eda inexplicable que provino del mercado de Wuhan. La OMS solicit\u00f3 m\u00e1s informaci\u00f3n el 1 de enero de 2020 y emiti\u00f3 su primer informe p\u00fablico hasta el 5 de enero. Pero en ese momento el mundo ten\u00eda problemas m\u00e1s graves como para poner demasiada atenci\u00f3n a una extra\u00f1a enfermedad surgida en una ciudad china de la que nadie sab\u00eda nada ni hab\u00eda escuchado hablar antes. [embedded content] Tras crecientes tensiones, el 2 de enero de 2020 un ataque a\u00e9reo de Estados Unidos en el aeropuerto de Bagdad acababa con la vida del militar m\u00e1s poderoso de Ir\u00e1n. El r\u00e9gimen de los ayatolas prometi\u00f3 venganza y d\u00edas despu\u00e9s lanz\u00f3 un ataque contra tropas estadounidenses en una base iraqu\u00ed. La \u201ctercera guerra mundial\u201d parec\u00eda inminente y los ojos de la prensa estaban puestos en Medio Oriente. No obstante, medios como The New York Times ya destacaban c\u00f3mo China estaba lidiando con \u201cuna misteriosa enfermedad\u201d transmitida de animales a humanos similar a una neumon\u00eda, con s\u00edntomas \u201cigualmente inexplicables\u201d como fiebre alta, dificultad para respirar y lesiones pulmonares (7-01-20). Otros como el Washington Post consideraban \u201csevero\u201d el brote en Wuhan e intentaban explicar las diferencias con el SARS (7-01-20). En M\u00e9xico, entretenidos en la disputa diplom\u00e1tica con el gobierno de facto de Bolivia tras la renuncia y exilio de Evo Morales, as\u00ed como el asedio a la embajada mexicana en ese pa\u00eds, la noticia sobre la nueva enfermedad pas\u00f3 relativamente desapercibida hasta la segunda semana de enero. El Sol de M\u00e9xico inform\u00f3 el domingo 11 la primera muerte en China por un \u201cat\u00edpico virus\u201d que manten\u00eda en alerta a las autoridades. Otros medios reaccionar\u00edan d\u00edas despu\u00e9s, cuando se detectaron los primeros brotes fuera de China. El 20 de enero, la prensa mundial ya alertaba que el virus se transmit\u00eda de humano a humano. Tres d\u00edas despu\u00e9s, a pesar de que el virus se hab\u00eda extendido a otros pa\u00edses y el gobierno de Pek\u00edn aislaba a m\u00e1s de 50 millones de personas en varias ciudades, incluida Wuhan. La OMS consider\u00f3 prematuro decretar una emergencia. El primer caso en M\u00e9xico de lo que ya se denominaba Covid-19 se inform\u00f3 el 27 de febrero. Lo que ha seguido despu\u00e9s todos lo sabemos. Lo estamos viviendo. Sin embargo, la historia conocida nos lleva a preguntarnos: \u00bfCu\u00e1ndo se registr\u00f3 el primer caso de Covid-19? \u201cCreemos que los primeros casos en Wuhan datan de principios de diciembre\u201d, indica la OMS en su sitio internet. Seg\u00fan el diario hongkon\u00e9s South China Morning Post, el primer contagio conocido de Covid-19 ocurri\u00f3 el 17 de noviembre de 2019 en Wuhan. [embedded content] En los \u00faltimos meses, investigadores de varios pa\u00edses encontraron huellas de casos que habr\u00edan pasado desapercibidos mucho antes de diciembre de 2019, incluso en pa\u00edses como Italia y Espa\u00f1a. Sin embargo, un estudio de cient\u00edficos chinos publicado en febrero por la revista m\u00e9dica The Lancet estableci\u00f3 que la primera infecci\u00f3n conocida habr\u00eda tenido lugar el 1 de diciembre de 2019. Vivimos un mes en la oscuridad antes de conocer que, lentamente, el nuevo coronavirus se propagaba. Ha pasado un a\u00f1o desde entonces. Casi nada es hoy como hace un a\u00f1o. Covid, esa palabra que a finales del a\u00f1o pasado todos ignoramos, transform\u00f3 la manera en que estudiamos, compramos, vendemos, viajamos, saludamos&#8230; La emergencia sanitaria y econ\u00f3mica ha dejado innumerables p\u00e9rdidas de vidas, pero tambi\u00e9n de negocios, planes y otras cosas de las que hemos dado cuenta en los \u00faltimos meses. En esta edici\u00f3n especial presentamos s\u00f3lo algunas de las historias de esas personas que han logrado sortear la que ya se perfila para ser la peor crisis en 100 a\u00f1os, en la que, incluso, han encontrado oportunidades. [embedded content] Si quieres leer m\u00e1s historias con nuevas narrativas, te recomendamos Carpetas de Investigaci\u00f3n OEM, donde encontrar\u00e1s an\u00e1lisis, documentos exclusivos, reportajes de fondo y textos especiales de temas noticiosos nacionales e internacionales realizados por la Organizaci\u00f3n Editorial Mexicana. Publicaci\u00f3n Original: https:\/\/www.elsoldepuebla.com.mx\/mundo\/covid-19-cumple-un-ano-historia-breve-pandemia-especial-6096484.html","og_url":"https:\/\/ferabrajan.com\/portal\/2020\/12\/06\/covid-19-a-un-ano-de-la-pandemia-y-seguimos\/","og_site_name":"Fer Abrajan","article_publisher":"https:\/\/www.facebook.com\/NoticiasconFerAbrajan\/","article_published_time":"2020-12-06T06:05:00+00:00","author":"admin","twitter_card":"summary_large_image","twitter_creator":"@ferabrajan1","twitter_site":"@ferabrajan1","twitter_misc":{"Escrito por":"admin","Tiempo de lectura":"5 minutos"},"schema":{"@context":"https:\/\/schema.org","@graph":[{"@type":"Article","@id":"https:\/\/ferabrajan.com\/portal\/2020\/12\/06\/covid-19-a-un-ano-de-la-pandemia-y-seguimos\/#article","isPartOf":{"@id":"https:\/\/ferabrajan.com\/portal\/2020\/12\/06\/covid-19-a-un-ano-de-la-pandemia-y-seguimos\/"},"author":{"name":"admin","@id":"https:\/\/ferabrajan.com\/portal\/#\/schema\/person\/f6113b3cb1e036d5c6a9505685b257ba"},"headline":"Covid-19, a un a\u00f1o de la pandemia&#8230; y seguimos","datePublished":"2020-12-06T06:05:00+00:00","mainEntityOfPage":{"@id":"https:\/\/ferabrajan.com\/portal\/2020\/12\/06\/covid-19-a-un-ano-de-la-pandemia-y-seguimos\/"},"wordCount":913,"publisher":{"@id":"https:\/\/ferabrajan.com\/portal\/#organization"},"image":{"@id":"https:\/\/ferabrajan.com\/portal\/2020\/12\/06\/covid-19-a-un-ano-de-la-pandemia-y-seguimos\/#primaryimage"},"thumbnailUrl":"","articleSection":["Puebla"],"inLanguage":"es"},{"@type":"WebPage","@id":"https:\/\/ferabrajan.com\/portal\/2020\/12\/06\/covid-19-a-un-ano-de-la-pandemia-y-seguimos\/","url":"https:\/\/ferabrajan.com\/portal\/2020\/12\/06\/covid-19-a-un-ano-de-la-pandemia-y-seguimos\/","name":"Covid-19, a un a\u00f1o de la pandemia... y seguimos - Fer Abrajan","isPartOf":{"@id":"https:\/\/ferabrajan.com\/portal\/#website"},"primaryImageOfPage":{"@id":"https:\/\/ferabrajan.com\/portal\/2020\/12\/06\/covid-19-a-un-ano-de-la-pandemia-y-seguimos\/#primaryimage"},"image":{"@id":"https:\/\/ferabrajan.com\/portal\/2020\/12\/06\/covid-19-a-un-ano-de-la-pandemia-y-seguimos\/#primaryimage"},"thumbnailUrl":"","datePublished":"2020-12-06T06:05:00+00:00","breadcrumb":{"@id":"https:\/\/ferabrajan.com\/portal\/2020\/12\/06\/covid-19-a-un-ano-de-la-pandemia-y-seguimos\/#breadcrumb"},"inLanguage":"es","potentialAction":[{"@type":"ReadAction","target":["https:\/\/ferabrajan.com\/portal\/2020\/12\/06\/covid-19-a-un-ano-de-la-pandemia-y-seguimos\/"]}]},{"@type":"ImageObject","inLanguage":"es","@id":"https:\/\/ferabrajan.com\/portal\/2020\/12\/06\/covid-19-a-un-ano-de-la-pandemia-y-seguimos\/#primaryimage","url":"","contentUrl":""},{"@type":"BreadcrumbList","@id":"https:\/\/ferabrajan.com\/portal\/2020\/12\/06\/covid-19-a-un-ano-de-la-pandemia-y-seguimos\/#breadcrumb","itemListElement":[{"@type":"ListItem","position":1,"name":"Portada","item":"https:\/\/ferabrajan.com\/portal\/"},{"@type":"ListItem","position":2,"name":"Covid-19, a un a\u00f1o de la pandemia&#8230; y seguimos"}]},{"@type":"WebSite","@id":"https:\/\/ferabrajan.com\/portal\/#website","url":"https:\/\/ferabrajan.com\/portal\/","name":"Fer Abrajan","description":"Noticias de Puebla, opini\u00f3n y radio en vivo","publisher":{"@id":"https:\/\/ferabrajan.com\/portal\/#organization"},"potentialAction":[{"@type":"SearchAction","target":{"@type":"EntryPoint","urlTemplate":"https:\/\/ferabrajan.com\/portal\/?s={search_term_string}"},"query-input":{"@type":"PropertyValueSpecification","valueRequired":true,"valueName":"search_term_string"}}],"inLanguage":"es"},{"@type":"Organization","@id":"https:\/\/ferabrajan.com\/portal\/#organization","name":"Fer Abrajan","url":"https:\/\/ferabrajan.com\/portal\/","logo":{"@type":"ImageObject","inLanguage":"es","@id":"https:\/\/ferabrajan.com\/portal\/#\/schema\/logo\/image\/","url":"https:\/\/ferabrajan.com\/portal\/wp-content\/uploads\/2024\/10\/cropped-logo.jpeg","contentUrl":"https:\/\/ferabrajan.com\/portal\/wp-content\/uploads\/2024\/10\/cropped-logo.jpeg","width":500,"height":250,"caption":"Fer Abrajan"},"image":{"@id":"https:\/\/ferabrajan.com\/portal\/#\/schema\/logo\/image\/"},"sameAs":["https:\/\/www.facebook.com\/NoticiasconFerAbrajan\/","https:\/\/x.com\/ferabrajan1"]},{"@type":"Person","@id":"https:\/\/ferabrajan.com\/portal\/#\/schema\/person\/f6113b3cb1e036d5c6a9505685b257ba","name":"admin","image":{"@type":"ImageObject","inLanguage":"es","@id":"https:\/\/secure.gravatar.com\/avatar\/072baa72775aad53c748dfc5d3048578e01b6c087eef335459ebfa04344e2d18?s=96&d=mm&r=g","url":"https:\/\/secure.gravatar.com\/avatar\/072baa72775aad53c748dfc5d3048578e01b6c087eef335459ebfa04344e2d18?s=96&d=mm&r=g","contentUrl":"https:\/\/secure.gravatar.com\/avatar\/072baa72775aad53c748dfc5d3048578e01b6c087eef335459ebfa04344e2d18?s=96&d=mm&r=g","caption":"admin"},"sameAs":["https:\/\/ferabrajan.com\/portal"],"url":"https:\/\/ferabrajan.com\/portal\/author\/admin\/"}]}},"_links":{"self":[{"href":"https:\/\/ferabrajan.com\/portal\/wp-json\/wp\/v2\/posts\/22261","targetHints":{"allow":["GET"]}}],"collection":[{"href":"https:\/\/ferabrajan.com\/portal\/wp-json\/wp\/v2\/posts"}],"about":[{"href":"https:\/\/ferabrajan.com\/portal\/wp-json\/wp\/v2\/types\/post"}],"author":[{"embeddable":true,"href":"https:\/\/ferabrajan.com\/portal\/wp-json\/wp\/v2\/users\/1"}],"replies":[{"embeddable":true,"href":"https:\/\/ferabrajan.com\/portal\/wp-json\/wp\/v2\/comments?post=22261"}],"version-history":[{"count":0,"href":"https:\/\/ferabrajan.com\/portal\/wp-json\/wp\/v2\/posts\/22261\/revisions"}],"wp:attachment":[{"href":"https:\/\/ferabrajan.com\/portal\/wp-json\/wp\/v2\/media?parent=22261"}],"wp:term":[{"taxonomy":"category","embeddable":true,"href":"https:\/\/ferabrajan.com\/portal\/wp-json\/wp\/v2\/categories?post=22261"},{"taxonomy":"post_tag","embeddable":true,"href":"https:\/\/ferabrajan.com\/portal\/wp-json\/wp\/v2\/tags?post=22261"}],"curies":[{"name":"wp","href":"https:\/\/api.w.org\/{rel}","templated":true}]}}