{"id":22227,"date":"2020-12-05T04:13:00","date_gmt":"2020-12-05T04:13:00","guid":{"rendered":"http:\/\/www.ferabrajan.com\/2020\/12\/05\/buscan-aplazar-audiencia-de-garcia-luna\/"},"modified":"2020-12-05T04:13:00","modified_gmt":"2020-12-05T04:13:00","slug":"buscan-aplazar-audiencia-de-garcia-luna","status":"publish","type":"post","link":"https:\/\/ferabrajan.com\/portal\/2020\/12\/05\/buscan-aplazar-audiencia-de-garcia-luna\/","title":{"rendered":"Buscan aplazar audiencia de Garc\u00eda Luna"},"content":{"rendered":"<div><img decoding=\"async\" src=\"https:\/\/www.eluniversal.com.mx\/sites\/all\/themes\/eluniversal\/images\/logo4-universal.jpg\" class=\"ff-og-image-inserted\"><\/div>\n<p>Un nuevo documento en el caso de Genaro Garc\u00eda Luna, exsecretario de Seguridad P\u00fablica, adelanta que en la videoaudiencia del pr\u00f3ximo lunes se va a pedir que se aplace 60 d\u00edas la siguiente deliberaci\u00f3n de cargos.<\/p>\n<p>Garc\u00eda Luna debe regresar a la Corte federal en Brooklyn, Nueva York, el lunes. La audiencia est\u00e1 programada a las 9:00 (hora local), 8:00 en la Ciudad de M\u00e9xico.<\/p>\n<p>Se menciona que el gobierno sigue juntando y revisando pruebas. \u201cHasta la fecha, el gobierno ha producido m\u00e1s de 955 mil p\u00e1ginas de documentos, as\u00ed como voluminosas comunicaciones interceptadas\u201d.<\/p>\n<p>Garc\u00eda Luna est\u00e1 acusado por cinco cargos, entre ellos, el de participar en un proyecto criminal continuado y el de conspiraci\u00f3n para la importaci\u00f3n de coca\u00edna.<\/p>\n<p>Garc\u00eda Luna fue arrestado en diciembre en Dallas, Texas, y posteriormente trasladado a Nueva York, donde radica la acusaci\u00f3n en su contra. Estados Unidos se\u00f1ala que \u00e9l acept\u00f3 sobornos de Joaqu\u00edn <em>El Chapo Guzm\u00e1n<\/em> mientras desempe\u00f1aba como secretario.<\/p>\n<p>Publicaci\u00f3n Original: <a href=\"https:\/\/www.eluniversal.com.mx\/nacion\/buscan-aplazar-audiencia-de-garcia-luna\" target=\"_blank\" rel=\"noopener noreferrer\">https:\/\/www.eluniversal.com.mx\/nacion\/buscan-aplazar-audiencia-de-garcia-luna<\/a><\/p>\n","protected":false},"excerpt":{"rendered":"<p>Un nuevo documento en el caso de Genaro Garc\u00eda Luna, exsecretario de Seguridad P\u00fablica, adelanta que en la videoaudiencia del pr\u00f3ximo lunes se va a pedir que se aplace 60 d\u00edas la siguiente deliberaci\u00f3n de cargos. Garc\u00eda Luna debe regresar a la Corte federal en Brooklyn, Nueva York, el lunes. La audiencia est\u00e1 programada a las 9:00 (hora local), 8:00 en la Ciudad de M\u00e9xico. Se menciona que el gobierno sigue juntando y revisando pruebas. \u201cHasta la fecha, el gobierno ha producido m\u00e1s de 955 mil p\u00e1ginas de documentos, as\u00ed como voluminosas comunicaciones interceptadas\u201d. Garc\u00eda Luna est\u00e1 acusado por cinco cargos, entre ellos, el de participar en un proyecto criminal continuado y el de conspiraci\u00f3n para la importaci\u00f3n de coca\u00edna. Garc\u00eda Luna fue arrestado en diciembre en Dallas, Texas, y posteriormente trasladado a Nueva York, donde radica la acusaci\u00f3n en su contra. Estados Unidos se\u00f1ala que \u00e9l acept\u00f3 sobornos de Joaqu\u00edn El Chapo Guzm\u00e1n mientras desempe\u00f1aba como secretario. Publicaci\u00f3n Original: https:\/\/www.eluniversal.com.mx\/nacion\/buscan-aplazar-audiencia-de-garcia-luna<\/p>\n","protected":false},"author":1,"featured_media":22231,"comment_status":"open","ping_status":"closed","sticky":false,"template":"","format":"standard","meta":{"_monsterinsights_skip_tracking":false,"_uf_show_specific_survey":0,"_uf_disable_surveys":false,"footnotes":""},"categories":[36],"tags":[],"class_list":["post-22227","post","type-post","status-publish","format-standard","has-post-thumbnail","hentry","category-el-mundo"],"yoast_head":"<!-- This site is optimized with the Yoast SEO plugin v27.5 - https:\/\/yoast.com\/product\/yoast-seo-wordpress\/ -->\n<title>Buscan aplazar audiencia de Garc\u00eda Luna - Fer Abrajan<\/title>\n<meta name=\"robots\" content=\"index, follow, max-snippet:-1, max-image-preview:large, max-video-preview:-1\" \/>\n<link rel=\"canonical\" href=\"https:\/\/ferabrajan.com\/portal\/2020\/12\/05\/buscan-aplazar-audiencia-de-garcia-luna\/\" \/>\n<meta property=\"og:locale\" content=\"es_ES\" \/>\n<meta property=\"og:type\" content=\"article\" \/>\n<meta property=\"og:title\" content=\"Buscan aplazar audiencia de Garc\u00eda Luna - Fer Abrajan\" \/>\n<meta property=\"og:description\" content=\"Un nuevo documento en el caso de Genaro Garc\u00eda Luna, exsecretario de Seguridad P\u00fablica, adelanta que en la videoaudiencia del pr\u00f3ximo lunes se va a pedir que se aplace 60 d\u00edas la siguiente deliberaci\u00f3n de cargos. Garc\u00eda Luna debe regresar a la Corte federal en Brooklyn, Nueva York, el lunes. La audiencia est\u00e1 programada a las 9:00 (hora local), 8:00 en la Ciudad de M\u00e9xico. Se menciona que el gobierno sigue juntando y revisando pruebas. \u201cHasta la fecha, el gobierno ha producido m\u00e1s de 955 mil p\u00e1ginas de documentos, as\u00ed como voluminosas comunicaciones interceptadas\u201d. Garc\u00eda Luna est\u00e1 acusado por cinco cargos, entre ellos, el de participar en un proyecto criminal continuado y el de conspiraci\u00f3n para la importaci\u00f3n de coca\u00edna. Garc\u00eda Luna fue arrestado en diciembre en Dallas, Texas, y posteriormente trasladado a Nueva York, donde radica la acusaci\u00f3n en su contra. Estados Unidos se\u00f1ala que \u00e9l acept\u00f3 sobornos de Joaqu\u00edn El Chapo Guzm\u00e1n mientras desempe\u00f1aba como secretario. Publicaci\u00f3n Original: https:\/\/www.eluniversal.com.mx\/nacion\/buscan-aplazar-audiencia-de-garcia-luna\" \/>\n<meta property=\"og:url\" content=\"https:\/\/ferabrajan.com\/portal\/2020\/12\/05\/buscan-aplazar-audiencia-de-garcia-luna\/\" \/>\n<meta property=\"og:site_name\" content=\"Fer Abrajan\" \/>\n<meta property=\"article:publisher\" content=\"https:\/\/www.facebook.com\/NoticiasconFerAbrajan\/\" \/>\n<meta property=\"article:published_time\" content=\"2020-12-05T04:13:00+00:00\" \/>\n<meta name=\"author\" content=\"admin\" \/>\n<meta name=\"twitter:card\" content=\"summary_large_image\" \/>\n<meta name=\"twitter:creator\" content=\"@ferabrajan1\" \/>\n<meta name=\"twitter:site\" content=\"@ferabrajan1\" \/>\n<meta name=\"twitter:label1\" content=\"Escrito por\" \/>\n\t<meta name=\"twitter:data1\" content=\"admin\" \/>\n\t<meta name=\"twitter:label2\" content=\"Tiempo de lectura\" \/>\n\t<meta name=\"twitter:data2\" content=\"1 minuto\" \/>\n<script type=\"application\/ld+json\" class=\"yoast-schema-graph\">{\"@context\":\"https:\\\/\\\/schema.org\",\"@graph\":[{\"@type\":\"Article\",\"@id\":\"https:\\\/\\\/ferabrajan.com\\\/portal\\\/2020\\\/12\\\/05\\\/buscan-aplazar-audiencia-de-garcia-luna\\\/#article\",\"isPartOf\":{\"@id\":\"https:\\\/\\\/ferabrajan.com\\\/portal\\\/2020\\\/12\\\/05\\\/buscan-aplazar-audiencia-de-garcia-luna\\\/\"},\"author\":{\"name\":\"admin\",\"@id\":\"https:\\\/\\\/ferabrajan.com\\\/portal\\\/#\\\/schema\\\/person\\\/f6113b3cb1e036d5c6a9505685b257ba\"},\"headline\":\"Buscan aplazar audiencia de Garc\u00eda Luna\",\"datePublished\":\"2020-12-05T04:13:00+00:00\",\"mainEntityOfPage\":{\"@id\":\"https:\\\/\\\/ferabrajan.com\\\/portal\\\/2020\\\/12\\\/05\\\/buscan-aplazar-audiencia-de-garcia-luna\\\/\"},\"wordCount\":190,\"commentCount\":0,\"publisher\":{\"@id\":\"https:\\\/\\\/ferabrajan.com\\\/portal\\\/#organization\"},\"image\":{\"@id\":\"https:\\\/\\\/ferabrajan.com\\\/portal\\\/2020\\\/12\\\/05\\\/buscan-aplazar-audiencia-de-garcia-luna\\\/#primaryimage\"},\"thumbnailUrl\":\"\",\"articleSection\":[\"El Mundo\"],\"inLanguage\":\"es\"},{\"@type\":\"WebPage\",\"@id\":\"https:\\\/\\\/ferabrajan.com\\\/portal\\\/2020\\\/12\\\/05\\\/buscan-aplazar-audiencia-de-garcia-luna\\\/\",\"url\":\"https:\\\/\\\/ferabrajan.com\\\/portal\\\/2020\\\/12\\\/05\\\/buscan-aplazar-audiencia-de-garcia-luna\\\/\",\"name\":\"Buscan aplazar audiencia de Garc\u00eda Luna - Fer Abrajan\",\"isPartOf\":{\"@id\":\"https:\\\/\\\/ferabrajan.com\\\/portal\\\/#website\"},\"primaryImageOfPage\":{\"@id\":\"https:\\\/\\\/ferabrajan.com\\\/portal\\\/2020\\\/12\\\/05\\\/buscan-aplazar-audiencia-de-garcia-luna\\\/#primaryimage\"},\"image\":{\"@id\":\"https:\\\/\\\/ferabrajan.com\\\/portal\\\/2020\\\/12\\\/05\\\/buscan-aplazar-audiencia-de-garcia-luna\\\/#primaryimage\"},\"thumbnailUrl\":\"\",\"datePublished\":\"2020-12-05T04:13:00+00:00\",\"breadcrumb\":{\"@id\":\"https:\\\/\\\/ferabrajan.com\\\/portal\\\/2020\\\/12\\\/05\\\/buscan-aplazar-audiencia-de-garcia-luna\\\/#breadcrumb\"},\"inLanguage\":\"es\",\"potentialAction\":[{\"@type\":\"ReadAction\",\"target\":[\"https:\\\/\\\/ferabrajan.com\\\/portal\\\/2020\\\/12\\\/05\\\/buscan-aplazar-audiencia-de-garcia-luna\\\/\"]}]},{\"@type\":\"ImageObject\",\"inLanguage\":\"es\",\"@id\":\"https:\\\/\\\/ferabrajan.com\\\/portal\\\/2020\\\/12\\\/05\\\/buscan-aplazar-audiencia-de-garcia-luna\\\/#primaryimage\",\"url\":\"\",\"contentUrl\":\"\"},{\"@type\":\"BreadcrumbList\",\"@id\":\"https:\\\/\\\/ferabrajan.com\\\/portal\\\/2020\\\/12\\\/05\\\/buscan-aplazar-audiencia-de-garcia-luna\\\/#breadcrumb\",\"itemListElement\":[{\"@type\":\"ListItem\",\"position\":1,\"name\":\"Portada\",\"item\":\"https:\\\/\\\/ferabrajan.com\\\/portal\\\/\"},{\"@type\":\"ListItem\",\"position\":2,\"name\":\"Buscan aplazar audiencia de Garc\u00eda Luna\"}]},{\"@type\":\"WebSite\",\"@id\":\"https:\\\/\\\/ferabrajan.com\\\/portal\\\/#website\",\"url\":\"https:\\\/\\\/ferabrajan.com\\\/portal\\\/\",\"name\":\"Fer Abrajan\",\"description\":\"Noticias de Puebla, opini\u00f3n y radio en vivo\",\"publisher\":{\"@id\":\"https:\\\/\\\/ferabrajan.com\\\/portal\\\/#organization\"},\"potentialAction\":[{\"@type\":\"SearchAction\",\"target\":{\"@type\":\"EntryPoint\",\"urlTemplate\":\"https:\\\/\\\/ferabrajan.com\\\/portal\\\/?s={search_term_string}\"},\"query-input\":{\"@type\":\"PropertyValueSpecification\",\"valueRequired\":true,\"valueName\":\"search_term_string\"}}],\"inLanguage\":\"es\"},{\"@type\":\"Organization\",\"@id\":\"https:\\\/\\\/ferabrajan.com\\\/portal\\\/#organization\",\"name\":\"Fer Abrajan\",\"url\":\"https:\\\/\\\/ferabrajan.com\\\/portal\\\/\",\"logo\":{\"@type\":\"ImageObject\",\"inLanguage\":\"es\",\"@id\":\"https:\\\/\\\/ferabrajan.com\\\/portal\\\/#\\\/schema\\\/logo\\\/image\\\/\",\"url\":\"https:\\\/\\\/ferabrajan.com\\\/portal\\\/wp-content\\\/uploads\\\/2024\\\/10\\\/cropped-logo.jpeg\",\"contentUrl\":\"https:\\\/\\\/ferabrajan.com\\\/portal\\\/wp-content\\\/uploads\\\/2024\\\/10\\\/cropped-logo.jpeg\",\"width\":500,\"height\":250,\"caption\":\"Fer Abrajan\"},\"image\":{\"@id\":\"https:\\\/\\\/ferabrajan.com\\\/portal\\\/#\\\/schema\\\/logo\\\/image\\\/\"},\"sameAs\":[\"https:\\\/\\\/www.facebook.com\\\/NoticiasconFerAbrajan\\\/\",\"https:\\\/\\\/x.com\\\/ferabrajan1\"]},{\"@type\":\"Person\",\"@id\":\"https:\\\/\\\/ferabrajan.com\\\/portal\\\/#\\\/schema\\\/person\\\/f6113b3cb1e036d5c6a9505685b257ba\",\"name\":\"admin\",\"image\":{\"@type\":\"ImageObject\",\"inLanguage\":\"es\",\"@id\":\"https:\\\/\\\/secure.gravatar.com\\\/avatar\\\/072baa72775aad53c748dfc5d3048578e01b6c087eef335459ebfa04344e2d18?s=96&d=mm&r=g\",\"url\":\"https:\\\/\\\/secure.gravatar.com\\\/avatar\\\/072baa72775aad53c748dfc5d3048578e01b6c087eef335459ebfa04344e2d18?s=96&d=mm&r=g\",\"contentUrl\":\"https:\\\/\\\/secure.gravatar.com\\\/avatar\\\/072baa72775aad53c748dfc5d3048578e01b6c087eef335459ebfa04344e2d18?s=96&d=mm&r=g\",\"caption\":\"admin\"},\"sameAs\":[\"https:\\\/\\\/ferabrajan.com\\\/portal\"],\"url\":\"https:\\\/\\\/ferabrajan.com\\\/portal\\\/author\\\/admin\\\/\"}]}<\/script>\n<!-- \/ Yoast SEO plugin. -->","yoast_head_json":{"title":"Buscan aplazar audiencia de Garc\u00eda Luna - Fer Abrajan","robots":{"index":"index","follow":"follow","max-snippet":"max-snippet:-1","max-image-preview":"max-image-preview:large","max-video-preview":"max-video-preview:-1"},"canonical":"https:\/\/ferabrajan.com\/portal\/2020\/12\/05\/buscan-aplazar-audiencia-de-garcia-luna\/","og_locale":"es_ES","og_type":"article","og_title":"Buscan aplazar audiencia de Garc\u00eda Luna - Fer Abrajan","og_description":"Un nuevo documento en el caso de Genaro Garc\u00eda Luna, exsecretario de Seguridad P\u00fablica, adelanta que en la videoaudiencia del pr\u00f3ximo lunes se va a pedir que se aplace 60 d\u00edas la siguiente deliberaci\u00f3n de cargos. Garc\u00eda Luna debe regresar a la Corte federal en Brooklyn, Nueva York, el lunes. La audiencia est\u00e1 programada a las 9:00 (hora local), 8:00 en la Ciudad de M\u00e9xico. Se menciona que el gobierno sigue juntando y revisando pruebas. \u201cHasta la fecha, el gobierno ha producido m\u00e1s de 955 mil p\u00e1ginas de documentos, as\u00ed como voluminosas comunicaciones interceptadas\u201d. Garc\u00eda Luna est\u00e1 acusado por cinco cargos, entre ellos, el de participar en un proyecto criminal continuado y el de conspiraci\u00f3n para la importaci\u00f3n de coca\u00edna. Garc\u00eda Luna fue arrestado en diciembre en Dallas, Texas, y posteriormente trasladado a Nueva York, donde radica la acusaci\u00f3n en su contra. Estados Unidos se\u00f1ala que \u00e9l acept\u00f3 sobornos de Joaqu\u00edn El Chapo Guzm\u00e1n mientras desempe\u00f1aba como secretario. Publicaci\u00f3n Original: https:\/\/www.eluniversal.com.mx\/nacion\/buscan-aplazar-audiencia-de-garcia-luna","og_url":"https:\/\/ferabrajan.com\/portal\/2020\/12\/05\/buscan-aplazar-audiencia-de-garcia-luna\/","og_site_name":"Fer Abrajan","article_publisher":"https:\/\/www.facebook.com\/NoticiasconFerAbrajan\/","article_published_time":"2020-12-05T04:13:00+00:00","author":"admin","twitter_card":"summary_large_image","twitter_creator":"@ferabrajan1","twitter_site":"@ferabrajan1","twitter_misc":{"Escrito por":"admin","Tiempo de lectura":"1 minuto"},"schema":{"@context":"https:\/\/schema.org","@graph":[{"@type":"Article","@id":"https:\/\/ferabrajan.com\/portal\/2020\/12\/05\/buscan-aplazar-audiencia-de-garcia-luna\/#article","isPartOf":{"@id":"https:\/\/ferabrajan.com\/portal\/2020\/12\/05\/buscan-aplazar-audiencia-de-garcia-luna\/"},"author":{"name":"admin","@id":"https:\/\/ferabrajan.com\/portal\/#\/schema\/person\/f6113b3cb1e036d5c6a9505685b257ba"},"headline":"Buscan aplazar audiencia de Garc\u00eda Luna","datePublished":"2020-12-05T04:13:00+00:00","mainEntityOfPage":{"@id":"https:\/\/ferabrajan.com\/portal\/2020\/12\/05\/buscan-aplazar-audiencia-de-garcia-luna\/"},"wordCount":190,"commentCount":0,"publisher":{"@id":"https:\/\/ferabrajan.com\/portal\/#organization"},"image":{"@id":"https:\/\/ferabrajan.com\/portal\/2020\/12\/05\/buscan-aplazar-audiencia-de-garcia-luna\/#primaryimage"},"thumbnailUrl":"","articleSection":["El Mundo"],"inLanguage":"es"},{"@type":"WebPage","@id":"https:\/\/ferabrajan.com\/portal\/2020\/12\/05\/buscan-aplazar-audiencia-de-garcia-luna\/","url":"https:\/\/ferabrajan.com\/portal\/2020\/12\/05\/buscan-aplazar-audiencia-de-garcia-luna\/","name":"Buscan aplazar audiencia de Garc\u00eda Luna - Fer Abrajan","isPartOf":{"@id":"https:\/\/ferabrajan.com\/portal\/#website"},"primaryImageOfPage":{"@id":"https:\/\/ferabrajan.com\/portal\/2020\/12\/05\/buscan-aplazar-audiencia-de-garcia-luna\/#primaryimage"},"image":{"@id":"https:\/\/ferabrajan.com\/portal\/2020\/12\/05\/buscan-aplazar-audiencia-de-garcia-luna\/#primaryimage"},"thumbnailUrl":"","datePublished":"2020-12-05T04:13:00+00:00","breadcrumb":{"@id":"https:\/\/ferabrajan.com\/portal\/2020\/12\/05\/buscan-aplazar-audiencia-de-garcia-luna\/#breadcrumb"},"inLanguage":"es","potentialAction":[{"@type":"ReadAction","target":["https:\/\/ferabrajan.com\/portal\/2020\/12\/05\/buscan-aplazar-audiencia-de-garcia-luna\/"]}]},{"@type":"ImageObject","inLanguage":"es","@id":"https:\/\/ferabrajan.com\/portal\/2020\/12\/05\/buscan-aplazar-audiencia-de-garcia-luna\/#primaryimage","url":"","contentUrl":""},{"@type":"BreadcrumbList","@id":"https:\/\/ferabrajan.com\/portal\/2020\/12\/05\/buscan-aplazar-audiencia-de-garcia-luna\/#breadcrumb","itemListElement":[{"@type":"ListItem","position":1,"name":"Portada","item":"https:\/\/ferabrajan.com\/portal\/"},{"@type":"ListItem","position":2,"name":"Buscan aplazar audiencia de Garc\u00eda Luna"}]},{"@type":"WebSite","@id":"https:\/\/ferabrajan.com\/portal\/#website","url":"https:\/\/ferabrajan.com\/portal\/","name":"Fer Abrajan","description":"Noticias de Puebla, opini\u00f3n y radio en vivo","publisher":{"@id":"https:\/\/ferabrajan.com\/portal\/#organization"},"potentialAction":[{"@type":"SearchAction","target":{"@type":"EntryPoint","urlTemplate":"https:\/\/ferabrajan.com\/portal\/?s={search_term_string}"},"query-input":{"@type":"PropertyValueSpecification","valueRequired":true,"valueName":"search_term_string"}}],"inLanguage":"es"},{"@type":"Organization","@id":"https:\/\/ferabrajan.com\/portal\/#organization","name":"Fer Abrajan","url":"https:\/\/ferabrajan.com\/portal\/","logo":{"@type":"ImageObject","inLanguage":"es","@id":"https:\/\/ferabrajan.com\/portal\/#\/schema\/logo\/image\/","url":"https:\/\/ferabrajan.com\/portal\/wp-content\/uploads\/2024\/10\/cropped-logo.jpeg","contentUrl":"https:\/\/ferabrajan.com\/portal\/wp-content\/uploads\/2024\/10\/cropped-logo.jpeg","width":500,"height":250,"caption":"Fer Abrajan"},"image":{"@id":"https:\/\/ferabrajan.com\/portal\/#\/schema\/logo\/image\/"},"sameAs":["https:\/\/www.facebook.com\/NoticiasconFerAbrajan\/","https:\/\/x.com\/ferabrajan1"]},{"@type":"Person","@id":"https:\/\/ferabrajan.com\/portal\/#\/schema\/person\/f6113b3cb1e036d5c6a9505685b257ba","name":"admin","image":{"@type":"ImageObject","inLanguage":"es","@id":"https:\/\/secure.gravatar.com\/avatar\/072baa72775aad53c748dfc5d3048578e01b6c087eef335459ebfa04344e2d18?s=96&d=mm&r=g","url":"https:\/\/secure.gravatar.com\/avatar\/072baa72775aad53c748dfc5d3048578e01b6c087eef335459ebfa04344e2d18?s=96&d=mm&r=g","contentUrl":"https:\/\/secure.gravatar.com\/avatar\/072baa72775aad53c748dfc5d3048578e01b6c087eef335459ebfa04344e2d18?s=96&d=mm&r=g","caption":"admin"},"sameAs":["https:\/\/ferabrajan.com\/portal"],"url":"https:\/\/ferabrajan.com\/portal\/author\/admin\/"}]}},"_links":{"self":[{"href":"https:\/\/ferabrajan.com\/portal\/wp-json\/wp\/v2\/posts\/22227","targetHints":{"allow":["GET"]}}],"collection":[{"href":"https:\/\/ferabrajan.com\/portal\/wp-json\/wp\/v2\/posts"}],"about":[{"href":"https:\/\/ferabrajan.com\/portal\/wp-json\/wp\/v2\/types\/post"}],"author":[{"embeddable":true,"href":"https:\/\/ferabrajan.com\/portal\/wp-json\/wp\/v2\/users\/1"}],"replies":[{"embeddable":true,"href":"https:\/\/ferabrajan.com\/portal\/wp-json\/wp\/v2\/comments?post=22227"}],"version-history":[{"count":0,"href":"https:\/\/ferabrajan.com\/portal\/wp-json\/wp\/v2\/posts\/22227\/revisions"}],"wp:attachment":[{"href":"https:\/\/ferabrajan.com\/portal\/wp-json\/wp\/v2\/media?parent=22227"}],"wp:term":[{"taxonomy":"category","embeddable":true,"href":"https:\/\/ferabrajan.com\/portal\/wp-json\/wp\/v2\/categories?post=22227"},{"taxonomy":"post_tag","embeddable":true,"href":"https:\/\/ferabrajan.com\/portal\/wp-json\/wp\/v2\/tags?post=22227"}],"curies":[{"name":"wp","href":"https:\/\/api.w.org\/{rel}","templated":true}]}}