{"id":22201,"date":"2020-12-05T12:18:44","date_gmt":"2020-12-05T12:18:44","guid":{"rendered":"https:\/\/www.elsoldepuebla.com.mx\/analisis\/la-democracia-en-su-eleccion-interna-del-pan-morena-y-pri-6097930.html"},"modified":"2020-12-05T12:18:44","modified_gmt":"2020-12-05T12:18:44","slug":"la-democracia-en-su-eleccion-interna-del-pan-morena-y-pri","status":"publish","type":"post","link":"https:\/\/ferabrajan.com\/portal\/2020\/12\/05\/la-democracia-en-su-eleccion-interna-del-pan-morena-y-pri\/","title":{"rendered":"La \u201cdemocracia\u201d en su elecci\u00f3n interna, del PAN, Morena y PRI"},"content":{"rendered":"<p>Aunque tanto MORENA como el PRI y el PAN tratan de convencer a la ciudadan\u00eda, que sus m\u00e9todos para la designaci\u00f3n de sus candidatos a diputados locales, federales y alcaldes ser\u00e1n \u201ctrasparentes\u201d y que elegir\u00e1n \u201ca sus mejores hombres y mujeres\u201d, (frase trillada y mentirosa), definitivamente es solo palabrer\u00eda dirigida a los ilusos, pues en todos los casos, se vislumbra nuevamente el tradicional \u201cdedazo\u201d, ejemplo que siguen los \u201cbons\u00e1i\u201d que ahora est\u00e1n cachando a quienes quieren convertirse en \u201cchapulines\u201d.<\/p>\n<p>Por su parte el PRI ya decidi\u00f3 que la designaci\u00f3n de sus candidatos ser\u00e1 a trav\u00e9s de la comisi\u00f3n Nacional para la postulaci\u00f3n de candidaturas, (l\u00e9ase Alejandro Moreno y grupo en el poder del CEN) la que decidir\u00e1 quienes son los mejores perfiles, aunque no dice los par\u00e1metros considerados para tomar una decisi\u00f3n justa, pues por l\u00f3gica no conocen a todos los aspirantes. Esta medida es para conservar la \u201cunidad\u201d, aunque precisamente por esta decisi\u00f3n ha empezado otra desbandada.<\/p>\n<p>El Partido Acci\u00f3n Nacional anunci\u00f3 a trav\u00e9s de su presidente Marko Cort\u00e9s, la selecci\u00f3n de candidatos por medio de centros de votaci\u00f3n, con la participaci\u00f3n de la militancia, aunque tambi\u00e9n habr\u00e1 designaciones directas, -acept\u00f3- que no solo ser\u00e1n la mayor\u00eda sino las m\u00e1s importantes. Estas se realizar\u00e1n conjuntamente con los partidos y en los sitios donde se concreten alianzas. Aqu\u00ed en Puebla, pueden decir que es Genoveva Huerta la que decidir\u00e1, pero en realidad quiz\u00e1 solo externe opiniones, pues todos sabemos que las aprobaciones finales se toman en el CEN, para beneficiar a quien m\u00e1s convenga.<\/p>\n<p>Y en MORENA las candidaturas ser\u00e1n por encuestas, pero ya es sabido que en ella participan solo los seleccionados, y \u00bfsabe qui\u00e9nes las ganan?..\u00a1acert\u00f3!, los mismos, que adem\u00e1s antes recibieron la bendici\u00f3n del dedo mayor del partido. As\u00ed que ellos como los de otros institutos podr\u00e1n decir lo que quieran, pero \u00bfcu\u00e1l democracia?, y si no preg\u00fanteles a los que inocentemente y no habiendo participado en otros procesos llegan ilusionados para que los tomen en cuenta, a ellos les dicen que ahora s\u00ed todo ser\u00e1 \u201ctransparente\u201d, pero \u00bfen realidad lo es? En esta ocasi\u00f3n como en muchas otras, los l\u00edderes de los partidos participantes realizar\u00e1n los \u201cacuerdos en lo obscurito\u201d y de ah\u00ed saldr\u00e1n los nombres, que por cierto algunos ahora est\u00e1n en la palestra, disque promovi\u00e9ndose, cuando en realidad algunos de ellos ya tienen la candidatura en la bolsa, despu\u00e9s de las famosas \u201cconcertaciones o acuerdos\u201d.<\/p>\n<p><strong>DE LOS QUE ASPIRAN\u2026<\/strong><\/p>\n<p>Una gran decepci\u00f3n se est\u00e1n llevando los \u201cpuros\u201d de MORENA, pues est\u00e1n mirando que eso de la pureza no importa a su l\u00edder nacional, quien pese a que su partido tiene muy buena intenci\u00f3n de voto, ya le entr\u00f3 a la \u201cpepena\u201d de candidatos chapulines que est\u00e1n prestos a dejar al instituto pol\u00edtico en turno para tener una posici\u00f3n privilegiada en el Movimiento, aun cuando no coincidan con \u00e9l ideol\u00f3gicamente. Tal es el caso del cholulteca Julio Lorenzini quien ya fue miembro del PRI, despu\u00e9s salt\u00f3 al PAN en donde logr\u00f3 ser diputado federal y local, bajo el amparo del fallecido gobernador Rafael Moreno Valle y ahora sin ning\u00fan rubor salt\u00f3 a MORENA, en donde pretende ser candidato a la alcald\u00eda de san Pedro Cholula. La duda es si el gobernador Luis Miguel Babosa lo tiene dentro de sus proyectos, pues se dice que dentro de los que s\u00ed est\u00e1, es en los de un senador.<\/p>\n<p>Otro que ha decidido poner fin a su militancia, pero en el PRI es Carlos Barrag\u00e1n Amador despu\u00e9s de que por dos ocasiones ha sido alcalde de Xicotepec de Ju\u00e1rez por este instituto, y buscaba ocupar este puesto por tercera ocasi\u00f3n. Cuando fue notificado que por ahora no es contemplado candidato ya que \u201cya hab\u00eda bailado dos veces\u201d, y hay otros que podr\u00edan garantizar tambi\u00e9n el triunfo, su berrinche fue may\u00fasculo y anunci\u00f3 su salida del tricolor, y su lanzamiento como candidato \u201cindependiente\u201d, argumentando que \u00e9l tiene la m\u00e1s alta intenci\u00f3n de voto a favor, seg\u00fan encuesta costeada por \u00e9l mismo, -obvio-. Despu\u00e9s de este anuncio, recrimin\u00f3 a N\u00e9stor Camarillo presidente del CDE ser excluyente. Ya se ver\u00e1 la respuesta de la ciudadan\u00eda y si sus principales oponentes que son Lupita Vargas, hija de Ardelio Vargas con influencia a nivel estatal, y quien busca tambi\u00e9n ser repetidora, Daniel Sol\u00eds, y Gabriel Alvarado, le dan la raz\u00f3n.<\/p>\n<p>Ahora que quien se incluy\u00f3 en la feria de las traiciones y de la venta al mejor postor, \u00a1otra vez! fue el diputado \u201cindependiente\u201d Marcelo Garc\u00eda Almaguer, quien pidi\u00f3 perd\u00f3n al PAN y al grupo moreno vallista que lo controla y retorn\u00f3 como militantes. Por cierto, se dice que , \u00e9l proyecta tener \u00e9ste bajo su mando cuando sea otra vez legislador. Esto despu\u00e9s de que no logr\u00f3 una candidatura en Movimiento Ciudadano con el que \u201ccoquete\u00f3\u201d en d\u00edas pasados, aunque trascendi\u00f3 que no accedieron a todas sus exigencias pues su capital pol\u00edtico no era el que aseguraba tener. Tambi\u00e9n trat\u00f3 de ser aceptado en MORENA, pero tras bambalinas, lo que tampoco logr\u00f3. Ahora con la anuencia de Genoveva Huerta la presidenta del blanquiazul, retorna a \u00e9ste donde quiere una candidatura por lo menos a diputado (local o federal). Ya se ver\u00e1 si la logra, apoyando a la presidenta del CDE en sus \u201cproyectos\u201d de imponer en dichas posiciones a su grupo -hechura del extinto Rafael Moreno Valle-, y seguir teniendo el control. Asimismo podr\u00eda ser su alfil para cerrarle las puertas a los tradicionales, especialmente a Eduardo Rivera P\u00e9rez, pues sus pr\u00e1cticas para ello ya son conocidas y probadas. Y HASTA LA PR\u00d3XIMA.<\/p>\n<p>mariagarciasolis@hotmail.com<\/p>\n<p> Publicaci\u00f3n Original: <a href=\"https:\/\/www.elsoldepuebla.com.mx\/analisis\/la-democracia-en-su-eleccion-interna-del-pan-morena-y-pri-6097930.html\" target=\"_blank\" rel=\"noopener noreferrer\">https:\/\/www.elsoldepuebla.com.mx\/analisis\/la-democracia-en-su-eleccion-interna-del-pan-morena-y-pri-6097930.html<\/a><\/p>\n","protected":false},"excerpt":{"rendered":"<p>Aunque tanto MORENA como el PRI y el PAN tratan de convencer a la ciudadan\u00eda, que sus m\u00e9todos para la designaci\u00f3n de sus candidatos a diputados locales, federales y alcaldes ser\u00e1n \u201ctrasparentes\u201d y que elegir\u00e1n \u201ca sus mejores hombres y mujeres\u201d, (frase trillada y mentirosa), definitivamente es solo palabrer\u00eda dirigida a los ilusos, pues en todos los casos, se vislumbra nuevamente el tradicional \u201cdedazo\u201d, ejemplo que siguen los \u201cbons\u00e1i\u201d que ahora est\u00e1n cachando a quienes quieren convertirse en \u201cchapulines\u201d. Por su parte el PRI ya decidi\u00f3 que la designaci\u00f3n de sus candidatos ser\u00e1 a trav\u00e9s de la comisi\u00f3n Nacional para la postulaci\u00f3n de candidaturas, (l\u00e9ase Alejandro Moreno y grupo en el poder del CEN) la que decidir\u00e1 quienes son los mejores perfiles, aunque no dice los par\u00e1metros considerados para tomar una decisi\u00f3n justa, pues por l\u00f3gica no conocen a todos los aspirantes. Esta medida es para conservar la \u201cunidad\u201d, aunque precisamente por esta decisi\u00f3n ha empezado otra desbandada. El Partido Acci\u00f3n Nacional anunci\u00f3 a trav\u00e9s de su presidente Marko Cort\u00e9s, la selecci\u00f3n de candidatos por medio de centros de votaci\u00f3n, con la participaci\u00f3n de la militancia, aunque tambi\u00e9n habr\u00e1 designaciones directas, -acept\u00f3- que no solo ser\u00e1n la mayor\u00eda sino las m\u00e1s importantes. Estas se realizar\u00e1n conjuntamente con los partidos y en los sitios donde se concreten alianzas. Aqu\u00ed en Puebla, pueden decir que es Genoveva Huerta la que decidir\u00e1, pero en realidad quiz\u00e1 solo externe opiniones, pues todos sabemos que las aprobaciones finales se toman en el CEN, para beneficiar a quien m\u00e1s convenga. Y en MORENA las candidaturas ser\u00e1n por encuestas, pero ya es sabido que en ella participan solo los seleccionados, y \u00bfsabe qui\u00e9nes las ganan?..\u00a1acert\u00f3!, los mismos, que adem\u00e1s antes recibieron la bendici\u00f3n del dedo mayor del partido. As\u00ed que ellos como los de otros institutos podr\u00e1n decir lo que quieran, pero \u00bfcu\u00e1l democracia?, y si no preg\u00fanteles a los que inocentemente y no habiendo participado en otros procesos llegan ilusionados para que los tomen en cuenta, a ellos les dicen que ahora s\u00ed todo ser\u00e1 \u201ctransparente\u201d, pero \u00bfen realidad lo es? En esta ocasi\u00f3n como en muchas otras, los l\u00edderes de los partidos participantes realizar\u00e1n los \u201cacuerdos en lo obscurito\u201d y de ah\u00ed saldr\u00e1n los nombres, que por cierto algunos ahora est\u00e1n en la palestra, disque promovi\u00e9ndose, cuando en realidad algunos de ellos ya tienen la candidatura en la bolsa, despu\u00e9s de las famosas \u201cconcertaciones o acuerdos\u201d. DE LOS QUE ASPIRAN\u2026 Una gran decepci\u00f3n se est\u00e1n llevando los \u201cpuros\u201d de MORENA, pues est\u00e1n mirando que eso de la pureza no importa a su l\u00edder nacional, quien pese a que su partido tiene muy buena intenci\u00f3n de voto, ya le entr\u00f3 a la \u201cpepena\u201d de candidatos chapulines que est\u00e1n prestos a dejar al instituto pol\u00edtico en turno para tener una posici\u00f3n privilegiada en el Movimiento, aun cuando no coincidan con \u00e9l ideol\u00f3gicamente. Tal es el caso del cholulteca Julio Lorenzini quien ya fue miembro del PRI, despu\u00e9s salt\u00f3 al PAN en donde logr\u00f3 ser diputado federal y local, bajo el amparo del fallecido gobernador Rafael Moreno Valle y ahora sin ning\u00fan rubor salt\u00f3 a MORENA, en donde pretende ser candidato a la alcald\u00eda de san Pedro Cholula. La duda es si el gobernador Luis Miguel Babosa lo tiene dentro de sus proyectos, pues se dice que dentro de los que s\u00ed est\u00e1, es en los de un senador. Otro que ha decidido poner fin a su militancia, pero en el PRI es Carlos Barrag\u00e1n Amador despu\u00e9s de que por dos ocasiones ha sido alcalde de Xicotepec de Ju\u00e1rez por este instituto, y buscaba ocupar este puesto por tercera ocasi\u00f3n. Cuando fue notificado que por ahora no es contemplado candidato ya que \u201cya hab\u00eda bailado dos veces\u201d, y hay otros que podr\u00edan garantizar tambi\u00e9n el triunfo, su berrinche fue may\u00fasculo y anunci\u00f3 su salida del tricolor, y su lanzamiento como candidato \u201cindependiente\u201d, argumentando que \u00e9l tiene la m\u00e1s alta intenci\u00f3n de voto a favor, seg\u00fan encuesta costeada por \u00e9l mismo, -obvio-. Despu\u00e9s de este anuncio, recrimin\u00f3 a N\u00e9stor Camarillo presidente del CDE ser excluyente. Ya se ver\u00e1 la respuesta de la ciudadan\u00eda y si sus principales oponentes que son Lupita Vargas, hija de Ardelio Vargas con influencia a nivel estatal, y quien busca tambi\u00e9n ser repetidora, Daniel Sol\u00eds, y Gabriel Alvarado, le dan la raz\u00f3n. Ahora que quien se incluy\u00f3 en la feria de las traiciones y de la venta al mejor postor, \u00a1otra vez! fue el diputado \u201cindependiente\u201d Marcelo Garc\u00eda Almaguer, quien pidi\u00f3 perd\u00f3n al PAN y al grupo moreno vallista que lo controla y retorn\u00f3 como militantes. Por cierto, se dice que , \u00e9l proyecta tener \u00e9ste bajo su mando cuando sea otra vez legislador. Esto despu\u00e9s de que no logr\u00f3 una candidatura en Movimiento Ciudadano con el que \u201ccoquete\u00f3\u201d en d\u00edas pasados, aunque trascendi\u00f3 que no accedieron a todas sus exigencias pues su capital pol\u00edtico no era el que aseguraba tener. Tambi\u00e9n trat\u00f3 de ser aceptado en MORENA, pero tras bambalinas, lo que tampoco logr\u00f3. Ahora con la anuencia de Genoveva Huerta la presidenta del blanquiazul, retorna a \u00e9ste donde quiere una candidatura por lo menos a diputado (local o federal). Ya se ver\u00e1 si la logra, apoyando a la presidenta del CDE en sus \u201cproyectos\u201d de imponer en dichas posiciones a su grupo -hechura del extinto Rafael Moreno Valle-, y seguir teniendo el control. Asimismo podr\u00eda ser su alfil para cerrarle las puertas a los tradicionales, especialmente a Eduardo Rivera P\u00e9rez, pues sus pr\u00e1cticas para ello ya son conocidas y probadas. Y HASTA LA PR\u00d3XIMA. mariagarciasolis@hotmail.com Publicaci\u00f3n Original: https:\/\/www.elsoldepuebla.com.mx\/analisis\/la-democracia-en-su-eleccion-interna-del-pan-morena-y-pri-6097930.html<\/p>\n","protected":false},"author":1,"featured_media":0,"comment_status":"closed","ping_status":"closed","sticky":false,"template":"","format":"standard","meta":{"_monsterinsights_skip_tracking":false,"_uf_show_specific_survey":0,"_uf_disable_surveys":false,"footnotes":""},"categories":[34],"tags":[],"class_list":["post-22201","post","type-post","status-publish","format-standard","hentry","category-puebla"],"yoast_head":"<!-- This site is optimized with the Yoast SEO plugin v27.5 - https:\/\/yoast.com\/product\/yoast-seo-wordpress\/ -->\n<title>La \u201cdemocracia\u201d en su elecci\u00f3n interna, del PAN, Morena y PRI - Fer Abrajan<\/title>\n<meta name=\"robots\" content=\"index, follow, max-snippet:-1, max-image-preview:large, max-video-preview:-1\" \/>\n<link rel=\"canonical\" href=\"https:\/\/ferabrajan.com\/portal\/2020\/12\/05\/la-democracia-en-su-eleccion-interna-del-pan-morena-y-pri\/\" \/>\n<meta property=\"og:locale\" content=\"es_ES\" \/>\n<meta property=\"og:type\" content=\"article\" \/>\n<meta property=\"og:title\" content=\"La \u201cdemocracia\u201d en su elecci\u00f3n interna, del PAN, Morena y PRI - Fer Abrajan\" \/>\n<meta property=\"og:description\" content=\"Aunque tanto MORENA como el PRI y el PAN tratan de convencer a la ciudadan\u00eda, que sus m\u00e9todos para la designaci\u00f3n de sus candidatos a diputados locales, federales y alcaldes ser\u00e1n \u201ctrasparentes\u201d y que elegir\u00e1n \u201ca sus mejores hombres y mujeres\u201d, (frase trillada y mentirosa), definitivamente es solo palabrer\u00eda dirigida a los ilusos, pues en todos los casos, se vislumbra nuevamente el tradicional \u201cdedazo\u201d, ejemplo que siguen los \u201cbons\u00e1i\u201d que ahora est\u00e1n cachando a quienes quieren convertirse en \u201cchapulines\u201d. Por su parte el PRI ya decidi\u00f3 que la designaci\u00f3n de sus candidatos ser\u00e1 a trav\u00e9s de la comisi\u00f3n Nacional para la postulaci\u00f3n de candidaturas, (l\u00e9ase Alejandro Moreno y grupo en el poder del CEN) la que decidir\u00e1 quienes son los mejores perfiles, aunque no dice los par\u00e1metros considerados para tomar una decisi\u00f3n justa, pues por l\u00f3gica no conocen a todos los aspirantes. Esta medida es para conservar la \u201cunidad\u201d, aunque precisamente por esta decisi\u00f3n ha empezado otra desbandada. El Partido Acci\u00f3n Nacional anunci\u00f3 a trav\u00e9s de su presidente Marko Cort\u00e9s, la selecci\u00f3n de candidatos por medio de centros de votaci\u00f3n, con la participaci\u00f3n de la militancia, aunque tambi\u00e9n habr\u00e1 designaciones directas, -acept\u00f3- que no solo ser\u00e1n la mayor\u00eda sino las m\u00e1s importantes. Estas se realizar\u00e1n conjuntamente con los partidos y en los sitios donde se concreten alianzas. Aqu\u00ed en Puebla, pueden decir que es Genoveva Huerta la que decidir\u00e1, pero en realidad quiz\u00e1 solo externe opiniones, pues todos sabemos que las aprobaciones finales se toman en el CEN, para beneficiar a quien m\u00e1s convenga. Y en MORENA las candidaturas ser\u00e1n por encuestas, pero ya es sabido que en ella participan solo los seleccionados, y \u00bfsabe qui\u00e9nes las ganan?..\u00a1acert\u00f3!, los mismos, que adem\u00e1s antes recibieron la bendici\u00f3n del dedo mayor del partido. As\u00ed que ellos como los de otros institutos podr\u00e1n decir lo que quieran, pero \u00bfcu\u00e1l democracia?, y si no preg\u00fanteles a los que inocentemente y no habiendo participado en otros procesos llegan ilusionados para que los tomen en cuenta, a ellos les dicen que ahora s\u00ed todo ser\u00e1 \u201ctransparente\u201d, pero \u00bfen realidad lo es? En esta ocasi\u00f3n como en muchas otras, los l\u00edderes de los partidos participantes realizar\u00e1n los \u201cacuerdos en lo obscurito\u201d y de ah\u00ed saldr\u00e1n los nombres, que por cierto algunos ahora est\u00e1n en la palestra, disque promovi\u00e9ndose, cuando en realidad algunos de ellos ya tienen la candidatura en la bolsa, despu\u00e9s de las famosas \u201cconcertaciones o acuerdos\u201d. DE LOS QUE ASPIRAN\u2026 Una gran decepci\u00f3n se est\u00e1n llevando los \u201cpuros\u201d de MORENA, pues est\u00e1n mirando que eso de la pureza no importa a su l\u00edder nacional, quien pese a que su partido tiene muy buena intenci\u00f3n de voto, ya le entr\u00f3 a la \u201cpepena\u201d de candidatos chapulines que est\u00e1n prestos a dejar al instituto pol\u00edtico en turno para tener una posici\u00f3n privilegiada en el Movimiento, aun cuando no coincidan con \u00e9l ideol\u00f3gicamente. Tal es el caso del cholulteca Julio Lorenzini quien ya fue miembro del PRI, despu\u00e9s salt\u00f3 al PAN en donde logr\u00f3 ser diputado federal y local, bajo el amparo del fallecido gobernador Rafael Moreno Valle y ahora sin ning\u00fan rubor salt\u00f3 a MORENA, en donde pretende ser candidato a la alcald\u00eda de san Pedro Cholula. La duda es si el gobernador Luis Miguel Babosa lo tiene dentro de sus proyectos, pues se dice que dentro de los que s\u00ed est\u00e1, es en los de un senador. Otro que ha decidido poner fin a su militancia, pero en el PRI es Carlos Barrag\u00e1n Amador despu\u00e9s de que por dos ocasiones ha sido alcalde de Xicotepec de Ju\u00e1rez por este instituto, y buscaba ocupar este puesto por tercera ocasi\u00f3n. Cuando fue notificado que por ahora no es contemplado candidato ya que \u201cya hab\u00eda bailado dos veces\u201d, y hay otros que podr\u00edan garantizar tambi\u00e9n el triunfo, su berrinche fue may\u00fasculo y anunci\u00f3 su salida del tricolor, y su lanzamiento como candidato \u201cindependiente\u201d, argumentando que \u00e9l tiene la m\u00e1s alta intenci\u00f3n de voto a favor, seg\u00fan encuesta costeada por \u00e9l mismo, -obvio-. Despu\u00e9s de este anuncio, recrimin\u00f3 a N\u00e9stor Camarillo presidente del CDE ser excluyente. Ya se ver\u00e1 la respuesta de la ciudadan\u00eda y si sus principales oponentes que son Lupita Vargas, hija de Ardelio Vargas con influencia a nivel estatal, y quien busca tambi\u00e9n ser repetidora, Daniel Sol\u00eds, y Gabriel Alvarado, le dan la raz\u00f3n. Ahora que quien se incluy\u00f3 en la feria de las traiciones y de la venta al mejor postor, \u00a1otra vez! fue el diputado \u201cindependiente\u201d Marcelo Garc\u00eda Almaguer, quien pidi\u00f3 perd\u00f3n al PAN y al grupo moreno vallista que lo controla y retorn\u00f3 como militantes. Por cierto, se dice que , \u00e9l proyecta tener \u00e9ste bajo su mando cuando sea otra vez legislador. Esto despu\u00e9s de que no logr\u00f3 una candidatura en Movimiento Ciudadano con el que \u201ccoquete\u00f3\u201d en d\u00edas pasados, aunque trascendi\u00f3 que no accedieron a todas sus exigencias pues su capital pol\u00edtico no era el que aseguraba tener. Tambi\u00e9n trat\u00f3 de ser aceptado en MORENA, pero tras bambalinas, lo que tampoco logr\u00f3. Ahora con la anuencia de Genoveva Huerta la presidenta del blanquiazul, retorna a \u00e9ste donde quiere una candidatura por lo menos a diputado (local o federal). Ya se ver\u00e1 si la logra, apoyando a la presidenta del CDE en sus \u201cproyectos\u201d de imponer en dichas posiciones a su grupo -hechura del extinto Rafael Moreno Valle-, y seguir teniendo el control. Asimismo podr\u00eda ser su alfil para cerrarle las puertas a los tradicionales, especialmente a Eduardo Rivera P\u00e9rez, pues sus pr\u00e1cticas para ello ya son conocidas y probadas. Y HASTA LA PR\u00d3XIMA. mariagarciasolis@hotmail.com Publicaci\u00f3n Original: https:\/\/www.elsoldepuebla.com.mx\/analisis\/la-democracia-en-su-eleccion-interna-del-pan-morena-y-pri-6097930.html\" \/>\n<meta property=\"og:url\" content=\"https:\/\/ferabrajan.com\/portal\/2020\/12\/05\/la-democracia-en-su-eleccion-interna-del-pan-morena-y-pri\/\" \/>\n<meta property=\"og:site_name\" content=\"Fer Abrajan\" \/>\n<meta property=\"article:publisher\" content=\"https:\/\/www.facebook.com\/NoticiasconFerAbrajan\/\" \/>\n<meta property=\"article:published_time\" content=\"2020-12-05T12:18:44+00:00\" \/>\n<meta name=\"author\" content=\"admin\" \/>\n<meta name=\"twitter:card\" content=\"summary_large_image\" \/>\n<meta name=\"twitter:creator\" content=\"@ferabrajan1\" \/>\n<meta name=\"twitter:site\" content=\"@ferabrajan1\" \/>\n<meta name=\"twitter:label1\" content=\"Escrito por\" \/>\n\t<meta name=\"twitter:data1\" content=\"admin\" \/>\n\t<meta name=\"twitter:label2\" content=\"Tiempo de lectura\" \/>\n\t<meta name=\"twitter:data2\" content=\"5 minutos\" \/>\n<script type=\"application\/ld+json\" class=\"yoast-schema-graph\">{\"@context\":\"https:\\\/\\\/schema.org\",\"@graph\":[{\"@type\":\"Article\",\"@id\":\"https:\\\/\\\/ferabrajan.com\\\/portal\\\/2020\\\/12\\\/05\\\/la-democracia-en-su-eleccion-interna-del-pan-morena-y-pri\\\/#article\",\"isPartOf\":{\"@id\":\"https:\\\/\\\/ferabrajan.com\\\/portal\\\/2020\\\/12\\\/05\\\/la-democracia-en-su-eleccion-interna-del-pan-morena-y-pri\\\/\"},\"author\":{\"name\":\"admin\",\"@id\":\"https:\\\/\\\/ferabrajan.com\\\/portal\\\/#\\\/schema\\\/person\\\/f6113b3cb1e036d5c6a9505685b257ba\"},\"headline\":\"La \u201cdemocracia\u201d en su elecci\u00f3n interna, del PAN, Morena y PRI\",\"datePublished\":\"2020-12-05T12:18:44+00:00\",\"mainEntityOfPage\":{\"@id\":\"https:\\\/\\\/ferabrajan.com\\\/portal\\\/2020\\\/12\\\/05\\\/la-democracia-en-su-eleccion-interna-del-pan-morena-y-pri\\\/\"},\"wordCount\":1030,\"publisher\":{\"@id\":\"https:\\\/\\\/ferabrajan.com\\\/portal\\\/#organization\"},\"articleSection\":[\"Puebla\"],\"inLanguage\":\"es\"},{\"@type\":\"WebPage\",\"@id\":\"https:\\\/\\\/ferabrajan.com\\\/portal\\\/2020\\\/12\\\/05\\\/la-democracia-en-su-eleccion-interna-del-pan-morena-y-pri\\\/\",\"url\":\"https:\\\/\\\/ferabrajan.com\\\/portal\\\/2020\\\/12\\\/05\\\/la-democracia-en-su-eleccion-interna-del-pan-morena-y-pri\\\/\",\"name\":\"La \u201cdemocracia\u201d en su elecci\u00f3n interna, del PAN, Morena y PRI - Fer Abrajan\",\"isPartOf\":{\"@id\":\"https:\\\/\\\/ferabrajan.com\\\/portal\\\/#website\"},\"datePublished\":\"2020-12-05T12:18:44+00:00\",\"breadcrumb\":{\"@id\":\"https:\\\/\\\/ferabrajan.com\\\/portal\\\/2020\\\/12\\\/05\\\/la-democracia-en-su-eleccion-interna-del-pan-morena-y-pri\\\/#breadcrumb\"},\"inLanguage\":\"es\",\"potentialAction\":[{\"@type\":\"ReadAction\",\"target\":[\"https:\\\/\\\/ferabrajan.com\\\/portal\\\/2020\\\/12\\\/05\\\/la-democracia-en-su-eleccion-interna-del-pan-morena-y-pri\\\/\"]}]},{\"@type\":\"BreadcrumbList\",\"@id\":\"https:\\\/\\\/ferabrajan.com\\\/portal\\\/2020\\\/12\\\/05\\\/la-democracia-en-su-eleccion-interna-del-pan-morena-y-pri\\\/#breadcrumb\",\"itemListElement\":[{\"@type\":\"ListItem\",\"position\":1,\"name\":\"Portada\",\"item\":\"https:\\\/\\\/ferabrajan.com\\\/portal\\\/\"},{\"@type\":\"ListItem\",\"position\":2,\"name\":\"La \u201cdemocracia\u201d en su elecci\u00f3n interna, del PAN, Morena y PRI\"}]},{\"@type\":\"WebSite\",\"@id\":\"https:\\\/\\\/ferabrajan.com\\\/portal\\\/#website\",\"url\":\"https:\\\/\\\/ferabrajan.com\\\/portal\\\/\",\"name\":\"Fer Abrajan\",\"description\":\"Noticias de Puebla, opini\u00f3n y radio en vivo\",\"publisher\":{\"@id\":\"https:\\\/\\\/ferabrajan.com\\\/portal\\\/#organization\"},\"potentialAction\":[{\"@type\":\"SearchAction\",\"target\":{\"@type\":\"EntryPoint\",\"urlTemplate\":\"https:\\\/\\\/ferabrajan.com\\\/portal\\\/?s={search_term_string}\"},\"query-input\":{\"@type\":\"PropertyValueSpecification\",\"valueRequired\":true,\"valueName\":\"search_term_string\"}}],\"inLanguage\":\"es\"},{\"@type\":\"Organization\",\"@id\":\"https:\\\/\\\/ferabrajan.com\\\/portal\\\/#organization\",\"name\":\"Fer Abrajan\",\"url\":\"https:\\\/\\\/ferabrajan.com\\\/portal\\\/\",\"logo\":{\"@type\":\"ImageObject\",\"inLanguage\":\"es\",\"@id\":\"https:\\\/\\\/ferabrajan.com\\\/portal\\\/#\\\/schema\\\/logo\\\/image\\\/\",\"url\":\"https:\\\/\\\/ferabrajan.com\\\/portal\\\/wp-content\\\/uploads\\\/2024\\\/10\\\/cropped-logo.jpeg\",\"contentUrl\":\"https:\\\/\\\/ferabrajan.com\\\/portal\\\/wp-content\\\/uploads\\\/2024\\\/10\\\/cropped-logo.jpeg\",\"width\":500,\"height\":250,\"caption\":\"Fer Abrajan\"},\"image\":{\"@id\":\"https:\\\/\\\/ferabrajan.com\\\/portal\\\/#\\\/schema\\\/logo\\\/image\\\/\"},\"sameAs\":[\"https:\\\/\\\/www.facebook.com\\\/NoticiasconFerAbrajan\\\/\",\"https:\\\/\\\/x.com\\\/ferabrajan1\"]},{\"@type\":\"Person\",\"@id\":\"https:\\\/\\\/ferabrajan.com\\\/portal\\\/#\\\/schema\\\/person\\\/f6113b3cb1e036d5c6a9505685b257ba\",\"name\":\"admin\",\"image\":{\"@type\":\"ImageObject\",\"inLanguage\":\"es\",\"@id\":\"https:\\\/\\\/secure.gravatar.com\\\/avatar\\\/072baa72775aad53c748dfc5d3048578e01b6c087eef335459ebfa04344e2d18?s=96&d=mm&r=g\",\"url\":\"https:\\\/\\\/secure.gravatar.com\\\/avatar\\\/072baa72775aad53c748dfc5d3048578e01b6c087eef335459ebfa04344e2d18?s=96&d=mm&r=g\",\"contentUrl\":\"https:\\\/\\\/secure.gravatar.com\\\/avatar\\\/072baa72775aad53c748dfc5d3048578e01b6c087eef335459ebfa04344e2d18?s=96&d=mm&r=g\",\"caption\":\"admin\"},\"sameAs\":[\"https:\\\/\\\/ferabrajan.com\\\/portal\"],\"url\":\"https:\\\/\\\/ferabrajan.com\\\/portal\\\/author\\\/admin\\\/\"}]}<\/script>\n<!-- \/ Yoast SEO plugin. -->","yoast_head_json":{"title":"La \u201cdemocracia\u201d en su elecci\u00f3n interna, del PAN, Morena y PRI - Fer Abrajan","robots":{"index":"index","follow":"follow","max-snippet":"max-snippet:-1","max-image-preview":"max-image-preview:large","max-video-preview":"max-video-preview:-1"},"canonical":"https:\/\/ferabrajan.com\/portal\/2020\/12\/05\/la-democracia-en-su-eleccion-interna-del-pan-morena-y-pri\/","og_locale":"es_ES","og_type":"article","og_title":"La \u201cdemocracia\u201d en su elecci\u00f3n interna, del PAN, Morena y PRI - Fer Abrajan","og_description":"Aunque tanto MORENA como el PRI y el PAN tratan de convencer a la ciudadan\u00eda, que sus m\u00e9todos para la designaci\u00f3n de sus candidatos a diputados locales, federales y alcaldes ser\u00e1n \u201ctrasparentes\u201d y que elegir\u00e1n \u201ca sus mejores hombres y mujeres\u201d, (frase trillada y mentirosa), definitivamente es solo palabrer\u00eda dirigida a los ilusos, pues en todos los casos, se vislumbra nuevamente el tradicional \u201cdedazo\u201d, ejemplo que siguen los \u201cbons\u00e1i\u201d que ahora est\u00e1n cachando a quienes quieren convertirse en \u201cchapulines\u201d. Por su parte el PRI ya decidi\u00f3 que la designaci\u00f3n de sus candidatos ser\u00e1 a trav\u00e9s de la comisi\u00f3n Nacional para la postulaci\u00f3n de candidaturas, (l\u00e9ase Alejandro Moreno y grupo en el poder del CEN) la que decidir\u00e1 quienes son los mejores perfiles, aunque no dice los par\u00e1metros considerados para tomar una decisi\u00f3n justa, pues por l\u00f3gica no conocen a todos los aspirantes. Esta medida es para conservar la \u201cunidad\u201d, aunque precisamente por esta decisi\u00f3n ha empezado otra desbandada. El Partido Acci\u00f3n Nacional anunci\u00f3 a trav\u00e9s de su presidente Marko Cort\u00e9s, la selecci\u00f3n de candidatos por medio de centros de votaci\u00f3n, con la participaci\u00f3n de la militancia, aunque tambi\u00e9n habr\u00e1 designaciones directas, -acept\u00f3- que no solo ser\u00e1n la mayor\u00eda sino las m\u00e1s importantes. Estas se realizar\u00e1n conjuntamente con los partidos y en los sitios donde se concreten alianzas. Aqu\u00ed en Puebla, pueden decir que es Genoveva Huerta la que decidir\u00e1, pero en realidad quiz\u00e1 solo externe opiniones, pues todos sabemos que las aprobaciones finales se toman en el CEN, para beneficiar a quien m\u00e1s convenga. Y en MORENA las candidaturas ser\u00e1n por encuestas, pero ya es sabido que en ella participan solo los seleccionados, y \u00bfsabe qui\u00e9nes las ganan?..\u00a1acert\u00f3!, los mismos, que adem\u00e1s antes recibieron la bendici\u00f3n del dedo mayor del partido. As\u00ed que ellos como los de otros institutos podr\u00e1n decir lo que quieran, pero \u00bfcu\u00e1l democracia?, y si no preg\u00fanteles a los que inocentemente y no habiendo participado en otros procesos llegan ilusionados para que los tomen en cuenta, a ellos les dicen que ahora s\u00ed todo ser\u00e1 \u201ctransparente\u201d, pero \u00bfen realidad lo es? En esta ocasi\u00f3n como en muchas otras, los l\u00edderes de los partidos participantes realizar\u00e1n los \u201cacuerdos en lo obscurito\u201d y de ah\u00ed saldr\u00e1n los nombres, que por cierto algunos ahora est\u00e1n en la palestra, disque promovi\u00e9ndose, cuando en realidad algunos de ellos ya tienen la candidatura en la bolsa, despu\u00e9s de las famosas \u201cconcertaciones o acuerdos\u201d. DE LOS QUE ASPIRAN\u2026 Una gran decepci\u00f3n se est\u00e1n llevando los \u201cpuros\u201d de MORENA, pues est\u00e1n mirando que eso de la pureza no importa a su l\u00edder nacional, quien pese a que su partido tiene muy buena intenci\u00f3n de voto, ya le entr\u00f3 a la \u201cpepena\u201d de candidatos chapulines que est\u00e1n prestos a dejar al instituto pol\u00edtico en turno para tener una posici\u00f3n privilegiada en el Movimiento, aun cuando no coincidan con \u00e9l ideol\u00f3gicamente. Tal es el caso del cholulteca Julio Lorenzini quien ya fue miembro del PRI, despu\u00e9s salt\u00f3 al PAN en donde logr\u00f3 ser diputado federal y local, bajo el amparo del fallecido gobernador Rafael Moreno Valle y ahora sin ning\u00fan rubor salt\u00f3 a MORENA, en donde pretende ser candidato a la alcald\u00eda de san Pedro Cholula. La duda es si el gobernador Luis Miguel Babosa lo tiene dentro de sus proyectos, pues se dice que dentro de los que s\u00ed est\u00e1, es en los de un senador. Otro que ha decidido poner fin a su militancia, pero en el PRI es Carlos Barrag\u00e1n Amador despu\u00e9s de que por dos ocasiones ha sido alcalde de Xicotepec de Ju\u00e1rez por este instituto, y buscaba ocupar este puesto por tercera ocasi\u00f3n. Cuando fue notificado que por ahora no es contemplado candidato ya que \u201cya hab\u00eda bailado dos veces\u201d, y hay otros que podr\u00edan garantizar tambi\u00e9n el triunfo, su berrinche fue may\u00fasculo y anunci\u00f3 su salida del tricolor, y su lanzamiento como candidato \u201cindependiente\u201d, argumentando que \u00e9l tiene la m\u00e1s alta intenci\u00f3n de voto a favor, seg\u00fan encuesta costeada por \u00e9l mismo, -obvio-. Despu\u00e9s de este anuncio, recrimin\u00f3 a N\u00e9stor Camarillo presidente del CDE ser excluyente. Ya se ver\u00e1 la respuesta de la ciudadan\u00eda y si sus principales oponentes que son Lupita Vargas, hija de Ardelio Vargas con influencia a nivel estatal, y quien busca tambi\u00e9n ser repetidora, Daniel Sol\u00eds, y Gabriel Alvarado, le dan la raz\u00f3n. Ahora que quien se incluy\u00f3 en la feria de las traiciones y de la venta al mejor postor, \u00a1otra vez! fue el diputado \u201cindependiente\u201d Marcelo Garc\u00eda Almaguer, quien pidi\u00f3 perd\u00f3n al PAN y al grupo moreno vallista que lo controla y retorn\u00f3 como militantes. Por cierto, se dice que , \u00e9l proyecta tener \u00e9ste bajo su mando cuando sea otra vez legislador. Esto despu\u00e9s de que no logr\u00f3 una candidatura en Movimiento Ciudadano con el que \u201ccoquete\u00f3\u201d en d\u00edas pasados, aunque trascendi\u00f3 que no accedieron a todas sus exigencias pues su capital pol\u00edtico no era el que aseguraba tener. Tambi\u00e9n trat\u00f3 de ser aceptado en MORENA, pero tras bambalinas, lo que tampoco logr\u00f3. Ahora con la anuencia de Genoveva Huerta la presidenta del blanquiazul, retorna a \u00e9ste donde quiere una candidatura por lo menos a diputado (local o federal). Ya se ver\u00e1 si la logra, apoyando a la presidenta del CDE en sus \u201cproyectos\u201d de imponer en dichas posiciones a su grupo -hechura del extinto Rafael Moreno Valle-, y seguir teniendo el control. Asimismo podr\u00eda ser su alfil para cerrarle las puertas a los tradicionales, especialmente a Eduardo Rivera P\u00e9rez, pues sus pr\u00e1cticas para ello ya son conocidas y probadas. Y HASTA LA PR\u00d3XIMA. mariagarciasolis@hotmail.com Publicaci\u00f3n Original: https:\/\/www.elsoldepuebla.com.mx\/analisis\/la-democracia-en-su-eleccion-interna-del-pan-morena-y-pri-6097930.html","og_url":"https:\/\/ferabrajan.com\/portal\/2020\/12\/05\/la-democracia-en-su-eleccion-interna-del-pan-morena-y-pri\/","og_site_name":"Fer Abrajan","article_publisher":"https:\/\/www.facebook.com\/NoticiasconFerAbrajan\/","article_published_time":"2020-12-05T12:18:44+00:00","author":"admin","twitter_card":"summary_large_image","twitter_creator":"@ferabrajan1","twitter_site":"@ferabrajan1","twitter_misc":{"Escrito por":"admin","Tiempo de lectura":"5 minutos"},"schema":{"@context":"https:\/\/schema.org","@graph":[{"@type":"Article","@id":"https:\/\/ferabrajan.com\/portal\/2020\/12\/05\/la-democracia-en-su-eleccion-interna-del-pan-morena-y-pri\/#article","isPartOf":{"@id":"https:\/\/ferabrajan.com\/portal\/2020\/12\/05\/la-democracia-en-su-eleccion-interna-del-pan-morena-y-pri\/"},"author":{"name":"admin","@id":"https:\/\/ferabrajan.com\/portal\/#\/schema\/person\/f6113b3cb1e036d5c6a9505685b257ba"},"headline":"La \u201cdemocracia\u201d en su elecci\u00f3n interna, del PAN, Morena y PRI","datePublished":"2020-12-05T12:18:44+00:00","mainEntityOfPage":{"@id":"https:\/\/ferabrajan.com\/portal\/2020\/12\/05\/la-democracia-en-su-eleccion-interna-del-pan-morena-y-pri\/"},"wordCount":1030,"publisher":{"@id":"https:\/\/ferabrajan.com\/portal\/#organization"},"articleSection":["Puebla"],"inLanguage":"es"},{"@type":"WebPage","@id":"https:\/\/ferabrajan.com\/portal\/2020\/12\/05\/la-democracia-en-su-eleccion-interna-del-pan-morena-y-pri\/","url":"https:\/\/ferabrajan.com\/portal\/2020\/12\/05\/la-democracia-en-su-eleccion-interna-del-pan-morena-y-pri\/","name":"La \u201cdemocracia\u201d en su elecci\u00f3n interna, del PAN, Morena y PRI - Fer Abrajan","isPartOf":{"@id":"https:\/\/ferabrajan.com\/portal\/#website"},"datePublished":"2020-12-05T12:18:44+00:00","breadcrumb":{"@id":"https:\/\/ferabrajan.com\/portal\/2020\/12\/05\/la-democracia-en-su-eleccion-interna-del-pan-morena-y-pri\/#breadcrumb"},"inLanguage":"es","potentialAction":[{"@type":"ReadAction","target":["https:\/\/ferabrajan.com\/portal\/2020\/12\/05\/la-democracia-en-su-eleccion-interna-del-pan-morena-y-pri\/"]}]},{"@type":"BreadcrumbList","@id":"https:\/\/ferabrajan.com\/portal\/2020\/12\/05\/la-democracia-en-su-eleccion-interna-del-pan-morena-y-pri\/#breadcrumb","itemListElement":[{"@type":"ListItem","position":1,"name":"Portada","item":"https:\/\/ferabrajan.com\/portal\/"},{"@type":"ListItem","position":2,"name":"La \u201cdemocracia\u201d en su elecci\u00f3n interna, del PAN, Morena y PRI"}]},{"@type":"WebSite","@id":"https:\/\/ferabrajan.com\/portal\/#website","url":"https:\/\/ferabrajan.com\/portal\/","name":"Fer Abrajan","description":"Noticias de Puebla, opini\u00f3n y radio en vivo","publisher":{"@id":"https:\/\/ferabrajan.com\/portal\/#organization"},"potentialAction":[{"@type":"SearchAction","target":{"@type":"EntryPoint","urlTemplate":"https:\/\/ferabrajan.com\/portal\/?s={search_term_string}"},"query-input":{"@type":"PropertyValueSpecification","valueRequired":true,"valueName":"search_term_string"}}],"inLanguage":"es"},{"@type":"Organization","@id":"https:\/\/ferabrajan.com\/portal\/#organization","name":"Fer Abrajan","url":"https:\/\/ferabrajan.com\/portal\/","logo":{"@type":"ImageObject","inLanguage":"es","@id":"https:\/\/ferabrajan.com\/portal\/#\/schema\/logo\/image\/","url":"https:\/\/ferabrajan.com\/portal\/wp-content\/uploads\/2024\/10\/cropped-logo.jpeg","contentUrl":"https:\/\/ferabrajan.com\/portal\/wp-content\/uploads\/2024\/10\/cropped-logo.jpeg","width":500,"height":250,"caption":"Fer Abrajan"},"image":{"@id":"https:\/\/ferabrajan.com\/portal\/#\/schema\/logo\/image\/"},"sameAs":["https:\/\/www.facebook.com\/NoticiasconFerAbrajan\/","https:\/\/x.com\/ferabrajan1"]},{"@type":"Person","@id":"https:\/\/ferabrajan.com\/portal\/#\/schema\/person\/f6113b3cb1e036d5c6a9505685b257ba","name":"admin","image":{"@type":"ImageObject","inLanguage":"es","@id":"https:\/\/secure.gravatar.com\/avatar\/072baa72775aad53c748dfc5d3048578e01b6c087eef335459ebfa04344e2d18?s=96&d=mm&r=g","url":"https:\/\/secure.gravatar.com\/avatar\/072baa72775aad53c748dfc5d3048578e01b6c087eef335459ebfa04344e2d18?s=96&d=mm&r=g","contentUrl":"https:\/\/secure.gravatar.com\/avatar\/072baa72775aad53c748dfc5d3048578e01b6c087eef335459ebfa04344e2d18?s=96&d=mm&r=g","caption":"admin"},"sameAs":["https:\/\/ferabrajan.com\/portal"],"url":"https:\/\/ferabrajan.com\/portal\/author\/admin\/"}]}},"_links":{"self":[{"href":"https:\/\/ferabrajan.com\/portal\/wp-json\/wp\/v2\/posts\/22201","targetHints":{"allow":["GET"]}}],"collection":[{"href":"https:\/\/ferabrajan.com\/portal\/wp-json\/wp\/v2\/posts"}],"about":[{"href":"https:\/\/ferabrajan.com\/portal\/wp-json\/wp\/v2\/types\/post"}],"author":[{"embeddable":true,"href":"https:\/\/ferabrajan.com\/portal\/wp-json\/wp\/v2\/users\/1"}],"replies":[{"embeddable":true,"href":"https:\/\/ferabrajan.com\/portal\/wp-json\/wp\/v2\/comments?post=22201"}],"version-history":[{"count":0,"href":"https:\/\/ferabrajan.com\/portal\/wp-json\/wp\/v2\/posts\/22201\/revisions"}],"wp:attachment":[{"href":"https:\/\/ferabrajan.com\/portal\/wp-json\/wp\/v2\/media?parent=22201"}],"wp:term":[{"taxonomy":"category","embeddable":true,"href":"https:\/\/ferabrajan.com\/portal\/wp-json\/wp\/v2\/categories?post=22201"},{"taxonomy":"post_tag","embeddable":true,"href":"https:\/\/ferabrajan.com\/portal\/wp-json\/wp\/v2\/tags?post=22201"}],"curies":[{"name":"wp","href":"https:\/\/api.w.org\/{rel}","templated":true}]}}