{"id":22152,"date":"2020-12-04T11:00:00","date_gmt":"2020-12-04T11:00:00","guid":{"rendered":"https:\/\/www.elsoldepuebla.com.mx\/doble-via\/sigue-esta-guia-y-selecciona-la-bici-correcta-conoce-mas-ciclismo-gerardo-hernandez-6094290.html"},"modified":"2020-12-04T11:00:00","modified_gmt":"2020-12-04T11:00:00","slug":"sigue-esta-guia-y-selecciona-la-bici-correcta-conoce-mas","status":"publish","type":"post","link":"https:\/\/ferabrajan.com\/portal\/2020\/12\/04\/sigue-esta-guia-y-selecciona-la-bici-correcta-conoce-mas\/","title":{"rendered":"Sigue esta gu\u00eda y selecciona la bici correcta &#124; Conoce m\u00e1s"},"content":{"rendered":"<div><img decoding=\"async\" src=\"https:\/\/www.elsoldepuebla.com.mx\/doble-via\/mbeayk-nota-4-bibiana.jpg\/ALTERNATES\/LANDSCAPE_1140\/NOTA%204%20BIBIANA.jpg\" class=\"ff-og-image-inserted\"><\/div>\n<p>Desde el presupuesto, talla y la claridad de qu\u00e9 se quiere de una bicicleta son aspectos a considerar a la hora de comprar una para sacarle el m\u00e1ximo de los provechos y no destinarla a terminar \u201ccomo mueble de ba\u00f1o secando toallas\u201d como indica el entrenador de ciclismo con experiencia a nivel selecciones, Gerardo Hern\u00e1ndez.<\/p>\n<p><strong>A decir del especialista, el primer paso para hacerse de una bici es gozar de claridad; es decir, \u201cpara qu\u00e9 se quiere o qu\u00e9 se har\u00e1 con la misma\u201d. Aunque el factor m\u00e1s importante es determinar un presupuesto, pues as\u00ed se evitar\u00e1 se pierda el tiempo viendo bicicletas \u201cinalcanzables\u201d o no \u201captas para mortales\u201d; pero s\u00ed siguiendo de cerca \u201calgo\u201d de acuerdo al bolsillo.<\/strong><\/p>\n<p>\u201cEs importante definir prioridades, tener claro qu\u00e9 quiero de la bicicleta; debemos pensar si queremos la bicicleta para salir a rodar (pasear), trasladarnos, o para hacer ejercicio sin ser profesionales, o para convertirnos en ciclistas competitivos\u201d, explica el especialista.<\/p>\n<article class=\"finanzas media col-md-4 inline-story\"> <\/article>\n<p>\u201cLuego debemos de considerar el factor econ\u00f3mico, teniendo en cuenta que la bicicleta que m\u00e1s se ajuste a nuestras posibilidades es sin duda la mejor para nosotros sin importar si es urbana, es de fibra de carbono, aluminio o de monta\u00f1a\u201d, agrega.<\/p>\n<p>Pero en la decisi\u00f3n final a la hora de escoger, basado en la experiencia del gu\u00eda, siempre se impone el gusto personal.<\/p>\n<h2><strong>EL TAMANO S\u00cd IMPORTA<\/strong><\/h2>\n<p>El novel ciclista a la hora de escoger bici habr\u00e1 de considerar su talla (extra-chica, chica, mediana, grande o extra-grande), lo cual sabr\u00e1 \u201ca partir de la medida de su entrepierna al suelo, pues esto le ayudar\u00e1 a definir el tama\u00f1o ideal del cuadro de la bicicleta y de la altura del sill\u00edn\u201d, indica Hern\u00e1ndez.<\/p>\n<p>Cabe destacar, la forma para saber de forma general qu\u00e9 tama\u00f1o de bici te corresponde es multiplicando el valor de la altura de la entrepierna (la distancia existente entre el suelo y el muslo) por 0.665.<\/p>\n<p>La importancia de escoger bien el tama\u00f1o de una bicicleta pasa por maximizar el rendimiento deportivo y el minimizar el riesgo de lesiones, pues una mala elecci\u00f3n terminar\u00eda en dolores de espalda, problemas en las cervicales o molestias en la rodilla.<\/p>\n<p><strong>A considerar, existen veh\u00edculos con una est\u00e9tica m\u00e1s agresiva pensadas para la competici\u00f3n (ruta o pista), mientras otras son bastante m\u00e1s altas de direcci\u00f3n (manillar o manubrio) y presentan una geometr\u00eda m\u00e1s ciclo-turista (urbana), prevaleciendo en \u00e9stas la comodidad sobre la aerodin\u00e1mica.<\/strong><\/p>\n<p>Por lo tanto, es fundamental saber qu\u00e9 es lo que se busca para el d\u00eda a d\u00eda. Es decir, no va a necesitar un corredor amateur o profesional la misma bicicleta que una persona que s\u00f3lo realiza recorridos por la ciudad para trasladarse, o una que s\u00f3lo sale por diversi\u00f3n.<\/p>\n<ul>\n<li>En la actualidad hay tres formatos para medir el tama\u00f1o de una bicicleta: cent\u00edmetros, pulgadas o denominaciones universales (s, peque\u00f1a; m, mediana; l, grande)<\/li>\n<\/ul>\n<h2><strong>TALLAS EN FUNCI\u00d3N A LA ALTURA<\/strong><\/h2>\n<table>\n<tbody>\n<tr>\n<td>\n<p>ALTURA EN CENT\u00cdMETROS<\/p>\n<\/td>\n<td>\n<p>EN PULGADAS<\/p>\n<\/td>\n<td>\n<p>UNIVERSAL<\/p>\n<\/td>\n<\/tr>\n<tr>\n<td>\n<p>1.60-1.65 cm.<\/p>\n<\/td>\n<td>\n<p>47, 48, 49 y 50 14<\/p>\n<\/td>\n<td>\n<p>XS-S<\/p>\n<\/td>\n<\/tr>\n<tr>\n<td>\n<p>1.65-1.70 cm.<\/p>\n<\/td>\n<td>\n<p>50 y 51 14-16<\/p>\n<\/td>\n<td>\n<p>S<\/p>\n<\/td>\n<\/tr>\n<tr>\n<td>\n<p>1.70-1.75 cm<\/p>\n<\/td>\n<td>\n<p>51, 52 y 53 17-18<\/p>\n<\/td>\n<td>\n<p>M<\/p>\n<\/td>\n<\/tr>\n<tr>\n<td>\n<p>1.75-1.80 cm.<\/p>\n<\/td>\n<td>\n<p>54, 55 y 56 18-19<\/p>\n<\/td>\n<td>\n<p>M<\/p>\n<\/td>\n<\/tr>\n<tr>\n<td>\n<p>1.80-1.85 cm.<\/p>\n<\/td>\n<td>\n<p>56, 57 y 58 20, 21<\/p>\n<\/td>\n<td>\n<p>L<\/p>\n<\/td>\n<\/tr>\n<tr>\n<td>\n<p>1.85-1.90 cm.<\/p>\n<\/td>\n<td>\n<p>59, 60 y 61 21, 22<\/p>\n<\/td>\n<td>\n<p>L<\/p>\n<\/td>\n<\/tr>\n<tr>\n<td>\n<p>+1.90 cm.<\/p>\n<\/td>\n<td>\n<p>+61 22<\/p>\n<\/td>\n<td>\n<p>XL<\/p>\n<\/td>\n<\/tr>\n<\/tbody>\n<\/table>\n<article class=\"policiaca media col-md-4 inline-story\"> <\/article>\n<article class=\"gossip media col-md-4 inline-story\"> <\/article>\n<article class=\"policiaca media col-md-4 inline-story\"> <\/article>\n<p>Publicaci\u00f3n Original: <a href=\"https:\/\/www.elsoldepuebla.com.mx\/doble-via\/sigue-esta-guia-y-selecciona-la-bici-correcta-conoce-mas-ciclismo-gerardo-hernandez-6094290.html\" target=\"_blank\" rel=\"noopener noreferrer\">https:\/\/www.elsoldepuebla.com.mx\/doble-via\/sigue-esta-guia-y-selecciona-la-bici-correcta-conoce-mas-ciclismo-gerardo-hernandez-6094290.html<\/a><\/p>\n","protected":false},"excerpt":{"rendered":"<p>Desde el presupuesto, talla y la claridad de qu\u00e9 se quiere de una bicicleta son aspectos a considerar a la hora de comprar una para sacarle el m\u00e1ximo de los provechos y no destinarla a terminar \u201ccomo mueble de ba\u00f1o secando toallas\u201d como indica el entrenador de ciclismo con experiencia a nivel selecciones, Gerardo Hern\u00e1ndez. A decir del especialista, el primer paso para hacerse de una bici es gozar de claridad; es decir, \u201cpara qu\u00e9 se quiere o qu\u00e9 se har\u00e1 con la misma\u201d. Aunque el factor m\u00e1s importante es determinar un presupuesto, pues as\u00ed se evitar\u00e1 se pierda el tiempo viendo bicicletas \u201cinalcanzables\u201d o no \u201captas para mortales\u201d; pero s\u00ed siguiendo de cerca \u201calgo\u201d de acuerdo al bolsillo. \u201cEs importante definir prioridades, tener claro qu\u00e9 quiero de la bicicleta; debemos pensar si queremos la bicicleta para salir a rodar (pasear), trasladarnos, o para hacer ejercicio sin ser profesionales, o para convertirnos en ciclistas competitivos\u201d, explica el especialista. \u201cLuego debemos de considerar el factor econ\u00f3mico, teniendo en cuenta que la bicicleta que m\u00e1s se ajuste a nuestras posibilidades es sin duda la mejor para nosotros sin importar si es urbana, es de fibra de carbono, aluminio o de monta\u00f1a\u201d, agrega. Pero en la decisi\u00f3n final a la hora de escoger, basado en la experiencia del gu\u00eda, siempre se impone el gusto personal. EL TAMANO S\u00cd IMPORTA El novel ciclista a la hora de escoger bici habr\u00e1 de considerar su talla (extra-chica, chica, mediana, grande o extra-grande), lo cual sabr\u00e1 \u201ca partir de la medida de su entrepierna al suelo, pues esto le ayudar\u00e1 a definir el tama\u00f1o ideal del cuadro de la bicicleta y de la altura del sill\u00edn\u201d, indica Hern\u00e1ndez. Cabe destacar, la forma para saber de forma general qu\u00e9 tama\u00f1o de bici te corresponde es multiplicando el valor de la altura de la entrepierna (la distancia existente entre el suelo y el muslo) por 0.665. La importancia de escoger bien el tama\u00f1o de una bicicleta pasa por maximizar el rendimiento deportivo y el minimizar el riesgo de lesiones, pues una mala elecci\u00f3n terminar\u00eda en dolores de espalda, problemas en las cervicales o molestias en la rodilla. A considerar, existen veh\u00edculos con una est\u00e9tica m\u00e1s agresiva pensadas para la competici\u00f3n (ruta o pista), mientras otras son bastante m\u00e1s altas de direcci\u00f3n (manillar o manubrio) y presentan una geometr\u00eda m\u00e1s ciclo-turista (urbana), prevaleciendo en \u00e9stas la comodidad sobre la aerodin\u00e1mica. Por lo tanto, es fundamental saber qu\u00e9 es lo que se busca para el d\u00eda a d\u00eda. Es decir, no va a necesitar un corredor amateur o profesional la misma bicicleta que una persona que s\u00f3lo realiza recorridos por la ciudad para trasladarse, o una que s\u00f3lo sale por diversi\u00f3n. En la actualidad hay tres formatos para medir el tama\u00f1o de una bicicleta: cent\u00edmetros, pulgadas o denominaciones universales (s, peque\u00f1a; m, mediana; l, grande) TALLAS EN FUNCI\u00d3N A LA ALTURA ALTURA EN CENT\u00cdMETROS EN PULGADAS UNIVERSAL 1.60-1.65 cm. 47, 48, 49 y 50 14 XS-S 1.65-1.70 cm. 50 y 51 14-16 S 1.70-1.75 cm 51, 52 y 53 17-18 M 1.75-1.80 cm. 54, 55 y 56 18-19 M 1.80-1.85 cm. 56, 57 y 58 20, 21 L 1.85-1.90 cm. 59, 60 y 61 21, 22 L +1.90 cm. +61 22 XL Publicaci\u00f3n Original: https:\/\/www.elsoldepuebla.com.mx\/doble-via\/sigue-esta-guia-y-selecciona-la-bici-correcta-conoce-mas-ciclismo-gerardo-hernandez-6094290.html<\/p>\n","protected":false},"author":1,"featured_media":22156,"comment_status":"closed","ping_status":"closed","sticky":false,"template":"","format":"standard","meta":{"_monsterinsights_skip_tracking":false,"_uf_show_specific_survey":0,"_uf_disable_surveys":false,"footnotes":""},"categories":[34],"tags":[],"class_list":["post-22152","post","type-post","status-publish","format-standard","has-post-thumbnail","hentry","category-puebla"],"yoast_head":"<!-- This site is optimized with the Yoast SEO plugin v27.5 - https:\/\/yoast.com\/product\/yoast-seo-wordpress\/ -->\n<title>Sigue esta gu\u00eda y selecciona la bici correcta &#124; Conoce m\u00e1s - Fer Abrajan<\/title>\n<meta name=\"robots\" content=\"index, follow, max-snippet:-1, max-image-preview:large, max-video-preview:-1\" \/>\n<link rel=\"canonical\" href=\"https:\/\/ferabrajan.com\/portal\/2020\/12\/04\/sigue-esta-guia-y-selecciona-la-bici-correcta-conoce-mas\/\" \/>\n<meta property=\"og:locale\" content=\"es_ES\" \/>\n<meta property=\"og:type\" content=\"article\" \/>\n<meta property=\"og:title\" content=\"Sigue esta gu\u00eda y selecciona la bici correcta &#124; Conoce m\u00e1s - Fer Abrajan\" \/>\n<meta property=\"og:description\" content=\"Desde el presupuesto, talla y la claridad de qu\u00e9 se quiere de una bicicleta son aspectos a considerar a la hora de comprar una para sacarle el m\u00e1ximo de los provechos y no destinarla a terminar \u201ccomo mueble de ba\u00f1o secando toallas\u201d como indica el entrenador de ciclismo con experiencia a nivel selecciones, Gerardo Hern\u00e1ndez. A decir del especialista, el primer paso para hacerse de una bici es gozar de claridad; es decir, \u201cpara qu\u00e9 se quiere o qu\u00e9 se har\u00e1 con la misma\u201d. Aunque el factor m\u00e1s importante es determinar un presupuesto, pues as\u00ed se evitar\u00e1 se pierda el tiempo viendo bicicletas \u201cinalcanzables\u201d o no \u201captas para mortales\u201d; pero s\u00ed siguiendo de cerca \u201calgo\u201d de acuerdo al bolsillo. \u201cEs importante definir prioridades, tener claro qu\u00e9 quiero de la bicicleta; debemos pensar si queremos la bicicleta para salir a rodar (pasear), trasladarnos, o para hacer ejercicio sin ser profesionales, o para convertirnos en ciclistas competitivos\u201d, explica el especialista. \u201cLuego debemos de considerar el factor econ\u00f3mico, teniendo en cuenta que la bicicleta que m\u00e1s se ajuste a nuestras posibilidades es sin duda la mejor para nosotros sin importar si es urbana, es de fibra de carbono, aluminio o de monta\u00f1a\u201d, agrega. Pero en la decisi\u00f3n final a la hora de escoger, basado en la experiencia del gu\u00eda, siempre se impone el gusto personal. EL TAMANO S\u00cd IMPORTA El novel ciclista a la hora de escoger bici habr\u00e1 de considerar su talla (extra-chica, chica, mediana, grande o extra-grande), lo cual sabr\u00e1 \u201ca partir de la medida de su entrepierna al suelo, pues esto le ayudar\u00e1 a definir el tama\u00f1o ideal del cuadro de la bicicleta y de la altura del sill\u00edn\u201d, indica Hern\u00e1ndez. Cabe destacar, la forma para saber de forma general qu\u00e9 tama\u00f1o de bici te corresponde es multiplicando el valor de la altura de la entrepierna (la distancia existente entre el suelo y el muslo) por 0.665. La importancia de escoger bien el tama\u00f1o de una bicicleta pasa por maximizar el rendimiento deportivo y el minimizar el riesgo de lesiones, pues una mala elecci\u00f3n terminar\u00eda en dolores de espalda, problemas en las cervicales o molestias en la rodilla. A considerar, existen veh\u00edculos con una est\u00e9tica m\u00e1s agresiva pensadas para la competici\u00f3n (ruta o pista), mientras otras son bastante m\u00e1s altas de direcci\u00f3n (manillar o manubrio) y presentan una geometr\u00eda m\u00e1s ciclo-turista (urbana), prevaleciendo en \u00e9stas la comodidad sobre la aerodin\u00e1mica. Por lo tanto, es fundamental saber qu\u00e9 es lo que se busca para el d\u00eda a d\u00eda. Es decir, no va a necesitar un corredor amateur o profesional la misma bicicleta que una persona que s\u00f3lo realiza recorridos por la ciudad para trasladarse, o una que s\u00f3lo sale por diversi\u00f3n. En la actualidad hay tres formatos para medir el tama\u00f1o de una bicicleta: cent\u00edmetros, pulgadas o denominaciones universales (s, peque\u00f1a; m, mediana; l, grande) TALLAS EN FUNCI\u00d3N A LA ALTURA ALTURA EN CENT\u00cdMETROS EN PULGADAS UNIVERSAL 1.60-1.65 cm. 47, 48, 49 y 50 14 XS-S 1.65-1.70 cm. 50 y 51 14-16 S 1.70-1.75 cm 51, 52 y 53 17-18 M 1.75-1.80 cm. 54, 55 y 56 18-19 M 1.80-1.85 cm. 56, 57 y 58 20, 21 L 1.85-1.90 cm. 59, 60 y 61 21, 22 L +1.90 cm. +61 22 XL Publicaci\u00f3n Original: https:\/\/www.elsoldepuebla.com.mx\/doble-via\/sigue-esta-guia-y-selecciona-la-bici-correcta-conoce-mas-ciclismo-gerardo-hernandez-6094290.html\" \/>\n<meta property=\"og:url\" content=\"https:\/\/ferabrajan.com\/portal\/2020\/12\/04\/sigue-esta-guia-y-selecciona-la-bici-correcta-conoce-mas\/\" \/>\n<meta property=\"og:site_name\" content=\"Fer Abrajan\" \/>\n<meta property=\"article:publisher\" content=\"https:\/\/www.facebook.com\/NoticiasconFerAbrajan\/\" \/>\n<meta property=\"article:published_time\" content=\"2020-12-04T11:00:00+00:00\" \/>\n<meta name=\"author\" content=\"admin\" \/>\n<meta name=\"twitter:card\" content=\"summary_large_image\" \/>\n<meta name=\"twitter:creator\" content=\"@ferabrajan1\" \/>\n<meta name=\"twitter:site\" content=\"@ferabrajan1\" \/>\n<meta name=\"twitter:label1\" content=\"Escrito por\" \/>\n\t<meta name=\"twitter:data1\" content=\"admin\" \/>\n\t<meta name=\"twitter:label2\" content=\"Tiempo de lectura\" \/>\n\t<meta name=\"twitter:data2\" content=\"3 minutos\" \/>\n<script type=\"application\/ld+json\" class=\"yoast-schema-graph\">{\"@context\":\"https:\\\/\\\/schema.org\",\"@graph\":[{\"@type\":\"Article\",\"@id\":\"https:\\\/\\\/ferabrajan.com\\\/portal\\\/2020\\\/12\\\/04\\\/sigue-esta-guia-y-selecciona-la-bici-correcta-conoce-mas\\\/#article\",\"isPartOf\":{\"@id\":\"https:\\\/\\\/ferabrajan.com\\\/portal\\\/2020\\\/12\\\/04\\\/sigue-esta-guia-y-selecciona-la-bici-correcta-conoce-mas\\\/\"},\"author\":{\"name\":\"admin\",\"@id\":\"https:\\\/\\\/ferabrajan.com\\\/portal\\\/#\\\/schema\\\/person\\\/f6113b3cb1e036d5c6a9505685b257ba\"},\"headline\":\"Sigue esta gu\u00eda y selecciona la bici correcta &#124; Conoce m\u00e1s\",\"datePublished\":\"2020-12-04T11:00:00+00:00\",\"mainEntityOfPage\":{\"@id\":\"https:\\\/\\\/ferabrajan.com\\\/portal\\\/2020\\\/12\\\/04\\\/sigue-esta-guia-y-selecciona-la-bici-correcta-conoce-mas\\\/\"},\"wordCount\":572,\"publisher\":{\"@id\":\"https:\\\/\\\/ferabrajan.com\\\/portal\\\/#organization\"},\"image\":{\"@id\":\"https:\\\/\\\/ferabrajan.com\\\/portal\\\/2020\\\/12\\\/04\\\/sigue-esta-guia-y-selecciona-la-bici-correcta-conoce-mas\\\/#primaryimage\"},\"thumbnailUrl\":\"\",\"articleSection\":[\"Puebla\"],\"inLanguage\":\"es\"},{\"@type\":\"WebPage\",\"@id\":\"https:\\\/\\\/ferabrajan.com\\\/portal\\\/2020\\\/12\\\/04\\\/sigue-esta-guia-y-selecciona-la-bici-correcta-conoce-mas\\\/\",\"url\":\"https:\\\/\\\/ferabrajan.com\\\/portal\\\/2020\\\/12\\\/04\\\/sigue-esta-guia-y-selecciona-la-bici-correcta-conoce-mas\\\/\",\"name\":\"Sigue esta gu\u00eda y selecciona la bici correcta &#124; Conoce m\u00e1s - Fer Abrajan\",\"isPartOf\":{\"@id\":\"https:\\\/\\\/ferabrajan.com\\\/portal\\\/#website\"},\"primaryImageOfPage\":{\"@id\":\"https:\\\/\\\/ferabrajan.com\\\/portal\\\/2020\\\/12\\\/04\\\/sigue-esta-guia-y-selecciona-la-bici-correcta-conoce-mas\\\/#primaryimage\"},\"image\":{\"@id\":\"https:\\\/\\\/ferabrajan.com\\\/portal\\\/2020\\\/12\\\/04\\\/sigue-esta-guia-y-selecciona-la-bici-correcta-conoce-mas\\\/#primaryimage\"},\"thumbnailUrl\":\"\",\"datePublished\":\"2020-12-04T11:00:00+00:00\",\"breadcrumb\":{\"@id\":\"https:\\\/\\\/ferabrajan.com\\\/portal\\\/2020\\\/12\\\/04\\\/sigue-esta-guia-y-selecciona-la-bici-correcta-conoce-mas\\\/#breadcrumb\"},\"inLanguage\":\"es\",\"potentialAction\":[{\"@type\":\"ReadAction\",\"target\":[\"https:\\\/\\\/ferabrajan.com\\\/portal\\\/2020\\\/12\\\/04\\\/sigue-esta-guia-y-selecciona-la-bici-correcta-conoce-mas\\\/\"]}]},{\"@type\":\"ImageObject\",\"inLanguage\":\"es\",\"@id\":\"https:\\\/\\\/ferabrajan.com\\\/portal\\\/2020\\\/12\\\/04\\\/sigue-esta-guia-y-selecciona-la-bici-correcta-conoce-mas\\\/#primaryimage\",\"url\":\"\",\"contentUrl\":\"\"},{\"@type\":\"BreadcrumbList\",\"@id\":\"https:\\\/\\\/ferabrajan.com\\\/portal\\\/2020\\\/12\\\/04\\\/sigue-esta-guia-y-selecciona-la-bici-correcta-conoce-mas\\\/#breadcrumb\",\"itemListElement\":[{\"@type\":\"ListItem\",\"position\":1,\"name\":\"Portada\",\"item\":\"https:\\\/\\\/ferabrajan.com\\\/portal\\\/\"},{\"@type\":\"ListItem\",\"position\":2,\"name\":\"Sigue esta gu\u00eda y selecciona la bici correcta &#124; Conoce m\u00e1s\"}]},{\"@type\":\"WebSite\",\"@id\":\"https:\\\/\\\/ferabrajan.com\\\/portal\\\/#website\",\"url\":\"https:\\\/\\\/ferabrajan.com\\\/portal\\\/\",\"name\":\"Fer Abrajan\",\"description\":\"Noticias de Puebla, opini\u00f3n y radio en vivo\",\"publisher\":{\"@id\":\"https:\\\/\\\/ferabrajan.com\\\/portal\\\/#organization\"},\"potentialAction\":[{\"@type\":\"SearchAction\",\"target\":{\"@type\":\"EntryPoint\",\"urlTemplate\":\"https:\\\/\\\/ferabrajan.com\\\/portal\\\/?s={search_term_string}\"},\"query-input\":{\"@type\":\"PropertyValueSpecification\",\"valueRequired\":true,\"valueName\":\"search_term_string\"}}],\"inLanguage\":\"es\"},{\"@type\":\"Organization\",\"@id\":\"https:\\\/\\\/ferabrajan.com\\\/portal\\\/#organization\",\"name\":\"Fer Abrajan\",\"url\":\"https:\\\/\\\/ferabrajan.com\\\/portal\\\/\",\"logo\":{\"@type\":\"ImageObject\",\"inLanguage\":\"es\",\"@id\":\"https:\\\/\\\/ferabrajan.com\\\/portal\\\/#\\\/schema\\\/logo\\\/image\\\/\",\"url\":\"https:\\\/\\\/ferabrajan.com\\\/portal\\\/wp-content\\\/uploads\\\/2024\\\/10\\\/cropped-logo.jpeg\",\"contentUrl\":\"https:\\\/\\\/ferabrajan.com\\\/portal\\\/wp-content\\\/uploads\\\/2024\\\/10\\\/cropped-logo.jpeg\",\"width\":500,\"height\":250,\"caption\":\"Fer Abrajan\"},\"image\":{\"@id\":\"https:\\\/\\\/ferabrajan.com\\\/portal\\\/#\\\/schema\\\/logo\\\/image\\\/\"},\"sameAs\":[\"https:\\\/\\\/www.facebook.com\\\/NoticiasconFerAbrajan\\\/\",\"https:\\\/\\\/x.com\\\/ferabrajan1\"]},{\"@type\":\"Person\",\"@id\":\"https:\\\/\\\/ferabrajan.com\\\/portal\\\/#\\\/schema\\\/person\\\/f6113b3cb1e036d5c6a9505685b257ba\",\"name\":\"admin\",\"image\":{\"@type\":\"ImageObject\",\"inLanguage\":\"es\",\"@id\":\"https:\\\/\\\/secure.gravatar.com\\\/avatar\\\/072baa72775aad53c748dfc5d3048578e01b6c087eef335459ebfa04344e2d18?s=96&d=mm&r=g\",\"url\":\"https:\\\/\\\/secure.gravatar.com\\\/avatar\\\/072baa72775aad53c748dfc5d3048578e01b6c087eef335459ebfa04344e2d18?s=96&d=mm&r=g\",\"contentUrl\":\"https:\\\/\\\/secure.gravatar.com\\\/avatar\\\/072baa72775aad53c748dfc5d3048578e01b6c087eef335459ebfa04344e2d18?s=96&d=mm&r=g\",\"caption\":\"admin\"},\"sameAs\":[\"https:\\\/\\\/ferabrajan.com\\\/portal\"],\"url\":\"https:\\\/\\\/ferabrajan.com\\\/portal\\\/author\\\/admin\\\/\"}]}<\/script>\n<!-- \/ Yoast SEO plugin. -->","yoast_head_json":{"title":"Sigue esta gu\u00eda y selecciona la bici correcta &#124; Conoce m\u00e1s - Fer Abrajan","robots":{"index":"index","follow":"follow","max-snippet":"max-snippet:-1","max-image-preview":"max-image-preview:large","max-video-preview":"max-video-preview:-1"},"canonical":"https:\/\/ferabrajan.com\/portal\/2020\/12\/04\/sigue-esta-guia-y-selecciona-la-bici-correcta-conoce-mas\/","og_locale":"es_ES","og_type":"article","og_title":"Sigue esta gu\u00eda y selecciona la bici correcta &#124; Conoce m\u00e1s - Fer Abrajan","og_description":"Desde el presupuesto, talla y la claridad de qu\u00e9 se quiere de una bicicleta son aspectos a considerar a la hora de comprar una para sacarle el m\u00e1ximo de los provechos y no destinarla a terminar \u201ccomo mueble de ba\u00f1o secando toallas\u201d como indica el entrenador de ciclismo con experiencia a nivel selecciones, Gerardo Hern\u00e1ndez. A decir del especialista, el primer paso para hacerse de una bici es gozar de claridad; es decir, \u201cpara qu\u00e9 se quiere o qu\u00e9 se har\u00e1 con la misma\u201d. Aunque el factor m\u00e1s importante es determinar un presupuesto, pues as\u00ed se evitar\u00e1 se pierda el tiempo viendo bicicletas \u201cinalcanzables\u201d o no \u201captas para mortales\u201d; pero s\u00ed siguiendo de cerca \u201calgo\u201d de acuerdo al bolsillo. \u201cEs importante definir prioridades, tener claro qu\u00e9 quiero de la bicicleta; debemos pensar si queremos la bicicleta para salir a rodar (pasear), trasladarnos, o para hacer ejercicio sin ser profesionales, o para convertirnos en ciclistas competitivos\u201d, explica el especialista. \u201cLuego debemos de considerar el factor econ\u00f3mico, teniendo en cuenta que la bicicleta que m\u00e1s se ajuste a nuestras posibilidades es sin duda la mejor para nosotros sin importar si es urbana, es de fibra de carbono, aluminio o de monta\u00f1a\u201d, agrega. Pero en la decisi\u00f3n final a la hora de escoger, basado en la experiencia del gu\u00eda, siempre se impone el gusto personal. EL TAMANO S\u00cd IMPORTA El novel ciclista a la hora de escoger bici habr\u00e1 de considerar su talla (extra-chica, chica, mediana, grande o extra-grande), lo cual sabr\u00e1 \u201ca partir de la medida de su entrepierna al suelo, pues esto le ayudar\u00e1 a definir el tama\u00f1o ideal del cuadro de la bicicleta y de la altura del sill\u00edn\u201d, indica Hern\u00e1ndez. Cabe destacar, la forma para saber de forma general qu\u00e9 tama\u00f1o de bici te corresponde es multiplicando el valor de la altura de la entrepierna (la distancia existente entre el suelo y el muslo) por 0.665. La importancia de escoger bien el tama\u00f1o de una bicicleta pasa por maximizar el rendimiento deportivo y el minimizar el riesgo de lesiones, pues una mala elecci\u00f3n terminar\u00eda en dolores de espalda, problemas en las cervicales o molestias en la rodilla. A considerar, existen veh\u00edculos con una est\u00e9tica m\u00e1s agresiva pensadas para la competici\u00f3n (ruta o pista), mientras otras son bastante m\u00e1s altas de direcci\u00f3n (manillar o manubrio) y presentan una geometr\u00eda m\u00e1s ciclo-turista (urbana), prevaleciendo en \u00e9stas la comodidad sobre la aerodin\u00e1mica. Por lo tanto, es fundamental saber qu\u00e9 es lo que se busca para el d\u00eda a d\u00eda. Es decir, no va a necesitar un corredor amateur o profesional la misma bicicleta que una persona que s\u00f3lo realiza recorridos por la ciudad para trasladarse, o una que s\u00f3lo sale por diversi\u00f3n. En la actualidad hay tres formatos para medir el tama\u00f1o de una bicicleta: cent\u00edmetros, pulgadas o denominaciones universales (s, peque\u00f1a; m, mediana; l, grande) TALLAS EN FUNCI\u00d3N A LA ALTURA ALTURA EN CENT\u00cdMETROS EN PULGADAS UNIVERSAL 1.60-1.65 cm. 47, 48, 49 y 50 14 XS-S 1.65-1.70 cm. 50 y 51 14-16 S 1.70-1.75 cm 51, 52 y 53 17-18 M 1.75-1.80 cm. 54, 55 y 56 18-19 M 1.80-1.85 cm. 56, 57 y 58 20, 21 L 1.85-1.90 cm. 59, 60 y 61 21, 22 L +1.90 cm. +61 22 XL Publicaci\u00f3n Original: https:\/\/www.elsoldepuebla.com.mx\/doble-via\/sigue-esta-guia-y-selecciona-la-bici-correcta-conoce-mas-ciclismo-gerardo-hernandez-6094290.html","og_url":"https:\/\/ferabrajan.com\/portal\/2020\/12\/04\/sigue-esta-guia-y-selecciona-la-bici-correcta-conoce-mas\/","og_site_name":"Fer Abrajan","article_publisher":"https:\/\/www.facebook.com\/NoticiasconFerAbrajan\/","article_published_time":"2020-12-04T11:00:00+00:00","author":"admin","twitter_card":"summary_large_image","twitter_creator":"@ferabrajan1","twitter_site":"@ferabrajan1","twitter_misc":{"Escrito por":"admin","Tiempo de lectura":"3 minutos"},"schema":{"@context":"https:\/\/schema.org","@graph":[{"@type":"Article","@id":"https:\/\/ferabrajan.com\/portal\/2020\/12\/04\/sigue-esta-guia-y-selecciona-la-bici-correcta-conoce-mas\/#article","isPartOf":{"@id":"https:\/\/ferabrajan.com\/portal\/2020\/12\/04\/sigue-esta-guia-y-selecciona-la-bici-correcta-conoce-mas\/"},"author":{"name":"admin","@id":"https:\/\/ferabrajan.com\/portal\/#\/schema\/person\/f6113b3cb1e036d5c6a9505685b257ba"},"headline":"Sigue esta gu\u00eda y selecciona la bici correcta &#124; Conoce m\u00e1s","datePublished":"2020-12-04T11:00:00+00:00","mainEntityOfPage":{"@id":"https:\/\/ferabrajan.com\/portal\/2020\/12\/04\/sigue-esta-guia-y-selecciona-la-bici-correcta-conoce-mas\/"},"wordCount":572,"publisher":{"@id":"https:\/\/ferabrajan.com\/portal\/#organization"},"image":{"@id":"https:\/\/ferabrajan.com\/portal\/2020\/12\/04\/sigue-esta-guia-y-selecciona-la-bici-correcta-conoce-mas\/#primaryimage"},"thumbnailUrl":"","articleSection":["Puebla"],"inLanguage":"es"},{"@type":"WebPage","@id":"https:\/\/ferabrajan.com\/portal\/2020\/12\/04\/sigue-esta-guia-y-selecciona-la-bici-correcta-conoce-mas\/","url":"https:\/\/ferabrajan.com\/portal\/2020\/12\/04\/sigue-esta-guia-y-selecciona-la-bici-correcta-conoce-mas\/","name":"Sigue esta gu\u00eda y selecciona la bici correcta &#124; Conoce m\u00e1s - Fer Abrajan","isPartOf":{"@id":"https:\/\/ferabrajan.com\/portal\/#website"},"primaryImageOfPage":{"@id":"https:\/\/ferabrajan.com\/portal\/2020\/12\/04\/sigue-esta-guia-y-selecciona-la-bici-correcta-conoce-mas\/#primaryimage"},"image":{"@id":"https:\/\/ferabrajan.com\/portal\/2020\/12\/04\/sigue-esta-guia-y-selecciona-la-bici-correcta-conoce-mas\/#primaryimage"},"thumbnailUrl":"","datePublished":"2020-12-04T11:00:00+00:00","breadcrumb":{"@id":"https:\/\/ferabrajan.com\/portal\/2020\/12\/04\/sigue-esta-guia-y-selecciona-la-bici-correcta-conoce-mas\/#breadcrumb"},"inLanguage":"es","potentialAction":[{"@type":"ReadAction","target":["https:\/\/ferabrajan.com\/portal\/2020\/12\/04\/sigue-esta-guia-y-selecciona-la-bici-correcta-conoce-mas\/"]}]},{"@type":"ImageObject","inLanguage":"es","@id":"https:\/\/ferabrajan.com\/portal\/2020\/12\/04\/sigue-esta-guia-y-selecciona-la-bici-correcta-conoce-mas\/#primaryimage","url":"","contentUrl":""},{"@type":"BreadcrumbList","@id":"https:\/\/ferabrajan.com\/portal\/2020\/12\/04\/sigue-esta-guia-y-selecciona-la-bici-correcta-conoce-mas\/#breadcrumb","itemListElement":[{"@type":"ListItem","position":1,"name":"Portada","item":"https:\/\/ferabrajan.com\/portal\/"},{"@type":"ListItem","position":2,"name":"Sigue esta gu\u00eda y selecciona la bici correcta &#124; Conoce m\u00e1s"}]},{"@type":"WebSite","@id":"https:\/\/ferabrajan.com\/portal\/#website","url":"https:\/\/ferabrajan.com\/portal\/","name":"Fer Abrajan","description":"Noticias de Puebla, opini\u00f3n y radio en vivo","publisher":{"@id":"https:\/\/ferabrajan.com\/portal\/#organization"},"potentialAction":[{"@type":"SearchAction","target":{"@type":"EntryPoint","urlTemplate":"https:\/\/ferabrajan.com\/portal\/?s={search_term_string}"},"query-input":{"@type":"PropertyValueSpecification","valueRequired":true,"valueName":"search_term_string"}}],"inLanguage":"es"},{"@type":"Organization","@id":"https:\/\/ferabrajan.com\/portal\/#organization","name":"Fer Abrajan","url":"https:\/\/ferabrajan.com\/portal\/","logo":{"@type":"ImageObject","inLanguage":"es","@id":"https:\/\/ferabrajan.com\/portal\/#\/schema\/logo\/image\/","url":"https:\/\/ferabrajan.com\/portal\/wp-content\/uploads\/2024\/10\/cropped-logo.jpeg","contentUrl":"https:\/\/ferabrajan.com\/portal\/wp-content\/uploads\/2024\/10\/cropped-logo.jpeg","width":500,"height":250,"caption":"Fer Abrajan"},"image":{"@id":"https:\/\/ferabrajan.com\/portal\/#\/schema\/logo\/image\/"},"sameAs":["https:\/\/www.facebook.com\/NoticiasconFerAbrajan\/","https:\/\/x.com\/ferabrajan1"]},{"@type":"Person","@id":"https:\/\/ferabrajan.com\/portal\/#\/schema\/person\/f6113b3cb1e036d5c6a9505685b257ba","name":"admin","image":{"@type":"ImageObject","inLanguage":"es","@id":"https:\/\/secure.gravatar.com\/avatar\/072baa72775aad53c748dfc5d3048578e01b6c087eef335459ebfa04344e2d18?s=96&d=mm&r=g","url":"https:\/\/secure.gravatar.com\/avatar\/072baa72775aad53c748dfc5d3048578e01b6c087eef335459ebfa04344e2d18?s=96&d=mm&r=g","contentUrl":"https:\/\/secure.gravatar.com\/avatar\/072baa72775aad53c748dfc5d3048578e01b6c087eef335459ebfa04344e2d18?s=96&d=mm&r=g","caption":"admin"},"sameAs":["https:\/\/ferabrajan.com\/portal"],"url":"https:\/\/ferabrajan.com\/portal\/author\/admin\/"}]}},"_links":{"self":[{"href":"https:\/\/ferabrajan.com\/portal\/wp-json\/wp\/v2\/posts\/22152","targetHints":{"allow":["GET"]}}],"collection":[{"href":"https:\/\/ferabrajan.com\/portal\/wp-json\/wp\/v2\/posts"}],"about":[{"href":"https:\/\/ferabrajan.com\/portal\/wp-json\/wp\/v2\/types\/post"}],"author":[{"embeddable":true,"href":"https:\/\/ferabrajan.com\/portal\/wp-json\/wp\/v2\/users\/1"}],"replies":[{"embeddable":true,"href":"https:\/\/ferabrajan.com\/portal\/wp-json\/wp\/v2\/comments?post=22152"}],"version-history":[{"count":0,"href":"https:\/\/ferabrajan.com\/portal\/wp-json\/wp\/v2\/posts\/22152\/revisions"}],"wp:attachment":[{"href":"https:\/\/ferabrajan.com\/portal\/wp-json\/wp\/v2\/media?parent=22152"}],"wp:term":[{"taxonomy":"category","embeddable":true,"href":"https:\/\/ferabrajan.com\/portal\/wp-json\/wp\/v2\/categories?post=22152"},{"taxonomy":"post_tag","embeddable":true,"href":"https:\/\/ferabrajan.com\/portal\/wp-json\/wp\/v2\/tags?post=22152"}],"curies":[{"name":"wp","href":"https:\/\/api.w.org\/{rel}","templated":true}]}}