{"id":22147,"date":"2020-12-04T11:00:00","date_gmt":"2020-12-04T11:00:00","guid":{"rendered":"https:\/\/www.elsoldepuebla.com.mx\/local\/regresa-el-gobernador-a-puebla-a-semaforo-naranja-responsabiliza-al-ambulantaje-luis-miguel-barbosa-claudia-rivera-vivanco-contagios-covid19-pandemia-semaforo-epidemiologico-rene-sanchez-galindo-centro-historico-sars"},"modified":"2020-12-04T11:00:00","modified_gmt":"2020-12-04T11:00:00","slug":"regresa-el-gobernador-a-puebla-a-semaforo-naranja-responsabiliza-al-ambulantaje","status":"publish","type":"post","link":"https:\/\/ferabrajan.com\/portal\/2020\/12\/04\/regresa-el-gobernador-a-puebla-a-semaforo-naranja-responsabiliza-al-ambulantaje\/","title":{"rendered":"Regresa el gobernador a Puebla a sem\u00e1foro naranja, responsabiliza al ambulantaje"},"content":{"rendered":"<div><img decoding=\"async\" src=\"https:\/\/www.elsoldepuebla.com.mx\/local\/hrz8su-nota-1-bibiana.jpg\/ALTERNATES\/LANDSCAPE_1140\/NOTA%201%20bibiana.jpg\" class=\"ff-og-image-inserted\"><\/div>\n<p>Ante el incremento de contagios en Puebla y principalmente en la capital el Gobierno del Estado determin\u00f3 cambiar el color de su indicador epidemiol\u00f3gico de amarillo a naranja, medida que ha adoptado el gobierno estatal bajo sus propios n\u00fameros y que no necesariamente coincide con el sem\u00e1foro federal.<\/p>\n<p><strong>\u201cEl alza de contagios es muy preocupante, derivada del aumento en movilidad y del comercio ambulante desbordado y sin control en Puebla Capital. Para el gobierno de Puebla no estamos en amarillo, estamos en naranja y anunciaremos nuevas medidas, no podemos ser indiferentes\u201d, declar\u00f3 al respecto el gobernador Luis Miguel Barbosa.<\/strong><\/p>\n<p>En su habitual conferencia matutina, el mandatario pidi\u00f3 al Ayuntamiento de Puebla, encabezado por Claudia Rivera Vivanco, que regule el comercio en las calles, pues considera que el alza de contagios por Covid-19, se debe al ambulantaje. Incluso mencion\u00f3 que la entidad regresara a color naranja ya que para este 3 de diciembre las cifras fueron las siguientes: 42 mil 267 contagios positivos, mil 27 casos activos en 57 municipios, 442 personas hospitalizadas, 82 con ventilaci\u00f3n mec\u00e1nica y 5mil 393 defunciones.<\/p>\n<article class=\"finanzas media col-md-4 inline-story\"> <\/article>\n<p>\u201cNunca como hoy hay comercio ambulante en las calles, en los mercados, est\u00e1 desbordado y sin control, llamo al ayuntamiento a asumir su responsabilidad para regular el comercio en las calles (&#8230;) para nosotros ya no estamos en amarillo, estamos en naranja, y si bien, las medidas que tomamos fue preservarnos como si estuvi\u00e9ramos en naranja tenemos que revisar todas las autorizaciones sobre la reapertura, no estoy hablando de cerrar, sino de cuidar cada una de las medidas\u201d, acot\u00f3.<\/p>\n<p><strong>Descart\u00f3 cierres de negocios o una pausa en las actividades de entretenimiento, tal y como sucedi\u00f3 al inicio de la pandemia, pero, acept\u00f3 que est\u00e1 preocupado por la capital, ya que, con base en sus estudios, el municipio de Puebla es el centro de los contagios y todas las dem\u00e1s regiones est\u00e1n en amarrillo estable.<\/strong><\/p>\n<p>Para finalizar anunci\u00f3 que el 4 de diciembre ser\u00e1 cuando d\u00e9 a conocer las nuevas medidas ante este anuncio. \u201cHay empresarios que dicen que nunca hab\u00eda habido tanto comercio ambulante como el d\u00eda de hoy y esto no fue lo que prometimos en campa\u00f1a, as\u00ed es que es una causa de riesgo enorme para el contagio del Covid, que est\u00e1 generando un crecimiento preocupante y por eso debemos tomar medidas\u201d, concluy\u00f3.<\/p>\n<article class=\"policiaca media col-md-4 inline-story\"> <\/article>\n<h2><strong>SEM\u00c1FORO DIFIERE AL DE LA FEDERACI\u00d3N<\/strong><\/h2>\n<p>De acuerdo con el sem\u00e1foro epidemiol\u00f3gico federal, el estado de Puebla se encuentra en color amarillo, empero, con lo anterior, se mantendr\u00e1n las medidas preventivas para el color naranja.<\/p>\n<p><strong>Es decir, que adem\u00e1s de las actividades econ\u00f3micas esenciales, se permitir\u00e1 que las empresas de las actividades econ\u00f3micas no esenciales trabajen con el 30 por ciento del personal para su funcionamiento, siempre tomando en cuenta las medidas de cuidado m\u00e1ximo para las personas con mayor riesgo de presentar un cuadro grave y se abrir\u00e1n los espacios p\u00fablicos abiertos con un aforo reducido.<\/strong><\/p>\n<p>No es la primera vez que la administraci\u00f3n difiere con el sem\u00e1foro nacional, pues cuando se anunci\u00f3 que la entidad pasar\u00eda de rojo a naranja, el mandatario inform\u00f3 que en Puebla se seguir\u00edan con las mismas medidas para no incrementar los contagios. De igual modo, han variado las cifras de defunciones por coronavirus entre la Federaci\u00f3n y el Estado.<\/p>\n<article class=\"policiaca media col-md-4 inline-story\"> <\/article>\n<h2><strong>INVIABLE REGRESAR A CLASES PRESENCIALES<\/strong><\/h2>\n<p>\u201cNo es viable regresar a las clases presenciales para enero\u201d, as\u00ed lo consider\u00f3 el gobernador, Miguel Barbosa Huerta, quien aprovech\u00f3 para mencionar que por los n\u00fameros antes mencionados esto est\u00e1 descartado.<\/p>\n<p><strong>\u201cTomamos nuestras decisiones con mucha cautela y responsabilidad no para que nos aplaudan ni para que piensen que en el estado las cosas son mejores, pero cada quien decide y se responsabiliza por su gente y su pueblo (\u2026) respeto las decisiones de cada estado, pero si estamos hablando de salud y vida de los estudiantes\u201d.<\/strong><\/p>\n<p>Lament\u00f3 que el gobierno de Jalisco quiera regresar a clases para el pr\u00f3ximo 25 de enero, pues, desde su \u00f3ptica, no existen las condiciones y esto podr\u00eda dar como resultado m\u00e1s contagios, as\u00ed como fallecimientos. En suma, opin\u00f3 que los estados no pueden tomar esta decisi\u00f3n sin \u201csaltarse\u201d a la federaci\u00f3n, ya que podr\u00edan caer en una controversia constitucional.<\/p>\n<article class=\"local media col-md-4 inline-story\"> <\/article>\n<p>\u201cLos gobiernos estatales tienen estilos, visiones, estrategias en la toma de sus decisiones, yo he observado que en Jalisco se toman decisiones como un c\u00e1lculo medi\u00e1tico, s\u00f3lo voy a decir eso (\u2026) Jalisco est\u00e1 en sem\u00e1foro naranja, as\u00ed que esa decisi\u00f3n puede traer muchos riesgos\u201d, comparti\u00f3.<\/p>\n<h2><strong>NO HAN RECIBIDO POR PARTE DE LA FEDERACI\u00d3N NINGUNA INDICACI\u00d3N PARA C\u00c1MARAS DE FRIO<\/strong><\/h2>\n<p>Tambi\u00e9n inform\u00f3 que no han recibido por parte de la federaci\u00f3n ninguna indicaci\u00f3n o llamado para poder revisar sus c\u00e1maras de frio, pero en Puebla ya se est\u00e1 haciendo esto para no \u201cimprovisar\u201d cuando lleguen las vacunas para el Covid-19.<\/p>\n<p>\u201cTenemos asesores en salud p\u00fablica y ellos est\u00e1n previendo esto, el tema de la llegada de las vacunas, no es una bodega cualquiera, son c\u00e1maras de frio, o no se cuales son las condiciones de cada vacuna y arca en materia de estar preservada (\u2026) est\u00e1 complicado por eso no va ser as\u00ed en autom\u00e1tico\u201d.<\/p>\n<h2><strong>PIDE SEGOM QUE SE EMITA UN DECRETO<\/strong><\/h2>\n<p>El titular de la Secretar\u00eda de Gobernaci\u00f3n Municipal, Ren\u00e9 S\u00e1nchez Galindo asever\u00f3 que es momento de que el gobierno del estado emita un decreto en materia de control para el comercio de la v\u00eda p\u00fablica, pues hasta el momento se han regulado otras actividades, dejando de lado este sector.<\/p>\n<p><strong>\u201cLleg\u00f3 el momento de emitir un decreto en materia de comercio en la v\u00eda p\u00fablica, porque las actividades han sido reguladas por las autoridades sanitarias, pero la actividad del comercio de la v\u00eda p\u00fablica no lo ha sido, los decretos se han enfocado en otra cosa y ya necesitamos ese marco jur\u00eddico que la autoridad sanitaria estatal se refiere a este tema para que nosotros podamos ejecutar estos decretos\u201d, dijo.<\/strong><\/p>\n<p>A trav\u00e9s de un video difundido en las redes sociales de la Segom, el funcionario municipal inform\u00f3 que el Ayuntamiento de Puebla acatar\u00e1 las medidas sanitarias que se han implementado por las autoridades de salud, pues dijo que est\u00e1n trabajando en el tema del ambulantaje en el primer cuadro de la ciudad, ya que, se ha hablado con todas las agrupaciones de comercio en el Centro Hist\u00f3rico, por lo tanto, se les ha instruido para que acaten las medidas sanitarias.<\/p>\n<article class=\"gossip media col-md-4 inline-story\"> <\/article>\n<p>S\u00e1nchez Galindo agreg\u00f3 que, si con estas acciones no son suficientes realizar\u00e1n mecanismos con los dispositivos vehiculares, as\u00ed como suspender\u00e1n el tr\u00e1nsito peatonal por determinados momentos en las principales calles de la capital.<\/p>\n<p><strong>Finalmente hizo un llamado a que las dependencias estatales y municipales trabajen de manera conjunta, ya que solo as\u00ed podr\u00e1n hacer frente a la pandemia provocada por el virus SARS-coV-2 en la entidad poblana.<\/strong><\/p>\n<p>\u201cTambi\u00e9n hago un llamado a retomar el dialogo, es importante que todas las instancias trabajemos unidas en esto, Fiscal\u00eda, polic\u00eda estatal, que est\u00e1n haciendo operativos en el centro Hist\u00f3rico, as\u00ed como la Secretar\u00eda de Transporte, la Secretar\u00eda de Gobierno Estatal, todos en tener un di\u00e1logo para poder aplicar todas las medidas y hacer frente a esta pandemia\u201d, finaliz\u00f3.<\/p>\n<p>Cabe destacar que el ambulantaje ha existido desde administraciones pasadas, no obstante, el desbordamiento del comercio informal se ha dado en las \u00faltimas semanas, pues a pesar de que dicha dependencia municipal ha implementado medidas para inhibir los puestos, los ambulantes han hecho caso omiso, pues se han dejado ver a unos metros del Palacio Municipal.<\/p>\n<p>(Con informaci\u00f3n de Martha Cuaya)<\/p>\n<article class=\"policiaca media col-md-4 inline-story\"> <\/article>\n<article class=\"policiaca media col-md-4 inline-story\"> <\/article>\n<article class=\"doble-via media col-md-4 inline-story\"> <\/article>\n<p>Publicaci\u00f3n Original: <a href=\"https:\/\/www.elsoldepuebla.com.mx\/local\/regresa-el-gobernador-a-puebla-a-semaforo-naranja-responsabiliza-al-ambulantaje-luis-miguel-barbosa-claudia-rivera-vivanco-contagios-covid19-pandemia-semaforo-epidemiologico-rene-sanchez-galindo-centro-historico-sars-cov-2-6094286.html\" target=\"_blank\" rel=\"noopener noreferrer\">https:\/\/www.elsoldepuebla.com.mx\/local\/regresa-el-gobernador-a-puebla-a-semaforo-naranja-responsabiliza-al-ambulantaje-luis-miguel-barbosa-claudia-rivera-vivanco-contagios-covid19-pandemia-semaforo-epidemiologico-rene-sanchez-galindo-centro-historico-sars-cov-2-6094286.html<\/a><\/p>\n","protected":false},"excerpt":{"rendered":"<p>Ante el incremento de contagios en Puebla y principalmente en la capital el Gobierno del Estado determin\u00f3 cambiar el color de su indicador epidemiol\u00f3gico de amarillo a naranja, medida que ha adoptado el gobierno estatal bajo sus propios n\u00fameros y que no necesariamente coincide con el sem\u00e1foro federal. \u201cEl alza de contagios es muy preocupante, derivada del aumento en movilidad y del comercio ambulante desbordado y sin control en Puebla Capital. Para el gobierno de Puebla no estamos en amarillo, estamos en naranja y anunciaremos nuevas medidas, no podemos ser indiferentes\u201d, declar\u00f3 al respecto el gobernador Luis Miguel Barbosa. En su habitual conferencia matutina, el mandatario pidi\u00f3 al Ayuntamiento de Puebla, encabezado por Claudia Rivera Vivanco, que regule el comercio en las calles, pues considera que el alza de contagios por Covid-19, se debe al ambulantaje. Incluso mencion\u00f3 que la entidad regresara a color naranja ya que para este 3 de diciembre las cifras fueron las siguientes: 42 mil 267 contagios positivos, mil 27 casos activos en 57 municipios, 442 personas hospitalizadas, 82 con ventilaci\u00f3n mec\u00e1nica y 5mil 393 defunciones. \u201cNunca como hoy hay comercio ambulante en las calles, en los mercados, est\u00e1 desbordado y sin control, llamo al ayuntamiento a asumir su responsabilidad para regular el comercio en las calles (&#8230;) para nosotros ya no estamos en amarillo, estamos en naranja, y si bien, las medidas que tomamos fue preservarnos como si estuvi\u00e9ramos en naranja tenemos que revisar todas las autorizaciones sobre la reapertura, no estoy hablando de cerrar, sino de cuidar cada una de las medidas\u201d, acot\u00f3. Descart\u00f3 cierres de negocios o una pausa en las actividades de entretenimiento, tal y como sucedi\u00f3 al inicio de la pandemia, pero, acept\u00f3 que est\u00e1 preocupado por la capital, ya que, con base en sus estudios, el municipio de Puebla es el centro de los contagios y todas las dem\u00e1s regiones est\u00e1n en amarrillo estable. Para finalizar anunci\u00f3 que el 4 de diciembre ser\u00e1 cuando d\u00e9 a conocer las nuevas medidas ante este anuncio. \u201cHay empresarios que dicen que nunca hab\u00eda habido tanto comercio ambulante como el d\u00eda de hoy y esto no fue lo que prometimos en campa\u00f1a, as\u00ed es que es una causa de riesgo enorme para el contagio del Covid, que est\u00e1 generando un crecimiento preocupante y por eso debemos tomar medidas\u201d, concluy\u00f3. SEM\u00c1FORO DIFIERE AL DE LA FEDERACI\u00d3N De acuerdo con el sem\u00e1foro epidemiol\u00f3gico federal, el estado de Puebla se encuentra en color amarillo, empero, con lo anterior, se mantendr\u00e1n las medidas preventivas para el color naranja. Es decir, que adem\u00e1s de las actividades econ\u00f3micas esenciales, se permitir\u00e1 que las empresas de las actividades econ\u00f3micas no esenciales trabajen con el 30 por ciento del personal para su funcionamiento, siempre tomando en cuenta las medidas de cuidado m\u00e1ximo para las personas con mayor riesgo de presentar un cuadro grave y se abrir\u00e1n los espacios p\u00fablicos abiertos con un aforo reducido. No es la primera vez que la administraci\u00f3n difiere con el sem\u00e1foro nacional, pues cuando se anunci\u00f3 que la entidad pasar\u00eda de rojo a naranja, el mandatario inform\u00f3 que en Puebla se seguir\u00edan con las mismas medidas para no incrementar los contagios. De igual modo, han variado las cifras de defunciones por coronavirus entre la Federaci\u00f3n y el Estado. INVIABLE REGRESAR A CLASES PRESENCIALES \u201cNo es viable regresar a las clases presenciales para enero\u201d, as\u00ed lo consider\u00f3 el gobernador, Miguel Barbosa Huerta, quien aprovech\u00f3 para mencionar que por los n\u00fameros antes mencionados esto est\u00e1 descartado. \u201cTomamos nuestras decisiones con mucha cautela y responsabilidad no para que nos aplaudan ni para que piensen que en el estado las cosas son mejores, pero cada quien decide y se responsabiliza por su gente y su pueblo (\u2026) respeto las decisiones de cada estado, pero si estamos hablando de salud y vida de los estudiantes\u201d. Lament\u00f3 que el gobierno de Jalisco quiera regresar a clases para el pr\u00f3ximo 25 de enero, pues, desde su \u00f3ptica, no existen las condiciones y esto podr\u00eda dar como resultado m\u00e1s contagios, as\u00ed como fallecimientos. En suma, opin\u00f3 que los estados no pueden tomar esta decisi\u00f3n sin \u201csaltarse\u201d a la federaci\u00f3n, ya que podr\u00edan caer en una controversia constitucional. \u201cLos gobiernos estatales tienen estilos, visiones, estrategias en la toma de sus decisiones, yo he observado que en Jalisco se toman decisiones como un c\u00e1lculo medi\u00e1tico, s\u00f3lo voy a decir eso (\u2026) Jalisco est\u00e1 en sem\u00e1foro naranja, as\u00ed que esa decisi\u00f3n puede traer muchos riesgos\u201d, comparti\u00f3. NO HAN RECIBIDO POR PARTE DE LA FEDERACI\u00d3N NINGUNA INDICACI\u00d3N PARA C\u00c1MARAS DE FRIO Tambi\u00e9n inform\u00f3 que no han recibido por parte de la federaci\u00f3n ninguna indicaci\u00f3n o llamado para poder revisar sus c\u00e1maras de frio, pero en Puebla ya se est\u00e1 haciendo esto para no \u201cimprovisar\u201d cuando lleguen las vacunas para el Covid-19. \u201cTenemos asesores en salud p\u00fablica y ellos est\u00e1n previendo esto, el tema de la llegada de las vacunas, no es una bodega cualquiera, son c\u00e1maras de frio, o no se cuales son las condiciones de cada vacuna y arca en materia de estar preservada (\u2026) est\u00e1 complicado por eso no va ser as\u00ed en autom\u00e1tico\u201d. PIDE SEGOM QUE SE EMITA UN DECRETO El titular de la Secretar\u00eda de Gobernaci\u00f3n Municipal, Ren\u00e9 S\u00e1nchez Galindo asever\u00f3 que es momento de que el gobierno del estado emita un decreto en materia de control para el comercio de la v\u00eda p\u00fablica, pues hasta el momento se han regulado otras actividades, dejando de lado este sector. \u201cLleg\u00f3 el momento de emitir un decreto en materia de comercio en la v\u00eda p\u00fablica, porque las actividades han sido reguladas por las autoridades sanitarias, pero la actividad del comercio de la v\u00eda p\u00fablica no lo ha sido, los decretos se han enfocado en otra cosa y ya necesitamos ese marco jur\u00eddico que la autoridad sanitaria estatal se refiere a este tema para que nosotros podamos ejecutar estos decretos\u201d, dijo. A trav\u00e9s de un video difundido en las redes sociales de la Segom, el funcionario municipal inform\u00f3 que el Ayuntamiento de Puebla acatar\u00e1 las medidas sanitarias<\/p>\n","protected":false},"author":1,"featured_media":22151,"comment_status":"closed","ping_status":"closed","sticky":false,"template":"","format":"standard","meta":{"_monsterinsights_skip_tracking":false,"_uf_show_specific_survey":0,"_uf_disable_surveys":false,"footnotes":""},"categories":[53,34],"tags":[],"class_list":["post-22147","post","type-post","status-publish","format-standard","has-post-thumbnail","hentry","category-local","category-puebla"],"yoast_head":"<!-- This site is optimized with the Yoast SEO plugin v27.5 - https:\/\/yoast.com\/product\/yoast-seo-wordpress\/ -->\n<title>Regresa el gobernador a Puebla a sem\u00e1foro naranja, responsabiliza al ambulantaje - Fer Abrajan<\/title>\n<meta name=\"robots\" content=\"index, follow, max-snippet:-1, max-image-preview:large, max-video-preview:-1\" \/>\n<link rel=\"canonical\" href=\"https:\/\/ferabrajan.com\/portal\/2020\/12\/04\/regresa-el-gobernador-a-puebla-a-semaforo-naranja-responsabiliza-al-ambulantaje\/\" \/>\n<meta property=\"og:locale\" content=\"es_ES\" \/>\n<meta property=\"og:type\" content=\"article\" \/>\n<meta property=\"og:title\" content=\"Regresa el gobernador a Puebla a sem\u00e1foro naranja, responsabiliza al ambulantaje - Fer Abrajan\" \/>\n<meta property=\"og:description\" content=\"Ante el incremento de contagios en Puebla y principalmente en la capital el Gobierno del Estado determin\u00f3 cambiar el color de su indicador epidemiol\u00f3gico de amarillo a naranja, medida que ha adoptado el gobierno estatal bajo sus propios n\u00fameros y que no necesariamente coincide con el sem\u00e1foro federal. \u201cEl alza de contagios es muy preocupante, derivada del aumento en movilidad y del comercio ambulante desbordado y sin control en Puebla Capital. Para el gobierno de Puebla no estamos en amarillo, estamos en naranja y anunciaremos nuevas medidas, no podemos ser indiferentes\u201d, declar\u00f3 al respecto el gobernador Luis Miguel Barbosa. En su habitual conferencia matutina, el mandatario pidi\u00f3 al Ayuntamiento de Puebla, encabezado por Claudia Rivera Vivanco, que regule el comercio en las calles, pues considera que el alza de contagios por Covid-19, se debe al ambulantaje. Incluso mencion\u00f3 que la entidad regresara a color naranja ya que para este 3 de diciembre las cifras fueron las siguientes: 42 mil 267 contagios positivos, mil 27 casos activos en 57 municipios, 442 personas hospitalizadas, 82 con ventilaci\u00f3n mec\u00e1nica y 5mil 393 defunciones. \u201cNunca como hoy hay comercio ambulante en las calles, en los mercados, est\u00e1 desbordado y sin control, llamo al ayuntamiento a asumir su responsabilidad para regular el comercio en las calles (&#8230;) para nosotros ya no estamos en amarillo, estamos en naranja, y si bien, las medidas que tomamos fue preservarnos como si estuvi\u00e9ramos en naranja tenemos que revisar todas las autorizaciones sobre la reapertura, no estoy hablando de cerrar, sino de cuidar cada una de las medidas\u201d, acot\u00f3. Descart\u00f3 cierres de negocios o una pausa en las actividades de entretenimiento, tal y como sucedi\u00f3 al inicio de la pandemia, pero, acept\u00f3 que est\u00e1 preocupado por la capital, ya que, con base en sus estudios, el municipio de Puebla es el centro de los contagios y todas las dem\u00e1s regiones est\u00e1n en amarrillo estable. Para finalizar anunci\u00f3 que el 4 de diciembre ser\u00e1 cuando d\u00e9 a conocer las nuevas medidas ante este anuncio. \u201cHay empresarios que dicen que nunca hab\u00eda habido tanto comercio ambulante como el d\u00eda de hoy y esto no fue lo que prometimos en campa\u00f1a, as\u00ed es que es una causa de riesgo enorme para el contagio del Covid, que est\u00e1 generando un crecimiento preocupante y por eso debemos tomar medidas\u201d, concluy\u00f3. SEM\u00c1FORO DIFIERE AL DE LA FEDERACI\u00d3N De acuerdo con el sem\u00e1foro epidemiol\u00f3gico federal, el estado de Puebla se encuentra en color amarillo, empero, con lo anterior, se mantendr\u00e1n las medidas preventivas para el color naranja. Es decir, que adem\u00e1s de las actividades econ\u00f3micas esenciales, se permitir\u00e1 que las empresas de las actividades econ\u00f3micas no esenciales trabajen con el 30 por ciento del personal para su funcionamiento, siempre tomando en cuenta las medidas de cuidado m\u00e1ximo para las personas con mayor riesgo de presentar un cuadro grave y se abrir\u00e1n los espacios p\u00fablicos abiertos con un aforo reducido. No es la primera vez que la administraci\u00f3n difiere con el sem\u00e1foro nacional, pues cuando se anunci\u00f3 que la entidad pasar\u00eda de rojo a naranja, el mandatario inform\u00f3 que en Puebla se seguir\u00edan con las mismas medidas para no incrementar los contagios. De igual modo, han variado las cifras de defunciones por coronavirus entre la Federaci\u00f3n y el Estado. INVIABLE REGRESAR A CLASES PRESENCIALES \u201cNo es viable regresar a las clases presenciales para enero\u201d, as\u00ed lo consider\u00f3 el gobernador, Miguel Barbosa Huerta, quien aprovech\u00f3 para mencionar que por los n\u00fameros antes mencionados esto est\u00e1 descartado. \u201cTomamos nuestras decisiones con mucha cautela y responsabilidad no para que nos aplaudan ni para que piensen que en el estado las cosas son mejores, pero cada quien decide y se responsabiliza por su gente y su pueblo (\u2026) respeto las decisiones de cada estado, pero si estamos hablando de salud y vida de los estudiantes\u201d. Lament\u00f3 que el gobierno de Jalisco quiera regresar a clases para el pr\u00f3ximo 25 de enero, pues, desde su \u00f3ptica, no existen las condiciones y esto podr\u00eda dar como resultado m\u00e1s contagios, as\u00ed como fallecimientos. En suma, opin\u00f3 que los estados no pueden tomar esta decisi\u00f3n sin \u201csaltarse\u201d a la federaci\u00f3n, ya que podr\u00edan caer en una controversia constitucional. \u201cLos gobiernos estatales tienen estilos, visiones, estrategias en la toma de sus decisiones, yo he observado que en Jalisco se toman decisiones como un c\u00e1lculo medi\u00e1tico, s\u00f3lo voy a decir eso (\u2026) Jalisco est\u00e1 en sem\u00e1foro naranja, as\u00ed que esa decisi\u00f3n puede traer muchos riesgos\u201d, comparti\u00f3. NO HAN RECIBIDO POR PARTE DE LA FEDERACI\u00d3N NINGUNA INDICACI\u00d3N PARA C\u00c1MARAS DE FRIO Tambi\u00e9n inform\u00f3 que no han recibido por parte de la federaci\u00f3n ninguna indicaci\u00f3n o llamado para poder revisar sus c\u00e1maras de frio, pero en Puebla ya se est\u00e1 haciendo esto para no \u201cimprovisar\u201d cuando lleguen las vacunas para el Covid-19. \u201cTenemos asesores en salud p\u00fablica y ellos est\u00e1n previendo esto, el tema de la llegada de las vacunas, no es una bodega cualquiera, son c\u00e1maras de frio, o no se cuales son las condiciones de cada vacuna y arca en materia de estar preservada (\u2026) est\u00e1 complicado por eso no va ser as\u00ed en autom\u00e1tico\u201d. PIDE SEGOM QUE SE EMITA UN DECRETO El titular de la Secretar\u00eda de Gobernaci\u00f3n Municipal, Ren\u00e9 S\u00e1nchez Galindo asever\u00f3 que es momento de que el gobierno del estado emita un decreto en materia de control para el comercio de la v\u00eda p\u00fablica, pues hasta el momento se han regulado otras actividades, dejando de lado este sector. \u201cLleg\u00f3 el momento de emitir un decreto en materia de comercio en la v\u00eda p\u00fablica, porque las actividades han sido reguladas por las autoridades sanitarias, pero la actividad del comercio de la v\u00eda p\u00fablica no lo ha sido, los decretos se han enfocado en otra cosa y ya necesitamos ese marco jur\u00eddico que la autoridad sanitaria estatal se refiere a este tema para que nosotros podamos ejecutar estos decretos\u201d, dijo. A trav\u00e9s de un video difundido en las redes sociales de la Segom, el funcionario municipal inform\u00f3 que el Ayuntamiento de Puebla acatar\u00e1 las medidas sanitarias\" \/>\n<meta property=\"og:url\" content=\"https:\/\/ferabrajan.com\/portal\/2020\/12\/04\/regresa-el-gobernador-a-puebla-a-semaforo-naranja-responsabiliza-al-ambulantaje\/\" \/>\n<meta property=\"og:site_name\" content=\"Fer Abrajan\" \/>\n<meta property=\"article:publisher\" content=\"https:\/\/www.facebook.com\/NoticiasconFerAbrajan\/\" \/>\n<meta property=\"article:published_time\" content=\"2020-12-04T11:00:00+00:00\" \/>\n<meta name=\"author\" content=\"admin\" \/>\n<meta name=\"twitter:card\" content=\"summary_large_image\" \/>\n<meta name=\"twitter:creator\" content=\"@ferabrajan1\" \/>\n<meta name=\"twitter:site\" content=\"@ferabrajan1\" \/>\n<meta name=\"twitter:label1\" content=\"Escrito por\" \/>\n\t<meta name=\"twitter:data1\" content=\"admin\" \/>\n\t<meta name=\"twitter:label2\" content=\"Tiempo de lectura\" \/>\n\t<meta name=\"twitter:data2\" content=\"7 minutos\" \/>\n<script type=\"application\/ld+json\" class=\"yoast-schema-graph\">{\"@context\":\"https:\\\/\\\/schema.org\",\"@graph\":[{\"@type\":\"Article\",\"@id\":\"https:\\\/\\\/ferabrajan.com\\\/portal\\\/2020\\\/12\\\/04\\\/regresa-el-gobernador-a-puebla-a-semaforo-naranja-responsabiliza-al-ambulantaje\\\/#article\",\"isPartOf\":{\"@id\":\"https:\\\/\\\/ferabrajan.com\\\/portal\\\/2020\\\/12\\\/04\\\/regresa-el-gobernador-a-puebla-a-semaforo-naranja-responsabiliza-al-ambulantaje\\\/\"},\"author\":{\"name\":\"admin\",\"@id\":\"https:\\\/\\\/ferabrajan.com\\\/portal\\\/#\\\/schema\\\/person\\\/f6113b3cb1e036d5c6a9505685b257ba\"},\"headline\":\"Regresa el gobernador a Puebla a sem\u00e1foro naranja, responsabiliza al ambulantaje\",\"datePublished\":\"2020-12-04T11:00:00+00:00\",\"mainEntityOfPage\":{\"@id\":\"https:\\\/\\\/ferabrajan.com\\\/portal\\\/2020\\\/12\\\/04\\\/regresa-el-gobernador-a-puebla-a-semaforo-naranja-responsabiliza-al-ambulantaje\\\/\"},\"wordCount\":1326,\"publisher\":{\"@id\":\"https:\\\/\\\/ferabrajan.com\\\/portal\\\/#organization\"},\"image\":{\"@id\":\"https:\\\/\\\/ferabrajan.com\\\/portal\\\/2020\\\/12\\\/04\\\/regresa-el-gobernador-a-puebla-a-semaforo-naranja-responsabiliza-al-ambulantaje\\\/#primaryimage\"},\"thumbnailUrl\":\"\",\"articleSection\":[\"Local\",\"Puebla\"],\"inLanguage\":\"es\"},{\"@type\":\"WebPage\",\"@id\":\"https:\\\/\\\/ferabrajan.com\\\/portal\\\/2020\\\/12\\\/04\\\/regresa-el-gobernador-a-puebla-a-semaforo-naranja-responsabiliza-al-ambulantaje\\\/\",\"url\":\"https:\\\/\\\/ferabrajan.com\\\/portal\\\/2020\\\/12\\\/04\\\/regresa-el-gobernador-a-puebla-a-semaforo-naranja-responsabiliza-al-ambulantaje\\\/\",\"name\":\"Regresa el gobernador a Puebla a sem\u00e1foro naranja, responsabiliza al ambulantaje - Fer Abrajan\",\"isPartOf\":{\"@id\":\"https:\\\/\\\/ferabrajan.com\\\/portal\\\/#website\"},\"primaryImageOfPage\":{\"@id\":\"https:\\\/\\\/ferabrajan.com\\\/portal\\\/2020\\\/12\\\/04\\\/regresa-el-gobernador-a-puebla-a-semaforo-naranja-responsabiliza-al-ambulantaje\\\/#primaryimage\"},\"image\":{\"@id\":\"https:\\\/\\\/ferabrajan.com\\\/portal\\\/2020\\\/12\\\/04\\\/regresa-el-gobernador-a-puebla-a-semaforo-naranja-responsabiliza-al-ambulantaje\\\/#primaryimage\"},\"thumbnailUrl\":\"\",\"datePublished\":\"2020-12-04T11:00:00+00:00\",\"breadcrumb\":{\"@id\":\"https:\\\/\\\/ferabrajan.com\\\/portal\\\/2020\\\/12\\\/04\\\/regresa-el-gobernador-a-puebla-a-semaforo-naranja-responsabiliza-al-ambulantaje\\\/#breadcrumb\"},\"inLanguage\":\"es\",\"potentialAction\":[{\"@type\":\"ReadAction\",\"target\":[\"https:\\\/\\\/ferabrajan.com\\\/portal\\\/2020\\\/12\\\/04\\\/regresa-el-gobernador-a-puebla-a-semaforo-naranja-responsabiliza-al-ambulantaje\\\/\"]}]},{\"@type\":\"ImageObject\",\"inLanguage\":\"es\",\"@id\":\"https:\\\/\\\/ferabrajan.com\\\/portal\\\/2020\\\/12\\\/04\\\/regresa-el-gobernador-a-puebla-a-semaforo-naranja-responsabiliza-al-ambulantaje\\\/#primaryimage\",\"url\":\"\",\"contentUrl\":\"\"},{\"@type\":\"BreadcrumbList\",\"@id\":\"https:\\\/\\\/ferabrajan.com\\\/portal\\\/2020\\\/12\\\/04\\\/regresa-el-gobernador-a-puebla-a-semaforo-naranja-responsabiliza-al-ambulantaje\\\/#breadcrumb\",\"itemListElement\":[{\"@type\":\"ListItem\",\"position\":1,\"name\":\"Portada\",\"item\":\"https:\\\/\\\/ferabrajan.com\\\/portal\\\/\"},{\"@type\":\"ListItem\",\"position\":2,\"name\":\"Regresa el gobernador a Puebla a sem\u00e1foro naranja, responsabiliza al ambulantaje\"}]},{\"@type\":\"WebSite\",\"@id\":\"https:\\\/\\\/ferabrajan.com\\\/portal\\\/#website\",\"url\":\"https:\\\/\\\/ferabrajan.com\\\/portal\\\/\",\"name\":\"Fer Abrajan\",\"description\":\"Noticias de Puebla, opini\u00f3n y radio en vivo\",\"publisher\":{\"@id\":\"https:\\\/\\\/ferabrajan.com\\\/portal\\\/#organization\"},\"potentialAction\":[{\"@type\":\"SearchAction\",\"target\":{\"@type\":\"EntryPoint\",\"urlTemplate\":\"https:\\\/\\\/ferabrajan.com\\\/portal\\\/?s={search_term_string}\"},\"query-input\":{\"@type\":\"PropertyValueSpecification\",\"valueRequired\":true,\"valueName\":\"search_term_string\"}}],\"inLanguage\":\"es\"},{\"@type\":\"Organization\",\"@id\":\"https:\\\/\\\/ferabrajan.com\\\/portal\\\/#organization\",\"name\":\"Fer Abrajan\",\"url\":\"https:\\\/\\\/ferabrajan.com\\\/portal\\\/\",\"logo\":{\"@type\":\"ImageObject\",\"inLanguage\":\"es\",\"@id\":\"https:\\\/\\\/ferabrajan.com\\\/portal\\\/#\\\/schema\\\/logo\\\/image\\\/\",\"url\":\"https:\\\/\\\/ferabrajan.com\\\/portal\\\/wp-content\\\/uploads\\\/2024\\\/10\\\/cropped-logo.jpeg\",\"contentUrl\":\"https:\\\/\\\/ferabrajan.com\\\/portal\\\/wp-content\\\/uploads\\\/2024\\\/10\\\/cropped-logo.jpeg\",\"width\":500,\"height\":250,\"caption\":\"Fer Abrajan\"},\"image\":{\"@id\":\"https:\\\/\\\/ferabrajan.com\\\/portal\\\/#\\\/schema\\\/logo\\\/image\\\/\"},\"sameAs\":[\"https:\\\/\\\/www.facebook.com\\\/NoticiasconFerAbrajan\\\/\",\"https:\\\/\\\/x.com\\\/ferabrajan1\"]},{\"@type\":\"Person\",\"@id\":\"https:\\\/\\\/ferabrajan.com\\\/portal\\\/#\\\/schema\\\/person\\\/f6113b3cb1e036d5c6a9505685b257ba\",\"name\":\"admin\",\"image\":{\"@type\":\"ImageObject\",\"inLanguage\":\"es\",\"@id\":\"https:\\\/\\\/secure.gravatar.com\\\/avatar\\\/072baa72775aad53c748dfc5d3048578e01b6c087eef335459ebfa04344e2d18?s=96&d=mm&r=g\",\"url\":\"https:\\\/\\\/secure.gravatar.com\\\/avatar\\\/072baa72775aad53c748dfc5d3048578e01b6c087eef335459ebfa04344e2d18?s=96&d=mm&r=g\",\"contentUrl\":\"https:\\\/\\\/secure.gravatar.com\\\/avatar\\\/072baa72775aad53c748dfc5d3048578e01b6c087eef335459ebfa04344e2d18?s=96&d=mm&r=g\",\"caption\":\"admin\"},\"sameAs\":[\"https:\\\/\\\/ferabrajan.com\\\/portal\"],\"url\":\"https:\\\/\\\/ferabrajan.com\\\/portal\\\/author\\\/admin\\\/\"}]}<\/script>\n<!-- \/ Yoast SEO plugin. -->","yoast_head_json":{"title":"Regresa el gobernador a Puebla a sem\u00e1foro naranja, responsabiliza al ambulantaje - Fer Abrajan","robots":{"index":"index","follow":"follow","max-snippet":"max-snippet:-1","max-image-preview":"max-image-preview:large","max-video-preview":"max-video-preview:-1"},"canonical":"https:\/\/ferabrajan.com\/portal\/2020\/12\/04\/regresa-el-gobernador-a-puebla-a-semaforo-naranja-responsabiliza-al-ambulantaje\/","og_locale":"es_ES","og_type":"article","og_title":"Regresa el gobernador a Puebla a sem\u00e1foro naranja, responsabiliza al ambulantaje - Fer Abrajan","og_description":"Ante el incremento de contagios en Puebla y principalmente en la capital el Gobierno del Estado determin\u00f3 cambiar el color de su indicador epidemiol\u00f3gico de amarillo a naranja, medida que ha adoptado el gobierno estatal bajo sus propios n\u00fameros y que no necesariamente coincide con el sem\u00e1foro federal. \u201cEl alza de contagios es muy preocupante, derivada del aumento en movilidad y del comercio ambulante desbordado y sin control en Puebla Capital. Para el gobierno de Puebla no estamos en amarillo, estamos en naranja y anunciaremos nuevas medidas, no podemos ser indiferentes\u201d, declar\u00f3 al respecto el gobernador Luis Miguel Barbosa. En su habitual conferencia matutina, el mandatario pidi\u00f3 al Ayuntamiento de Puebla, encabezado por Claudia Rivera Vivanco, que regule el comercio en las calles, pues considera que el alza de contagios por Covid-19, se debe al ambulantaje. Incluso mencion\u00f3 que la entidad regresara a color naranja ya que para este 3 de diciembre las cifras fueron las siguientes: 42 mil 267 contagios positivos, mil 27 casos activos en 57 municipios, 442 personas hospitalizadas, 82 con ventilaci\u00f3n mec\u00e1nica y 5mil 393 defunciones. \u201cNunca como hoy hay comercio ambulante en las calles, en los mercados, est\u00e1 desbordado y sin control, llamo al ayuntamiento a asumir su responsabilidad para regular el comercio en las calles (&#8230;) para nosotros ya no estamos en amarillo, estamos en naranja, y si bien, las medidas que tomamos fue preservarnos como si estuvi\u00e9ramos en naranja tenemos que revisar todas las autorizaciones sobre la reapertura, no estoy hablando de cerrar, sino de cuidar cada una de las medidas\u201d, acot\u00f3. Descart\u00f3 cierres de negocios o una pausa en las actividades de entretenimiento, tal y como sucedi\u00f3 al inicio de la pandemia, pero, acept\u00f3 que est\u00e1 preocupado por la capital, ya que, con base en sus estudios, el municipio de Puebla es el centro de los contagios y todas las dem\u00e1s regiones est\u00e1n en amarrillo estable. Para finalizar anunci\u00f3 que el 4 de diciembre ser\u00e1 cuando d\u00e9 a conocer las nuevas medidas ante este anuncio. \u201cHay empresarios que dicen que nunca hab\u00eda habido tanto comercio ambulante como el d\u00eda de hoy y esto no fue lo que prometimos en campa\u00f1a, as\u00ed es que es una causa de riesgo enorme para el contagio del Covid, que est\u00e1 generando un crecimiento preocupante y por eso debemos tomar medidas\u201d, concluy\u00f3. SEM\u00c1FORO DIFIERE AL DE LA FEDERACI\u00d3N De acuerdo con el sem\u00e1foro epidemiol\u00f3gico federal, el estado de Puebla se encuentra en color amarillo, empero, con lo anterior, se mantendr\u00e1n las medidas preventivas para el color naranja. Es decir, que adem\u00e1s de las actividades econ\u00f3micas esenciales, se permitir\u00e1 que las empresas de las actividades econ\u00f3micas no esenciales trabajen con el 30 por ciento del personal para su funcionamiento, siempre tomando en cuenta las medidas de cuidado m\u00e1ximo para las personas con mayor riesgo de presentar un cuadro grave y se abrir\u00e1n los espacios p\u00fablicos abiertos con un aforo reducido. No es la primera vez que la administraci\u00f3n difiere con el sem\u00e1foro nacional, pues cuando se anunci\u00f3 que la entidad pasar\u00eda de rojo a naranja, el mandatario inform\u00f3 que en Puebla se seguir\u00edan con las mismas medidas para no incrementar los contagios. De igual modo, han variado las cifras de defunciones por coronavirus entre la Federaci\u00f3n y el Estado. INVIABLE REGRESAR A CLASES PRESENCIALES \u201cNo es viable regresar a las clases presenciales para enero\u201d, as\u00ed lo consider\u00f3 el gobernador, Miguel Barbosa Huerta, quien aprovech\u00f3 para mencionar que por los n\u00fameros antes mencionados esto est\u00e1 descartado. \u201cTomamos nuestras decisiones con mucha cautela y responsabilidad no para que nos aplaudan ni para que piensen que en el estado las cosas son mejores, pero cada quien decide y se responsabiliza por su gente y su pueblo (\u2026) respeto las decisiones de cada estado, pero si estamos hablando de salud y vida de los estudiantes\u201d. Lament\u00f3 que el gobierno de Jalisco quiera regresar a clases para el pr\u00f3ximo 25 de enero, pues, desde su \u00f3ptica, no existen las condiciones y esto podr\u00eda dar como resultado m\u00e1s contagios, as\u00ed como fallecimientos. En suma, opin\u00f3 que los estados no pueden tomar esta decisi\u00f3n sin \u201csaltarse\u201d a la federaci\u00f3n, ya que podr\u00edan caer en una controversia constitucional. \u201cLos gobiernos estatales tienen estilos, visiones, estrategias en la toma de sus decisiones, yo he observado que en Jalisco se toman decisiones como un c\u00e1lculo medi\u00e1tico, s\u00f3lo voy a decir eso (\u2026) Jalisco est\u00e1 en sem\u00e1foro naranja, as\u00ed que esa decisi\u00f3n puede traer muchos riesgos\u201d, comparti\u00f3. NO HAN RECIBIDO POR PARTE DE LA FEDERACI\u00d3N NINGUNA INDICACI\u00d3N PARA C\u00c1MARAS DE FRIO Tambi\u00e9n inform\u00f3 que no han recibido por parte de la federaci\u00f3n ninguna indicaci\u00f3n o llamado para poder revisar sus c\u00e1maras de frio, pero en Puebla ya se est\u00e1 haciendo esto para no \u201cimprovisar\u201d cuando lleguen las vacunas para el Covid-19. \u201cTenemos asesores en salud p\u00fablica y ellos est\u00e1n previendo esto, el tema de la llegada de las vacunas, no es una bodega cualquiera, son c\u00e1maras de frio, o no se cuales son las condiciones de cada vacuna y arca en materia de estar preservada (\u2026) est\u00e1 complicado por eso no va ser as\u00ed en autom\u00e1tico\u201d. PIDE SEGOM QUE SE EMITA UN DECRETO El titular de la Secretar\u00eda de Gobernaci\u00f3n Municipal, Ren\u00e9 S\u00e1nchez Galindo asever\u00f3 que es momento de que el gobierno del estado emita un decreto en materia de control para el comercio de la v\u00eda p\u00fablica, pues hasta el momento se han regulado otras actividades, dejando de lado este sector. \u201cLleg\u00f3 el momento de emitir un decreto en materia de comercio en la v\u00eda p\u00fablica, porque las actividades han sido reguladas por las autoridades sanitarias, pero la actividad del comercio de la v\u00eda p\u00fablica no lo ha sido, los decretos se han enfocado en otra cosa y ya necesitamos ese marco jur\u00eddico que la autoridad sanitaria estatal se refiere a este tema para que nosotros podamos ejecutar estos decretos\u201d, dijo. A trav\u00e9s de un video difundido en las redes sociales de la Segom, el funcionario municipal inform\u00f3 que el Ayuntamiento de Puebla acatar\u00e1 las medidas sanitarias","og_url":"https:\/\/ferabrajan.com\/portal\/2020\/12\/04\/regresa-el-gobernador-a-puebla-a-semaforo-naranja-responsabiliza-al-ambulantaje\/","og_site_name":"Fer Abrajan","article_publisher":"https:\/\/www.facebook.com\/NoticiasconFerAbrajan\/","article_published_time":"2020-12-04T11:00:00+00:00","author":"admin","twitter_card":"summary_large_image","twitter_creator":"@ferabrajan1","twitter_site":"@ferabrajan1","twitter_misc":{"Escrito por":"admin","Tiempo de lectura":"7 minutos"},"schema":{"@context":"https:\/\/schema.org","@graph":[{"@type":"Article","@id":"https:\/\/ferabrajan.com\/portal\/2020\/12\/04\/regresa-el-gobernador-a-puebla-a-semaforo-naranja-responsabiliza-al-ambulantaje\/#article","isPartOf":{"@id":"https:\/\/ferabrajan.com\/portal\/2020\/12\/04\/regresa-el-gobernador-a-puebla-a-semaforo-naranja-responsabiliza-al-ambulantaje\/"},"author":{"name":"admin","@id":"https:\/\/ferabrajan.com\/portal\/#\/schema\/person\/f6113b3cb1e036d5c6a9505685b257ba"},"headline":"Regresa el gobernador a Puebla a sem\u00e1foro naranja, responsabiliza al ambulantaje","datePublished":"2020-12-04T11:00:00+00:00","mainEntityOfPage":{"@id":"https:\/\/ferabrajan.com\/portal\/2020\/12\/04\/regresa-el-gobernador-a-puebla-a-semaforo-naranja-responsabiliza-al-ambulantaje\/"},"wordCount":1326,"publisher":{"@id":"https:\/\/ferabrajan.com\/portal\/#organization"},"image":{"@id":"https:\/\/ferabrajan.com\/portal\/2020\/12\/04\/regresa-el-gobernador-a-puebla-a-semaforo-naranja-responsabiliza-al-ambulantaje\/#primaryimage"},"thumbnailUrl":"","articleSection":["Local","Puebla"],"inLanguage":"es"},{"@type":"WebPage","@id":"https:\/\/ferabrajan.com\/portal\/2020\/12\/04\/regresa-el-gobernador-a-puebla-a-semaforo-naranja-responsabiliza-al-ambulantaje\/","url":"https:\/\/ferabrajan.com\/portal\/2020\/12\/04\/regresa-el-gobernador-a-puebla-a-semaforo-naranja-responsabiliza-al-ambulantaje\/","name":"Regresa el gobernador a Puebla a sem\u00e1foro naranja, responsabiliza al ambulantaje - Fer Abrajan","isPartOf":{"@id":"https:\/\/ferabrajan.com\/portal\/#website"},"primaryImageOfPage":{"@id":"https:\/\/ferabrajan.com\/portal\/2020\/12\/04\/regresa-el-gobernador-a-puebla-a-semaforo-naranja-responsabiliza-al-ambulantaje\/#primaryimage"},"image":{"@id":"https:\/\/ferabrajan.com\/portal\/2020\/12\/04\/regresa-el-gobernador-a-puebla-a-semaforo-naranja-responsabiliza-al-ambulantaje\/#primaryimage"},"thumbnailUrl":"","datePublished":"2020-12-04T11:00:00+00:00","breadcrumb":{"@id":"https:\/\/ferabrajan.com\/portal\/2020\/12\/04\/regresa-el-gobernador-a-puebla-a-semaforo-naranja-responsabiliza-al-ambulantaje\/#breadcrumb"},"inLanguage":"es","potentialAction":[{"@type":"ReadAction","target":["https:\/\/ferabrajan.com\/portal\/2020\/12\/04\/regresa-el-gobernador-a-puebla-a-semaforo-naranja-responsabiliza-al-ambulantaje\/"]}]},{"@type":"ImageObject","inLanguage":"es","@id":"https:\/\/ferabrajan.com\/portal\/2020\/12\/04\/regresa-el-gobernador-a-puebla-a-semaforo-naranja-responsabiliza-al-ambulantaje\/#primaryimage","url":"","contentUrl":""},{"@type":"BreadcrumbList","@id":"https:\/\/ferabrajan.com\/portal\/2020\/12\/04\/regresa-el-gobernador-a-puebla-a-semaforo-naranja-responsabiliza-al-ambulantaje\/#breadcrumb","itemListElement":[{"@type":"ListItem","position":1,"name":"Portada","item":"https:\/\/ferabrajan.com\/portal\/"},{"@type":"ListItem","position":2,"name":"Regresa el gobernador a Puebla a sem\u00e1foro naranja, responsabiliza al ambulantaje"}]},{"@type":"WebSite","@id":"https:\/\/ferabrajan.com\/portal\/#website","url":"https:\/\/ferabrajan.com\/portal\/","name":"Fer Abrajan","description":"Noticias de Puebla, opini\u00f3n y radio en vivo","publisher":{"@id":"https:\/\/ferabrajan.com\/portal\/#organization"},"potentialAction":[{"@type":"SearchAction","target":{"@type":"EntryPoint","urlTemplate":"https:\/\/ferabrajan.com\/portal\/?s={search_term_string}"},"query-input":{"@type":"PropertyValueSpecification","valueRequired":true,"valueName":"search_term_string"}}],"inLanguage":"es"},{"@type":"Organization","@id":"https:\/\/ferabrajan.com\/portal\/#organization","name":"Fer Abrajan","url":"https:\/\/ferabrajan.com\/portal\/","logo":{"@type":"ImageObject","inLanguage":"es","@id":"https:\/\/ferabrajan.com\/portal\/#\/schema\/logo\/image\/","url":"https:\/\/ferabrajan.com\/portal\/wp-content\/uploads\/2024\/10\/cropped-logo.jpeg","contentUrl":"https:\/\/ferabrajan.com\/portal\/wp-content\/uploads\/2024\/10\/cropped-logo.jpeg","width":500,"height":250,"caption":"Fer Abrajan"},"image":{"@id":"https:\/\/ferabrajan.com\/portal\/#\/schema\/logo\/image\/"},"sameAs":["https:\/\/www.facebook.com\/NoticiasconFerAbrajan\/","https:\/\/x.com\/ferabrajan1"]},{"@type":"Person","@id":"https:\/\/ferabrajan.com\/portal\/#\/schema\/person\/f6113b3cb1e036d5c6a9505685b257ba","name":"admin","image":{"@type":"ImageObject","inLanguage":"es","@id":"https:\/\/secure.gravatar.com\/avatar\/072baa72775aad53c748dfc5d3048578e01b6c087eef335459ebfa04344e2d18?s=96&d=mm&r=g","url":"https:\/\/secure.gravatar.com\/avatar\/072baa72775aad53c748dfc5d3048578e01b6c087eef335459ebfa04344e2d18?s=96&d=mm&r=g","contentUrl":"https:\/\/secure.gravatar.com\/avatar\/072baa72775aad53c748dfc5d3048578e01b6c087eef335459ebfa04344e2d18?s=96&d=mm&r=g","caption":"admin"},"sameAs":["https:\/\/ferabrajan.com\/portal"],"url":"https:\/\/ferabrajan.com\/portal\/author\/admin\/"}]}},"_links":{"self":[{"href":"https:\/\/ferabrajan.com\/portal\/wp-json\/wp\/v2\/posts\/22147","targetHints":{"allow":["GET"]}}],"collection":[{"href":"https:\/\/ferabrajan.com\/portal\/wp-json\/wp\/v2\/posts"}],"about":[{"href":"https:\/\/ferabrajan.com\/portal\/wp-json\/wp\/v2\/types\/post"}],"author":[{"embeddable":true,"href":"https:\/\/ferabrajan.com\/portal\/wp-json\/wp\/v2\/users\/1"}],"replies":[{"embeddable":true,"href":"https:\/\/ferabrajan.com\/portal\/wp-json\/wp\/v2\/comments?post=22147"}],"version-history":[{"count":0,"href":"https:\/\/ferabrajan.com\/portal\/wp-json\/wp\/v2\/posts\/22147\/revisions"}],"wp:attachment":[{"href":"https:\/\/ferabrajan.com\/portal\/wp-json\/wp\/v2\/media?parent=22147"}],"wp:term":[{"taxonomy":"category","embeddable":true,"href":"https:\/\/ferabrajan.com\/portal\/wp-json\/wp\/v2\/categories?post=22147"},{"taxonomy":"post_tag","embeddable":true,"href":"https:\/\/ferabrajan.com\/portal\/wp-json\/wp\/v2\/tags?post=22147"}],"curies":[{"name":"wp","href":"https:\/\/api.w.org\/{rel}","templated":true}]}}