{"id":22136,"date":"2020-12-04T03:32:06","date_gmt":"2020-12-04T03:32:06","guid":{"rendered":"http:\/\/www.ferabrajan.com\/?p=22136"},"modified":"2020-12-04T03:32:06","modified_gmt":"2020-12-04T03:32:06","slug":"eligen-a-los-ganadores-de-la-presea-luis-rivera-terrazas-2020","status":"publish","type":"post","link":"https:\/\/ferabrajan.com\/portal\/2020\/12\/04\/eligen-a-los-ganadores-de-la-presea-luis-rivera-terrazas-2020\/","title":{"rendered":"Eligen a los ganadores de la Presea Luis Rivera Terrazas 2020"},"content":{"rendered":"<p class=\"x_MsoNormal\"><span lang=\"ES\">La Comisi\u00f3n de Ciencia y Tecnolog\u00eda del Congreso del Estado aprob\u00f3 por unanimidad la lista de los acad\u00e9micos e investigadores que cumplieron y acreditaron todos los requisitos de la convocatoria y obtuvieron las m\u00e1s altas calificaciones en el an\u00e1lisis que llev\u00f3 a cabo el comit\u00e9 evaluador y que los hace ganadores a obtener la Presea Estatal de Ciencia y Tecnolog\u00eda \u201cLuis Rivera Terrazas\u201d correspondiente al a\u00f1o 2020.<\/span><\/p>\n<p class=\"x_MsoNormal\">Los ganadores son los siguientes de acuerdo a cada categor\u00eda:<\/p>\n<p class=\"x_MsoNormal\"><span lang=\"ES\">1.- Investigaci\u00f3n, Ciencias B\u00e1sicas y Humanidades, en el \u00e1rea de F\u00edsico Matem\u00e1ticas, Ciencias de la Tierra, e Ingenier\u00eda, los ganadores son:<\/span><\/p>\n<p class=\"x_gmail-MsoListParagraphCxSpFirst\"><span lang=\"ES\">\u00b7\u00a0\u00a0\u00a0\u00a0\u00a0\u00a0\u00a0\u00a0\u00a0<\/span><span lang=\"ES\">Alberto Escalante Hern\u00e1ndez de la BUAP<\/span><\/p>\n<p class=\"x_gmail-MsoListParagraphCxSpLast\"><span lang=\"ES\">\u00b7\u00a0\u00a0\u00a0\u00a0\u00a0\u00a0\u00a0\u00a0\u00a0<\/span><span lang=\"ES\">Jos\u00e9 Luis Olvera Cervantes del INAOE<\/span><\/p>\n<p class=\"x_MsoNormal\"><span lang=\"ES\">2.- Biolog\u00eda, Qu\u00edmica, Ciencias de la Vida, Biotecnolog\u00eda, Ciencias Agropecuarias, Medicina y Ciencias de la Salud.<\/span><\/p>\n<p class=\"x_gmail-MsoListParagraph\"><span lang=\"ES\">\u00b7\u00a0\u00a0\u00a0\u00a0\u00a0\u00a0\u00a0\u00a0\u00a0<\/span><span lang=\"ES\">Guillermo Alfonso Woolrich Pi\u00f1a del Instituto Tecnol\u00f3gico Superior de Zacapoaxtla<\/span><\/p>\n<p class=\"x_MsoNormal\"><span lang=\"ES\">3.- Ciencias Sociales, Humanidades y Ciencias de la Conducta<\/span><\/p>\n<p class=\"x_gmail-MsoListParagraph\"><span lang=\"ES\">\u00b7\u00a0\u00a0\u00a0\u00a0\u00a0\u00a0\u00a0\u00a0\u00a0<\/span><span lang=\"ES\">Arturo Aguirre Moreno de la BUAP<\/span><\/p>\n<p class=\"x_MsoNormal\"><span lang=\"ES\">4.- Desarrollo Tecnol\u00f3gico e Investigaci\u00f3n Aplicada, Innovaci\u00f3n, Dise\u00f1o, Ingenier\u00edas, Ambiente y Desarrollo Sustentable, Energ\u00edas Renovables, Humanidades, Alimentos y Agroindustrias<\/span><\/p>\n<p class=\"x_MsoNormal\"><span lang=\"ES\">\u00a0<\/span><span lang=\"ES\">\u00b7\u00a0\u00a0\u00a0\u00a0\u00a0\u00a0\u00a0\u00a0\u00a0<\/span><span lang=\"ES\">Se declar\u00f3 desierta<\/span><\/p>\n<p class=\"x_MsoNormal\"><span lang=\"ES\">\u00a0<\/span><span lang=\"ES\">5.- Divulgaci\u00f3n de la Tecnolog\u00eda y de la Ciencia, dentro del \u00e1rea de Tecnolog\u00eda, Ciencias Exactas, Naturales y Humanidades.<\/span><\/p>\n<p class=\"x_MsoNormal\"><span lang=\"ES\">\u00a0 \u00a0 \u00a0 \u00a0 \u00a0<\/span><span lang=\"ES\">Oswaldo Erick Ram\u00edrez Bravo de la BUAP.<\/span><\/p>\n<p>Luego de haber sido aprobado por unanimidad el Acuerdo por los Integrantes de la Comisi\u00f3n de Ciencia y Tecnolog\u00eda, turnaron la Dictaminaci\u00f3n a la Junta de Gobierno y Coordinaci\u00f3n Pol\u00edtica para su conocimiento y a su vez, solicitar a este grupo colegiado y a la presidenta de la Mesa Directiva, fijar la fecha y la hora para el desarrollo de la Sesi\u00f3n Solemne para la entrega de medallas y reconocimientos a los ganadores.<\/p>\n","protected":false},"excerpt":{"rendered":"<p>La Comisi\u00f3n de Ciencia y Tecnolog\u00eda del Congreso del Estado aprob\u00f3 por unanimidad la lista de los acad\u00e9micos e investigadores que cumplieron y acreditaron todos los requisitos de la convocatoria y obtuvieron las m\u00e1s altas calificaciones en el an\u00e1lisis que llev\u00f3 a cabo el comit\u00e9 evaluador y que los hace ganadores a obtener la Presea Estatal de Ciencia y Tecnolog\u00eda \u201cLuis Rivera Terrazas\u201d correspondiente al a\u00f1o 2020. Los ganadores son los siguientes de acuerdo a cada categor\u00eda: 1.- Investigaci\u00f3n, Ciencias B\u00e1sicas y Humanidades, en el \u00e1rea de F\u00edsico Matem\u00e1ticas, Ciencias de la Tierra, e Ingenier\u00eda, los ganadores son: \u00b7\u00a0\u00a0\u00a0\u00a0\u00a0\u00a0\u00a0\u00a0\u00a0Alberto Escalante Hern\u00e1ndez de la BUAP \u00b7\u00a0\u00a0\u00a0\u00a0\u00a0\u00a0\u00a0\u00a0\u00a0Jos\u00e9 Luis Olvera Cervantes del INAOE 2.- Biolog\u00eda, Qu\u00edmica, Ciencias de la Vida, Biotecnolog\u00eda, Ciencias Agropecuarias, Medicina y Ciencias de la Salud. \u00b7\u00a0\u00a0\u00a0\u00a0\u00a0\u00a0\u00a0\u00a0\u00a0Guillermo Alfonso Woolrich Pi\u00f1a del Instituto Tecnol\u00f3gico Superior de Zacapoaxtla 3.- Ciencias Sociales, Humanidades y Ciencias de la Conducta \u00b7\u00a0\u00a0\u00a0\u00a0\u00a0\u00a0\u00a0\u00a0\u00a0Arturo Aguirre Moreno de la BUAP 4.- Desarrollo Tecnol\u00f3gico e Investigaci\u00f3n Aplicada, Innovaci\u00f3n, Dise\u00f1o, Ingenier\u00edas, Ambiente y Desarrollo Sustentable, Energ\u00edas Renovables, Humanidades, Alimentos y Agroindustrias \u00a0\u00b7\u00a0\u00a0\u00a0\u00a0\u00a0\u00a0\u00a0\u00a0\u00a0Se declar\u00f3 desierta \u00a05.- Divulgaci\u00f3n de la Tecnolog\u00eda y de la Ciencia, dentro del \u00e1rea de Tecnolog\u00eda, Ciencias Exactas, Naturales y Humanidades. \u00a0 \u00a0 \u00a0 \u00a0 \u00a0Oswaldo Erick Ram\u00edrez Bravo de la BUAP. Luego de haber sido aprobado por unanimidad el Acuerdo por los Integrantes de la Comisi\u00f3n de Ciencia y Tecnolog\u00eda, turnaron la Dictaminaci\u00f3n a la Junta de Gobierno y Coordinaci\u00f3n Pol\u00edtica para su conocimiento y a su vez, solicitar a este grupo colegiado y a la presidenta de la Mesa Directiva, fijar la fecha y la hora para el desarrollo de la Sesi\u00f3n Solemne para la entrega de medallas y reconocimientos a los ganadores.<\/p>\n","protected":false},"author":1,"featured_media":22137,"comment_status":"open","ping_status":"open","sticky":false,"template":"","format":"standard","meta":{"_monsterinsights_skip_tracking":false,"_uf_show_specific_survey":0,"_uf_disable_surveys":false,"footnotes":""},"categories":[34],"tags":[143,102,65,567],"class_list":["post-22136","post","type-post","status-publish","format-standard","has-post-thumbnail","hentry","category-puebla","tag-buap","tag-congreso-del-estado","tag-diputados","tag-presea-luis-rivera-terrazas"],"yoast_head":"<!-- This site is optimized with the Yoast SEO plugin v27.5 - https:\/\/yoast.com\/product\/yoast-seo-wordpress\/ -->\n<title>Eligen a los ganadores de la Presea Luis Rivera Terrazas 2020 - Fer Abrajan<\/title>\n<meta name=\"robots\" content=\"index, follow, max-snippet:-1, max-image-preview:large, max-video-preview:-1\" \/>\n<link rel=\"canonical\" href=\"https:\/\/ferabrajan.com\/portal\/2020\/12\/04\/eligen-a-los-ganadores-de-la-presea-luis-rivera-terrazas-2020\/\" \/>\n<meta property=\"og:locale\" content=\"es_ES\" \/>\n<meta property=\"og:type\" content=\"article\" \/>\n<meta property=\"og:title\" content=\"Eligen a los ganadores de la Presea Luis Rivera Terrazas 2020 - Fer Abrajan\" \/>\n<meta property=\"og:description\" content=\"La Comisi\u00f3n de Ciencia y Tecnolog\u00eda del Congreso del Estado aprob\u00f3 por unanimidad la lista de los acad\u00e9micos e investigadores que cumplieron y acreditaron todos los requisitos de la convocatoria y obtuvieron las m\u00e1s altas calificaciones en el an\u00e1lisis que llev\u00f3 a cabo el comit\u00e9 evaluador y que los hace ganadores a obtener la Presea Estatal de Ciencia y Tecnolog\u00eda \u201cLuis Rivera Terrazas\u201d correspondiente al a\u00f1o 2020. Los ganadores son los siguientes de acuerdo a cada categor\u00eda: 1.- Investigaci\u00f3n, Ciencias B\u00e1sicas y Humanidades, en el \u00e1rea de F\u00edsico Matem\u00e1ticas, Ciencias de la Tierra, e Ingenier\u00eda, los ganadores son: \u00b7\u00a0\u00a0\u00a0\u00a0\u00a0\u00a0\u00a0\u00a0\u00a0Alberto Escalante Hern\u00e1ndez de la BUAP \u00b7\u00a0\u00a0\u00a0\u00a0\u00a0\u00a0\u00a0\u00a0\u00a0Jos\u00e9 Luis Olvera Cervantes del INAOE 2.- Biolog\u00eda, Qu\u00edmica, Ciencias de la Vida, Biotecnolog\u00eda, Ciencias Agropecuarias, Medicina y Ciencias de la Salud. \u00b7\u00a0\u00a0\u00a0\u00a0\u00a0\u00a0\u00a0\u00a0\u00a0Guillermo Alfonso Woolrich Pi\u00f1a del Instituto Tecnol\u00f3gico Superior de Zacapoaxtla 3.- Ciencias Sociales, Humanidades y Ciencias de la Conducta \u00b7\u00a0\u00a0\u00a0\u00a0\u00a0\u00a0\u00a0\u00a0\u00a0Arturo Aguirre Moreno de la BUAP 4.- Desarrollo Tecnol\u00f3gico e Investigaci\u00f3n Aplicada, Innovaci\u00f3n, Dise\u00f1o, Ingenier\u00edas, Ambiente y Desarrollo Sustentable, Energ\u00edas Renovables, Humanidades, Alimentos y Agroindustrias \u00a0\u00b7\u00a0\u00a0\u00a0\u00a0\u00a0\u00a0\u00a0\u00a0\u00a0Se declar\u00f3 desierta \u00a05.- Divulgaci\u00f3n de la Tecnolog\u00eda y de la Ciencia, dentro del \u00e1rea de Tecnolog\u00eda, Ciencias Exactas, Naturales y Humanidades. \u00a0 \u00a0 \u00a0 \u00a0 \u00a0Oswaldo Erick Ram\u00edrez Bravo de la BUAP. Luego de haber sido aprobado por unanimidad el Acuerdo por los Integrantes de la Comisi\u00f3n de Ciencia y Tecnolog\u00eda, turnaron la Dictaminaci\u00f3n a la Junta de Gobierno y Coordinaci\u00f3n Pol\u00edtica para su conocimiento y a su vez, solicitar a este grupo colegiado y a la presidenta de la Mesa Directiva, fijar la fecha y la hora para el desarrollo de la Sesi\u00f3n Solemne para la entrega de medallas y reconocimientos a los ganadores.\" \/>\n<meta property=\"og:url\" content=\"https:\/\/ferabrajan.com\/portal\/2020\/12\/04\/eligen-a-los-ganadores-de-la-presea-luis-rivera-terrazas-2020\/\" \/>\n<meta property=\"og:site_name\" content=\"Fer Abrajan\" \/>\n<meta property=\"article:publisher\" content=\"https:\/\/www.facebook.com\/NoticiasconFerAbrajan\/\" \/>\n<meta property=\"article:published_time\" content=\"2020-12-04T03:32:06+00:00\" \/>\n<meta name=\"author\" content=\"admin\" \/>\n<meta name=\"twitter:card\" content=\"summary_large_image\" \/>\n<meta name=\"twitter:creator\" content=\"@ferabrajan1\" \/>\n<meta name=\"twitter:site\" content=\"@ferabrajan1\" \/>\n<meta name=\"twitter:label1\" content=\"Escrito por\" \/>\n\t<meta name=\"twitter:data1\" content=\"admin\" \/>\n\t<meta name=\"twitter:label2\" content=\"Tiempo de lectura\" \/>\n\t<meta name=\"twitter:data2\" content=\"2 minutos\" \/>\n<script type=\"application\/ld+json\" class=\"yoast-schema-graph\">{\"@context\":\"https:\\\/\\\/schema.org\",\"@graph\":[{\"@type\":\"Article\",\"@id\":\"https:\\\/\\\/ferabrajan.com\\\/portal\\\/2020\\\/12\\\/04\\\/eligen-a-los-ganadores-de-la-presea-luis-rivera-terrazas-2020\\\/#article\",\"isPartOf\":{\"@id\":\"https:\\\/\\\/ferabrajan.com\\\/portal\\\/2020\\\/12\\\/04\\\/eligen-a-los-ganadores-de-la-presea-luis-rivera-terrazas-2020\\\/\"},\"author\":{\"name\":\"admin\",\"@id\":\"https:\\\/\\\/ferabrajan.com\\\/portal\\\/#\\\/schema\\\/person\\\/f6113b3cb1e036d5c6a9505685b257ba\"},\"headline\":\"Eligen a los ganadores de la Presea Luis Rivera Terrazas 2020\",\"datePublished\":\"2020-12-04T03:32:06+00:00\",\"mainEntityOfPage\":{\"@id\":\"https:\\\/\\\/ferabrajan.com\\\/portal\\\/2020\\\/12\\\/04\\\/eligen-a-los-ganadores-de-la-presea-luis-rivera-terrazas-2020\\\/\"},\"wordCount\":316,\"commentCount\":0,\"publisher\":{\"@id\":\"https:\\\/\\\/ferabrajan.com\\\/portal\\\/#organization\"},\"image\":{\"@id\":\"https:\\\/\\\/ferabrajan.com\\\/portal\\\/2020\\\/12\\\/04\\\/eligen-a-los-ganadores-de-la-presea-luis-rivera-terrazas-2020\\\/#primaryimage\"},\"thumbnailUrl\":\"\",\"keywords\":[\"BUAP\",\"Congreso del Estado\",\"Diputados\",\"Presea Luis Rivera Terrazas\"],\"articleSection\":[\"Puebla\"],\"inLanguage\":\"es\"},{\"@type\":\"WebPage\",\"@id\":\"https:\\\/\\\/ferabrajan.com\\\/portal\\\/2020\\\/12\\\/04\\\/eligen-a-los-ganadores-de-la-presea-luis-rivera-terrazas-2020\\\/\",\"url\":\"https:\\\/\\\/ferabrajan.com\\\/portal\\\/2020\\\/12\\\/04\\\/eligen-a-los-ganadores-de-la-presea-luis-rivera-terrazas-2020\\\/\",\"name\":\"Eligen a los ganadores de la Presea Luis Rivera Terrazas 2020 - Fer Abrajan\",\"isPartOf\":{\"@id\":\"https:\\\/\\\/ferabrajan.com\\\/portal\\\/#website\"},\"primaryImageOfPage\":{\"@id\":\"https:\\\/\\\/ferabrajan.com\\\/portal\\\/2020\\\/12\\\/04\\\/eligen-a-los-ganadores-de-la-presea-luis-rivera-terrazas-2020\\\/#primaryimage\"},\"image\":{\"@id\":\"https:\\\/\\\/ferabrajan.com\\\/portal\\\/2020\\\/12\\\/04\\\/eligen-a-los-ganadores-de-la-presea-luis-rivera-terrazas-2020\\\/#primaryimage\"},\"thumbnailUrl\":\"\",\"datePublished\":\"2020-12-04T03:32:06+00:00\",\"breadcrumb\":{\"@id\":\"https:\\\/\\\/ferabrajan.com\\\/portal\\\/2020\\\/12\\\/04\\\/eligen-a-los-ganadores-de-la-presea-luis-rivera-terrazas-2020\\\/#breadcrumb\"},\"inLanguage\":\"es\",\"potentialAction\":[{\"@type\":\"ReadAction\",\"target\":[\"https:\\\/\\\/ferabrajan.com\\\/portal\\\/2020\\\/12\\\/04\\\/eligen-a-los-ganadores-de-la-presea-luis-rivera-terrazas-2020\\\/\"]}]},{\"@type\":\"ImageObject\",\"inLanguage\":\"es\",\"@id\":\"https:\\\/\\\/ferabrajan.com\\\/portal\\\/2020\\\/12\\\/04\\\/eligen-a-los-ganadores-de-la-presea-luis-rivera-terrazas-2020\\\/#primaryimage\",\"url\":\"\",\"contentUrl\":\"\"},{\"@type\":\"BreadcrumbList\",\"@id\":\"https:\\\/\\\/ferabrajan.com\\\/portal\\\/2020\\\/12\\\/04\\\/eligen-a-los-ganadores-de-la-presea-luis-rivera-terrazas-2020\\\/#breadcrumb\",\"itemListElement\":[{\"@type\":\"ListItem\",\"position\":1,\"name\":\"Portada\",\"item\":\"https:\\\/\\\/ferabrajan.com\\\/portal\\\/\"},{\"@type\":\"ListItem\",\"position\":2,\"name\":\"Eligen a los ganadores de la Presea Luis Rivera Terrazas 2020\"}]},{\"@type\":\"WebSite\",\"@id\":\"https:\\\/\\\/ferabrajan.com\\\/portal\\\/#website\",\"url\":\"https:\\\/\\\/ferabrajan.com\\\/portal\\\/\",\"name\":\"Fer Abrajan\",\"description\":\"Noticias de Puebla, opini\u00f3n y radio en vivo\",\"publisher\":{\"@id\":\"https:\\\/\\\/ferabrajan.com\\\/portal\\\/#organization\"},\"potentialAction\":[{\"@type\":\"SearchAction\",\"target\":{\"@type\":\"EntryPoint\",\"urlTemplate\":\"https:\\\/\\\/ferabrajan.com\\\/portal\\\/?s={search_term_string}\"},\"query-input\":{\"@type\":\"PropertyValueSpecification\",\"valueRequired\":true,\"valueName\":\"search_term_string\"}}],\"inLanguage\":\"es\"},{\"@type\":\"Organization\",\"@id\":\"https:\\\/\\\/ferabrajan.com\\\/portal\\\/#organization\",\"name\":\"Fer Abrajan\",\"url\":\"https:\\\/\\\/ferabrajan.com\\\/portal\\\/\",\"logo\":{\"@type\":\"ImageObject\",\"inLanguage\":\"es\",\"@id\":\"https:\\\/\\\/ferabrajan.com\\\/portal\\\/#\\\/schema\\\/logo\\\/image\\\/\",\"url\":\"https:\\\/\\\/ferabrajan.com\\\/portal\\\/wp-content\\\/uploads\\\/2024\\\/10\\\/cropped-logo.jpeg\",\"contentUrl\":\"https:\\\/\\\/ferabrajan.com\\\/portal\\\/wp-content\\\/uploads\\\/2024\\\/10\\\/cropped-logo.jpeg\",\"width\":500,\"height\":250,\"caption\":\"Fer Abrajan\"},\"image\":{\"@id\":\"https:\\\/\\\/ferabrajan.com\\\/portal\\\/#\\\/schema\\\/logo\\\/image\\\/\"},\"sameAs\":[\"https:\\\/\\\/www.facebook.com\\\/NoticiasconFerAbrajan\\\/\",\"https:\\\/\\\/x.com\\\/ferabrajan1\"]},{\"@type\":\"Person\",\"@id\":\"https:\\\/\\\/ferabrajan.com\\\/portal\\\/#\\\/schema\\\/person\\\/f6113b3cb1e036d5c6a9505685b257ba\",\"name\":\"admin\",\"image\":{\"@type\":\"ImageObject\",\"inLanguage\":\"es\",\"@id\":\"https:\\\/\\\/secure.gravatar.com\\\/avatar\\\/072baa72775aad53c748dfc5d3048578e01b6c087eef335459ebfa04344e2d18?s=96&d=mm&r=g\",\"url\":\"https:\\\/\\\/secure.gravatar.com\\\/avatar\\\/072baa72775aad53c748dfc5d3048578e01b6c087eef335459ebfa04344e2d18?s=96&d=mm&r=g\",\"contentUrl\":\"https:\\\/\\\/secure.gravatar.com\\\/avatar\\\/072baa72775aad53c748dfc5d3048578e01b6c087eef335459ebfa04344e2d18?s=96&d=mm&r=g\",\"caption\":\"admin\"},\"sameAs\":[\"https:\\\/\\\/ferabrajan.com\\\/portal\"],\"url\":\"https:\\\/\\\/ferabrajan.com\\\/portal\\\/author\\\/admin\\\/\"}]}<\/script>\n<!-- \/ Yoast SEO plugin. -->","yoast_head_json":{"title":"Eligen a los ganadores de la Presea Luis Rivera Terrazas 2020 - Fer Abrajan","robots":{"index":"index","follow":"follow","max-snippet":"max-snippet:-1","max-image-preview":"max-image-preview:large","max-video-preview":"max-video-preview:-1"},"canonical":"https:\/\/ferabrajan.com\/portal\/2020\/12\/04\/eligen-a-los-ganadores-de-la-presea-luis-rivera-terrazas-2020\/","og_locale":"es_ES","og_type":"article","og_title":"Eligen a los ganadores de la Presea Luis Rivera Terrazas 2020 - Fer Abrajan","og_description":"La Comisi\u00f3n de Ciencia y Tecnolog\u00eda del Congreso del Estado aprob\u00f3 por unanimidad la lista de los acad\u00e9micos e investigadores que cumplieron y acreditaron todos los requisitos de la convocatoria y obtuvieron las m\u00e1s altas calificaciones en el an\u00e1lisis que llev\u00f3 a cabo el comit\u00e9 evaluador y que los hace ganadores a obtener la Presea Estatal de Ciencia y Tecnolog\u00eda \u201cLuis Rivera Terrazas\u201d correspondiente al a\u00f1o 2020. Los ganadores son los siguientes de acuerdo a cada categor\u00eda: 1.- Investigaci\u00f3n, Ciencias B\u00e1sicas y Humanidades, en el \u00e1rea de F\u00edsico Matem\u00e1ticas, Ciencias de la Tierra, e Ingenier\u00eda, los ganadores son: \u00b7\u00a0\u00a0\u00a0\u00a0\u00a0\u00a0\u00a0\u00a0\u00a0Alberto Escalante Hern\u00e1ndez de la BUAP \u00b7\u00a0\u00a0\u00a0\u00a0\u00a0\u00a0\u00a0\u00a0\u00a0Jos\u00e9 Luis Olvera Cervantes del INAOE 2.- Biolog\u00eda, Qu\u00edmica, Ciencias de la Vida, Biotecnolog\u00eda, Ciencias Agropecuarias, Medicina y Ciencias de la Salud. \u00b7\u00a0\u00a0\u00a0\u00a0\u00a0\u00a0\u00a0\u00a0\u00a0Guillermo Alfonso Woolrich Pi\u00f1a del Instituto Tecnol\u00f3gico Superior de Zacapoaxtla 3.- Ciencias Sociales, Humanidades y Ciencias de la Conducta \u00b7\u00a0\u00a0\u00a0\u00a0\u00a0\u00a0\u00a0\u00a0\u00a0Arturo Aguirre Moreno de la BUAP 4.- Desarrollo Tecnol\u00f3gico e Investigaci\u00f3n Aplicada, Innovaci\u00f3n, Dise\u00f1o, Ingenier\u00edas, Ambiente y Desarrollo Sustentable, Energ\u00edas Renovables, Humanidades, Alimentos y Agroindustrias \u00a0\u00b7\u00a0\u00a0\u00a0\u00a0\u00a0\u00a0\u00a0\u00a0\u00a0Se declar\u00f3 desierta \u00a05.- Divulgaci\u00f3n de la Tecnolog\u00eda y de la Ciencia, dentro del \u00e1rea de Tecnolog\u00eda, Ciencias Exactas, Naturales y Humanidades. \u00a0 \u00a0 \u00a0 \u00a0 \u00a0Oswaldo Erick Ram\u00edrez Bravo de la BUAP. Luego de haber sido aprobado por unanimidad el Acuerdo por los Integrantes de la Comisi\u00f3n de Ciencia y Tecnolog\u00eda, turnaron la Dictaminaci\u00f3n a la Junta de Gobierno y Coordinaci\u00f3n Pol\u00edtica para su conocimiento y a su vez, solicitar a este grupo colegiado y a la presidenta de la Mesa Directiva, fijar la fecha y la hora para el desarrollo de la Sesi\u00f3n Solemne para la entrega de medallas y reconocimientos a los ganadores.","og_url":"https:\/\/ferabrajan.com\/portal\/2020\/12\/04\/eligen-a-los-ganadores-de-la-presea-luis-rivera-terrazas-2020\/","og_site_name":"Fer Abrajan","article_publisher":"https:\/\/www.facebook.com\/NoticiasconFerAbrajan\/","article_published_time":"2020-12-04T03:32:06+00:00","author":"admin","twitter_card":"summary_large_image","twitter_creator":"@ferabrajan1","twitter_site":"@ferabrajan1","twitter_misc":{"Escrito por":"admin","Tiempo de lectura":"2 minutos"},"schema":{"@context":"https:\/\/schema.org","@graph":[{"@type":"Article","@id":"https:\/\/ferabrajan.com\/portal\/2020\/12\/04\/eligen-a-los-ganadores-de-la-presea-luis-rivera-terrazas-2020\/#article","isPartOf":{"@id":"https:\/\/ferabrajan.com\/portal\/2020\/12\/04\/eligen-a-los-ganadores-de-la-presea-luis-rivera-terrazas-2020\/"},"author":{"name":"admin","@id":"https:\/\/ferabrajan.com\/portal\/#\/schema\/person\/f6113b3cb1e036d5c6a9505685b257ba"},"headline":"Eligen a los ganadores de la Presea Luis Rivera Terrazas 2020","datePublished":"2020-12-04T03:32:06+00:00","mainEntityOfPage":{"@id":"https:\/\/ferabrajan.com\/portal\/2020\/12\/04\/eligen-a-los-ganadores-de-la-presea-luis-rivera-terrazas-2020\/"},"wordCount":316,"commentCount":0,"publisher":{"@id":"https:\/\/ferabrajan.com\/portal\/#organization"},"image":{"@id":"https:\/\/ferabrajan.com\/portal\/2020\/12\/04\/eligen-a-los-ganadores-de-la-presea-luis-rivera-terrazas-2020\/#primaryimage"},"thumbnailUrl":"","keywords":["BUAP","Congreso del Estado","Diputados","Presea Luis Rivera Terrazas"],"articleSection":["Puebla"],"inLanguage":"es"},{"@type":"WebPage","@id":"https:\/\/ferabrajan.com\/portal\/2020\/12\/04\/eligen-a-los-ganadores-de-la-presea-luis-rivera-terrazas-2020\/","url":"https:\/\/ferabrajan.com\/portal\/2020\/12\/04\/eligen-a-los-ganadores-de-la-presea-luis-rivera-terrazas-2020\/","name":"Eligen a los ganadores de la Presea Luis Rivera Terrazas 2020 - Fer Abrajan","isPartOf":{"@id":"https:\/\/ferabrajan.com\/portal\/#website"},"primaryImageOfPage":{"@id":"https:\/\/ferabrajan.com\/portal\/2020\/12\/04\/eligen-a-los-ganadores-de-la-presea-luis-rivera-terrazas-2020\/#primaryimage"},"image":{"@id":"https:\/\/ferabrajan.com\/portal\/2020\/12\/04\/eligen-a-los-ganadores-de-la-presea-luis-rivera-terrazas-2020\/#primaryimage"},"thumbnailUrl":"","datePublished":"2020-12-04T03:32:06+00:00","breadcrumb":{"@id":"https:\/\/ferabrajan.com\/portal\/2020\/12\/04\/eligen-a-los-ganadores-de-la-presea-luis-rivera-terrazas-2020\/#breadcrumb"},"inLanguage":"es","potentialAction":[{"@type":"ReadAction","target":["https:\/\/ferabrajan.com\/portal\/2020\/12\/04\/eligen-a-los-ganadores-de-la-presea-luis-rivera-terrazas-2020\/"]}]},{"@type":"ImageObject","inLanguage":"es","@id":"https:\/\/ferabrajan.com\/portal\/2020\/12\/04\/eligen-a-los-ganadores-de-la-presea-luis-rivera-terrazas-2020\/#primaryimage","url":"","contentUrl":""},{"@type":"BreadcrumbList","@id":"https:\/\/ferabrajan.com\/portal\/2020\/12\/04\/eligen-a-los-ganadores-de-la-presea-luis-rivera-terrazas-2020\/#breadcrumb","itemListElement":[{"@type":"ListItem","position":1,"name":"Portada","item":"https:\/\/ferabrajan.com\/portal\/"},{"@type":"ListItem","position":2,"name":"Eligen a los ganadores de la Presea Luis Rivera Terrazas 2020"}]},{"@type":"WebSite","@id":"https:\/\/ferabrajan.com\/portal\/#website","url":"https:\/\/ferabrajan.com\/portal\/","name":"Fer Abrajan","description":"Noticias de Puebla, opini\u00f3n y radio en vivo","publisher":{"@id":"https:\/\/ferabrajan.com\/portal\/#organization"},"potentialAction":[{"@type":"SearchAction","target":{"@type":"EntryPoint","urlTemplate":"https:\/\/ferabrajan.com\/portal\/?s={search_term_string}"},"query-input":{"@type":"PropertyValueSpecification","valueRequired":true,"valueName":"search_term_string"}}],"inLanguage":"es"},{"@type":"Organization","@id":"https:\/\/ferabrajan.com\/portal\/#organization","name":"Fer Abrajan","url":"https:\/\/ferabrajan.com\/portal\/","logo":{"@type":"ImageObject","inLanguage":"es","@id":"https:\/\/ferabrajan.com\/portal\/#\/schema\/logo\/image\/","url":"https:\/\/ferabrajan.com\/portal\/wp-content\/uploads\/2024\/10\/cropped-logo.jpeg","contentUrl":"https:\/\/ferabrajan.com\/portal\/wp-content\/uploads\/2024\/10\/cropped-logo.jpeg","width":500,"height":250,"caption":"Fer Abrajan"},"image":{"@id":"https:\/\/ferabrajan.com\/portal\/#\/schema\/logo\/image\/"},"sameAs":["https:\/\/www.facebook.com\/NoticiasconFerAbrajan\/","https:\/\/x.com\/ferabrajan1"]},{"@type":"Person","@id":"https:\/\/ferabrajan.com\/portal\/#\/schema\/person\/f6113b3cb1e036d5c6a9505685b257ba","name":"admin","image":{"@type":"ImageObject","inLanguage":"es","@id":"https:\/\/secure.gravatar.com\/avatar\/072baa72775aad53c748dfc5d3048578e01b6c087eef335459ebfa04344e2d18?s=96&d=mm&r=g","url":"https:\/\/secure.gravatar.com\/avatar\/072baa72775aad53c748dfc5d3048578e01b6c087eef335459ebfa04344e2d18?s=96&d=mm&r=g","contentUrl":"https:\/\/secure.gravatar.com\/avatar\/072baa72775aad53c748dfc5d3048578e01b6c087eef335459ebfa04344e2d18?s=96&d=mm&r=g","caption":"admin"},"sameAs":["https:\/\/ferabrajan.com\/portal"],"url":"https:\/\/ferabrajan.com\/portal\/author\/admin\/"}]}},"_links":{"self":[{"href":"https:\/\/ferabrajan.com\/portal\/wp-json\/wp\/v2\/posts\/22136","targetHints":{"allow":["GET"]}}],"collection":[{"href":"https:\/\/ferabrajan.com\/portal\/wp-json\/wp\/v2\/posts"}],"about":[{"href":"https:\/\/ferabrajan.com\/portal\/wp-json\/wp\/v2\/types\/post"}],"author":[{"embeddable":true,"href":"https:\/\/ferabrajan.com\/portal\/wp-json\/wp\/v2\/users\/1"}],"replies":[{"embeddable":true,"href":"https:\/\/ferabrajan.com\/portal\/wp-json\/wp\/v2\/comments?post=22136"}],"version-history":[{"count":0,"href":"https:\/\/ferabrajan.com\/portal\/wp-json\/wp\/v2\/posts\/22136\/revisions"}],"wp:attachment":[{"href":"https:\/\/ferabrajan.com\/portal\/wp-json\/wp\/v2\/media?parent=22136"}],"wp:term":[{"taxonomy":"category","embeddable":true,"href":"https:\/\/ferabrajan.com\/portal\/wp-json\/wp\/v2\/categories?post=22136"},{"taxonomy":"post_tag","embeddable":true,"href":"https:\/\/ferabrajan.com\/portal\/wp-json\/wp\/v2\/tags?post=22136"}],"curies":[{"name":"wp","href":"https:\/\/api.w.org\/{rel}","templated":true}]}}