{"id":21224,"date":"2020-11-12T20:05:10","date_gmt":"2020-11-12T20:05:10","guid":{"rendered":"http:\/\/www.ferabrajan.com\/?p=21224"},"modified":"2020-11-12T20:05:10","modified_gmt":"2020-11-12T20:05:10","slug":"comparecen-aspirantes-al-consejo-consultivo-de-la-cdh-ante-diputados","status":"publish","type":"post","link":"https:\/\/ferabrajan.com\/portal\/2020\/11\/12\/comparecen-aspirantes-al-consejo-consultivo-de-la-cdh-ante-diputados\/","title":{"rendered":"Comparecen aspirantes al Consejo Consultivo de la CDH ante diputados"},"content":{"rendered":"<p class=\"x_gmail-MsoNoSpacing\"><span lang=\"ES\">En sesi\u00f3n virtual ante la Comisi\u00f3n de Derechos Humanos de la LX Legislatura del Congreso del Estado se realizaron, en dos horarios diferentes el 11 de noviembre, las comparecencias de 17 de 27 aspirantes a conformar el pr\u00f3ximo Consejo Consultivo de la Comisi\u00f3n de Derechos Humanos del Estado de Puebla por un periodo de dos a\u00f1os.<\/span><\/p>\n<p class=\"x_gmail-MsoNoSpacing\"><span lang=\"ES\">El Consejo Consultivo de la Comisi\u00f3n de Derechos Humanos del Estado de Puebla deber\u00e1 estar integrado por cinco ciudadanas y ciudadanos que cumplan con los siguientes requisitos: reconocido prestigio en la sociedad; en pleno ejercicio de sus derechos ciudadanos; conocimientos en materia de derechos humanos.<\/span><\/p>\n<p class=\"x_gmail-MsoNoSpacing\"><span lang=\"ES\">La Comisi\u00f3n de Derechos Humanos aprobar\u00e1 el Dictamen de Acuerdo que contenga la lista con cinco nombres de las y los interesados, que acreditaron y cumplieron con los requisitos se\u00f1alados en la Ley y en la convocatoria.<\/span><\/p>\n<p class=\"x_gmail-MsoNoSpacing\"><span lang=\"ES\">La lista de las y los aspirantes que comparecieron de 12:00 a 14:00 horas es la siguiente:<\/span><span lang=\"ES\">\u00a0<\/span><\/p>\n<p class=\"x_gmail-MsoNoSpacing\"><span lang=\"ES\">1.\u00a0\u00a0\u00a0\u00a0\u00a0\u00a0\u00a0\u00a0 \u00c1lvarez S\u00e1nchez \u00c1ngel<\/span><\/p>\n<p class=\"x_gmail-MsoNoSpacing\"><span lang=\"ES\">2.\u00a0\u00a0\u00a0\u00a0\u00a0\u00a0\u00a0\u00a0 Bustamante S\u00e1nchez Shareny Vanessa<\/span><\/p>\n<p class=\"x_gmail-MsoNoSpacing\"><span lang=\"ES\">3.\u00a0\u00a0\u00a0\u00a0\u00a0\u00a0\u00a0\u00a0 Ceja Acosta Jorge Alejandro<\/span><\/p>\n<p class=\"x_gmail-MsoNoSpacing\"><span lang=\"ES\">4.\u00a0\u00a0\u00a0\u00a0\u00a0\u00a0\u00a0\u00a0 Correa Pascacio Marco Antonio<\/span><\/p>\n<p class=\"x_gmail-MsoNoSpacing\"><span lang=\"ES\">5.\u00a0\u00a0\u00a0\u00a0\u00a0\u00a0\u00a0\u00a0 Cu\u00e9llar Ram\u00edrez Ra\u00fal<\/span><\/p>\n<p class=\"x_gmail-MsoNoSpacing\"><span lang=\"ES\">6.\u00a0\u00a0\u00a0\u00a0\u00a0\u00a0\u00a0\u00a0 Curiel Tejeda Rub\u00e9n Alberto<\/span><\/p>\n<p class=\"x_gmail-MsoNoSpacing\"><span lang=\"ES\">7.\u00a0\u00a0\u00a0\u00a0\u00a0\u00a0\u00a0\u00a0 Est\u00e9vez Valdez Miriam Carolina<\/span><\/p>\n<p class=\"x_gmail-MsoNoSpacing\"><span lang=\"ES\">Mientras que las y los aspirantes que se presentaron ante las y los diputados de 16:00 a 19:00 horas fueron:<\/span><span lang=\"ES\">\u00a0<\/span><\/p>\n<p class=\"x_gmail-MsoNoSpacing\"><span lang=\"ES\">8.\u00a0\u00a0\u00a0\u00a0\u00a0\u00a0\u00a0\u00a0 Fiesco Bucio Jos\u00e9 Luis<\/span><\/p>\n<p class=\"x_gmail-MsoNoSpacing\"><span lang=\"ES\">9.\u00a0\u00a0\u00a0\u00a0\u00a0\u00a0\u00a0\u00a0 Flores Calder\u00f3n Roc\u00edo del Carmen<\/span><\/p>\n<p class=\"x_gmail-MsoNoSpacing\"><span lang=\"ES\">10.\u00a0\u00a0\u00a0\u00a0\u00a0 Garc\u00eda Hern\u00e1ndez Abraham<\/span><\/p>\n<p class=\"x_gmail-MsoNoSpacing\"><span lang=\"ES\">11.\u00a0\u00a0\u00a0\u00a0\u00a0 Garc\u00eda Le\u00f3n Armando Agust\u00edn<\/span><\/p>\n<p class=\"x_gmail-MsoNoSpacing\"><span lang=\"ES\">12.\u00a0\u00a0\u00a0\u00a0\u00a0 Garc\u00eda L\u00f3pez Laura Liliam<\/span><\/p>\n<p class=\"x_gmail-MsoNoSpacing\"><span lang=\"ES\">13.\u00a0\u00a0\u00a0\u00a0\u00a0 Hern\u00e1ndez Barradas Carolina<\/span><\/p>\n<p class=\"x_gmail-MsoNoSpacing\"><span lang=\"ES\">14.\u00a0\u00a0\u00a0\u00a0\u00a0 Infante Mel\u00e9ndez Francisco Alfonso<\/span><\/p>\n<p class=\"x_gmail-MsoNoSpacing\"><span lang=\"ES\">15.\u00a0\u00a0\u00a0\u00a0\u00a0 Infante Mel\u00e9ndez Mar\u00eda Natalia<\/span><\/p>\n<p class=\"x_gmail-MsoNoSpacing\"><span lang=\"ES\">16.\u00a0\u00a0\u00a0\u00a0\u00a0 Lagunes De Gante Luis Fernando<\/span><\/p>\n<p class=\"x_gmail-MsoNoSpacing\"><span lang=\"ES\">17.\u00a0\u00a0\u00a0\u00a0\u00a0 Lim\u00f3n Mendoza Erika<\/span><\/p>\n<p class=\"x_gmail-MsoNoSpacing\"><span lang=\"ES\">El resto de\u00a0 las comparecencias ser\u00e1n desahogadas el 12 de noviembre del 2020 a partir de la 16:00 horas.<\/span><\/p>\n<p class=\"x_gmail-MsoNoSpacing\"><span lang=\"ES\">\u00a0<\/span><\/p>\n","protected":false},"excerpt":{"rendered":"<p>En sesi\u00f3n virtual ante la Comisi\u00f3n de Derechos Humanos de la LX Legislatura del Congreso del Estado se realizaron, en dos horarios diferentes el 11 de noviembre, las comparecencias de 17 de 27 aspirantes a conformar el pr\u00f3ximo Consejo Consultivo de la Comisi\u00f3n de Derechos Humanos del Estado de Puebla por un periodo de dos a\u00f1os. El Consejo Consultivo de la Comisi\u00f3n de Derechos Humanos del Estado de Puebla deber\u00e1 estar integrado por cinco ciudadanas y ciudadanos que cumplan con los siguientes requisitos: reconocido prestigio en la sociedad; en pleno ejercicio de sus derechos ciudadanos; conocimientos en materia de derechos humanos. La Comisi\u00f3n de Derechos Humanos aprobar\u00e1 el Dictamen de Acuerdo que contenga la lista con cinco nombres de las y los interesados, que acreditaron y cumplieron con los requisitos se\u00f1alados en la Ley y en la convocatoria. La lista de las y los aspirantes que comparecieron de 12:00 a 14:00 horas es la siguiente:\u00a0 1.\u00a0\u00a0\u00a0\u00a0\u00a0\u00a0\u00a0\u00a0 \u00c1lvarez S\u00e1nchez \u00c1ngel 2.\u00a0\u00a0\u00a0\u00a0\u00a0\u00a0\u00a0\u00a0 Bustamante S\u00e1nchez Shareny Vanessa 3.\u00a0\u00a0\u00a0\u00a0\u00a0\u00a0\u00a0\u00a0 Ceja Acosta Jorge Alejandro 4.\u00a0\u00a0\u00a0\u00a0\u00a0\u00a0\u00a0\u00a0 Correa Pascacio Marco Antonio 5.\u00a0\u00a0\u00a0\u00a0\u00a0\u00a0\u00a0\u00a0 Cu\u00e9llar Ram\u00edrez Ra\u00fal 6.\u00a0\u00a0\u00a0\u00a0\u00a0\u00a0\u00a0\u00a0 Curiel Tejeda Rub\u00e9n Alberto 7.\u00a0\u00a0\u00a0\u00a0\u00a0\u00a0\u00a0\u00a0 Est\u00e9vez Valdez Miriam Carolina Mientras que las y los aspirantes que se presentaron ante las y los diputados de 16:00 a 19:00 horas fueron:\u00a0 8.\u00a0\u00a0\u00a0\u00a0\u00a0\u00a0\u00a0\u00a0 Fiesco Bucio Jos\u00e9 Luis 9.\u00a0\u00a0\u00a0\u00a0\u00a0\u00a0\u00a0\u00a0 Flores Calder\u00f3n Roc\u00edo del Carmen 10.\u00a0\u00a0\u00a0\u00a0\u00a0 Garc\u00eda Hern\u00e1ndez Abraham 11.\u00a0\u00a0\u00a0\u00a0\u00a0 Garc\u00eda Le\u00f3n Armando Agust\u00edn 12.\u00a0\u00a0\u00a0\u00a0\u00a0 Garc\u00eda L\u00f3pez Laura Liliam 13.\u00a0\u00a0\u00a0\u00a0\u00a0 Hern\u00e1ndez Barradas Carolina 14.\u00a0\u00a0\u00a0\u00a0\u00a0 Infante Mel\u00e9ndez Francisco Alfonso 15.\u00a0\u00a0\u00a0\u00a0\u00a0 Infante Mel\u00e9ndez Mar\u00eda Natalia 16.\u00a0\u00a0\u00a0\u00a0\u00a0 Lagunes De Gante Luis Fernando 17.\u00a0\u00a0\u00a0\u00a0\u00a0 Lim\u00f3n Mendoza Erika El resto de\u00a0 las comparecencias ser\u00e1n desahogadas el 12 de noviembre del 2020 a partir de la 16:00 horas. \u00a0<\/p>\n","protected":false},"author":1,"featured_media":21225,"comment_status":"open","ping_status":"open","sticky":false,"template":"","format":"standard","meta":{"_monsterinsights_skip_tracking":false,"_uf_show_specific_survey":0,"_uf_disable_surveys":false,"footnotes":""},"categories":[34],"tags":[551,102,278,26],"class_list":["post-21224","post","type-post","status-publish","format-standard","has-post-thumbnail","hentry","category-puebla","tag-cedh","tag-congreso-del-estado","tag-derechos-humanos","tag-puebla"],"yoast_head":"<!-- This site is optimized with the Yoast SEO plugin v27.5 - https:\/\/yoast.com\/product\/yoast-seo-wordpress\/ -->\n<title>Comparecen aspirantes al Consejo Consultivo de la CDH ante diputados - Fer Abrajan<\/title>\n<meta name=\"robots\" content=\"index, follow, max-snippet:-1, max-image-preview:large, max-video-preview:-1\" \/>\n<link rel=\"canonical\" href=\"https:\/\/ferabrajan.com\/portal\/2020\/11\/12\/comparecen-aspirantes-al-consejo-consultivo-de-la-cdh-ante-diputados\/\" \/>\n<meta property=\"og:locale\" content=\"es_ES\" \/>\n<meta property=\"og:type\" content=\"article\" \/>\n<meta property=\"og:title\" content=\"Comparecen aspirantes al Consejo Consultivo de la CDH ante diputados - Fer Abrajan\" \/>\n<meta property=\"og:description\" content=\"En sesi\u00f3n virtual ante la Comisi\u00f3n de Derechos Humanos de la LX Legislatura del Congreso del Estado se realizaron, en dos horarios diferentes el 11 de noviembre, las comparecencias de 17 de 27 aspirantes a conformar el pr\u00f3ximo Consejo Consultivo de la Comisi\u00f3n de Derechos Humanos del Estado de Puebla por un periodo de dos a\u00f1os. El Consejo Consultivo de la Comisi\u00f3n de Derechos Humanos del Estado de Puebla deber\u00e1 estar integrado por cinco ciudadanas y ciudadanos que cumplan con los siguientes requisitos: reconocido prestigio en la sociedad; en pleno ejercicio de sus derechos ciudadanos; conocimientos en materia de derechos humanos. La Comisi\u00f3n de Derechos Humanos aprobar\u00e1 el Dictamen de Acuerdo que contenga la lista con cinco nombres de las y los interesados, que acreditaron y cumplieron con los requisitos se\u00f1alados en la Ley y en la convocatoria. La lista de las y los aspirantes que comparecieron de 12:00 a 14:00 horas es la siguiente:\u00a0 1.\u00a0\u00a0\u00a0\u00a0\u00a0\u00a0\u00a0\u00a0 \u00c1lvarez S\u00e1nchez \u00c1ngel 2.\u00a0\u00a0\u00a0\u00a0\u00a0\u00a0\u00a0\u00a0 Bustamante S\u00e1nchez Shareny Vanessa 3.\u00a0\u00a0\u00a0\u00a0\u00a0\u00a0\u00a0\u00a0 Ceja Acosta Jorge Alejandro 4.\u00a0\u00a0\u00a0\u00a0\u00a0\u00a0\u00a0\u00a0 Correa Pascacio Marco Antonio 5.\u00a0\u00a0\u00a0\u00a0\u00a0\u00a0\u00a0\u00a0 Cu\u00e9llar Ram\u00edrez Ra\u00fal 6.\u00a0\u00a0\u00a0\u00a0\u00a0\u00a0\u00a0\u00a0 Curiel Tejeda Rub\u00e9n Alberto 7.\u00a0\u00a0\u00a0\u00a0\u00a0\u00a0\u00a0\u00a0 Est\u00e9vez Valdez Miriam Carolina Mientras que las y los aspirantes que se presentaron ante las y los diputados de 16:00 a 19:00 horas fueron:\u00a0 8.\u00a0\u00a0\u00a0\u00a0\u00a0\u00a0\u00a0\u00a0 Fiesco Bucio Jos\u00e9 Luis 9.\u00a0\u00a0\u00a0\u00a0\u00a0\u00a0\u00a0\u00a0 Flores Calder\u00f3n Roc\u00edo del Carmen 10.\u00a0\u00a0\u00a0\u00a0\u00a0 Garc\u00eda Hern\u00e1ndez Abraham 11.\u00a0\u00a0\u00a0\u00a0\u00a0 Garc\u00eda Le\u00f3n Armando Agust\u00edn 12.\u00a0\u00a0\u00a0\u00a0\u00a0 Garc\u00eda L\u00f3pez Laura Liliam 13.\u00a0\u00a0\u00a0\u00a0\u00a0 Hern\u00e1ndez Barradas Carolina 14.\u00a0\u00a0\u00a0\u00a0\u00a0 Infante Mel\u00e9ndez Francisco Alfonso 15.\u00a0\u00a0\u00a0\u00a0\u00a0 Infante Mel\u00e9ndez Mar\u00eda Natalia 16.\u00a0\u00a0\u00a0\u00a0\u00a0 Lagunes De Gante Luis Fernando 17.\u00a0\u00a0\u00a0\u00a0\u00a0 Lim\u00f3n Mendoza Erika El resto de\u00a0 las comparecencias ser\u00e1n desahogadas el 12 de noviembre del 2020 a partir de la 16:00 horas. \u00a0\" \/>\n<meta property=\"og:url\" content=\"https:\/\/ferabrajan.com\/portal\/2020\/11\/12\/comparecen-aspirantes-al-consejo-consultivo-de-la-cdh-ante-diputados\/\" \/>\n<meta property=\"og:site_name\" content=\"Fer Abrajan\" \/>\n<meta property=\"article:publisher\" content=\"https:\/\/www.facebook.com\/NoticiasconFerAbrajan\/\" \/>\n<meta property=\"article:published_time\" content=\"2020-11-12T20:05:10+00:00\" \/>\n<meta name=\"author\" content=\"admin\" \/>\n<meta name=\"twitter:card\" content=\"summary_large_image\" \/>\n<meta name=\"twitter:creator\" content=\"@ferabrajan1\" \/>\n<meta name=\"twitter:site\" content=\"@ferabrajan1\" \/>\n<meta name=\"twitter:label1\" content=\"Escrito por\" \/>\n\t<meta name=\"twitter:data1\" content=\"admin\" \/>\n\t<meta name=\"twitter:label2\" content=\"Tiempo de lectura\" \/>\n\t<meta name=\"twitter:data2\" content=\"1 minuto\" \/>\n<script type=\"application\/ld+json\" class=\"yoast-schema-graph\">{\"@context\":\"https:\\\/\\\/schema.org\",\"@graph\":[{\"@type\":\"Article\",\"@id\":\"https:\\\/\\\/ferabrajan.com\\\/portal\\\/2020\\\/11\\\/12\\\/comparecen-aspirantes-al-consejo-consultivo-de-la-cdh-ante-diputados\\\/#article\",\"isPartOf\":{\"@id\":\"https:\\\/\\\/ferabrajan.com\\\/portal\\\/2020\\\/11\\\/12\\\/comparecen-aspirantes-al-consejo-consultivo-de-la-cdh-ante-diputados\\\/\"},\"author\":{\"name\":\"admin\",\"@id\":\"https:\\\/\\\/ferabrajan.com\\\/portal\\\/#\\\/schema\\\/person\\\/f6113b3cb1e036d5c6a9505685b257ba\"},\"headline\":\"Comparecen aspirantes al Consejo Consultivo de la CDH ante diputados\",\"datePublished\":\"2020-11-12T20:05:10+00:00\",\"mainEntityOfPage\":{\"@id\":\"https:\\\/\\\/ferabrajan.com\\\/portal\\\/2020\\\/11\\\/12\\\/comparecen-aspirantes-al-consejo-consultivo-de-la-cdh-ante-diputados\\\/\"},\"wordCount\":289,\"commentCount\":0,\"publisher\":{\"@id\":\"https:\\\/\\\/ferabrajan.com\\\/portal\\\/#organization\"},\"image\":{\"@id\":\"https:\\\/\\\/ferabrajan.com\\\/portal\\\/2020\\\/11\\\/12\\\/comparecen-aspirantes-al-consejo-consultivo-de-la-cdh-ante-diputados\\\/#primaryimage\"},\"thumbnailUrl\":\"\",\"keywords\":[\"CEDH\",\"Congreso del Estado\",\"Derechos Humanos\",\"puebla\"],\"articleSection\":[\"Puebla\"],\"inLanguage\":\"es\"},{\"@type\":\"WebPage\",\"@id\":\"https:\\\/\\\/ferabrajan.com\\\/portal\\\/2020\\\/11\\\/12\\\/comparecen-aspirantes-al-consejo-consultivo-de-la-cdh-ante-diputados\\\/\",\"url\":\"https:\\\/\\\/ferabrajan.com\\\/portal\\\/2020\\\/11\\\/12\\\/comparecen-aspirantes-al-consejo-consultivo-de-la-cdh-ante-diputados\\\/\",\"name\":\"Comparecen aspirantes al Consejo Consultivo de la CDH ante diputados - Fer Abrajan\",\"isPartOf\":{\"@id\":\"https:\\\/\\\/ferabrajan.com\\\/portal\\\/#website\"},\"primaryImageOfPage\":{\"@id\":\"https:\\\/\\\/ferabrajan.com\\\/portal\\\/2020\\\/11\\\/12\\\/comparecen-aspirantes-al-consejo-consultivo-de-la-cdh-ante-diputados\\\/#primaryimage\"},\"image\":{\"@id\":\"https:\\\/\\\/ferabrajan.com\\\/portal\\\/2020\\\/11\\\/12\\\/comparecen-aspirantes-al-consejo-consultivo-de-la-cdh-ante-diputados\\\/#primaryimage\"},\"thumbnailUrl\":\"\",\"datePublished\":\"2020-11-12T20:05:10+00:00\",\"breadcrumb\":{\"@id\":\"https:\\\/\\\/ferabrajan.com\\\/portal\\\/2020\\\/11\\\/12\\\/comparecen-aspirantes-al-consejo-consultivo-de-la-cdh-ante-diputados\\\/#breadcrumb\"},\"inLanguage\":\"es\",\"potentialAction\":[{\"@type\":\"ReadAction\",\"target\":[\"https:\\\/\\\/ferabrajan.com\\\/portal\\\/2020\\\/11\\\/12\\\/comparecen-aspirantes-al-consejo-consultivo-de-la-cdh-ante-diputados\\\/\"]}]},{\"@type\":\"ImageObject\",\"inLanguage\":\"es\",\"@id\":\"https:\\\/\\\/ferabrajan.com\\\/portal\\\/2020\\\/11\\\/12\\\/comparecen-aspirantes-al-consejo-consultivo-de-la-cdh-ante-diputados\\\/#primaryimage\",\"url\":\"\",\"contentUrl\":\"\"},{\"@type\":\"BreadcrumbList\",\"@id\":\"https:\\\/\\\/ferabrajan.com\\\/portal\\\/2020\\\/11\\\/12\\\/comparecen-aspirantes-al-consejo-consultivo-de-la-cdh-ante-diputados\\\/#breadcrumb\",\"itemListElement\":[{\"@type\":\"ListItem\",\"position\":1,\"name\":\"Portada\",\"item\":\"https:\\\/\\\/ferabrajan.com\\\/portal\\\/\"},{\"@type\":\"ListItem\",\"position\":2,\"name\":\"Comparecen aspirantes al Consejo Consultivo de la CDH ante diputados\"}]},{\"@type\":\"WebSite\",\"@id\":\"https:\\\/\\\/ferabrajan.com\\\/portal\\\/#website\",\"url\":\"https:\\\/\\\/ferabrajan.com\\\/portal\\\/\",\"name\":\"Fer Abrajan\",\"description\":\"Noticias de Puebla, opini\u00f3n y radio en vivo\",\"publisher\":{\"@id\":\"https:\\\/\\\/ferabrajan.com\\\/portal\\\/#organization\"},\"potentialAction\":[{\"@type\":\"SearchAction\",\"target\":{\"@type\":\"EntryPoint\",\"urlTemplate\":\"https:\\\/\\\/ferabrajan.com\\\/portal\\\/?s={search_term_string}\"},\"query-input\":{\"@type\":\"PropertyValueSpecification\",\"valueRequired\":true,\"valueName\":\"search_term_string\"}}],\"inLanguage\":\"es\"},{\"@type\":\"Organization\",\"@id\":\"https:\\\/\\\/ferabrajan.com\\\/portal\\\/#organization\",\"name\":\"Fer Abrajan\",\"url\":\"https:\\\/\\\/ferabrajan.com\\\/portal\\\/\",\"logo\":{\"@type\":\"ImageObject\",\"inLanguage\":\"es\",\"@id\":\"https:\\\/\\\/ferabrajan.com\\\/portal\\\/#\\\/schema\\\/logo\\\/image\\\/\",\"url\":\"https:\\\/\\\/ferabrajan.com\\\/portal\\\/wp-content\\\/uploads\\\/2024\\\/10\\\/cropped-logo.jpeg\",\"contentUrl\":\"https:\\\/\\\/ferabrajan.com\\\/portal\\\/wp-content\\\/uploads\\\/2024\\\/10\\\/cropped-logo.jpeg\",\"width\":500,\"height\":250,\"caption\":\"Fer Abrajan\"},\"image\":{\"@id\":\"https:\\\/\\\/ferabrajan.com\\\/portal\\\/#\\\/schema\\\/logo\\\/image\\\/\"},\"sameAs\":[\"https:\\\/\\\/www.facebook.com\\\/NoticiasconFerAbrajan\\\/\",\"https:\\\/\\\/x.com\\\/ferabrajan1\"]},{\"@type\":\"Person\",\"@id\":\"https:\\\/\\\/ferabrajan.com\\\/portal\\\/#\\\/schema\\\/person\\\/f6113b3cb1e036d5c6a9505685b257ba\",\"name\":\"admin\",\"image\":{\"@type\":\"ImageObject\",\"inLanguage\":\"es\",\"@id\":\"https:\\\/\\\/secure.gravatar.com\\\/avatar\\\/072baa72775aad53c748dfc5d3048578e01b6c087eef335459ebfa04344e2d18?s=96&d=mm&r=g\",\"url\":\"https:\\\/\\\/secure.gravatar.com\\\/avatar\\\/072baa72775aad53c748dfc5d3048578e01b6c087eef335459ebfa04344e2d18?s=96&d=mm&r=g\",\"contentUrl\":\"https:\\\/\\\/secure.gravatar.com\\\/avatar\\\/072baa72775aad53c748dfc5d3048578e01b6c087eef335459ebfa04344e2d18?s=96&d=mm&r=g\",\"caption\":\"admin\"},\"sameAs\":[\"https:\\\/\\\/ferabrajan.com\\\/portal\"],\"url\":\"https:\\\/\\\/ferabrajan.com\\\/portal\\\/author\\\/admin\\\/\"}]}<\/script>\n<!-- \/ Yoast SEO plugin. -->","yoast_head_json":{"title":"Comparecen aspirantes al Consejo Consultivo de la CDH ante diputados - Fer Abrajan","robots":{"index":"index","follow":"follow","max-snippet":"max-snippet:-1","max-image-preview":"max-image-preview:large","max-video-preview":"max-video-preview:-1"},"canonical":"https:\/\/ferabrajan.com\/portal\/2020\/11\/12\/comparecen-aspirantes-al-consejo-consultivo-de-la-cdh-ante-diputados\/","og_locale":"es_ES","og_type":"article","og_title":"Comparecen aspirantes al Consejo Consultivo de la CDH ante diputados - Fer Abrajan","og_description":"En sesi\u00f3n virtual ante la Comisi\u00f3n de Derechos Humanos de la LX Legislatura del Congreso del Estado se realizaron, en dos horarios diferentes el 11 de noviembre, las comparecencias de 17 de 27 aspirantes a conformar el pr\u00f3ximo Consejo Consultivo de la Comisi\u00f3n de Derechos Humanos del Estado de Puebla por un periodo de dos a\u00f1os. El Consejo Consultivo de la Comisi\u00f3n de Derechos Humanos del Estado de Puebla deber\u00e1 estar integrado por cinco ciudadanas y ciudadanos que cumplan con los siguientes requisitos: reconocido prestigio en la sociedad; en pleno ejercicio de sus derechos ciudadanos; conocimientos en materia de derechos humanos. La Comisi\u00f3n de Derechos Humanos aprobar\u00e1 el Dictamen de Acuerdo que contenga la lista con cinco nombres de las y los interesados, que acreditaron y cumplieron con los requisitos se\u00f1alados en la Ley y en la convocatoria. La lista de las y los aspirantes que comparecieron de 12:00 a 14:00 horas es la siguiente:\u00a0 1.\u00a0\u00a0\u00a0\u00a0\u00a0\u00a0\u00a0\u00a0 \u00c1lvarez S\u00e1nchez \u00c1ngel 2.\u00a0\u00a0\u00a0\u00a0\u00a0\u00a0\u00a0\u00a0 Bustamante S\u00e1nchez Shareny Vanessa 3.\u00a0\u00a0\u00a0\u00a0\u00a0\u00a0\u00a0\u00a0 Ceja Acosta Jorge Alejandro 4.\u00a0\u00a0\u00a0\u00a0\u00a0\u00a0\u00a0\u00a0 Correa Pascacio Marco Antonio 5.\u00a0\u00a0\u00a0\u00a0\u00a0\u00a0\u00a0\u00a0 Cu\u00e9llar Ram\u00edrez Ra\u00fal 6.\u00a0\u00a0\u00a0\u00a0\u00a0\u00a0\u00a0\u00a0 Curiel Tejeda Rub\u00e9n Alberto 7.\u00a0\u00a0\u00a0\u00a0\u00a0\u00a0\u00a0\u00a0 Est\u00e9vez Valdez Miriam Carolina Mientras que las y los aspirantes que se presentaron ante las y los diputados de 16:00 a 19:00 horas fueron:\u00a0 8.\u00a0\u00a0\u00a0\u00a0\u00a0\u00a0\u00a0\u00a0 Fiesco Bucio Jos\u00e9 Luis 9.\u00a0\u00a0\u00a0\u00a0\u00a0\u00a0\u00a0\u00a0 Flores Calder\u00f3n Roc\u00edo del Carmen 10.\u00a0\u00a0\u00a0\u00a0\u00a0 Garc\u00eda Hern\u00e1ndez Abraham 11.\u00a0\u00a0\u00a0\u00a0\u00a0 Garc\u00eda Le\u00f3n Armando Agust\u00edn 12.\u00a0\u00a0\u00a0\u00a0\u00a0 Garc\u00eda L\u00f3pez Laura Liliam 13.\u00a0\u00a0\u00a0\u00a0\u00a0 Hern\u00e1ndez Barradas Carolina 14.\u00a0\u00a0\u00a0\u00a0\u00a0 Infante Mel\u00e9ndez Francisco Alfonso 15.\u00a0\u00a0\u00a0\u00a0\u00a0 Infante Mel\u00e9ndez Mar\u00eda Natalia 16.\u00a0\u00a0\u00a0\u00a0\u00a0 Lagunes De Gante Luis Fernando 17.\u00a0\u00a0\u00a0\u00a0\u00a0 Lim\u00f3n Mendoza Erika El resto de\u00a0 las comparecencias ser\u00e1n desahogadas el 12 de noviembre del 2020 a partir de la 16:00 horas. \u00a0","og_url":"https:\/\/ferabrajan.com\/portal\/2020\/11\/12\/comparecen-aspirantes-al-consejo-consultivo-de-la-cdh-ante-diputados\/","og_site_name":"Fer Abrajan","article_publisher":"https:\/\/www.facebook.com\/NoticiasconFerAbrajan\/","article_published_time":"2020-11-12T20:05:10+00:00","author":"admin","twitter_card":"summary_large_image","twitter_creator":"@ferabrajan1","twitter_site":"@ferabrajan1","twitter_misc":{"Escrito por":"admin","Tiempo de lectura":"1 minuto"},"schema":{"@context":"https:\/\/schema.org","@graph":[{"@type":"Article","@id":"https:\/\/ferabrajan.com\/portal\/2020\/11\/12\/comparecen-aspirantes-al-consejo-consultivo-de-la-cdh-ante-diputados\/#article","isPartOf":{"@id":"https:\/\/ferabrajan.com\/portal\/2020\/11\/12\/comparecen-aspirantes-al-consejo-consultivo-de-la-cdh-ante-diputados\/"},"author":{"name":"admin","@id":"https:\/\/ferabrajan.com\/portal\/#\/schema\/person\/f6113b3cb1e036d5c6a9505685b257ba"},"headline":"Comparecen aspirantes al Consejo Consultivo de la CDH ante diputados","datePublished":"2020-11-12T20:05:10+00:00","mainEntityOfPage":{"@id":"https:\/\/ferabrajan.com\/portal\/2020\/11\/12\/comparecen-aspirantes-al-consejo-consultivo-de-la-cdh-ante-diputados\/"},"wordCount":289,"commentCount":0,"publisher":{"@id":"https:\/\/ferabrajan.com\/portal\/#organization"},"image":{"@id":"https:\/\/ferabrajan.com\/portal\/2020\/11\/12\/comparecen-aspirantes-al-consejo-consultivo-de-la-cdh-ante-diputados\/#primaryimage"},"thumbnailUrl":"","keywords":["CEDH","Congreso del Estado","Derechos Humanos","puebla"],"articleSection":["Puebla"],"inLanguage":"es"},{"@type":"WebPage","@id":"https:\/\/ferabrajan.com\/portal\/2020\/11\/12\/comparecen-aspirantes-al-consejo-consultivo-de-la-cdh-ante-diputados\/","url":"https:\/\/ferabrajan.com\/portal\/2020\/11\/12\/comparecen-aspirantes-al-consejo-consultivo-de-la-cdh-ante-diputados\/","name":"Comparecen aspirantes al Consejo Consultivo de la CDH ante diputados - Fer Abrajan","isPartOf":{"@id":"https:\/\/ferabrajan.com\/portal\/#website"},"primaryImageOfPage":{"@id":"https:\/\/ferabrajan.com\/portal\/2020\/11\/12\/comparecen-aspirantes-al-consejo-consultivo-de-la-cdh-ante-diputados\/#primaryimage"},"image":{"@id":"https:\/\/ferabrajan.com\/portal\/2020\/11\/12\/comparecen-aspirantes-al-consejo-consultivo-de-la-cdh-ante-diputados\/#primaryimage"},"thumbnailUrl":"","datePublished":"2020-11-12T20:05:10+00:00","breadcrumb":{"@id":"https:\/\/ferabrajan.com\/portal\/2020\/11\/12\/comparecen-aspirantes-al-consejo-consultivo-de-la-cdh-ante-diputados\/#breadcrumb"},"inLanguage":"es","potentialAction":[{"@type":"ReadAction","target":["https:\/\/ferabrajan.com\/portal\/2020\/11\/12\/comparecen-aspirantes-al-consejo-consultivo-de-la-cdh-ante-diputados\/"]}]},{"@type":"ImageObject","inLanguage":"es","@id":"https:\/\/ferabrajan.com\/portal\/2020\/11\/12\/comparecen-aspirantes-al-consejo-consultivo-de-la-cdh-ante-diputados\/#primaryimage","url":"","contentUrl":""},{"@type":"BreadcrumbList","@id":"https:\/\/ferabrajan.com\/portal\/2020\/11\/12\/comparecen-aspirantes-al-consejo-consultivo-de-la-cdh-ante-diputados\/#breadcrumb","itemListElement":[{"@type":"ListItem","position":1,"name":"Portada","item":"https:\/\/ferabrajan.com\/portal\/"},{"@type":"ListItem","position":2,"name":"Comparecen aspirantes al Consejo Consultivo de la CDH ante diputados"}]},{"@type":"WebSite","@id":"https:\/\/ferabrajan.com\/portal\/#website","url":"https:\/\/ferabrajan.com\/portal\/","name":"Fer Abrajan","description":"Noticias de Puebla, opini\u00f3n y radio en vivo","publisher":{"@id":"https:\/\/ferabrajan.com\/portal\/#organization"},"potentialAction":[{"@type":"SearchAction","target":{"@type":"EntryPoint","urlTemplate":"https:\/\/ferabrajan.com\/portal\/?s={search_term_string}"},"query-input":{"@type":"PropertyValueSpecification","valueRequired":true,"valueName":"search_term_string"}}],"inLanguage":"es"},{"@type":"Organization","@id":"https:\/\/ferabrajan.com\/portal\/#organization","name":"Fer Abrajan","url":"https:\/\/ferabrajan.com\/portal\/","logo":{"@type":"ImageObject","inLanguage":"es","@id":"https:\/\/ferabrajan.com\/portal\/#\/schema\/logo\/image\/","url":"https:\/\/ferabrajan.com\/portal\/wp-content\/uploads\/2024\/10\/cropped-logo.jpeg","contentUrl":"https:\/\/ferabrajan.com\/portal\/wp-content\/uploads\/2024\/10\/cropped-logo.jpeg","width":500,"height":250,"caption":"Fer Abrajan"},"image":{"@id":"https:\/\/ferabrajan.com\/portal\/#\/schema\/logo\/image\/"},"sameAs":["https:\/\/www.facebook.com\/NoticiasconFerAbrajan\/","https:\/\/x.com\/ferabrajan1"]},{"@type":"Person","@id":"https:\/\/ferabrajan.com\/portal\/#\/schema\/person\/f6113b3cb1e036d5c6a9505685b257ba","name":"admin","image":{"@type":"ImageObject","inLanguage":"es","@id":"https:\/\/secure.gravatar.com\/avatar\/072baa72775aad53c748dfc5d3048578e01b6c087eef335459ebfa04344e2d18?s=96&d=mm&r=g","url":"https:\/\/secure.gravatar.com\/avatar\/072baa72775aad53c748dfc5d3048578e01b6c087eef335459ebfa04344e2d18?s=96&d=mm&r=g","contentUrl":"https:\/\/secure.gravatar.com\/avatar\/072baa72775aad53c748dfc5d3048578e01b6c087eef335459ebfa04344e2d18?s=96&d=mm&r=g","caption":"admin"},"sameAs":["https:\/\/ferabrajan.com\/portal"],"url":"https:\/\/ferabrajan.com\/portal\/author\/admin\/"}]}},"_links":{"self":[{"href":"https:\/\/ferabrajan.com\/portal\/wp-json\/wp\/v2\/posts\/21224","targetHints":{"allow":["GET"]}}],"collection":[{"href":"https:\/\/ferabrajan.com\/portal\/wp-json\/wp\/v2\/posts"}],"about":[{"href":"https:\/\/ferabrajan.com\/portal\/wp-json\/wp\/v2\/types\/post"}],"author":[{"embeddable":true,"href":"https:\/\/ferabrajan.com\/portal\/wp-json\/wp\/v2\/users\/1"}],"replies":[{"embeddable":true,"href":"https:\/\/ferabrajan.com\/portal\/wp-json\/wp\/v2\/comments?post=21224"}],"version-history":[{"count":0,"href":"https:\/\/ferabrajan.com\/portal\/wp-json\/wp\/v2\/posts\/21224\/revisions"}],"wp:attachment":[{"href":"https:\/\/ferabrajan.com\/portal\/wp-json\/wp\/v2\/media?parent=21224"}],"wp:term":[{"taxonomy":"category","embeddable":true,"href":"https:\/\/ferabrajan.com\/portal\/wp-json\/wp\/v2\/categories?post=21224"},{"taxonomy":"post_tag","embeddable":true,"href":"https:\/\/ferabrajan.com\/portal\/wp-json\/wp\/v2\/tags?post=21224"}],"curies":[{"name":"wp","href":"https:\/\/api.w.org\/{rel}","templated":true}]}}