{"id":21197,"date":"2020-11-12T08:30:00","date_gmt":"2020-11-12T08:30:00","guid":{"rendered":"https:\/\/www.elsoldepuebla.com.mx\/gossip\/celebridades\/feratum-rinde-tributo-a-ignacio-lopez-tarso-macario-aniversario-festival-cine-fantastico-michoacan-6007411.html"},"modified":"2020-11-12T08:30:00","modified_gmt":"2020-11-12T08:30:00","slug":"feratum-rinde-tributo-a-ignacio-lopez-tarso","status":"publish","type":"post","link":"https:\/\/ferabrajan.com\/portal\/2020\/11\/12\/feratum-rinde-tributo-a-ignacio-lopez-tarso\/","title":{"rendered":"Feratum rinde tributo a Ignacio L\u00f3pez Tarso"},"content":{"rendered":"<div><img decoding=\"async\" src=\"https:\/\/www.elsoldemexico.com.mx\/gossip\/celebridades\/bvyevl-macario-feratum-cortesia-filmoteca-unam.jpg\/ALTERNATES\/LANDSCAPE_1140\/Macario%20Feratum%20Cortesia%20Filmoteca%20UNAM.jpg\" class=\"ff-og-image-inserted\"><\/div>\n<p>El Festival Internacional de Cine Fant\u00e1stico, Feratum, realizar\u00e1 su novena edici\u00f3n en un formato h\u00edbrido, con actividades presenciales en Tlalpujahua y P\u00e1tzcuaro, Michoac\u00e1n, y presentando sus pel\u00edculas en l\u00ednea a trav\u00e9s de las plataformas digitales de FilminLatino y Cin\u00e9polis Klic.<\/p>\n<p>El encuentro que se realizar\u00e1 del 19 al 22 de noviembre, tendr\u00e1 su inauguraci\u00f3n y clausura de manera presencial en Tlalpujahua, la sede tradicional; mientras que P\u00e1tzcuaro se a\u00f1ade como segunda sede, donde habr\u00e1 algunas actividades presenciales como encuentros con directores y talento.<\/p>\n<h4><strong>\u25b6\ufe0f <a href=\"https:\/\/news.google.com\/publications\/CAAqBwgKMO7s_gownb73Ag?hl=es-419&amp;gl=MX&amp;ceid=MX%3Aes-419\" target=\"_blank\" rel=\"Follow noopener noreferrer\">Mantente informado en nuestro canal de Google Noticias<\/a><\/strong><\/h4>\n<p>De entre las m\u00e1s de 50 producciones que conforman su programaci\u00f3n, destaca <em>Aztech<\/em>, una antolog\u00eda de nueve segmentos dirigidos por realizadores como Gigi Sa\u00fal Guerrero, J. Xavier Velasco y Leopoldo Laborde. El filme que tendr\u00e1 su premier mundial en P\u00e1tzcuaro, relata algunas profec\u00edas aztecas que se cumplen tras la ca\u00edda de un meteorito.<\/p>\n<p>Tambi\u00e9n en P\u00e1tzcuaro se presentar\u00e1 la premier de los cinco cortometrajes creados en el Rally Feratum 60, secci\u00f3n que presenta los trabajos de los cinco grupos participantes que en 60 horas filmaron un corto en las ciudades anfitrionas y los cuales se podr\u00e1n consultar de manera gratuita en Cin\u00e9polis Klic.<\/p>\n<p>La celebraci\u00f3n del cine fant\u00e1stico, de terror y ciencia ficci\u00f3n iniciar\u00e1 con el filme canadiense <em>Come true<\/em>, del director Anthony Burns, que form\u00f3 parte del Festival de Sitges este a\u00f1o. La clausura correr\u00e1 a cargo de <em>Skin walker<\/em>, del realizador Christian Neuman. Ambas pel\u00edculas podr\u00e1n verse de manera gratuita en la plataforma de Cin\u00e9polis Klic.<\/p>\n<p>Para celebrar los 60 a\u00f1os de <em>Macario<\/em>, pel\u00edcula de Roberto Gavald\u00f3n que fue la primera cinta mexicana nominada al Oscar, Feratum rendir\u00e1 un homenaje a su protagonista: Ignacio L\u00f3pez Tarso. El actor de 95 a\u00f1os recibir\u00e1 el Nosferatu de Oro desde su casa, en un acto que ser\u00e1 transmitido por las redes sociales del festival.<\/p>\n<p>Miguel \u00c1ngel Mar\u00edn, director de Feratum, inform\u00f3 en conferencia que debido a la emergencia sanitaria este a\u00f1o queda cancelada la Marcha de las Bestias, desfile en el que cientos de personas se disfrazan de alg\u00fan personaje macabro y recorren la ciudad de Tlalpujahua alumbrados por antorchas.<\/p>\n<p>Publicaci\u00f3n Original: <a href=\"https:\/\/www.elsoldepuebla.com.mx\/gossip\/celebridades\/feratum-rinde-tributo-a-ignacio-lopez-tarso-macario-aniversario-festival-cine-fantastico-michoacan-6007411.html\" target=\"_blank\" rel=\"noopener noreferrer\">https:\/\/www.elsoldepuebla.com.mx\/gossip\/celebridades\/feratum-rinde-tributo-a-ignacio-lopez-tarso-macario-aniversario-festival-cine-fantastico-michoacan-6007411.html<\/a><\/p>\n","protected":false},"excerpt":{"rendered":"<p>El Festival Internacional de Cine Fant\u00e1stico, Feratum, realizar\u00e1 su novena edici\u00f3n en un formato h\u00edbrido, con actividades presenciales en Tlalpujahua y P\u00e1tzcuaro, Michoac\u00e1n, y presentando sus pel\u00edculas en l\u00ednea a trav\u00e9s de las plataformas digitales de FilminLatino y Cin\u00e9polis Klic. El encuentro que se realizar\u00e1 del 19 al 22 de noviembre, tendr\u00e1 su inauguraci\u00f3n y clausura de manera presencial en Tlalpujahua, la sede tradicional; mientras que P\u00e1tzcuaro se a\u00f1ade como segunda sede, donde habr\u00e1 algunas actividades presenciales como encuentros con directores y talento. \u25b6\ufe0f Mantente informado en nuestro canal de Google Noticias De entre las m\u00e1s de 50 producciones que conforman su programaci\u00f3n, destaca Aztech, una antolog\u00eda de nueve segmentos dirigidos por realizadores como Gigi Sa\u00fal Guerrero, J. Xavier Velasco y Leopoldo Laborde. El filme que tendr\u00e1 su premier mundial en P\u00e1tzcuaro, relata algunas profec\u00edas aztecas que se cumplen tras la ca\u00edda de un meteorito. Tambi\u00e9n en P\u00e1tzcuaro se presentar\u00e1 la premier de los cinco cortometrajes creados en el Rally Feratum 60, secci\u00f3n que presenta los trabajos de los cinco grupos participantes que en 60 horas filmaron un corto en las ciudades anfitrionas y los cuales se podr\u00e1n consultar de manera gratuita en Cin\u00e9polis Klic. La celebraci\u00f3n del cine fant\u00e1stico, de terror y ciencia ficci\u00f3n iniciar\u00e1 con el filme canadiense Come true, del director Anthony Burns, que form\u00f3 parte del Festival de Sitges este a\u00f1o. La clausura correr\u00e1 a cargo de Skin walker, del realizador Christian Neuman. Ambas pel\u00edculas podr\u00e1n verse de manera gratuita en la plataforma de Cin\u00e9polis Klic. Para celebrar los 60 a\u00f1os de Macario, pel\u00edcula de Roberto Gavald\u00f3n que fue la primera cinta mexicana nominada al Oscar, Feratum rendir\u00e1 un homenaje a su protagonista: Ignacio L\u00f3pez Tarso. El actor de 95 a\u00f1os recibir\u00e1 el Nosferatu de Oro desde su casa, en un acto que ser\u00e1 transmitido por las redes sociales del festival. Miguel \u00c1ngel Mar\u00edn, director de Feratum, inform\u00f3 en conferencia que debido a la emergencia sanitaria este a\u00f1o queda cancelada la Marcha de las Bestias, desfile en el que cientos de personas se disfrazan de alg\u00fan personaje macabro y recorren la ciudad de Tlalpujahua alumbrados por antorchas. Publicaci\u00f3n Original: https:\/\/www.elsoldepuebla.com.mx\/gossip\/celebridades\/feratum-rinde-tributo-a-ignacio-lopez-tarso-macario-aniversario-festival-cine-fantastico-michoacan-6007411.html<\/p>\n","protected":false},"author":1,"featured_media":21201,"comment_status":"closed","ping_status":"closed","sticky":false,"template":"","format":"standard","meta":{"_monsterinsights_skip_tracking":false,"_uf_show_specific_survey":0,"_uf_disable_surveys":false,"footnotes":""},"categories":[34],"tags":[],"class_list":["post-21197","post","type-post","status-publish","format-standard","has-post-thumbnail","hentry","category-puebla"],"yoast_head":"<!-- This site is optimized with the Yoast SEO plugin v27.5 - https:\/\/yoast.com\/product\/yoast-seo-wordpress\/ -->\n<title>Feratum rinde tributo a Ignacio L\u00f3pez Tarso - Fer Abrajan<\/title>\n<meta name=\"robots\" content=\"index, follow, max-snippet:-1, max-image-preview:large, max-video-preview:-1\" \/>\n<link rel=\"canonical\" href=\"https:\/\/ferabrajan.com\/portal\/2020\/11\/12\/feratum-rinde-tributo-a-ignacio-lopez-tarso\/\" \/>\n<meta property=\"og:locale\" content=\"es_ES\" \/>\n<meta property=\"og:type\" content=\"article\" \/>\n<meta property=\"og:title\" content=\"Feratum rinde tributo a Ignacio L\u00f3pez Tarso - Fer Abrajan\" \/>\n<meta property=\"og:description\" content=\"El Festival Internacional de Cine Fant\u00e1stico, Feratum, realizar\u00e1 su novena edici\u00f3n en un formato h\u00edbrido, con actividades presenciales en Tlalpujahua y P\u00e1tzcuaro, Michoac\u00e1n, y presentando sus pel\u00edculas en l\u00ednea a trav\u00e9s de las plataformas digitales de FilminLatino y Cin\u00e9polis Klic. El encuentro que se realizar\u00e1 del 19 al 22 de noviembre, tendr\u00e1 su inauguraci\u00f3n y clausura de manera presencial en Tlalpujahua, la sede tradicional; mientras que P\u00e1tzcuaro se a\u00f1ade como segunda sede, donde habr\u00e1 algunas actividades presenciales como encuentros con directores y talento. \u25b6\ufe0f Mantente informado en nuestro canal de Google Noticias De entre las m\u00e1s de 50 producciones que conforman su programaci\u00f3n, destaca Aztech, una antolog\u00eda de nueve segmentos dirigidos por realizadores como Gigi Sa\u00fal Guerrero, J. Xavier Velasco y Leopoldo Laborde. El filme que tendr\u00e1 su premier mundial en P\u00e1tzcuaro, relata algunas profec\u00edas aztecas que se cumplen tras la ca\u00edda de un meteorito. Tambi\u00e9n en P\u00e1tzcuaro se presentar\u00e1 la premier de los cinco cortometrajes creados en el Rally Feratum 60, secci\u00f3n que presenta los trabajos de los cinco grupos participantes que en 60 horas filmaron un corto en las ciudades anfitrionas y los cuales se podr\u00e1n consultar de manera gratuita en Cin\u00e9polis Klic. La celebraci\u00f3n del cine fant\u00e1stico, de terror y ciencia ficci\u00f3n iniciar\u00e1 con el filme canadiense Come true, del director Anthony Burns, que form\u00f3 parte del Festival de Sitges este a\u00f1o. La clausura correr\u00e1 a cargo de Skin walker, del realizador Christian Neuman. Ambas pel\u00edculas podr\u00e1n verse de manera gratuita en la plataforma de Cin\u00e9polis Klic. Para celebrar los 60 a\u00f1os de Macario, pel\u00edcula de Roberto Gavald\u00f3n que fue la primera cinta mexicana nominada al Oscar, Feratum rendir\u00e1 un homenaje a su protagonista: Ignacio L\u00f3pez Tarso. El actor de 95 a\u00f1os recibir\u00e1 el Nosferatu de Oro desde su casa, en un acto que ser\u00e1 transmitido por las redes sociales del festival. Miguel \u00c1ngel Mar\u00edn, director de Feratum, inform\u00f3 en conferencia que debido a la emergencia sanitaria este a\u00f1o queda cancelada la Marcha de las Bestias, desfile en el que cientos de personas se disfrazan de alg\u00fan personaje macabro y recorren la ciudad de Tlalpujahua alumbrados por antorchas. Publicaci\u00f3n Original: https:\/\/www.elsoldepuebla.com.mx\/gossip\/celebridades\/feratum-rinde-tributo-a-ignacio-lopez-tarso-macario-aniversario-festival-cine-fantastico-michoacan-6007411.html\" \/>\n<meta property=\"og:url\" content=\"https:\/\/ferabrajan.com\/portal\/2020\/11\/12\/feratum-rinde-tributo-a-ignacio-lopez-tarso\/\" \/>\n<meta property=\"og:site_name\" content=\"Fer Abrajan\" \/>\n<meta property=\"article:publisher\" content=\"https:\/\/www.facebook.com\/NoticiasconFerAbrajan\/\" \/>\n<meta property=\"article:published_time\" content=\"2020-11-12T08:30:00+00:00\" \/>\n<meta name=\"author\" content=\"admin\" \/>\n<meta name=\"twitter:card\" content=\"summary_large_image\" \/>\n<meta name=\"twitter:creator\" content=\"@ferabrajan1\" \/>\n<meta name=\"twitter:site\" content=\"@ferabrajan1\" \/>\n<meta name=\"twitter:label1\" content=\"Escrito por\" \/>\n\t<meta name=\"twitter:data1\" content=\"admin\" \/>\n\t<meta name=\"twitter:label2\" content=\"Tiempo de lectura\" \/>\n\t<meta name=\"twitter:data2\" content=\"2 minutos\" \/>\n<script type=\"application\/ld+json\" class=\"yoast-schema-graph\">{\"@context\":\"https:\\\/\\\/schema.org\",\"@graph\":[{\"@type\":\"Article\",\"@id\":\"https:\\\/\\\/ferabrajan.com\\\/portal\\\/2020\\\/11\\\/12\\\/feratum-rinde-tributo-a-ignacio-lopez-tarso\\\/#article\",\"isPartOf\":{\"@id\":\"https:\\\/\\\/ferabrajan.com\\\/portal\\\/2020\\\/11\\\/12\\\/feratum-rinde-tributo-a-ignacio-lopez-tarso\\\/\"},\"author\":{\"name\":\"admin\",\"@id\":\"https:\\\/\\\/ferabrajan.com\\\/portal\\\/#\\\/schema\\\/person\\\/f6113b3cb1e036d5c6a9505685b257ba\"},\"headline\":\"Feratum rinde tributo a Ignacio L\u00f3pez Tarso\",\"datePublished\":\"2020-11-12T08:30:00+00:00\",\"mainEntityOfPage\":{\"@id\":\"https:\\\/\\\/ferabrajan.com\\\/portal\\\/2020\\\/11\\\/12\\\/feratum-rinde-tributo-a-ignacio-lopez-tarso\\\/\"},\"wordCount\":402,\"publisher\":{\"@id\":\"https:\\\/\\\/ferabrajan.com\\\/portal\\\/#organization\"},\"image\":{\"@id\":\"https:\\\/\\\/ferabrajan.com\\\/portal\\\/2020\\\/11\\\/12\\\/feratum-rinde-tributo-a-ignacio-lopez-tarso\\\/#primaryimage\"},\"thumbnailUrl\":\"\",\"articleSection\":[\"Puebla\"],\"inLanguage\":\"es\"},{\"@type\":\"WebPage\",\"@id\":\"https:\\\/\\\/ferabrajan.com\\\/portal\\\/2020\\\/11\\\/12\\\/feratum-rinde-tributo-a-ignacio-lopez-tarso\\\/\",\"url\":\"https:\\\/\\\/ferabrajan.com\\\/portal\\\/2020\\\/11\\\/12\\\/feratum-rinde-tributo-a-ignacio-lopez-tarso\\\/\",\"name\":\"Feratum rinde tributo a Ignacio L\u00f3pez Tarso - Fer Abrajan\",\"isPartOf\":{\"@id\":\"https:\\\/\\\/ferabrajan.com\\\/portal\\\/#website\"},\"primaryImageOfPage\":{\"@id\":\"https:\\\/\\\/ferabrajan.com\\\/portal\\\/2020\\\/11\\\/12\\\/feratum-rinde-tributo-a-ignacio-lopez-tarso\\\/#primaryimage\"},\"image\":{\"@id\":\"https:\\\/\\\/ferabrajan.com\\\/portal\\\/2020\\\/11\\\/12\\\/feratum-rinde-tributo-a-ignacio-lopez-tarso\\\/#primaryimage\"},\"thumbnailUrl\":\"\",\"datePublished\":\"2020-11-12T08:30:00+00:00\",\"breadcrumb\":{\"@id\":\"https:\\\/\\\/ferabrajan.com\\\/portal\\\/2020\\\/11\\\/12\\\/feratum-rinde-tributo-a-ignacio-lopez-tarso\\\/#breadcrumb\"},\"inLanguage\":\"es\",\"potentialAction\":[{\"@type\":\"ReadAction\",\"target\":[\"https:\\\/\\\/ferabrajan.com\\\/portal\\\/2020\\\/11\\\/12\\\/feratum-rinde-tributo-a-ignacio-lopez-tarso\\\/\"]}]},{\"@type\":\"ImageObject\",\"inLanguage\":\"es\",\"@id\":\"https:\\\/\\\/ferabrajan.com\\\/portal\\\/2020\\\/11\\\/12\\\/feratum-rinde-tributo-a-ignacio-lopez-tarso\\\/#primaryimage\",\"url\":\"\",\"contentUrl\":\"\"},{\"@type\":\"BreadcrumbList\",\"@id\":\"https:\\\/\\\/ferabrajan.com\\\/portal\\\/2020\\\/11\\\/12\\\/feratum-rinde-tributo-a-ignacio-lopez-tarso\\\/#breadcrumb\",\"itemListElement\":[{\"@type\":\"ListItem\",\"position\":1,\"name\":\"Portada\",\"item\":\"https:\\\/\\\/ferabrajan.com\\\/portal\\\/\"},{\"@type\":\"ListItem\",\"position\":2,\"name\":\"Feratum rinde tributo a Ignacio L\u00f3pez Tarso\"}]},{\"@type\":\"WebSite\",\"@id\":\"https:\\\/\\\/ferabrajan.com\\\/portal\\\/#website\",\"url\":\"https:\\\/\\\/ferabrajan.com\\\/portal\\\/\",\"name\":\"Fer Abrajan\",\"description\":\"Noticias de Puebla, opini\u00f3n y radio en vivo\",\"publisher\":{\"@id\":\"https:\\\/\\\/ferabrajan.com\\\/portal\\\/#organization\"},\"potentialAction\":[{\"@type\":\"SearchAction\",\"target\":{\"@type\":\"EntryPoint\",\"urlTemplate\":\"https:\\\/\\\/ferabrajan.com\\\/portal\\\/?s={search_term_string}\"},\"query-input\":{\"@type\":\"PropertyValueSpecification\",\"valueRequired\":true,\"valueName\":\"search_term_string\"}}],\"inLanguage\":\"es\"},{\"@type\":\"Organization\",\"@id\":\"https:\\\/\\\/ferabrajan.com\\\/portal\\\/#organization\",\"name\":\"Fer Abrajan\",\"url\":\"https:\\\/\\\/ferabrajan.com\\\/portal\\\/\",\"logo\":{\"@type\":\"ImageObject\",\"inLanguage\":\"es\",\"@id\":\"https:\\\/\\\/ferabrajan.com\\\/portal\\\/#\\\/schema\\\/logo\\\/image\\\/\",\"url\":\"https:\\\/\\\/ferabrajan.com\\\/portal\\\/wp-content\\\/uploads\\\/2024\\\/10\\\/cropped-logo.jpeg\",\"contentUrl\":\"https:\\\/\\\/ferabrajan.com\\\/portal\\\/wp-content\\\/uploads\\\/2024\\\/10\\\/cropped-logo.jpeg\",\"width\":500,\"height\":250,\"caption\":\"Fer Abrajan\"},\"image\":{\"@id\":\"https:\\\/\\\/ferabrajan.com\\\/portal\\\/#\\\/schema\\\/logo\\\/image\\\/\"},\"sameAs\":[\"https:\\\/\\\/www.facebook.com\\\/NoticiasconFerAbrajan\\\/\",\"https:\\\/\\\/x.com\\\/ferabrajan1\"]},{\"@type\":\"Person\",\"@id\":\"https:\\\/\\\/ferabrajan.com\\\/portal\\\/#\\\/schema\\\/person\\\/f6113b3cb1e036d5c6a9505685b257ba\",\"name\":\"admin\",\"image\":{\"@type\":\"ImageObject\",\"inLanguage\":\"es\",\"@id\":\"https:\\\/\\\/secure.gravatar.com\\\/avatar\\\/072baa72775aad53c748dfc5d3048578e01b6c087eef335459ebfa04344e2d18?s=96&d=mm&r=g\",\"url\":\"https:\\\/\\\/secure.gravatar.com\\\/avatar\\\/072baa72775aad53c748dfc5d3048578e01b6c087eef335459ebfa04344e2d18?s=96&d=mm&r=g\",\"contentUrl\":\"https:\\\/\\\/secure.gravatar.com\\\/avatar\\\/072baa72775aad53c748dfc5d3048578e01b6c087eef335459ebfa04344e2d18?s=96&d=mm&r=g\",\"caption\":\"admin\"},\"sameAs\":[\"https:\\\/\\\/ferabrajan.com\\\/portal\"],\"url\":\"https:\\\/\\\/ferabrajan.com\\\/portal\\\/author\\\/admin\\\/\"}]}<\/script>\n<!-- \/ Yoast SEO plugin. -->","yoast_head_json":{"title":"Feratum rinde tributo a Ignacio L\u00f3pez Tarso - Fer Abrajan","robots":{"index":"index","follow":"follow","max-snippet":"max-snippet:-1","max-image-preview":"max-image-preview:large","max-video-preview":"max-video-preview:-1"},"canonical":"https:\/\/ferabrajan.com\/portal\/2020\/11\/12\/feratum-rinde-tributo-a-ignacio-lopez-tarso\/","og_locale":"es_ES","og_type":"article","og_title":"Feratum rinde tributo a Ignacio L\u00f3pez Tarso - Fer Abrajan","og_description":"El Festival Internacional de Cine Fant\u00e1stico, Feratum, realizar\u00e1 su novena edici\u00f3n en un formato h\u00edbrido, con actividades presenciales en Tlalpujahua y P\u00e1tzcuaro, Michoac\u00e1n, y presentando sus pel\u00edculas en l\u00ednea a trav\u00e9s de las plataformas digitales de FilminLatino y Cin\u00e9polis Klic. El encuentro que se realizar\u00e1 del 19 al 22 de noviembre, tendr\u00e1 su inauguraci\u00f3n y clausura de manera presencial en Tlalpujahua, la sede tradicional; mientras que P\u00e1tzcuaro se a\u00f1ade como segunda sede, donde habr\u00e1 algunas actividades presenciales como encuentros con directores y talento. \u25b6\ufe0f Mantente informado en nuestro canal de Google Noticias De entre las m\u00e1s de 50 producciones que conforman su programaci\u00f3n, destaca Aztech, una antolog\u00eda de nueve segmentos dirigidos por realizadores como Gigi Sa\u00fal Guerrero, J. Xavier Velasco y Leopoldo Laborde. El filme que tendr\u00e1 su premier mundial en P\u00e1tzcuaro, relata algunas profec\u00edas aztecas que se cumplen tras la ca\u00edda de un meteorito. Tambi\u00e9n en P\u00e1tzcuaro se presentar\u00e1 la premier de los cinco cortometrajes creados en el Rally Feratum 60, secci\u00f3n que presenta los trabajos de los cinco grupos participantes que en 60 horas filmaron un corto en las ciudades anfitrionas y los cuales se podr\u00e1n consultar de manera gratuita en Cin\u00e9polis Klic. La celebraci\u00f3n del cine fant\u00e1stico, de terror y ciencia ficci\u00f3n iniciar\u00e1 con el filme canadiense Come true, del director Anthony Burns, que form\u00f3 parte del Festival de Sitges este a\u00f1o. La clausura correr\u00e1 a cargo de Skin walker, del realizador Christian Neuman. Ambas pel\u00edculas podr\u00e1n verse de manera gratuita en la plataforma de Cin\u00e9polis Klic. Para celebrar los 60 a\u00f1os de Macario, pel\u00edcula de Roberto Gavald\u00f3n que fue la primera cinta mexicana nominada al Oscar, Feratum rendir\u00e1 un homenaje a su protagonista: Ignacio L\u00f3pez Tarso. El actor de 95 a\u00f1os recibir\u00e1 el Nosferatu de Oro desde su casa, en un acto que ser\u00e1 transmitido por las redes sociales del festival. Miguel \u00c1ngel Mar\u00edn, director de Feratum, inform\u00f3 en conferencia que debido a la emergencia sanitaria este a\u00f1o queda cancelada la Marcha de las Bestias, desfile en el que cientos de personas se disfrazan de alg\u00fan personaje macabro y recorren la ciudad de Tlalpujahua alumbrados por antorchas. Publicaci\u00f3n Original: https:\/\/www.elsoldepuebla.com.mx\/gossip\/celebridades\/feratum-rinde-tributo-a-ignacio-lopez-tarso-macario-aniversario-festival-cine-fantastico-michoacan-6007411.html","og_url":"https:\/\/ferabrajan.com\/portal\/2020\/11\/12\/feratum-rinde-tributo-a-ignacio-lopez-tarso\/","og_site_name":"Fer Abrajan","article_publisher":"https:\/\/www.facebook.com\/NoticiasconFerAbrajan\/","article_published_time":"2020-11-12T08:30:00+00:00","author":"admin","twitter_card":"summary_large_image","twitter_creator":"@ferabrajan1","twitter_site":"@ferabrajan1","twitter_misc":{"Escrito por":"admin","Tiempo de lectura":"2 minutos"},"schema":{"@context":"https:\/\/schema.org","@graph":[{"@type":"Article","@id":"https:\/\/ferabrajan.com\/portal\/2020\/11\/12\/feratum-rinde-tributo-a-ignacio-lopez-tarso\/#article","isPartOf":{"@id":"https:\/\/ferabrajan.com\/portal\/2020\/11\/12\/feratum-rinde-tributo-a-ignacio-lopez-tarso\/"},"author":{"name":"admin","@id":"https:\/\/ferabrajan.com\/portal\/#\/schema\/person\/f6113b3cb1e036d5c6a9505685b257ba"},"headline":"Feratum rinde tributo a Ignacio L\u00f3pez Tarso","datePublished":"2020-11-12T08:30:00+00:00","mainEntityOfPage":{"@id":"https:\/\/ferabrajan.com\/portal\/2020\/11\/12\/feratum-rinde-tributo-a-ignacio-lopez-tarso\/"},"wordCount":402,"publisher":{"@id":"https:\/\/ferabrajan.com\/portal\/#organization"},"image":{"@id":"https:\/\/ferabrajan.com\/portal\/2020\/11\/12\/feratum-rinde-tributo-a-ignacio-lopez-tarso\/#primaryimage"},"thumbnailUrl":"","articleSection":["Puebla"],"inLanguage":"es"},{"@type":"WebPage","@id":"https:\/\/ferabrajan.com\/portal\/2020\/11\/12\/feratum-rinde-tributo-a-ignacio-lopez-tarso\/","url":"https:\/\/ferabrajan.com\/portal\/2020\/11\/12\/feratum-rinde-tributo-a-ignacio-lopez-tarso\/","name":"Feratum rinde tributo a Ignacio L\u00f3pez Tarso - Fer Abrajan","isPartOf":{"@id":"https:\/\/ferabrajan.com\/portal\/#website"},"primaryImageOfPage":{"@id":"https:\/\/ferabrajan.com\/portal\/2020\/11\/12\/feratum-rinde-tributo-a-ignacio-lopez-tarso\/#primaryimage"},"image":{"@id":"https:\/\/ferabrajan.com\/portal\/2020\/11\/12\/feratum-rinde-tributo-a-ignacio-lopez-tarso\/#primaryimage"},"thumbnailUrl":"","datePublished":"2020-11-12T08:30:00+00:00","breadcrumb":{"@id":"https:\/\/ferabrajan.com\/portal\/2020\/11\/12\/feratum-rinde-tributo-a-ignacio-lopez-tarso\/#breadcrumb"},"inLanguage":"es","potentialAction":[{"@type":"ReadAction","target":["https:\/\/ferabrajan.com\/portal\/2020\/11\/12\/feratum-rinde-tributo-a-ignacio-lopez-tarso\/"]}]},{"@type":"ImageObject","inLanguage":"es","@id":"https:\/\/ferabrajan.com\/portal\/2020\/11\/12\/feratum-rinde-tributo-a-ignacio-lopez-tarso\/#primaryimage","url":"","contentUrl":""},{"@type":"BreadcrumbList","@id":"https:\/\/ferabrajan.com\/portal\/2020\/11\/12\/feratum-rinde-tributo-a-ignacio-lopez-tarso\/#breadcrumb","itemListElement":[{"@type":"ListItem","position":1,"name":"Portada","item":"https:\/\/ferabrajan.com\/portal\/"},{"@type":"ListItem","position":2,"name":"Feratum rinde tributo a Ignacio L\u00f3pez Tarso"}]},{"@type":"WebSite","@id":"https:\/\/ferabrajan.com\/portal\/#website","url":"https:\/\/ferabrajan.com\/portal\/","name":"Fer Abrajan","description":"Noticias de Puebla, opini\u00f3n y radio en vivo","publisher":{"@id":"https:\/\/ferabrajan.com\/portal\/#organization"},"potentialAction":[{"@type":"SearchAction","target":{"@type":"EntryPoint","urlTemplate":"https:\/\/ferabrajan.com\/portal\/?s={search_term_string}"},"query-input":{"@type":"PropertyValueSpecification","valueRequired":true,"valueName":"search_term_string"}}],"inLanguage":"es"},{"@type":"Organization","@id":"https:\/\/ferabrajan.com\/portal\/#organization","name":"Fer Abrajan","url":"https:\/\/ferabrajan.com\/portal\/","logo":{"@type":"ImageObject","inLanguage":"es","@id":"https:\/\/ferabrajan.com\/portal\/#\/schema\/logo\/image\/","url":"https:\/\/ferabrajan.com\/portal\/wp-content\/uploads\/2024\/10\/cropped-logo.jpeg","contentUrl":"https:\/\/ferabrajan.com\/portal\/wp-content\/uploads\/2024\/10\/cropped-logo.jpeg","width":500,"height":250,"caption":"Fer Abrajan"},"image":{"@id":"https:\/\/ferabrajan.com\/portal\/#\/schema\/logo\/image\/"},"sameAs":["https:\/\/www.facebook.com\/NoticiasconFerAbrajan\/","https:\/\/x.com\/ferabrajan1"]},{"@type":"Person","@id":"https:\/\/ferabrajan.com\/portal\/#\/schema\/person\/f6113b3cb1e036d5c6a9505685b257ba","name":"admin","image":{"@type":"ImageObject","inLanguage":"es","@id":"https:\/\/secure.gravatar.com\/avatar\/072baa72775aad53c748dfc5d3048578e01b6c087eef335459ebfa04344e2d18?s=96&d=mm&r=g","url":"https:\/\/secure.gravatar.com\/avatar\/072baa72775aad53c748dfc5d3048578e01b6c087eef335459ebfa04344e2d18?s=96&d=mm&r=g","contentUrl":"https:\/\/secure.gravatar.com\/avatar\/072baa72775aad53c748dfc5d3048578e01b6c087eef335459ebfa04344e2d18?s=96&d=mm&r=g","caption":"admin"},"sameAs":["https:\/\/ferabrajan.com\/portal"],"url":"https:\/\/ferabrajan.com\/portal\/author\/admin\/"}]}},"_links":{"self":[{"href":"https:\/\/ferabrajan.com\/portal\/wp-json\/wp\/v2\/posts\/21197","targetHints":{"allow":["GET"]}}],"collection":[{"href":"https:\/\/ferabrajan.com\/portal\/wp-json\/wp\/v2\/posts"}],"about":[{"href":"https:\/\/ferabrajan.com\/portal\/wp-json\/wp\/v2\/types\/post"}],"author":[{"embeddable":true,"href":"https:\/\/ferabrajan.com\/portal\/wp-json\/wp\/v2\/users\/1"}],"replies":[{"embeddable":true,"href":"https:\/\/ferabrajan.com\/portal\/wp-json\/wp\/v2\/comments?post=21197"}],"version-history":[{"count":0,"href":"https:\/\/ferabrajan.com\/portal\/wp-json\/wp\/v2\/posts\/21197\/revisions"}],"wp:attachment":[{"href":"https:\/\/ferabrajan.com\/portal\/wp-json\/wp\/v2\/media?parent=21197"}],"wp:term":[{"taxonomy":"category","embeddable":true,"href":"https:\/\/ferabrajan.com\/portal\/wp-json\/wp\/v2\/categories?post=21197"},{"taxonomy":"post_tag","embeddable":true,"href":"https:\/\/ferabrajan.com\/portal\/wp-json\/wp\/v2\/tags?post=21197"}],"curies":[{"name":"wp","href":"https:\/\/api.w.org\/{rel}","templated":true}]}}