{"id":21192,"date":"2020-11-12T08:30:00","date_gmt":"2020-11-12T08:30:00","guid":{"rendered":"https:\/\/www.elsoldepuebla.com.mx\/gossip\/celebridades\/ile-sin-miedo-a-alzar-la-voz-con-su-musica-causas-sociales-calle-13-entretenimiento-6007403.html"},"modified":"2020-11-12T08:30:00","modified_gmt":"2020-11-12T08:30:00","slug":"ile-sin-miedo-a-alzar-la-voz-con-su-musica","status":"publish","type":"post","link":"https:\/\/ferabrajan.com\/portal\/2020\/11\/12\/ile-sin-miedo-a-alzar-la-voz-con-su-musica\/","title":{"rendered":"iLe, sin miedo a alzar la voz con su m\u00fasica"},"content":{"rendered":"<div><img decoding=\"async\" src=\"https:\/\/www.elsoldemexico.com.mx\/gossip\/celebridades\/ahkm9f-x.jpg\/ALTERNATES\/LANDSCAPE_1140\/x.jpg\" class=\"ff-og-image-inserted\"><\/div>\n<p>Desde su etapa dentro del grupo Calle 13, iLe ha utilizado la m\u00fasica para dar visibilidad a causas sociales, y as\u00ed poner su \u00abgranito de arena\u00bb para lograr el cambio. La cantante considera que es labor de todos construir una sociedad m\u00e1s fuerte, y agradece la oportunidad que su profesi\u00f3n le ha dado de conocer a personas con opiniones variadas, ya que a trav\u00e9s de estas voces ha fijado su propio juicio en torno a distintas cuestiones, y as\u00ed continuar sensibilizando a trav\u00e9s del arte.<\/p>\n<p>\u00abAhora me siento m\u00e1s informada, mi postura no ha cambiado mucho. Me he involucrado m\u00e1s, y a trav\u00e9s de la m\u00fasica estoy incitando a la gente a que tome conciencia. No es magia, son cambios que toman tiempo, no es como que vayan a escuchar la canci\u00f3n y haya un cambio, es poco a poco, pero seguiremos alzando la voz\u00bb, comparti\u00f3 en entrevista con <strong>El Sol de M\u00e9xico<\/strong>.<\/p>\n<h4><strong>\u25b6\ufe0f <a href=\"https:\/\/news.google.com\/publications\/CAAqBwgKMO7s_gownb73Ag?hl=es-419&amp;gl=MX&amp;ceid=MX%3Aes-419\" target=\"_blank\" rel=\"Follow noopener noreferrer\">Mantente informado en nuestro canal de Google Noticias<\/a><\/strong><\/h4>\n<p>El tiempo jug\u00f3 a su favor, y el lanzamiento de su m\u00e1s reciente sencillo, <em>Donde nadie m\u00e1s respira<\/em> lleg\u00f3 poco antes de las elecciones en Estados Unidos. En dicho tema habla acerca de c\u00f3mo enfrentar los abusos de poder, mensaje que espera motive a las personas a involucrarse en los movimientos sociales, no s\u00f3lo antes de un proceso electoral, sino durante toda la administraci\u00f3n del ahora presidente electo, Joe Biden.<\/p>\n<p>Aunque reconoce que las cuestiones pol\u00edticas pueden resultar tediosas o aburridas para algunas personas, considera que mantenernos al tanto de lo que sucede en esas esferas es el primer paso para garantizar el bienestar de todos.<\/p>\n<p>\u201cA m\u00ed misma me pasaba que entraba en un terreno que no te invita para nada a conocer, porque tiene mucha complejidad, y me quer\u00eda alejar. Pero hay que saber que si no las conocemos se pueden aprovechar de nosotros, hoy gracias al Internet tenemos cada vez m\u00e1s acceso a esa informaci\u00f3n, y somos menos vulnerables ante los abusos. Exhorto a todos los j\u00f3venes que junten datos poco a poco, que escuchen noticias y pongan todo en tela de juicio, que no se crean todo lo que ven y vayan forjando su propio criterio\u201d, apunt\u00f3.<\/p>\n<p>Al cuestionarla sobre el papel de los artistas dentro de la pol\u00edtica, fue enf\u00e1tica al se\u00f1alar que sin importar cu\u00e1l sea su ramo o profesi\u00f3n, cualquier persona que tenga la oportunidad de llegar a las masas a trav\u00e9s de su voz, debe utilizarla para bien. \u201cLos m\u00fasicos tambi\u00e9n debemos involucrarnos porque somos personas y somos parte de la sociedad, y el arte es una buena forma de visibilizar las situaciones que nos oprimen para lograr un cambio\u201d, afirma.<\/p>\n<p>Publicaci\u00f3n Original: <a href=\"https:\/\/www.elsoldepuebla.com.mx\/gossip\/celebridades\/ile-sin-miedo-a-alzar-la-voz-con-su-musica-causas-sociales-calle-13-entretenimiento-6007403.html\" target=\"_blank\" rel=\"noopener noreferrer\">https:\/\/www.elsoldepuebla.com.mx\/gossip\/celebridades\/ile-sin-miedo-a-alzar-la-voz-con-su-musica-causas-sociales-calle-13-entretenimiento-6007403.html<\/a><\/p>\n","protected":false},"excerpt":{"rendered":"<p>Desde su etapa dentro del grupo Calle 13, iLe ha utilizado la m\u00fasica para dar visibilidad a causas sociales, y as\u00ed poner su \u00abgranito de arena\u00bb para lograr el cambio. La cantante considera que es labor de todos construir una sociedad m\u00e1s fuerte, y agradece la oportunidad que su profesi\u00f3n le ha dado de conocer a personas con opiniones variadas, ya que a trav\u00e9s de estas voces ha fijado su propio juicio en torno a distintas cuestiones, y as\u00ed continuar sensibilizando a trav\u00e9s del arte. \u00abAhora me siento m\u00e1s informada, mi postura no ha cambiado mucho. Me he involucrado m\u00e1s, y a trav\u00e9s de la m\u00fasica estoy incitando a la gente a que tome conciencia. No es magia, son cambios que toman tiempo, no es como que vayan a escuchar la canci\u00f3n y haya un cambio, es poco a poco, pero seguiremos alzando la voz\u00bb, comparti\u00f3 en entrevista con El Sol de M\u00e9xico. \u25b6\ufe0f Mantente informado en nuestro canal de Google Noticias El tiempo jug\u00f3 a su favor, y el lanzamiento de su m\u00e1s reciente sencillo, Donde nadie m\u00e1s respira lleg\u00f3 poco antes de las elecciones en Estados Unidos. En dicho tema habla acerca de c\u00f3mo enfrentar los abusos de poder, mensaje que espera motive a las personas a involucrarse en los movimientos sociales, no s\u00f3lo antes de un proceso electoral, sino durante toda la administraci\u00f3n del ahora presidente electo, Joe Biden. Aunque reconoce que las cuestiones pol\u00edticas pueden resultar tediosas o aburridas para algunas personas, considera que mantenernos al tanto de lo que sucede en esas esferas es el primer paso para garantizar el bienestar de todos. \u201cA m\u00ed misma me pasaba que entraba en un terreno que no te invita para nada a conocer, porque tiene mucha complejidad, y me quer\u00eda alejar. Pero hay que saber que si no las conocemos se pueden aprovechar de nosotros, hoy gracias al Internet tenemos cada vez m\u00e1s acceso a esa informaci\u00f3n, y somos menos vulnerables ante los abusos. Exhorto a todos los j\u00f3venes que junten datos poco a poco, que escuchen noticias y pongan todo en tela de juicio, que no se crean todo lo que ven y vayan forjando su propio criterio\u201d, apunt\u00f3. Al cuestionarla sobre el papel de los artistas dentro de la pol\u00edtica, fue enf\u00e1tica al se\u00f1alar que sin importar cu\u00e1l sea su ramo o profesi\u00f3n, cualquier persona que tenga la oportunidad de llegar a las masas a trav\u00e9s de su voz, debe utilizarla para bien. \u201cLos m\u00fasicos tambi\u00e9n debemos involucrarnos porque somos personas y somos parte de la sociedad, y el arte es una buena forma de visibilizar las situaciones que nos oprimen para lograr un cambio\u201d, afirma. Publicaci\u00f3n Original: https:\/\/www.elsoldepuebla.com.mx\/gossip\/celebridades\/ile-sin-miedo-a-alzar-la-voz-con-su-musica-causas-sociales-calle-13-entretenimiento-6007403.html<\/p>\n","protected":false},"author":1,"featured_media":21196,"comment_status":"closed","ping_status":"closed","sticky":false,"template":"","format":"standard","meta":{"_monsterinsights_skip_tracking":false,"_uf_show_specific_survey":0,"_uf_disable_surveys":false,"footnotes":""},"categories":[34],"tags":[],"class_list":["post-21192","post","type-post","status-publish","format-standard","has-post-thumbnail","hentry","category-puebla"],"yoast_head":"<!-- This site is optimized with the Yoast SEO plugin v27.5 - https:\/\/yoast.com\/product\/yoast-seo-wordpress\/ -->\n<title>iLe, sin miedo a alzar la voz con su m\u00fasica - Fer Abrajan<\/title>\n<meta name=\"robots\" content=\"index, follow, max-snippet:-1, max-image-preview:large, max-video-preview:-1\" \/>\n<link rel=\"canonical\" href=\"https:\/\/ferabrajan.com\/portal\/2020\/11\/12\/ile-sin-miedo-a-alzar-la-voz-con-su-musica\/\" \/>\n<meta property=\"og:locale\" content=\"es_ES\" \/>\n<meta property=\"og:type\" content=\"article\" \/>\n<meta property=\"og:title\" content=\"iLe, sin miedo a alzar la voz con su m\u00fasica - Fer Abrajan\" \/>\n<meta property=\"og:description\" content=\"Desde su etapa dentro del grupo Calle 13, iLe ha utilizado la m\u00fasica para dar visibilidad a causas sociales, y as\u00ed poner su \u00abgranito de arena\u00bb para lograr el cambio. La cantante considera que es labor de todos construir una sociedad m\u00e1s fuerte, y agradece la oportunidad que su profesi\u00f3n le ha dado de conocer a personas con opiniones variadas, ya que a trav\u00e9s de estas voces ha fijado su propio juicio en torno a distintas cuestiones, y as\u00ed continuar sensibilizando a trav\u00e9s del arte. \u00abAhora me siento m\u00e1s informada, mi postura no ha cambiado mucho. Me he involucrado m\u00e1s, y a trav\u00e9s de la m\u00fasica estoy incitando a la gente a que tome conciencia. No es magia, son cambios que toman tiempo, no es como que vayan a escuchar la canci\u00f3n y haya un cambio, es poco a poco, pero seguiremos alzando la voz\u00bb, comparti\u00f3 en entrevista con El Sol de M\u00e9xico. \u25b6\ufe0f Mantente informado en nuestro canal de Google Noticias El tiempo jug\u00f3 a su favor, y el lanzamiento de su m\u00e1s reciente sencillo, Donde nadie m\u00e1s respira lleg\u00f3 poco antes de las elecciones en Estados Unidos. En dicho tema habla acerca de c\u00f3mo enfrentar los abusos de poder, mensaje que espera motive a las personas a involucrarse en los movimientos sociales, no s\u00f3lo antes de un proceso electoral, sino durante toda la administraci\u00f3n del ahora presidente electo, Joe Biden. Aunque reconoce que las cuestiones pol\u00edticas pueden resultar tediosas o aburridas para algunas personas, considera que mantenernos al tanto de lo que sucede en esas esferas es el primer paso para garantizar el bienestar de todos. \u201cA m\u00ed misma me pasaba que entraba en un terreno que no te invita para nada a conocer, porque tiene mucha complejidad, y me quer\u00eda alejar. Pero hay que saber que si no las conocemos se pueden aprovechar de nosotros, hoy gracias al Internet tenemos cada vez m\u00e1s acceso a esa informaci\u00f3n, y somos menos vulnerables ante los abusos. Exhorto a todos los j\u00f3venes que junten datos poco a poco, que escuchen noticias y pongan todo en tela de juicio, que no se crean todo lo que ven y vayan forjando su propio criterio\u201d, apunt\u00f3. Al cuestionarla sobre el papel de los artistas dentro de la pol\u00edtica, fue enf\u00e1tica al se\u00f1alar que sin importar cu\u00e1l sea su ramo o profesi\u00f3n, cualquier persona que tenga la oportunidad de llegar a las masas a trav\u00e9s de su voz, debe utilizarla para bien. \u201cLos m\u00fasicos tambi\u00e9n debemos involucrarnos porque somos personas y somos parte de la sociedad, y el arte es una buena forma de visibilizar las situaciones que nos oprimen para lograr un cambio\u201d, afirma. Publicaci\u00f3n Original: https:\/\/www.elsoldepuebla.com.mx\/gossip\/celebridades\/ile-sin-miedo-a-alzar-la-voz-con-su-musica-causas-sociales-calle-13-entretenimiento-6007403.html\" \/>\n<meta property=\"og:url\" content=\"https:\/\/ferabrajan.com\/portal\/2020\/11\/12\/ile-sin-miedo-a-alzar-la-voz-con-su-musica\/\" \/>\n<meta property=\"og:site_name\" content=\"Fer Abrajan\" \/>\n<meta property=\"article:publisher\" content=\"https:\/\/www.facebook.com\/NoticiasconFerAbrajan\/\" \/>\n<meta property=\"article:published_time\" content=\"2020-11-12T08:30:00+00:00\" \/>\n<meta name=\"author\" content=\"admin\" \/>\n<meta name=\"twitter:card\" content=\"summary_large_image\" \/>\n<meta name=\"twitter:creator\" content=\"@ferabrajan1\" \/>\n<meta name=\"twitter:site\" content=\"@ferabrajan1\" \/>\n<meta name=\"twitter:label1\" content=\"Escrito por\" \/>\n\t<meta name=\"twitter:data1\" content=\"admin\" \/>\n\t<meta name=\"twitter:label2\" content=\"Tiempo de lectura\" \/>\n\t<meta name=\"twitter:data2\" content=\"2 minutos\" \/>\n<script type=\"application\/ld+json\" class=\"yoast-schema-graph\">{\"@context\":\"https:\\\/\\\/schema.org\",\"@graph\":[{\"@type\":\"Article\",\"@id\":\"https:\\\/\\\/ferabrajan.com\\\/portal\\\/2020\\\/11\\\/12\\\/ile-sin-miedo-a-alzar-la-voz-con-su-musica\\\/#article\",\"isPartOf\":{\"@id\":\"https:\\\/\\\/ferabrajan.com\\\/portal\\\/2020\\\/11\\\/12\\\/ile-sin-miedo-a-alzar-la-voz-con-su-musica\\\/\"},\"author\":{\"name\":\"admin\",\"@id\":\"https:\\\/\\\/ferabrajan.com\\\/portal\\\/#\\\/schema\\\/person\\\/f6113b3cb1e036d5c6a9505685b257ba\"},\"headline\":\"iLe, sin miedo a alzar la voz con su m\u00fasica\",\"datePublished\":\"2020-11-12T08:30:00+00:00\",\"mainEntityOfPage\":{\"@id\":\"https:\\\/\\\/ferabrajan.com\\\/portal\\\/2020\\\/11\\\/12\\\/ile-sin-miedo-a-alzar-la-voz-con-su-musica\\\/\"},\"wordCount\":492,\"publisher\":{\"@id\":\"https:\\\/\\\/ferabrajan.com\\\/portal\\\/#organization\"},\"image\":{\"@id\":\"https:\\\/\\\/ferabrajan.com\\\/portal\\\/2020\\\/11\\\/12\\\/ile-sin-miedo-a-alzar-la-voz-con-su-musica\\\/#primaryimage\"},\"thumbnailUrl\":\"\",\"articleSection\":[\"Puebla\"],\"inLanguage\":\"es\"},{\"@type\":\"WebPage\",\"@id\":\"https:\\\/\\\/ferabrajan.com\\\/portal\\\/2020\\\/11\\\/12\\\/ile-sin-miedo-a-alzar-la-voz-con-su-musica\\\/\",\"url\":\"https:\\\/\\\/ferabrajan.com\\\/portal\\\/2020\\\/11\\\/12\\\/ile-sin-miedo-a-alzar-la-voz-con-su-musica\\\/\",\"name\":\"iLe, sin miedo a alzar la voz con su m\u00fasica - Fer Abrajan\",\"isPartOf\":{\"@id\":\"https:\\\/\\\/ferabrajan.com\\\/portal\\\/#website\"},\"primaryImageOfPage\":{\"@id\":\"https:\\\/\\\/ferabrajan.com\\\/portal\\\/2020\\\/11\\\/12\\\/ile-sin-miedo-a-alzar-la-voz-con-su-musica\\\/#primaryimage\"},\"image\":{\"@id\":\"https:\\\/\\\/ferabrajan.com\\\/portal\\\/2020\\\/11\\\/12\\\/ile-sin-miedo-a-alzar-la-voz-con-su-musica\\\/#primaryimage\"},\"thumbnailUrl\":\"\",\"datePublished\":\"2020-11-12T08:30:00+00:00\",\"breadcrumb\":{\"@id\":\"https:\\\/\\\/ferabrajan.com\\\/portal\\\/2020\\\/11\\\/12\\\/ile-sin-miedo-a-alzar-la-voz-con-su-musica\\\/#breadcrumb\"},\"inLanguage\":\"es\",\"potentialAction\":[{\"@type\":\"ReadAction\",\"target\":[\"https:\\\/\\\/ferabrajan.com\\\/portal\\\/2020\\\/11\\\/12\\\/ile-sin-miedo-a-alzar-la-voz-con-su-musica\\\/\"]}]},{\"@type\":\"ImageObject\",\"inLanguage\":\"es\",\"@id\":\"https:\\\/\\\/ferabrajan.com\\\/portal\\\/2020\\\/11\\\/12\\\/ile-sin-miedo-a-alzar-la-voz-con-su-musica\\\/#primaryimage\",\"url\":\"\",\"contentUrl\":\"\"},{\"@type\":\"BreadcrumbList\",\"@id\":\"https:\\\/\\\/ferabrajan.com\\\/portal\\\/2020\\\/11\\\/12\\\/ile-sin-miedo-a-alzar-la-voz-con-su-musica\\\/#breadcrumb\",\"itemListElement\":[{\"@type\":\"ListItem\",\"position\":1,\"name\":\"Portada\",\"item\":\"https:\\\/\\\/ferabrajan.com\\\/portal\\\/\"},{\"@type\":\"ListItem\",\"position\":2,\"name\":\"iLe, sin miedo a alzar la voz con su m\u00fasica\"}]},{\"@type\":\"WebSite\",\"@id\":\"https:\\\/\\\/ferabrajan.com\\\/portal\\\/#website\",\"url\":\"https:\\\/\\\/ferabrajan.com\\\/portal\\\/\",\"name\":\"Fer Abrajan\",\"description\":\"Noticias de Puebla, opini\u00f3n y radio en vivo\",\"publisher\":{\"@id\":\"https:\\\/\\\/ferabrajan.com\\\/portal\\\/#organization\"},\"potentialAction\":[{\"@type\":\"SearchAction\",\"target\":{\"@type\":\"EntryPoint\",\"urlTemplate\":\"https:\\\/\\\/ferabrajan.com\\\/portal\\\/?s={search_term_string}\"},\"query-input\":{\"@type\":\"PropertyValueSpecification\",\"valueRequired\":true,\"valueName\":\"search_term_string\"}}],\"inLanguage\":\"es\"},{\"@type\":\"Organization\",\"@id\":\"https:\\\/\\\/ferabrajan.com\\\/portal\\\/#organization\",\"name\":\"Fer Abrajan\",\"url\":\"https:\\\/\\\/ferabrajan.com\\\/portal\\\/\",\"logo\":{\"@type\":\"ImageObject\",\"inLanguage\":\"es\",\"@id\":\"https:\\\/\\\/ferabrajan.com\\\/portal\\\/#\\\/schema\\\/logo\\\/image\\\/\",\"url\":\"https:\\\/\\\/ferabrajan.com\\\/portal\\\/wp-content\\\/uploads\\\/2024\\\/10\\\/cropped-logo.jpeg\",\"contentUrl\":\"https:\\\/\\\/ferabrajan.com\\\/portal\\\/wp-content\\\/uploads\\\/2024\\\/10\\\/cropped-logo.jpeg\",\"width\":500,\"height\":250,\"caption\":\"Fer Abrajan\"},\"image\":{\"@id\":\"https:\\\/\\\/ferabrajan.com\\\/portal\\\/#\\\/schema\\\/logo\\\/image\\\/\"},\"sameAs\":[\"https:\\\/\\\/www.facebook.com\\\/NoticiasconFerAbrajan\\\/\",\"https:\\\/\\\/x.com\\\/ferabrajan1\"]},{\"@type\":\"Person\",\"@id\":\"https:\\\/\\\/ferabrajan.com\\\/portal\\\/#\\\/schema\\\/person\\\/f6113b3cb1e036d5c6a9505685b257ba\",\"name\":\"admin\",\"image\":{\"@type\":\"ImageObject\",\"inLanguage\":\"es\",\"@id\":\"https:\\\/\\\/secure.gravatar.com\\\/avatar\\\/072baa72775aad53c748dfc5d3048578e01b6c087eef335459ebfa04344e2d18?s=96&d=mm&r=g\",\"url\":\"https:\\\/\\\/secure.gravatar.com\\\/avatar\\\/072baa72775aad53c748dfc5d3048578e01b6c087eef335459ebfa04344e2d18?s=96&d=mm&r=g\",\"contentUrl\":\"https:\\\/\\\/secure.gravatar.com\\\/avatar\\\/072baa72775aad53c748dfc5d3048578e01b6c087eef335459ebfa04344e2d18?s=96&d=mm&r=g\",\"caption\":\"admin\"},\"sameAs\":[\"https:\\\/\\\/ferabrajan.com\\\/portal\"],\"url\":\"https:\\\/\\\/ferabrajan.com\\\/portal\\\/author\\\/admin\\\/\"}]}<\/script>\n<!-- \/ Yoast SEO plugin. -->","yoast_head_json":{"title":"iLe, sin miedo a alzar la voz con su m\u00fasica - Fer Abrajan","robots":{"index":"index","follow":"follow","max-snippet":"max-snippet:-1","max-image-preview":"max-image-preview:large","max-video-preview":"max-video-preview:-1"},"canonical":"https:\/\/ferabrajan.com\/portal\/2020\/11\/12\/ile-sin-miedo-a-alzar-la-voz-con-su-musica\/","og_locale":"es_ES","og_type":"article","og_title":"iLe, sin miedo a alzar la voz con su m\u00fasica - Fer Abrajan","og_description":"Desde su etapa dentro del grupo Calle 13, iLe ha utilizado la m\u00fasica para dar visibilidad a causas sociales, y as\u00ed poner su \u00abgranito de arena\u00bb para lograr el cambio. La cantante considera que es labor de todos construir una sociedad m\u00e1s fuerte, y agradece la oportunidad que su profesi\u00f3n le ha dado de conocer a personas con opiniones variadas, ya que a trav\u00e9s de estas voces ha fijado su propio juicio en torno a distintas cuestiones, y as\u00ed continuar sensibilizando a trav\u00e9s del arte. \u00abAhora me siento m\u00e1s informada, mi postura no ha cambiado mucho. Me he involucrado m\u00e1s, y a trav\u00e9s de la m\u00fasica estoy incitando a la gente a que tome conciencia. No es magia, son cambios que toman tiempo, no es como que vayan a escuchar la canci\u00f3n y haya un cambio, es poco a poco, pero seguiremos alzando la voz\u00bb, comparti\u00f3 en entrevista con El Sol de M\u00e9xico. \u25b6\ufe0f Mantente informado en nuestro canal de Google Noticias El tiempo jug\u00f3 a su favor, y el lanzamiento de su m\u00e1s reciente sencillo, Donde nadie m\u00e1s respira lleg\u00f3 poco antes de las elecciones en Estados Unidos. En dicho tema habla acerca de c\u00f3mo enfrentar los abusos de poder, mensaje que espera motive a las personas a involucrarse en los movimientos sociales, no s\u00f3lo antes de un proceso electoral, sino durante toda la administraci\u00f3n del ahora presidente electo, Joe Biden. Aunque reconoce que las cuestiones pol\u00edticas pueden resultar tediosas o aburridas para algunas personas, considera que mantenernos al tanto de lo que sucede en esas esferas es el primer paso para garantizar el bienestar de todos. \u201cA m\u00ed misma me pasaba que entraba en un terreno que no te invita para nada a conocer, porque tiene mucha complejidad, y me quer\u00eda alejar. Pero hay que saber que si no las conocemos se pueden aprovechar de nosotros, hoy gracias al Internet tenemos cada vez m\u00e1s acceso a esa informaci\u00f3n, y somos menos vulnerables ante los abusos. Exhorto a todos los j\u00f3venes que junten datos poco a poco, que escuchen noticias y pongan todo en tela de juicio, que no se crean todo lo que ven y vayan forjando su propio criterio\u201d, apunt\u00f3. Al cuestionarla sobre el papel de los artistas dentro de la pol\u00edtica, fue enf\u00e1tica al se\u00f1alar que sin importar cu\u00e1l sea su ramo o profesi\u00f3n, cualquier persona que tenga la oportunidad de llegar a las masas a trav\u00e9s de su voz, debe utilizarla para bien. \u201cLos m\u00fasicos tambi\u00e9n debemos involucrarnos porque somos personas y somos parte de la sociedad, y el arte es una buena forma de visibilizar las situaciones que nos oprimen para lograr un cambio\u201d, afirma. Publicaci\u00f3n Original: https:\/\/www.elsoldepuebla.com.mx\/gossip\/celebridades\/ile-sin-miedo-a-alzar-la-voz-con-su-musica-causas-sociales-calle-13-entretenimiento-6007403.html","og_url":"https:\/\/ferabrajan.com\/portal\/2020\/11\/12\/ile-sin-miedo-a-alzar-la-voz-con-su-musica\/","og_site_name":"Fer Abrajan","article_publisher":"https:\/\/www.facebook.com\/NoticiasconFerAbrajan\/","article_published_time":"2020-11-12T08:30:00+00:00","author":"admin","twitter_card":"summary_large_image","twitter_creator":"@ferabrajan1","twitter_site":"@ferabrajan1","twitter_misc":{"Escrito por":"admin","Tiempo de lectura":"2 minutos"},"schema":{"@context":"https:\/\/schema.org","@graph":[{"@type":"Article","@id":"https:\/\/ferabrajan.com\/portal\/2020\/11\/12\/ile-sin-miedo-a-alzar-la-voz-con-su-musica\/#article","isPartOf":{"@id":"https:\/\/ferabrajan.com\/portal\/2020\/11\/12\/ile-sin-miedo-a-alzar-la-voz-con-su-musica\/"},"author":{"name":"admin","@id":"https:\/\/ferabrajan.com\/portal\/#\/schema\/person\/f6113b3cb1e036d5c6a9505685b257ba"},"headline":"iLe, sin miedo a alzar la voz con su m\u00fasica","datePublished":"2020-11-12T08:30:00+00:00","mainEntityOfPage":{"@id":"https:\/\/ferabrajan.com\/portal\/2020\/11\/12\/ile-sin-miedo-a-alzar-la-voz-con-su-musica\/"},"wordCount":492,"publisher":{"@id":"https:\/\/ferabrajan.com\/portal\/#organization"},"image":{"@id":"https:\/\/ferabrajan.com\/portal\/2020\/11\/12\/ile-sin-miedo-a-alzar-la-voz-con-su-musica\/#primaryimage"},"thumbnailUrl":"","articleSection":["Puebla"],"inLanguage":"es"},{"@type":"WebPage","@id":"https:\/\/ferabrajan.com\/portal\/2020\/11\/12\/ile-sin-miedo-a-alzar-la-voz-con-su-musica\/","url":"https:\/\/ferabrajan.com\/portal\/2020\/11\/12\/ile-sin-miedo-a-alzar-la-voz-con-su-musica\/","name":"iLe, sin miedo a alzar la voz con su m\u00fasica - Fer Abrajan","isPartOf":{"@id":"https:\/\/ferabrajan.com\/portal\/#website"},"primaryImageOfPage":{"@id":"https:\/\/ferabrajan.com\/portal\/2020\/11\/12\/ile-sin-miedo-a-alzar-la-voz-con-su-musica\/#primaryimage"},"image":{"@id":"https:\/\/ferabrajan.com\/portal\/2020\/11\/12\/ile-sin-miedo-a-alzar-la-voz-con-su-musica\/#primaryimage"},"thumbnailUrl":"","datePublished":"2020-11-12T08:30:00+00:00","breadcrumb":{"@id":"https:\/\/ferabrajan.com\/portal\/2020\/11\/12\/ile-sin-miedo-a-alzar-la-voz-con-su-musica\/#breadcrumb"},"inLanguage":"es","potentialAction":[{"@type":"ReadAction","target":["https:\/\/ferabrajan.com\/portal\/2020\/11\/12\/ile-sin-miedo-a-alzar-la-voz-con-su-musica\/"]}]},{"@type":"ImageObject","inLanguage":"es","@id":"https:\/\/ferabrajan.com\/portal\/2020\/11\/12\/ile-sin-miedo-a-alzar-la-voz-con-su-musica\/#primaryimage","url":"","contentUrl":""},{"@type":"BreadcrumbList","@id":"https:\/\/ferabrajan.com\/portal\/2020\/11\/12\/ile-sin-miedo-a-alzar-la-voz-con-su-musica\/#breadcrumb","itemListElement":[{"@type":"ListItem","position":1,"name":"Portada","item":"https:\/\/ferabrajan.com\/portal\/"},{"@type":"ListItem","position":2,"name":"iLe, sin miedo a alzar la voz con su m\u00fasica"}]},{"@type":"WebSite","@id":"https:\/\/ferabrajan.com\/portal\/#website","url":"https:\/\/ferabrajan.com\/portal\/","name":"Fer Abrajan","description":"Noticias de Puebla, opini\u00f3n y radio en vivo","publisher":{"@id":"https:\/\/ferabrajan.com\/portal\/#organization"},"potentialAction":[{"@type":"SearchAction","target":{"@type":"EntryPoint","urlTemplate":"https:\/\/ferabrajan.com\/portal\/?s={search_term_string}"},"query-input":{"@type":"PropertyValueSpecification","valueRequired":true,"valueName":"search_term_string"}}],"inLanguage":"es"},{"@type":"Organization","@id":"https:\/\/ferabrajan.com\/portal\/#organization","name":"Fer Abrajan","url":"https:\/\/ferabrajan.com\/portal\/","logo":{"@type":"ImageObject","inLanguage":"es","@id":"https:\/\/ferabrajan.com\/portal\/#\/schema\/logo\/image\/","url":"https:\/\/ferabrajan.com\/portal\/wp-content\/uploads\/2024\/10\/cropped-logo.jpeg","contentUrl":"https:\/\/ferabrajan.com\/portal\/wp-content\/uploads\/2024\/10\/cropped-logo.jpeg","width":500,"height":250,"caption":"Fer Abrajan"},"image":{"@id":"https:\/\/ferabrajan.com\/portal\/#\/schema\/logo\/image\/"},"sameAs":["https:\/\/www.facebook.com\/NoticiasconFerAbrajan\/","https:\/\/x.com\/ferabrajan1"]},{"@type":"Person","@id":"https:\/\/ferabrajan.com\/portal\/#\/schema\/person\/f6113b3cb1e036d5c6a9505685b257ba","name":"admin","image":{"@type":"ImageObject","inLanguage":"es","@id":"https:\/\/secure.gravatar.com\/avatar\/072baa72775aad53c748dfc5d3048578e01b6c087eef335459ebfa04344e2d18?s=96&d=mm&r=g","url":"https:\/\/secure.gravatar.com\/avatar\/072baa72775aad53c748dfc5d3048578e01b6c087eef335459ebfa04344e2d18?s=96&d=mm&r=g","contentUrl":"https:\/\/secure.gravatar.com\/avatar\/072baa72775aad53c748dfc5d3048578e01b6c087eef335459ebfa04344e2d18?s=96&d=mm&r=g","caption":"admin"},"sameAs":["https:\/\/ferabrajan.com\/portal"],"url":"https:\/\/ferabrajan.com\/portal\/author\/admin\/"}]}},"_links":{"self":[{"href":"https:\/\/ferabrajan.com\/portal\/wp-json\/wp\/v2\/posts\/21192","targetHints":{"allow":["GET"]}}],"collection":[{"href":"https:\/\/ferabrajan.com\/portal\/wp-json\/wp\/v2\/posts"}],"about":[{"href":"https:\/\/ferabrajan.com\/portal\/wp-json\/wp\/v2\/types\/post"}],"author":[{"embeddable":true,"href":"https:\/\/ferabrajan.com\/portal\/wp-json\/wp\/v2\/users\/1"}],"replies":[{"embeddable":true,"href":"https:\/\/ferabrajan.com\/portal\/wp-json\/wp\/v2\/comments?post=21192"}],"version-history":[{"count":0,"href":"https:\/\/ferabrajan.com\/portal\/wp-json\/wp\/v2\/posts\/21192\/revisions"}],"wp:attachment":[{"href":"https:\/\/ferabrajan.com\/portal\/wp-json\/wp\/v2\/media?parent=21192"}],"wp:term":[{"taxonomy":"category","embeddable":true,"href":"https:\/\/ferabrajan.com\/portal\/wp-json\/wp\/v2\/categories?post=21192"},{"taxonomy":"post_tag","embeddable":true,"href":"https:\/\/ferabrajan.com\/portal\/wp-json\/wp\/v2\/tags?post=21192"}],"curies":[{"name":"wp","href":"https:\/\/api.w.org\/{rel}","templated":true}]}}