{"id":21086,"date":"2020-11-09T03:54:00","date_gmt":"2020-11-09T03:54:00","guid":{"rendered":"https:\/\/www.ferabrajan.com\/2020\/11\/09\/es-hora-de-cerrar-heridas\/"},"modified":"2020-11-09T03:54:00","modified_gmt":"2020-11-09T03:54:00","slug":"es-hora-de-cerrar-heridas","status":"publish","type":"post","link":"https:\/\/ferabrajan.com\/portal\/2020\/11\/09\/es-hora-de-cerrar-heridas\/","title":{"rendered":"Es hora de cerrar heridas"},"content":{"rendered":"<div><img decoding=\"async\" src=\"https:\/\/www.eluniversal.com.mx\/sites\/all\/themes\/eluniversal\/images\/logo4-universal.jpg\" class=\"ff-og-image-inserted\"><\/div>\n<p>Eso dijo <strong>Joe Biden<\/strong> luego de finalmente resultar ganador en una in\u00e9dita e hist\u00f3rica elecci\u00f3n. \u201cSer\u00e9 el presidente de todos los estadounidenses, independientemente de que hayan votado por m\u00ed o no\u201d. \u201cEs hora de mirarnos, escucharnos de nuevo y dejar de ver a nuestros oponentes como rivales, no lo son. Son estadounidenses.\u201d \u201cNo voy a ser el presidente que divida, si no el que una\u201d<\/p>\n<p>Hay varios aspectos que vale la pena destacar, luego de este encuentro con las urnas. Uno de ellos es que las minor\u00edas (mujeres, afroamericanos y millennials) se convirtieron -sumados- en mayor\u00eda y lograron una <strong>votaci\u00f3n hist\u00f3rica<\/strong> que le dio la ventaja de 4 millones de votos a Biden.<\/p>\n<p>Merece atenci\u00f3n tambi\u00e9n <strong>Kamala Harris<\/strong>, hija de inmigrantes (su padre es de Jamaica y su madre de India), quien ser\u00e1 la primera mujer en llegar a la vicepresidencia de los <strong>Estados Unidos<\/strong>. Kamala no perdi\u00f3 la oportunidad de hablarle a las mujeres y a las ni\u00f1as. Las invit\u00f3 a no parar, \u201cporque si no paras, llegas\u201d. Ella es ya un ejemplo y una inspiraci\u00f3n.<\/p>\n<p>Lo que tambi\u00e9n trasciende, es lo que sucedi\u00f3 con la prensa y las <strong>redes sociales<\/strong>. Las principales cadenas de televisi\u00f3n americanas interrumpieron el discurso oficial del a\u00fan presidente por acusar sin fundamentos que hab\u00eda existido un fraude electoral. Las mismas redes sociales, principalmente twitter, (la red con la que <strong>Trump<\/strong> ha llegado a publicar hasta 200 mensajes en un d\u00eda) alertaban a los usuarios de la falta de veracidad en las acusaciones del republicano. Y es que conforme los n\u00fameros se mov\u00edan a favor de Biden, Trump apostaba a m\u00e1s agitaci\u00f3n. Ya desde hace d\u00edas dejaba ver que, si los resultados no los favorec\u00edan, dar\u00eda una batalla legal y llevar\u00eda el tema a los tribunales.<\/p>\n<p>Lo sucedido arroja preguntas clave: \u00bfCu\u00e1l debe ser el papel de los <strong>medios de comunicaci\u00f3n<\/strong>? \u00bfQui\u00e9n realmente tiene el poder? \u00bfQu\u00e9 pasar\u00eda si en M\u00e9xico o en cualquier pa\u00eds de Latinoam\u00e9rica, la prensa bloqueara el discurso del presidente porque en \u00e9l se incluyen mentiras? \u00bfSe entender\u00eda como una decisi\u00f3n en pro de la verdad y la democracia? \u00bfSe considerar\u00eda un atropello que podr\u00eda llevar al retiro de concesiones y la desaparici\u00f3n de esos medios?<\/p>\n<p>En un pa\u00eds con un <strong>sistema electoral<\/strong> tan complejo y enredado como el estadounidense, fueron de alguna manera los grandes medios de comunicaci\u00f3n los que certificaron la victoria la ma\u00f1ana del 7 de noviembre. Luego de que eso ocurri\u00f3, las calles de las grandes ciudades explotaron en alegr\u00eda: bocinas y gritos de j\u00fabilo para celebrar este cambio considerado por muchos como urgente. La mejor noticia del 2020, clamaban algunos.<\/p>\n<p>Pero, \u00bfqu\u00e9 pasar\u00e1 con esos millones de estadounidenses que votaron por Trump? Es dif\u00edcil prever los efectos del discurso incendiario del presidente en una sociedad tan <strong>polarizada<\/strong>. Lo deseable, sin duda, ser\u00eda que atendieran al llamado a la unidad que hizo Joe Biden. Ya muchos costos y sufrimiento ha tra\u00eddo la pandemia, como para seguir apostando a la violencia, la fragmentaci\u00f3n y la desconfianza. Es hora de cerrar heridas.<br \/>&nbsp;<\/p>\n<p class=\"rteright\"><em><a href=\"https:\/\/www.eluniversal.com.mx\/cdn-cgi\/l\/email-protection#224a4b51564d504b43515047524d505647504d62454f434b4e0c414d4f\"><span class=\"__cf_email__\" data-cfemail=\"4d25243e39223f242c3e3f283d223f39283f220d2a202c2421632e2220\">[email&nbsp;protected]<\/span><\/a><\/em><\/p>\n<p>Publicaci\u00f3n Original: <a href=\"https:\/\/www.eluniversal.com.mx\/opinion\/paola-rojas\/es-hora-de-cerrar-heridas\" target=\"_blank\" rel=\"noopener noreferrer\">https:\/\/www.eluniversal.com.mx\/opinion\/paola-rojas\/es-hora-de-cerrar-heridas<\/a><\/p>\n","protected":false},"excerpt":{"rendered":"<p>Eso dijo Joe Biden luego de finalmente resultar ganador en una in\u00e9dita e hist\u00f3rica elecci\u00f3n. \u201cSer\u00e9 el presidente de todos los estadounidenses, independientemente de que hayan votado por m\u00ed o no\u201d. \u201cEs hora de mirarnos, escucharnos de nuevo y dejar de ver a nuestros oponentes como rivales, no lo son. Son estadounidenses.\u201d \u201cNo voy a ser el presidente que divida, si no el que una\u201d Hay varios aspectos que vale la pena destacar, luego de este encuentro con las urnas. Uno de ellos es que las minor\u00edas (mujeres, afroamericanos y millennials) se convirtieron -sumados- en mayor\u00eda y lograron una votaci\u00f3n hist\u00f3rica que le dio la ventaja de 4 millones de votos a Biden. Merece atenci\u00f3n tambi\u00e9n Kamala Harris, hija de inmigrantes (su padre es de Jamaica y su madre de India), quien ser\u00e1 la primera mujer en llegar a la vicepresidencia de los Estados Unidos. Kamala no perdi\u00f3 la oportunidad de hablarle a las mujeres y a las ni\u00f1as. Las invit\u00f3 a no parar, \u201cporque si no paras, llegas\u201d. Ella es ya un ejemplo y una inspiraci\u00f3n. Lo que tambi\u00e9n trasciende, es lo que sucedi\u00f3 con la prensa y las redes sociales. Las principales cadenas de televisi\u00f3n americanas interrumpieron el discurso oficial del a\u00fan presidente por acusar sin fundamentos que hab\u00eda existido un fraude electoral. Las mismas redes sociales, principalmente twitter, (la red con la que Trump ha llegado a publicar hasta 200 mensajes en un d\u00eda) alertaban a los usuarios de la falta de veracidad en las acusaciones del republicano. Y es que conforme los n\u00fameros se mov\u00edan a favor de Biden, Trump apostaba a m\u00e1s agitaci\u00f3n. Ya desde hace d\u00edas dejaba ver que, si los resultados no los favorec\u00edan, dar\u00eda una batalla legal y llevar\u00eda el tema a los tribunales. Lo sucedido arroja preguntas clave: \u00bfCu\u00e1l debe ser el papel de los medios de comunicaci\u00f3n? \u00bfQui\u00e9n realmente tiene el poder? \u00bfQu\u00e9 pasar\u00eda si en M\u00e9xico o en cualquier pa\u00eds de Latinoam\u00e9rica, la prensa bloqueara el discurso del presidente porque en \u00e9l se incluyen mentiras? \u00bfSe entender\u00eda como una decisi\u00f3n en pro de la verdad y la democracia? \u00bfSe considerar\u00eda un atropello que podr\u00eda llevar al retiro de concesiones y la desaparici\u00f3n de esos medios? En un pa\u00eds con un sistema electoral tan complejo y enredado como el estadounidense, fueron de alguna manera los grandes medios de comunicaci\u00f3n los que certificaron la victoria la ma\u00f1ana del 7 de noviembre. Luego de que eso ocurri\u00f3, las calles de las grandes ciudades explotaron en alegr\u00eda: bocinas y gritos de j\u00fabilo para celebrar este cambio considerado por muchos como urgente. La mejor noticia del 2020, clamaban algunos. Pero, \u00bfqu\u00e9 pasar\u00e1 con esos millones de estadounidenses que votaron por Trump? Es dif\u00edcil prever los efectos del discurso incendiario del presidente en una sociedad tan polarizada. Lo deseable, sin duda, ser\u00eda que atendieran al llamado a la unidad que hizo Joe Biden. Ya muchos costos y sufrimiento ha tra\u00eddo la pandemia, como para seguir apostando a la violencia, la fragmentaci\u00f3n y la desconfianza. Es hora de cerrar heridas.&nbsp; [email&nbsp;protected] Publicaci\u00f3n Original: https:\/\/www.eluniversal.com.mx\/opinion\/paola-rojas\/es-hora-de-cerrar-heridas<\/p>\n","protected":false},"author":1,"featured_media":21090,"comment_status":"open","ping_status":"closed","sticky":false,"template":"","format":"standard","meta":{"_monsterinsights_skip_tracking":false,"_uf_show_specific_survey":0,"_uf_disable_surveys":false,"footnotes":""},"categories":[36],"tags":[],"class_list":["post-21086","post","type-post","status-publish","format-standard","has-post-thumbnail","hentry","category-el-mundo"],"yoast_head":"<!-- This site is optimized with the Yoast SEO plugin v27.5 - https:\/\/yoast.com\/product\/yoast-seo-wordpress\/ -->\n<title>Es hora de cerrar heridas - Fer Abrajan<\/title>\n<meta name=\"robots\" content=\"index, follow, max-snippet:-1, max-image-preview:large, max-video-preview:-1\" \/>\n<link rel=\"canonical\" href=\"https:\/\/ferabrajan.com\/portal\/2020\/11\/09\/es-hora-de-cerrar-heridas\/\" \/>\n<meta property=\"og:locale\" content=\"es_ES\" \/>\n<meta property=\"og:type\" content=\"article\" \/>\n<meta property=\"og:title\" content=\"Es hora de cerrar heridas - Fer Abrajan\" \/>\n<meta property=\"og:description\" content=\"Eso dijo Joe Biden luego de finalmente resultar ganador en una in\u00e9dita e hist\u00f3rica elecci\u00f3n. \u201cSer\u00e9 el presidente de todos los estadounidenses, independientemente de que hayan votado por m\u00ed o no\u201d. \u201cEs hora de mirarnos, escucharnos de nuevo y dejar de ver a nuestros oponentes como rivales, no lo son. Son estadounidenses.\u201d \u201cNo voy a ser el presidente que divida, si no el que una\u201d Hay varios aspectos que vale la pena destacar, luego de este encuentro con las urnas. Uno de ellos es que las minor\u00edas (mujeres, afroamericanos y millennials) se convirtieron -sumados- en mayor\u00eda y lograron una votaci\u00f3n hist\u00f3rica que le dio la ventaja de 4 millones de votos a Biden. Merece atenci\u00f3n tambi\u00e9n Kamala Harris, hija de inmigrantes (su padre es de Jamaica y su madre de India), quien ser\u00e1 la primera mujer en llegar a la vicepresidencia de los Estados Unidos. Kamala no perdi\u00f3 la oportunidad de hablarle a las mujeres y a las ni\u00f1as. Las invit\u00f3 a no parar, \u201cporque si no paras, llegas\u201d. Ella es ya un ejemplo y una inspiraci\u00f3n. Lo que tambi\u00e9n trasciende, es lo que sucedi\u00f3 con la prensa y las redes sociales. Las principales cadenas de televisi\u00f3n americanas interrumpieron el discurso oficial del a\u00fan presidente por acusar sin fundamentos que hab\u00eda existido un fraude electoral. Las mismas redes sociales, principalmente twitter, (la red con la que Trump ha llegado a publicar hasta 200 mensajes en un d\u00eda) alertaban a los usuarios de la falta de veracidad en las acusaciones del republicano. Y es que conforme los n\u00fameros se mov\u00edan a favor de Biden, Trump apostaba a m\u00e1s agitaci\u00f3n. Ya desde hace d\u00edas dejaba ver que, si los resultados no los favorec\u00edan, dar\u00eda una batalla legal y llevar\u00eda el tema a los tribunales. Lo sucedido arroja preguntas clave: \u00bfCu\u00e1l debe ser el papel de los medios de comunicaci\u00f3n? \u00bfQui\u00e9n realmente tiene el poder? \u00bfQu\u00e9 pasar\u00eda si en M\u00e9xico o en cualquier pa\u00eds de Latinoam\u00e9rica, la prensa bloqueara el discurso del presidente porque en \u00e9l se incluyen mentiras? \u00bfSe entender\u00eda como una decisi\u00f3n en pro de la verdad y la democracia? \u00bfSe considerar\u00eda un atropello que podr\u00eda llevar al retiro de concesiones y la desaparici\u00f3n de esos medios? En un pa\u00eds con un sistema electoral tan complejo y enredado como el estadounidense, fueron de alguna manera los grandes medios de comunicaci\u00f3n los que certificaron la victoria la ma\u00f1ana del 7 de noviembre. Luego de que eso ocurri\u00f3, las calles de las grandes ciudades explotaron en alegr\u00eda: bocinas y gritos de j\u00fabilo para celebrar este cambio considerado por muchos como urgente. La mejor noticia del 2020, clamaban algunos. Pero, \u00bfqu\u00e9 pasar\u00e1 con esos millones de estadounidenses que votaron por Trump? Es dif\u00edcil prever los efectos del discurso incendiario del presidente en una sociedad tan polarizada. Lo deseable, sin duda, ser\u00eda que atendieran al llamado a la unidad que hizo Joe Biden. Ya muchos costos y sufrimiento ha tra\u00eddo la pandemia, como para seguir apostando a la violencia, la fragmentaci\u00f3n y la desconfianza. Es hora de cerrar heridas.&nbsp; [email&nbsp;protected] Publicaci\u00f3n Original: https:\/\/www.eluniversal.com.mx\/opinion\/paola-rojas\/es-hora-de-cerrar-heridas\" \/>\n<meta property=\"og:url\" content=\"https:\/\/ferabrajan.com\/portal\/2020\/11\/09\/es-hora-de-cerrar-heridas\/\" \/>\n<meta property=\"og:site_name\" content=\"Fer Abrajan\" \/>\n<meta property=\"article:publisher\" content=\"https:\/\/www.facebook.com\/NoticiasconFerAbrajan\/\" \/>\n<meta property=\"article:published_time\" content=\"2020-11-09T03:54:00+00:00\" \/>\n<meta name=\"author\" content=\"admin\" \/>\n<meta name=\"twitter:card\" content=\"summary_large_image\" \/>\n<meta name=\"twitter:creator\" content=\"@ferabrajan1\" \/>\n<meta name=\"twitter:site\" content=\"@ferabrajan1\" \/>\n<meta name=\"twitter:label1\" content=\"Escrito por\" \/>\n\t<meta name=\"twitter:data1\" content=\"admin\" \/>\n\t<meta name=\"twitter:label2\" content=\"Tiempo de lectura\" \/>\n\t<meta name=\"twitter:data2\" content=\"3 minutos\" \/>\n<script type=\"application\/ld+json\" class=\"yoast-schema-graph\">{\"@context\":\"https:\\\/\\\/schema.org\",\"@graph\":[{\"@type\":\"Article\",\"@id\":\"https:\\\/\\\/ferabrajan.com\\\/portal\\\/2020\\\/11\\\/09\\\/es-hora-de-cerrar-heridas\\\/#article\",\"isPartOf\":{\"@id\":\"https:\\\/\\\/ferabrajan.com\\\/portal\\\/2020\\\/11\\\/09\\\/es-hora-de-cerrar-heridas\\\/\"},\"author\":{\"name\":\"admin\",\"@id\":\"https:\\\/\\\/ferabrajan.com\\\/portal\\\/#\\\/schema\\\/person\\\/f6113b3cb1e036d5c6a9505685b257ba\"},\"headline\":\"Es hora de cerrar heridas\",\"datePublished\":\"2020-11-09T03:54:00+00:00\",\"mainEntityOfPage\":{\"@id\":\"https:\\\/\\\/ferabrajan.com\\\/portal\\\/2020\\\/11\\\/09\\\/es-hora-de-cerrar-heridas\\\/\"},\"wordCount\":565,\"commentCount\":0,\"publisher\":{\"@id\":\"https:\\\/\\\/ferabrajan.com\\\/portal\\\/#organization\"},\"image\":{\"@id\":\"https:\\\/\\\/ferabrajan.com\\\/portal\\\/2020\\\/11\\\/09\\\/es-hora-de-cerrar-heridas\\\/#primaryimage\"},\"thumbnailUrl\":\"\",\"articleSection\":[\"El Mundo\"],\"inLanguage\":\"es\"},{\"@type\":\"WebPage\",\"@id\":\"https:\\\/\\\/ferabrajan.com\\\/portal\\\/2020\\\/11\\\/09\\\/es-hora-de-cerrar-heridas\\\/\",\"url\":\"https:\\\/\\\/ferabrajan.com\\\/portal\\\/2020\\\/11\\\/09\\\/es-hora-de-cerrar-heridas\\\/\",\"name\":\"Es hora de cerrar heridas - Fer Abrajan\",\"isPartOf\":{\"@id\":\"https:\\\/\\\/ferabrajan.com\\\/portal\\\/#website\"},\"primaryImageOfPage\":{\"@id\":\"https:\\\/\\\/ferabrajan.com\\\/portal\\\/2020\\\/11\\\/09\\\/es-hora-de-cerrar-heridas\\\/#primaryimage\"},\"image\":{\"@id\":\"https:\\\/\\\/ferabrajan.com\\\/portal\\\/2020\\\/11\\\/09\\\/es-hora-de-cerrar-heridas\\\/#primaryimage\"},\"thumbnailUrl\":\"\",\"datePublished\":\"2020-11-09T03:54:00+00:00\",\"breadcrumb\":{\"@id\":\"https:\\\/\\\/ferabrajan.com\\\/portal\\\/2020\\\/11\\\/09\\\/es-hora-de-cerrar-heridas\\\/#breadcrumb\"},\"inLanguage\":\"es\",\"potentialAction\":[{\"@type\":\"ReadAction\",\"target\":[\"https:\\\/\\\/ferabrajan.com\\\/portal\\\/2020\\\/11\\\/09\\\/es-hora-de-cerrar-heridas\\\/\"]}]},{\"@type\":\"ImageObject\",\"inLanguage\":\"es\",\"@id\":\"https:\\\/\\\/ferabrajan.com\\\/portal\\\/2020\\\/11\\\/09\\\/es-hora-de-cerrar-heridas\\\/#primaryimage\",\"url\":\"\",\"contentUrl\":\"\"},{\"@type\":\"BreadcrumbList\",\"@id\":\"https:\\\/\\\/ferabrajan.com\\\/portal\\\/2020\\\/11\\\/09\\\/es-hora-de-cerrar-heridas\\\/#breadcrumb\",\"itemListElement\":[{\"@type\":\"ListItem\",\"position\":1,\"name\":\"Portada\",\"item\":\"https:\\\/\\\/ferabrajan.com\\\/portal\\\/\"},{\"@type\":\"ListItem\",\"position\":2,\"name\":\"Es hora de cerrar heridas\"}]},{\"@type\":\"WebSite\",\"@id\":\"https:\\\/\\\/ferabrajan.com\\\/portal\\\/#website\",\"url\":\"https:\\\/\\\/ferabrajan.com\\\/portal\\\/\",\"name\":\"Fer Abrajan\",\"description\":\"Noticias de Puebla, opini\u00f3n y radio en vivo\",\"publisher\":{\"@id\":\"https:\\\/\\\/ferabrajan.com\\\/portal\\\/#organization\"},\"potentialAction\":[{\"@type\":\"SearchAction\",\"target\":{\"@type\":\"EntryPoint\",\"urlTemplate\":\"https:\\\/\\\/ferabrajan.com\\\/portal\\\/?s={search_term_string}\"},\"query-input\":{\"@type\":\"PropertyValueSpecification\",\"valueRequired\":true,\"valueName\":\"search_term_string\"}}],\"inLanguage\":\"es\"},{\"@type\":\"Organization\",\"@id\":\"https:\\\/\\\/ferabrajan.com\\\/portal\\\/#organization\",\"name\":\"Fer Abrajan\",\"url\":\"https:\\\/\\\/ferabrajan.com\\\/portal\\\/\",\"logo\":{\"@type\":\"ImageObject\",\"inLanguage\":\"es\",\"@id\":\"https:\\\/\\\/ferabrajan.com\\\/portal\\\/#\\\/schema\\\/logo\\\/image\\\/\",\"url\":\"https:\\\/\\\/ferabrajan.com\\\/portal\\\/wp-content\\\/uploads\\\/2024\\\/10\\\/cropped-logo.jpeg\",\"contentUrl\":\"https:\\\/\\\/ferabrajan.com\\\/portal\\\/wp-content\\\/uploads\\\/2024\\\/10\\\/cropped-logo.jpeg\",\"width\":500,\"height\":250,\"caption\":\"Fer Abrajan\"},\"image\":{\"@id\":\"https:\\\/\\\/ferabrajan.com\\\/portal\\\/#\\\/schema\\\/logo\\\/image\\\/\"},\"sameAs\":[\"https:\\\/\\\/www.facebook.com\\\/NoticiasconFerAbrajan\\\/\",\"https:\\\/\\\/x.com\\\/ferabrajan1\"]},{\"@type\":\"Person\",\"@id\":\"https:\\\/\\\/ferabrajan.com\\\/portal\\\/#\\\/schema\\\/person\\\/f6113b3cb1e036d5c6a9505685b257ba\",\"name\":\"admin\",\"image\":{\"@type\":\"ImageObject\",\"inLanguage\":\"es\",\"@id\":\"https:\\\/\\\/secure.gravatar.com\\\/avatar\\\/072baa72775aad53c748dfc5d3048578e01b6c087eef335459ebfa04344e2d18?s=96&d=mm&r=g\",\"url\":\"https:\\\/\\\/secure.gravatar.com\\\/avatar\\\/072baa72775aad53c748dfc5d3048578e01b6c087eef335459ebfa04344e2d18?s=96&d=mm&r=g\",\"contentUrl\":\"https:\\\/\\\/secure.gravatar.com\\\/avatar\\\/072baa72775aad53c748dfc5d3048578e01b6c087eef335459ebfa04344e2d18?s=96&d=mm&r=g\",\"caption\":\"admin\"},\"sameAs\":[\"https:\\\/\\\/ferabrajan.com\\\/portal\"],\"url\":\"https:\\\/\\\/ferabrajan.com\\\/portal\\\/author\\\/admin\\\/\"}]}<\/script>\n<!-- \/ Yoast SEO plugin. -->","yoast_head_json":{"title":"Es hora de cerrar heridas - Fer Abrajan","robots":{"index":"index","follow":"follow","max-snippet":"max-snippet:-1","max-image-preview":"max-image-preview:large","max-video-preview":"max-video-preview:-1"},"canonical":"https:\/\/ferabrajan.com\/portal\/2020\/11\/09\/es-hora-de-cerrar-heridas\/","og_locale":"es_ES","og_type":"article","og_title":"Es hora de cerrar heridas - Fer Abrajan","og_description":"Eso dijo Joe Biden luego de finalmente resultar ganador en una in\u00e9dita e hist\u00f3rica elecci\u00f3n. \u201cSer\u00e9 el presidente de todos los estadounidenses, independientemente de que hayan votado por m\u00ed o no\u201d. \u201cEs hora de mirarnos, escucharnos de nuevo y dejar de ver a nuestros oponentes como rivales, no lo son. Son estadounidenses.\u201d \u201cNo voy a ser el presidente que divida, si no el que una\u201d Hay varios aspectos que vale la pena destacar, luego de este encuentro con las urnas. Uno de ellos es que las minor\u00edas (mujeres, afroamericanos y millennials) se convirtieron -sumados- en mayor\u00eda y lograron una votaci\u00f3n hist\u00f3rica que le dio la ventaja de 4 millones de votos a Biden. Merece atenci\u00f3n tambi\u00e9n Kamala Harris, hija de inmigrantes (su padre es de Jamaica y su madre de India), quien ser\u00e1 la primera mujer en llegar a la vicepresidencia de los Estados Unidos. Kamala no perdi\u00f3 la oportunidad de hablarle a las mujeres y a las ni\u00f1as. Las invit\u00f3 a no parar, \u201cporque si no paras, llegas\u201d. Ella es ya un ejemplo y una inspiraci\u00f3n. Lo que tambi\u00e9n trasciende, es lo que sucedi\u00f3 con la prensa y las redes sociales. Las principales cadenas de televisi\u00f3n americanas interrumpieron el discurso oficial del a\u00fan presidente por acusar sin fundamentos que hab\u00eda existido un fraude electoral. Las mismas redes sociales, principalmente twitter, (la red con la que Trump ha llegado a publicar hasta 200 mensajes en un d\u00eda) alertaban a los usuarios de la falta de veracidad en las acusaciones del republicano. Y es que conforme los n\u00fameros se mov\u00edan a favor de Biden, Trump apostaba a m\u00e1s agitaci\u00f3n. Ya desde hace d\u00edas dejaba ver que, si los resultados no los favorec\u00edan, dar\u00eda una batalla legal y llevar\u00eda el tema a los tribunales. Lo sucedido arroja preguntas clave: \u00bfCu\u00e1l debe ser el papel de los medios de comunicaci\u00f3n? \u00bfQui\u00e9n realmente tiene el poder? \u00bfQu\u00e9 pasar\u00eda si en M\u00e9xico o en cualquier pa\u00eds de Latinoam\u00e9rica, la prensa bloqueara el discurso del presidente porque en \u00e9l se incluyen mentiras? \u00bfSe entender\u00eda como una decisi\u00f3n en pro de la verdad y la democracia? \u00bfSe considerar\u00eda un atropello que podr\u00eda llevar al retiro de concesiones y la desaparici\u00f3n de esos medios? En un pa\u00eds con un sistema electoral tan complejo y enredado como el estadounidense, fueron de alguna manera los grandes medios de comunicaci\u00f3n los que certificaron la victoria la ma\u00f1ana del 7 de noviembre. Luego de que eso ocurri\u00f3, las calles de las grandes ciudades explotaron en alegr\u00eda: bocinas y gritos de j\u00fabilo para celebrar este cambio considerado por muchos como urgente. La mejor noticia del 2020, clamaban algunos. Pero, \u00bfqu\u00e9 pasar\u00e1 con esos millones de estadounidenses que votaron por Trump? Es dif\u00edcil prever los efectos del discurso incendiario del presidente en una sociedad tan polarizada. Lo deseable, sin duda, ser\u00eda que atendieran al llamado a la unidad que hizo Joe Biden. Ya muchos costos y sufrimiento ha tra\u00eddo la pandemia, como para seguir apostando a la violencia, la fragmentaci\u00f3n y la desconfianza. Es hora de cerrar heridas.&nbsp; [email&nbsp;protected] Publicaci\u00f3n Original: https:\/\/www.eluniversal.com.mx\/opinion\/paola-rojas\/es-hora-de-cerrar-heridas","og_url":"https:\/\/ferabrajan.com\/portal\/2020\/11\/09\/es-hora-de-cerrar-heridas\/","og_site_name":"Fer Abrajan","article_publisher":"https:\/\/www.facebook.com\/NoticiasconFerAbrajan\/","article_published_time":"2020-11-09T03:54:00+00:00","author":"admin","twitter_card":"summary_large_image","twitter_creator":"@ferabrajan1","twitter_site":"@ferabrajan1","twitter_misc":{"Escrito por":"admin","Tiempo de lectura":"3 minutos"},"schema":{"@context":"https:\/\/schema.org","@graph":[{"@type":"Article","@id":"https:\/\/ferabrajan.com\/portal\/2020\/11\/09\/es-hora-de-cerrar-heridas\/#article","isPartOf":{"@id":"https:\/\/ferabrajan.com\/portal\/2020\/11\/09\/es-hora-de-cerrar-heridas\/"},"author":{"name":"admin","@id":"https:\/\/ferabrajan.com\/portal\/#\/schema\/person\/f6113b3cb1e036d5c6a9505685b257ba"},"headline":"Es hora de cerrar heridas","datePublished":"2020-11-09T03:54:00+00:00","mainEntityOfPage":{"@id":"https:\/\/ferabrajan.com\/portal\/2020\/11\/09\/es-hora-de-cerrar-heridas\/"},"wordCount":565,"commentCount":0,"publisher":{"@id":"https:\/\/ferabrajan.com\/portal\/#organization"},"image":{"@id":"https:\/\/ferabrajan.com\/portal\/2020\/11\/09\/es-hora-de-cerrar-heridas\/#primaryimage"},"thumbnailUrl":"","articleSection":["El Mundo"],"inLanguage":"es"},{"@type":"WebPage","@id":"https:\/\/ferabrajan.com\/portal\/2020\/11\/09\/es-hora-de-cerrar-heridas\/","url":"https:\/\/ferabrajan.com\/portal\/2020\/11\/09\/es-hora-de-cerrar-heridas\/","name":"Es hora de cerrar heridas - Fer Abrajan","isPartOf":{"@id":"https:\/\/ferabrajan.com\/portal\/#website"},"primaryImageOfPage":{"@id":"https:\/\/ferabrajan.com\/portal\/2020\/11\/09\/es-hora-de-cerrar-heridas\/#primaryimage"},"image":{"@id":"https:\/\/ferabrajan.com\/portal\/2020\/11\/09\/es-hora-de-cerrar-heridas\/#primaryimage"},"thumbnailUrl":"","datePublished":"2020-11-09T03:54:00+00:00","breadcrumb":{"@id":"https:\/\/ferabrajan.com\/portal\/2020\/11\/09\/es-hora-de-cerrar-heridas\/#breadcrumb"},"inLanguage":"es","potentialAction":[{"@type":"ReadAction","target":["https:\/\/ferabrajan.com\/portal\/2020\/11\/09\/es-hora-de-cerrar-heridas\/"]}]},{"@type":"ImageObject","inLanguage":"es","@id":"https:\/\/ferabrajan.com\/portal\/2020\/11\/09\/es-hora-de-cerrar-heridas\/#primaryimage","url":"","contentUrl":""},{"@type":"BreadcrumbList","@id":"https:\/\/ferabrajan.com\/portal\/2020\/11\/09\/es-hora-de-cerrar-heridas\/#breadcrumb","itemListElement":[{"@type":"ListItem","position":1,"name":"Portada","item":"https:\/\/ferabrajan.com\/portal\/"},{"@type":"ListItem","position":2,"name":"Es hora de cerrar heridas"}]},{"@type":"WebSite","@id":"https:\/\/ferabrajan.com\/portal\/#website","url":"https:\/\/ferabrajan.com\/portal\/","name":"Fer Abrajan","description":"Noticias de Puebla, opini\u00f3n y radio en vivo","publisher":{"@id":"https:\/\/ferabrajan.com\/portal\/#organization"},"potentialAction":[{"@type":"SearchAction","target":{"@type":"EntryPoint","urlTemplate":"https:\/\/ferabrajan.com\/portal\/?s={search_term_string}"},"query-input":{"@type":"PropertyValueSpecification","valueRequired":true,"valueName":"search_term_string"}}],"inLanguage":"es"},{"@type":"Organization","@id":"https:\/\/ferabrajan.com\/portal\/#organization","name":"Fer Abrajan","url":"https:\/\/ferabrajan.com\/portal\/","logo":{"@type":"ImageObject","inLanguage":"es","@id":"https:\/\/ferabrajan.com\/portal\/#\/schema\/logo\/image\/","url":"https:\/\/ferabrajan.com\/portal\/wp-content\/uploads\/2024\/10\/cropped-logo.jpeg","contentUrl":"https:\/\/ferabrajan.com\/portal\/wp-content\/uploads\/2024\/10\/cropped-logo.jpeg","width":500,"height":250,"caption":"Fer Abrajan"},"image":{"@id":"https:\/\/ferabrajan.com\/portal\/#\/schema\/logo\/image\/"},"sameAs":["https:\/\/www.facebook.com\/NoticiasconFerAbrajan\/","https:\/\/x.com\/ferabrajan1"]},{"@type":"Person","@id":"https:\/\/ferabrajan.com\/portal\/#\/schema\/person\/f6113b3cb1e036d5c6a9505685b257ba","name":"admin","image":{"@type":"ImageObject","inLanguage":"es","@id":"https:\/\/secure.gravatar.com\/avatar\/072baa72775aad53c748dfc5d3048578e01b6c087eef335459ebfa04344e2d18?s=96&d=mm&r=g","url":"https:\/\/secure.gravatar.com\/avatar\/072baa72775aad53c748dfc5d3048578e01b6c087eef335459ebfa04344e2d18?s=96&d=mm&r=g","contentUrl":"https:\/\/secure.gravatar.com\/avatar\/072baa72775aad53c748dfc5d3048578e01b6c087eef335459ebfa04344e2d18?s=96&d=mm&r=g","caption":"admin"},"sameAs":["https:\/\/ferabrajan.com\/portal"],"url":"https:\/\/ferabrajan.com\/portal\/author\/admin\/"}]}},"_links":{"self":[{"href":"https:\/\/ferabrajan.com\/portal\/wp-json\/wp\/v2\/posts\/21086","targetHints":{"allow":["GET"]}}],"collection":[{"href":"https:\/\/ferabrajan.com\/portal\/wp-json\/wp\/v2\/posts"}],"about":[{"href":"https:\/\/ferabrajan.com\/portal\/wp-json\/wp\/v2\/types\/post"}],"author":[{"embeddable":true,"href":"https:\/\/ferabrajan.com\/portal\/wp-json\/wp\/v2\/users\/1"}],"replies":[{"embeddable":true,"href":"https:\/\/ferabrajan.com\/portal\/wp-json\/wp\/v2\/comments?post=21086"}],"version-history":[{"count":0,"href":"https:\/\/ferabrajan.com\/portal\/wp-json\/wp\/v2\/posts\/21086\/revisions"}],"wp:attachment":[{"href":"https:\/\/ferabrajan.com\/portal\/wp-json\/wp\/v2\/media?parent=21086"}],"wp:term":[{"taxonomy":"category","embeddable":true,"href":"https:\/\/ferabrajan.com\/portal\/wp-json\/wp\/v2\/categories?post=21086"},{"taxonomy":"post_tag","embeddable":true,"href":"https:\/\/ferabrajan.com\/portal\/wp-json\/wp\/v2\/tags?post=21086"}],"curies":[{"name":"wp","href":"https:\/\/api.w.org\/{rel}","templated":true}]}}