{"id":21055,"date":"2020-11-09T03:21:00","date_gmt":"2020-11-09T03:21:00","guid":{"rendered":"http:\/\/www.ferabrajan.com\/?p=21055"},"modified":"2020-11-09T03:21:00","modified_gmt":"2020-11-09T03:21:00","slug":"aprueban-la-expedicion-de-la-ley-de-mejora-regulatoria-y-buena-administracion-para-el-estado","status":"publish","type":"post","link":"https:\/\/ferabrajan.com\/portal\/2020\/11\/09\/aprueban-la-expedicion-de-la-ley-de-mejora-regulatoria-y-buena-administracion-para-el-estado\/","title":{"rendered":"Aprueban la expedici\u00f3n de la Ley de Mejora Regulatoria y Buena Administraci\u00f3n para el Estado"},"content":{"rendered":"<p class=\"x_MsoNormal\"><span lang=\"ES\">Las Comisiones Unidas de Hacienda y Patrimonial Municipal y de Desarrollo Econ\u00f3mico de la LX Legislatura del Congreso del Estado aprobaron, por mayor\u00eda de votos, el Dictamen turnado por el Ejecutivo del Estado\u00a0 para la expedici\u00f3n de la\u00a0 Ley de Mejora Regulatoria y Buena Administraci\u00f3n para el Estado de Puebla.<\/span><\/p>\n<p class=\"x_MsoNormal\"><span lang=\"ES\">El diputado Juan Pablo Kuri Carballo se\u00f1al\u00f3 que con la expedici\u00f3n de la nueva ley se garantiza un mejor marco regulatorio dentro de la administraci\u00f3n p\u00fablica y se dictan reglas claras que incentivan al desarrollo de un mercado interno competitivo, mediante la instrumentaci\u00f3n de un modelo de mejora regulatoria integral.<\/span><\/p>\n<p class=\"x_MsoNormal\"><span lang=\"ES\">La nueva ley incluye pol\u00edticas de revisi\u00f3n normativa, de simplificaci\u00f3n y homologaci\u00f3n de tr\u00e1mites, as\u00ed como medidas para facilitar la creaci\u00f3n y escalamiento de empresas.<\/span><\/p>\n<p class=\"x_MsoNormal\"><span lang=\"ES\">El legislador se\u00f1al\u00f3 que la ley es innovadora porque articula el derecho de las personas a la buena administraci\u00f3n, con la que se demostrar\u00eda que la dignidad y las mejora de las condiciones de vida de las persona constituyen la raz\u00f3n de ser de la gesti\u00f3n gubernamental en el estado.<\/span><\/p>\n<p class=\"x_MsoNormal\"><span lang=\"ES\">Asimismo, se desarrollan los principios de mejora regulatoria, de manera m\u00e1s completa que la contemplada en la ley general, conforme a las mejores pr\u00e1cticas internacionales, enfatizando los criterios de racionalidad y proporcionalidad, justicia procedimental, confianza leg\u00edtima, participaci\u00f3n ciudadana y accesibilidad\u00a0 tecnol\u00f3gica y claridad.<\/span><\/p>\n<p class=\"x_MsoNormal\"><span lang=\"ES\">Kuri Carballo consider\u00f3 que con este nueva Ley, Puebla se colocar\u00e1 a la vanguardia a nivel nacional en materia de mejora regulatoria.<\/span><\/p>\n<p class=\"x_MsoNormal\"><span lang=\"ES\">Durante la discusi\u00f3n del Dictamen, la diputada Olga Luc\u00eda Romero Garci Crespo y el diputado Gabriel Biestro Medinilla externaron su apoyo al Dictamen, que permite mejorar la evaluaci\u00f3n y la excelencia en el servicio de la administraci\u00f3n p\u00fablica en la entidad, poniendo \u00e9nfasis en la cercan\u00eda con la gente y la reactivaci\u00f3n econ\u00f3mica de Puebla.<\/span><\/p>\n<p class=\"x_MsoNormal\"><span lang=\"ES\">Se\u00f1alaron que la expedici\u00f3n de la Ley ser\u00e1 punta de lanza para otras legislaturas en el pa\u00eds, que permite avanzar en temas fundamentales de todo gobierno que son, la mejora regulatoria, la simplificaci\u00f3n administrativa y el gobierno electr\u00f3nico.<\/span><\/p>\n<p class=\"x_MsoNormal\"><span lang=\"ES\">Por su parte la diputada Roc\u00edo Garc\u00eda Olmedo extern\u00f3 la necesidad de contar con m\u00e1s tiempo para su an\u00e1lisis y dictaminaci\u00f3n, al igual que el diputado Ra\u00fal Espinosa Mart\u00ednez quien refiri\u00f3 la necesidad de continuar con su estudio para mejorar el Dictamen, por lo que anunci\u00f3 su voto en abstenci\u00f3n para hacer propuestas reformatorias, una vez que sea turnada al Pleno para su an\u00e1lisis y dictaminaci\u00f3n.<\/span><\/p>\n<p class=\"x_MsoNormal\"><span lang=\"ES\">Finalmente, la diputada Olga Luc\u00eda Romero hizo una propuesta para modificar el Dictamen, en la fracci\u00f3n diez, del art\u00edculo diez, para cambiar el texto \u201cprincipio para tutelar los derechos humanos\u201d, por \u201cprincipio de derechos humanos\u201d, con la finalidad de proteger este derecho para las y los poblanos.<\/span><\/p>\n<p class=\"x_MsoNormal\"><span lang=\"ES\">A la sesi\u00f3n de Comisiones Unidas se conectaron, v\u00eda electr\u00f3nica, las y los diputados, Juan Pablo Kuri Carballo, Nibardo Hern\u00e1ndez S\u00e1nchez, Olga Luc\u00eda Romero Garci Crespo, Fernando S\u00e1nchez Sasia, Roc\u00edo Garc\u00eda Olmedo, Ra\u00fal Espinosa Mart\u00ednez, Gabriel Biestro Medinilla y Nora Merino Escamilla.<\/span><\/p>\n","protected":false},"excerpt":{"rendered":"<p>Las Comisiones Unidas de Hacienda y Patrimonial Municipal y de Desarrollo Econ\u00f3mico de la LX Legislatura del Congreso del Estado aprobaron, por mayor\u00eda de votos, el Dictamen turnado por el Ejecutivo del Estado\u00a0 para la expedici\u00f3n de la\u00a0 Ley de Mejora Regulatoria y Buena Administraci\u00f3n para el Estado de Puebla. El diputado Juan Pablo Kuri Carballo se\u00f1al\u00f3 que con la expedici\u00f3n de la nueva ley se garantiza un mejor marco regulatorio dentro de la administraci\u00f3n p\u00fablica y se dictan reglas claras que incentivan al desarrollo de un mercado interno competitivo, mediante la instrumentaci\u00f3n de un modelo de mejora regulatoria integral. La nueva ley incluye pol\u00edticas de revisi\u00f3n normativa, de simplificaci\u00f3n y homologaci\u00f3n de tr\u00e1mites, as\u00ed como medidas para facilitar la creaci\u00f3n y escalamiento de empresas. El legislador se\u00f1al\u00f3 que la ley es innovadora porque articula el derecho de las personas a la buena administraci\u00f3n, con la que se demostrar\u00eda que la dignidad y las mejora de las condiciones de vida de las persona constituyen la raz\u00f3n de ser de la gesti\u00f3n gubernamental en el estado. Asimismo, se desarrollan los principios de mejora regulatoria, de manera m\u00e1s completa que la contemplada en la ley general, conforme a las mejores pr\u00e1cticas internacionales, enfatizando los criterios de racionalidad y proporcionalidad, justicia procedimental, confianza leg\u00edtima, participaci\u00f3n ciudadana y accesibilidad\u00a0 tecnol\u00f3gica y claridad. Kuri Carballo consider\u00f3 que con este nueva Ley, Puebla se colocar\u00e1 a la vanguardia a nivel nacional en materia de mejora regulatoria. Durante la discusi\u00f3n del Dictamen, la diputada Olga Luc\u00eda Romero Garci Crespo y el diputado Gabriel Biestro Medinilla externaron su apoyo al Dictamen, que permite mejorar la evaluaci\u00f3n y la excelencia en el servicio de la administraci\u00f3n p\u00fablica en la entidad, poniendo \u00e9nfasis en la cercan\u00eda con la gente y la reactivaci\u00f3n econ\u00f3mica de Puebla. Se\u00f1alaron que la expedici\u00f3n de la Ley ser\u00e1 punta de lanza para otras legislaturas en el pa\u00eds, que permite avanzar en temas fundamentales de todo gobierno que son, la mejora regulatoria, la simplificaci\u00f3n administrativa y el gobierno electr\u00f3nico. Por su parte la diputada Roc\u00edo Garc\u00eda Olmedo extern\u00f3 la necesidad de contar con m\u00e1s tiempo para su an\u00e1lisis y dictaminaci\u00f3n, al igual que el diputado Ra\u00fal Espinosa Mart\u00ednez quien refiri\u00f3 la necesidad de continuar con su estudio para mejorar el Dictamen, por lo que anunci\u00f3 su voto en abstenci\u00f3n para hacer propuestas reformatorias, una vez que sea turnada al Pleno para su an\u00e1lisis y dictaminaci\u00f3n. Finalmente, la diputada Olga Luc\u00eda Romero hizo una propuesta para modificar el Dictamen, en la fracci\u00f3n diez, del art\u00edculo diez, para cambiar el texto \u201cprincipio para tutelar los derechos humanos\u201d, por \u201cprincipio de derechos humanos\u201d, con la finalidad de proteger este derecho para las y los poblanos. A la sesi\u00f3n de Comisiones Unidas se conectaron, v\u00eda electr\u00f3nica, las y los diputados, Juan Pablo Kuri Carballo, Nibardo Hern\u00e1ndez S\u00e1nchez, Olga Luc\u00eda Romero Garci Crespo, Fernando S\u00e1nchez Sasia, Roc\u00edo Garc\u00eda Olmedo, Ra\u00fal Espinosa Mart\u00ednez, Gabriel Biestro Medinilla y Nora Merino Escamilla.<\/p>\n","protected":false},"author":1,"featured_media":21056,"comment_status":"open","ping_status":"open","sticky":false,"template":"","format":"standard","meta":{"_monsterinsights_skip_tracking":false,"_uf_show_specific_survey":0,"_uf_disable_surveys":false,"footnotes":""},"categories":[34],"tags":[102,65,546,26],"class_list":["post-21055","post","type-post","status-publish","format-standard","has-post-thumbnail","hentry","category-puebla","tag-congreso-del-estado","tag-diputados","tag-juan-pablo-kuri","tag-puebla"],"yoast_head":"<!-- This site is optimized with the Yoast SEO plugin v27.5 - https:\/\/yoast.com\/product\/yoast-seo-wordpress\/ -->\n<title>Aprueban la expedici\u00f3n de la Ley de Mejora Regulatoria y Buena Administraci\u00f3n para el Estado - Fer Abrajan<\/title>\n<meta name=\"robots\" content=\"index, follow, max-snippet:-1, max-image-preview:large, max-video-preview:-1\" \/>\n<link rel=\"canonical\" href=\"https:\/\/ferabrajan.com\/portal\/2020\/11\/09\/aprueban-la-expedicion-de-la-ley-de-mejora-regulatoria-y-buena-administracion-para-el-estado\/\" \/>\n<meta property=\"og:locale\" content=\"es_ES\" \/>\n<meta property=\"og:type\" content=\"article\" \/>\n<meta property=\"og:title\" content=\"Aprueban la expedici\u00f3n de la Ley de Mejora Regulatoria y Buena Administraci\u00f3n para el Estado - Fer Abrajan\" \/>\n<meta property=\"og:description\" content=\"Las Comisiones Unidas de Hacienda y Patrimonial Municipal y de Desarrollo Econ\u00f3mico de la LX Legislatura del Congreso del Estado aprobaron, por mayor\u00eda de votos, el Dictamen turnado por el Ejecutivo del Estado\u00a0 para la expedici\u00f3n de la\u00a0 Ley de Mejora Regulatoria y Buena Administraci\u00f3n para el Estado de Puebla. El diputado Juan Pablo Kuri Carballo se\u00f1al\u00f3 que con la expedici\u00f3n de la nueva ley se garantiza un mejor marco regulatorio dentro de la administraci\u00f3n p\u00fablica y se dictan reglas claras que incentivan al desarrollo de un mercado interno competitivo, mediante la instrumentaci\u00f3n de un modelo de mejora regulatoria integral. La nueva ley incluye pol\u00edticas de revisi\u00f3n normativa, de simplificaci\u00f3n y homologaci\u00f3n de tr\u00e1mites, as\u00ed como medidas para facilitar la creaci\u00f3n y escalamiento de empresas. El legislador se\u00f1al\u00f3 que la ley es innovadora porque articula el derecho de las personas a la buena administraci\u00f3n, con la que se demostrar\u00eda que la dignidad y las mejora de las condiciones de vida de las persona constituyen la raz\u00f3n de ser de la gesti\u00f3n gubernamental en el estado. Asimismo, se desarrollan los principios de mejora regulatoria, de manera m\u00e1s completa que la contemplada en la ley general, conforme a las mejores pr\u00e1cticas internacionales, enfatizando los criterios de racionalidad y proporcionalidad, justicia procedimental, confianza leg\u00edtima, participaci\u00f3n ciudadana y accesibilidad\u00a0 tecnol\u00f3gica y claridad. Kuri Carballo consider\u00f3 que con este nueva Ley, Puebla se colocar\u00e1 a la vanguardia a nivel nacional en materia de mejora regulatoria. Durante la discusi\u00f3n del Dictamen, la diputada Olga Luc\u00eda Romero Garci Crespo y el diputado Gabriel Biestro Medinilla externaron su apoyo al Dictamen, que permite mejorar la evaluaci\u00f3n y la excelencia en el servicio de la administraci\u00f3n p\u00fablica en la entidad, poniendo \u00e9nfasis en la cercan\u00eda con la gente y la reactivaci\u00f3n econ\u00f3mica de Puebla. Se\u00f1alaron que la expedici\u00f3n de la Ley ser\u00e1 punta de lanza para otras legislaturas en el pa\u00eds, que permite avanzar en temas fundamentales de todo gobierno que son, la mejora regulatoria, la simplificaci\u00f3n administrativa y el gobierno electr\u00f3nico. Por su parte la diputada Roc\u00edo Garc\u00eda Olmedo extern\u00f3 la necesidad de contar con m\u00e1s tiempo para su an\u00e1lisis y dictaminaci\u00f3n, al igual que el diputado Ra\u00fal Espinosa Mart\u00ednez quien refiri\u00f3 la necesidad de continuar con su estudio para mejorar el Dictamen, por lo que anunci\u00f3 su voto en abstenci\u00f3n para hacer propuestas reformatorias, una vez que sea turnada al Pleno para su an\u00e1lisis y dictaminaci\u00f3n. Finalmente, la diputada Olga Luc\u00eda Romero hizo una propuesta para modificar el Dictamen, en la fracci\u00f3n diez, del art\u00edculo diez, para cambiar el texto \u201cprincipio para tutelar los derechos humanos\u201d, por \u201cprincipio de derechos humanos\u201d, con la finalidad de proteger este derecho para las y los poblanos. A la sesi\u00f3n de Comisiones Unidas se conectaron, v\u00eda electr\u00f3nica, las y los diputados, Juan Pablo Kuri Carballo, Nibardo Hern\u00e1ndez S\u00e1nchez, Olga Luc\u00eda Romero Garci Crespo, Fernando S\u00e1nchez Sasia, Roc\u00edo Garc\u00eda Olmedo, Ra\u00fal Espinosa Mart\u00ednez, Gabriel Biestro Medinilla y Nora Merino Escamilla.\" \/>\n<meta property=\"og:url\" content=\"https:\/\/ferabrajan.com\/portal\/2020\/11\/09\/aprueban-la-expedicion-de-la-ley-de-mejora-regulatoria-y-buena-administracion-para-el-estado\/\" \/>\n<meta property=\"og:site_name\" content=\"Fer Abrajan\" \/>\n<meta property=\"article:publisher\" content=\"https:\/\/www.facebook.com\/NoticiasconFerAbrajan\/\" \/>\n<meta property=\"article:published_time\" content=\"2020-11-09T03:21:00+00:00\" \/>\n<meta name=\"author\" content=\"admin\" \/>\n<meta name=\"twitter:card\" content=\"summary_large_image\" \/>\n<meta name=\"twitter:creator\" content=\"@ferabrajan1\" \/>\n<meta name=\"twitter:site\" content=\"@ferabrajan1\" \/>\n<meta name=\"twitter:label1\" content=\"Escrito por\" \/>\n\t<meta name=\"twitter:data1\" content=\"admin\" \/>\n\t<meta name=\"twitter:label2\" content=\"Tiempo de lectura\" \/>\n\t<meta name=\"twitter:data2\" content=\"3 minutos\" \/>\n<script type=\"application\/ld+json\" class=\"yoast-schema-graph\">{\"@context\":\"https:\\\/\\\/schema.org\",\"@graph\":[{\"@type\":\"Article\",\"@id\":\"https:\\\/\\\/ferabrajan.com\\\/portal\\\/2020\\\/11\\\/09\\\/aprueban-la-expedicion-de-la-ley-de-mejora-regulatoria-y-buena-administracion-para-el-estado\\\/#article\",\"isPartOf\":{\"@id\":\"https:\\\/\\\/ferabrajan.com\\\/portal\\\/2020\\\/11\\\/09\\\/aprueban-la-expedicion-de-la-ley-de-mejora-regulatoria-y-buena-administracion-para-el-estado\\\/\"},\"author\":{\"name\":\"admin\",\"@id\":\"https:\\\/\\\/ferabrajan.com\\\/portal\\\/#\\\/schema\\\/person\\\/f6113b3cb1e036d5c6a9505685b257ba\"},\"headline\":\"Aprueban la expedici\u00f3n de la Ley de Mejora Regulatoria y Buena Administraci\u00f3n para el Estado\",\"datePublished\":\"2020-11-09T03:21:00+00:00\",\"mainEntityOfPage\":{\"@id\":\"https:\\\/\\\/ferabrajan.com\\\/portal\\\/2020\\\/11\\\/09\\\/aprueban-la-expedicion-de-la-ley-de-mejora-regulatoria-y-buena-administracion-para-el-estado\\\/\"},\"wordCount\":567,\"commentCount\":0,\"publisher\":{\"@id\":\"https:\\\/\\\/ferabrajan.com\\\/portal\\\/#organization\"},\"image\":{\"@id\":\"https:\\\/\\\/ferabrajan.com\\\/portal\\\/2020\\\/11\\\/09\\\/aprueban-la-expedicion-de-la-ley-de-mejora-regulatoria-y-buena-administracion-para-el-estado\\\/#primaryimage\"},\"thumbnailUrl\":\"\",\"keywords\":[\"Congreso del Estado\",\"Diputados\",\"Juan Pablo Kuri\",\"puebla\"],\"articleSection\":[\"Puebla\"],\"inLanguage\":\"es\"},{\"@type\":\"WebPage\",\"@id\":\"https:\\\/\\\/ferabrajan.com\\\/portal\\\/2020\\\/11\\\/09\\\/aprueban-la-expedicion-de-la-ley-de-mejora-regulatoria-y-buena-administracion-para-el-estado\\\/\",\"url\":\"https:\\\/\\\/ferabrajan.com\\\/portal\\\/2020\\\/11\\\/09\\\/aprueban-la-expedicion-de-la-ley-de-mejora-regulatoria-y-buena-administracion-para-el-estado\\\/\",\"name\":\"Aprueban la expedici\u00f3n de la Ley de Mejora Regulatoria y Buena Administraci\u00f3n para el Estado - Fer Abrajan\",\"isPartOf\":{\"@id\":\"https:\\\/\\\/ferabrajan.com\\\/portal\\\/#website\"},\"primaryImageOfPage\":{\"@id\":\"https:\\\/\\\/ferabrajan.com\\\/portal\\\/2020\\\/11\\\/09\\\/aprueban-la-expedicion-de-la-ley-de-mejora-regulatoria-y-buena-administracion-para-el-estado\\\/#primaryimage\"},\"image\":{\"@id\":\"https:\\\/\\\/ferabrajan.com\\\/portal\\\/2020\\\/11\\\/09\\\/aprueban-la-expedicion-de-la-ley-de-mejora-regulatoria-y-buena-administracion-para-el-estado\\\/#primaryimage\"},\"thumbnailUrl\":\"\",\"datePublished\":\"2020-11-09T03:21:00+00:00\",\"breadcrumb\":{\"@id\":\"https:\\\/\\\/ferabrajan.com\\\/portal\\\/2020\\\/11\\\/09\\\/aprueban-la-expedicion-de-la-ley-de-mejora-regulatoria-y-buena-administracion-para-el-estado\\\/#breadcrumb\"},\"inLanguage\":\"es\",\"potentialAction\":[{\"@type\":\"ReadAction\",\"target\":[\"https:\\\/\\\/ferabrajan.com\\\/portal\\\/2020\\\/11\\\/09\\\/aprueban-la-expedicion-de-la-ley-de-mejora-regulatoria-y-buena-administracion-para-el-estado\\\/\"]}]},{\"@type\":\"ImageObject\",\"inLanguage\":\"es\",\"@id\":\"https:\\\/\\\/ferabrajan.com\\\/portal\\\/2020\\\/11\\\/09\\\/aprueban-la-expedicion-de-la-ley-de-mejora-regulatoria-y-buena-administracion-para-el-estado\\\/#primaryimage\",\"url\":\"\",\"contentUrl\":\"\"},{\"@type\":\"BreadcrumbList\",\"@id\":\"https:\\\/\\\/ferabrajan.com\\\/portal\\\/2020\\\/11\\\/09\\\/aprueban-la-expedicion-de-la-ley-de-mejora-regulatoria-y-buena-administracion-para-el-estado\\\/#breadcrumb\",\"itemListElement\":[{\"@type\":\"ListItem\",\"position\":1,\"name\":\"Portada\",\"item\":\"https:\\\/\\\/ferabrajan.com\\\/portal\\\/\"},{\"@type\":\"ListItem\",\"position\":2,\"name\":\"Aprueban la expedici\u00f3n de la Ley de Mejora Regulatoria y Buena Administraci\u00f3n para el Estado\"}]},{\"@type\":\"WebSite\",\"@id\":\"https:\\\/\\\/ferabrajan.com\\\/portal\\\/#website\",\"url\":\"https:\\\/\\\/ferabrajan.com\\\/portal\\\/\",\"name\":\"Fer Abrajan\",\"description\":\"Noticias de Puebla, opini\u00f3n y radio en vivo\",\"publisher\":{\"@id\":\"https:\\\/\\\/ferabrajan.com\\\/portal\\\/#organization\"},\"potentialAction\":[{\"@type\":\"SearchAction\",\"target\":{\"@type\":\"EntryPoint\",\"urlTemplate\":\"https:\\\/\\\/ferabrajan.com\\\/portal\\\/?s={search_term_string}\"},\"query-input\":{\"@type\":\"PropertyValueSpecification\",\"valueRequired\":true,\"valueName\":\"search_term_string\"}}],\"inLanguage\":\"es\"},{\"@type\":\"Organization\",\"@id\":\"https:\\\/\\\/ferabrajan.com\\\/portal\\\/#organization\",\"name\":\"Fer Abrajan\",\"url\":\"https:\\\/\\\/ferabrajan.com\\\/portal\\\/\",\"logo\":{\"@type\":\"ImageObject\",\"inLanguage\":\"es\",\"@id\":\"https:\\\/\\\/ferabrajan.com\\\/portal\\\/#\\\/schema\\\/logo\\\/image\\\/\",\"url\":\"https:\\\/\\\/ferabrajan.com\\\/portal\\\/wp-content\\\/uploads\\\/2024\\\/10\\\/cropped-logo.jpeg\",\"contentUrl\":\"https:\\\/\\\/ferabrajan.com\\\/portal\\\/wp-content\\\/uploads\\\/2024\\\/10\\\/cropped-logo.jpeg\",\"width\":500,\"height\":250,\"caption\":\"Fer Abrajan\"},\"image\":{\"@id\":\"https:\\\/\\\/ferabrajan.com\\\/portal\\\/#\\\/schema\\\/logo\\\/image\\\/\"},\"sameAs\":[\"https:\\\/\\\/www.facebook.com\\\/NoticiasconFerAbrajan\\\/\",\"https:\\\/\\\/x.com\\\/ferabrajan1\"]},{\"@type\":\"Person\",\"@id\":\"https:\\\/\\\/ferabrajan.com\\\/portal\\\/#\\\/schema\\\/person\\\/f6113b3cb1e036d5c6a9505685b257ba\",\"name\":\"admin\",\"image\":{\"@type\":\"ImageObject\",\"inLanguage\":\"es\",\"@id\":\"https:\\\/\\\/secure.gravatar.com\\\/avatar\\\/072baa72775aad53c748dfc5d3048578e01b6c087eef335459ebfa04344e2d18?s=96&d=mm&r=g\",\"url\":\"https:\\\/\\\/secure.gravatar.com\\\/avatar\\\/072baa72775aad53c748dfc5d3048578e01b6c087eef335459ebfa04344e2d18?s=96&d=mm&r=g\",\"contentUrl\":\"https:\\\/\\\/secure.gravatar.com\\\/avatar\\\/072baa72775aad53c748dfc5d3048578e01b6c087eef335459ebfa04344e2d18?s=96&d=mm&r=g\",\"caption\":\"admin\"},\"sameAs\":[\"https:\\\/\\\/ferabrajan.com\\\/portal\"],\"url\":\"https:\\\/\\\/ferabrajan.com\\\/portal\\\/author\\\/admin\\\/\"}]}<\/script>\n<!-- \/ Yoast SEO plugin. -->","yoast_head_json":{"title":"Aprueban la expedici\u00f3n de la Ley de Mejora Regulatoria y Buena Administraci\u00f3n para el Estado - Fer Abrajan","robots":{"index":"index","follow":"follow","max-snippet":"max-snippet:-1","max-image-preview":"max-image-preview:large","max-video-preview":"max-video-preview:-1"},"canonical":"https:\/\/ferabrajan.com\/portal\/2020\/11\/09\/aprueban-la-expedicion-de-la-ley-de-mejora-regulatoria-y-buena-administracion-para-el-estado\/","og_locale":"es_ES","og_type":"article","og_title":"Aprueban la expedici\u00f3n de la Ley de Mejora Regulatoria y Buena Administraci\u00f3n para el Estado - Fer Abrajan","og_description":"Las Comisiones Unidas de Hacienda y Patrimonial Municipal y de Desarrollo Econ\u00f3mico de la LX Legislatura del Congreso del Estado aprobaron, por mayor\u00eda de votos, el Dictamen turnado por el Ejecutivo del Estado\u00a0 para la expedici\u00f3n de la\u00a0 Ley de Mejora Regulatoria y Buena Administraci\u00f3n para el Estado de Puebla. El diputado Juan Pablo Kuri Carballo se\u00f1al\u00f3 que con la expedici\u00f3n de la nueva ley se garantiza un mejor marco regulatorio dentro de la administraci\u00f3n p\u00fablica y se dictan reglas claras que incentivan al desarrollo de un mercado interno competitivo, mediante la instrumentaci\u00f3n de un modelo de mejora regulatoria integral. La nueva ley incluye pol\u00edticas de revisi\u00f3n normativa, de simplificaci\u00f3n y homologaci\u00f3n de tr\u00e1mites, as\u00ed como medidas para facilitar la creaci\u00f3n y escalamiento de empresas. El legislador se\u00f1al\u00f3 que la ley es innovadora porque articula el derecho de las personas a la buena administraci\u00f3n, con la que se demostrar\u00eda que la dignidad y las mejora de las condiciones de vida de las persona constituyen la raz\u00f3n de ser de la gesti\u00f3n gubernamental en el estado. Asimismo, se desarrollan los principios de mejora regulatoria, de manera m\u00e1s completa que la contemplada en la ley general, conforme a las mejores pr\u00e1cticas internacionales, enfatizando los criterios de racionalidad y proporcionalidad, justicia procedimental, confianza leg\u00edtima, participaci\u00f3n ciudadana y accesibilidad\u00a0 tecnol\u00f3gica y claridad. Kuri Carballo consider\u00f3 que con este nueva Ley, Puebla se colocar\u00e1 a la vanguardia a nivel nacional en materia de mejora regulatoria. Durante la discusi\u00f3n del Dictamen, la diputada Olga Luc\u00eda Romero Garci Crespo y el diputado Gabriel Biestro Medinilla externaron su apoyo al Dictamen, que permite mejorar la evaluaci\u00f3n y la excelencia en el servicio de la administraci\u00f3n p\u00fablica en la entidad, poniendo \u00e9nfasis en la cercan\u00eda con la gente y la reactivaci\u00f3n econ\u00f3mica de Puebla. Se\u00f1alaron que la expedici\u00f3n de la Ley ser\u00e1 punta de lanza para otras legislaturas en el pa\u00eds, que permite avanzar en temas fundamentales de todo gobierno que son, la mejora regulatoria, la simplificaci\u00f3n administrativa y el gobierno electr\u00f3nico. Por su parte la diputada Roc\u00edo Garc\u00eda Olmedo extern\u00f3 la necesidad de contar con m\u00e1s tiempo para su an\u00e1lisis y dictaminaci\u00f3n, al igual que el diputado Ra\u00fal Espinosa Mart\u00ednez quien refiri\u00f3 la necesidad de continuar con su estudio para mejorar el Dictamen, por lo que anunci\u00f3 su voto en abstenci\u00f3n para hacer propuestas reformatorias, una vez que sea turnada al Pleno para su an\u00e1lisis y dictaminaci\u00f3n. Finalmente, la diputada Olga Luc\u00eda Romero hizo una propuesta para modificar el Dictamen, en la fracci\u00f3n diez, del art\u00edculo diez, para cambiar el texto \u201cprincipio para tutelar los derechos humanos\u201d, por \u201cprincipio de derechos humanos\u201d, con la finalidad de proteger este derecho para las y los poblanos. A la sesi\u00f3n de Comisiones Unidas se conectaron, v\u00eda electr\u00f3nica, las y los diputados, Juan Pablo Kuri Carballo, Nibardo Hern\u00e1ndez S\u00e1nchez, Olga Luc\u00eda Romero Garci Crespo, Fernando S\u00e1nchez Sasia, Roc\u00edo Garc\u00eda Olmedo, Ra\u00fal Espinosa Mart\u00ednez, Gabriel Biestro Medinilla y Nora Merino Escamilla.","og_url":"https:\/\/ferabrajan.com\/portal\/2020\/11\/09\/aprueban-la-expedicion-de-la-ley-de-mejora-regulatoria-y-buena-administracion-para-el-estado\/","og_site_name":"Fer Abrajan","article_publisher":"https:\/\/www.facebook.com\/NoticiasconFerAbrajan\/","article_published_time":"2020-11-09T03:21:00+00:00","author":"admin","twitter_card":"summary_large_image","twitter_creator":"@ferabrajan1","twitter_site":"@ferabrajan1","twitter_misc":{"Escrito por":"admin","Tiempo de lectura":"3 minutos"},"schema":{"@context":"https:\/\/schema.org","@graph":[{"@type":"Article","@id":"https:\/\/ferabrajan.com\/portal\/2020\/11\/09\/aprueban-la-expedicion-de-la-ley-de-mejora-regulatoria-y-buena-administracion-para-el-estado\/#article","isPartOf":{"@id":"https:\/\/ferabrajan.com\/portal\/2020\/11\/09\/aprueban-la-expedicion-de-la-ley-de-mejora-regulatoria-y-buena-administracion-para-el-estado\/"},"author":{"name":"admin","@id":"https:\/\/ferabrajan.com\/portal\/#\/schema\/person\/f6113b3cb1e036d5c6a9505685b257ba"},"headline":"Aprueban la expedici\u00f3n de la Ley de Mejora Regulatoria y Buena Administraci\u00f3n para el Estado","datePublished":"2020-11-09T03:21:00+00:00","mainEntityOfPage":{"@id":"https:\/\/ferabrajan.com\/portal\/2020\/11\/09\/aprueban-la-expedicion-de-la-ley-de-mejora-regulatoria-y-buena-administracion-para-el-estado\/"},"wordCount":567,"commentCount":0,"publisher":{"@id":"https:\/\/ferabrajan.com\/portal\/#organization"},"image":{"@id":"https:\/\/ferabrajan.com\/portal\/2020\/11\/09\/aprueban-la-expedicion-de-la-ley-de-mejora-regulatoria-y-buena-administracion-para-el-estado\/#primaryimage"},"thumbnailUrl":"","keywords":["Congreso del Estado","Diputados","Juan Pablo Kuri","puebla"],"articleSection":["Puebla"],"inLanguage":"es"},{"@type":"WebPage","@id":"https:\/\/ferabrajan.com\/portal\/2020\/11\/09\/aprueban-la-expedicion-de-la-ley-de-mejora-regulatoria-y-buena-administracion-para-el-estado\/","url":"https:\/\/ferabrajan.com\/portal\/2020\/11\/09\/aprueban-la-expedicion-de-la-ley-de-mejora-regulatoria-y-buena-administracion-para-el-estado\/","name":"Aprueban la expedici\u00f3n de la Ley de Mejora Regulatoria y Buena Administraci\u00f3n para el Estado - Fer Abrajan","isPartOf":{"@id":"https:\/\/ferabrajan.com\/portal\/#website"},"primaryImageOfPage":{"@id":"https:\/\/ferabrajan.com\/portal\/2020\/11\/09\/aprueban-la-expedicion-de-la-ley-de-mejora-regulatoria-y-buena-administracion-para-el-estado\/#primaryimage"},"image":{"@id":"https:\/\/ferabrajan.com\/portal\/2020\/11\/09\/aprueban-la-expedicion-de-la-ley-de-mejora-regulatoria-y-buena-administracion-para-el-estado\/#primaryimage"},"thumbnailUrl":"","datePublished":"2020-11-09T03:21:00+00:00","breadcrumb":{"@id":"https:\/\/ferabrajan.com\/portal\/2020\/11\/09\/aprueban-la-expedicion-de-la-ley-de-mejora-regulatoria-y-buena-administracion-para-el-estado\/#breadcrumb"},"inLanguage":"es","potentialAction":[{"@type":"ReadAction","target":["https:\/\/ferabrajan.com\/portal\/2020\/11\/09\/aprueban-la-expedicion-de-la-ley-de-mejora-regulatoria-y-buena-administracion-para-el-estado\/"]}]},{"@type":"ImageObject","inLanguage":"es","@id":"https:\/\/ferabrajan.com\/portal\/2020\/11\/09\/aprueban-la-expedicion-de-la-ley-de-mejora-regulatoria-y-buena-administracion-para-el-estado\/#primaryimage","url":"","contentUrl":""},{"@type":"BreadcrumbList","@id":"https:\/\/ferabrajan.com\/portal\/2020\/11\/09\/aprueban-la-expedicion-de-la-ley-de-mejora-regulatoria-y-buena-administracion-para-el-estado\/#breadcrumb","itemListElement":[{"@type":"ListItem","position":1,"name":"Portada","item":"https:\/\/ferabrajan.com\/portal\/"},{"@type":"ListItem","position":2,"name":"Aprueban la expedici\u00f3n de la Ley de Mejora Regulatoria y Buena Administraci\u00f3n para el Estado"}]},{"@type":"WebSite","@id":"https:\/\/ferabrajan.com\/portal\/#website","url":"https:\/\/ferabrajan.com\/portal\/","name":"Fer Abrajan","description":"Noticias de Puebla, opini\u00f3n y radio en vivo","publisher":{"@id":"https:\/\/ferabrajan.com\/portal\/#organization"},"potentialAction":[{"@type":"SearchAction","target":{"@type":"EntryPoint","urlTemplate":"https:\/\/ferabrajan.com\/portal\/?s={search_term_string}"},"query-input":{"@type":"PropertyValueSpecification","valueRequired":true,"valueName":"search_term_string"}}],"inLanguage":"es"},{"@type":"Organization","@id":"https:\/\/ferabrajan.com\/portal\/#organization","name":"Fer Abrajan","url":"https:\/\/ferabrajan.com\/portal\/","logo":{"@type":"ImageObject","inLanguage":"es","@id":"https:\/\/ferabrajan.com\/portal\/#\/schema\/logo\/image\/","url":"https:\/\/ferabrajan.com\/portal\/wp-content\/uploads\/2024\/10\/cropped-logo.jpeg","contentUrl":"https:\/\/ferabrajan.com\/portal\/wp-content\/uploads\/2024\/10\/cropped-logo.jpeg","width":500,"height":250,"caption":"Fer Abrajan"},"image":{"@id":"https:\/\/ferabrajan.com\/portal\/#\/schema\/logo\/image\/"},"sameAs":["https:\/\/www.facebook.com\/NoticiasconFerAbrajan\/","https:\/\/x.com\/ferabrajan1"]},{"@type":"Person","@id":"https:\/\/ferabrajan.com\/portal\/#\/schema\/person\/f6113b3cb1e036d5c6a9505685b257ba","name":"admin","image":{"@type":"ImageObject","inLanguage":"es","@id":"https:\/\/secure.gravatar.com\/avatar\/072baa72775aad53c748dfc5d3048578e01b6c087eef335459ebfa04344e2d18?s=96&d=mm&r=g","url":"https:\/\/secure.gravatar.com\/avatar\/072baa72775aad53c748dfc5d3048578e01b6c087eef335459ebfa04344e2d18?s=96&d=mm&r=g","contentUrl":"https:\/\/secure.gravatar.com\/avatar\/072baa72775aad53c748dfc5d3048578e01b6c087eef335459ebfa04344e2d18?s=96&d=mm&r=g","caption":"admin"},"sameAs":["https:\/\/ferabrajan.com\/portal"],"url":"https:\/\/ferabrajan.com\/portal\/author\/admin\/"}]}},"_links":{"self":[{"href":"https:\/\/ferabrajan.com\/portal\/wp-json\/wp\/v2\/posts\/21055","targetHints":{"allow":["GET"]}}],"collection":[{"href":"https:\/\/ferabrajan.com\/portal\/wp-json\/wp\/v2\/posts"}],"about":[{"href":"https:\/\/ferabrajan.com\/portal\/wp-json\/wp\/v2\/types\/post"}],"author":[{"embeddable":true,"href":"https:\/\/ferabrajan.com\/portal\/wp-json\/wp\/v2\/users\/1"}],"replies":[{"embeddable":true,"href":"https:\/\/ferabrajan.com\/portal\/wp-json\/wp\/v2\/comments?post=21055"}],"version-history":[{"count":0,"href":"https:\/\/ferabrajan.com\/portal\/wp-json\/wp\/v2\/posts\/21055\/revisions"}],"wp:attachment":[{"href":"https:\/\/ferabrajan.com\/portal\/wp-json\/wp\/v2\/media?parent=21055"}],"wp:term":[{"taxonomy":"category","embeddable":true,"href":"https:\/\/ferabrajan.com\/portal\/wp-json\/wp\/v2\/categories?post=21055"},{"taxonomy":"post_tag","embeddable":true,"href":"https:\/\/ferabrajan.com\/portal\/wp-json\/wp\/v2\/tags?post=21055"}],"curies":[{"name":"wp","href":"https:\/\/api.w.org\/{rel}","templated":true}]}}