{"id":20257,"date":"2020-10-21T01:22:47","date_gmt":"2020-10-21T01:22:47","guid":{"rendered":"http:\/\/www.ferabrajan.com\/?p=20257"},"modified":"2020-10-21T01:22:47","modified_gmt":"2020-10-21T01:22:47","slug":"piden-diputadas-campanas-de-prevencion-de-cancer-de-mama-en-lenguas-indigenas","status":"publish","type":"post","link":"https:\/\/ferabrajan.com\/portal\/2020\/10\/21\/piden-diputadas-campanas-de-prevencion-de-cancer-de-mama-en-lenguas-indigenas\/","title":{"rendered":"Piden diputadas campa\u00f1as de prevenci\u00f3n de c\u00e1ncer de mama en lenguas ind\u00edgenas"},"content":{"rendered":"<p class=\"x_MsoNormal\"><span lang=\"ES\">Diputadas y diputados aprobaron un exhorto a la Secretar\u00eda de Salud a difundir campa\u00f1as institucionales y preventivas de c\u00e1ncer de mama traducidas a las distintas lenguas ind\u00edgenas que son de uso en Puebla como: el n\u00e1huatl, el totonaco, el otom\u00ed, el popoloca, el mixteco, el tepehua y el mazateco.<\/span><\/p>\n<p class=\"x_MsoNormal\"><span lang=\"ES\">En el pleno de la sesi\u00f3n ordinaria que es realizada en l\u00ednea, se recomend\u00f3 a la Secretar\u00eda de Salud apoyarse con el auxilio y apoyo del Instituto Nacional de Lenguas Ind\u00edgenas.<\/span><\/p>\n<p class=\"x_MsoNormal\"><span lang=\"ES\">La diputada Guadalupe Muci\u00f1o Mu\u00f1oz destac\u00f3 la necesidad de que las mujeres en comunidades ind\u00edgenas cuenten con la informaci\u00f3n necesaria a trav\u00e9s de campa\u00f1as para prevenir y detectar de manera temprana el c\u00e1ncer de mama, pero en su lengua materna.<\/span><\/p>\n<p class=\"x_MsoNormal\"><span lang=\"ES\">Mientras que las <\/span><span lang=\"ES\">diputadas M\u00f3nica Lara Ch\u00e1vez, Tonantzin Fern\u00e1ndez D\u00edaz, Josefina Garc\u00eda Hern\u00e1ndez y el legislador Ra\u00fal Espinosa Mart\u00ednez, tambi\u00e9n coincidieron en que es necesario promover la autoexploraci\u00f3n, revisiones constantes y detectar a tiempo el c\u00e1ncer de mama y para facilitarle a los mujeres de las comunidades ind\u00edgenas es necesario que reciban la informaci\u00f3n en materia de salud, por lo que aplaudieron la traducci\u00f3n de la campa\u00f1as en lenguas maternas.<\/span><\/p>\n<p class=\"x_MsoNormal\"><span lang=\"ES\">\u00a0<\/span><\/p>\n","protected":false},"excerpt":{"rendered":"<p>Diputadas y diputados aprobaron un exhorto a la Secretar\u00eda de Salud a difundir campa\u00f1as institucionales y preventivas de c\u00e1ncer de mama traducidas a las distintas lenguas ind\u00edgenas que son de uso en Puebla como: el n\u00e1huatl, el totonaco, el otom\u00ed, el popoloca, el mixteco, el tepehua y el mazateco. En el pleno de la sesi\u00f3n ordinaria que es realizada en l\u00ednea, se recomend\u00f3 a la Secretar\u00eda de Salud apoyarse con el auxilio y apoyo del Instituto Nacional de Lenguas Ind\u00edgenas. La diputada Guadalupe Muci\u00f1o Mu\u00f1oz destac\u00f3 la necesidad de que las mujeres en comunidades ind\u00edgenas cuenten con la informaci\u00f3n necesaria a trav\u00e9s de campa\u00f1as para prevenir y detectar de manera temprana el c\u00e1ncer de mama, pero en su lengua materna. Mientras que las diputadas M\u00f3nica Lara Ch\u00e1vez, Tonantzin Fern\u00e1ndez D\u00edaz, Josefina Garc\u00eda Hern\u00e1ndez y el legislador Ra\u00fal Espinosa Mart\u00ednez, tambi\u00e9n coincidieron en que es necesario promover la autoexploraci\u00f3n, revisiones constantes y detectar a tiempo el c\u00e1ncer de mama y para facilitarle a los mujeres de las comunidades ind\u00edgenas es necesario que reciban la informaci\u00f3n en materia de salud, por lo que aplaudieron la traducci\u00f3n de la campa\u00f1as en lenguas maternas. \u00a0<\/p>\n","protected":false},"author":1,"featured_media":20258,"comment_status":"open","ping_status":"open","sticky":false,"template":"","format":"standard","meta":{"_monsterinsights_skip_tracking":false,"_uf_show_specific_survey":0,"_uf_disable_surveys":false,"footnotes":""},"categories":[34],"tags":[271,64,414],"class_list":["post-20257","post","type-post","status-publish","format-standard","has-post-thumbnail","hentry","category-puebla","tag-cancer-de-mama","tag-congreso-de-puebla","tag-diputadas-puebla"],"yoast_head":"<!-- This site is optimized with the Yoast SEO plugin v27.5 - https:\/\/yoast.com\/product\/yoast-seo-wordpress\/ -->\n<title>Piden diputadas campa\u00f1as de prevenci\u00f3n de c\u00e1ncer de mama en lenguas ind\u00edgenas - Fer Abrajan<\/title>\n<meta name=\"robots\" content=\"index, follow, max-snippet:-1, max-image-preview:large, max-video-preview:-1\" \/>\n<link rel=\"canonical\" href=\"https:\/\/ferabrajan.com\/portal\/2020\/10\/21\/piden-diputadas-campanas-de-prevencion-de-cancer-de-mama-en-lenguas-indigenas\/\" \/>\n<meta property=\"og:locale\" content=\"es_ES\" \/>\n<meta property=\"og:type\" content=\"article\" \/>\n<meta property=\"og:title\" content=\"Piden diputadas campa\u00f1as de prevenci\u00f3n de c\u00e1ncer de mama en lenguas ind\u00edgenas - Fer Abrajan\" \/>\n<meta property=\"og:description\" content=\"Diputadas y diputados aprobaron un exhorto a la Secretar\u00eda de Salud a difundir campa\u00f1as institucionales y preventivas de c\u00e1ncer de mama traducidas a las distintas lenguas ind\u00edgenas que son de uso en Puebla como: el n\u00e1huatl, el totonaco, el otom\u00ed, el popoloca, el mixteco, el tepehua y el mazateco. En el pleno de la sesi\u00f3n ordinaria que es realizada en l\u00ednea, se recomend\u00f3 a la Secretar\u00eda de Salud apoyarse con el auxilio y apoyo del Instituto Nacional de Lenguas Ind\u00edgenas. La diputada Guadalupe Muci\u00f1o Mu\u00f1oz destac\u00f3 la necesidad de que las mujeres en comunidades ind\u00edgenas cuenten con la informaci\u00f3n necesaria a trav\u00e9s de campa\u00f1as para prevenir y detectar de manera temprana el c\u00e1ncer de mama, pero en su lengua materna. Mientras que las diputadas M\u00f3nica Lara Ch\u00e1vez, Tonantzin Fern\u00e1ndez D\u00edaz, Josefina Garc\u00eda Hern\u00e1ndez y el legislador Ra\u00fal Espinosa Mart\u00ednez, tambi\u00e9n coincidieron en que es necesario promover la autoexploraci\u00f3n, revisiones constantes y detectar a tiempo el c\u00e1ncer de mama y para facilitarle a los mujeres de las comunidades ind\u00edgenas es necesario que reciban la informaci\u00f3n en materia de salud, por lo que aplaudieron la traducci\u00f3n de la campa\u00f1as en lenguas maternas. \u00a0\" \/>\n<meta property=\"og:url\" content=\"https:\/\/ferabrajan.com\/portal\/2020\/10\/21\/piden-diputadas-campanas-de-prevencion-de-cancer-de-mama-en-lenguas-indigenas\/\" \/>\n<meta property=\"og:site_name\" content=\"Fer Abrajan\" \/>\n<meta property=\"article:publisher\" content=\"https:\/\/www.facebook.com\/NoticiasconFerAbrajan\/\" \/>\n<meta property=\"article:published_time\" content=\"2020-10-21T01:22:47+00:00\" \/>\n<meta name=\"author\" content=\"admin\" \/>\n<meta name=\"twitter:card\" content=\"summary_large_image\" \/>\n<meta name=\"twitter:creator\" content=\"@ferabrajan1\" \/>\n<meta name=\"twitter:site\" content=\"@ferabrajan1\" \/>\n<meta name=\"twitter:label1\" content=\"Escrito por\" \/>\n\t<meta name=\"twitter:data1\" content=\"admin\" \/>\n\t<meta name=\"twitter:label2\" content=\"Tiempo de lectura\" \/>\n\t<meta name=\"twitter:data2\" content=\"1 minuto\" \/>\n<script type=\"application\/ld+json\" class=\"yoast-schema-graph\">{\"@context\":\"https:\\\/\\\/schema.org\",\"@graph\":[{\"@type\":\"Article\",\"@id\":\"https:\\\/\\\/ferabrajan.com\\\/portal\\\/2020\\\/10\\\/21\\\/piden-diputadas-campanas-de-prevencion-de-cancer-de-mama-en-lenguas-indigenas\\\/#article\",\"isPartOf\":{\"@id\":\"https:\\\/\\\/ferabrajan.com\\\/portal\\\/2020\\\/10\\\/21\\\/piden-diputadas-campanas-de-prevencion-de-cancer-de-mama-en-lenguas-indigenas\\\/\"},\"author\":{\"name\":\"admin\",\"@id\":\"https:\\\/\\\/ferabrajan.com\\\/portal\\\/#\\\/schema\\\/person\\\/f6113b3cb1e036d5c6a9505685b257ba\"},\"headline\":\"Piden diputadas campa\u00f1as de prevenci\u00f3n de c\u00e1ncer de mama en lenguas ind\u00edgenas\",\"datePublished\":\"2020-10-21T01:22:47+00:00\",\"mainEntityOfPage\":{\"@id\":\"https:\\\/\\\/ferabrajan.com\\\/portal\\\/2020\\\/10\\\/21\\\/piden-diputadas-campanas-de-prevencion-de-cancer-de-mama-en-lenguas-indigenas\\\/\"},\"wordCount\":237,\"commentCount\":0,\"publisher\":{\"@id\":\"https:\\\/\\\/ferabrajan.com\\\/portal\\\/#organization\"},\"image\":{\"@id\":\"https:\\\/\\\/ferabrajan.com\\\/portal\\\/2020\\\/10\\\/21\\\/piden-diputadas-campanas-de-prevencion-de-cancer-de-mama-en-lenguas-indigenas\\\/#primaryimage\"},\"thumbnailUrl\":\"\",\"keywords\":[\"c\u00e1ncer de mama\",\"Congreso de Puebla\",\"Diputadas Puebla\"],\"articleSection\":[\"Puebla\"],\"inLanguage\":\"es\"},{\"@type\":\"WebPage\",\"@id\":\"https:\\\/\\\/ferabrajan.com\\\/portal\\\/2020\\\/10\\\/21\\\/piden-diputadas-campanas-de-prevencion-de-cancer-de-mama-en-lenguas-indigenas\\\/\",\"url\":\"https:\\\/\\\/ferabrajan.com\\\/portal\\\/2020\\\/10\\\/21\\\/piden-diputadas-campanas-de-prevencion-de-cancer-de-mama-en-lenguas-indigenas\\\/\",\"name\":\"Piden diputadas campa\u00f1as de prevenci\u00f3n de c\u00e1ncer de mama en lenguas ind\u00edgenas - Fer Abrajan\",\"isPartOf\":{\"@id\":\"https:\\\/\\\/ferabrajan.com\\\/portal\\\/#website\"},\"primaryImageOfPage\":{\"@id\":\"https:\\\/\\\/ferabrajan.com\\\/portal\\\/2020\\\/10\\\/21\\\/piden-diputadas-campanas-de-prevencion-de-cancer-de-mama-en-lenguas-indigenas\\\/#primaryimage\"},\"image\":{\"@id\":\"https:\\\/\\\/ferabrajan.com\\\/portal\\\/2020\\\/10\\\/21\\\/piden-diputadas-campanas-de-prevencion-de-cancer-de-mama-en-lenguas-indigenas\\\/#primaryimage\"},\"thumbnailUrl\":\"\",\"datePublished\":\"2020-10-21T01:22:47+00:00\",\"breadcrumb\":{\"@id\":\"https:\\\/\\\/ferabrajan.com\\\/portal\\\/2020\\\/10\\\/21\\\/piden-diputadas-campanas-de-prevencion-de-cancer-de-mama-en-lenguas-indigenas\\\/#breadcrumb\"},\"inLanguage\":\"es\",\"potentialAction\":[{\"@type\":\"ReadAction\",\"target\":[\"https:\\\/\\\/ferabrajan.com\\\/portal\\\/2020\\\/10\\\/21\\\/piden-diputadas-campanas-de-prevencion-de-cancer-de-mama-en-lenguas-indigenas\\\/\"]}]},{\"@type\":\"ImageObject\",\"inLanguage\":\"es\",\"@id\":\"https:\\\/\\\/ferabrajan.com\\\/portal\\\/2020\\\/10\\\/21\\\/piden-diputadas-campanas-de-prevencion-de-cancer-de-mama-en-lenguas-indigenas\\\/#primaryimage\",\"url\":\"\",\"contentUrl\":\"\"},{\"@type\":\"BreadcrumbList\",\"@id\":\"https:\\\/\\\/ferabrajan.com\\\/portal\\\/2020\\\/10\\\/21\\\/piden-diputadas-campanas-de-prevencion-de-cancer-de-mama-en-lenguas-indigenas\\\/#breadcrumb\",\"itemListElement\":[{\"@type\":\"ListItem\",\"position\":1,\"name\":\"Portada\",\"item\":\"https:\\\/\\\/ferabrajan.com\\\/portal\\\/\"},{\"@type\":\"ListItem\",\"position\":2,\"name\":\"Piden diputadas campa\u00f1as de prevenci\u00f3n de c\u00e1ncer de mama en lenguas ind\u00edgenas\"}]},{\"@type\":\"WebSite\",\"@id\":\"https:\\\/\\\/ferabrajan.com\\\/portal\\\/#website\",\"url\":\"https:\\\/\\\/ferabrajan.com\\\/portal\\\/\",\"name\":\"Fer Abrajan\",\"description\":\"Noticias de Puebla, opini\u00f3n y radio en vivo\",\"publisher\":{\"@id\":\"https:\\\/\\\/ferabrajan.com\\\/portal\\\/#organization\"},\"potentialAction\":[{\"@type\":\"SearchAction\",\"target\":{\"@type\":\"EntryPoint\",\"urlTemplate\":\"https:\\\/\\\/ferabrajan.com\\\/portal\\\/?s={search_term_string}\"},\"query-input\":{\"@type\":\"PropertyValueSpecification\",\"valueRequired\":true,\"valueName\":\"search_term_string\"}}],\"inLanguage\":\"es\"},{\"@type\":\"Organization\",\"@id\":\"https:\\\/\\\/ferabrajan.com\\\/portal\\\/#organization\",\"name\":\"Fer Abrajan\",\"url\":\"https:\\\/\\\/ferabrajan.com\\\/portal\\\/\",\"logo\":{\"@type\":\"ImageObject\",\"inLanguage\":\"es\",\"@id\":\"https:\\\/\\\/ferabrajan.com\\\/portal\\\/#\\\/schema\\\/logo\\\/image\\\/\",\"url\":\"https:\\\/\\\/ferabrajan.com\\\/portal\\\/wp-content\\\/uploads\\\/2024\\\/10\\\/cropped-logo.jpeg\",\"contentUrl\":\"https:\\\/\\\/ferabrajan.com\\\/portal\\\/wp-content\\\/uploads\\\/2024\\\/10\\\/cropped-logo.jpeg\",\"width\":500,\"height\":250,\"caption\":\"Fer Abrajan\"},\"image\":{\"@id\":\"https:\\\/\\\/ferabrajan.com\\\/portal\\\/#\\\/schema\\\/logo\\\/image\\\/\"},\"sameAs\":[\"https:\\\/\\\/www.facebook.com\\\/NoticiasconFerAbrajan\\\/\",\"https:\\\/\\\/x.com\\\/ferabrajan1\"]},{\"@type\":\"Person\",\"@id\":\"https:\\\/\\\/ferabrajan.com\\\/portal\\\/#\\\/schema\\\/person\\\/f6113b3cb1e036d5c6a9505685b257ba\",\"name\":\"admin\",\"image\":{\"@type\":\"ImageObject\",\"inLanguage\":\"es\",\"@id\":\"https:\\\/\\\/secure.gravatar.com\\\/avatar\\\/072baa72775aad53c748dfc5d3048578e01b6c087eef335459ebfa04344e2d18?s=96&d=mm&r=g\",\"url\":\"https:\\\/\\\/secure.gravatar.com\\\/avatar\\\/072baa72775aad53c748dfc5d3048578e01b6c087eef335459ebfa04344e2d18?s=96&d=mm&r=g\",\"contentUrl\":\"https:\\\/\\\/secure.gravatar.com\\\/avatar\\\/072baa72775aad53c748dfc5d3048578e01b6c087eef335459ebfa04344e2d18?s=96&d=mm&r=g\",\"caption\":\"admin\"},\"sameAs\":[\"https:\\\/\\\/ferabrajan.com\\\/portal\"],\"url\":\"https:\\\/\\\/ferabrajan.com\\\/portal\\\/author\\\/admin\\\/\"}]}<\/script>\n<!-- \/ Yoast SEO plugin. -->","yoast_head_json":{"title":"Piden diputadas campa\u00f1as de prevenci\u00f3n de c\u00e1ncer de mama en lenguas ind\u00edgenas - Fer Abrajan","robots":{"index":"index","follow":"follow","max-snippet":"max-snippet:-1","max-image-preview":"max-image-preview:large","max-video-preview":"max-video-preview:-1"},"canonical":"https:\/\/ferabrajan.com\/portal\/2020\/10\/21\/piden-diputadas-campanas-de-prevencion-de-cancer-de-mama-en-lenguas-indigenas\/","og_locale":"es_ES","og_type":"article","og_title":"Piden diputadas campa\u00f1as de prevenci\u00f3n de c\u00e1ncer de mama en lenguas ind\u00edgenas - Fer Abrajan","og_description":"Diputadas y diputados aprobaron un exhorto a la Secretar\u00eda de Salud a difundir campa\u00f1as institucionales y preventivas de c\u00e1ncer de mama traducidas a las distintas lenguas ind\u00edgenas que son de uso en Puebla como: el n\u00e1huatl, el totonaco, el otom\u00ed, el popoloca, el mixteco, el tepehua y el mazateco. En el pleno de la sesi\u00f3n ordinaria que es realizada en l\u00ednea, se recomend\u00f3 a la Secretar\u00eda de Salud apoyarse con el auxilio y apoyo del Instituto Nacional de Lenguas Ind\u00edgenas. La diputada Guadalupe Muci\u00f1o Mu\u00f1oz destac\u00f3 la necesidad de que las mujeres en comunidades ind\u00edgenas cuenten con la informaci\u00f3n necesaria a trav\u00e9s de campa\u00f1as para prevenir y detectar de manera temprana el c\u00e1ncer de mama, pero en su lengua materna. Mientras que las diputadas M\u00f3nica Lara Ch\u00e1vez, Tonantzin Fern\u00e1ndez D\u00edaz, Josefina Garc\u00eda Hern\u00e1ndez y el legislador Ra\u00fal Espinosa Mart\u00ednez, tambi\u00e9n coincidieron en que es necesario promover la autoexploraci\u00f3n, revisiones constantes y detectar a tiempo el c\u00e1ncer de mama y para facilitarle a los mujeres de las comunidades ind\u00edgenas es necesario que reciban la informaci\u00f3n en materia de salud, por lo que aplaudieron la traducci\u00f3n de la campa\u00f1as en lenguas maternas. \u00a0","og_url":"https:\/\/ferabrajan.com\/portal\/2020\/10\/21\/piden-diputadas-campanas-de-prevencion-de-cancer-de-mama-en-lenguas-indigenas\/","og_site_name":"Fer Abrajan","article_publisher":"https:\/\/www.facebook.com\/NoticiasconFerAbrajan\/","article_published_time":"2020-10-21T01:22:47+00:00","author":"admin","twitter_card":"summary_large_image","twitter_creator":"@ferabrajan1","twitter_site":"@ferabrajan1","twitter_misc":{"Escrito por":"admin","Tiempo de lectura":"1 minuto"},"schema":{"@context":"https:\/\/schema.org","@graph":[{"@type":"Article","@id":"https:\/\/ferabrajan.com\/portal\/2020\/10\/21\/piden-diputadas-campanas-de-prevencion-de-cancer-de-mama-en-lenguas-indigenas\/#article","isPartOf":{"@id":"https:\/\/ferabrajan.com\/portal\/2020\/10\/21\/piden-diputadas-campanas-de-prevencion-de-cancer-de-mama-en-lenguas-indigenas\/"},"author":{"name":"admin","@id":"https:\/\/ferabrajan.com\/portal\/#\/schema\/person\/f6113b3cb1e036d5c6a9505685b257ba"},"headline":"Piden diputadas campa\u00f1as de prevenci\u00f3n de c\u00e1ncer de mama en lenguas ind\u00edgenas","datePublished":"2020-10-21T01:22:47+00:00","mainEntityOfPage":{"@id":"https:\/\/ferabrajan.com\/portal\/2020\/10\/21\/piden-diputadas-campanas-de-prevencion-de-cancer-de-mama-en-lenguas-indigenas\/"},"wordCount":237,"commentCount":0,"publisher":{"@id":"https:\/\/ferabrajan.com\/portal\/#organization"},"image":{"@id":"https:\/\/ferabrajan.com\/portal\/2020\/10\/21\/piden-diputadas-campanas-de-prevencion-de-cancer-de-mama-en-lenguas-indigenas\/#primaryimage"},"thumbnailUrl":"","keywords":["c\u00e1ncer de mama","Congreso de Puebla","Diputadas Puebla"],"articleSection":["Puebla"],"inLanguage":"es"},{"@type":"WebPage","@id":"https:\/\/ferabrajan.com\/portal\/2020\/10\/21\/piden-diputadas-campanas-de-prevencion-de-cancer-de-mama-en-lenguas-indigenas\/","url":"https:\/\/ferabrajan.com\/portal\/2020\/10\/21\/piden-diputadas-campanas-de-prevencion-de-cancer-de-mama-en-lenguas-indigenas\/","name":"Piden diputadas campa\u00f1as de prevenci\u00f3n de c\u00e1ncer de mama en lenguas ind\u00edgenas - Fer Abrajan","isPartOf":{"@id":"https:\/\/ferabrajan.com\/portal\/#website"},"primaryImageOfPage":{"@id":"https:\/\/ferabrajan.com\/portal\/2020\/10\/21\/piden-diputadas-campanas-de-prevencion-de-cancer-de-mama-en-lenguas-indigenas\/#primaryimage"},"image":{"@id":"https:\/\/ferabrajan.com\/portal\/2020\/10\/21\/piden-diputadas-campanas-de-prevencion-de-cancer-de-mama-en-lenguas-indigenas\/#primaryimage"},"thumbnailUrl":"","datePublished":"2020-10-21T01:22:47+00:00","breadcrumb":{"@id":"https:\/\/ferabrajan.com\/portal\/2020\/10\/21\/piden-diputadas-campanas-de-prevencion-de-cancer-de-mama-en-lenguas-indigenas\/#breadcrumb"},"inLanguage":"es","potentialAction":[{"@type":"ReadAction","target":["https:\/\/ferabrajan.com\/portal\/2020\/10\/21\/piden-diputadas-campanas-de-prevencion-de-cancer-de-mama-en-lenguas-indigenas\/"]}]},{"@type":"ImageObject","inLanguage":"es","@id":"https:\/\/ferabrajan.com\/portal\/2020\/10\/21\/piden-diputadas-campanas-de-prevencion-de-cancer-de-mama-en-lenguas-indigenas\/#primaryimage","url":"","contentUrl":""},{"@type":"BreadcrumbList","@id":"https:\/\/ferabrajan.com\/portal\/2020\/10\/21\/piden-diputadas-campanas-de-prevencion-de-cancer-de-mama-en-lenguas-indigenas\/#breadcrumb","itemListElement":[{"@type":"ListItem","position":1,"name":"Portada","item":"https:\/\/ferabrajan.com\/portal\/"},{"@type":"ListItem","position":2,"name":"Piden diputadas campa\u00f1as de prevenci\u00f3n de c\u00e1ncer de mama en lenguas ind\u00edgenas"}]},{"@type":"WebSite","@id":"https:\/\/ferabrajan.com\/portal\/#website","url":"https:\/\/ferabrajan.com\/portal\/","name":"Fer Abrajan","description":"Noticias de Puebla, opini\u00f3n y radio en vivo","publisher":{"@id":"https:\/\/ferabrajan.com\/portal\/#organization"},"potentialAction":[{"@type":"SearchAction","target":{"@type":"EntryPoint","urlTemplate":"https:\/\/ferabrajan.com\/portal\/?s={search_term_string}"},"query-input":{"@type":"PropertyValueSpecification","valueRequired":true,"valueName":"search_term_string"}}],"inLanguage":"es"},{"@type":"Organization","@id":"https:\/\/ferabrajan.com\/portal\/#organization","name":"Fer Abrajan","url":"https:\/\/ferabrajan.com\/portal\/","logo":{"@type":"ImageObject","inLanguage":"es","@id":"https:\/\/ferabrajan.com\/portal\/#\/schema\/logo\/image\/","url":"https:\/\/ferabrajan.com\/portal\/wp-content\/uploads\/2024\/10\/cropped-logo.jpeg","contentUrl":"https:\/\/ferabrajan.com\/portal\/wp-content\/uploads\/2024\/10\/cropped-logo.jpeg","width":500,"height":250,"caption":"Fer Abrajan"},"image":{"@id":"https:\/\/ferabrajan.com\/portal\/#\/schema\/logo\/image\/"},"sameAs":["https:\/\/www.facebook.com\/NoticiasconFerAbrajan\/","https:\/\/x.com\/ferabrajan1"]},{"@type":"Person","@id":"https:\/\/ferabrajan.com\/portal\/#\/schema\/person\/f6113b3cb1e036d5c6a9505685b257ba","name":"admin","image":{"@type":"ImageObject","inLanguage":"es","@id":"https:\/\/secure.gravatar.com\/avatar\/072baa72775aad53c748dfc5d3048578e01b6c087eef335459ebfa04344e2d18?s=96&d=mm&r=g","url":"https:\/\/secure.gravatar.com\/avatar\/072baa72775aad53c748dfc5d3048578e01b6c087eef335459ebfa04344e2d18?s=96&d=mm&r=g","contentUrl":"https:\/\/secure.gravatar.com\/avatar\/072baa72775aad53c748dfc5d3048578e01b6c087eef335459ebfa04344e2d18?s=96&d=mm&r=g","caption":"admin"},"sameAs":["https:\/\/ferabrajan.com\/portal"],"url":"https:\/\/ferabrajan.com\/portal\/author\/admin\/"}]}},"_links":{"self":[{"href":"https:\/\/ferabrajan.com\/portal\/wp-json\/wp\/v2\/posts\/20257","targetHints":{"allow":["GET"]}}],"collection":[{"href":"https:\/\/ferabrajan.com\/portal\/wp-json\/wp\/v2\/posts"}],"about":[{"href":"https:\/\/ferabrajan.com\/portal\/wp-json\/wp\/v2\/types\/post"}],"author":[{"embeddable":true,"href":"https:\/\/ferabrajan.com\/portal\/wp-json\/wp\/v2\/users\/1"}],"replies":[{"embeddable":true,"href":"https:\/\/ferabrajan.com\/portal\/wp-json\/wp\/v2\/comments?post=20257"}],"version-history":[{"count":0,"href":"https:\/\/ferabrajan.com\/portal\/wp-json\/wp\/v2\/posts\/20257\/revisions"}],"wp:attachment":[{"href":"https:\/\/ferabrajan.com\/portal\/wp-json\/wp\/v2\/media?parent=20257"}],"wp:term":[{"taxonomy":"category","embeddable":true,"href":"https:\/\/ferabrajan.com\/portal\/wp-json\/wp\/v2\/categories?post=20257"},{"taxonomy":"post_tag","embeddable":true,"href":"https:\/\/ferabrajan.com\/portal\/wp-json\/wp\/v2\/tags?post=20257"}],"curies":[{"name":"wp","href":"https:\/\/api.w.org\/{rel}","templated":true}]}}