{"id":20251,"date":"2020-10-21T01:13:18","date_gmt":"2020-10-21T01:13:18","guid":{"rendered":"http:\/\/www.ferabrajan.com\/?p=20251"},"modified":"2020-10-21T01:13:18","modified_gmt":"2020-10-21T01:13:18","slug":"con-arquitectura-ecologica-buap-recibira-a-alumnos-de-ciencias-biologicas","status":"publish","type":"post","link":"https:\/\/ferabrajan.com\/portal\/2020\/10\/21\/con-arquitectura-ecologica-buap-recibira-a-alumnos-de-ciencias-biologicas\/","title":{"rendered":"Con arquitectura ecol\u00f3gica, BUAP recibir\u00e1 a alumnos de Ciencias Biol\u00f3gicas"},"content":{"rendered":"<p class=\"rtejustify\">Como una respuesta ecol\u00f3gica y de est\u00e9tica arquitect\u00f3nica que busca fortalecer el equilibrio con la naturaleza en el campus de Ciudad Universitaria, el Rector Alfonso Esparza Ortiz inaugur\u00f3 el Muro Verde de la Facultad de Ciencias Biol\u00f3gicas de la BUAP, primera de una serie de entregas de infraestructura que est\u00e1n concluidas y esperan el retorno de las clases presenciales para ser utilizadas por la comunidad estudiantil y acad\u00e9mica.<\/p>\n<p class=\"rtejustify\">Tambi\u00e9n entreg\u00f3 el sistema de luminarias para dicha Facultad que alberga el Muro Verde, as\u00ed como para la Facultad de Ciencias Qu\u00edmicas, a petici\u00f3n de las y los estudiantes.<\/p>\n<p class=\"rtejustify\">El nuevo Muro Verde de la Facultad de Ciencias Biol\u00f3gicas consta de dos \u00e1reas: una de 270 metros cuadrados con 12 mil plantas; otra de 220 metros cuadrados de extensi\u00f3n con 10 mil plantas de diversas especies; todo con un sistema de riego reciclable. Asimismo, el Rector entreg\u00f3 a la unidad acad\u00e9mica luminarias para el parque, \u00e1rea de convivencia y escaleras de emergencia.<\/p>\n<p class=\"rtejustify\">El rector Alfonso Esparza Ortiz agreg\u00f3 que con este muro -un sustento adicional para insectos polinizantes, como las abejas- y el remozamiento del \u00e1rea circundante, a su regreso la comunidad estudiantil podr\u00e1 disfrutar de nuevos espacios de convivencia, as\u00ed como de la renovada circulaci\u00f3n de la ciclov\u00eda de CU, que ahora conecta a la Facultad de Ingenier\u00eda con el Complejo Deportivo Universitario.<\/p>\n","protected":false},"excerpt":{"rendered":"<p>Como una respuesta ecol\u00f3gica y de est\u00e9tica arquitect\u00f3nica que busca fortalecer el equilibrio con la naturaleza en el campus de Ciudad Universitaria, el Rector Alfonso Esparza Ortiz inaugur\u00f3 el Muro Verde de la Facultad de Ciencias Biol\u00f3gicas de la BUAP, primera de una serie de entregas de infraestructura que est\u00e1n concluidas y esperan el retorno de las clases presenciales para ser utilizadas por la comunidad estudiantil y acad\u00e9mica. Tambi\u00e9n entreg\u00f3 el sistema de luminarias para dicha Facultad que alberga el Muro Verde, as\u00ed como para la Facultad de Ciencias Qu\u00edmicas, a petici\u00f3n de las y los estudiantes. El nuevo Muro Verde de la Facultad de Ciencias Biol\u00f3gicas consta de dos \u00e1reas: una de 270 metros cuadrados con 12 mil plantas; otra de 220 metros cuadrados de extensi\u00f3n con 10 mil plantas de diversas especies; todo con un sistema de riego reciclable. Asimismo, el Rector entreg\u00f3 a la unidad acad\u00e9mica luminarias para el parque, \u00e1rea de convivencia y escaleras de emergencia. El rector Alfonso Esparza Ortiz agreg\u00f3 que con este muro -un sustento adicional para insectos polinizantes, como las abejas- y el remozamiento del \u00e1rea circundante, a su regreso la comunidad estudiantil podr\u00e1 disfrutar de nuevos espacios de convivencia, as\u00ed como de la renovada circulaci\u00f3n de la ciclov\u00eda de CU, que ahora conecta a la Facultad de Ingenier\u00eda con el Complejo Deportivo Universitario.<\/p>\n","protected":false},"author":1,"featured_media":20252,"comment_status":"open","ping_status":"open","sticky":false,"template":"","format":"standard","meta":{"_monsterinsights_skip_tracking":false,"_uf_show_specific_survey":0,"_uf_disable_surveys":false,"footnotes":""},"categories":[34],"tags":[143,26,232,515],"class_list":["post-20251","post","type-post","status-publish","format-standard","has-post-thumbnail","hentry","category-puebla","tag-buap","tag-puebla","tag-rector-alfonso-esparza","tag-rector-de-la-buap"],"yoast_head":"<!-- This site is optimized with the Yoast SEO plugin v27.5 - https:\/\/yoast.com\/product\/yoast-seo-wordpress\/ -->\n<title>Con arquitectura ecol\u00f3gica, BUAP recibir\u00e1 a alumnos de Ciencias Biol\u00f3gicas - Fer Abrajan<\/title>\n<meta name=\"robots\" content=\"index, follow, max-snippet:-1, max-image-preview:large, max-video-preview:-1\" \/>\n<link rel=\"canonical\" href=\"https:\/\/ferabrajan.com\/portal\/2020\/10\/21\/con-arquitectura-ecologica-buap-recibira-a-alumnos-de-ciencias-biologicas\/\" \/>\n<meta property=\"og:locale\" content=\"es_ES\" \/>\n<meta property=\"og:type\" content=\"article\" \/>\n<meta property=\"og:title\" content=\"Con arquitectura ecol\u00f3gica, BUAP recibir\u00e1 a alumnos de Ciencias Biol\u00f3gicas - Fer Abrajan\" \/>\n<meta property=\"og:description\" content=\"Como una respuesta ecol\u00f3gica y de est\u00e9tica arquitect\u00f3nica que busca fortalecer el equilibrio con la naturaleza en el campus de Ciudad Universitaria, el Rector Alfonso Esparza Ortiz inaugur\u00f3 el Muro Verde de la Facultad de Ciencias Biol\u00f3gicas de la BUAP, primera de una serie de entregas de infraestructura que est\u00e1n concluidas y esperan el retorno de las clases presenciales para ser utilizadas por la comunidad estudiantil y acad\u00e9mica. Tambi\u00e9n entreg\u00f3 el sistema de luminarias para dicha Facultad que alberga el Muro Verde, as\u00ed como para la Facultad de Ciencias Qu\u00edmicas, a petici\u00f3n de las y los estudiantes. El nuevo Muro Verde de la Facultad de Ciencias Biol\u00f3gicas consta de dos \u00e1reas: una de 270 metros cuadrados con 12 mil plantas; otra de 220 metros cuadrados de extensi\u00f3n con 10 mil plantas de diversas especies; todo con un sistema de riego reciclable. Asimismo, el Rector entreg\u00f3 a la unidad acad\u00e9mica luminarias para el parque, \u00e1rea de convivencia y escaleras de emergencia. El rector Alfonso Esparza Ortiz agreg\u00f3 que con este muro -un sustento adicional para insectos polinizantes, como las abejas- y el remozamiento del \u00e1rea circundante, a su regreso la comunidad estudiantil podr\u00e1 disfrutar de nuevos espacios de convivencia, as\u00ed como de la renovada circulaci\u00f3n de la ciclov\u00eda de CU, que ahora conecta a la Facultad de Ingenier\u00eda con el Complejo Deportivo Universitario.\" \/>\n<meta property=\"og:url\" content=\"https:\/\/ferabrajan.com\/portal\/2020\/10\/21\/con-arquitectura-ecologica-buap-recibira-a-alumnos-de-ciencias-biologicas\/\" \/>\n<meta property=\"og:site_name\" content=\"Fer Abrajan\" \/>\n<meta property=\"article:publisher\" content=\"https:\/\/www.facebook.com\/NoticiasconFerAbrajan\/\" \/>\n<meta property=\"article:published_time\" content=\"2020-10-21T01:13:18+00:00\" \/>\n<meta name=\"author\" content=\"admin\" \/>\n<meta name=\"twitter:card\" content=\"summary_large_image\" \/>\n<meta name=\"twitter:creator\" content=\"@ferabrajan1\" \/>\n<meta name=\"twitter:site\" content=\"@ferabrajan1\" \/>\n<meta name=\"twitter:label1\" content=\"Escrito por\" \/>\n\t<meta name=\"twitter:data1\" content=\"admin\" \/>\n\t<meta name=\"twitter:label2\" content=\"Tiempo de lectura\" \/>\n\t<meta name=\"twitter:data2\" content=\"1 minuto\" \/>\n<script type=\"application\/ld+json\" class=\"yoast-schema-graph\">{\"@context\":\"https:\\\/\\\/schema.org\",\"@graph\":[{\"@type\":\"Article\",\"@id\":\"https:\\\/\\\/ferabrajan.com\\\/portal\\\/2020\\\/10\\\/21\\\/con-arquitectura-ecologica-buap-recibira-a-alumnos-de-ciencias-biologicas\\\/#article\",\"isPartOf\":{\"@id\":\"https:\\\/\\\/ferabrajan.com\\\/portal\\\/2020\\\/10\\\/21\\\/con-arquitectura-ecologica-buap-recibira-a-alumnos-de-ciencias-biologicas\\\/\"},\"author\":{\"name\":\"admin\",\"@id\":\"https:\\\/\\\/ferabrajan.com\\\/portal\\\/#\\\/schema\\\/person\\\/f6113b3cb1e036d5c6a9505685b257ba\"},\"headline\":\"Con arquitectura ecol\u00f3gica, BUAP recibir\u00e1 a alumnos de Ciencias Biol\u00f3gicas\",\"datePublished\":\"2020-10-21T01:13:18+00:00\",\"mainEntityOfPage\":{\"@id\":\"https:\\\/\\\/ferabrajan.com\\\/portal\\\/2020\\\/10\\\/21\\\/con-arquitectura-ecologica-buap-recibira-a-alumnos-de-ciencias-biologicas\\\/\"},\"wordCount\":245,\"commentCount\":0,\"publisher\":{\"@id\":\"https:\\\/\\\/ferabrajan.com\\\/portal\\\/#organization\"},\"image\":{\"@id\":\"https:\\\/\\\/ferabrajan.com\\\/portal\\\/2020\\\/10\\\/21\\\/con-arquitectura-ecologica-buap-recibira-a-alumnos-de-ciencias-biologicas\\\/#primaryimage\"},\"thumbnailUrl\":\"\",\"keywords\":[\"BUAP\",\"puebla\",\"Rector Alfonso Esparza\",\"Rector de la BUAP\"],\"articleSection\":[\"Puebla\"],\"inLanguage\":\"es\"},{\"@type\":\"WebPage\",\"@id\":\"https:\\\/\\\/ferabrajan.com\\\/portal\\\/2020\\\/10\\\/21\\\/con-arquitectura-ecologica-buap-recibira-a-alumnos-de-ciencias-biologicas\\\/\",\"url\":\"https:\\\/\\\/ferabrajan.com\\\/portal\\\/2020\\\/10\\\/21\\\/con-arquitectura-ecologica-buap-recibira-a-alumnos-de-ciencias-biologicas\\\/\",\"name\":\"Con arquitectura ecol\u00f3gica, BUAP recibir\u00e1 a alumnos de Ciencias Biol\u00f3gicas - Fer Abrajan\",\"isPartOf\":{\"@id\":\"https:\\\/\\\/ferabrajan.com\\\/portal\\\/#website\"},\"primaryImageOfPage\":{\"@id\":\"https:\\\/\\\/ferabrajan.com\\\/portal\\\/2020\\\/10\\\/21\\\/con-arquitectura-ecologica-buap-recibira-a-alumnos-de-ciencias-biologicas\\\/#primaryimage\"},\"image\":{\"@id\":\"https:\\\/\\\/ferabrajan.com\\\/portal\\\/2020\\\/10\\\/21\\\/con-arquitectura-ecologica-buap-recibira-a-alumnos-de-ciencias-biologicas\\\/#primaryimage\"},\"thumbnailUrl\":\"\",\"datePublished\":\"2020-10-21T01:13:18+00:00\",\"breadcrumb\":{\"@id\":\"https:\\\/\\\/ferabrajan.com\\\/portal\\\/2020\\\/10\\\/21\\\/con-arquitectura-ecologica-buap-recibira-a-alumnos-de-ciencias-biologicas\\\/#breadcrumb\"},\"inLanguage\":\"es\",\"potentialAction\":[{\"@type\":\"ReadAction\",\"target\":[\"https:\\\/\\\/ferabrajan.com\\\/portal\\\/2020\\\/10\\\/21\\\/con-arquitectura-ecologica-buap-recibira-a-alumnos-de-ciencias-biologicas\\\/\"]}]},{\"@type\":\"ImageObject\",\"inLanguage\":\"es\",\"@id\":\"https:\\\/\\\/ferabrajan.com\\\/portal\\\/2020\\\/10\\\/21\\\/con-arquitectura-ecologica-buap-recibira-a-alumnos-de-ciencias-biologicas\\\/#primaryimage\",\"url\":\"\",\"contentUrl\":\"\"},{\"@type\":\"BreadcrumbList\",\"@id\":\"https:\\\/\\\/ferabrajan.com\\\/portal\\\/2020\\\/10\\\/21\\\/con-arquitectura-ecologica-buap-recibira-a-alumnos-de-ciencias-biologicas\\\/#breadcrumb\",\"itemListElement\":[{\"@type\":\"ListItem\",\"position\":1,\"name\":\"Portada\",\"item\":\"https:\\\/\\\/ferabrajan.com\\\/portal\\\/\"},{\"@type\":\"ListItem\",\"position\":2,\"name\":\"Con arquitectura ecol\u00f3gica, BUAP recibir\u00e1 a alumnos de Ciencias Biol\u00f3gicas\"}]},{\"@type\":\"WebSite\",\"@id\":\"https:\\\/\\\/ferabrajan.com\\\/portal\\\/#website\",\"url\":\"https:\\\/\\\/ferabrajan.com\\\/portal\\\/\",\"name\":\"Fer Abrajan\",\"description\":\"Noticias de Puebla, opini\u00f3n y radio en vivo\",\"publisher\":{\"@id\":\"https:\\\/\\\/ferabrajan.com\\\/portal\\\/#organization\"},\"potentialAction\":[{\"@type\":\"SearchAction\",\"target\":{\"@type\":\"EntryPoint\",\"urlTemplate\":\"https:\\\/\\\/ferabrajan.com\\\/portal\\\/?s={search_term_string}\"},\"query-input\":{\"@type\":\"PropertyValueSpecification\",\"valueRequired\":true,\"valueName\":\"search_term_string\"}}],\"inLanguage\":\"es\"},{\"@type\":\"Organization\",\"@id\":\"https:\\\/\\\/ferabrajan.com\\\/portal\\\/#organization\",\"name\":\"Fer Abrajan\",\"url\":\"https:\\\/\\\/ferabrajan.com\\\/portal\\\/\",\"logo\":{\"@type\":\"ImageObject\",\"inLanguage\":\"es\",\"@id\":\"https:\\\/\\\/ferabrajan.com\\\/portal\\\/#\\\/schema\\\/logo\\\/image\\\/\",\"url\":\"https:\\\/\\\/ferabrajan.com\\\/portal\\\/wp-content\\\/uploads\\\/2024\\\/10\\\/cropped-logo.jpeg\",\"contentUrl\":\"https:\\\/\\\/ferabrajan.com\\\/portal\\\/wp-content\\\/uploads\\\/2024\\\/10\\\/cropped-logo.jpeg\",\"width\":500,\"height\":250,\"caption\":\"Fer Abrajan\"},\"image\":{\"@id\":\"https:\\\/\\\/ferabrajan.com\\\/portal\\\/#\\\/schema\\\/logo\\\/image\\\/\"},\"sameAs\":[\"https:\\\/\\\/www.facebook.com\\\/NoticiasconFerAbrajan\\\/\",\"https:\\\/\\\/x.com\\\/ferabrajan1\"]},{\"@type\":\"Person\",\"@id\":\"https:\\\/\\\/ferabrajan.com\\\/portal\\\/#\\\/schema\\\/person\\\/f6113b3cb1e036d5c6a9505685b257ba\",\"name\":\"admin\",\"image\":{\"@type\":\"ImageObject\",\"inLanguage\":\"es\",\"@id\":\"https:\\\/\\\/secure.gravatar.com\\\/avatar\\\/072baa72775aad53c748dfc5d3048578e01b6c087eef335459ebfa04344e2d18?s=96&d=mm&r=g\",\"url\":\"https:\\\/\\\/secure.gravatar.com\\\/avatar\\\/072baa72775aad53c748dfc5d3048578e01b6c087eef335459ebfa04344e2d18?s=96&d=mm&r=g\",\"contentUrl\":\"https:\\\/\\\/secure.gravatar.com\\\/avatar\\\/072baa72775aad53c748dfc5d3048578e01b6c087eef335459ebfa04344e2d18?s=96&d=mm&r=g\",\"caption\":\"admin\"},\"sameAs\":[\"https:\\\/\\\/ferabrajan.com\\\/portal\"],\"url\":\"https:\\\/\\\/ferabrajan.com\\\/portal\\\/author\\\/admin\\\/\"}]}<\/script>\n<!-- \/ Yoast SEO plugin. -->","yoast_head_json":{"title":"Con arquitectura ecol\u00f3gica, BUAP recibir\u00e1 a alumnos de Ciencias Biol\u00f3gicas - Fer Abrajan","robots":{"index":"index","follow":"follow","max-snippet":"max-snippet:-1","max-image-preview":"max-image-preview:large","max-video-preview":"max-video-preview:-1"},"canonical":"https:\/\/ferabrajan.com\/portal\/2020\/10\/21\/con-arquitectura-ecologica-buap-recibira-a-alumnos-de-ciencias-biologicas\/","og_locale":"es_ES","og_type":"article","og_title":"Con arquitectura ecol\u00f3gica, BUAP recibir\u00e1 a alumnos de Ciencias Biol\u00f3gicas - Fer Abrajan","og_description":"Como una respuesta ecol\u00f3gica y de est\u00e9tica arquitect\u00f3nica que busca fortalecer el equilibrio con la naturaleza en el campus de Ciudad Universitaria, el Rector Alfonso Esparza Ortiz inaugur\u00f3 el Muro Verde de la Facultad de Ciencias Biol\u00f3gicas de la BUAP, primera de una serie de entregas de infraestructura que est\u00e1n concluidas y esperan el retorno de las clases presenciales para ser utilizadas por la comunidad estudiantil y acad\u00e9mica. Tambi\u00e9n entreg\u00f3 el sistema de luminarias para dicha Facultad que alberga el Muro Verde, as\u00ed como para la Facultad de Ciencias Qu\u00edmicas, a petici\u00f3n de las y los estudiantes. El nuevo Muro Verde de la Facultad de Ciencias Biol\u00f3gicas consta de dos \u00e1reas: una de 270 metros cuadrados con 12 mil plantas; otra de 220 metros cuadrados de extensi\u00f3n con 10 mil plantas de diversas especies; todo con un sistema de riego reciclable. Asimismo, el Rector entreg\u00f3 a la unidad acad\u00e9mica luminarias para el parque, \u00e1rea de convivencia y escaleras de emergencia. El rector Alfonso Esparza Ortiz agreg\u00f3 que con este muro -un sustento adicional para insectos polinizantes, como las abejas- y el remozamiento del \u00e1rea circundante, a su regreso la comunidad estudiantil podr\u00e1 disfrutar de nuevos espacios de convivencia, as\u00ed como de la renovada circulaci\u00f3n de la ciclov\u00eda de CU, que ahora conecta a la Facultad de Ingenier\u00eda con el Complejo Deportivo Universitario.","og_url":"https:\/\/ferabrajan.com\/portal\/2020\/10\/21\/con-arquitectura-ecologica-buap-recibira-a-alumnos-de-ciencias-biologicas\/","og_site_name":"Fer Abrajan","article_publisher":"https:\/\/www.facebook.com\/NoticiasconFerAbrajan\/","article_published_time":"2020-10-21T01:13:18+00:00","author":"admin","twitter_card":"summary_large_image","twitter_creator":"@ferabrajan1","twitter_site":"@ferabrajan1","twitter_misc":{"Escrito por":"admin","Tiempo de lectura":"1 minuto"},"schema":{"@context":"https:\/\/schema.org","@graph":[{"@type":"Article","@id":"https:\/\/ferabrajan.com\/portal\/2020\/10\/21\/con-arquitectura-ecologica-buap-recibira-a-alumnos-de-ciencias-biologicas\/#article","isPartOf":{"@id":"https:\/\/ferabrajan.com\/portal\/2020\/10\/21\/con-arquitectura-ecologica-buap-recibira-a-alumnos-de-ciencias-biologicas\/"},"author":{"name":"admin","@id":"https:\/\/ferabrajan.com\/portal\/#\/schema\/person\/f6113b3cb1e036d5c6a9505685b257ba"},"headline":"Con arquitectura ecol\u00f3gica, BUAP recibir\u00e1 a alumnos de Ciencias Biol\u00f3gicas","datePublished":"2020-10-21T01:13:18+00:00","mainEntityOfPage":{"@id":"https:\/\/ferabrajan.com\/portal\/2020\/10\/21\/con-arquitectura-ecologica-buap-recibira-a-alumnos-de-ciencias-biologicas\/"},"wordCount":245,"commentCount":0,"publisher":{"@id":"https:\/\/ferabrajan.com\/portal\/#organization"},"image":{"@id":"https:\/\/ferabrajan.com\/portal\/2020\/10\/21\/con-arquitectura-ecologica-buap-recibira-a-alumnos-de-ciencias-biologicas\/#primaryimage"},"thumbnailUrl":"","keywords":["BUAP","puebla","Rector Alfonso Esparza","Rector de la BUAP"],"articleSection":["Puebla"],"inLanguage":"es"},{"@type":"WebPage","@id":"https:\/\/ferabrajan.com\/portal\/2020\/10\/21\/con-arquitectura-ecologica-buap-recibira-a-alumnos-de-ciencias-biologicas\/","url":"https:\/\/ferabrajan.com\/portal\/2020\/10\/21\/con-arquitectura-ecologica-buap-recibira-a-alumnos-de-ciencias-biologicas\/","name":"Con arquitectura ecol\u00f3gica, BUAP recibir\u00e1 a alumnos de Ciencias Biol\u00f3gicas - Fer Abrajan","isPartOf":{"@id":"https:\/\/ferabrajan.com\/portal\/#website"},"primaryImageOfPage":{"@id":"https:\/\/ferabrajan.com\/portal\/2020\/10\/21\/con-arquitectura-ecologica-buap-recibira-a-alumnos-de-ciencias-biologicas\/#primaryimage"},"image":{"@id":"https:\/\/ferabrajan.com\/portal\/2020\/10\/21\/con-arquitectura-ecologica-buap-recibira-a-alumnos-de-ciencias-biologicas\/#primaryimage"},"thumbnailUrl":"","datePublished":"2020-10-21T01:13:18+00:00","breadcrumb":{"@id":"https:\/\/ferabrajan.com\/portal\/2020\/10\/21\/con-arquitectura-ecologica-buap-recibira-a-alumnos-de-ciencias-biologicas\/#breadcrumb"},"inLanguage":"es","potentialAction":[{"@type":"ReadAction","target":["https:\/\/ferabrajan.com\/portal\/2020\/10\/21\/con-arquitectura-ecologica-buap-recibira-a-alumnos-de-ciencias-biologicas\/"]}]},{"@type":"ImageObject","inLanguage":"es","@id":"https:\/\/ferabrajan.com\/portal\/2020\/10\/21\/con-arquitectura-ecologica-buap-recibira-a-alumnos-de-ciencias-biologicas\/#primaryimage","url":"","contentUrl":""},{"@type":"BreadcrumbList","@id":"https:\/\/ferabrajan.com\/portal\/2020\/10\/21\/con-arquitectura-ecologica-buap-recibira-a-alumnos-de-ciencias-biologicas\/#breadcrumb","itemListElement":[{"@type":"ListItem","position":1,"name":"Portada","item":"https:\/\/ferabrajan.com\/portal\/"},{"@type":"ListItem","position":2,"name":"Con arquitectura ecol\u00f3gica, BUAP recibir\u00e1 a alumnos de Ciencias Biol\u00f3gicas"}]},{"@type":"WebSite","@id":"https:\/\/ferabrajan.com\/portal\/#website","url":"https:\/\/ferabrajan.com\/portal\/","name":"Fer Abrajan","description":"Noticias de Puebla, opini\u00f3n y radio en vivo","publisher":{"@id":"https:\/\/ferabrajan.com\/portal\/#organization"},"potentialAction":[{"@type":"SearchAction","target":{"@type":"EntryPoint","urlTemplate":"https:\/\/ferabrajan.com\/portal\/?s={search_term_string}"},"query-input":{"@type":"PropertyValueSpecification","valueRequired":true,"valueName":"search_term_string"}}],"inLanguage":"es"},{"@type":"Organization","@id":"https:\/\/ferabrajan.com\/portal\/#organization","name":"Fer Abrajan","url":"https:\/\/ferabrajan.com\/portal\/","logo":{"@type":"ImageObject","inLanguage":"es","@id":"https:\/\/ferabrajan.com\/portal\/#\/schema\/logo\/image\/","url":"https:\/\/ferabrajan.com\/portal\/wp-content\/uploads\/2024\/10\/cropped-logo.jpeg","contentUrl":"https:\/\/ferabrajan.com\/portal\/wp-content\/uploads\/2024\/10\/cropped-logo.jpeg","width":500,"height":250,"caption":"Fer Abrajan"},"image":{"@id":"https:\/\/ferabrajan.com\/portal\/#\/schema\/logo\/image\/"},"sameAs":["https:\/\/www.facebook.com\/NoticiasconFerAbrajan\/","https:\/\/x.com\/ferabrajan1"]},{"@type":"Person","@id":"https:\/\/ferabrajan.com\/portal\/#\/schema\/person\/f6113b3cb1e036d5c6a9505685b257ba","name":"admin","image":{"@type":"ImageObject","inLanguage":"es","@id":"https:\/\/secure.gravatar.com\/avatar\/072baa72775aad53c748dfc5d3048578e01b6c087eef335459ebfa04344e2d18?s=96&d=mm&r=g","url":"https:\/\/secure.gravatar.com\/avatar\/072baa72775aad53c748dfc5d3048578e01b6c087eef335459ebfa04344e2d18?s=96&d=mm&r=g","contentUrl":"https:\/\/secure.gravatar.com\/avatar\/072baa72775aad53c748dfc5d3048578e01b6c087eef335459ebfa04344e2d18?s=96&d=mm&r=g","caption":"admin"},"sameAs":["https:\/\/ferabrajan.com\/portal"],"url":"https:\/\/ferabrajan.com\/portal\/author\/admin\/"}]}},"_links":{"self":[{"href":"https:\/\/ferabrajan.com\/portal\/wp-json\/wp\/v2\/posts\/20251","targetHints":{"allow":["GET"]}}],"collection":[{"href":"https:\/\/ferabrajan.com\/portal\/wp-json\/wp\/v2\/posts"}],"about":[{"href":"https:\/\/ferabrajan.com\/portal\/wp-json\/wp\/v2\/types\/post"}],"author":[{"embeddable":true,"href":"https:\/\/ferabrajan.com\/portal\/wp-json\/wp\/v2\/users\/1"}],"replies":[{"embeddable":true,"href":"https:\/\/ferabrajan.com\/portal\/wp-json\/wp\/v2\/comments?post=20251"}],"version-history":[{"count":0,"href":"https:\/\/ferabrajan.com\/portal\/wp-json\/wp\/v2\/posts\/20251\/revisions"}],"wp:attachment":[{"href":"https:\/\/ferabrajan.com\/portal\/wp-json\/wp\/v2\/media?parent=20251"}],"wp:term":[{"taxonomy":"category","embeddable":true,"href":"https:\/\/ferabrajan.com\/portal\/wp-json\/wp\/v2\/categories?post=20251"},{"taxonomy":"post_tag","embeddable":true,"href":"https:\/\/ferabrajan.com\/portal\/wp-json\/wp\/v2\/tags?post=20251"}],"curies":[{"name":"wp","href":"https:\/\/api.w.org\/{rel}","templated":true}]}}