{"id":18741,"date":"2020-09-14T02:18:45","date_gmt":"2020-09-14T02:18:45","guid":{"rendered":"https:\/\/www.elsoldepuebla.com.mx\/mundo\/trump-firma-decreto-para-bajar-precio-de-medicamento-en-eu-5755682.html"},"modified":"2020-09-14T02:18:45","modified_gmt":"2020-09-14T02:18:45","slug":"trump-firma-decreto-para-bajar-precio-de-medicamento-en-eu","status":"publish","type":"post","link":"https:\/\/ferabrajan.com\/portal\/2020\/09\/14\/trump-firma-decreto-para-bajar-precio-de-medicamento-en-eu\/","title":{"rendered":"Trump firma decreto para bajar precio de medicamento en EU"},"content":{"rendered":"<div><img decoding=\"async\" src=\"https:\/\/www.elsoldemexico.com.mx\/mundo\/tgwa3y-trump-medicamentos-reuters.jpg\/ALTERNATES\/LANDSCAPE_1140\/trump%20medicamentos%20REUTERS.JPG\" class=\"ff-og-image-inserted\"><\/div>\n<p>El presidente de Estados Unidos, Donald Trump, dijo que firm\u00f3 un nuevo decreto que busca reducir los precios de los medicamentos en el pa\u00eds, al asociarlos a los que se cobran en otras naciones.<\/p>\n<p>\u00abMi decreto de Naci\u00f3n M\u00e1s Favorecida garantizar\u00e1 que nuestro pa\u00eds obtenga el mismo precio bajo que las grandes farmac\u00e9uticas ofrecen a otros pa\u00edses. Los d\u00edas de aprovechamiento global a expensas de Estados Unidos han terminado\u00bb, dijo Trump en una publicaci\u00f3n de Twitter.<\/p>\n<article class=\"mundo media col-md-4 inline-story\"> <\/article>\n<p>La Casa Blanca entreg\u00f3 el domingo un texto del decreto, que no parece ser un documento reci\u00e9n firmado. Estaba fechado el 24 de julio.<\/p>\n<p>El presidente republicano firm\u00f3 en julio un decreto que, entre otras cosas, exig\u00eda que Medicare, el programa de atenci\u00f3n m\u00e9dica del gobierno para personas mayores, asociara los precios que paga por medicamentos a los que pagan otros pa\u00edses.<\/p>\n<p>Su implementaci\u00f3n, sin embargo, se retras\u00f3 debido a que el gobierno intent\u00f3 hallar una soluci\u00f3n con la industria.<\/p>\n<p>Trump firm\u00f3 otros tres decretos en julio, dise\u00f1ados para reducir los costos de los medicamentos para los consumidores en un intento por mostrar su compromiso con el tema antes de las elecciones presidenciales del 3 de noviembre.<\/p>\n<p>Las \u00f3rdenes iban desde relajar las reglas de importaci\u00f3n de medicamentos hasta recortar los pagos de Medicare a las farmac\u00e9uticas, pero expertos dijeron que es poco probable que entren en vigencia en el corto plazo. Propuestas similares del gobierno de Trump se han estancando ante el rechazo de la industria.<\/p>\n<section>\n<article class=\"republica media\">\n<div class=\"teaser\">\n<p>[embedded content]<\/p>\n<\/div>\n<\/article>\n<\/section>\n<p>Publicaci\u00f3n Original: <a href=\"https:\/\/www.elsoldepuebla.com.mx\/mundo\/trump-firma-decreto-para-bajar-precio-de-medicamento-en-eu-5755682.html\" target=\"_blank\" rel=\"noopener noreferrer\">https:\/\/www.elsoldepuebla.com.mx\/mundo\/trump-firma-decreto-para-bajar-precio-de-medicamento-en-eu-5755682.html<\/a><\/p>\n","protected":false},"excerpt":{"rendered":"<p>El presidente de Estados Unidos, Donald Trump, dijo que firm\u00f3 un nuevo decreto que busca reducir los precios de los medicamentos en el pa\u00eds, al asociarlos a los que se cobran en otras naciones. \u00abMi decreto de Naci\u00f3n M\u00e1s Favorecida garantizar\u00e1 que nuestro pa\u00eds obtenga el mismo precio bajo que las grandes farmac\u00e9uticas ofrecen a otros pa\u00edses. Los d\u00edas de aprovechamiento global a expensas de Estados Unidos han terminado\u00bb, dijo Trump en una publicaci\u00f3n de Twitter. La Casa Blanca entreg\u00f3 el domingo un texto del decreto, que no parece ser un documento reci\u00e9n firmado. Estaba fechado el 24 de julio. El presidente republicano firm\u00f3 en julio un decreto que, entre otras cosas, exig\u00eda que Medicare, el programa de atenci\u00f3n m\u00e9dica del gobierno para personas mayores, asociara los precios que paga por medicamentos a los que pagan otros pa\u00edses. Su implementaci\u00f3n, sin embargo, se retras\u00f3 debido a que el gobierno intent\u00f3 hallar una soluci\u00f3n con la industria. Trump firm\u00f3 otros tres decretos en julio, dise\u00f1ados para reducir los costos de los medicamentos para los consumidores en un intento por mostrar su compromiso con el tema antes de las elecciones presidenciales del 3 de noviembre. Las \u00f3rdenes iban desde relajar las reglas de importaci\u00f3n de medicamentos hasta recortar los pagos de Medicare a las farmac\u00e9uticas, pero expertos dijeron que es poco probable que entren en vigencia en el corto plazo. Propuestas similares del gobierno de Trump se han estancando ante el rechazo de la industria. [embedded content] Publicaci\u00f3n Original: https:\/\/www.elsoldepuebla.com.mx\/mundo\/trump-firma-decreto-para-bajar-precio-de-medicamento-en-eu-5755682.html<\/p>\n","protected":false},"author":1,"featured_media":18745,"comment_status":"closed","ping_status":"closed","sticky":false,"template":"","format":"standard","meta":{"_monsterinsights_skip_tracking":false,"_uf_show_specific_survey":0,"_uf_disable_surveys":false,"footnotes":""},"categories":[34],"tags":[],"class_list":["post-18741","post","type-post","status-publish","format-standard","has-post-thumbnail","hentry","category-puebla"],"yoast_head":"<!-- This site is optimized with the Yoast SEO plugin v27.5 - https:\/\/yoast.com\/product\/yoast-seo-wordpress\/ -->\n<title>Trump firma decreto para bajar precio de medicamento en EU - Fer Abrajan<\/title>\n<meta name=\"robots\" content=\"index, follow, max-snippet:-1, max-image-preview:large, max-video-preview:-1\" \/>\n<link rel=\"canonical\" href=\"https:\/\/ferabrajan.com\/portal\/2020\/09\/14\/trump-firma-decreto-para-bajar-precio-de-medicamento-en-eu\/\" \/>\n<meta property=\"og:locale\" content=\"es_ES\" \/>\n<meta property=\"og:type\" content=\"article\" \/>\n<meta property=\"og:title\" content=\"Trump firma decreto para bajar precio de medicamento en EU - Fer Abrajan\" \/>\n<meta property=\"og:description\" content=\"El presidente de Estados Unidos, Donald Trump, dijo que firm\u00f3 un nuevo decreto que busca reducir los precios de los medicamentos en el pa\u00eds, al asociarlos a los que se cobran en otras naciones. \u00abMi decreto de Naci\u00f3n M\u00e1s Favorecida garantizar\u00e1 que nuestro pa\u00eds obtenga el mismo precio bajo que las grandes farmac\u00e9uticas ofrecen a otros pa\u00edses. Los d\u00edas de aprovechamiento global a expensas de Estados Unidos han terminado\u00bb, dijo Trump en una publicaci\u00f3n de Twitter. La Casa Blanca entreg\u00f3 el domingo un texto del decreto, que no parece ser un documento reci\u00e9n firmado. Estaba fechado el 24 de julio. El presidente republicano firm\u00f3 en julio un decreto que, entre otras cosas, exig\u00eda que Medicare, el programa de atenci\u00f3n m\u00e9dica del gobierno para personas mayores, asociara los precios que paga por medicamentos a los que pagan otros pa\u00edses. Su implementaci\u00f3n, sin embargo, se retras\u00f3 debido a que el gobierno intent\u00f3 hallar una soluci\u00f3n con la industria. Trump firm\u00f3 otros tres decretos en julio, dise\u00f1ados para reducir los costos de los medicamentos para los consumidores en un intento por mostrar su compromiso con el tema antes de las elecciones presidenciales del 3 de noviembre. Las \u00f3rdenes iban desde relajar las reglas de importaci\u00f3n de medicamentos hasta recortar los pagos de Medicare a las farmac\u00e9uticas, pero expertos dijeron que es poco probable que entren en vigencia en el corto plazo. Propuestas similares del gobierno de Trump se han estancando ante el rechazo de la industria. [embedded content] Publicaci\u00f3n Original: https:\/\/www.elsoldepuebla.com.mx\/mundo\/trump-firma-decreto-para-bajar-precio-de-medicamento-en-eu-5755682.html\" \/>\n<meta property=\"og:url\" content=\"https:\/\/ferabrajan.com\/portal\/2020\/09\/14\/trump-firma-decreto-para-bajar-precio-de-medicamento-en-eu\/\" \/>\n<meta property=\"og:site_name\" content=\"Fer Abrajan\" \/>\n<meta property=\"article:publisher\" content=\"https:\/\/www.facebook.com\/NoticiasconFerAbrajan\/\" \/>\n<meta property=\"article:published_time\" content=\"2020-09-14T02:18:45+00:00\" \/>\n<meta name=\"author\" content=\"admin\" \/>\n<meta name=\"twitter:card\" content=\"summary_large_image\" \/>\n<meta name=\"twitter:creator\" content=\"@ferabrajan1\" \/>\n<meta name=\"twitter:site\" content=\"@ferabrajan1\" \/>\n<meta name=\"twitter:label1\" content=\"Escrito por\" \/>\n\t<meta name=\"twitter:data1\" content=\"admin\" \/>\n\t<meta name=\"twitter:label2\" content=\"Tiempo de lectura\" \/>\n\t<meta name=\"twitter:data2\" content=\"1 minuto\" \/>\n<script type=\"application\/ld+json\" class=\"yoast-schema-graph\">{\"@context\":\"https:\\\/\\\/schema.org\",\"@graph\":[{\"@type\":\"Article\",\"@id\":\"https:\\\/\\\/ferabrajan.com\\\/portal\\\/2020\\\/09\\\/14\\\/trump-firma-decreto-para-bajar-precio-de-medicamento-en-eu\\\/#article\",\"isPartOf\":{\"@id\":\"https:\\\/\\\/ferabrajan.com\\\/portal\\\/2020\\\/09\\\/14\\\/trump-firma-decreto-para-bajar-precio-de-medicamento-en-eu\\\/\"},\"author\":{\"name\":\"admin\",\"@id\":\"https:\\\/\\\/ferabrajan.com\\\/portal\\\/#\\\/schema\\\/person\\\/f6113b3cb1e036d5c6a9505685b257ba\"},\"headline\":\"Trump firma decreto para bajar precio de medicamento en EU\",\"datePublished\":\"2020-09-14T02:18:45+00:00\",\"mainEntityOfPage\":{\"@id\":\"https:\\\/\\\/ferabrajan.com\\\/portal\\\/2020\\\/09\\\/14\\\/trump-firma-decreto-para-bajar-precio-de-medicamento-en-eu\\\/\"},\"wordCount\":282,\"publisher\":{\"@id\":\"https:\\\/\\\/ferabrajan.com\\\/portal\\\/#organization\"},\"image\":{\"@id\":\"https:\\\/\\\/ferabrajan.com\\\/portal\\\/2020\\\/09\\\/14\\\/trump-firma-decreto-para-bajar-precio-de-medicamento-en-eu\\\/#primaryimage\"},\"thumbnailUrl\":\"\",\"articleSection\":[\"Puebla\"],\"inLanguage\":\"es\"},{\"@type\":\"WebPage\",\"@id\":\"https:\\\/\\\/ferabrajan.com\\\/portal\\\/2020\\\/09\\\/14\\\/trump-firma-decreto-para-bajar-precio-de-medicamento-en-eu\\\/\",\"url\":\"https:\\\/\\\/ferabrajan.com\\\/portal\\\/2020\\\/09\\\/14\\\/trump-firma-decreto-para-bajar-precio-de-medicamento-en-eu\\\/\",\"name\":\"Trump firma decreto para bajar precio de medicamento en EU - Fer Abrajan\",\"isPartOf\":{\"@id\":\"https:\\\/\\\/ferabrajan.com\\\/portal\\\/#website\"},\"primaryImageOfPage\":{\"@id\":\"https:\\\/\\\/ferabrajan.com\\\/portal\\\/2020\\\/09\\\/14\\\/trump-firma-decreto-para-bajar-precio-de-medicamento-en-eu\\\/#primaryimage\"},\"image\":{\"@id\":\"https:\\\/\\\/ferabrajan.com\\\/portal\\\/2020\\\/09\\\/14\\\/trump-firma-decreto-para-bajar-precio-de-medicamento-en-eu\\\/#primaryimage\"},\"thumbnailUrl\":\"\",\"datePublished\":\"2020-09-14T02:18:45+00:00\",\"breadcrumb\":{\"@id\":\"https:\\\/\\\/ferabrajan.com\\\/portal\\\/2020\\\/09\\\/14\\\/trump-firma-decreto-para-bajar-precio-de-medicamento-en-eu\\\/#breadcrumb\"},\"inLanguage\":\"es\",\"potentialAction\":[{\"@type\":\"ReadAction\",\"target\":[\"https:\\\/\\\/ferabrajan.com\\\/portal\\\/2020\\\/09\\\/14\\\/trump-firma-decreto-para-bajar-precio-de-medicamento-en-eu\\\/\"]}]},{\"@type\":\"ImageObject\",\"inLanguage\":\"es\",\"@id\":\"https:\\\/\\\/ferabrajan.com\\\/portal\\\/2020\\\/09\\\/14\\\/trump-firma-decreto-para-bajar-precio-de-medicamento-en-eu\\\/#primaryimage\",\"url\":\"\",\"contentUrl\":\"\"},{\"@type\":\"BreadcrumbList\",\"@id\":\"https:\\\/\\\/ferabrajan.com\\\/portal\\\/2020\\\/09\\\/14\\\/trump-firma-decreto-para-bajar-precio-de-medicamento-en-eu\\\/#breadcrumb\",\"itemListElement\":[{\"@type\":\"ListItem\",\"position\":1,\"name\":\"Portada\",\"item\":\"https:\\\/\\\/ferabrajan.com\\\/portal\\\/\"},{\"@type\":\"ListItem\",\"position\":2,\"name\":\"Trump firma decreto para bajar precio de medicamento en EU\"}]},{\"@type\":\"WebSite\",\"@id\":\"https:\\\/\\\/ferabrajan.com\\\/portal\\\/#website\",\"url\":\"https:\\\/\\\/ferabrajan.com\\\/portal\\\/\",\"name\":\"Fer Abrajan\",\"description\":\"Noticias de Puebla, opini\u00f3n y radio en vivo\",\"publisher\":{\"@id\":\"https:\\\/\\\/ferabrajan.com\\\/portal\\\/#organization\"},\"potentialAction\":[{\"@type\":\"SearchAction\",\"target\":{\"@type\":\"EntryPoint\",\"urlTemplate\":\"https:\\\/\\\/ferabrajan.com\\\/portal\\\/?s={search_term_string}\"},\"query-input\":{\"@type\":\"PropertyValueSpecification\",\"valueRequired\":true,\"valueName\":\"search_term_string\"}}],\"inLanguage\":\"es\"},{\"@type\":\"Organization\",\"@id\":\"https:\\\/\\\/ferabrajan.com\\\/portal\\\/#organization\",\"name\":\"Fer Abrajan\",\"url\":\"https:\\\/\\\/ferabrajan.com\\\/portal\\\/\",\"logo\":{\"@type\":\"ImageObject\",\"inLanguage\":\"es\",\"@id\":\"https:\\\/\\\/ferabrajan.com\\\/portal\\\/#\\\/schema\\\/logo\\\/image\\\/\",\"url\":\"https:\\\/\\\/ferabrajan.com\\\/portal\\\/wp-content\\\/uploads\\\/2024\\\/10\\\/cropped-logo.jpeg\",\"contentUrl\":\"https:\\\/\\\/ferabrajan.com\\\/portal\\\/wp-content\\\/uploads\\\/2024\\\/10\\\/cropped-logo.jpeg\",\"width\":500,\"height\":250,\"caption\":\"Fer Abrajan\"},\"image\":{\"@id\":\"https:\\\/\\\/ferabrajan.com\\\/portal\\\/#\\\/schema\\\/logo\\\/image\\\/\"},\"sameAs\":[\"https:\\\/\\\/www.facebook.com\\\/NoticiasconFerAbrajan\\\/\",\"https:\\\/\\\/x.com\\\/ferabrajan1\"]},{\"@type\":\"Person\",\"@id\":\"https:\\\/\\\/ferabrajan.com\\\/portal\\\/#\\\/schema\\\/person\\\/f6113b3cb1e036d5c6a9505685b257ba\",\"name\":\"admin\",\"image\":{\"@type\":\"ImageObject\",\"inLanguage\":\"es\",\"@id\":\"https:\\\/\\\/secure.gravatar.com\\\/avatar\\\/072baa72775aad53c748dfc5d3048578e01b6c087eef335459ebfa04344e2d18?s=96&d=mm&r=g\",\"url\":\"https:\\\/\\\/secure.gravatar.com\\\/avatar\\\/072baa72775aad53c748dfc5d3048578e01b6c087eef335459ebfa04344e2d18?s=96&d=mm&r=g\",\"contentUrl\":\"https:\\\/\\\/secure.gravatar.com\\\/avatar\\\/072baa72775aad53c748dfc5d3048578e01b6c087eef335459ebfa04344e2d18?s=96&d=mm&r=g\",\"caption\":\"admin\"},\"sameAs\":[\"https:\\\/\\\/ferabrajan.com\\\/portal\"],\"url\":\"https:\\\/\\\/ferabrajan.com\\\/portal\\\/author\\\/admin\\\/\"}]}<\/script>\n<!-- \/ Yoast SEO plugin. -->","yoast_head_json":{"title":"Trump firma decreto para bajar precio de medicamento en EU - Fer Abrajan","robots":{"index":"index","follow":"follow","max-snippet":"max-snippet:-1","max-image-preview":"max-image-preview:large","max-video-preview":"max-video-preview:-1"},"canonical":"https:\/\/ferabrajan.com\/portal\/2020\/09\/14\/trump-firma-decreto-para-bajar-precio-de-medicamento-en-eu\/","og_locale":"es_ES","og_type":"article","og_title":"Trump firma decreto para bajar precio de medicamento en EU - Fer Abrajan","og_description":"El presidente de Estados Unidos, Donald Trump, dijo que firm\u00f3 un nuevo decreto que busca reducir los precios de los medicamentos en el pa\u00eds, al asociarlos a los que se cobran en otras naciones. \u00abMi decreto de Naci\u00f3n M\u00e1s Favorecida garantizar\u00e1 que nuestro pa\u00eds obtenga el mismo precio bajo que las grandes farmac\u00e9uticas ofrecen a otros pa\u00edses. Los d\u00edas de aprovechamiento global a expensas de Estados Unidos han terminado\u00bb, dijo Trump en una publicaci\u00f3n de Twitter. La Casa Blanca entreg\u00f3 el domingo un texto del decreto, que no parece ser un documento reci\u00e9n firmado. Estaba fechado el 24 de julio. El presidente republicano firm\u00f3 en julio un decreto que, entre otras cosas, exig\u00eda que Medicare, el programa de atenci\u00f3n m\u00e9dica del gobierno para personas mayores, asociara los precios que paga por medicamentos a los que pagan otros pa\u00edses. Su implementaci\u00f3n, sin embargo, se retras\u00f3 debido a que el gobierno intent\u00f3 hallar una soluci\u00f3n con la industria. Trump firm\u00f3 otros tres decretos en julio, dise\u00f1ados para reducir los costos de los medicamentos para los consumidores en un intento por mostrar su compromiso con el tema antes de las elecciones presidenciales del 3 de noviembre. Las \u00f3rdenes iban desde relajar las reglas de importaci\u00f3n de medicamentos hasta recortar los pagos de Medicare a las farmac\u00e9uticas, pero expertos dijeron que es poco probable que entren en vigencia en el corto plazo. Propuestas similares del gobierno de Trump se han estancando ante el rechazo de la industria. [embedded content] Publicaci\u00f3n Original: https:\/\/www.elsoldepuebla.com.mx\/mundo\/trump-firma-decreto-para-bajar-precio-de-medicamento-en-eu-5755682.html","og_url":"https:\/\/ferabrajan.com\/portal\/2020\/09\/14\/trump-firma-decreto-para-bajar-precio-de-medicamento-en-eu\/","og_site_name":"Fer Abrajan","article_publisher":"https:\/\/www.facebook.com\/NoticiasconFerAbrajan\/","article_published_time":"2020-09-14T02:18:45+00:00","author":"admin","twitter_card":"summary_large_image","twitter_creator":"@ferabrajan1","twitter_site":"@ferabrajan1","twitter_misc":{"Escrito por":"admin","Tiempo de lectura":"1 minuto"},"schema":{"@context":"https:\/\/schema.org","@graph":[{"@type":"Article","@id":"https:\/\/ferabrajan.com\/portal\/2020\/09\/14\/trump-firma-decreto-para-bajar-precio-de-medicamento-en-eu\/#article","isPartOf":{"@id":"https:\/\/ferabrajan.com\/portal\/2020\/09\/14\/trump-firma-decreto-para-bajar-precio-de-medicamento-en-eu\/"},"author":{"name":"admin","@id":"https:\/\/ferabrajan.com\/portal\/#\/schema\/person\/f6113b3cb1e036d5c6a9505685b257ba"},"headline":"Trump firma decreto para bajar precio de medicamento en EU","datePublished":"2020-09-14T02:18:45+00:00","mainEntityOfPage":{"@id":"https:\/\/ferabrajan.com\/portal\/2020\/09\/14\/trump-firma-decreto-para-bajar-precio-de-medicamento-en-eu\/"},"wordCount":282,"publisher":{"@id":"https:\/\/ferabrajan.com\/portal\/#organization"},"image":{"@id":"https:\/\/ferabrajan.com\/portal\/2020\/09\/14\/trump-firma-decreto-para-bajar-precio-de-medicamento-en-eu\/#primaryimage"},"thumbnailUrl":"","articleSection":["Puebla"],"inLanguage":"es"},{"@type":"WebPage","@id":"https:\/\/ferabrajan.com\/portal\/2020\/09\/14\/trump-firma-decreto-para-bajar-precio-de-medicamento-en-eu\/","url":"https:\/\/ferabrajan.com\/portal\/2020\/09\/14\/trump-firma-decreto-para-bajar-precio-de-medicamento-en-eu\/","name":"Trump firma decreto para bajar precio de medicamento en EU - Fer Abrajan","isPartOf":{"@id":"https:\/\/ferabrajan.com\/portal\/#website"},"primaryImageOfPage":{"@id":"https:\/\/ferabrajan.com\/portal\/2020\/09\/14\/trump-firma-decreto-para-bajar-precio-de-medicamento-en-eu\/#primaryimage"},"image":{"@id":"https:\/\/ferabrajan.com\/portal\/2020\/09\/14\/trump-firma-decreto-para-bajar-precio-de-medicamento-en-eu\/#primaryimage"},"thumbnailUrl":"","datePublished":"2020-09-14T02:18:45+00:00","breadcrumb":{"@id":"https:\/\/ferabrajan.com\/portal\/2020\/09\/14\/trump-firma-decreto-para-bajar-precio-de-medicamento-en-eu\/#breadcrumb"},"inLanguage":"es","potentialAction":[{"@type":"ReadAction","target":["https:\/\/ferabrajan.com\/portal\/2020\/09\/14\/trump-firma-decreto-para-bajar-precio-de-medicamento-en-eu\/"]}]},{"@type":"ImageObject","inLanguage":"es","@id":"https:\/\/ferabrajan.com\/portal\/2020\/09\/14\/trump-firma-decreto-para-bajar-precio-de-medicamento-en-eu\/#primaryimage","url":"","contentUrl":""},{"@type":"BreadcrumbList","@id":"https:\/\/ferabrajan.com\/portal\/2020\/09\/14\/trump-firma-decreto-para-bajar-precio-de-medicamento-en-eu\/#breadcrumb","itemListElement":[{"@type":"ListItem","position":1,"name":"Portada","item":"https:\/\/ferabrajan.com\/portal\/"},{"@type":"ListItem","position":2,"name":"Trump firma decreto para bajar precio de medicamento en EU"}]},{"@type":"WebSite","@id":"https:\/\/ferabrajan.com\/portal\/#website","url":"https:\/\/ferabrajan.com\/portal\/","name":"Fer Abrajan","description":"Noticias de Puebla, opini\u00f3n y radio en vivo","publisher":{"@id":"https:\/\/ferabrajan.com\/portal\/#organization"},"potentialAction":[{"@type":"SearchAction","target":{"@type":"EntryPoint","urlTemplate":"https:\/\/ferabrajan.com\/portal\/?s={search_term_string}"},"query-input":{"@type":"PropertyValueSpecification","valueRequired":true,"valueName":"search_term_string"}}],"inLanguage":"es"},{"@type":"Organization","@id":"https:\/\/ferabrajan.com\/portal\/#organization","name":"Fer Abrajan","url":"https:\/\/ferabrajan.com\/portal\/","logo":{"@type":"ImageObject","inLanguage":"es","@id":"https:\/\/ferabrajan.com\/portal\/#\/schema\/logo\/image\/","url":"https:\/\/ferabrajan.com\/portal\/wp-content\/uploads\/2024\/10\/cropped-logo.jpeg","contentUrl":"https:\/\/ferabrajan.com\/portal\/wp-content\/uploads\/2024\/10\/cropped-logo.jpeg","width":500,"height":250,"caption":"Fer Abrajan"},"image":{"@id":"https:\/\/ferabrajan.com\/portal\/#\/schema\/logo\/image\/"},"sameAs":["https:\/\/www.facebook.com\/NoticiasconFerAbrajan\/","https:\/\/x.com\/ferabrajan1"]},{"@type":"Person","@id":"https:\/\/ferabrajan.com\/portal\/#\/schema\/person\/f6113b3cb1e036d5c6a9505685b257ba","name":"admin","image":{"@type":"ImageObject","inLanguage":"es","@id":"https:\/\/secure.gravatar.com\/avatar\/072baa72775aad53c748dfc5d3048578e01b6c087eef335459ebfa04344e2d18?s=96&d=mm&r=g","url":"https:\/\/secure.gravatar.com\/avatar\/072baa72775aad53c748dfc5d3048578e01b6c087eef335459ebfa04344e2d18?s=96&d=mm&r=g","contentUrl":"https:\/\/secure.gravatar.com\/avatar\/072baa72775aad53c748dfc5d3048578e01b6c087eef335459ebfa04344e2d18?s=96&d=mm&r=g","caption":"admin"},"sameAs":["https:\/\/ferabrajan.com\/portal"],"url":"https:\/\/ferabrajan.com\/portal\/author\/admin\/"}]}},"_links":{"self":[{"href":"https:\/\/ferabrajan.com\/portal\/wp-json\/wp\/v2\/posts\/18741","targetHints":{"allow":["GET"]}}],"collection":[{"href":"https:\/\/ferabrajan.com\/portal\/wp-json\/wp\/v2\/posts"}],"about":[{"href":"https:\/\/ferabrajan.com\/portal\/wp-json\/wp\/v2\/types\/post"}],"author":[{"embeddable":true,"href":"https:\/\/ferabrajan.com\/portal\/wp-json\/wp\/v2\/users\/1"}],"replies":[{"embeddable":true,"href":"https:\/\/ferabrajan.com\/portal\/wp-json\/wp\/v2\/comments?post=18741"}],"version-history":[{"count":0,"href":"https:\/\/ferabrajan.com\/portal\/wp-json\/wp\/v2\/posts\/18741\/revisions"}],"wp:attachment":[{"href":"https:\/\/ferabrajan.com\/portal\/wp-json\/wp\/v2\/media?parent=18741"}],"wp:term":[{"taxonomy":"category","embeddable":true,"href":"https:\/\/ferabrajan.com\/portal\/wp-json\/wp\/v2\/categories?post=18741"},{"taxonomy":"post_tag","embeddable":true,"href":"https:\/\/ferabrajan.com\/portal\/wp-json\/wp\/v2\/tags?post=18741"}],"curies":[{"name":"wp","href":"https:\/\/api.w.org\/{rel}","templated":true}]}}