{"id":18736,"date":"2020-09-14T02:21:07","date_gmt":"2020-09-14T02:21:07","guid":{"rendered":"https:\/\/www.elsoldepuebla.com.mx\/local\/no-es-una-situacion-politica-sino-de-ciudadania-responde-karina-perez-a-miguel-angel-huepa-5755693.html"},"modified":"2020-09-14T02:21:07","modified_gmt":"2020-09-14T02:21:07","slug":"no-es-una-situacion-politica-sino-de-ciudadania-responde-karina-perez-a-miguel-angel-huepa","status":"publish","type":"post","link":"https:\/\/ferabrajan.com\/portal\/2020\/09\/14\/no-es-una-situacion-politica-sino-de-ciudadania-responde-karina-perez-a-miguel-angel-huepa\/","title":{"rendered":"&quot;No es una situaci\u00f3n pol\u00edtica, sino de ciudadan\u00eda&quot;, responde Karina P\u00e9rez a Miguel \u00c1ngel Huepa"},"content":{"rendered":"<div><img decoding=\"async\" src=\"https:\/\/www.elsoldepuebla.com.mx\/local\/6lj7w7-karina.jpg\/ALTERNATES\/LANDSCAPE_1140\/karina.jpg\" class=\"ff-og-image-inserted\"><\/div>\n<p>\u201cVan a defender lo indefendible\u201d, contest\u00f3 la presidenta municipal de San Andr\u00e9s Cholula, Karina P\u00e9rez Popoca, en torno a las declaraciones hechas por el exedil panista, Miguel \u00c1ngel Huepa P\u00e9rez, en donde acusa que actualmente esta jurisdicci\u00f3n enfrenta un desgobierno y que es v\u00edctima de calumnias.<\/p>\n<p>Entrevistada despu\u00e9s del acto c\u00edvico que dirigi\u00f3 para conmemorar la gesta heroica de los Ni\u00f1os H\u00e9roes, dijo que todo lo que diga el panista, queda carente de veracidad y adem\u00e1s ella no ha hecho las acusaciones de forma directa, sino han sido los afectados, en este caso un constructor, fue quien ventil\u00f3 presuntas inconsistencias cometidas a cambio de liberar permisos de uso de suelo.<\/p>\n<p>\u201cNo es una situaci\u00f3n pol\u00edtica, sino de ciudadan\u00eda, porque lo que ventilamos en el caso del Polideportivo no hay documentos que avalen la entrega del terreno al gobierno del estado, en los libros de Cabildo no existe el acta en la entrega y le pregunto c\u00f3mo va a defender este tema y otros, como el tema de los l\u00edmites territoriales que entreg\u00f3 en el 2013, la entrega del agua, su inconclusi\u00f3n en el cargo, su servilismo ante el exgobernador Rafael Moreno Valle (\u2026) no haber defendido al pueblo ante el proyecto de la Plaza de las Siete Culturas y el pago de facturas que llev\u00f3 a su esposa a un cargo p\u00fablico en el Celma\u201d, cit\u00f3.<\/p>\n<p>Al igual reproch\u00f3 que Huepa P\u00e9rez no defendi\u00f3 a su comunidad origen, Santa Mar\u00eda Tonantzintla, del proyecto Smart City y de otros problemas que aquejaban a los pobladores.<\/p>\n<p>\u201cHabla (Huepa P\u00e9rez) de un desgobierno, pero no les da pena, no tienen calidad moral (\u2026) hoy San Andr\u00e9s Cholula tiene infraestructura, equipamiento, edificios administrativos, la avenida del Sol, ambulancias, un dron de cinco millones de pesos que sirvi\u00f3 para actualizar la Carta Urbana, la radial a Tlaxcalancingo y se construye el mercado municipal, por citar algunos datos frescos, pero qu\u00e9 va a defender (&#8230;), no les da verg\u00fcenza de hablar de un desgobierno, lo que ellos no fueron capaces de hacer, esta mujer y la Cuarta trasformaci\u00f3n lo est\u00e1 haciendo y me siento orgullosa de demostrarle a la l\u00ednea blanquiazul que una mujer tiene la capacidad que ellos no tuvieron, porque ellos entregaron la autonom\u00eda y el territorio, por eso todo lo que digan carece de valor y moral, porque s\u00f3lo se enriquecieron\u201d, concluy\u00f3.<\/p>\n<article class=\"local_estado media col-md-4 inline-story\"> <\/article>\n<article class=\"circulos_turismo media col-md-4 inline-story\"> <\/article>\n<article class=\"local media col-md-4 inline-story\"> <\/article>\n<p>Publicaci\u00f3n Original: <a href=\"https:\/\/www.elsoldepuebla.com.mx\/local\/no-es-una-situacion-politica-sino-de-ciudadania-responde-karina-perez-a-miguel-angel-huepa-5755693.html\" target=\"_blank\" rel=\"noopener noreferrer\">https:\/\/www.elsoldepuebla.com.mx\/local\/no-es-una-situacion-politica-sino-de-ciudadania-responde-karina-perez-a-miguel-angel-huepa-5755693.html<\/a><\/p>\n","protected":false},"excerpt":{"rendered":"<p>\u201cVan a defender lo indefendible\u201d, contest\u00f3 la presidenta municipal de San Andr\u00e9s Cholula, Karina P\u00e9rez Popoca, en torno a las declaraciones hechas por el exedil panista, Miguel \u00c1ngel Huepa P\u00e9rez, en donde acusa que actualmente esta jurisdicci\u00f3n enfrenta un desgobierno y que es v\u00edctima de calumnias. Entrevistada despu\u00e9s del acto c\u00edvico que dirigi\u00f3 para conmemorar la gesta heroica de los Ni\u00f1os H\u00e9roes, dijo que todo lo que diga el panista, queda carente de veracidad y adem\u00e1s ella no ha hecho las acusaciones de forma directa, sino han sido los afectados, en este caso un constructor, fue quien ventil\u00f3 presuntas inconsistencias cometidas a cambio de liberar permisos de uso de suelo. \u201cNo es una situaci\u00f3n pol\u00edtica, sino de ciudadan\u00eda, porque lo que ventilamos en el caso del Polideportivo no hay documentos que avalen la entrega del terreno al gobierno del estado, en los libros de Cabildo no existe el acta en la entrega y le pregunto c\u00f3mo va a defender este tema y otros, como el tema de los l\u00edmites territoriales que entreg\u00f3 en el 2013, la entrega del agua, su inconclusi\u00f3n en el cargo, su servilismo ante el exgobernador Rafael Moreno Valle (\u2026) no haber defendido al pueblo ante el proyecto de la Plaza de las Siete Culturas y el pago de facturas que llev\u00f3 a su esposa a un cargo p\u00fablico en el Celma\u201d, cit\u00f3. Al igual reproch\u00f3 que Huepa P\u00e9rez no defendi\u00f3 a su comunidad origen, Santa Mar\u00eda Tonantzintla, del proyecto Smart City y de otros problemas que aquejaban a los pobladores. \u201cHabla (Huepa P\u00e9rez) de un desgobierno, pero no les da pena, no tienen calidad moral (\u2026) hoy San Andr\u00e9s Cholula tiene infraestructura, equipamiento, edificios administrativos, la avenida del Sol, ambulancias, un dron de cinco millones de pesos que sirvi\u00f3 para actualizar la Carta Urbana, la radial a Tlaxcalancingo y se construye el mercado municipal, por citar algunos datos frescos, pero qu\u00e9 va a defender (&#8230;), no les da verg\u00fcenza de hablar de un desgobierno, lo que ellos no fueron capaces de hacer, esta mujer y la Cuarta trasformaci\u00f3n lo est\u00e1 haciendo y me siento orgullosa de demostrarle a la l\u00ednea blanquiazul que una mujer tiene la capacidad que ellos no tuvieron, porque ellos entregaron la autonom\u00eda y el territorio, por eso todo lo que digan carece de valor y moral, porque s\u00f3lo se enriquecieron\u201d, concluy\u00f3. Publicaci\u00f3n Original: https:\/\/www.elsoldepuebla.com.mx\/local\/no-es-una-situacion-politica-sino-de-ciudadania-responde-karina-perez-a-miguel-angel-huepa-5755693.html<\/p>\n","protected":false},"author":1,"featured_media":18740,"comment_status":"closed","ping_status":"closed","sticky":false,"template":"","format":"standard","meta":{"_monsterinsights_skip_tracking":false,"_uf_show_specific_survey":0,"_uf_disable_surveys":false,"footnotes":""},"categories":[53,34],"tags":[],"class_list":["post-18736","post","type-post","status-publish","format-standard","has-post-thumbnail","hentry","category-local","category-puebla"],"yoast_head":"<!-- This site is optimized with the Yoast SEO plugin v27.5 - https:\/\/yoast.com\/product\/yoast-seo-wordpress\/ -->\n<title>&quot;No es una situaci\u00f3n pol\u00edtica, sino de ciudadan\u00eda&quot;, responde Karina P\u00e9rez a Miguel \u00c1ngel Huepa - Fer Abrajan<\/title>\n<meta name=\"robots\" content=\"index, follow, max-snippet:-1, max-image-preview:large, max-video-preview:-1\" \/>\n<link rel=\"canonical\" href=\"https:\/\/ferabrajan.com\/portal\/2020\/09\/14\/no-es-una-situacion-politica-sino-de-ciudadania-responde-karina-perez-a-miguel-angel-huepa\/\" \/>\n<meta property=\"og:locale\" content=\"es_ES\" \/>\n<meta property=\"og:type\" content=\"article\" \/>\n<meta property=\"og:title\" content=\"&quot;No es una situaci\u00f3n pol\u00edtica, sino de ciudadan\u00eda&quot;, responde Karina P\u00e9rez a Miguel \u00c1ngel Huepa - Fer Abrajan\" \/>\n<meta property=\"og:description\" content=\"\u201cVan a defender lo indefendible\u201d, contest\u00f3 la presidenta municipal de San Andr\u00e9s Cholula, Karina P\u00e9rez Popoca, en torno a las declaraciones hechas por el exedil panista, Miguel \u00c1ngel Huepa P\u00e9rez, en donde acusa que actualmente esta jurisdicci\u00f3n enfrenta un desgobierno y que es v\u00edctima de calumnias. Entrevistada despu\u00e9s del acto c\u00edvico que dirigi\u00f3 para conmemorar la gesta heroica de los Ni\u00f1os H\u00e9roes, dijo que todo lo que diga el panista, queda carente de veracidad y adem\u00e1s ella no ha hecho las acusaciones de forma directa, sino han sido los afectados, en este caso un constructor, fue quien ventil\u00f3 presuntas inconsistencias cometidas a cambio de liberar permisos de uso de suelo. \u201cNo es una situaci\u00f3n pol\u00edtica, sino de ciudadan\u00eda, porque lo que ventilamos en el caso del Polideportivo no hay documentos que avalen la entrega del terreno al gobierno del estado, en los libros de Cabildo no existe el acta en la entrega y le pregunto c\u00f3mo va a defender este tema y otros, como el tema de los l\u00edmites territoriales que entreg\u00f3 en el 2013, la entrega del agua, su inconclusi\u00f3n en el cargo, su servilismo ante el exgobernador Rafael Moreno Valle (\u2026) no haber defendido al pueblo ante el proyecto de la Plaza de las Siete Culturas y el pago de facturas que llev\u00f3 a su esposa a un cargo p\u00fablico en el Celma\u201d, cit\u00f3. Al igual reproch\u00f3 que Huepa P\u00e9rez no defendi\u00f3 a su comunidad origen, Santa Mar\u00eda Tonantzintla, del proyecto Smart City y de otros problemas que aquejaban a los pobladores. \u201cHabla (Huepa P\u00e9rez) de un desgobierno, pero no les da pena, no tienen calidad moral (\u2026) hoy San Andr\u00e9s Cholula tiene infraestructura, equipamiento, edificios administrativos, la avenida del Sol, ambulancias, un dron de cinco millones de pesos que sirvi\u00f3 para actualizar la Carta Urbana, la radial a Tlaxcalancingo y se construye el mercado municipal, por citar algunos datos frescos, pero qu\u00e9 va a defender (&#8230;), no les da verg\u00fcenza de hablar de un desgobierno, lo que ellos no fueron capaces de hacer, esta mujer y la Cuarta trasformaci\u00f3n lo est\u00e1 haciendo y me siento orgullosa de demostrarle a la l\u00ednea blanquiazul que una mujer tiene la capacidad que ellos no tuvieron, porque ellos entregaron la autonom\u00eda y el territorio, por eso todo lo que digan carece de valor y moral, porque s\u00f3lo se enriquecieron\u201d, concluy\u00f3. Publicaci\u00f3n Original: https:\/\/www.elsoldepuebla.com.mx\/local\/no-es-una-situacion-politica-sino-de-ciudadania-responde-karina-perez-a-miguel-angel-huepa-5755693.html\" \/>\n<meta property=\"og:url\" content=\"https:\/\/ferabrajan.com\/portal\/2020\/09\/14\/no-es-una-situacion-politica-sino-de-ciudadania-responde-karina-perez-a-miguel-angel-huepa\/\" \/>\n<meta property=\"og:site_name\" content=\"Fer Abrajan\" \/>\n<meta property=\"article:publisher\" content=\"https:\/\/www.facebook.com\/NoticiasconFerAbrajan\/\" \/>\n<meta property=\"article:published_time\" content=\"2020-09-14T02:21:07+00:00\" \/>\n<meta name=\"author\" content=\"admin\" \/>\n<meta name=\"twitter:card\" content=\"summary_large_image\" \/>\n<meta name=\"twitter:creator\" content=\"@ferabrajan1\" \/>\n<meta name=\"twitter:site\" content=\"@ferabrajan1\" \/>\n<meta name=\"twitter:label1\" content=\"Escrito por\" \/>\n\t<meta name=\"twitter:data1\" content=\"admin\" \/>\n\t<meta name=\"twitter:label2\" content=\"Tiempo de lectura\" \/>\n\t<meta name=\"twitter:data2\" content=\"2 minutos\" \/>\n<script type=\"application\/ld+json\" class=\"yoast-schema-graph\">{\"@context\":\"https:\\\/\\\/schema.org\",\"@graph\":[{\"@type\":\"Article\",\"@id\":\"https:\\\/\\\/ferabrajan.com\\\/portal\\\/2020\\\/09\\\/14\\\/no-es-una-situacion-politica-sino-de-ciudadania-responde-karina-perez-a-miguel-angel-huepa\\\/#article\",\"isPartOf\":{\"@id\":\"https:\\\/\\\/ferabrajan.com\\\/portal\\\/2020\\\/09\\\/14\\\/no-es-una-situacion-politica-sino-de-ciudadania-responde-karina-perez-a-miguel-angel-huepa\\\/\"},\"author\":{\"name\":\"admin\",\"@id\":\"https:\\\/\\\/ferabrajan.com\\\/portal\\\/#\\\/schema\\\/person\\\/f6113b3cb1e036d5c6a9505685b257ba\"},\"headline\":\"&quot;No es una situaci\u00f3n pol\u00edtica, sino de ciudadan\u00eda&quot;, responde Karina P\u00e9rez a Miguel \u00c1ngel Huepa\",\"datePublished\":\"2020-09-14T02:21:07+00:00\",\"mainEntityOfPage\":{\"@id\":\"https:\\\/\\\/ferabrajan.com\\\/portal\\\/2020\\\/09\\\/14\\\/no-es-una-situacion-politica-sino-de-ciudadania-responde-karina-perez-a-miguel-angel-huepa\\\/\"},\"wordCount\":443,\"publisher\":{\"@id\":\"https:\\\/\\\/ferabrajan.com\\\/portal\\\/#organization\"},\"image\":{\"@id\":\"https:\\\/\\\/ferabrajan.com\\\/portal\\\/2020\\\/09\\\/14\\\/no-es-una-situacion-politica-sino-de-ciudadania-responde-karina-perez-a-miguel-angel-huepa\\\/#primaryimage\"},\"thumbnailUrl\":\"\",\"articleSection\":[\"Local\",\"Puebla\"],\"inLanguage\":\"es\"},{\"@type\":\"WebPage\",\"@id\":\"https:\\\/\\\/ferabrajan.com\\\/portal\\\/2020\\\/09\\\/14\\\/no-es-una-situacion-politica-sino-de-ciudadania-responde-karina-perez-a-miguel-angel-huepa\\\/\",\"url\":\"https:\\\/\\\/ferabrajan.com\\\/portal\\\/2020\\\/09\\\/14\\\/no-es-una-situacion-politica-sino-de-ciudadania-responde-karina-perez-a-miguel-angel-huepa\\\/\",\"name\":\"&quot;No es una situaci\u00f3n pol\u00edtica, sino de ciudadan\u00eda&quot;, responde Karina P\u00e9rez a Miguel \u00c1ngel Huepa - Fer Abrajan\",\"isPartOf\":{\"@id\":\"https:\\\/\\\/ferabrajan.com\\\/portal\\\/#website\"},\"primaryImageOfPage\":{\"@id\":\"https:\\\/\\\/ferabrajan.com\\\/portal\\\/2020\\\/09\\\/14\\\/no-es-una-situacion-politica-sino-de-ciudadania-responde-karina-perez-a-miguel-angel-huepa\\\/#primaryimage\"},\"image\":{\"@id\":\"https:\\\/\\\/ferabrajan.com\\\/portal\\\/2020\\\/09\\\/14\\\/no-es-una-situacion-politica-sino-de-ciudadania-responde-karina-perez-a-miguel-angel-huepa\\\/#primaryimage\"},\"thumbnailUrl\":\"\",\"datePublished\":\"2020-09-14T02:21:07+00:00\",\"breadcrumb\":{\"@id\":\"https:\\\/\\\/ferabrajan.com\\\/portal\\\/2020\\\/09\\\/14\\\/no-es-una-situacion-politica-sino-de-ciudadania-responde-karina-perez-a-miguel-angel-huepa\\\/#breadcrumb\"},\"inLanguage\":\"es\",\"potentialAction\":[{\"@type\":\"ReadAction\",\"target\":[\"https:\\\/\\\/ferabrajan.com\\\/portal\\\/2020\\\/09\\\/14\\\/no-es-una-situacion-politica-sino-de-ciudadania-responde-karina-perez-a-miguel-angel-huepa\\\/\"]}]},{\"@type\":\"ImageObject\",\"inLanguage\":\"es\",\"@id\":\"https:\\\/\\\/ferabrajan.com\\\/portal\\\/2020\\\/09\\\/14\\\/no-es-una-situacion-politica-sino-de-ciudadania-responde-karina-perez-a-miguel-angel-huepa\\\/#primaryimage\",\"url\":\"\",\"contentUrl\":\"\"},{\"@type\":\"BreadcrumbList\",\"@id\":\"https:\\\/\\\/ferabrajan.com\\\/portal\\\/2020\\\/09\\\/14\\\/no-es-una-situacion-politica-sino-de-ciudadania-responde-karina-perez-a-miguel-angel-huepa\\\/#breadcrumb\",\"itemListElement\":[{\"@type\":\"ListItem\",\"position\":1,\"name\":\"Portada\",\"item\":\"https:\\\/\\\/ferabrajan.com\\\/portal\\\/\"},{\"@type\":\"ListItem\",\"position\":2,\"name\":\"&quot;No es una situaci\u00f3n pol\u00edtica, sino de ciudadan\u00eda&quot;, responde Karina P\u00e9rez a Miguel \u00c1ngel Huepa\"}]},{\"@type\":\"WebSite\",\"@id\":\"https:\\\/\\\/ferabrajan.com\\\/portal\\\/#website\",\"url\":\"https:\\\/\\\/ferabrajan.com\\\/portal\\\/\",\"name\":\"Fer Abrajan\",\"description\":\"Noticias de Puebla, opini\u00f3n y radio en vivo\",\"publisher\":{\"@id\":\"https:\\\/\\\/ferabrajan.com\\\/portal\\\/#organization\"},\"potentialAction\":[{\"@type\":\"SearchAction\",\"target\":{\"@type\":\"EntryPoint\",\"urlTemplate\":\"https:\\\/\\\/ferabrajan.com\\\/portal\\\/?s={search_term_string}\"},\"query-input\":{\"@type\":\"PropertyValueSpecification\",\"valueRequired\":true,\"valueName\":\"search_term_string\"}}],\"inLanguage\":\"es\"},{\"@type\":\"Organization\",\"@id\":\"https:\\\/\\\/ferabrajan.com\\\/portal\\\/#organization\",\"name\":\"Fer Abrajan\",\"url\":\"https:\\\/\\\/ferabrajan.com\\\/portal\\\/\",\"logo\":{\"@type\":\"ImageObject\",\"inLanguage\":\"es\",\"@id\":\"https:\\\/\\\/ferabrajan.com\\\/portal\\\/#\\\/schema\\\/logo\\\/image\\\/\",\"url\":\"https:\\\/\\\/ferabrajan.com\\\/portal\\\/wp-content\\\/uploads\\\/2024\\\/10\\\/cropped-logo.jpeg\",\"contentUrl\":\"https:\\\/\\\/ferabrajan.com\\\/portal\\\/wp-content\\\/uploads\\\/2024\\\/10\\\/cropped-logo.jpeg\",\"width\":500,\"height\":250,\"caption\":\"Fer Abrajan\"},\"image\":{\"@id\":\"https:\\\/\\\/ferabrajan.com\\\/portal\\\/#\\\/schema\\\/logo\\\/image\\\/\"},\"sameAs\":[\"https:\\\/\\\/www.facebook.com\\\/NoticiasconFerAbrajan\\\/\",\"https:\\\/\\\/x.com\\\/ferabrajan1\"]},{\"@type\":\"Person\",\"@id\":\"https:\\\/\\\/ferabrajan.com\\\/portal\\\/#\\\/schema\\\/person\\\/f6113b3cb1e036d5c6a9505685b257ba\",\"name\":\"admin\",\"image\":{\"@type\":\"ImageObject\",\"inLanguage\":\"es\",\"@id\":\"https:\\\/\\\/secure.gravatar.com\\\/avatar\\\/072baa72775aad53c748dfc5d3048578e01b6c087eef335459ebfa04344e2d18?s=96&d=mm&r=g\",\"url\":\"https:\\\/\\\/secure.gravatar.com\\\/avatar\\\/072baa72775aad53c748dfc5d3048578e01b6c087eef335459ebfa04344e2d18?s=96&d=mm&r=g\",\"contentUrl\":\"https:\\\/\\\/secure.gravatar.com\\\/avatar\\\/072baa72775aad53c748dfc5d3048578e01b6c087eef335459ebfa04344e2d18?s=96&d=mm&r=g\",\"caption\":\"admin\"},\"sameAs\":[\"https:\\\/\\\/ferabrajan.com\\\/portal\"],\"url\":\"https:\\\/\\\/ferabrajan.com\\\/portal\\\/author\\\/admin\\\/\"}]}<\/script>\n<!-- \/ Yoast SEO plugin. -->","yoast_head_json":{"title":"&quot;No es una situaci\u00f3n pol\u00edtica, sino de ciudadan\u00eda&quot;, responde Karina P\u00e9rez a Miguel \u00c1ngel Huepa - Fer Abrajan","robots":{"index":"index","follow":"follow","max-snippet":"max-snippet:-1","max-image-preview":"max-image-preview:large","max-video-preview":"max-video-preview:-1"},"canonical":"https:\/\/ferabrajan.com\/portal\/2020\/09\/14\/no-es-una-situacion-politica-sino-de-ciudadania-responde-karina-perez-a-miguel-angel-huepa\/","og_locale":"es_ES","og_type":"article","og_title":"&quot;No es una situaci\u00f3n pol\u00edtica, sino de ciudadan\u00eda&quot;, responde Karina P\u00e9rez a Miguel \u00c1ngel Huepa - Fer Abrajan","og_description":"\u201cVan a defender lo indefendible\u201d, contest\u00f3 la presidenta municipal de San Andr\u00e9s Cholula, Karina P\u00e9rez Popoca, en torno a las declaraciones hechas por el exedil panista, Miguel \u00c1ngel Huepa P\u00e9rez, en donde acusa que actualmente esta jurisdicci\u00f3n enfrenta un desgobierno y que es v\u00edctima de calumnias. Entrevistada despu\u00e9s del acto c\u00edvico que dirigi\u00f3 para conmemorar la gesta heroica de los Ni\u00f1os H\u00e9roes, dijo que todo lo que diga el panista, queda carente de veracidad y adem\u00e1s ella no ha hecho las acusaciones de forma directa, sino han sido los afectados, en este caso un constructor, fue quien ventil\u00f3 presuntas inconsistencias cometidas a cambio de liberar permisos de uso de suelo. \u201cNo es una situaci\u00f3n pol\u00edtica, sino de ciudadan\u00eda, porque lo que ventilamos en el caso del Polideportivo no hay documentos que avalen la entrega del terreno al gobierno del estado, en los libros de Cabildo no existe el acta en la entrega y le pregunto c\u00f3mo va a defender este tema y otros, como el tema de los l\u00edmites territoriales que entreg\u00f3 en el 2013, la entrega del agua, su inconclusi\u00f3n en el cargo, su servilismo ante el exgobernador Rafael Moreno Valle (\u2026) no haber defendido al pueblo ante el proyecto de la Plaza de las Siete Culturas y el pago de facturas que llev\u00f3 a su esposa a un cargo p\u00fablico en el Celma\u201d, cit\u00f3. Al igual reproch\u00f3 que Huepa P\u00e9rez no defendi\u00f3 a su comunidad origen, Santa Mar\u00eda Tonantzintla, del proyecto Smart City y de otros problemas que aquejaban a los pobladores. \u201cHabla (Huepa P\u00e9rez) de un desgobierno, pero no les da pena, no tienen calidad moral (\u2026) hoy San Andr\u00e9s Cholula tiene infraestructura, equipamiento, edificios administrativos, la avenida del Sol, ambulancias, un dron de cinco millones de pesos que sirvi\u00f3 para actualizar la Carta Urbana, la radial a Tlaxcalancingo y se construye el mercado municipal, por citar algunos datos frescos, pero qu\u00e9 va a defender (&#8230;), no les da verg\u00fcenza de hablar de un desgobierno, lo que ellos no fueron capaces de hacer, esta mujer y la Cuarta trasformaci\u00f3n lo est\u00e1 haciendo y me siento orgullosa de demostrarle a la l\u00ednea blanquiazul que una mujer tiene la capacidad que ellos no tuvieron, porque ellos entregaron la autonom\u00eda y el territorio, por eso todo lo que digan carece de valor y moral, porque s\u00f3lo se enriquecieron\u201d, concluy\u00f3. Publicaci\u00f3n Original: https:\/\/www.elsoldepuebla.com.mx\/local\/no-es-una-situacion-politica-sino-de-ciudadania-responde-karina-perez-a-miguel-angel-huepa-5755693.html","og_url":"https:\/\/ferabrajan.com\/portal\/2020\/09\/14\/no-es-una-situacion-politica-sino-de-ciudadania-responde-karina-perez-a-miguel-angel-huepa\/","og_site_name":"Fer Abrajan","article_publisher":"https:\/\/www.facebook.com\/NoticiasconFerAbrajan\/","article_published_time":"2020-09-14T02:21:07+00:00","author":"admin","twitter_card":"summary_large_image","twitter_creator":"@ferabrajan1","twitter_site":"@ferabrajan1","twitter_misc":{"Escrito por":"admin","Tiempo de lectura":"2 minutos"},"schema":{"@context":"https:\/\/schema.org","@graph":[{"@type":"Article","@id":"https:\/\/ferabrajan.com\/portal\/2020\/09\/14\/no-es-una-situacion-politica-sino-de-ciudadania-responde-karina-perez-a-miguel-angel-huepa\/#article","isPartOf":{"@id":"https:\/\/ferabrajan.com\/portal\/2020\/09\/14\/no-es-una-situacion-politica-sino-de-ciudadania-responde-karina-perez-a-miguel-angel-huepa\/"},"author":{"name":"admin","@id":"https:\/\/ferabrajan.com\/portal\/#\/schema\/person\/f6113b3cb1e036d5c6a9505685b257ba"},"headline":"&quot;No es una situaci\u00f3n pol\u00edtica, sino de ciudadan\u00eda&quot;, responde Karina P\u00e9rez a Miguel \u00c1ngel Huepa","datePublished":"2020-09-14T02:21:07+00:00","mainEntityOfPage":{"@id":"https:\/\/ferabrajan.com\/portal\/2020\/09\/14\/no-es-una-situacion-politica-sino-de-ciudadania-responde-karina-perez-a-miguel-angel-huepa\/"},"wordCount":443,"publisher":{"@id":"https:\/\/ferabrajan.com\/portal\/#organization"},"image":{"@id":"https:\/\/ferabrajan.com\/portal\/2020\/09\/14\/no-es-una-situacion-politica-sino-de-ciudadania-responde-karina-perez-a-miguel-angel-huepa\/#primaryimage"},"thumbnailUrl":"","articleSection":["Local","Puebla"],"inLanguage":"es"},{"@type":"WebPage","@id":"https:\/\/ferabrajan.com\/portal\/2020\/09\/14\/no-es-una-situacion-politica-sino-de-ciudadania-responde-karina-perez-a-miguel-angel-huepa\/","url":"https:\/\/ferabrajan.com\/portal\/2020\/09\/14\/no-es-una-situacion-politica-sino-de-ciudadania-responde-karina-perez-a-miguel-angel-huepa\/","name":"&quot;No es una situaci\u00f3n pol\u00edtica, sino de ciudadan\u00eda&quot;, responde Karina P\u00e9rez a Miguel \u00c1ngel Huepa - Fer Abrajan","isPartOf":{"@id":"https:\/\/ferabrajan.com\/portal\/#website"},"primaryImageOfPage":{"@id":"https:\/\/ferabrajan.com\/portal\/2020\/09\/14\/no-es-una-situacion-politica-sino-de-ciudadania-responde-karina-perez-a-miguel-angel-huepa\/#primaryimage"},"image":{"@id":"https:\/\/ferabrajan.com\/portal\/2020\/09\/14\/no-es-una-situacion-politica-sino-de-ciudadania-responde-karina-perez-a-miguel-angel-huepa\/#primaryimage"},"thumbnailUrl":"","datePublished":"2020-09-14T02:21:07+00:00","breadcrumb":{"@id":"https:\/\/ferabrajan.com\/portal\/2020\/09\/14\/no-es-una-situacion-politica-sino-de-ciudadania-responde-karina-perez-a-miguel-angel-huepa\/#breadcrumb"},"inLanguage":"es","potentialAction":[{"@type":"ReadAction","target":["https:\/\/ferabrajan.com\/portal\/2020\/09\/14\/no-es-una-situacion-politica-sino-de-ciudadania-responde-karina-perez-a-miguel-angel-huepa\/"]}]},{"@type":"ImageObject","inLanguage":"es","@id":"https:\/\/ferabrajan.com\/portal\/2020\/09\/14\/no-es-una-situacion-politica-sino-de-ciudadania-responde-karina-perez-a-miguel-angel-huepa\/#primaryimage","url":"","contentUrl":""},{"@type":"BreadcrumbList","@id":"https:\/\/ferabrajan.com\/portal\/2020\/09\/14\/no-es-una-situacion-politica-sino-de-ciudadania-responde-karina-perez-a-miguel-angel-huepa\/#breadcrumb","itemListElement":[{"@type":"ListItem","position":1,"name":"Portada","item":"https:\/\/ferabrajan.com\/portal\/"},{"@type":"ListItem","position":2,"name":"&quot;No es una situaci\u00f3n pol\u00edtica, sino de ciudadan\u00eda&quot;, responde Karina P\u00e9rez a Miguel \u00c1ngel Huepa"}]},{"@type":"WebSite","@id":"https:\/\/ferabrajan.com\/portal\/#website","url":"https:\/\/ferabrajan.com\/portal\/","name":"Fer Abrajan","description":"Noticias de Puebla, opini\u00f3n y radio en vivo","publisher":{"@id":"https:\/\/ferabrajan.com\/portal\/#organization"},"potentialAction":[{"@type":"SearchAction","target":{"@type":"EntryPoint","urlTemplate":"https:\/\/ferabrajan.com\/portal\/?s={search_term_string}"},"query-input":{"@type":"PropertyValueSpecification","valueRequired":true,"valueName":"search_term_string"}}],"inLanguage":"es"},{"@type":"Organization","@id":"https:\/\/ferabrajan.com\/portal\/#organization","name":"Fer Abrajan","url":"https:\/\/ferabrajan.com\/portal\/","logo":{"@type":"ImageObject","inLanguage":"es","@id":"https:\/\/ferabrajan.com\/portal\/#\/schema\/logo\/image\/","url":"https:\/\/ferabrajan.com\/portal\/wp-content\/uploads\/2024\/10\/cropped-logo.jpeg","contentUrl":"https:\/\/ferabrajan.com\/portal\/wp-content\/uploads\/2024\/10\/cropped-logo.jpeg","width":500,"height":250,"caption":"Fer Abrajan"},"image":{"@id":"https:\/\/ferabrajan.com\/portal\/#\/schema\/logo\/image\/"},"sameAs":["https:\/\/www.facebook.com\/NoticiasconFerAbrajan\/","https:\/\/x.com\/ferabrajan1"]},{"@type":"Person","@id":"https:\/\/ferabrajan.com\/portal\/#\/schema\/person\/f6113b3cb1e036d5c6a9505685b257ba","name":"admin","image":{"@type":"ImageObject","inLanguage":"es","@id":"https:\/\/secure.gravatar.com\/avatar\/072baa72775aad53c748dfc5d3048578e01b6c087eef335459ebfa04344e2d18?s=96&d=mm&r=g","url":"https:\/\/secure.gravatar.com\/avatar\/072baa72775aad53c748dfc5d3048578e01b6c087eef335459ebfa04344e2d18?s=96&d=mm&r=g","contentUrl":"https:\/\/secure.gravatar.com\/avatar\/072baa72775aad53c748dfc5d3048578e01b6c087eef335459ebfa04344e2d18?s=96&d=mm&r=g","caption":"admin"},"sameAs":["https:\/\/ferabrajan.com\/portal"],"url":"https:\/\/ferabrajan.com\/portal\/author\/admin\/"}]}},"_links":{"self":[{"href":"https:\/\/ferabrajan.com\/portal\/wp-json\/wp\/v2\/posts\/18736","targetHints":{"allow":["GET"]}}],"collection":[{"href":"https:\/\/ferabrajan.com\/portal\/wp-json\/wp\/v2\/posts"}],"about":[{"href":"https:\/\/ferabrajan.com\/portal\/wp-json\/wp\/v2\/types\/post"}],"author":[{"embeddable":true,"href":"https:\/\/ferabrajan.com\/portal\/wp-json\/wp\/v2\/users\/1"}],"replies":[{"embeddable":true,"href":"https:\/\/ferabrajan.com\/portal\/wp-json\/wp\/v2\/comments?post=18736"}],"version-history":[{"count":0,"href":"https:\/\/ferabrajan.com\/portal\/wp-json\/wp\/v2\/posts\/18736\/revisions"}],"wp:attachment":[{"href":"https:\/\/ferabrajan.com\/portal\/wp-json\/wp\/v2\/media?parent=18736"}],"wp:term":[{"taxonomy":"category","embeddable":true,"href":"https:\/\/ferabrajan.com\/portal\/wp-json\/wp\/v2\/categories?post=18736"},{"taxonomy":"post_tag","embeddable":true,"href":"https:\/\/ferabrajan.com\/portal\/wp-json\/wp\/v2\/tags?post=18736"}],"curies":[{"name":"wp","href":"https:\/\/api.w.org\/{rel}","templated":true}]}}