{"id":18715,"date":"2020-09-14T03:04:20","date_gmt":"2020-09-14T03:04:20","guid":{"rendered":"http:\/\/www.ferabrajan.com\/?p=18715"},"modified":"2020-09-14T03:04:20","modified_gmt":"2020-09-14T03:04:20","slug":"integran-mesa-directiva-de-lx-legislatura-para-el-tercer-ano-de-ejercicio","status":"publish","type":"post","link":"https:\/\/ferabrajan.com\/portal\/2020\/09\/14\/integran-mesa-directiva-de-lx-legislatura-para-el-tercer-ano-de-ejercicio\/","title":{"rendered":"Integran Mesa Directiva de LX Legislatura para el tercer a\u00f1o de ejercicio"},"content":{"rendered":"<p class=\"x_MsoNormal\"><span lang=\"ES\">En Sesi\u00f3n Extraordinaria de la LX legislatura del Congreso del Estado las y los diputados aprobaron, por mayor\u00eda de votos, la propuesta para integrar la primera Mesa Directiva del tercer a\u00f1o de ejercicio legal que ejercer\u00e1 funciones del 15 de septiembre de 2020 al 15 de marzo de 2021<\/span><\/p>\n<p class=\"x_MsoNormal\"><span lang=\"ES\">La Ley Org\u00e1nica del Poder Legislativo del Estado Libre y Soberano de Puebla con base en el art\u00edculo 64 explica que \u201cLa Mesa Directiva es el \u00d3rgano que conduce el Pleno del Congreso y es el \u00f3rgano que supervisa el trabajo legislativo de las comisiones y comit\u00e9s; asegura el debido desarrollo de los debates, discusiones, votaciones y garantiza que en los trabajos legislativos se observe lo previsto en la Constituci\u00f3n Pol\u00edtica del Estado Libre y Soberano de Puebla, en esta Ley, y su Reglamento Interior\u201d.<\/span><\/p>\n<p class=\"x_MsoNormal\"><span lang=\"ES\">La primera Mesa Directiva del tercer a\u00f1o de ejercicio legal queda integrada de la siguiente manera:<\/span><\/p>\n<ul>\n<li class=\"x_MsoNormal\"><span lang=\"ES\">Presidenta: Nora Merino Escamilla<\/span><\/li>\n<li class=\"x_MsoNormal\"><span lang=\"ES\">Vicepresidente: Nibardo Hern\u00e1ndez S\u00e1nchez<\/span><\/li>\n<li class=\"x_MsoNormal\"><span lang=\"ES\">Vicepresidente: Raymundo Atanacio Luna<\/span><\/li>\n<li class=\"x_MsoNormal\"><span lang=\"ES\">Secretaria: Liliana Luna Aguirre<\/span><\/li>\n<li class=\"x_MsoNormal\"><span lang=\"ES\">Secretaria: Nancy Jim\u00e9nez Morales<\/span><\/li>\n<li class=\"x_MsoNormal\"><span lang=\"ES\">Prosecretaria: Olga Luc\u00eda Romero Garci-Crespo<\/span><\/li>\n<li class=\"x_MsoNormal\"><span lang=\"ES\">Prosecretaria: Iliana Paola Ru\u00edz Garc\u00eda<\/span><\/li>\n<\/ul>\n","protected":false},"excerpt":{"rendered":"<p>En Sesi\u00f3n Extraordinaria de la LX legislatura del Congreso del Estado las y los diputados aprobaron, por mayor\u00eda de votos, la propuesta para integrar la primera Mesa Directiva del tercer a\u00f1o de ejercicio legal que ejercer\u00e1 funciones del 15 de septiembre de 2020 al 15 de marzo de 2021 La Ley Org\u00e1nica del Poder Legislativo del Estado Libre y Soberano de Puebla con base en el art\u00edculo 64 explica que \u201cLa Mesa Directiva es el \u00d3rgano que conduce el Pleno del Congreso y es el \u00f3rgano que supervisa el trabajo legislativo de las comisiones y comit\u00e9s; asegura el debido desarrollo de los debates, discusiones, votaciones y garantiza que en los trabajos legislativos se observe lo previsto en la Constituci\u00f3n Pol\u00edtica del Estado Libre y Soberano de Puebla, en esta Ley, y su Reglamento Interior\u201d. La primera Mesa Directiva del tercer a\u00f1o de ejercicio legal queda integrada de la siguiente manera: Presidenta: Nora Merino Escamilla Vicepresidente: Nibardo Hern\u00e1ndez S\u00e1nchez Vicepresidente: Raymundo Atanacio Luna Secretaria: Liliana Luna Aguirre Secretaria: Nancy Jim\u00e9nez Morales Prosecretaria: Olga Luc\u00eda Romero Garci-Crespo Prosecretaria: Iliana Paola Ru\u00edz Garc\u00eda<\/p>\n","protected":false},"author":1,"featured_media":18716,"comment_status":"open","ping_status":"open","sticky":false,"template":"","format":"standard","meta":{"_monsterinsights_skip_tracking":false,"_uf_show_specific_survey":0,"_uf_disable_surveys":false,"footnotes":""},"categories":[34],"tags":[127,414,371],"class_list":["post-18715","post","type-post","status-publish","format-standard","has-post-thumbnail","hentry","category-puebla","tag-congreso-del-estado-de-puebla","tag-diputadas-puebla","tag-nora-escamilla"],"yoast_head":"<!-- This site is optimized with the Yoast SEO plugin v27.5 - https:\/\/yoast.com\/product\/yoast-seo-wordpress\/ -->\n<title>Integran Mesa Directiva de LX Legislatura para el tercer a\u00f1o de ejercicio - Fer Abrajan<\/title>\n<meta name=\"robots\" content=\"index, follow, max-snippet:-1, max-image-preview:large, max-video-preview:-1\" \/>\n<link rel=\"canonical\" href=\"https:\/\/ferabrajan.com\/portal\/2020\/09\/14\/integran-mesa-directiva-de-lx-legislatura-para-el-tercer-ano-de-ejercicio\/\" \/>\n<meta property=\"og:locale\" content=\"es_ES\" \/>\n<meta property=\"og:type\" content=\"article\" \/>\n<meta property=\"og:title\" content=\"Integran Mesa Directiva de LX Legislatura para el tercer a\u00f1o de ejercicio - Fer Abrajan\" \/>\n<meta property=\"og:description\" content=\"En Sesi\u00f3n Extraordinaria de la LX legislatura del Congreso del Estado las y los diputados aprobaron, por mayor\u00eda de votos, la propuesta para integrar la primera Mesa Directiva del tercer a\u00f1o de ejercicio legal que ejercer\u00e1 funciones del 15 de septiembre de 2020 al 15 de marzo de 2021 La Ley Org\u00e1nica del Poder Legislativo del Estado Libre y Soberano de Puebla con base en el art\u00edculo 64 explica que \u201cLa Mesa Directiva es el \u00d3rgano que conduce el Pleno del Congreso y es el \u00f3rgano que supervisa el trabajo legislativo de las comisiones y comit\u00e9s; asegura el debido desarrollo de los debates, discusiones, votaciones y garantiza que en los trabajos legislativos se observe lo previsto en la Constituci\u00f3n Pol\u00edtica del Estado Libre y Soberano de Puebla, en esta Ley, y su Reglamento Interior\u201d. La primera Mesa Directiva del tercer a\u00f1o de ejercicio legal queda integrada de la siguiente manera: Presidenta: Nora Merino Escamilla Vicepresidente: Nibardo Hern\u00e1ndez S\u00e1nchez Vicepresidente: Raymundo Atanacio Luna Secretaria: Liliana Luna Aguirre Secretaria: Nancy Jim\u00e9nez Morales Prosecretaria: Olga Luc\u00eda Romero Garci-Crespo Prosecretaria: Iliana Paola Ru\u00edz Garc\u00eda\" \/>\n<meta property=\"og:url\" content=\"https:\/\/ferabrajan.com\/portal\/2020\/09\/14\/integran-mesa-directiva-de-lx-legislatura-para-el-tercer-ano-de-ejercicio\/\" \/>\n<meta property=\"og:site_name\" content=\"Fer Abrajan\" \/>\n<meta property=\"article:publisher\" content=\"https:\/\/www.facebook.com\/NoticiasconFerAbrajan\/\" \/>\n<meta property=\"article:published_time\" content=\"2020-09-14T03:04:20+00:00\" \/>\n<meta name=\"author\" content=\"admin\" \/>\n<meta name=\"twitter:card\" content=\"summary_large_image\" \/>\n<meta name=\"twitter:creator\" content=\"@ferabrajan1\" \/>\n<meta name=\"twitter:site\" content=\"@ferabrajan1\" \/>\n<meta name=\"twitter:label1\" content=\"Escrito por\" \/>\n\t<meta name=\"twitter:data1\" content=\"admin\" \/>\n\t<meta name=\"twitter:label2\" content=\"Tiempo de lectura\" \/>\n\t<meta name=\"twitter:data2\" content=\"1 minuto\" \/>\n<script type=\"application\/ld+json\" class=\"yoast-schema-graph\">{\"@context\":\"https:\\\/\\\/schema.org\",\"@graph\":[{\"@type\":\"Article\",\"@id\":\"https:\\\/\\\/ferabrajan.com\\\/portal\\\/2020\\\/09\\\/14\\\/integran-mesa-directiva-de-lx-legislatura-para-el-tercer-ano-de-ejercicio\\\/#article\",\"isPartOf\":{\"@id\":\"https:\\\/\\\/ferabrajan.com\\\/portal\\\/2020\\\/09\\\/14\\\/integran-mesa-directiva-de-lx-legislatura-para-el-tercer-ano-de-ejercicio\\\/\"},\"author\":{\"name\":\"admin\",\"@id\":\"https:\\\/\\\/ferabrajan.com\\\/portal\\\/#\\\/schema\\\/person\\\/f6113b3cb1e036d5c6a9505685b257ba\"},\"headline\":\"Integran Mesa Directiva de LX Legislatura para el tercer a\u00f1o de ejercicio\",\"datePublished\":\"2020-09-14T03:04:20+00:00\",\"mainEntityOfPage\":{\"@id\":\"https:\\\/\\\/ferabrajan.com\\\/portal\\\/2020\\\/09\\\/14\\\/integran-mesa-directiva-de-lx-legislatura-para-el-tercer-ano-de-ejercicio\\\/\"},\"wordCount\":203,\"commentCount\":0,\"publisher\":{\"@id\":\"https:\\\/\\\/ferabrajan.com\\\/portal\\\/#organization\"},\"image\":{\"@id\":\"https:\\\/\\\/ferabrajan.com\\\/portal\\\/2020\\\/09\\\/14\\\/integran-mesa-directiva-de-lx-legislatura-para-el-tercer-ano-de-ejercicio\\\/#primaryimage\"},\"thumbnailUrl\":\"\",\"keywords\":[\"Congreso del Estado de Puebla\",\"Diputadas Puebla\",\"Nora Escamilla\"],\"articleSection\":[\"Puebla\"],\"inLanguage\":\"es\"},{\"@type\":\"WebPage\",\"@id\":\"https:\\\/\\\/ferabrajan.com\\\/portal\\\/2020\\\/09\\\/14\\\/integran-mesa-directiva-de-lx-legislatura-para-el-tercer-ano-de-ejercicio\\\/\",\"url\":\"https:\\\/\\\/ferabrajan.com\\\/portal\\\/2020\\\/09\\\/14\\\/integran-mesa-directiva-de-lx-legislatura-para-el-tercer-ano-de-ejercicio\\\/\",\"name\":\"Integran Mesa Directiva de LX Legislatura para el tercer a\u00f1o de ejercicio - Fer Abrajan\",\"isPartOf\":{\"@id\":\"https:\\\/\\\/ferabrajan.com\\\/portal\\\/#website\"},\"primaryImageOfPage\":{\"@id\":\"https:\\\/\\\/ferabrajan.com\\\/portal\\\/2020\\\/09\\\/14\\\/integran-mesa-directiva-de-lx-legislatura-para-el-tercer-ano-de-ejercicio\\\/#primaryimage\"},\"image\":{\"@id\":\"https:\\\/\\\/ferabrajan.com\\\/portal\\\/2020\\\/09\\\/14\\\/integran-mesa-directiva-de-lx-legislatura-para-el-tercer-ano-de-ejercicio\\\/#primaryimage\"},\"thumbnailUrl\":\"\",\"datePublished\":\"2020-09-14T03:04:20+00:00\",\"breadcrumb\":{\"@id\":\"https:\\\/\\\/ferabrajan.com\\\/portal\\\/2020\\\/09\\\/14\\\/integran-mesa-directiva-de-lx-legislatura-para-el-tercer-ano-de-ejercicio\\\/#breadcrumb\"},\"inLanguage\":\"es\",\"potentialAction\":[{\"@type\":\"ReadAction\",\"target\":[\"https:\\\/\\\/ferabrajan.com\\\/portal\\\/2020\\\/09\\\/14\\\/integran-mesa-directiva-de-lx-legislatura-para-el-tercer-ano-de-ejercicio\\\/\"]}]},{\"@type\":\"ImageObject\",\"inLanguage\":\"es\",\"@id\":\"https:\\\/\\\/ferabrajan.com\\\/portal\\\/2020\\\/09\\\/14\\\/integran-mesa-directiva-de-lx-legislatura-para-el-tercer-ano-de-ejercicio\\\/#primaryimage\",\"url\":\"\",\"contentUrl\":\"\"},{\"@type\":\"BreadcrumbList\",\"@id\":\"https:\\\/\\\/ferabrajan.com\\\/portal\\\/2020\\\/09\\\/14\\\/integran-mesa-directiva-de-lx-legislatura-para-el-tercer-ano-de-ejercicio\\\/#breadcrumb\",\"itemListElement\":[{\"@type\":\"ListItem\",\"position\":1,\"name\":\"Portada\",\"item\":\"https:\\\/\\\/ferabrajan.com\\\/portal\\\/\"},{\"@type\":\"ListItem\",\"position\":2,\"name\":\"Integran Mesa Directiva de LX Legislatura para el tercer a\u00f1o de ejercicio\"}]},{\"@type\":\"WebSite\",\"@id\":\"https:\\\/\\\/ferabrajan.com\\\/portal\\\/#website\",\"url\":\"https:\\\/\\\/ferabrajan.com\\\/portal\\\/\",\"name\":\"Fer Abrajan\",\"description\":\"Noticias de Puebla, opini\u00f3n y radio en vivo\",\"publisher\":{\"@id\":\"https:\\\/\\\/ferabrajan.com\\\/portal\\\/#organization\"},\"potentialAction\":[{\"@type\":\"SearchAction\",\"target\":{\"@type\":\"EntryPoint\",\"urlTemplate\":\"https:\\\/\\\/ferabrajan.com\\\/portal\\\/?s={search_term_string}\"},\"query-input\":{\"@type\":\"PropertyValueSpecification\",\"valueRequired\":true,\"valueName\":\"search_term_string\"}}],\"inLanguage\":\"es\"},{\"@type\":\"Organization\",\"@id\":\"https:\\\/\\\/ferabrajan.com\\\/portal\\\/#organization\",\"name\":\"Fer Abrajan\",\"url\":\"https:\\\/\\\/ferabrajan.com\\\/portal\\\/\",\"logo\":{\"@type\":\"ImageObject\",\"inLanguage\":\"es\",\"@id\":\"https:\\\/\\\/ferabrajan.com\\\/portal\\\/#\\\/schema\\\/logo\\\/image\\\/\",\"url\":\"https:\\\/\\\/ferabrajan.com\\\/portal\\\/wp-content\\\/uploads\\\/2024\\\/10\\\/cropped-logo.jpeg\",\"contentUrl\":\"https:\\\/\\\/ferabrajan.com\\\/portal\\\/wp-content\\\/uploads\\\/2024\\\/10\\\/cropped-logo.jpeg\",\"width\":500,\"height\":250,\"caption\":\"Fer Abrajan\"},\"image\":{\"@id\":\"https:\\\/\\\/ferabrajan.com\\\/portal\\\/#\\\/schema\\\/logo\\\/image\\\/\"},\"sameAs\":[\"https:\\\/\\\/www.facebook.com\\\/NoticiasconFerAbrajan\\\/\",\"https:\\\/\\\/x.com\\\/ferabrajan1\"]},{\"@type\":\"Person\",\"@id\":\"https:\\\/\\\/ferabrajan.com\\\/portal\\\/#\\\/schema\\\/person\\\/f6113b3cb1e036d5c6a9505685b257ba\",\"name\":\"admin\",\"image\":{\"@type\":\"ImageObject\",\"inLanguage\":\"es\",\"@id\":\"https:\\\/\\\/secure.gravatar.com\\\/avatar\\\/072baa72775aad53c748dfc5d3048578e01b6c087eef335459ebfa04344e2d18?s=96&d=mm&r=g\",\"url\":\"https:\\\/\\\/secure.gravatar.com\\\/avatar\\\/072baa72775aad53c748dfc5d3048578e01b6c087eef335459ebfa04344e2d18?s=96&d=mm&r=g\",\"contentUrl\":\"https:\\\/\\\/secure.gravatar.com\\\/avatar\\\/072baa72775aad53c748dfc5d3048578e01b6c087eef335459ebfa04344e2d18?s=96&d=mm&r=g\",\"caption\":\"admin\"},\"sameAs\":[\"https:\\\/\\\/ferabrajan.com\\\/portal\"],\"url\":\"https:\\\/\\\/ferabrajan.com\\\/portal\\\/author\\\/admin\\\/\"}]}<\/script>\n<!-- \/ Yoast SEO plugin. -->","yoast_head_json":{"title":"Integran Mesa Directiva de LX Legislatura para el tercer a\u00f1o de ejercicio - Fer Abrajan","robots":{"index":"index","follow":"follow","max-snippet":"max-snippet:-1","max-image-preview":"max-image-preview:large","max-video-preview":"max-video-preview:-1"},"canonical":"https:\/\/ferabrajan.com\/portal\/2020\/09\/14\/integran-mesa-directiva-de-lx-legislatura-para-el-tercer-ano-de-ejercicio\/","og_locale":"es_ES","og_type":"article","og_title":"Integran Mesa Directiva de LX Legislatura para el tercer a\u00f1o de ejercicio - Fer Abrajan","og_description":"En Sesi\u00f3n Extraordinaria de la LX legislatura del Congreso del Estado las y los diputados aprobaron, por mayor\u00eda de votos, la propuesta para integrar la primera Mesa Directiva del tercer a\u00f1o de ejercicio legal que ejercer\u00e1 funciones del 15 de septiembre de 2020 al 15 de marzo de 2021 La Ley Org\u00e1nica del Poder Legislativo del Estado Libre y Soberano de Puebla con base en el art\u00edculo 64 explica que \u201cLa Mesa Directiva es el \u00d3rgano que conduce el Pleno del Congreso y es el \u00f3rgano que supervisa el trabajo legislativo de las comisiones y comit\u00e9s; asegura el debido desarrollo de los debates, discusiones, votaciones y garantiza que en los trabajos legislativos se observe lo previsto en la Constituci\u00f3n Pol\u00edtica del Estado Libre y Soberano de Puebla, en esta Ley, y su Reglamento Interior\u201d. La primera Mesa Directiva del tercer a\u00f1o de ejercicio legal queda integrada de la siguiente manera: Presidenta: Nora Merino Escamilla Vicepresidente: Nibardo Hern\u00e1ndez S\u00e1nchez Vicepresidente: Raymundo Atanacio Luna Secretaria: Liliana Luna Aguirre Secretaria: Nancy Jim\u00e9nez Morales Prosecretaria: Olga Luc\u00eda Romero Garci-Crespo Prosecretaria: Iliana Paola Ru\u00edz Garc\u00eda","og_url":"https:\/\/ferabrajan.com\/portal\/2020\/09\/14\/integran-mesa-directiva-de-lx-legislatura-para-el-tercer-ano-de-ejercicio\/","og_site_name":"Fer Abrajan","article_publisher":"https:\/\/www.facebook.com\/NoticiasconFerAbrajan\/","article_published_time":"2020-09-14T03:04:20+00:00","author":"admin","twitter_card":"summary_large_image","twitter_creator":"@ferabrajan1","twitter_site":"@ferabrajan1","twitter_misc":{"Escrito por":"admin","Tiempo de lectura":"1 minuto"},"schema":{"@context":"https:\/\/schema.org","@graph":[{"@type":"Article","@id":"https:\/\/ferabrajan.com\/portal\/2020\/09\/14\/integran-mesa-directiva-de-lx-legislatura-para-el-tercer-ano-de-ejercicio\/#article","isPartOf":{"@id":"https:\/\/ferabrajan.com\/portal\/2020\/09\/14\/integran-mesa-directiva-de-lx-legislatura-para-el-tercer-ano-de-ejercicio\/"},"author":{"name":"admin","@id":"https:\/\/ferabrajan.com\/portal\/#\/schema\/person\/f6113b3cb1e036d5c6a9505685b257ba"},"headline":"Integran Mesa Directiva de LX Legislatura para el tercer a\u00f1o de ejercicio","datePublished":"2020-09-14T03:04:20+00:00","mainEntityOfPage":{"@id":"https:\/\/ferabrajan.com\/portal\/2020\/09\/14\/integran-mesa-directiva-de-lx-legislatura-para-el-tercer-ano-de-ejercicio\/"},"wordCount":203,"commentCount":0,"publisher":{"@id":"https:\/\/ferabrajan.com\/portal\/#organization"},"image":{"@id":"https:\/\/ferabrajan.com\/portal\/2020\/09\/14\/integran-mesa-directiva-de-lx-legislatura-para-el-tercer-ano-de-ejercicio\/#primaryimage"},"thumbnailUrl":"","keywords":["Congreso del Estado de Puebla","Diputadas Puebla","Nora Escamilla"],"articleSection":["Puebla"],"inLanguage":"es"},{"@type":"WebPage","@id":"https:\/\/ferabrajan.com\/portal\/2020\/09\/14\/integran-mesa-directiva-de-lx-legislatura-para-el-tercer-ano-de-ejercicio\/","url":"https:\/\/ferabrajan.com\/portal\/2020\/09\/14\/integran-mesa-directiva-de-lx-legislatura-para-el-tercer-ano-de-ejercicio\/","name":"Integran Mesa Directiva de LX Legislatura para el tercer a\u00f1o de ejercicio - Fer Abrajan","isPartOf":{"@id":"https:\/\/ferabrajan.com\/portal\/#website"},"primaryImageOfPage":{"@id":"https:\/\/ferabrajan.com\/portal\/2020\/09\/14\/integran-mesa-directiva-de-lx-legislatura-para-el-tercer-ano-de-ejercicio\/#primaryimage"},"image":{"@id":"https:\/\/ferabrajan.com\/portal\/2020\/09\/14\/integran-mesa-directiva-de-lx-legislatura-para-el-tercer-ano-de-ejercicio\/#primaryimage"},"thumbnailUrl":"","datePublished":"2020-09-14T03:04:20+00:00","breadcrumb":{"@id":"https:\/\/ferabrajan.com\/portal\/2020\/09\/14\/integran-mesa-directiva-de-lx-legislatura-para-el-tercer-ano-de-ejercicio\/#breadcrumb"},"inLanguage":"es","potentialAction":[{"@type":"ReadAction","target":["https:\/\/ferabrajan.com\/portal\/2020\/09\/14\/integran-mesa-directiva-de-lx-legislatura-para-el-tercer-ano-de-ejercicio\/"]}]},{"@type":"ImageObject","inLanguage":"es","@id":"https:\/\/ferabrajan.com\/portal\/2020\/09\/14\/integran-mesa-directiva-de-lx-legislatura-para-el-tercer-ano-de-ejercicio\/#primaryimage","url":"","contentUrl":""},{"@type":"BreadcrumbList","@id":"https:\/\/ferabrajan.com\/portal\/2020\/09\/14\/integran-mesa-directiva-de-lx-legislatura-para-el-tercer-ano-de-ejercicio\/#breadcrumb","itemListElement":[{"@type":"ListItem","position":1,"name":"Portada","item":"https:\/\/ferabrajan.com\/portal\/"},{"@type":"ListItem","position":2,"name":"Integran Mesa Directiva de LX Legislatura para el tercer a\u00f1o de ejercicio"}]},{"@type":"WebSite","@id":"https:\/\/ferabrajan.com\/portal\/#website","url":"https:\/\/ferabrajan.com\/portal\/","name":"Fer Abrajan","description":"Noticias de Puebla, opini\u00f3n y radio en vivo","publisher":{"@id":"https:\/\/ferabrajan.com\/portal\/#organization"},"potentialAction":[{"@type":"SearchAction","target":{"@type":"EntryPoint","urlTemplate":"https:\/\/ferabrajan.com\/portal\/?s={search_term_string}"},"query-input":{"@type":"PropertyValueSpecification","valueRequired":true,"valueName":"search_term_string"}}],"inLanguage":"es"},{"@type":"Organization","@id":"https:\/\/ferabrajan.com\/portal\/#organization","name":"Fer Abrajan","url":"https:\/\/ferabrajan.com\/portal\/","logo":{"@type":"ImageObject","inLanguage":"es","@id":"https:\/\/ferabrajan.com\/portal\/#\/schema\/logo\/image\/","url":"https:\/\/ferabrajan.com\/portal\/wp-content\/uploads\/2024\/10\/cropped-logo.jpeg","contentUrl":"https:\/\/ferabrajan.com\/portal\/wp-content\/uploads\/2024\/10\/cropped-logo.jpeg","width":500,"height":250,"caption":"Fer Abrajan"},"image":{"@id":"https:\/\/ferabrajan.com\/portal\/#\/schema\/logo\/image\/"},"sameAs":["https:\/\/www.facebook.com\/NoticiasconFerAbrajan\/","https:\/\/x.com\/ferabrajan1"]},{"@type":"Person","@id":"https:\/\/ferabrajan.com\/portal\/#\/schema\/person\/f6113b3cb1e036d5c6a9505685b257ba","name":"admin","image":{"@type":"ImageObject","inLanguage":"es","@id":"https:\/\/secure.gravatar.com\/avatar\/072baa72775aad53c748dfc5d3048578e01b6c087eef335459ebfa04344e2d18?s=96&d=mm&r=g","url":"https:\/\/secure.gravatar.com\/avatar\/072baa72775aad53c748dfc5d3048578e01b6c087eef335459ebfa04344e2d18?s=96&d=mm&r=g","contentUrl":"https:\/\/secure.gravatar.com\/avatar\/072baa72775aad53c748dfc5d3048578e01b6c087eef335459ebfa04344e2d18?s=96&d=mm&r=g","caption":"admin"},"sameAs":["https:\/\/ferabrajan.com\/portal"],"url":"https:\/\/ferabrajan.com\/portal\/author\/admin\/"}]}},"_links":{"self":[{"href":"https:\/\/ferabrajan.com\/portal\/wp-json\/wp\/v2\/posts\/18715","targetHints":{"allow":["GET"]}}],"collection":[{"href":"https:\/\/ferabrajan.com\/portal\/wp-json\/wp\/v2\/posts"}],"about":[{"href":"https:\/\/ferabrajan.com\/portal\/wp-json\/wp\/v2\/types\/post"}],"author":[{"embeddable":true,"href":"https:\/\/ferabrajan.com\/portal\/wp-json\/wp\/v2\/users\/1"}],"replies":[{"embeddable":true,"href":"https:\/\/ferabrajan.com\/portal\/wp-json\/wp\/v2\/comments?post=18715"}],"version-history":[{"count":0,"href":"https:\/\/ferabrajan.com\/portal\/wp-json\/wp\/v2\/posts\/18715\/revisions"}],"wp:attachment":[{"href":"https:\/\/ferabrajan.com\/portal\/wp-json\/wp\/v2\/media?parent=18715"}],"wp:term":[{"taxonomy":"category","embeddable":true,"href":"https:\/\/ferabrajan.com\/portal\/wp-json\/wp\/v2\/categories?post=18715"},{"taxonomy":"post_tag","embeddable":true,"href":"https:\/\/ferabrajan.com\/portal\/wp-json\/wp\/v2\/tags?post=18715"}],"curies":[{"name":"wp","href":"https:\/\/api.w.org\/{rel}","templated":true}]}}