{"id":18709,"date":"2020-09-14T02:59:38","date_gmt":"2020-09-14T02:59:38","guid":{"rendered":"http:\/\/www.ferabrajan.com\/?p=18709"},"modified":"2020-09-14T02:59:38","modified_gmt":"2020-09-14T02:59:38","slug":"fundaciones-cientificas-y-medicas-alemanas-premian-3-veces-a-egresada-de-la-buap","status":"publish","type":"post","link":"https:\/\/ferabrajan.com\/portal\/2020\/09\/14\/fundaciones-cientificas-y-medicas-alemanas-premian-3-veces-a-egresada-de-la-buap\/","title":{"rendered":"Fundaciones cient\u00edficas y m\u00e9dicas alemanas premian 3 veces a egresada de la BUAP"},"content":{"rendered":"<p>&nbsp;<\/p>\n<p class=\"rtejustify\">Por su brillante desempe\u00f1o y contribuciones cient\u00edficas para futuros enfoques traslacionales en enfermedades pulmonares humanas, la doctora Karla Mar\u00eda Rubio Nava, egresada de la Maestr\u00eda en Ciencias Fisiol\u00f3gicas de la BUAP, fue distinguida como ganadora \u00fanica en Investigaci\u00f3n B\u00e1sica del Premio de Neumolog\u00eda 2020, el cual se otorga anualmente a un investigador de entre todos los pa\u00edses germano-parlantes, por parte de la Sociedad Alemana de Neumolog\u00eda y Medicina Respiratoria (<em>Deutsche Gesellschaft f\u00fcr Pneumologie und Beatmungsmedizin<\/em>, DGP, por sus siglas en alem\u00e1n).<\/p>\n<p class=\"rtejustify\">Con este reconocimiento, la cient\u00edfica de origen mexicano, quien se form\u00f3 en la BUAP desde sus estudios de educaci\u00f3n media superior hasta posgrado, ha sido premiada en los \u00faltimos seis meses por tres veces consecutivas por fundaciones cient\u00edficas y m\u00e9dicas de Alemania.<\/p>\n<p class=\"rtejustify\">Su trabajo \u201c<em>Inactivation of nuclear histone deacetylases by EP300 disrupts the MiCEE complex in Idiopathic Pulmonary Fibrosis<\/em>\u201d, publicado en 2019 en la revista\u00a0<em>Nature Communications<\/em>, con el cual gan\u00f3 el Premio de Neumolog\u00eda 2020, tambi\u00e9n fue distinguido con el\u00a0<em>Von Behring-R\u00f6ntgen<\/em>\u00a0<em>Young Talent Award 2019<\/em>, de la\u00a0<em>Fundaci\u00f3n<\/em>\u00a0<em>von Behring-R\u00f6ntgen,<\/em>\u00a0en octubre de 2019, con el cual se convirti\u00f3 en la primera mexicana en ingresar al grupo de 20 cient\u00edficos sobresalientes que han obtenido el reconocimiento de la fundaci\u00f3n germana. As\u00ed tambi\u00e9n, en diciembre de ese mismo a\u00f1o fue galardonada<strong>\u00a0<\/strong>con el\u00a0<em>Premio\u00a0<\/em><em>a la Mejor Investigaci\u00f3n en Innovaci\u00f3n M\u00e9dica<\/em>, en Giessen, Alemania.<\/p>\n<p class=\"rtejustify\">Karla Mar\u00eda Rubio Nava, quien estudi\u00f3 en la preparatoria Emiliano Zapata, la Licenciatura en Biomedicina, en la Facultad de Medicina, y la Maestr\u00eda en Ciencias Fisiol\u00f3gicas, en el Instituto de Fisiolog\u00eda, de donde egres\u00f3 en 2011 con honores, obtuvo su doctorado en Ciencias Naturales, tambi\u00e9n con honores (Dr. rer. nat.\u00a0<em>Magna Cum Laude<\/em>), en la Universidad Justus Liebig de Giessen, Alemania, en 2018.<\/p>\n<p class=\"rtejustify\">Actualmente trabaja como investigadora postdoctoral en el laboratorio del doctor Guillermo Barreto, en el Instituto Max Planck de Investigaci\u00f3n del Coraz\u00f3n y los Pulmones (MPI-HLR), y la Unidad de Investigaci\u00f3n Gly-CREET de la\u00a0<em>Universit\u00e9-Paris Cr\u00e9teil\u00a0<\/em>(UPEC), en Francia. En su laboratorio se ha centrado en los mecanismos epigen\u00e9ticos, es decir, los cambios patog\u00e9nicos en la expresi\u00f3n g\u00e9nica que no implican modificaciones en la propia secuencia del ADN, responsables de las enfermedades humanas, con una implicaci\u00f3n social relevante en Europa y en Am\u00e9rica.<\/p>\n","protected":false},"excerpt":{"rendered":"<p>&nbsp; Por su brillante desempe\u00f1o y contribuciones cient\u00edficas para futuros enfoques traslacionales en enfermedades pulmonares humanas, la doctora Karla Mar\u00eda Rubio Nava, egresada de la Maestr\u00eda en Ciencias Fisiol\u00f3gicas de la BUAP, fue distinguida como ganadora \u00fanica en Investigaci\u00f3n B\u00e1sica del Premio de Neumolog\u00eda 2020, el cual se otorga anualmente a un investigador de entre todos los pa\u00edses germano-parlantes, por parte de la Sociedad Alemana de Neumolog\u00eda y Medicina Respiratoria (Deutsche Gesellschaft f\u00fcr Pneumologie und Beatmungsmedizin, DGP, por sus siglas en alem\u00e1n). Con este reconocimiento, la cient\u00edfica de origen mexicano, quien se form\u00f3 en la BUAP desde sus estudios de educaci\u00f3n media superior hasta posgrado, ha sido premiada en los \u00faltimos seis meses por tres veces consecutivas por fundaciones cient\u00edficas y m\u00e9dicas de Alemania. Su trabajo \u201cInactivation of nuclear histone deacetylases by EP300 disrupts the MiCEE complex in Idiopathic Pulmonary Fibrosis\u201d, publicado en 2019 en la revista\u00a0Nature Communications, con el cual gan\u00f3 el Premio de Neumolog\u00eda 2020, tambi\u00e9n fue distinguido con el\u00a0Von Behring-R\u00f6ntgen\u00a0Young Talent Award 2019, de la\u00a0Fundaci\u00f3n\u00a0von Behring-R\u00f6ntgen,\u00a0en octubre de 2019, con el cual se convirti\u00f3 en la primera mexicana en ingresar al grupo de 20 cient\u00edficos sobresalientes que han obtenido el reconocimiento de la fundaci\u00f3n germana. As\u00ed tambi\u00e9n, en diciembre de ese mismo a\u00f1o fue galardonada\u00a0con el\u00a0Premio\u00a0a la Mejor Investigaci\u00f3n en Innovaci\u00f3n M\u00e9dica, en Giessen, Alemania. Karla Mar\u00eda Rubio Nava, quien estudi\u00f3 en la preparatoria Emiliano Zapata, la Licenciatura en Biomedicina, en la Facultad de Medicina, y la Maestr\u00eda en Ciencias Fisiol\u00f3gicas, en el Instituto de Fisiolog\u00eda, de donde egres\u00f3 en 2011 con honores, obtuvo su doctorado en Ciencias Naturales, tambi\u00e9n con honores (Dr. rer. nat.\u00a0Magna Cum Laude), en la Universidad Justus Liebig de Giessen, Alemania, en 2018. Actualmente trabaja como investigadora postdoctoral en el laboratorio del doctor Guillermo Barreto, en el Instituto Max Planck de Investigaci\u00f3n del Coraz\u00f3n y los Pulmones (MPI-HLR), y la Unidad de Investigaci\u00f3n Gly-CREET de la\u00a0Universit\u00e9-Paris Cr\u00e9teil\u00a0(UPEC), en Francia. En su laboratorio se ha centrado en los mecanismos epigen\u00e9ticos, es decir, los cambios patog\u00e9nicos en la expresi\u00f3n g\u00e9nica que no implican modificaciones en la propia secuencia del ADN, responsables de las enfermedades humanas, con una implicaci\u00f3n social relevante en Europa y en Am\u00e9rica.<\/p>\n","protected":false},"author":1,"featured_media":18710,"comment_status":"open","ping_status":"open","sticky":false,"template":"","format":"standard","meta":{"_monsterinsights_skip_tracking":false,"_uf_show_specific_survey":0,"_uf_disable_surveys":false,"footnotes":""},"categories":[34],"tags":[143,268],"class_list":["post-18709","post","type-post","status-publish","format-standard","has-post-thumbnail","hentry","category-puebla","tag-buap","tag-estudiantes"],"yoast_head":"<!-- This site is optimized with the Yoast SEO plugin v27.5 - https:\/\/yoast.com\/product\/yoast-seo-wordpress\/ -->\n<title>Fundaciones cient\u00edficas y m\u00e9dicas alemanas premian 3 veces a egresada de la BUAP - Fer Abrajan<\/title>\n<meta name=\"robots\" content=\"index, follow, max-snippet:-1, max-image-preview:large, max-video-preview:-1\" \/>\n<link rel=\"canonical\" href=\"https:\/\/ferabrajan.com\/portal\/2020\/09\/14\/fundaciones-cientificas-y-medicas-alemanas-premian-3-veces-a-egresada-de-la-buap\/\" \/>\n<meta property=\"og:locale\" content=\"es_ES\" \/>\n<meta property=\"og:type\" content=\"article\" \/>\n<meta property=\"og:title\" content=\"Fundaciones cient\u00edficas y m\u00e9dicas alemanas premian 3 veces a egresada de la BUAP - Fer Abrajan\" \/>\n<meta property=\"og:description\" content=\"&nbsp; Por su brillante desempe\u00f1o y contribuciones cient\u00edficas para futuros enfoques traslacionales en enfermedades pulmonares humanas, la doctora Karla Mar\u00eda Rubio Nava, egresada de la Maestr\u00eda en Ciencias Fisiol\u00f3gicas de la BUAP, fue distinguida como ganadora \u00fanica en Investigaci\u00f3n B\u00e1sica del Premio de Neumolog\u00eda 2020, el cual se otorga anualmente a un investigador de entre todos los pa\u00edses germano-parlantes, por parte de la Sociedad Alemana de Neumolog\u00eda y Medicina Respiratoria (Deutsche Gesellschaft f\u00fcr Pneumologie und Beatmungsmedizin, DGP, por sus siglas en alem\u00e1n). Con este reconocimiento, la cient\u00edfica de origen mexicano, quien se form\u00f3 en la BUAP desde sus estudios de educaci\u00f3n media superior hasta posgrado, ha sido premiada en los \u00faltimos seis meses por tres veces consecutivas por fundaciones cient\u00edficas y m\u00e9dicas de Alemania. Su trabajo \u201cInactivation of nuclear histone deacetylases by EP300 disrupts the MiCEE complex in Idiopathic Pulmonary Fibrosis\u201d, publicado en 2019 en la revista\u00a0Nature Communications, con el cual gan\u00f3 el Premio de Neumolog\u00eda 2020, tambi\u00e9n fue distinguido con el\u00a0Von Behring-R\u00f6ntgen\u00a0Young Talent Award 2019, de la\u00a0Fundaci\u00f3n\u00a0von Behring-R\u00f6ntgen,\u00a0en octubre de 2019, con el cual se convirti\u00f3 en la primera mexicana en ingresar al grupo de 20 cient\u00edficos sobresalientes que han obtenido el reconocimiento de la fundaci\u00f3n germana. As\u00ed tambi\u00e9n, en diciembre de ese mismo a\u00f1o fue galardonada\u00a0con el\u00a0Premio\u00a0a la Mejor Investigaci\u00f3n en Innovaci\u00f3n M\u00e9dica, en Giessen, Alemania. Karla Mar\u00eda Rubio Nava, quien estudi\u00f3 en la preparatoria Emiliano Zapata, la Licenciatura en Biomedicina, en la Facultad de Medicina, y la Maestr\u00eda en Ciencias Fisiol\u00f3gicas, en el Instituto de Fisiolog\u00eda, de donde egres\u00f3 en 2011 con honores, obtuvo su doctorado en Ciencias Naturales, tambi\u00e9n con honores (Dr. rer. nat.\u00a0Magna Cum Laude), en la Universidad Justus Liebig de Giessen, Alemania, en 2018. Actualmente trabaja como investigadora postdoctoral en el laboratorio del doctor Guillermo Barreto, en el Instituto Max Planck de Investigaci\u00f3n del Coraz\u00f3n y los Pulmones (MPI-HLR), y la Unidad de Investigaci\u00f3n Gly-CREET de la\u00a0Universit\u00e9-Paris Cr\u00e9teil\u00a0(UPEC), en Francia. En su laboratorio se ha centrado en los mecanismos epigen\u00e9ticos, es decir, los cambios patog\u00e9nicos en la expresi\u00f3n g\u00e9nica que no implican modificaciones en la propia secuencia del ADN, responsables de las enfermedades humanas, con una implicaci\u00f3n social relevante en Europa y en Am\u00e9rica.\" \/>\n<meta property=\"og:url\" content=\"https:\/\/ferabrajan.com\/portal\/2020\/09\/14\/fundaciones-cientificas-y-medicas-alemanas-premian-3-veces-a-egresada-de-la-buap\/\" \/>\n<meta property=\"og:site_name\" content=\"Fer Abrajan\" \/>\n<meta property=\"article:publisher\" content=\"https:\/\/www.facebook.com\/NoticiasconFerAbrajan\/\" \/>\n<meta property=\"article:published_time\" content=\"2020-09-14T02:59:38+00:00\" \/>\n<meta name=\"author\" content=\"admin\" \/>\n<meta name=\"twitter:card\" content=\"summary_large_image\" \/>\n<meta name=\"twitter:creator\" content=\"@ferabrajan1\" \/>\n<meta name=\"twitter:site\" content=\"@ferabrajan1\" \/>\n<meta name=\"twitter:label1\" content=\"Escrito por\" \/>\n\t<meta name=\"twitter:data1\" content=\"admin\" \/>\n\t<meta name=\"twitter:label2\" content=\"Tiempo de lectura\" \/>\n\t<meta name=\"twitter:data2\" content=\"2 minutos\" \/>\n<script type=\"application\/ld+json\" class=\"yoast-schema-graph\">{\"@context\":\"https:\\\/\\\/schema.org\",\"@graph\":[{\"@type\":\"Article\",\"@id\":\"https:\\\/\\\/ferabrajan.com\\\/portal\\\/2020\\\/09\\\/14\\\/fundaciones-cientificas-y-medicas-alemanas-premian-3-veces-a-egresada-de-la-buap\\\/#article\",\"isPartOf\":{\"@id\":\"https:\\\/\\\/ferabrajan.com\\\/portal\\\/2020\\\/09\\\/14\\\/fundaciones-cientificas-y-medicas-alemanas-premian-3-veces-a-egresada-de-la-buap\\\/\"},\"author\":{\"name\":\"admin\",\"@id\":\"https:\\\/\\\/ferabrajan.com\\\/portal\\\/#\\\/schema\\\/person\\\/f6113b3cb1e036d5c6a9505685b257ba\"},\"headline\":\"Fundaciones cient\u00edficas y m\u00e9dicas alemanas premian 3 veces a egresada de la BUAP\",\"datePublished\":\"2020-09-14T02:59:38+00:00\",\"mainEntityOfPage\":{\"@id\":\"https:\\\/\\\/ferabrajan.com\\\/portal\\\/2020\\\/09\\\/14\\\/fundaciones-cientificas-y-medicas-alemanas-premian-3-veces-a-egresada-de-la-buap\\\/\"},\"wordCount\":422,\"commentCount\":0,\"publisher\":{\"@id\":\"https:\\\/\\\/ferabrajan.com\\\/portal\\\/#organization\"},\"image\":{\"@id\":\"https:\\\/\\\/ferabrajan.com\\\/portal\\\/2020\\\/09\\\/14\\\/fundaciones-cientificas-y-medicas-alemanas-premian-3-veces-a-egresada-de-la-buap\\\/#primaryimage\"},\"thumbnailUrl\":\"\",\"keywords\":[\"BUAP\",\"Estudiantes\"],\"articleSection\":[\"Puebla\"],\"inLanguage\":\"es\"},{\"@type\":\"WebPage\",\"@id\":\"https:\\\/\\\/ferabrajan.com\\\/portal\\\/2020\\\/09\\\/14\\\/fundaciones-cientificas-y-medicas-alemanas-premian-3-veces-a-egresada-de-la-buap\\\/\",\"url\":\"https:\\\/\\\/ferabrajan.com\\\/portal\\\/2020\\\/09\\\/14\\\/fundaciones-cientificas-y-medicas-alemanas-premian-3-veces-a-egresada-de-la-buap\\\/\",\"name\":\"Fundaciones cient\u00edficas y m\u00e9dicas alemanas premian 3 veces a egresada de la BUAP - Fer Abrajan\",\"isPartOf\":{\"@id\":\"https:\\\/\\\/ferabrajan.com\\\/portal\\\/#website\"},\"primaryImageOfPage\":{\"@id\":\"https:\\\/\\\/ferabrajan.com\\\/portal\\\/2020\\\/09\\\/14\\\/fundaciones-cientificas-y-medicas-alemanas-premian-3-veces-a-egresada-de-la-buap\\\/#primaryimage\"},\"image\":{\"@id\":\"https:\\\/\\\/ferabrajan.com\\\/portal\\\/2020\\\/09\\\/14\\\/fundaciones-cientificas-y-medicas-alemanas-premian-3-veces-a-egresada-de-la-buap\\\/#primaryimage\"},\"thumbnailUrl\":\"\",\"datePublished\":\"2020-09-14T02:59:38+00:00\",\"breadcrumb\":{\"@id\":\"https:\\\/\\\/ferabrajan.com\\\/portal\\\/2020\\\/09\\\/14\\\/fundaciones-cientificas-y-medicas-alemanas-premian-3-veces-a-egresada-de-la-buap\\\/#breadcrumb\"},\"inLanguage\":\"es\",\"potentialAction\":[{\"@type\":\"ReadAction\",\"target\":[\"https:\\\/\\\/ferabrajan.com\\\/portal\\\/2020\\\/09\\\/14\\\/fundaciones-cientificas-y-medicas-alemanas-premian-3-veces-a-egresada-de-la-buap\\\/\"]}]},{\"@type\":\"ImageObject\",\"inLanguage\":\"es\",\"@id\":\"https:\\\/\\\/ferabrajan.com\\\/portal\\\/2020\\\/09\\\/14\\\/fundaciones-cientificas-y-medicas-alemanas-premian-3-veces-a-egresada-de-la-buap\\\/#primaryimage\",\"url\":\"\",\"contentUrl\":\"\"},{\"@type\":\"BreadcrumbList\",\"@id\":\"https:\\\/\\\/ferabrajan.com\\\/portal\\\/2020\\\/09\\\/14\\\/fundaciones-cientificas-y-medicas-alemanas-premian-3-veces-a-egresada-de-la-buap\\\/#breadcrumb\",\"itemListElement\":[{\"@type\":\"ListItem\",\"position\":1,\"name\":\"Portada\",\"item\":\"https:\\\/\\\/ferabrajan.com\\\/portal\\\/\"},{\"@type\":\"ListItem\",\"position\":2,\"name\":\"Fundaciones cient\u00edficas y m\u00e9dicas alemanas premian 3 veces a egresada de la BUAP\"}]},{\"@type\":\"WebSite\",\"@id\":\"https:\\\/\\\/ferabrajan.com\\\/portal\\\/#website\",\"url\":\"https:\\\/\\\/ferabrajan.com\\\/portal\\\/\",\"name\":\"Fer Abrajan\",\"description\":\"Noticias de Puebla, opini\u00f3n y radio en vivo\",\"publisher\":{\"@id\":\"https:\\\/\\\/ferabrajan.com\\\/portal\\\/#organization\"},\"potentialAction\":[{\"@type\":\"SearchAction\",\"target\":{\"@type\":\"EntryPoint\",\"urlTemplate\":\"https:\\\/\\\/ferabrajan.com\\\/portal\\\/?s={search_term_string}\"},\"query-input\":{\"@type\":\"PropertyValueSpecification\",\"valueRequired\":true,\"valueName\":\"search_term_string\"}}],\"inLanguage\":\"es\"},{\"@type\":\"Organization\",\"@id\":\"https:\\\/\\\/ferabrajan.com\\\/portal\\\/#organization\",\"name\":\"Fer Abrajan\",\"url\":\"https:\\\/\\\/ferabrajan.com\\\/portal\\\/\",\"logo\":{\"@type\":\"ImageObject\",\"inLanguage\":\"es\",\"@id\":\"https:\\\/\\\/ferabrajan.com\\\/portal\\\/#\\\/schema\\\/logo\\\/image\\\/\",\"url\":\"https:\\\/\\\/ferabrajan.com\\\/portal\\\/wp-content\\\/uploads\\\/2024\\\/10\\\/cropped-logo.jpeg\",\"contentUrl\":\"https:\\\/\\\/ferabrajan.com\\\/portal\\\/wp-content\\\/uploads\\\/2024\\\/10\\\/cropped-logo.jpeg\",\"width\":500,\"height\":250,\"caption\":\"Fer Abrajan\"},\"image\":{\"@id\":\"https:\\\/\\\/ferabrajan.com\\\/portal\\\/#\\\/schema\\\/logo\\\/image\\\/\"},\"sameAs\":[\"https:\\\/\\\/www.facebook.com\\\/NoticiasconFerAbrajan\\\/\",\"https:\\\/\\\/x.com\\\/ferabrajan1\"]},{\"@type\":\"Person\",\"@id\":\"https:\\\/\\\/ferabrajan.com\\\/portal\\\/#\\\/schema\\\/person\\\/f6113b3cb1e036d5c6a9505685b257ba\",\"name\":\"admin\",\"image\":{\"@type\":\"ImageObject\",\"inLanguage\":\"es\",\"@id\":\"https:\\\/\\\/secure.gravatar.com\\\/avatar\\\/072baa72775aad53c748dfc5d3048578e01b6c087eef335459ebfa04344e2d18?s=96&d=mm&r=g\",\"url\":\"https:\\\/\\\/secure.gravatar.com\\\/avatar\\\/072baa72775aad53c748dfc5d3048578e01b6c087eef335459ebfa04344e2d18?s=96&d=mm&r=g\",\"contentUrl\":\"https:\\\/\\\/secure.gravatar.com\\\/avatar\\\/072baa72775aad53c748dfc5d3048578e01b6c087eef335459ebfa04344e2d18?s=96&d=mm&r=g\",\"caption\":\"admin\"},\"sameAs\":[\"https:\\\/\\\/ferabrajan.com\\\/portal\"],\"url\":\"https:\\\/\\\/ferabrajan.com\\\/portal\\\/author\\\/admin\\\/\"}]}<\/script>\n<!-- \/ Yoast SEO plugin. -->","yoast_head_json":{"title":"Fundaciones cient\u00edficas y m\u00e9dicas alemanas premian 3 veces a egresada de la BUAP - Fer Abrajan","robots":{"index":"index","follow":"follow","max-snippet":"max-snippet:-1","max-image-preview":"max-image-preview:large","max-video-preview":"max-video-preview:-1"},"canonical":"https:\/\/ferabrajan.com\/portal\/2020\/09\/14\/fundaciones-cientificas-y-medicas-alemanas-premian-3-veces-a-egresada-de-la-buap\/","og_locale":"es_ES","og_type":"article","og_title":"Fundaciones cient\u00edficas y m\u00e9dicas alemanas premian 3 veces a egresada de la BUAP - Fer Abrajan","og_description":"&nbsp; Por su brillante desempe\u00f1o y contribuciones cient\u00edficas para futuros enfoques traslacionales en enfermedades pulmonares humanas, la doctora Karla Mar\u00eda Rubio Nava, egresada de la Maestr\u00eda en Ciencias Fisiol\u00f3gicas de la BUAP, fue distinguida como ganadora \u00fanica en Investigaci\u00f3n B\u00e1sica del Premio de Neumolog\u00eda 2020, el cual se otorga anualmente a un investigador de entre todos los pa\u00edses germano-parlantes, por parte de la Sociedad Alemana de Neumolog\u00eda y Medicina Respiratoria (Deutsche Gesellschaft f\u00fcr Pneumologie und Beatmungsmedizin, DGP, por sus siglas en alem\u00e1n). Con este reconocimiento, la cient\u00edfica de origen mexicano, quien se form\u00f3 en la BUAP desde sus estudios de educaci\u00f3n media superior hasta posgrado, ha sido premiada en los \u00faltimos seis meses por tres veces consecutivas por fundaciones cient\u00edficas y m\u00e9dicas de Alemania. Su trabajo \u201cInactivation of nuclear histone deacetylases by EP300 disrupts the MiCEE complex in Idiopathic Pulmonary Fibrosis\u201d, publicado en 2019 en la revista\u00a0Nature Communications, con el cual gan\u00f3 el Premio de Neumolog\u00eda 2020, tambi\u00e9n fue distinguido con el\u00a0Von Behring-R\u00f6ntgen\u00a0Young Talent Award 2019, de la\u00a0Fundaci\u00f3n\u00a0von Behring-R\u00f6ntgen,\u00a0en octubre de 2019, con el cual se convirti\u00f3 en la primera mexicana en ingresar al grupo de 20 cient\u00edficos sobresalientes que han obtenido el reconocimiento de la fundaci\u00f3n germana. As\u00ed tambi\u00e9n, en diciembre de ese mismo a\u00f1o fue galardonada\u00a0con el\u00a0Premio\u00a0a la Mejor Investigaci\u00f3n en Innovaci\u00f3n M\u00e9dica, en Giessen, Alemania. Karla Mar\u00eda Rubio Nava, quien estudi\u00f3 en la preparatoria Emiliano Zapata, la Licenciatura en Biomedicina, en la Facultad de Medicina, y la Maestr\u00eda en Ciencias Fisiol\u00f3gicas, en el Instituto de Fisiolog\u00eda, de donde egres\u00f3 en 2011 con honores, obtuvo su doctorado en Ciencias Naturales, tambi\u00e9n con honores (Dr. rer. nat.\u00a0Magna Cum Laude), en la Universidad Justus Liebig de Giessen, Alemania, en 2018. Actualmente trabaja como investigadora postdoctoral en el laboratorio del doctor Guillermo Barreto, en el Instituto Max Planck de Investigaci\u00f3n del Coraz\u00f3n y los Pulmones (MPI-HLR), y la Unidad de Investigaci\u00f3n Gly-CREET de la\u00a0Universit\u00e9-Paris Cr\u00e9teil\u00a0(UPEC), en Francia. En su laboratorio se ha centrado en los mecanismos epigen\u00e9ticos, es decir, los cambios patog\u00e9nicos en la expresi\u00f3n g\u00e9nica que no implican modificaciones en la propia secuencia del ADN, responsables de las enfermedades humanas, con una implicaci\u00f3n social relevante en Europa y en Am\u00e9rica.","og_url":"https:\/\/ferabrajan.com\/portal\/2020\/09\/14\/fundaciones-cientificas-y-medicas-alemanas-premian-3-veces-a-egresada-de-la-buap\/","og_site_name":"Fer Abrajan","article_publisher":"https:\/\/www.facebook.com\/NoticiasconFerAbrajan\/","article_published_time":"2020-09-14T02:59:38+00:00","author":"admin","twitter_card":"summary_large_image","twitter_creator":"@ferabrajan1","twitter_site":"@ferabrajan1","twitter_misc":{"Escrito por":"admin","Tiempo de lectura":"2 minutos"},"schema":{"@context":"https:\/\/schema.org","@graph":[{"@type":"Article","@id":"https:\/\/ferabrajan.com\/portal\/2020\/09\/14\/fundaciones-cientificas-y-medicas-alemanas-premian-3-veces-a-egresada-de-la-buap\/#article","isPartOf":{"@id":"https:\/\/ferabrajan.com\/portal\/2020\/09\/14\/fundaciones-cientificas-y-medicas-alemanas-premian-3-veces-a-egresada-de-la-buap\/"},"author":{"name":"admin","@id":"https:\/\/ferabrajan.com\/portal\/#\/schema\/person\/f6113b3cb1e036d5c6a9505685b257ba"},"headline":"Fundaciones cient\u00edficas y m\u00e9dicas alemanas premian 3 veces a egresada de la BUAP","datePublished":"2020-09-14T02:59:38+00:00","mainEntityOfPage":{"@id":"https:\/\/ferabrajan.com\/portal\/2020\/09\/14\/fundaciones-cientificas-y-medicas-alemanas-premian-3-veces-a-egresada-de-la-buap\/"},"wordCount":422,"commentCount":0,"publisher":{"@id":"https:\/\/ferabrajan.com\/portal\/#organization"},"image":{"@id":"https:\/\/ferabrajan.com\/portal\/2020\/09\/14\/fundaciones-cientificas-y-medicas-alemanas-premian-3-veces-a-egresada-de-la-buap\/#primaryimage"},"thumbnailUrl":"","keywords":["BUAP","Estudiantes"],"articleSection":["Puebla"],"inLanguage":"es"},{"@type":"WebPage","@id":"https:\/\/ferabrajan.com\/portal\/2020\/09\/14\/fundaciones-cientificas-y-medicas-alemanas-premian-3-veces-a-egresada-de-la-buap\/","url":"https:\/\/ferabrajan.com\/portal\/2020\/09\/14\/fundaciones-cientificas-y-medicas-alemanas-premian-3-veces-a-egresada-de-la-buap\/","name":"Fundaciones cient\u00edficas y m\u00e9dicas alemanas premian 3 veces a egresada de la BUAP - Fer Abrajan","isPartOf":{"@id":"https:\/\/ferabrajan.com\/portal\/#website"},"primaryImageOfPage":{"@id":"https:\/\/ferabrajan.com\/portal\/2020\/09\/14\/fundaciones-cientificas-y-medicas-alemanas-premian-3-veces-a-egresada-de-la-buap\/#primaryimage"},"image":{"@id":"https:\/\/ferabrajan.com\/portal\/2020\/09\/14\/fundaciones-cientificas-y-medicas-alemanas-premian-3-veces-a-egresada-de-la-buap\/#primaryimage"},"thumbnailUrl":"","datePublished":"2020-09-14T02:59:38+00:00","breadcrumb":{"@id":"https:\/\/ferabrajan.com\/portal\/2020\/09\/14\/fundaciones-cientificas-y-medicas-alemanas-premian-3-veces-a-egresada-de-la-buap\/#breadcrumb"},"inLanguage":"es","potentialAction":[{"@type":"ReadAction","target":["https:\/\/ferabrajan.com\/portal\/2020\/09\/14\/fundaciones-cientificas-y-medicas-alemanas-premian-3-veces-a-egresada-de-la-buap\/"]}]},{"@type":"ImageObject","inLanguage":"es","@id":"https:\/\/ferabrajan.com\/portal\/2020\/09\/14\/fundaciones-cientificas-y-medicas-alemanas-premian-3-veces-a-egresada-de-la-buap\/#primaryimage","url":"","contentUrl":""},{"@type":"BreadcrumbList","@id":"https:\/\/ferabrajan.com\/portal\/2020\/09\/14\/fundaciones-cientificas-y-medicas-alemanas-premian-3-veces-a-egresada-de-la-buap\/#breadcrumb","itemListElement":[{"@type":"ListItem","position":1,"name":"Portada","item":"https:\/\/ferabrajan.com\/portal\/"},{"@type":"ListItem","position":2,"name":"Fundaciones cient\u00edficas y m\u00e9dicas alemanas premian 3 veces a egresada de la BUAP"}]},{"@type":"WebSite","@id":"https:\/\/ferabrajan.com\/portal\/#website","url":"https:\/\/ferabrajan.com\/portal\/","name":"Fer Abrajan","description":"Noticias de Puebla, opini\u00f3n y radio en vivo","publisher":{"@id":"https:\/\/ferabrajan.com\/portal\/#organization"},"potentialAction":[{"@type":"SearchAction","target":{"@type":"EntryPoint","urlTemplate":"https:\/\/ferabrajan.com\/portal\/?s={search_term_string}"},"query-input":{"@type":"PropertyValueSpecification","valueRequired":true,"valueName":"search_term_string"}}],"inLanguage":"es"},{"@type":"Organization","@id":"https:\/\/ferabrajan.com\/portal\/#organization","name":"Fer Abrajan","url":"https:\/\/ferabrajan.com\/portal\/","logo":{"@type":"ImageObject","inLanguage":"es","@id":"https:\/\/ferabrajan.com\/portal\/#\/schema\/logo\/image\/","url":"https:\/\/ferabrajan.com\/portal\/wp-content\/uploads\/2024\/10\/cropped-logo.jpeg","contentUrl":"https:\/\/ferabrajan.com\/portal\/wp-content\/uploads\/2024\/10\/cropped-logo.jpeg","width":500,"height":250,"caption":"Fer Abrajan"},"image":{"@id":"https:\/\/ferabrajan.com\/portal\/#\/schema\/logo\/image\/"},"sameAs":["https:\/\/www.facebook.com\/NoticiasconFerAbrajan\/","https:\/\/x.com\/ferabrajan1"]},{"@type":"Person","@id":"https:\/\/ferabrajan.com\/portal\/#\/schema\/person\/f6113b3cb1e036d5c6a9505685b257ba","name":"admin","image":{"@type":"ImageObject","inLanguage":"es","@id":"https:\/\/secure.gravatar.com\/avatar\/072baa72775aad53c748dfc5d3048578e01b6c087eef335459ebfa04344e2d18?s=96&d=mm&r=g","url":"https:\/\/secure.gravatar.com\/avatar\/072baa72775aad53c748dfc5d3048578e01b6c087eef335459ebfa04344e2d18?s=96&d=mm&r=g","contentUrl":"https:\/\/secure.gravatar.com\/avatar\/072baa72775aad53c748dfc5d3048578e01b6c087eef335459ebfa04344e2d18?s=96&d=mm&r=g","caption":"admin"},"sameAs":["https:\/\/ferabrajan.com\/portal"],"url":"https:\/\/ferabrajan.com\/portal\/author\/admin\/"}]}},"_links":{"self":[{"href":"https:\/\/ferabrajan.com\/portal\/wp-json\/wp\/v2\/posts\/18709","targetHints":{"allow":["GET"]}}],"collection":[{"href":"https:\/\/ferabrajan.com\/portal\/wp-json\/wp\/v2\/posts"}],"about":[{"href":"https:\/\/ferabrajan.com\/portal\/wp-json\/wp\/v2\/types\/post"}],"author":[{"embeddable":true,"href":"https:\/\/ferabrajan.com\/portal\/wp-json\/wp\/v2\/users\/1"}],"replies":[{"embeddable":true,"href":"https:\/\/ferabrajan.com\/portal\/wp-json\/wp\/v2\/comments?post=18709"}],"version-history":[{"count":0,"href":"https:\/\/ferabrajan.com\/portal\/wp-json\/wp\/v2\/posts\/18709\/revisions"}],"wp:attachment":[{"href":"https:\/\/ferabrajan.com\/portal\/wp-json\/wp\/v2\/media?parent=18709"}],"wp:term":[{"taxonomy":"category","embeddable":true,"href":"https:\/\/ferabrajan.com\/portal\/wp-json\/wp\/v2\/categories?post=18709"},{"taxonomy":"post_tag","embeddable":true,"href":"https:\/\/ferabrajan.com\/portal\/wp-json\/wp\/v2\/tags?post=18709"}],"curies":[{"name":"wp","href":"https:\/\/api.w.org\/{rel}","templated":true}]}}