{"id":18697,"date":"2020-09-13T23:42:00","date_gmt":"2020-09-13T23:42:00","guid":{"rendered":"http:\/\/www.ferabrajan.com\/?p=18697"},"modified":"2020-09-13T23:42:00","modified_gmt":"2020-09-13T23:42:00","slug":"miguel-herrera-toluca-vino-a-no-perder","status":"publish","type":"post","link":"https:\/\/ferabrajan.com\/portal\/2020\/09\/13\/miguel-herrera-toluca-vino-a-no-perder\/","title":{"rendered":"Miguel Herrera: Toluca vino a no perder"},"content":{"rendered":"<div><img decoding=\"async\" src=\"https:\/\/www.eluniversal.com.mx\/sites\/default\/files\/2020\/09\/12\/miguel_herrera_imago7.jpg\" class=\"ff-og-image-inserted\"><\/div>\n<p>\u201cToluca vino a no perder y le sali\u00f3\u201d. As\u00ed analiz\u00f3 Miguel Herrera, t\u00e9cnico del <a href=\"https:\/\/www.eluniversal.com.mx\/deportes\"><span>Am\u00e9rica<\/span><\/a>, el empate ante el Toluca, que no lo deja contento por varias razones.<\/p>\n<p>\u201cEllos vinieron a no perder, y nosotros seguiremos trabajando la pelota parada al m\u00e1ximo. Cuando mejor manej\u00e1bamos la pelota, pues ellos se encuentran con el &nbsp;gol y se defendieron bastante bien\u201d.<\/p>\n<p>No encuentra como resolver esto, \u201csino seguir trabajando y que hagamos mejor el papel en los balones en contra\u201d.<\/p>\n<p><strong>LEER M\u00c1S<\/strong>:&nbsp;<a href=\"https:\/\/www.eluniversal.com.mx\/universal-deportes\/futbol\/vinas-y-roger-otras-victimas-de-la-cancha-del-estadio-azteca\"><span>Federico Vi\u00f1as y Roger Mart\u00ednez, otras v\u00edctimas de la cancha del Estadio Azteca<\/span><\/a><\/p>\n<p>No culpa a ninguna l\u00ednea en lo particular: \u201cNo es que la defensa del equipo se distraiga\u2026 Nos est\u00e1n haciendo da\u00f1o, pero son circunstancias que debemos de seguir. No pasa por la defensa nada m\u00e1s\u201d.<\/p>\n<p>Ma\u00f1ana ser\u00e1 un d\u00eda importante para saber c\u00f3mo encarar\u00e1 el <strong>Cl\u00e1sico<\/strong>, ya que varios jugadores salieron lesionados: \u201cVi\u00f1as sale con un dolor, se ator\u00f3 con el pasto.<\/p>\n<p><strong>Roger<\/strong> se dobl\u00f3 el tobillo. Hay mala suerte. Uno se atora, otro lo pisan\u2026 Veremos qu\u00e9 pasa ma\u00f1ana cuando les hagan revisi\u00f3n\u201d.<\/p>\n<p>[embedded content] Publicaci\u00f3n Original: <a href=\"https:\/\/www.eluniversal.com.mx\/universal-deportes\/futbol\/miguel-herrera-toluca-vino-no-perder\" target=\"_blank\" rel=\"noopener noreferrer\">https:\/\/www.eluniversal.com.mx\/universal-deportes\/futbol\/miguel-herrera-toluca-vino-no-perder<\/a><\/p>\n","protected":false},"excerpt":{"rendered":"<p>\u201cToluca vino a no perder y le sali\u00f3\u201d. As\u00ed analiz\u00f3 Miguel Herrera, t\u00e9cnico del Am\u00e9rica, el empate ante el Toluca, que no lo deja contento por varias razones. \u201cEllos vinieron a no perder, y nosotros seguiremos trabajando la pelota parada al m\u00e1ximo. Cuando mejor manej\u00e1bamos la pelota, pues ellos se encuentran con el &nbsp;gol y se defendieron bastante bien\u201d. No encuentra como resolver esto, \u201csino seguir trabajando y que hagamos mejor el papel en los balones en contra\u201d. LEER M\u00c1S:&nbsp;Federico Vi\u00f1as y Roger Mart\u00ednez, otras v\u00edctimas de la cancha del Estadio Azteca No culpa a ninguna l\u00ednea en lo particular: \u201cNo es que la defensa del equipo se distraiga\u2026 Nos est\u00e1n haciendo da\u00f1o, pero son circunstancias que debemos de seguir. No pasa por la defensa nada m\u00e1s\u201d. Ma\u00f1ana ser\u00e1 un d\u00eda importante para saber c\u00f3mo encarar\u00e1 el Cl\u00e1sico, ya que varios jugadores salieron lesionados: \u201cVi\u00f1as sale con un dolor, se ator\u00f3 con el pasto. Roger se dobl\u00f3 el tobillo. Hay mala suerte. Uno se atora, otro lo pisan\u2026 Veremos qu\u00e9 pasa ma\u00f1ana cuando les hagan revisi\u00f3n\u201d. [embedded content] Publicaci\u00f3n Original: https:\/\/www.eluniversal.com.mx\/universal-deportes\/futbol\/miguel-herrera-toluca-vino-no-perder<\/p>\n","protected":false},"author":1,"featured_media":18698,"comment_status":"open","ping_status":"closed","sticky":false,"template":"","format":"standard","meta":{"_monsterinsights_skip_tracking":false,"_uf_show_specific_survey":0,"_uf_disable_surveys":false,"footnotes":""},"categories":[36],"tags":[],"class_list":["post-18697","post","type-post","status-publish","format-standard","has-post-thumbnail","hentry","category-el-mundo"],"yoast_head":"<!-- This site is optimized with the Yoast SEO plugin v27.5 - https:\/\/yoast.com\/product\/yoast-seo-wordpress\/ -->\n<title>Miguel Herrera: Toluca vino a no perder - Fer Abrajan<\/title>\n<meta name=\"robots\" content=\"index, follow, max-snippet:-1, max-image-preview:large, max-video-preview:-1\" \/>\n<link rel=\"canonical\" href=\"https:\/\/ferabrajan.com\/portal\/2020\/09\/13\/miguel-herrera-toluca-vino-a-no-perder\/\" \/>\n<meta property=\"og:locale\" content=\"es_ES\" \/>\n<meta property=\"og:type\" content=\"article\" \/>\n<meta property=\"og:title\" content=\"Miguel Herrera: Toluca vino a no perder - Fer Abrajan\" \/>\n<meta property=\"og:description\" content=\"\u201cToluca vino a no perder y le sali\u00f3\u201d. As\u00ed analiz\u00f3 Miguel Herrera, t\u00e9cnico del Am\u00e9rica, el empate ante el Toluca, que no lo deja contento por varias razones. \u201cEllos vinieron a no perder, y nosotros seguiremos trabajando la pelota parada al m\u00e1ximo. Cuando mejor manej\u00e1bamos la pelota, pues ellos se encuentran con el &nbsp;gol y se defendieron bastante bien\u201d. No encuentra como resolver esto, \u201csino seguir trabajando y que hagamos mejor el papel en los balones en contra\u201d. LEER M\u00c1S:&nbsp;Federico Vi\u00f1as y Roger Mart\u00ednez, otras v\u00edctimas de la cancha del Estadio Azteca No culpa a ninguna l\u00ednea en lo particular: \u201cNo es que la defensa del equipo se distraiga\u2026 Nos est\u00e1n haciendo da\u00f1o, pero son circunstancias que debemos de seguir. No pasa por la defensa nada m\u00e1s\u201d. Ma\u00f1ana ser\u00e1 un d\u00eda importante para saber c\u00f3mo encarar\u00e1 el Cl\u00e1sico, ya que varios jugadores salieron lesionados: \u201cVi\u00f1as sale con un dolor, se ator\u00f3 con el pasto. Roger se dobl\u00f3 el tobillo. Hay mala suerte. Uno se atora, otro lo pisan\u2026 Veremos qu\u00e9 pasa ma\u00f1ana cuando les hagan revisi\u00f3n\u201d. [embedded content] Publicaci\u00f3n Original: https:\/\/www.eluniversal.com.mx\/universal-deportes\/futbol\/miguel-herrera-toluca-vino-no-perder\" \/>\n<meta property=\"og:url\" content=\"https:\/\/ferabrajan.com\/portal\/2020\/09\/13\/miguel-herrera-toluca-vino-a-no-perder\/\" \/>\n<meta property=\"og:site_name\" content=\"Fer Abrajan\" \/>\n<meta property=\"article:publisher\" content=\"https:\/\/www.facebook.com\/NoticiasconFerAbrajan\/\" \/>\n<meta property=\"article:published_time\" content=\"2020-09-13T23:42:00+00:00\" \/>\n<meta name=\"author\" content=\"admin\" \/>\n<meta name=\"twitter:card\" content=\"summary_large_image\" \/>\n<meta name=\"twitter:creator\" content=\"@ferabrajan1\" \/>\n<meta name=\"twitter:site\" content=\"@ferabrajan1\" \/>\n<meta name=\"twitter:label1\" content=\"Escrito por\" \/>\n\t<meta name=\"twitter:data1\" content=\"admin\" \/>\n\t<meta name=\"twitter:label2\" content=\"Tiempo de lectura\" \/>\n\t<meta name=\"twitter:data2\" content=\"1 minuto\" \/>\n<script type=\"application\/ld+json\" class=\"yoast-schema-graph\">{\"@context\":\"https:\\\/\\\/schema.org\",\"@graph\":[{\"@type\":\"Article\",\"@id\":\"https:\\\/\\\/ferabrajan.com\\\/portal\\\/2020\\\/09\\\/13\\\/miguel-herrera-toluca-vino-a-no-perder\\\/#article\",\"isPartOf\":{\"@id\":\"https:\\\/\\\/ferabrajan.com\\\/portal\\\/2020\\\/09\\\/13\\\/miguel-herrera-toluca-vino-a-no-perder\\\/\"},\"author\":{\"name\":\"admin\",\"@id\":\"https:\\\/\\\/ferabrajan.com\\\/portal\\\/#\\\/schema\\\/person\\\/f6113b3cb1e036d5c6a9505685b257ba\"},\"headline\":\"Miguel Herrera: Toluca vino a no perder\",\"datePublished\":\"2020-09-13T23:42:00+00:00\",\"mainEntityOfPage\":{\"@id\":\"https:\\\/\\\/ferabrajan.com\\\/portal\\\/2020\\\/09\\\/13\\\/miguel-herrera-toluca-vino-a-no-perder\\\/\"},\"wordCount\":218,\"commentCount\":0,\"publisher\":{\"@id\":\"https:\\\/\\\/ferabrajan.com\\\/portal\\\/#organization\"},\"image\":{\"@id\":\"https:\\\/\\\/ferabrajan.com\\\/portal\\\/2020\\\/09\\\/13\\\/miguel-herrera-toluca-vino-a-no-perder\\\/#primaryimage\"},\"thumbnailUrl\":\"\",\"articleSection\":[\"El Mundo\"],\"inLanguage\":\"es\"},{\"@type\":\"WebPage\",\"@id\":\"https:\\\/\\\/ferabrajan.com\\\/portal\\\/2020\\\/09\\\/13\\\/miguel-herrera-toluca-vino-a-no-perder\\\/\",\"url\":\"https:\\\/\\\/ferabrajan.com\\\/portal\\\/2020\\\/09\\\/13\\\/miguel-herrera-toluca-vino-a-no-perder\\\/\",\"name\":\"Miguel Herrera: Toluca vino a no perder - Fer Abrajan\",\"isPartOf\":{\"@id\":\"https:\\\/\\\/ferabrajan.com\\\/portal\\\/#website\"},\"primaryImageOfPage\":{\"@id\":\"https:\\\/\\\/ferabrajan.com\\\/portal\\\/2020\\\/09\\\/13\\\/miguel-herrera-toluca-vino-a-no-perder\\\/#primaryimage\"},\"image\":{\"@id\":\"https:\\\/\\\/ferabrajan.com\\\/portal\\\/2020\\\/09\\\/13\\\/miguel-herrera-toluca-vino-a-no-perder\\\/#primaryimage\"},\"thumbnailUrl\":\"\",\"datePublished\":\"2020-09-13T23:42:00+00:00\",\"breadcrumb\":{\"@id\":\"https:\\\/\\\/ferabrajan.com\\\/portal\\\/2020\\\/09\\\/13\\\/miguel-herrera-toluca-vino-a-no-perder\\\/#breadcrumb\"},\"inLanguage\":\"es\",\"potentialAction\":[{\"@type\":\"ReadAction\",\"target\":[\"https:\\\/\\\/ferabrajan.com\\\/portal\\\/2020\\\/09\\\/13\\\/miguel-herrera-toluca-vino-a-no-perder\\\/\"]}]},{\"@type\":\"ImageObject\",\"inLanguage\":\"es\",\"@id\":\"https:\\\/\\\/ferabrajan.com\\\/portal\\\/2020\\\/09\\\/13\\\/miguel-herrera-toluca-vino-a-no-perder\\\/#primaryimage\",\"url\":\"\",\"contentUrl\":\"\"},{\"@type\":\"BreadcrumbList\",\"@id\":\"https:\\\/\\\/ferabrajan.com\\\/portal\\\/2020\\\/09\\\/13\\\/miguel-herrera-toluca-vino-a-no-perder\\\/#breadcrumb\",\"itemListElement\":[{\"@type\":\"ListItem\",\"position\":1,\"name\":\"Portada\",\"item\":\"https:\\\/\\\/ferabrajan.com\\\/portal\\\/\"},{\"@type\":\"ListItem\",\"position\":2,\"name\":\"Miguel Herrera: Toluca vino a no perder\"}]},{\"@type\":\"WebSite\",\"@id\":\"https:\\\/\\\/ferabrajan.com\\\/portal\\\/#website\",\"url\":\"https:\\\/\\\/ferabrajan.com\\\/portal\\\/\",\"name\":\"Fer Abrajan\",\"description\":\"Noticias de Puebla, opini\u00f3n y radio en vivo\",\"publisher\":{\"@id\":\"https:\\\/\\\/ferabrajan.com\\\/portal\\\/#organization\"},\"potentialAction\":[{\"@type\":\"SearchAction\",\"target\":{\"@type\":\"EntryPoint\",\"urlTemplate\":\"https:\\\/\\\/ferabrajan.com\\\/portal\\\/?s={search_term_string}\"},\"query-input\":{\"@type\":\"PropertyValueSpecification\",\"valueRequired\":true,\"valueName\":\"search_term_string\"}}],\"inLanguage\":\"es\"},{\"@type\":\"Organization\",\"@id\":\"https:\\\/\\\/ferabrajan.com\\\/portal\\\/#organization\",\"name\":\"Fer Abrajan\",\"url\":\"https:\\\/\\\/ferabrajan.com\\\/portal\\\/\",\"logo\":{\"@type\":\"ImageObject\",\"inLanguage\":\"es\",\"@id\":\"https:\\\/\\\/ferabrajan.com\\\/portal\\\/#\\\/schema\\\/logo\\\/image\\\/\",\"url\":\"https:\\\/\\\/ferabrajan.com\\\/portal\\\/wp-content\\\/uploads\\\/2024\\\/10\\\/cropped-logo.jpeg\",\"contentUrl\":\"https:\\\/\\\/ferabrajan.com\\\/portal\\\/wp-content\\\/uploads\\\/2024\\\/10\\\/cropped-logo.jpeg\",\"width\":500,\"height\":250,\"caption\":\"Fer Abrajan\"},\"image\":{\"@id\":\"https:\\\/\\\/ferabrajan.com\\\/portal\\\/#\\\/schema\\\/logo\\\/image\\\/\"},\"sameAs\":[\"https:\\\/\\\/www.facebook.com\\\/NoticiasconFerAbrajan\\\/\",\"https:\\\/\\\/x.com\\\/ferabrajan1\"]},{\"@type\":\"Person\",\"@id\":\"https:\\\/\\\/ferabrajan.com\\\/portal\\\/#\\\/schema\\\/person\\\/f6113b3cb1e036d5c6a9505685b257ba\",\"name\":\"admin\",\"image\":{\"@type\":\"ImageObject\",\"inLanguage\":\"es\",\"@id\":\"https:\\\/\\\/secure.gravatar.com\\\/avatar\\\/072baa72775aad53c748dfc5d3048578e01b6c087eef335459ebfa04344e2d18?s=96&d=mm&r=g\",\"url\":\"https:\\\/\\\/secure.gravatar.com\\\/avatar\\\/072baa72775aad53c748dfc5d3048578e01b6c087eef335459ebfa04344e2d18?s=96&d=mm&r=g\",\"contentUrl\":\"https:\\\/\\\/secure.gravatar.com\\\/avatar\\\/072baa72775aad53c748dfc5d3048578e01b6c087eef335459ebfa04344e2d18?s=96&d=mm&r=g\",\"caption\":\"admin\"},\"sameAs\":[\"https:\\\/\\\/ferabrajan.com\\\/portal\"],\"url\":\"https:\\\/\\\/ferabrajan.com\\\/portal\\\/author\\\/admin\\\/\"}]}<\/script>\n<!-- \/ Yoast SEO plugin. -->","yoast_head_json":{"title":"Miguel Herrera: Toluca vino a no perder - Fer Abrajan","robots":{"index":"index","follow":"follow","max-snippet":"max-snippet:-1","max-image-preview":"max-image-preview:large","max-video-preview":"max-video-preview:-1"},"canonical":"https:\/\/ferabrajan.com\/portal\/2020\/09\/13\/miguel-herrera-toluca-vino-a-no-perder\/","og_locale":"es_ES","og_type":"article","og_title":"Miguel Herrera: Toluca vino a no perder - Fer Abrajan","og_description":"\u201cToluca vino a no perder y le sali\u00f3\u201d. As\u00ed analiz\u00f3 Miguel Herrera, t\u00e9cnico del Am\u00e9rica, el empate ante el Toluca, que no lo deja contento por varias razones. \u201cEllos vinieron a no perder, y nosotros seguiremos trabajando la pelota parada al m\u00e1ximo. Cuando mejor manej\u00e1bamos la pelota, pues ellos se encuentran con el &nbsp;gol y se defendieron bastante bien\u201d. No encuentra como resolver esto, \u201csino seguir trabajando y que hagamos mejor el papel en los balones en contra\u201d. LEER M\u00c1S:&nbsp;Federico Vi\u00f1as y Roger Mart\u00ednez, otras v\u00edctimas de la cancha del Estadio Azteca No culpa a ninguna l\u00ednea en lo particular: \u201cNo es que la defensa del equipo se distraiga\u2026 Nos est\u00e1n haciendo da\u00f1o, pero son circunstancias que debemos de seguir. No pasa por la defensa nada m\u00e1s\u201d. Ma\u00f1ana ser\u00e1 un d\u00eda importante para saber c\u00f3mo encarar\u00e1 el Cl\u00e1sico, ya que varios jugadores salieron lesionados: \u201cVi\u00f1as sale con un dolor, se ator\u00f3 con el pasto. Roger se dobl\u00f3 el tobillo. Hay mala suerte. Uno se atora, otro lo pisan\u2026 Veremos qu\u00e9 pasa ma\u00f1ana cuando les hagan revisi\u00f3n\u201d. [embedded content] Publicaci\u00f3n Original: https:\/\/www.eluniversal.com.mx\/universal-deportes\/futbol\/miguel-herrera-toluca-vino-no-perder","og_url":"https:\/\/ferabrajan.com\/portal\/2020\/09\/13\/miguel-herrera-toluca-vino-a-no-perder\/","og_site_name":"Fer Abrajan","article_publisher":"https:\/\/www.facebook.com\/NoticiasconFerAbrajan\/","article_published_time":"2020-09-13T23:42:00+00:00","author":"admin","twitter_card":"summary_large_image","twitter_creator":"@ferabrajan1","twitter_site":"@ferabrajan1","twitter_misc":{"Escrito por":"admin","Tiempo de lectura":"1 minuto"},"schema":{"@context":"https:\/\/schema.org","@graph":[{"@type":"Article","@id":"https:\/\/ferabrajan.com\/portal\/2020\/09\/13\/miguel-herrera-toluca-vino-a-no-perder\/#article","isPartOf":{"@id":"https:\/\/ferabrajan.com\/portal\/2020\/09\/13\/miguel-herrera-toluca-vino-a-no-perder\/"},"author":{"name":"admin","@id":"https:\/\/ferabrajan.com\/portal\/#\/schema\/person\/f6113b3cb1e036d5c6a9505685b257ba"},"headline":"Miguel Herrera: Toluca vino a no perder","datePublished":"2020-09-13T23:42:00+00:00","mainEntityOfPage":{"@id":"https:\/\/ferabrajan.com\/portal\/2020\/09\/13\/miguel-herrera-toluca-vino-a-no-perder\/"},"wordCount":218,"commentCount":0,"publisher":{"@id":"https:\/\/ferabrajan.com\/portal\/#organization"},"image":{"@id":"https:\/\/ferabrajan.com\/portal\/2020\/09\/13\/miguel-herrera-toluca-vino-a-no-perder\/#primaryimage"},"thumbnailUrl":"","articleSection":["El Mundo"],"inLanguage":"es"},{"@type":"WebPage","@id":"https:\/\/ferabrajan.com\/portal\/2020\/09\/13\/miguel-herrera-toluca-vino-a-no-perder\/","url":"https:\/\/ferabrajan.com\/portal\/2020\/09\/13\/miguel-herrera-toluca-vino-a-no-perder\/","name":"Miguel Herrera: Toluca vino a no perder - Fer Abrajan","isPartOf":{"@id":"https:\/\/ferabrajan.com\/portal\/#website"},"primaryImageOfPage":{"@id":"https:\/\/ferabrajan.com\/portal\/2020\/09\/13\/miguel-herrera-toluca-vino-a-no-perder\/#primaryimage"},"image":{"@id":"https:\/\/ferabrajan.com\/portal\/2020\/09\/13\/miguel-herrera-toluca-vino-a-no-perder\/#primaryimage"},"thumbnailUrl":"","datePublished":"2020-09-13T23:42:00+00:00","breadcrumb":{"@id":"https:\/\/ferabrajan.com\/portal\/2020\/09\/13\/miguel-herrera-toluca-vino-a-no-perder\/#breadcrumb"},"inLanguage":"es","potentialAction":[{"@type":"ReadAction","target":["https:\/\/ferabrajan.com\/portal\/2020\/09\/13\/miguel-herrera-toluca-vino-a-no-perder\/"]}]},{"@type":"ImageObject","inLanguage":"es","@id":"https:\/\/ferabrajan.com\/portal\/2020\/09\/13\/miguel-herrera-toluca-vino-a-no-perder\/#primaryimage","url":"","contentUrl":""},{"@type":"BreadcrumbList","@id":"https:\/\/ferabrajan.com\/portal\/2020\/09\/13\/miguel-herrera-toluca-vino-a-no-perder\/#breadcrumb","itemListElement":[{"@type":"ListItem","position":1,"name":"Portada","item":"https:\/\/ferabrajan.com\/portal\/"},{"@type":"ListItem","position":2,"name":"Miguel Herrera: Toluca vino a no perder"}]},{"@type":"WebSite","@id":"https:\/\/ferabrajan.com\/portal\/#website","url":"https:\/\/ferabrajan.com\/portal\/","name":"Fer Abrajan","description":"Noticias de Puebla, opini\u00f3n y radio en vivo","publisher":{"@id":"https:\/\/ferabrajan.com\/portal\/#organization"},"potentialAction":[{"@type":"SearchAction","target":{"@type":"EntryPoint","urlTemplate":"https:\/\/ferabrajan.com\/portal\/?s={search_term_string}"},"query-input":{"@type":"PropertyValueSpecification","valueRequired":true,"valueName":"search_term_string"}}],"inLanguage":"es"},{"@type":"Organization","@id":"https:\/\/ferabrajan.com\/portal\/#organization","name":"Fer Abrajan","url":"https:\/\/ferabrajan.com\/portal\/","logo":{"@type":"ImageObject","inLanguage":"es","@id":"https:\/\/ferabrajan.com\/portal\/#\/schema\/logo\/image\/","url":"https:\/\/ferabrajan.com\/portal\/wp-content\/uploads\/2024\/10\/cropped-logo.jpeg","contentUrl":"https:\/\/ferabrajan.com\/portal\/wp-content\/uploads\/2024\/10\/cropped-logo.jpeg","width":500,"height":250,"caption":"Fer Abrajan"},"image":{"@id":"https:\/\/ferabrajan.com\/portal\/#\/schema\/logo\/image\/"},"sameAs":["https:\/\/www.facebook.com\/NoticiasconFerAbrajan\/","https:\/\/x.com\/ferabrajan1"]},{"@type":"Person","@id":"https:\/\/ferabrajan.com\/portal\/#\/schema\/person\/f6113b3cb1e036d5c6a9505685b257ba","name":"admin","image":{"@type":"ImageObject","inLanguage":"es","@id":"https:\/\/secure.gravatar.com\/avatar\/072baa72775aad53c748dfc5d3048578e01b6c087eef335459ebfa04344e2d18?s=96&d=mm&r=g","url":"https:\/\/secure.gravatar.com\/avatar\/072baa72775aad53c748dfc5d3048578e01b6c087eef335459ebfa04344e2d18?s=96&d=mm&r=g","contentUrl":"https:\/\/secure.gravatar.com\/avatar\/072baa72775aad53c748dfc5d3048578e01b6c087eef335459ebfa04344e2d18?s=96&d=mm&r=g","caption":"admin"},"sameAs":["https:\/\/ferabrajan.com\/portal"],"url":"https:\/\/ferabrajan.com\/portal\/author\/admin\/"}]}},"_links":{"self":[{"href":"https:\/\/ferabrajan.com\/portal\/wp-json\/wp\/v2\/posts\/18697","targetHints":{"allow":["GET"]}}],"collection":[{"href":"https:\/\/ferabrajan.com\/portal\/wp-json\/wp\/v2\/posts"}],"about":[{"href":"https:\/\/ferabrajan.com\/portal\/wp-json\/wp\/v2\/types\/post"}],"author":[{"embeddable":true,"href":"https:\/\/ferabrajan.com\/portal\/wp-json\/wp\/v2\/users\/1"}],"replies":[{"embeddable":true,"href":"https:\/\/ferabrajan.com\/portal\/wp-json\/wp\/v2\/comments?post=18697"}],"version-history":[{"count":0,"href":"https:\/\/ferabrajan.com\/portal\/wp-json\/wp\/v2\/posts\/18697\/revisions"}],"wp:attachment":[{"href":"https:\/\/ferabrajan.com\/portal\/wp-json\/wp\/v2\/media?parent=18697"}],"wp:term":[{"taxonomy":"category","embeddable":true,"href":"https:\/\/ferabrajan.com\/portal\/wp-json\/wp\/v2\/categories?post=18697"},{"taxonomy":"post_tag","embeddable":true,"href":"https:\/\/ferabrajan.com\/portal\/wp-json\/wp\/v2\/tags?post=18697"}],"curies":[{"name":"wp","href":"https:\/\/api.w.org\/{rel}","templated":true}]}}