{"id":18695,"date":"2020-09-13T23:45:00","date_gmt":"2020-09-13T23:45:00","guid":{"rendered":"http:\/\/www.ferabrajan.com\/?p=18695"},"modified":"2020-09-13T23:45:00","modified_gmt":"2020-09-13T23:45:00","slug":"federico-vinas-y-roger-martinez-otras-victimas-de-la-cancha-del-estadio-azteca","status":"publish","type":"post","link":"https:\/\/ferabrajan.com\/portal\/2020\/09\/13\/federico-vinas-y-roger-martinez-otras-victimas-de-la-cancha-del-estadio-azteca\/","title":{"rendered":"Federico Vi\u00f1as y Roger Mart\u00ednez, otras v\u00edctimas de la cancha del Estadio Azteca"},"content":{"rendered":"<div><img decoding=\"async\" src=\"https:\/\/www.eluniversal.com.mx\/sites\/default\/files\/2020\/09\/12\/roger-america-vinas.jpg\" class=\"ff-og-image-inserted\"><\/div>\n<p>Despu\u00e9s de lo visto el mi\u00e9rcoles, cuando Jorge Hern\u00e1ndez se lesion\u00f3 solo sobre el c\u00e9sped del <strong>Estadio Azteca<\/strong>, ahora fueron Federico Vi\u00f1as y Roger Mart\u00ednez las \u00faltimas v\u00edctimas de la superficie del Coloso de Santa \u00darsula.<\/p>\n<p>\u201cUno se ator\u00f3 con el pasto y el otro tambi\u00e9n, lo pisan y se le dobla el tobillo, son temas desafortunadas\u201d, dijo Miguel Herrera, timonel del Am\u00e9rica, tras el empate 1-1 con Toluca.<\/p>\n<p>Lo de <strong>Vi\u00f1as<\/strong> fue \u201cuna peque\u00f1a distensi\u00f3n del ligamento lateral. Al momento de atorarse con el pasto, le doli\u00f3 la parte de adentro de la rodilla, misma que no tiene nada pero ma\u00f1ana se le har\u00e1 un estudio\u201d, coment\u00f3 el timonel.<\/p>\n<p><strong>PUEDES LEER:&nbsp;<\/strong><a href=\"https:\/\/www.eluniversal.com.mx\/opinion\/gerardo-velazquez-de-leon\/la-nfl-acabo-con-el-estadio-azteca\"><span>La NFL acab\u00f3 con el Estadio Azteca<\/span><\/a><\/p>\n<p>Mientras que Roger \u201cdebemos de esperar. Se le dobl\u00f3 completamente el tobillo, entonces vamos a esperar c\u00f3mo se encuentra\u201d.<\/p>\n<p><a href=\"https:\/\/www.eluniversal.com.mx\/universal-deportes\/futbol\/liga-mx-pesima-cancha-del-estadio-azteca-atormenta-los-jugadores\"><span>EL UNIVERSAL Deportes public\u00f3 el viernes<\/span><\/a> sobre algunas inquietudes que provocaba el c\u00e9sped del Estadio Azteca y que dentro de Coapa y en Toluca estaban muy al pendiente del estado de la cancha. Durante la mayor parte del partido de este s\u00e1bado llovi\u00f3, situaci\u00f3n que perjudic\u00f3 todav\u00eda m\u00e1s.<\/p>\n<p>Para la administraci\u00f3n del Coloso de Santa \u00darsula, el pasto \u201cest\u00e1 en buen estado, a pesar de su alto uso de las \u00faltimas semanas\u201d.<\/p>\n<p>El mi\u00e9rcoles, una lesi\u00f3n afect\u00f3 al &#8216;<strong>Burrito&#8217; Hern\u00e1ndez,<\/strong> mientras que ahora se prenden las veladoras para que los atacantes del Am\u00e9rica no sufran lesiones fuertes por culpa de la cancha.<\/p>\n<p>[embedded content] Publicaci\u00f3n Original: <a href=\"https:\/\/www.eluniversal.com.mx\/universal-deportes\/futbol\/vinas-y-roger-otras-victimas-de-la-cancha-del-estadio-azteca\" target=\"_blank\" rel=\"noopener noreferrer\">https:\/\/www.eluniversal.com.mx\/universal-deportes\/futbol\/vinas-y-roger-otras-victimas-de-la-cancha-del-estadio-azteca<\/a><\/p>\n","protected":false},"excerpt":{"rendered":"<p>Despu\u00e9s de lo visto el mi\u00e9rcoles, cuando Jorge Hern\u00e1ndez se lesion\u00f3 solo sobre el c\u00e9sped del Estadio Azteca, ahora fueron Federico Vi\u00f1as y Roger Mart\u00ednez las \u00faltimas v\u00edctimas de la superficie del Coloso de Santa \u00darsula. \u201cUno se ator\u00f3 con el pasto y el otro tambi\u00e9n, lo pisan y se le dobla el tobillo, son temas desafortunadas\u201d, dijo Miguel Herrera, timonel del Am\u00e9rica, tras el empate 1-1 con Toluca. Lo de Vi\u00f1as fue \u201cuna peque\u00f1a distensi\u00f3n del ligamento lateral. Al momento de atorarse con el pasto, le doli\u00f3 la parte de adentro de la rodilla, misma que no tiene nada pero ma\u00f1ana se le har\u00e1 un estudio\u201d, coment\u00f3 el timonel. PUEDES LEER:&nbsp;La NFL acab\u00f3 con el Estadio Azteca Mientras que Roger \u201cdebemos de esperar. Se le dobl\u00f3 completamente el tobillo, entonces vamos a esperar c\u00f3mo se encuentra\u201d. EL UNIVERSAL Deportes public\u00f3 el viernes sobre algunas inquietudes que provocaba el c\u00e9sped del Estadio Azteca y que dentro de Coapa y en Toluca estaban muy al pendiente del estado de la cancha. Durante la mayor parte del partido de este s\u00e1bado llovi\u00f3, situaci\u00f3n que perjudic\u00f3 todav\u00eda m\u00e1s. Para la administraci\u00f3n del Coloso de Santa \u00darsula, el pasto \u201cest\u00e1 en buen estado, a pesar de su alto uso de las \u00faltimas semanas\u201d. El mi\u00e9rcoles, una lesi\u00f3n afect\u00f3 al &#8216;Burrito&#8217; Hern\u00e1ndez, mientras que ahora se prenden las veladoras para que los atacantes del Am\u00e9rica no sufran lesiones fuertes por culpa de la cancha. [embedded content] Publicaci\u00f3n Original: https:\/\/www.eluniversal.com.mx\/universal-deportes\/futbol\/vinas-y-roger-otras-victimas-de-la-cancha-del-estadio-azteca<\/p>\n","protected":false},"author":1,"featured_media":18696,"comment_status":"open","ping_status":"closed","sticky":false,"template":"","format":"standard","meta":{"_monsterinsights_skip_tracking":false,"_uf_show_specific_survey":0,"_uf_disable_surveys":false,"footnotes":""},"categories":[36],"tags":[],"class_list":["post-18695","post","type-post","status-publish","format-standard","has-post-thumbnail","hentry","category-el-mundo"],"yoast_head":"<!-- This site is optimized with the Yoast SEO plugin v27.5 - https:\/\/yoast.com\/product\/yoast-seo-wordpress\/ -->\n<title>Federico Vi\u00f1as y Roger Mart\u00ednez, otras v\u00edctimas de la cancha del Estadio Azteca - Fer Abrajan<\/title>\n<meta name=\"robots\" content=\"index, follow, max-snippet:-1, max-image-preview:large, max-video-preview:-1\" \/>\n<link rel=\"canonical\" href=\"https:\/\/ferabrajan.com\/portal\/2020\/09\/13\/federico-vinas-y-roger-martinez-otras-victimas-de-la-cancha-del-estadio-azteca\/\" \/>\n<meta property=\"og:locale\" content=\"es_ES\" \/>\n<meta property=\"og:type\" content=\"article\" \/>\n<meta property=\"og:title\" content=\"Federico Vi\u00f1as y Roger Mart\u00ednez, otras v\u00edctimas de la cancha del Estadio Azteca - Fer Abrajan\" \/>\n<meta property=\"og:description\" content=\"Despu\u00e9s de lo visto el mi\u00e9rcoles, cuando Jorge Hern\u00e1ndez se lesion\u00f3 solo sobre el c\u00e9sped del Estadio Azteca, ahora fueron Federico Vi\u00f1as y Roger Mart\u00ednez las \u00faltimas v\u00edctimas de la superficie del Coloso de Santa \u00darsula. \u201cUno se ator\u00f3 con el pasto y el otro tambi\u00e9n, lo pisan y se le dobla el tobillo, son temas desafortunadas\u201d, dijo Miguel Herrera, timonel del Am\u00e9rica, tras el empate 1-1 con Toluca. Lo de Vi\u00f1as fue \u201cuna peque\u00f1a distensi\u00f3n del ligamento lateral. Al momento de atorarse con el pasto, le doli\u00f3 la parte de adentro de la rodilla, misma que no tiene nada pero ma\u00f1ana se le har\u00e1 un estudio\u201d, coment\u00f3 el timonel. PUEDES LEER:&nbsp;La NFL acab\u00f3 con el Estadio Azteca Mientras que Roger \u201cdebemos de esperar. Se le dobl\u00f3 completamente el tobillo, entonces vamos a esperar c\u00f3mo se encuentra\u201d. EL UNIVERSAL Deportes public\u00f3 el viernes sobre algunas inquietudes que provocaba el c\u00e9sped del Estadio Azteca y que dentro de Coapa y en Toluca estaban muy al pendiente del estado de la cancha. Durante la mayor parte del partido de este s\u00e1bado llovi\u00f3, situaci\u00f3n que perjudic\u00f3 todav\u00eda m\u00e1s. Para la administraci\u00f3n del Coloso de Santa \u00darsula, el pasto \u201cest\u00e1 en buen estado, a pesar de su alto uso de las \u00faltimas semanas\u201d. El mi\u00e9rcoles, una lesi\u00f3n afect\u00f3 al &#8216;Burrito&#8217; Hern\u00e1ndez, mientras que ahora se prenden las veladoras para que los atacantes del Am\u00e9rica no sufran lesiones fuertes por culpa de la cancha. [embedded content] Publicaci\u00f3n Original: https:\/\/www.eluniversal.com.mx\/universal-deportes\/futbol\/vinas-y-roger-otras-victimas-de-la-cancha-del-estadio-azteca\" \/>\n<meta property=\"og:url\" content=\"https:\/\/ferabrajan.com\/portal\/2020\/09\/13\/federico-vinas-y-roger-martinez-otras-victimas-de-la-cancha-del-estadio-azteca\/\" \/>\n<meta property=\"og:site_name\" content=\"Fer Abrajan\" \/>\n<meta property=\"article:publisher\" content=\"https:\/\/www.facebook.com\/NoticiasconFerAbrajan\/\" \/>\n<meta property=\"article:published_time\" content=\"2020-09-13T23:45:00+00:00\" \/>\n<meta name=\"author\" content=\"admin\" \/>\n<meta name=\"twitter:card\" content=\"summary_large_image\" \/>\n<meta name=\"twitter:creator\" content=\"@ferabrajan1\" \/>\n<meta name=\"twitter:site\" content=\"@ferabrajan1\" \/>\n<meta name=\"twitter:label1\" content=\"Escrito por\" \/>\n\t<meta name=\"twitter:data1\" content=\"admin\" \/>\n\t<meta name=\"twitter:label2\" content=\"Tiempo de lectura\" \/>\n\t<meta name=\"twitter:data2\" content=\"1 minuto\" \/>\n<script type=\"application\/ld+json\" class=\"yoast-schema-graph\">{\"@context\":\"https:\\\/\\\/schema.org\",\"@graph\":[{\"@type\":\"Article\",\"@id\":\"https:\\\/\\\/ferabrajan.com\\\/portal\\\/2020\\\/09\\\/13\\\/federico-vinas-y-roger-martinez-otras-victimas-de-la-cancha-del-estadio-azteca\\\/#article\",\"isPartOf\":{\"@id\":\"https:\\\/\\\/ferabrajan.com\\\/portal\\\/2020\\\/09\\\/13\\\/federico-vinas-y-roger-martinez-otras-victimas-de-la-cancha-del-estadio-azteca\\\/\"},\"author\":{\"name\":\"admin\",\"@id\":\"https:\\\/\\\/ferabrajan.com\\\/portal\\\/#\\\/schema\\\/person\\\/f6113b3cb1e036d5c6a9505685b257ba\"},\"headline\":\"Federico Vi\u00f1as y Roger Mart\u00ednez, otras v\u00edctimas de la cancha del Estadio Azteca\",\"datePublished\":\"2020-09-13T23:45:00+00:00\",\"mainEntityOfPage\":{\"@id\":\"https:\\\/\\\/ferabrajan.com\\\/portal\\\/2020\\\/09\\\/13\\\/federico-vinas-y-roger-martinez-otras-victimas-de-la-cancha-del-estadio-azteca\\\/\"},\"wordCount\":294,\"commentCount\":0,\"publisher\":{\"@id\":\"https:\\\/\\\/ferabrajan.com\\\/portal\\\/#organization\"},\"image\":{\"@id\":\"https:\\\/\\\/ferabrajan.com\\\/portal\\\/2020\\\/09\\\/13\\\/federico-vinas-y-roger-martinez-otras-victimas-de-la-cancha-del-estadio-azteca\\\/#primaryimage\"},\"thumbnailUrl\":\"\",\"articleSection\":[\"El Mundo\"],\"inLanguage\":\"es\"},{\"@type\":\"WebPage\",\"@id\":\"https:\\\/\\\/ferabrajan.com\\\/portal\\\/2020\\\/09\\\/13\\\/federico-vinas-y-roger-martinez-otras-victimas-de-la-cancha-del-estadio-azteca\\\/\",\"url\":\"https:\\\/\\\/ferabrajan.com\\\/portal\\\/2020\\\/09\\\/13\\\/federico-vinas-y-roger-martinez-otras-victimas-de-la-cancha-del-estadio-azteca\\\/\",\"name\":\"Federico Vi\u00f1as y Roger Mart\u00ednez, otras v\u00edctimas de la cancha del Estadio Azteca - Fer Abrajan\",\"isPartOf\":{\"@id\":\"https:\\\/\\\/ferabrajan.com\\\/portal\\\/#website\"},\"primaryImageOfPage\":{\"@id\":\"https:\\\/\\\/ferabrajan.com\\\/portal\\\/2020\\\/09\\\/13\\\/federico-vinas-y-roger-martinez-otras-victimas-de-la-cancha-del-estadio-azteca\\\/#primaryimage\"},\"image\":{\"@id\":\"https:\\\/\\\/ferabrajan.com\\\/portal\\\/2020\\\/09\\\/13\\\/federico-vinas-y-roger-martinez-otras-victimas-de-la-cancha-del-estadio-azteca\\\/#primaryimage\"},\"thumbnailUrl\":\"\",\"datePublished\":\"2020-09-13T23:45:00+00:00\",\"breadcrumb\":{\"@id\":\"https:\\\/\\\/ferabrajan.com\\\/portal\\\/2020\\\/09\\\/13\\\/federico-vinas-y-roger-martinez-otras-victimas-de-la-cancha-del-estadio-azteca\\\/#breadcrumb\"},\"inLanguage\":\"es\",\"potentialAction\":[{\"@type\":\"ReadAction\",\"target\":[\"https:\\\/\\\/ferabrajan.com\\\/portal\\\/2020\\\/09\\\/13\\\/federico-vinas-y-roger-martinez-otras-victimas-de-la-cancha-del-estadio-azteca\\\/\"]}]},{\"@type\":\"ImageObject\",\"inLanguage\":\"es\",\"@id\":\"https:\\\/\\\/ferabrajan.com\\\/portal\\\/2020\\\/09\\\/13\\\/federico-vinas-y-roger-martinez-otras-victimas-de-la-cancha-del-estadio-azteca\\\/#primaryimage\",\"url\":\"\",\"contentUrl\":\"\"},{\"@type\":\"BreadcrumbList\",\"@id\":\"https:\\\/\\\/ferabrajan.com\\\/portal\\\/2020\\\/09\\\/13\\\/federico-vinas-y-roger-martinez-otras-victimas-de-la-cancha-del-estadio-azteca\\\/#breadcrumb\",\"itemListElement\":[{\"@type\":\"ListItem\",\"position\":1,\"name\":\"Portada\",\"item\":\"https:\\\/\\\/ferabrajan.com\\\/portal\\\/\"},{\"@type\":\"ListItem\",\"position\":2,\"name\":\"Federico Vi\u00f1as y Roger Mart\u00ednez, otras v\u00edctimas de la cancha del Estadio Azteca\"}]},{\"@type\":\"WebSite\",\"@id\":\"https:\\\/\\\/ferabrajan.com\\\/portal\\\/#website\",\"url\":\"https:\\\/\\\/ferabrajan.com\\\/portal\\\/\",\"name\":\"Fer Abrajan\",\"description\":\"Noticias de Puebla, opini\u00f3n y radio en vivo\",\"publisher\":{\"@id\":\"https:\\\/\\\/ferabrajan.com\\\/portal\\\/#organization\"},\"potentialAction\":[{\"@type\":\"SearchAction\",\"target\":{\"@type\":\"EntryPoint\",\"urlTemplate\":\"https:\\\/\\\/ferabrajan.com\\\/portal\\\/?s={search_term_string}\"},\"query-input\":{\"@type\":\"PropertyValueSpecification\",\"valueRequired\":true,\"valueName\":\"search_term_string\"}}],\"inLanguage\":\"es\"},{\"@type\":\"Organization\",\"@id\":\"https:\\\/\\\/ferabrajan.com\\\/portal\\\/#organization\",\"name\":\"Fer Abrajan\",\"url\":\"https:\\\/\\\/ferabrajan.com\\\/portal\\\/\",\"logo\":{\"@type\":\"ImageObject\",\"inLanguage\":\"es\",\"@id\":\"https:\\\/\\\/ferabrajan.com\\\/portal\\\/#\\\/schema\\\/logo\\\/image\\\/\",\"url\":\"https:\\\/\\\/ferabrajan.com\\\/portal\\\/wp-content\\\/uploads\\\/2024\\\/10\\\/cropped-logo.jpeg\",\"contentUrl\":\"https:\\\/\\\/ferabrajan.com\\\/portal\\\/wp-content\\\/uploads\\\/2024\\\/10\\\/cropped-logo.jpeg\",\"width\":500,\"height\":250,\"caption\":\"Fer Abrajan\"},\"image\":{\"@id\":\"https:\\\/\\\/ferabrajan.com\\\/portal\\\/#\\\/schema\\\/logo\\\/image\\\/\"},\"sameAs\":[\"https:\\\/\\\/www.facebook.com\\\/NoticiasconFerAbrajan\\\/\",\"https:\\\/\\\/x.com\\\/ferabrajan1\"]},{\"@type\":\"Person\",\"@id\":\"https:\\\/\\\/ferabrajan.com\\\/portal\\\/#\\\/schema\\\/person\\\/f6113b3cb1e036d5c6a9505685b257ba\",\"name\":\"admin\",\"image\":{\"@type\":\"ImageObject\",\"inLanguage\":\"es\",\"@id\":\"https:\\\/\\\/secure.gravatar.com\\\/avatar\\\/072baa72775aad53c748dfc5d3048578e01b6c087eef335459ebfa04344e2d18?s=96&d=mm&r=g\",\"url\":\"https:\\\/\\\/secure.gravatar.com\\\/avatar\\\/072baa72775aad53c748dfc5d3048578e01b6c087eef335459ebfa04344e2d18?s=96&d=mm&r=g\",\"contentUrl\":\"https:\\\/\\\/secure.gravatar.com\\\/avatar\\\/072baa72775aad53c748dfc5d3048578e01b6c087eef335459ebfa04344e2d18?s=96&d=mm&r=g\",\"caption\":\"admin\"},\"sameAs\":[\"https:\\\/\\\/ferabrajan.com\\\/portal\"],\"url\":\"https:\\\/\\\/ferabrajan.com\\\/portal\\\/author\\\/admin\\\/\"}]}<\/script>\n<!-- \/ Yoast SEO plugin. -->","yoast_head_json":{"title":"Federico Vi\u00f1as y Roger Mart\u00ednez, otras v\u00edctimas de la cancha del Estadio Azteca - Fer Abrajan","robots":{"index":"index","follow":"follow","max-snippet":"max-snippet:-1","max-image-preview":"max-image-preview:large","max-video-preview":"max-video-preview:-1"},"canonical":"https:\/\/ferabrajan.com\/portal\/2020\/09\/13\/federico-vinas-y-roger-martinez-otras-victimas-de-la-cancha-del-estadio-azteca\/","og_locale":"es_ES","og_type":"article","og_title":"Federico Vi\u00f1as y Roger Mart\u00ednez, otras v\u00edctimas de la cancha del Estadio Azteca - Fer Abrajan","og_description":"Despu\u00e9s de lo visto el mi\u00e9rcoles, cuando Jorge Hern\u00e1ndez se lesion\u00f3 solo sobre el c\u00e9sped del Estadio Azteca, ahora fueron Federico Vi\u00f1as y Roger Mart\u00ednez las \u00faltimas v\u00edctimas de la superficie del Coloso de Santa \u00darsula. \u201cUno se ator\u00f3 con el pasto y el otro tambi\u00e9n, lo pisan y se le dobla el tobillo, son temas desafortunadas\u201d, dijo Miguel Herrera, timonel del Am\u00e9rica, tras el empate 1-1 con Toluca. Lo de Vi\u00f1as fue \u201cuna peque\u00f1a distensi\u00f3n del ligamento lateral. Al momento de atorarse con el pasto, le doli\u00f3 la parte de adentro de la rodilla, misma que no tiene nada pero ma\u00f1ana se le har\u00e1 un estudio\u201d, coment\u00f3 el timonel. PUEDES LEER:&nbsp;La NFL acab\u00f3 con el Estadio Azteca Mientras que Roger \u201cdebemos de esperar. Se le dobl\u00f3 completamente el tobillo, entonces vamos a esperar c\u00f3mo se encuentra\u201d. EL UNIVERSAL Deportes public\u00f3 el viernes sobre algunas inquietudes que provocaba el c\u00e9sped del Estadio Azteca y que dentro de Coapa y en Toluca estaban muy al pendiente del estado de la cancha. Durante la mayor parte del partido de este s\u00e1bado llovi\u00f3, situaci\u00f3n que perjudic\u00f3 todav\u00eda m\u00e1s. Para la administraci\u00f3n del Coloso de Santa \u00darsula, el pasto \u201cest\u00e1 en buen estado, a pesar de su alto uso de las \u00faltimas semanas\u201d. El mi\u00e9rcoles, una lesi\u00f3n afect\u00f3 al &#8216;Burrito&#8217; Hern\u00e1ndez, mientras que ahora se prenden las veladoras para que los atacantes del Am\u00e9rica no sufran lesiones fuertes por culpa de la cancha. [embedded content] Publicaci\u00f3n Original: https:\/\/www.eluniversal.com.mx\/universal-deportes\/futbol\/vinas-y-roger-otras-victimas-de-la-cancha-del-estadio-azteca","og_url":"https:\/\/ferabrajan.com\/portal\/2020\/09\/13\/federico-vinas-y-roger-martinez-otras-victimas-de-la-cancha-del-estadio-azteca\/","og_site_name":"Fer Abrajan","article_publisher":"https:\/\/www.facebook.com\/NoticiasconFerAbrajan\/","article_published_time":"2020-09-13T23:45:00+00:00","author":"admin","twitter_card":"summary_large_image","twitter_creator":"@ferabrajan1","twitter_site":"@ferabrajan1","twitter_misc":{"Escrito por":"admin","Tiempo de lectura":"1 minuto"},"schema":{"@context":"https:\/\/schema.org","@graph":[{"@type":"Article","@id":"https:\/\/ferabrajan.com\/portal\/2020\/09\/13\/federico-vinas-y-roger-martinez-otras-victimas-de-la-cancha-del-estadio-azteca\/#article","isPartOf":{"@id":"https:\/\/ferabrajan.com\/portal\/2020\/09\/13\/federico-vinas-y-roger-martinez-otras-victimas-de-la-cancha-del-estadio-azteca\/"},"author":{"name":"admin","@id":"https:\/\/ferabrajan.com\/portal\/#\/schema\/person\/f6113b3cb1e036d5c6a9505685b257ba"},"headline":"Federico Vi\u00f1as y Roger Mart\u00ednez, otras v\u00edctimas de la cancha del Estadio Azteca","datePublished":"2020-09-13T23:45:00+00:00","mainEntityOfPage":{"@id":"https:\/\/ferabrajan.com\/portal\/2020\/09\/13\/federico-vinas-y-roger-martinez-otras-victimas-de-la-cancha-del-estadio-azteca\/"},"wordCount":294,"commentCount":0,"publisher":{"@id":"https:\/\/ferabrajan.com\/portal\/#organization"},"image":{"@id":"https:\/\/ferabrajan.com\/portal\/2020\/09\/13\/federico-vinas-y-roger-martinez-otras-victimas-de-la-cancha-del-estadio-azteca\/#primaryimage"},"thumbnailUrl":"","articleSection":["El Mundo"],"inLanguage":"es"},{"@type":"WebPage","@id":"https:\/\/ferabrajan.com\/portal\/2020\/09\/13\/federico-vinas-y-roger-martinez-otras-victimas-de-la-cancha-del-estadio-azteca\/","url":"https:\/\/ferabrajan.com\/portal\/2020\/09\/13\/federico-vinas-y-roger-martinez-otras-victimas-de-la-cancha-del-estadio-azteca\/","name":"Federico Vi\u00f1as y Roger Mart\u00ednez, otras v\u00edctimas de la cancha del Estadio Azteca - Fer Abrajan","isPartOf":{"@id":"https:\/\/ferabrajan.com\/portal\/#website"},"primaryImageOfPage":{"@id":"https:\/\/ferabrajan.com\/portal\/2020\/09\/13\/federico-vinas-y-roger-martinez-otras-victimas-de-la-cancha-del-estadio-azteca\/#primaryimage"},"image":{"@id":"https:\/\/ferabrajan.com\/portal\/2020\/09\/13\/federico-vinas-y-roger-martinez-otras-victimas-de-la-cancha-del-estadio-azteca\/#primaryimage"},"thumbnailUrl":"","datePublished":"2020-09-13T23:45:00+00:00","breadcrumb":{"@id":"https:\/\/ferabrajan.com\/portal\/2020\/09\/13\/federico-vinas-y-roger-martinez-otras-victimas-de-la-cancha-del-estadio-azteca\/#breadcrumb"},"inLanguage":"es","potentialAction":[{"@type":"ReadAction","target":["https:\/\/ferabrajan.com\/portal\/2020\/09\/13\/federico-vinas-y-roger-martinez-otras-victimas-de-la-cancha-del-estadio-azteca\/"]}]},{"@type":"ImageObject","inLanguage":"es","@id":"https:\/\/ferabrajan.com\/portal\/2020\/09\/13\/federico-vinas-y-roger-martinez-otras-victimas-de-la-cancha-del-estadio-azteca\/#primaryimage","url":"","contentUrl":""},{"@type":"BreadcrumbList","@id":"https:\/\/ferabrajan.com\/portal\/2020\/09\/13\/federico-vinas-y-roger-martinez-otras-victimas-de-la-cancha-del-estadio-azteca\/#breadcrumb","itemListElement":[{"@type":"ListItem","position":1,"name":"Portada","item":"https:\/\/ferabrajan.com\/portal\/"},{"@type":"ListItem","position":2,"name":"Federico Vi\u00f1as y Roger Mart\u00ednez, otras v\u00edctimas de la cancha del Estadio Azteca"}]},{"@type":"WebSite","@id":"https:\/\/ferabrajan.com\/portal\/#website","url":"https:\/\/ferabrajan.com\/portal\/","name":"Fer Abrajan","description":"Noticias de Puebla, opini\u00f3n y radio en vivo","publisher":{"@id":"https:\/\/ferabrajan.com\/portal\/#organization"},"potentialAction":[{"@type":"SearchAction","target":{"@type":"EntryPoint","urlTemplate":"https:\/\/ferabrajan.com\/portal\/?s={search_term_string}"},"query-input":{"@type":"PropertyValueSpecification","valueRequired":true,"valueName":"search_term_string"}}],"inLanguage":"es"},{"@type":"Organization","@id":"https:\/\/ferabrajan.com\/portal\/#organization","name":"Fer Abrajan","url":"https:\/\/ferabrajan.com\/portal\/","logo":{"@type":"ImageObject","inLanguage":"es","@id":"https:\/\/ferabrajan.com\/portal\/#\/schema\/logo\/image\/","url":"https:\/\/ferabrajan.com\/portal\/wp-content\/uploads\/2024\/10\/cropped-logo.jpeg","contentUrl":"https:\/\/ferabrajan.com\/portal\/wp-content\/uploads\/2024\/10\/cropped-logo.jpeg","width":500,"height":250,"caption":"Fer Abrajan"},"image":{"@id":"https:\/\/ferabrajan.com\/portal\/#\/schema\/logo\/image\/"},"sameAs":["https:\/\/www.facebook.com\/NoticiasconFerAbrajan\/","https:\/\/x.com\/ferabrajan1"]},{"@type":"Person","@id":"https:\/\/ferabrajan.com\/portal\/#\/schema\/person\/f6113b3cb1e036d5c6a9505685b257ba","name":"admin","image":{"@type":"ImageObject","inLanguage":"es","@id":"https:\/\/secure.gravatar.com\/avatar\/072baa72775aad53c748dfc5d3048578e01b6c087eef335459ebfa04344e2d18?s=96&d=mm&r=g","url":"https:\/\/secure.gravatar.com\/avatar\/072baa72775aad53c748dfc5d3048578e01b6c087eef335459ebfa04344e2d18?s=96&d=mm&r=g","contentUrl":"https:\/\/secure.gravatar.com\/avatar\/072baa72775aad53c748dfc5d3048578e01b6c087eef335459ebfa04344e2d18?s=96&d=mm&r=g","caption":"admin"},"sameAs":["https:\/\/ferabrajan.com\/portal"],"url":"https:\/\/ferabrajan.com\/portal\/author\/admin\/"}]}},"_links":{"self":[{"href":"https:\/\/ferabrajan.com\/portal\/wp-json\/wp\/v2\/posts\/18695","targetHints":{"allow":["GET"]}}],"collection":[{"href":"https:\/\/ferabrajan.com\/portal\/wp-json\/wp\/v2\/posts"}],"about":[{"href":"https:\/\/ferabrajan.com\/portal\/wp-json\/wp\/v2\/types\/post"}],"author":[{"embeddable":true,"href":"https:\/\/ferabrajan.com\/portal\/wp-json\/wp\/v2\/users\/1"}],"replies":[{"embeddable":true,"href":"https:\/\/ferabrajan.com\/portal\/wp-json\/wp\/v2\/comments?post=18695"}],"version-history":[{"count":0,"href":"https:\/\/ferabrajan.com\/portal\/wp-json\/wp\/v2\/posts\/18695\/revisions"}],"wp:attachment":[{"href":"https:\/\/ferabrajan.com\/portal\/wp-json\/wp\/v2\/media?parent=18695"}],"wp:term":[{"taxonomy":"category","embeddable":true,"href":"https:\/\/ferabrajan.com\/portal\/wp-json\/wp\/v2\/categories?post=18695"},{"taxonomy":"post_tag","embeddable":true,"href":"https:\/\/ferabrajan.com\/portal\/wp-json\/wp\/v2\/tags?post=18695"}],"curies":[{"name":"wp","href":"https:\/\/api.w.org\/{rel}","templated":true}]}}