{"id":18693,"date":"2020-09-13T23:49:00","date_gmt":"2020-09-13T23:49:00","guid":{"rendered":"http:\/\/www.ferabrajan.com\/?p=18693"},"modified":"2020-09-13T23:49:00","modified_gmt":"2020-09-13T23:49:00","slug":"chepo-no-se-jugaba-el-puesto","status":"publish","type":"post","link":"https:\/\/ferabrajan.com\/portal\/2020\/09\/13\/chepo-no-se-jugaba-el-puesto\/","title":{"rendered":"Chepo no se jugaba el puesto"},"content":{"rendered":"<div><img decoding=\"async\" src=\"https:\/\/www.eluniversal.com.mx\/sites\/default\/files\/2020\/09\/12\/chepo_de_la_torre_imago7.jpg\" class=\"ff-og-image-inserted\"><\/div>\n<p>A pesar de los malos resultados que viene arrastrando el Toluca, el t\u00e9cnico Jos\u00e9 Manuel de Torre, asegur\u00f3 que su puesto no corr\u00eda peligro si es que perd\u00eda contra el Am\u00e9rica.<\/p>\n<p>\u201cEl equipo de alguna u otra manera ha sacado puntos, si nos afectaron los \u00faltimos resultados, pero deb\u00edamos tener mayor consistencia, esos dos resultados fuera de casa fueron malos, pero estamos en la pelea\u2026 Nos costaron partidos algunas desatenciones, por un peque\u00f1o error se complica y, se mete presi\u00f3n, pero Toluca siempre quiere tener resultados buenos. As\u00ed es el futbol pudimos, hoy pudimos ganarlo al final, hicimos un buen juego\u201d.<\/p>\n<p>Echa de lado el que la reuni\u00f3n que hubo en la semana entre porristas y futbolistas, haya sacado el extra: \u201cNo mezclen una cosa con la otra. Tuvimos convivencia, hubo inquietudes de un lado y otro, pero lo que pasa en la cancha corresponde a los jugadores, eso se hace ac\u00e1\u201d.<br \/>&nbsp;<\/p>\n<p>Publicaci\u00f3n Original: <a href=\"https:\/\/www.eluniversal.com.mx\/universal-deportes\/futbol\/chepo-no-se-jugaba-el-puesto\" target=\"_blank\" rel=\"noopener noreferrer\">https:\/\/www.eluniversal.com.mx\/universal-deportes\/futbol\/chepo-no-se-jugaba-el-puesto<\/a><\/p>\n","protected":false},"excerpt":{"rendered":"<p>A pesar de los malos resultados que viene arrastrando el Toluca, el t\u00e9cnico Jos\u00e9 Manuel de Torre, asegur\u00f3 que su puesto no corr\u00eda peligro si es que perd\u00eda contra el Am\u00e9rica. \u201cEl equipo de alguna u otra manera ha sacado puntos, si nos afectaron los \u00faltimos resultados, pero deb\u00edamos tener mayor consistencia, esos dos resultados fuera de casa fueron malos, pero estamos en la pelea\u2026 Nos costaron partidos algunas desatenciones, por un peque\u00f1o error se complica y, se mete presi\u00f3n, pero Toluca siempre quiere tener resultados buenos. As\u00ed es el futbol pudimos, hoy pudimos ganarlo al final, hicimos un buen juego\u201d. Echa de lado el que la reuni\u00f3n que hubo en la semana entre porristas y futbolistas, haya sacado el extra: \u201cNo mezclen una cosa con la otra. Tuvimos convivencia, hubo inquietudes de un lado y otro, pero lo que pasa en la cancha corresponde a los jugadores, eso se hace ac\u00e1\u201d.&nbsp; Publicaci\u00f3n Original: https:\/\/www.eluniversal.com.mx\/universal-deportes\/futbol\/chepo-no-se-jugaba-el-puesto<\/p>\n","protected":false},"author":1,"featured_media":18694,"comment_status":"open","ping_status":"closed","sticky":false,"template":"","format":"standard","meta":{"_monsterinsights_skip_tracking":false,"_uf_show_specific_survey":0,"_uf_disable_surveys":false,"footnotes":""},"categories":[36],"tags":[],"class_list":["post-18693","post","type-post","status-publish","format-standard","has-post-thumbnail","hentry","category-el-mundo"],"yoast_head":"<!-- This site is optimized with the Yoast SEO plugin v27.5 - https:\/\/yoast.com\/product\/yoast-seo-wordpress\/ -->\n<title>Chepo no se jugaba el puesto - Fer Abrajan<\/title>\n<meta name=\"robots\" content=\"index, follow, max-snippet:-1, max-image-preview:large, max-video-preview:-1\" \/>\n<link rel=\"canonical\" href=\"https:\/\/ferabrajan.com\/portal\/2020\/09\/13\/chepo-no-se-jugaba-el-puesto\/\" \/>\n<meta property=\"og:locale\" content=\"es_ES\" \/>\n<meta property=\"og:type\" content=\"article\" \/>\n<meta property=\"og:title\" content=\"Chepo no se jugaba el puesto - Fer Abrajan\" \/>\n<meta property=\"og:description\" content=\"A pesar de los malos resultados que viene arrastrando el Toluca, el t\u00e9cnico Jos\u00e9 Manuel de Torre, asegur\u00f3 que su puesto no corr\u00eda peligro si es que perd\u00eda contra el Am\u00e9rica. \u201cEl equipo de alguna u otra manera ha sacado puntos, si nos afectaron los \u00faltimos resultados, pero deb\u00edamos tener mayor consistencia, esos dos resultados fuera de casa fueron malos, pero estamos en la pelea\u2026 Nos costaron partidos algunas desatenciones, por un peque\u00f1o error se complica y, se mete presi\u00f3n, pero Toluca siempre quiere tener resultados buenos. As\u00ed es el futbol pudimos, hoy pudimos ganarlo al final, hicimos un buen juego\u201d. Echa de lado el que la reuni\u00f3n que hubo en la semana entre porristas y futbolistas, haya sacado el extra: \u201cNo mezclen una cosa con la otra. Tuvimos convivencia, hubo inquietudes de un lado y otro, pero lo que pasa en la cancha corresponde a los jugadores, eso se hace ac\u00e1\u201d.&nbsp; Publicaci\u00f3n Original: https:\/\/www.eluniversal.com.mx\/universal-deportes\/futbol\/chepo-no-se-jugaba-el-puesto\" \/>\n<meta property=\"og:url\" content=\"https:\/\/ferabrajan.com\/portal\/2020\/09\/13\/chepo-no-se-jugaba-el-puesto\/\" \/>\n<meta property=\"og:site_name\" content=\"Fer Abrajan\" \/>\n<meta property=\"article:publisher\" content=\"https:\/\/www.facebook.com\/NoticiasconFerAbrajan\/\" \/>\n<meta property=\"article:published_time\" content=\"2020-09-13T23:49:00+00:00\" \/>\n<meta name=\"author\" content=\"admin\" \/>\n<meta name=\"twitter:card\" content=\"summary_large_image\" \/>\n<meta name=\"twitter:creator\" content=\"@ferabrajan1\" \/>\n<meta name=\"twitter:site\" content=\"@ferabrajan1\" \/>\n<meta name=\"twitter:label1\" content=\"Escrito por\" \/>\n\t<meta name=\"twitter:data1\" content=\"admin\" \/>\n\t<meta name=\"twitter:label2\" content=\"Tiempo de lectura\" \/>\n\t<meta name=\"twitter:data2\" content=\"1 minuto\" \/>\n<script type=\"application\/ld+json\" class=\"yoast-schema-graph\">{\"@context\":\"https:\\\/\\\/schema.org\",\"@graph\":[{\"@type\":\"Article\",\"@id\":\"https:\\\/\\\/ferabrajan.com\\\/portal\\\/2020\\\/09\\\/13\\\/chepo-no-se-jugaba-el-puesto\\\/#article\",\"isPartOf\":{\"@id\":\"https:\\\/\\\/ferabrajan.com\\\/portal\\\/2020\\\/09\\\/13\\\/chepo-no-se-jugaba-el-puesto\\\/\"},\"author\":{\"name\":\"admin\",\"@id\":\"https:\\\/\\\/ferabrajan.com\\\/portal\\\/#\\\/schema\\\/person\\\/f6113b3cb1e036d5c6a9505685b257ba\"},\"headline\":\"Chepo no se jugaba el puesto\",\"datePublished\":\"2020-09-13T23:49:00+00:00\",\"mainEntityOfPage\":{\"@id\":\"https:\\\/\\\/ferabrajan.com\\\/portal\\\/2020\\\/09\\\/13\\\/chepo-no-se-jugaba-el-puesto\\\/\"},\"wordCount\":178,\"commentCount\":0,\"publisher\":{\"@id\":\"https:\\\/\\\/ferabrajan.com\\\/portal\\\/#organization\"},\"image\":{\"@id\":\"https:\\\/\\\/ferabrajan.com\\\/portal\\\/2020\\\/09\\\/13\\\/chepo-no-se-jugaba-el-puesto\\\/#primaryimage\"},\"thumbnailUrl\":\"\",\"articleSection\":[\"El Mundo\"],\"inLanguage\":\"es\"},{\"@type\":\"WebPage\",\"@id\":\"https:\\\/\\\/ferabrajan.com\\\/portal\\\/2020\\\/09\\\/13\\\/chepo-no-se-jugaba-el-puesto\\\/\",\"url\":\"https:\\\/\\\/ferabrajan.com\\\/portal\\\/2020\\\/09\\\/13\\\/chepo-no-se-jugaba-el-puesto\\\/\",\"name\":\"Chepo no se jugaba el puesto - Fer Abrajan\",\"isPartOf\":{\"@id\":\"https:\\\/\\\/ferabrajan.com\\\/portal\\\/#website\"},\"primaryImageOfPage\":{\"@id\":\"https:\\\/\\\/ferabrajan.com\\\/portal\\\/2020\\\/09\\\/13\\\/chepo-no-se-jugaba-el-puesto\\\/#primaryimage\"},\"image\":{\"@id\":\"https:\\\/\\\/ferabrajan.com\\\/portal\\\/2020\\\/09\\\/13\\\/chepo-no-se-jugaba-el-puesto\\\/#primaryimage\"},\"thumbnailUrl\":\"\",\"datePublished\":\"2020-09-13T23:49:00+00:00\",\"breadcrumb\":{\"@id\":\"https:\\\/\\\/ferabrajan.com\\\/portal\\\/2020\\\/09\\\/13\\\/chepo-no-se-jugaba-el-puesto\\\/#breadcrumb\"},\"inLanguage\":\"es\",\"potentialAction\":[{\"@type\":\"ReadAction\",\"target\":[\"https:\\\/\\\/ferabrajan.com\\\/portal\\\/2020\\\/09\\\/13\\\/chepo-no-se-jugaba-el-puesto\\\/\"]}]},{\"@type\":\"ImageObject\",\"inLanguage\":\"es\",\"@id\":\"https:\\\/\\\/ferabrajan.com\\\/portal\\\/2020\\\/09\\\/13\\\/chepo-no-se-jugaba-el-puesto\\\/#primaryimage\",\"url\":\"\",\"contentUrl\":\"\"},{\"@type\":\"BreadcrumbList\",\"@id\":\"https:\\\/\\\/ferabrajan.com\\\/portal\\\/2020\\\/09\\\/13\\\/chepo-no-se-jugaba-el-puesto\\\/#breadcrumb\",\"itemListElement\":[{\"@type\":\"ListItem\",\"position\":1,\"name\":\"Portada\",\"item\":\"https:\\\/\\\/ferabrajan.com\\\/portal\\\/\"},{\"@type\":\"ListItem\",\"position\":2,\"name\":\"Chepo no se jugaba el puesto\"}]},{\"@type\":\"WebSite\",\"@id\":\"https:\\\/\\\/ferabrajan.com\\\/portal\\\/#website\",\"url\":\"https:\\\/\\\/ferabrajan.com\\\/portal\\\/\",\"name\":\"Fer Abrajan\",\"description\":\"Noticias de Puebla, opini\u00f3n y radio en vivo\",\"publisher\":{\"@id\":\"https:\\\/\\\/ferabrajan.com\\\/portal\\\/#organization\"},\"potentialAction\":[{\"@type\":\"SearchAction\",\"target\":{\"@type\":\"EntryPoint\",\"urlTemplate\":\"https:\\\/\\\/ferabrajan.com\\\/portal\\\/?s={search_term_string}\"},\"query-input\":{\"@type\":\"PropertyValueSpecification\",\"valueRequired\":true,\"valueName\":\"search_term_string\"}}],\"inLanguage\":\"es\"},{\"@type\":\"Organization\",\"@id\":\"https:\\\/\\\/ferabrajan.com\\\/portal\\\/#organization\",\"name\":\"Fer Abrajan\",\"url\":\"https:\\\/\\\/ferabrajan.com\\\/portal\\\/\",\"logo\":{\"@type\":\"ImageObject\",\"inLanguage\":\"es\",\"@id\":\"https:\\\/\\\/ferabrajan.com\\\/portal\\\/#\\\/schema\\\/logo\\\/image\\\/\",\"url\":\"https:\\\/\\\/ferabrajan.com\\\/portal\\\/wp-content\\\/uploads\\\/2024\\\/10\\\/cropped-logo.jpeg\",\"contentUrl\":\"https:\\\/\\\/ferabrajan.com\\\/portal\\\/wp-content\\\/uploads\\\/2024\\\/10\\\/cropped-logo.jpeg\",\"width\":500,\"height\":250,\"caption\":\"Fer Abrajan\"},\"image\":{\"@id\":\"https:\\\/\\\/ferabrajan.com\\\/portal\\\/#\\\/schema\\\/logo\\\/image\\\/\"},\"sameAs\":[\"https:\\\/\\\/www.facebook.com\\\/NoticiasconFerAbrajan\\\/\",\"https:\\\/\\\/x.com\\\/ferabrajan1\"]},{\"@type\":\"Person\",\"@id\":\"https:\\\/\\\/ferabrajan.com\\\/portal\\\/#\\\/schema\\\/person\\\/f6113b3cb1e036d5c6a9505685b257ba\",\"name\":\"admin\",\"image\":{\"@type\":\"ImageObject\",\"inLanguage\":\"es\",\"@id\":\"https:\\\/\\\/secure.gravatar.com\\\/avatar\\\/072baa72775aad53c748dfc5d3048578e01b6c087eef335459ebfa04344e2d18?s=96&d=mm&r=g\",\"url\":\"https:\\\/\\\/secure.gravatar.com\\\/avatar\\\/072baa72775aad53c748dfc5d3048578e01b6c087eef335459ebfa04344e2d18?s=96&d=mm&r=g\",\"contentUrl\":\"https:\\\/\\\/secure.gravatar.com\\\/avatar\\\/072baa72775aad53c748dfc5d3048578e01b6c087eef335459ebfa04344e2d18?s=96&d=mm&r=g\",\"caption\":\"admin\"},\"sameAs\":[\"https:\\\/\\\/ferabrajan.com\\\/portal\"],\"url\":\"https:\\\/\\\/ferabrajan.com\\\/portal\\\/author\\\/admin\\\/\"}]}<\/script>\n<!-- \/ Yoast SEO plugin. -->","yoast_head_json":{"title":"Chepo no se jugaba el puesto - Fer Abrajan","robots":{"index":"index","follow":"follow","max-snippet":"max-snippet:-1","max-image-preview":"max-image-preview:large","max-video-preview":"max-video-preview:-1"},"canonical":"https:\/\/ferabrajan.com\/portal\/2020\/09\/13\/chepo-no-se-jugaba-el-puesto\/","og_locale":"es_ES","og_type":"article","og_title":"Chepo no se jugaba el puesto - Fer Abrajan","og_description":"A pesar de los malos resultados que viene arrastrando el Toluca, el t\u00e9cnico Jos\u00e9 Manuel de Torre, asegur\u00f3 que su puesto no corr\u00eda peligro si es que perd\u00eda contra el Am\u00e9rica. \u201cEl equipo de alguna u otra manera ha sacado puntos, si nos afectaron los \u00faltimos resultados, pero deb\u00edamos tener mayor consistencia, esos dos resultados fuera de casa fueron malos, pero estamos en la pelea\u2026 Nos costaron partidos algunas desatenciones, por un peque\u00f1o error se complica y, se mete presi\u00f3n, pero Toluca siempre quiere tener resultados buenos. As\u00ed es el futbol pudimos, hoy pudimos ganarlo al final, hicimos un buen juego\u201d. Echa de lado el que la reuni\u00f3n que hubo en la semana entre porristas y futbolistas, haya sacado el extra: \u201cNo mezclen una cosa con la otra. Tuvimos convivencia, hubo inquietudes de un lado y otro, pero lo que pasa en la cancha corresponde a los jugadores, eso se hace ac\u00e1\u201d.&nbsp; Publicaci\u00f3n Original: https:\/\/www.eluniversal.com.mx\/universal-deportes\/futbol\/chepo-no-se-jugaba-el-puesto","og_url":"https:\/\/ferabrajan.com\/portal\/2020\/09\/13\/chepo-no-se-jugaba-el-puesto\/","og_site_name":"Fer Abrajan","article_publisher":"https:\/\/www.facebook.com\/NoticiasconFerAbrajan\/","article_published_time":"2020-09-13T23:49:00+00:00","author":"admin","twitter_card":"summary_large_image","twitter_creator":"@ferabrajan1","twitter_site":"@ferabrajan1","twitter_misc":{"Escrito por":"admin","Tiempo de lectura":"1 minuto"},"schema":{"@context":"https:\/\/schema.org","@graph":[{"@type":"Article","@id":"https:\/\/ferabrajan.com\/portal\/2020\/09\/13\/chepo-no-se-jugaba-el-puesto\/#article","isPartOf":{"@id":"https:\/\/ferabrajan.com\/portal\/2020\/09\/13\/chepo-no-se-jugaba-el-puesto\/"},"author":{"name":"admin","@id":"https:\/\/ferabrajan.com\/portal\/#\/schema\/person\/f6113b3cb1e036d5c6a9505685b257ba"},"headline":"Chepo no se jugaba el puesto","datePublished":"2020-09-13T23:49:00+00:00","mainEntityOfPage":{"@id":"https:\/\/ferabrajan.com\/portal\/2020\/09\/13\/chepo-no-se-jugaba-el-puesto\/"},"wordCount":178,"commentCount":0,"publisher":{"@id":"https:\/\/ferabrajan.com\/portal\/#organization"},"image":{"@id":"https:\/\/ferabrajan.com\/portal\/2020\/09\/13\/chepo-no-se-jugaba-el-puesto\/#primaryimage"},"thumbnailUrl":"","articleSection":["El Mundo"],"inLanguage":"es"},{"@type":"WebPage","@id":"https:\/\/ferabrajan.com\/portal\/2020\/09\/13\/chepo-no-se-jugaba-el-puesto\/","url":"https:\/\/ferabrajan.com\/portal\/2020\/09\/13\/chepo-no-se-jugaba-el-puesto\/","name":"Chepo no se jugaba el puesto - Fer Abrajan","isPartOf":{"@id":"https:\/\/ferabrajan.com\/portal\/#website"},"primaryImageOfPage":{"@id":"https:\/\/ferabrajan.com\/portal\/2020\/09\/13\/chepo-no-se-jugaba-el-puesto\/#primaryimage"},"image":{"@id":"https:\/\/ferabrajan.com\/portal\/2020\/09\/13\/chepo-no-se-jugaba-el-puesto\/#primaryimage"},"thumbnailUrl":"","datePublished":"2020-09-13T23:49:00+00:00","breadcrumb":{"@id":"https:\/\/ferabrajan.com\/portal\/2020\/09\/13\/chepo-no-se-jugaba-el-puesto\/#breadcrumb"},"inLanguage":"es","potentialAction":[{"@type":"ReadAction","target":["https:\/\/ferabrajan.com\/portal\/2020\/09\/13\/chepo-no-se-jugaba-el-puesto\/"]}]},{"@type":"ImageObject","inLanguage":"es","@id":"https:\/\/ferabrajan.com\/portal\/2020\/09\/13\/chepo-no-se-jugaba-el-puesto\/#primaryimage","url":"","contentUrl":""},{"@type":"BreadcrumbList","@id":"https:\/\/ferabrajan.com\/portal\/2020\/09\/13\/chepo-no-se-jugaba-el-puesto\/#breadcrumb","itemListElement":[{"@type":"ListItem","position":1,"name":"Portada","item":"https:\/\/ferabrajan.com\/portal\/"},{"@type":"ListItem","position":2,"name":"Chepo no se jugaba el puesto"}]},{"@type":"WebSite","@id":"https:\/\/ferabrajan.com\/portal\/#website","url":"https:\/\/ferabrajan.com\/portal\/","name":"Fer Abrajan","description":"Noticias de Puebla, opini\u00f3n y radio en vivo","publisher":{"@id":"https:\/\/ferabrajan.com\/portal\/#organization"},"potentialAction":[{"@type":"SearchAction","target":{"@type":"EntryPoint","urlTemplate":"https:\/\/ferabrajan.com\/portal\/?s={search_term_string}"},"query-input":{"@type":"PropertyValueSpecification","valueRequired":true,"valueName":"search_term_string"}}],"inLanguage":"es"},{"@type":"Organization","@id":"https:\/\/ferabrajan.com\/portal\/#organization","name":"Fer Abrajan","url":"https:\/\/ferabrajan.com\/portal\/","logo":{"@type":"ImageObject","inLanguage":"es","@id":"https:\/\/ferabrajan.com\/portal\/#\/schema\/logo\/image\/","url":"https:\/\/ferabrajan.com\/portal\/wp-content\/uploads\/2024\/10\/cropped-logo.jpeg","contentUrl":"https:\/\/ferabrajan.com\/portal\/wp-content\/uploads\/2024\/10\/cropped-logo.jpeg","width":500,"height":250,"caption":"Fer Abrajan"},"image":{"@id":"https:\/\/ferabrajan.com\/portal\/#\/schema\/logo\/image\/"},"sameAs":["https:\/\/www.facebook.com\/NoticiasconFerAbrajan\/","https:\/\/x.com\/ferabrajan1"]},{"@type":"Person","@id":"https:\/\/ferabrajan.com\/portal\/#\/schema\/person\/f6113b3cb1e036d5c6a9505685b257ba","name":"admin","image":{"@type":"ImageObject","inLanguage":"es","@id":"https:\/\/secure.gravatar.com\/avatar\/072baa72775aad53c748dfc5d3048578e01b6c087eef335459ebfa04344e2d18?s=96&d=mm&r=g","url":"https:\/\/secure.gravatar.com\/avatar\/072baa72775aad53c748dfc5d3048578e01b6c087eef335459ebfa04344e2d18?s=96&d=mm&r=g","contentUrl":"https:\/\/secure.gravatar.com\/avatar\/072baa72775aad53c748dfc5d3048578e01b6c087eef335459ebfa04344e2d18?s=96&d=mm&r=g","caption":"admin"},"sameAs":["https:\/\/ferabrajan.com\/portal"],"url":"https:\/\/ferabrajan.com\/portal\/author\/admin\/"}]}},"_links":{"self":[{"href":"https:\/\/ferabrajan.com\/portal\/wp-json\/wp\/v2\/posts\/18693","targetHints":{"allow":["GET"]}}],"collection":[{"href":"https:\/\/ferabrajan.com\/portal\/wp-json\/wp\/v2\/posts"}],"about":[{"href":"https:\/\/ferabrajan.com\/portal\/wp-json\/wp\/v2\/types\/post"}],"author":[{"embeddable":true,"href":"https:\/\/ferabrajan.com\/portal\/wp-json\/wp\/v2\/users\/1"}],"replies":[{"embeddable":true,"href":"https:\/\/ferabrajan.com\/portal\/wp-json\/wp\/v2\/comments?post=18693"}],"version-history":[{"count":0,"href":"https:\/\/ferabrajan.com\/portal\/wp-json\/wp\/v2\/posts\/18693\/revisions"}],"wp:attachment":[{"href":"https:\/\/ferabrajan.com\/portal\/wp-json\/wp\/v2\/media?parent=18693"}],"wp:term":[{"taxonomy":"category","embeddable":true,"href":"https:\/\/ferabrajan.com\/portal\/wp-json\/wp\/v2\/categories?post=18693"},{"taxonomy":"post_tag","embeddable":true,"href":"https:\/\/ferabrajan.com\/portal\/wp-json\/wp\/v2\/tags?post=18693"}],"curies":[{"name":"wp","href":"https:\/\/api.w.org\/{rel}","templated":true}]}}