{"id":18688,"date":"2020-09-13T00:28:15","date_gmt":"2020-09-13T00:28:15","guid":{"rendered":"https:\/\/www.elsoldepuebla.com.mx\/policiaca\/vinculan-a-ex-elemento-de-la-policia-estatal-por-extorsion-en-tetela-de-ocampo-5751738.html"},"modified":"2020-09-13T00:28:15","modified_gmt":"2020-09-13T00:28:15","slug":"vinculan-a-ex-elemento-de-la-policia-estatal-por-extorsion-en-tetela-de-ocampo","status":"publish","type":"post","link":"https:\/\/ferabrajan.com\/portal\/2020\/09\/13\/vinculan-a-ex-elemento-de-la-policia-estatal-por-extorsion-en-tetela-de-ocampo\/","title":{"rendered":"Vinculan a ex elemento de la Polic\u00eda Estatal por extorsi\u00f3n en Tetela de Ocampo"},"content":{"rendered":"<div><img decoding=\"async\" src=\"https:\/\/www.elsoldepuebla.com.mx\/policiaca\/suszci-patrulla\/ALTERNATES\/LANDSCAPE_1140\/PATRULLA\" class=\"ff-og-image-inserted\"><\/div>\n<p>Alfredo N, el ex elemento de la Polic\u00eda Estatal que a principios de mes fue detenido por extorsi\u00f3n en el municipio de Tetela de Ocampo, ya fue vinculado a proceso.<\/p>\n<p>Tras audiencia, se le impuso la medida cautelar de prisi\u00f3n preventiva necesaria por lo que fue enviado a un centro de reinserci\u00f3n social, desde donde, seg\u00fan polic\u00edas del estado que por seguridad pidieron el anonimato, el exuniformado busca generar un grupo de choque y desestabilizar las negociaciones que la actual mesa de trabajo mantiene con representantes de la Secretar\u00eda de Seguridad P\u00fablica Estatal (SSP).<\/p>\n<p>Los declarantes aseguraron que este sujeto, el cual era integrante de la Comisi\u00f3n de di\u00e1logo, se ha encargado de desprestigiar el trabajo que los mando originarios Chiapas llegaron a hacer para as\u00ed animar a otros compa\u00f1eros a realizar otro paro de labores para exigir que el aumento salarial del 14 por ciento no sea en el concepto de IJ sino en el sueldo base directo.<\/p>\n<article class=\"policiaca media col-md-4 inline-story\"> <\/article>\n<p>Incluso se rumora que para el d\u00eda domingo, algunos elementos ya amagan con otro paro de labores en caso de no llegar a un acuerdo con los representantes de la Polic\u00eda Estatal.<\/p>\n<p>Cabe recordar que fue el pasado 5 de septiembre cuando se dio a conocer que polic\u00edas municipales de Tetela de Ocampo arrestaron a Alfredo N, quien en ese momento se identific\u00f3 como elemento de la Polic\u00eda Estatal asignado aquella regi\u00f3n.<\/p>\n<p>Al final, el sujeto que se encontraba en posesi\u00f3n de una camisola de la Polic\u00eda Estatal, esposas, credenciales de la PEP y 3 mil pesos, fue arrestado por extorsi\u00f3n en puesto a disposici\u00f3n de las autoridades ministeriales.<\/p>\n<article class=\"policiaca media col-md-4 inline-story\"> <\/article>\n<article class=\"policiaca media col-md-4 inline-story\"> <\/article>\n<article class=\"policiaca media col-md-4 inline-story\"> <\/article>\n<p>Publicaci\u00f3n Original: <a href=\"https:\/\/www.elsoldepuebla.com.mx\/policiaca\/vinculan-a-ex-elemento-de-la-policia-estatal-por-extorsion-en-tetela-de-ocampo-5751738.html\" target=\"_blank\" rel=\"noopener noreferrer\">https:\/\/www.elsoldepuebla.com.mx\/policiaca\/vinculan-a-ex-elemento-de-la-policia-estatal-por-extorsion-en-tetela-de-ocampo-5751738.html<\/a><\/p>\n","protected":false},"excerpt":{"rendered":"<p>Alfredo N, el ex elemento de la Polic\u00eda Estatal que a principios de mes fue detenido por extorsi\u00f3n en el municipio de Tetela de Ocampo, ya fue vinculado a proceso. Tras audiencia, se le impuso la medida cautelar de prisi\u00f3n preventiva necesaria por lo que fue enviado a un centro de reinserci\u00f3n social, desde donde, seg\u00fan polic\u00edas del estado que por seguridad pidieron el anonimato, el exuniformado busca generar un grupo de choque y desestabilizar las negociaciones que la actual mesa de trabajo mantiene con representantes de la Secretar\u00eda de Seguridad P\u00fablica Estatal (SSP). Los declarantes aseguraron que este sujeto, el cual era integrante de la Comisi\u00f3n de di\u00e1logo, se ha encargado de desprestigiar el trabajo que los mando originarios Chiapas llegaron a hacer para as\u00ed animar a otros compa\u00f1eros a realizar otro paro de labores para exigir que el aumento salarial del 14 por ciento no sea en el concepto de IJ sino en el sueldo base directo. Incluso se rumora que para el d\u00eda domingo, algunos elementos ya amagan con otro paro de labores en caso de no llegar a un acuerdo con los representantes de la Polic\u00eda Estatal. Cabe recordar que fue el pasado 5 de septiembre cuando se dio a conocer que polic\u00edas municipales de Tetela de Ocampo arrestaron a Alfredo N, quien en ese momento se identific\u00f3 como elemento de la Polic\u00eda Estatal asignado aquella regi\u00f3n. Al final, el sujeto que se encontraba en posesi\u00f3n de una camisola de la Polic\u00eda Estatal, esposas, credenciales de la PEP y 3 mil pesos, fue arrestado por extorsi\u00f3n en puesto a disposici\u00f3n de las autoridades ministeriales. Publicaci\u00f3n Original: https:\/\/www.elsoldepuebla.com.mx\/policiaca\/vinculan-a-ex-elemento-de-la-policia-estatal-por-extorsion-en-tetela-de-ocampo-5751738.html<\/p>\n","protected":false},"author":1,"featured_media":18692,"comment_status":"closed","ping_status":"closed","sticky":false,"template":"","format":"standard","meta":{"_monsterinsights_skip_tracking":false,"_uf_show_specific_survey":0,"_uf_disable_surveys":false,"footnotes":""},"categories":[34],"tags":[],"class_list":["post-18688","post","type-post","status-publish","format-standard","has-post-thumbnail","hentry","category-puebla"],"yoast_head":"<!-- This site is optimized with the Yoast SEO plugin v27.5 - https:\/\/yoast.com\/product\/yoast-seo-wordpress\/ -->\n<title>Vinculan a ex elemento de la Polic\u00eda Estatal por extorsi\u00f3n en Tetela de Ocampo - Fer Abrajan<\/title>\n<meta name=\"robots\" content=\"index, follow, max-snippet:-1, max-image-preview:large, max-video-preview:-1\" \/>\n<link rel=\"canonical\" href=\"https:\/\/ferabrajan.com\/portal\/2020\/09\/13\/vinculan-a-ex-elemento-de-la-policia-estatal-por-extorsion-en-tetela-de-ocampo\/\" \/>\n<meta property=\"og:locale\" content=\"es_ES\" \/>\n<meta property=\"og:type\" content=\"article\" \/>\n<meta property=\"og:title\" content=\"Vinculan a ex elemento de la Polic\u00eda Estatal por extorsi\u00f3n en Tetela de Ocampo - Fer Abrajan\" \/>\n<meta property=\"og:description\" content=\"Alfredo N, el ex elemento de la Polic\u00eda Estatal que a principios de mes fue detenido por extorsi\u00f3n en el municipio de Tetela de Ocampo, ya fue vinculado a proceso. Tras audiencia, se le impuso la medida cautelar de prisi\u00f3n preventiva necesaria por lo que fue enviado a un centro de reinserci\u00f3n social, desde donde, seg\u00fan polic\u00edas del estado que por seguridad pidieron el anonimato, el exuniformado busca generar un grupo de choque y desestabilizar las negociaciones que la actual mesa de trabajo mantiene con representantes de la Secretar\u00eda de Seguridad P\u00fablica Estatal (SSP). Los declarantes aseguraron que este sujeto, el cual era integrante de la Comisi\u00f3n de di\u00e1logo, se ha encargado de desprestigiar el trabajo que los mando originarios Chiapas llegaron a hacer para as\u00ed animar a otros compa\u00f1eros a realizar otro paro de labores para exigir que el aumento salarial del 14 por ciento no sea en el concepto de IJ sino en el sueldo base directo. Incluso se rumora que para el d\u00eda domingo, algunos elementos ya amagan con otro paro de labores en caso de no llegar a un acuerdo con los representantes de la Polic\u00eda Estatal. Cabe recordar que fue el pasado 5 de septiembre cuando se dio a conocer que polic\u00edas municipales de Tetela de Ocampo arrestaron a Alfredo N, quien en ese momento se identific\u00f3 como elemento de la Polic\u00eda Estatal asignado aquella regi\u00f3n. Al final, el sujeto que se encontraba en posesi\u00f3n de una camisola de la Polic\u00eda Estatal, esposas, credenciales de la PEP y 3 mil pesos, fue arrestado por extorsi\u00f3n en puesto a disposici\u00f3n de las autoridades ministeriales. Publicaci\u00f3n Original: https:\/\/www.elsoldepuebla.com.mx\/policiaca\/vinculan-a-ex-elemento-de-la-policia-estatal-por-extorsion-en-tetela-de-ocampo-5751738.html\" \/>\n<meta property=\"og:url\" content=\"https:\/\/ferabrajan.com\/portal\/2020\/09\/13\/vinculan-a-ex-elemento-de-la-policia-estatal-por-extorsion-en-tetela-de-ocampo\/\" \/>\n<meta property=\"og:site_name\" content=\"Fer Abrajan\" \/>\n<meta property=\"article:publisher\" content=\"https:\/\/www.facebook.com\/NoticiasconFerAbrajan\/\" \/>\n<meta property=\"article:published_time\" content=\"2020-09-13T00:28:15+00:00\" \/>\n<meta name=\"author\" content=\"admin\" \/>\n<meta name=\"twitter:card\" content=\"summary_large_image\" \/>\n<meta name=\"twitter:creator\" content=\"@ferabrajan1\" \/>\n<meta name=\"twitter:site\" content=\"@ferabrajan1\" \/>\n<meta name=\"twitter:label1\" content=\"Escrito por\" \/>\n\t<meta name=\"twitter:data1\" content=\"admin\" \/>\n\t<meta name=\"twitter:label2\" content=\"Tiempo de lectura\" \/>\n\t<meta name=\"twitter:data2\" content=\"1 minuto\" \/>\n<script type=\"application\/ld+json\" class=\"yoast-schema-graph\">{\"@context\":\"https:\\\/\\\/schema.org\",\"@graph\":[{\"@type\":\"Article\",\"@id\":\"https:\\\/\\\/ferabrajan.com\\\/portal\\\/2020\\\/09\\\/13\\\/vinculan-a-ex-elemento-de-la-policia-estatal-por-extorsion-en-tetela-de-ocampo\\\/#article\",\"isPartOf\":{\"@id\":\"https:\\\/\\\/ferabrajan.com\\\/portal\\\/2020\\\/09\\\/13\\\/vinculan-a-ex-elemento-de-la-policia-estatal-por-extorsion-en-tetela-de-ocampo\\\/\"},\"author\":{\"name\":\"admin\",\"@id\":\"https:\\\/\\\/ferabrajan.com\\\/portal\\\/#\\\/schema\\\/person\\\/f6113b3cb1e036d5c6a9505685b257ba\"},\"headline\":\"Vinculan a ex elemento de la Polic\u00eda Estatal por extorsi\u00f3n en Tetela de Ocampo\",\"datePublished\":\"2020-09-13T00:28:15+00:00\",\"mainEntityOfPage\":{\"@id\":\"https:\\\/\\\/ferabrajan.com\\\/portal\\\/2020\\\/09\\\/13\\\/vinculan-a-ex-elemento-de-la-policia-estatal-por-extorsion-en-tetela-de-ocampo\\\/\"},\"wordCount\":312,\"publisher\":{\"@id\":\"https:\\\/\\\/ferabrajan.com\\\/portal\\\/#organization\"},\"image\":{\"@id\":\"https:\\\/\\\/ferabrajan.com\\\/portal\\\/2020\\\/09\\\/13\\\/vinculan-a-ex-elemento-de-la-policia-estatal-por-extorsion-en-tetela-de-ocampo\\\/#primaryimage\"},\"thumbnailUrl\":\"\",\"articleSection\":[\"Puebla\"],\"inLanguage\":\"es\"},{\"@type\":\"WebPage\",\"@id\":\"https:\\\/\\\/ferabrajan.com\\\/portal\\\/2020\\\/09\\\/13\\\/vinculan-a-ex-elemento-de-la-policia-estatal-por-extorsion-en-tetela-de-ocampo\\\/\",\"url\":\"https:\\\/\\\/ferabrajan.com\\\/portal\\\/2020\\\/09\\\/13\\\/vinculan-a-ex-elemento-de-la-policia-estatal-por-extorsion-en-tetela-de-ocampo\\\/\",\"name\":\"Vinculan a ex elemento de la Polic\u00eda Estatal por extorsi\u00f3n en Tetela de Ocampo - Fer Abrajan\",\"isPartOf\":{\"@id\":\"https:\\\/\\\/ferabrajan.com\\\/portal\\\/#website\"},\"primaryImageOfPage\":{\"@id\":\"https:\\\/\\\/ferabrajan.com\\\/portal\\\/2020\\\/09\\\/13\\\/vinculan-a-ex-elemento-de-la-policia-estatal-por-extorsion-en-tetela-de-ocampo\\\/#primaryimage\"},\"image\":{\"@id\":\"https:\\\/\\\/ferabrajan.com\\\/portal\\\/2020\\\/09\\\/13\\\/vinculan-a-ex-elemento-de-la-policia-estatal-por-extorsion-en-tetela-de-ocampo\\\/#primaryimage\"},\"thumbnailUrl\":\"\",\"datePublished\":\"2020-09-13T00:28:15+00:00\",\"breadcrumb\":{\"@id\":\"https:\\\/\\\/ferabrajan.com\\\/portal\\\/2020\\\/09\\\/13\\\/vinculan-a-ex-elemento-de-la-policia-estatal-por-extorsion-en-tetela-de-ocampo\\\/#breadcrumb\"},\"inLanguage\":\"es\",\"potentialAction\":[{\"@type\":\"ReadAction\",\"target\":[\"https:\\\/\\\/ferabrajan.com\\\/portal\\\/2020\\\/09\\\/13\\\/vinculan-a-ex-elemento-de-la-policia-estatal-por-extorsion-en-tetela-de-ocampo\\\/\"]}]},{\"@type\":\"ImageObject\",\"inLanguage\":\"es\",\"@id\":\"https:\\\/\\\/ferabrajan.com\\\/portal\\\/2020\\\/09\\\/13\\\/vinculan-a-ex-elemento-de-la-policia-estatal-por-extorsion-en-tetela-de-ocampo\\\/#primaryimage\",\"url\":\"\",\"contentUrl\":\"\"},{\"@type\":\"BreadcrumbList\",\"@id\":\"https:\\\/\\\/ferabrajan.com\\\/portal\\\/2020\\\/09\\\/13\\\/vinculan-a-ex-elemento-de-la-policia-estatal-por-extorsion-en-tetela-de-ocampo\\\/#breadcrumb\",\"itemListElement\":[{\"@type\":\"ListItem\",\"position\":1,\"name\":\"Portada\",\"item\":\"https:\\\/\\\/ferabrajan.com\\\/portal\\\/\"},{\"@type\":\"ListItem\",\"position\":2,\"name\":\"Vinculan a ex elemento de la Polic\u00eda Estatal por extorsi\u00f3n en Tetela de Ocampo\"}]},{\"@type\":\"WebSite\",\"@id\":\"https:\\\/\\\/ferabrajan.com\\\/portal\\\/#website\",\"url\":\"https:\\\/\\\/ferabrajan.com\\\/portal\\\/\",\"name\":\"Fer Abrajan\",\"description\":\"Noticias de Puebla, opini\u00f3n y radio en vivo\",\"publisher\":{\"@id\":\"https:\\\/\\\/ferabrajan.com\\\/portal\\\/#organization\"},\"potentialAction\":[{\"@type\":\"SearchAction\",\"target\":{\"@type\":\"EntryPoint\",\"urlTemplate\":\"https:\\\/\\\/ferabrajan.com\\\/portal\\\/?s={search_term_string}\"},\"query-input\":{\"@type\":\"PropertyValueSpecification\",\"valueRequired\":true,\"valueName\":\"search_term_string\"}}],\"inLanguage\":\"es\"},{\"@type\":\"Organization\",\"@id\":\"https:\\\/\\\/ferabrajan.com\\\/portal\\\/#organization\",\"name\":\"Fer Abrajan\",\"url\":\"https:\\\/\\\/ferabrajan.com\\\/portal\\\/\",\"logo\":{\"@type\":\"ImageObject\",\"inLanguage\":\"es\",\"@id\":\"https:\\\/\\\/ferabrajan.com\\\/portal\\\/#\\\/schema\\\/logo\\\/image\\\/\",\"url\":\"https:\\\/\\\/ferabrajan.com\\\/portal\\\/wp-content\\\/uploads\\\/2024\\\/10\\\/cropped-logo.jpeg\",\"contentUrl\":\"https:\\\/\\\/ferabrajan.com\\\/portal\\\/wp-content\\\/uploads\\\/2024\\\/10\\\/cropped-logo.jpeg\",\"width\":500,\"height\":250,\"caption\":\"Fer Abrajan\"},\"image\":{\"@id\":\"https:\\\/\\\/ferabrajan.com\\\/portal\\\/#\\\/schema\\\/logo\\\/image\\\/\"},\"sameAs\":[\"https:\\\/\\\/www.facebook.com\\\/NoticiasconFerAbrajan\\\/\",\"https:\\\/\\\/x.com\\\/ferabrajan1\"]},{\"@type\":\"Person\",\"@id\":\"https:\\\/\\\/ferabrajan.com\\\/portal\\\/#\\\/schema\\\/person\\\/f6113b3cb1e036d5c6a9505685b257ba\",\"name\":\"admin\",\"image\":{\"@type\":\"ImageObject\",\"inLanguage\":\"es\",\"@id\":\"https:\\\/\\\/secure.gravatar.com\\\/avatar\\\/072baa72775aad53c748dfc5d3048578e01b6c087eef335459ebfa04344e2d18?s=96&d=mm&r=g\",\"url\":\"https:\\\/\\\/secure.gravatar.com\\\/avatar\\\/072baa72775aad53c748dfc5d3048578e01b6c087eef335459ebfa04344e2d18?s=96&d=mm&r=g\",\"contentUrl\":\"https:\\\/\\\/secure.gravatar.com\\\/avatar\\\/072baa72775aad53c748dfc5d3048578e01b6c087eef335459ebfa04344e2d18?s=96&d=mm&r=g\",\"caption\":\"admin\"},\"sameAs\":[\"https:\\\/\\\/ferabrajan.com\\\/portal\"],\"url\":\"https:\\\/\\\/ferabrajan.com\\\/portal\\\/author\\\/admin\\\/\"}]}<\/script>\n<!-- \/ Yoast SEO plugin. -->","yoast_head_json":{"title":"Vinculan a ex elemento de la Polic\u00eda Estatal por extorsi\u00f3n en Tetela de Ocampo - Fer Abrajan","robots":{"index":"index","follow":"follow","max-snippet":"max-snippet:-1","max-image-preview":"max-image-preview:large","max-video-preview":"max-video-preview:-1"},"canonical":"https:\/\/ferabrajan.com\/portal\/2020\/09\/13\/vinculan-a-ex-elemento-de-la-policia-estatal-por-extorsion-en-tetela-de-ocampo\/","og_locale":"es_ES","og_type":"article","og_title":"Vinculan a ex elemento de la Polic\u00eda Estatal por extorsi\u00f3n en Tetela de Ocampo - Fer Abrajan","og_description":"Alfredo N, el ex elemento de la Polic\u00eda Estatal que a principios de mes fue detenido por extorsi\u00f3n en el municipio de Tetela de Ocampo, ya fue vinculado a proceso. Tras audiencia, se le impuso la medida cautelar de prisi\u00f3n preventiva necesaria por lo que fue enviado a un centro de reinserci\u00f3n social, desde donde, seg\u00fan polic\u00edas del estado que por seguridad pidieron el anonimato, el exuniformado busca generar un grupo de choque y desestabilizar las negociaciones que la actual mesa de trabajo mantiene con representantes de la Secretar\u00eda de Seguridad P\u00fablica Estatal (SSP). Los declarantes aseguraron que este sujeto, el cual era integrante de la Comisi\u00f3n de di\u00e1logo, se ha encargado de desprestigiar el trabajo que los mando originarios Chiapas llegaron a hacer para as\u00ed animar a otros compa\u00f1eros a realizar otro paro de labores para exigir que el aumento salarial del 14 por ciento no sea en el concepto de IJ sino en el sueldo base directo. Incluso se rumora que para el d\u00eda domingo, algunos elementos ya amagan con otro paro de labores en caso de no llegar a un acuerdo con los representantes de la Polic\u00eda Estatal. Cabe recordar que fue el pasado 5 de septiembre cuando se dio a conocer que polic\u00edas municipales de Tetela de Ocampo arrestaron a Alfredo N, quien en ese momento se identific\u00f3 como elemento de la Polic\u00eda Estatal asignado aquella regi\u00f3n. Al final, el sujeto que se encontraba en posesi\u00f3n de una camisola de la Polic\u00eda Estatal, esposas, credenciales de la PEP y 3 mil pesos, fue arrestado por extorsi\u00f3n en puesto a disposici\u00f3n de las autoridades ministeriales. Publicaci\u00f3n Original: https:\/\/www.elsoldepuebla.com.mx\/policiaca\/vinculan-a-ex-elemento-de-la-policia-estatal-por-extorsion-en-tetela-de-ocampo-5751738.html","og_url":"https:\/\/ferabrajan.com\/portal\/2020\/09\/13\/vinculan-a-ex-elemento-de-la-policia-estatal-por-extorsion-en-tetela-de-ocampo\/","og_site_name":"Fer Abrajan","article_publisher":"https:\/\/www.facebook.com\/NoticiasconFerAbrajan\/","article_published_time":"2020-09-13T00:28:15+00:00","author":"admin","twitter_card":"summary_large_image","twitter_creator":"@ferabrajan1","twitter_site":"@ferabrajan1","twitter_misc":{"Escrito por":"admin","Tiempo de lectura":"1 minuto"},"schema":{"@context":"https:\/\/schema.org","@graph":[{"@type":"Article","@id":"https:\/\/ferabrajan.com\/portal\/2020\/09\/13\/vinculan-a-ex-elemento-de-la-policia-estatal-por-extorsion-en-tetela-de-ocampo\/#article","isPartOf":{"@id":"https:\/\/ferabrajan.com\/portal\/2020\/09\/13\/vinculan-a-ex-elemento-de-la-policia-estatal-por-extorsion-en-tetela-de-ocampo\/"},"author":{"name":"admin","@id":"https:\/\/ferabrajan.com\/portal\/#\/schema\/person\/f6113b3cb1e036d5c6a9505685b257ba"},"headline":"Vinculan a ex elemento de la Polic\u00eda Estatal por extorsi\u00f3n en Tetela de Ocampo","datePublished":"2020-09-13T00:28:15+00:00","mainEntityOfPage":{"@id":"https:\/\/ferabrajan.com\/portal\/2020\/09\/13\/vinculan-a-ex-elemento-de-la-policia-estatal-por-extorsion-en-tetela-de-ocampo\/"},"wordCount":312,"publisher":{"@id":"https:\/\/ferabrajan.com\/portal\/#organization"},"image":{"@id":"https:\/\/ferabrajan.com\/portal\/2020\/09\/13\/vinculan-a-ex-elemento-de-la-policia-estatal-por-extorsion-en-tetela-de-ocampo\/#primaryimage"},"thumbnailUrl":"","articleSection":["Puebla"],"inLanguage":"es"},{"@type":"WebPage","@id":"https:\/\/ferabrajan.com\/portal\/2020\/09\/13\/vinculan-a-ex-elemento-de-la-policia-estatal-por-extorsion-en-tetela-de-ocampo\/","url":"https:\/\/ferabrajan.com\/portal\/2020\/09\/13\/vinculan-a-ex-elemento-de-la-policia-estatal-por-extorsion-en-tetela-de-ocampo\/","name":"Vinculan a ex elemento de la Polic\u00eda Estatal por extorsi\u00f3n en Tetela de Ocampo - Fer Abrajan","isPartOf":{"@id":"https:\/\/ferabrajan.com\/portal\/#website"},"primaryImageOfPage":{"@id":"https:\/\/ferabrajan.com\/portal\/2020\/09\/13\/vinculan-a-ex-elemento-de-la-policia-estatal-por-extorsion-en-tetela-de-ocampo\/#primaryimage"},"image":{"@id":"https:\/\/ferabrajan.com\/portal\/2020\/09\/13\/vinculan-a-ex-elemento-de-la-policia-estatal-por-extorsion-en-tetela-de-ocampo\/#primaryimage"},"thumbnailUrl":"","datePublished":"2020-09-13T00:28:15+00:00","breadcrumb":{"@id":"https:\/\/ferabrajan.com\/portal\/2020\/09\/13\/vinculan-a-ex-elemento-de-la-policia-estatal-por-extorsion-en-tetela-de-ocampo\/#breadcrumb"},"inLanguage":"es","potentialAction":[{"@type":"ReadAction","target":["https:\/\/ferabrajan.com\/portal\/2020\/09\/13\/vinculan-a-ex-elemento-de-la-policia-estatal-por-extorsion-en-tetela-de-ocampo\/"]}]},{"@type":"ImageObject","inLanguage":"es","@id":"https:\/\/ferabrajan.com\/portal\/2020\/09\/13\/vinculan-a-ex-elemento-de-la-policia-estatal-por-extorsion-en-tetela-de-ocampo\/#primaryimage","url":"","contentUrl":""},{"@type":"BreadcrumbList","@id":"https:\/\/ferabrajan.com\/portal\/2020\/09\/13\/vinculan-a-ex-elemento-de-la-policia-estatal-por-extorsion-en-tetela-de-ocampo\/#breadcrumb","itemListElement":[{"@type":"ListItem","position":1,"name":"Portada","item":"https:\/\/ferabrajan.com\/portal\/"},{"@type":"ListItem","position":2,"name":"Vinculan a ex elemento de la Polic\u00eda Estatal por extorsi\u00f3n en Tetela de Ocampo"}]},{"@type":"WebSite","@id":"https:\/\/ferabrajan.com\/portal\/#website","url":"https:\/\/ferabrajan.com\/portal\/","name":"Fer Abrajan","description":"Noticias de Puebla, opini\u00f3n y radio en vivo","publisher":{"@id":"https:\/\/ferabrajan.com\/portal\/#organization"},"potentialAction":[{"@type":"SearchAction","target":{"@type":"EntryPoint","urlTemplate":"https:\/\/ferabrajan.com\/portal\/?s={search_term_string}"},"query-input":{"@type":"PropertyValueSpecification","valueRequired":true,"valueName":"search_term_string"}}],"inLanguage":"es"},{"@type":"Organization","@id":"https:\/\/ferabrajan.com\/portal\/#organization","name":"Fer Abrajan","url":"https:\/\/ferabrajan.com\/portal\/","logo":{"@type":"ImageObject","inLanguage":"es","@id":"https:\/\/ferabrajan.com\/portal\/#\/schema\/logo\/image\/","url":"https:\/\/ferabrajan.com\/portal\/wp-content\/uploads\/2024\/10\/cropped-logo.jpeg","contentUrl":"https:\/\/ferabrajan.com\/portal\/wp-content\/uploads\/2024\/10\/cropped-logo.jpeg","width":500,"height":250,"caption":"Fer Abrajan"},"image":{"@id":"https:\/\/ferabrajan.com\/portal\/#\/schema\/logo\/image\/"},"sameAs":["https:\/\/www.facebook.com\/NoticiasconFerAbrajan\/","https:\/\/x.com\/ferabrajan1"]},{"@type":"Person","@id":"https:\/\/ferabrajan.com\/portal\/#\/schema\/person\/f6113b3cb1e036d5c6a9505685b257ba","name":"admin","image":{"@type":"ImageObject","inLanguage":"es","@id":"https:\/\/secure.gravatar.com\/avatar\/072baa72775aad53c748dfc5d3048578e01b6c087eef335459ebfa04344e2d18?s=96&d=mm&r=g","url":"https:\/\/secure.gravatar.com\/avatar\/072baa72775aad53c748dfc5d3048578e01b6c087eef335459ebfa04344e2d18?s=96&d=mm&r=g","contentUrl":"https:\/\/secure.gravatar.com\/avatar\/072baa72775aad53c748dfc5d3048578e01b6c087eef335459ebfa04344e2d18?s=96&d=mm&r=g","caption":"admin"},"sameAs":["https:\/\/ferabrajan.com\/portal"],"url":"https:\/\/ferabrajan.com\/portal\/author\/admin\/"}]}},"_links":{"self":[{"href":"https:\/\/ferabrajan.com\/portal\/wp-json\/wp\/v2\/posts\/18688","targetHints":{"allow":["GET"]}}],"collection":[{"href":"https:\/\/ferabrajan.com\/portal\/wp-json\/wp\/v2\/posts"}],"about":[{"href":"https:\/\/ferabrajan.com\/portal\/wp-json\/wp\/v2\/types\/post"}],"author":[{"embeddable":true,"href":"https:\/\/ferabrajan.com\/portal\/wp-json\/wp\/v2\/users\/1"}],"replies":[{"embeddable":true,"href":"https:\/\/ferabrajan.com\/portal\/wp-json\/wp\/v2\/comments?post=18688"}],"version-history":[{"count":0,"href":"https:\/\/ferabrajan.com\/portal\/wp-json\/wp\/v2\/posts\/18688\/revisions"}],"wp:attachment":[{"href":"https:\/\/ferabrajan.com\/portal\/wp-json\/wp\/v2\/media?parent=18688"}],"wp:term":[{"taxonomy":"category","embeddable":true,"href":"https:\/\/ferabrajan.com\/portal\/wp-json\/wp\/v2\/categories?post=18688"},{"taxonomy":"post_tag","embeddable":true,"href":"https:\/\/ferabrajan.com\/portal\/wp-json\/wp\/v2\/tags?post=18688"}],"curies":[{"name":"wp","href":"https:\/\/api.w.org\/{rel}","templated":true}]}}