{"id":18678,"date":"2020-09-13T01:30:44","date_gmt":"2020-09-13T01:30:44","guid":{"rendered":"https:\/\/www.elsoldepuebla.com.mx\/local\/ocupa-puebla-quinto-lugar-nacional-con-mas-poblacion-indigena-fallecida-por-covid-19-5751998.html"},"modified":"2020-09-13T01:30:44","modified_gmt":"2020-09-13T01:30:44","slug":"ocupa-puebla-quinto-lugar-nacional-con-mas-poblacion-indigena-fallecida-por-covid-19","status":"publish","type":"post","link":"https:\/\/ferabrajan.com\/portal\/2020\/09\/13\/ocupa-puebla-quinto-lugar-nacional-con-mas-poblacion-indigena-fallecida-por-covid-19\/","title":{"rendered":"Ocupa Puebla quinto lugar nacional con m\u00e1s poblaci\u00f3n ind\u00edgena fallecida por Covid-19"},"content":{"rendered":"<div><img decoding=\"async\" src=\"https:\/\/www.elsoldepuebla.com.mx\/local\/estado\/j92ewk-indigenas-cuetzalan.jpg\/ALTERNATES\/LANDSCAPE_1140\/INDIGENAS%20CUETZALAN.jpg\" class=\"ff-og-image-inserted\"><\/div>\n<p>Puebla ocupa el quinto lugar nacional con m\u00e1s poblaci\u00f3n ind\u00edgena fallecida por Covid-19 con un total de 94 defunciones, inform\u00f3 Jos\u00e9 Luis Alom\u00eda Zegarra, director de Epidemiolog\u00eda de la Secretar\u00eda de Salud federal.<\/p>\n<p>Durante la conferencia nocturna de este s\u00e1bado, Alom\u00eda Zegarra present\u00f3 la actualizaci\u00f3n de los contagios por Covid-19 en el pa\u00eds, donde destac\u00f3 que, con lo que respecta a la poblaci\u00f3n ind\u00edgena hay un total de mil 249 p\u00e9rdidas.<\/p>\n<p>A manera de listado, las entidades que registran m\u00e1s defunciones en esta poblaci\u00f3n son: Yucat\u00e1n (191), Oaxaca (157), M\u00e9xico (102), Quintana Roo (95) y Puebla (94).<\/p>\n<p>A estos le siguen Hidalgo (77), Colima (72), Guerrero (54), Michoac\u00e1n (52) y Tabasco (44).<\/p>\n<p>El rango de edad en el que se han registrado m\u00e1s fallecimientos de la poblaci\u00f3n ind\u00edgena oscilan entre los 60 a 69 a\u00f1os de edad.<\/p>\n<article class=\"local media col-md-4 inline-story\"> <\/article>\n<p>PUEBLA, LUGAR 11 CON M\u00c1S CASOS CONFIRMADOS EN POBLACI\u00d3N IND\u00cdGENA<\/p>\n<p>Durante el informe tambi\u00e9n presentaron las gr\u00e1ficas correspondientes al n\u00famero de casos confinados en esta misma poblaci\u00f3n, de la que, a nivel nacional se tiene registro de 8 mil 563 casos.<\/p>\n<p>De este total, 326 corresponden a Puebla, cifra con la que la entidad se coloca en el lugar 11 nacional.<\/p>\n<p>Los estados que encabezan la lista con m\u00e1s casos positivos a Covid-19 en poblaci\u00f3n ind\u00edgena son: Yucat\u00e1n (1,117), Oaxaca (792), San Luis Potos\u00ed (777), M\u00e9xico (639) y Colima (558).<\/p>\n<p>A estos se suman Hidalgo (463), Guerrero (424), Tabasco (395), Michoac\u00e1n (391), Quintana Roo (371) y Puebla (326).<\/p>\n<article class=\"local_estado media col-md-4 inline-story\"> <\/article>\n<article class=\"local_estado media col-md-4 inline-story\"> <\/article>\n<article class=\"local media col-md-4 inline-story\"> <\/article>\n<p>Publicaci\u00f3n Original: <a href=\"https:\/\/www.elsoldepuebla.com.mx\/local\/ocupa-puebla-quinto-lugar-nacional-con-mas-poblacion-indigena-fallecida-por-covid-19-5751998.html\" target=\"_blank\" rel=\"noopener noreferrer\">https:\/\/www.elsoldepuebla.com.mx\/local\/ocupa-puebla-quinto-lugar-nacional-con-mas-poblacion-indigena-fallecida-por-covid-19-5751998.html<\/a><\/p>\n","protected":false},"excerpt":{"rendered":"<p>Puebla ocupa el quinto lugar nacional con m\u00e1s poblaci\u00f3n ind\u00edgena fallecida por Covid-19 con un total de 94 defunciones, inform\u00f3 Jos\u00e9 Luis Alom\u00eda Zegarra, director de Epidemiolog\u00eda de la Secretar\u00eda de Salud federal. Durante la conferencia nocturna de este s\u00e1bado, Alom\u00eda Zegarra present\u00f3 la actualizaci\u00f3n de los contagios por Covid-19 en el pa\u00eds, donde destac\u00f3 que, con lo que respecta a la poblaci\u00f3n ind\u00edgena hay un total de mil 249 p\u00e9rdidas. A manera de listado, las entidades que registran m\u00e1s defunciones en esta poblaci\u00f3n son: Yucat\u00e1n (191), Oaxaca (157), M\u00e9xico (102), Quintana Roo (95) y Puebla (94). A estos le siguen Hidalgo (77), Colima (72), Guerrero (54), Michoac\u00e1n (52) y Tabasco (44). El rango de edad en el que se han registrado m\u00e1s fallecimientos de la poblaci\u00f3n ind\u00edgena oscilan entre los 60 a 69 a\u00f1os de edad. PUEBLA, LUGAR 11 CON M\u00c1S CASOS CONFIRMADOS EN POBLACI\u00d3N IND\u00cdGENA Durante el informe tambi\u00e9n presentaron las gr\u00e1ficas correspondientes al n\u00famero de casos confinados en esta misma poblaci\u00f3n, de la que, a nivel nacional se tiene registro de 8 mil 563 casos. De este total, 326 corresponden a Puebla, cifra con la que la entidad se coloca en el lugar 11 nacional. Los estados que encabezan la lista con m\u00e1s casos positivos a Covid-19 en poblaci\u00f3n ind\u00edgena son: Yucat\u00e1n (1,117), Oaxaca (792), San Luis Potos\u00ed (777), M\u00e9xico (639) y Colima (558). A estos se suman Hidalgo (463), Guerrero (424), Tabasco (395), Michoac\u00e1n (391), Quintana Roo (371) y Puebla (326). Publicaci\u00f3n Original: https:\/\/www.elsoldepuebla.com.mx\/local\/ocupa-puebla-quinto-lugar-nacional-con-mas-poblacion-indigena-fallecida-por-covid-19-5751998.html<\/p>\n","protected":false},"author":1,"featured_media":18682,"comment_status":"closed","ping_status":"closed","sticky":false,"template":"","format":"standard","meta":{"_monsterinsights_skip_tracking":false,"_uf_show_specific_survey":0,"_uf_disable_surveys":false,"footnotes":""},"categories":[53,34],"tags":[],"class_list":["post-18678","post","type-post","status-publish","format-standard","has-post-thumbnail","hentry","category-local","category-puebla"],"yoast_head":"<!-- This site is optimized with the Yoast SEO plugin v27.5 - https:\/\/yoast.com\/product\/yoast-seo-wordpress\/ -->\n<title>Ocupa Puebla quinto lugar nacional con m\u00e1s poblaci\u00f3n ind\u00edgena fallecida por Covid-19 - Fer Abrajan<\/title>\n<meta name=\"robots\" content=\"index, follow, max-snippet:-1, max-image-preview:large, max-video-preview:-1\" \/>\n<link rel=\"canonical\" href=\"https:\/\/ferabrajan.com\/portal\/2020\/09\/13\/ocupa-puebla-quinto-lugar-nacional-con-mas-poblacion-indigena-fallecida-por-covid-19\/\" \/>\n<meta property=\"og:locale\" content=\"es_ES\" \/>\n<meta property=\"og:type\" content=\"article\" \/>\n<meta property=\"og:title\" content=\"Ocupa Puebla quinto lugar nacional con m\u00e1s poblaci\u00f3n ind\u00edgena fallecida por Covid-19 - Fer Abrajan\" \/>\n<meta property=\"og:description\" content=\"Puebla ocupa el quinto lugar nacional con m\u00e1s poblaci\u00f3n ind\u00edgena fallecida por Covid-19 con un total de 94 defunciones, inform\u00f3 Jos\u00e9 Luis Alom\u00eda Zegarra, director de Epidemiolog\u00eda de la Secretar\u00eda de Salud federal. Durante la conferencia nocturna de este s\u00e1bado, Alom\u00eda Zegarra present\u00f3 la actualizaci\u00f3n de los contagios por Covid-19 en el pa\u00eds, donde destac\u00f3 que, con lo que respecta a la poblaci\u00f3n ind\u00edgena hay un total de mil 249 p\u00e9rdidas. A manera de listado, las entidades que registran m\u00e1s defunciones en esta poblaci\u00f3n son: Yucat\u00e1n (191), Oaxaca (157), M\u00e9xico (102), Quintana Roo (95) y Puebla (94). A estos le siguen Hidalgo (77), Colima (72), Guerrero (54), Michoac\u00e1n (52) y Tabasco (44). El rango de edad en el que se han registrado m\u00e1s fallecimientos de la poblaci\u00f3n ind\u00edgena oscilan entre los 60 a 69 a\u00f1os de edad. PUEBLA, LUGAR 11 CON M\u00c1S CASOS CONFIRMADOS EN POBLACI\u00d3N IND\u00cdGENA Durante el informe tambi\u00e9n presentaron las gr\u00e1ficas correspondientes al n\u00famero de casos confinados en esta misma poblaci\u00f3n, de la que, a nivel nacional se tiene registro de 8 mil 563 casos. De este total, 326 corresponden a Puebla, cifra con la que la entidad se coloca en el lugar 11 nacional. Los estados que encabezan la lista con m\u00e1s casos positivos a Covid-19 en poblaci\u00f3n ind\u00edgena son: Yucat\u00e1n (1,117), Oaxaca (792), San Luis Potos\u00ed (777), M\u00e9xico (639) y Colima (558). A estos se suman Hidalgo (463), Guerrero (424), Tabasco (395), Michoac\u00e1n (391), Quintana Roo (371) y Puebla (326). Publicaci\u00f3n Original: https:\/\/www.elsoldepuebla.com.mx\/local\/ocupa-puebla-quinto-lugar-nacional-con-mas-poblacion-indigena-fallecida-por-covid-19-5751998.html\" \/>\n<meta property=\"og:url\" content=\"https:\/\/ferabrajan.com\/portal\/2020\/09\/13\/ocupa-puebla-quinto-lugar-nacional-con-mas-poblacion-indigena-fallecida-por-covid-19\/\" \/>\n<meta property=\"og:site_name\" content=\"Fer Abrajan\" \/>\n<meta property=\"article:publisher\" content=\"https:\/\/www.facebook.com\/NoticiasconFerAbrajan\/\" \/>\n<meta property=\"article:published_time\" content=\"2020-09-13T01:30:44+00:00\" \/>\n<meta name=\"author\" content=\"admin\" \/>\n<meta name=\"twitter:card\" content=\"summary_large_image\" \/>\n<meta name=\"twitter:creator\" content=\"@ferabrajan1\" \/>\n<meta name=\"twitter:site\" content=\"@ferabrajan1\" \/>\n<meta name=\"twitter:label1\" content=\"Escrito por\" \/>\n\t<meta name=\"twitter:data1\" content=\"admin\" \/>\n\t<meta name=\"twitter:label2\" content=\"Tiempo de lectura\" \/>\n\t<meta name=\"twitter:data2\" content=\"1 minuto\" \/>\n<script type=\"application\/ld+json\" class=\"yoast-schema-graph\">{\"@context\":\"https:\\\/\\\/schema.org\",\"@graph\":[{\"@type\":\"Article\",\"@id\":\"https:\\\/\\\/ferabrajan.com\\\/portal\\\/2020\\\/09\\\/13\\\/ocupa-puebla-quinto-lugar-nacional-con-mas-poblacion-indigena-fallecida-por-covid-19\\\/#article\",\"isPartOf\":{\"@id\":\"https:\\\/\\\/ferabrajan.com\\\/portal\\\/2020\\\/09\\\/13\\\/ocupa-puebla-quinto-lugar-nacional-con-mas-poblacion-indigena-fallecida-por-covid-19\\\/\"},\"author\":{\"name\":\"admin\",\"@id\":\"https:\\\/\\\/ferabrajan.com\\\/portal\\\/#\\\/schema\\\/person\\\/f6113b3cb1e036d5c6a9505685b257ba\"},\"headline\":\"Ocupa Puebla quinto lugar nacional con m\u00e1s poblaci\u00f3n ind\u00edgena fallecida por Covid-19\",\"datePublished\":\"2020-09-13T01:30:44+00:00\",\"mainEntityOfPage\":{\"@id\":\"https:\\\/\\\/ferabrajan.com\\\/portal\\\/2020\\\/09\\\/13\\\/ocupa-puebla-quinto-lugar-nacional-con-mas-poblacion-indigena-fallecida-por-covid-19\\\/\"},\"wordCount\":277,\"publisher\":{\"@id\":\"https:\\\/\\\/ferabrajan.com\\\/portal\\\/#organization\"},\"image\":{\"@id\":\"https:\\\/\\\/ferabrajan.com\\\/portal\\\/2020\\\/09\\\/13\\\/ocupa-puebla-quinto-lugar-nacional-con-mas-poblacion-indigena-fallecida-por-covid-19\\\/#primaryimage\"},\"thumbnailUrl\":\"\",\"articleSection\":[\"Local\",\"Puebla\"],\"inLanguage\":\"es\"},{\"@type\":\"WebPage\",\"@id\":\"https:\\\/\\\/ferabrajan.com\\\/portal\\\/2020\\\/09\\\/13\\\/ocupa-puebla-quinto-lugar-nacional-con-mas-poblacion-indigena-fallecida-por-covid-19\\\/\",\"url\":\"https:\\\/\\\/ferabrajan.com\\\/portal\\\/2020\\\/09\\\/13\\\/ocupa-puebla-quinto-lugar-nacional-con-mas-poblacion-indigena-fallecida-por-covid-19\\\/\",\"name\":\"Ocupa Puebla quinto lugar nacional con m\u00e1s poblaci\u00f3n ind\u00edgena fallecida por Covid-19 - Fer Abrajan\",\"isPartOf\":{\"@id\":\"https:\\\/\\\/ferabrajan.com\\\/portal\\\/#website\"},\"primaryImageOfPage\":{\"@id\":\"https:\\\/\\\/ferabrajan.com\\\/portal\\\/2020\\\/09\\\/13\\\/ocupa-puebla-quinto-lugar-nacional-con-mas-poblacion-indigena-fallecida-por-covid-19\\\/#primaryimage\"},\"image\":{\"@id\":\"https:\\\/\\\/ferabrajan.com\\\/portal\\\/2020\\\/09\\\/13\\\/ocupa-puebla-quinto-lugar-nacional-con-mas-poblacion-indigena-fallecida-por-covid-19\\\/#primaryimage\"},\"thumbnailUrl\":\"\",\"datePublished\":\"2020-09-13T01:30:44+00:00\",\"breadcrumb\":{\"@id\":\"https:\\\/\\\/ferabrajan.com\\\/portal\\\/2020\\\/09\\\/13\\\/ocupa-puebla-quinto-lugar-nacional-con-mas-poblacion-indigena-fallecida-por-covid-19\\\/#breadcrumb\"},\"inLanguage\":\"es\",\"potentialAction\":[{\"@type\":\"ReadAction\",\"target\":[\"https:\\\/\\\/ferabrajan.com\\\/portal\\\/2020\\\/09\\\/13\\\/ocupa-puebla-quinto-lugar-nacional-con-mas-poblacion-indigena-fallecida-por-covid-19\\\/\"]}]},{\"@type\":\"ImageObject\",\"inLanguage\":\"es\",\"@id\":\"https:\\\/\\\/ferabrajan.com\\\/portal\\\/2020\\\/09\\\/13\\\/ocupa-puebla-quinto-lugar-nacional-con-mas-poblacion-indigena-fallecida-por-covid-19\\\/#primaryimage\",\"url\":\"\",\"contentUrl\":\"\"},{\"@type\":\"BreadcrumbList\",\"@id\":\"https:\\\/\\\/ferabrajan.com\\\/portal\\\/2020\\\/09\\\/13\\\/ocupa-puebla-quinto-lugar-nacional-con-mas-poblacion-indigena-fallecida-por-covid-19\\\/#breadcrumb\",\"itemListElement\":[{\"@type\":\"ListItem\",\"position\":1,\"name\":\"Portada\",\"item\":\"https:\\\/\\\/ferabrajan.com\\\/portal\\\/\"},{\"@type\":\"ListItem\",\"position\":2,\"name\":\"Ocupa Puebla quinto lugar nacional con m\u00e1s poblaci\u00f3n ind\u00edgena fallecida por Covid-19\"}]},{\"@type\":\"WebSite\",\"@id\":\"https:\\\/\\\/ferabrajan.com\\\/portal\\\/#website\",\"url\":\"https:\\\/\\\/ferabrajan.com\\\/portal\\\/\",\"name\":\"Fer Abrajan\",\"description\":\"Noticias de Puebla, opini\u00f3n y radio en vivo\",\"publisher\":{\"@id\":\"https:\\\/\\\/ferabrajan.com\\\/portal\\\/#organization\"},\"potentialAction\":[{\"@type\":\"SearchAction\",\"target\":{\"@type\":\"EntryPoint\",\"urlTemplate\":\"https:\\\/\\\/ferabrajan.com\\\/portal\\\/?s={search_term_string}\"},\"query-input\":{\"@type\":\"PropertyValueSpecification\",\"valueRequired\":true,\"valueName\":\"search_term_string\"}}],\"inLanguage\":\"es\"},{\"@type\":\"Organization\",\"@id\":\"https:\\\/\\\/ferabrajan.com\\\/portal\\\/#organization\",\"name\":\"Fer Abrajan\",\"url\":\"https:\\\/\\\/ferabrajan.com\\\/portal\\\/\",\"logo\":{\"@type\":\"ImageObject\",\"inLanguage\":\"es\",\"@id\":\"https:\\\/\\\/ferabrajan.com\\\/portal\\\/#\\\/schema\\\/logo\\\/image\\\/\",\"url\":\"https:\\\/\\\/ferabrajan.com\\\/portal\\\/wp-content\\\/uploads\\\/2024\\\/10\\\/cropped-logo.jpeg\",\"contentUrl\":\"https:\\\/\\\/ferabrajan.com\\\/portal\\\/wp-content\\\/uploads\\\/2024\\\/10\\\/cropped-logo.jpeg\",\"width\":500,\"height\":250,\"caption\":\"Fer Abrajan\"},\"image\":{\"@id\":\"https:\\\/\\\/ferabrajan.com\\\/portal\\\/#\\\/schema\\\/logo\\\/image\\\/\"},\"sameAs\":[\"https:\\\/\\\/www.facebook.com\\\/NoticiasconFerAbrajan\\\/\",\"https:\\\/\\\/x.com\\\/ferabrajan1\"]},{\"@type\":\"Person\",\"@id\":\"https:\\\/\\\/ferabrajan.com\\\/portal\\\/#\\\/schema\\\/person\\\/f6113b3cb1e036d5c6a9505685b257ba\",\"name\":\"admin\",\"image\":{\"@type\":\"ImageObject\",\"inLanguage\":\"es\",\"@id\":\"https:\\\/\\\/secure.gravatar.com\\\/avatar\\\/072baa72775aad53c748dfc5d3048578e01b6c087eef335459ebfa04344e2d18?s=96&d=mm&r=g\",\"url\":\"https:\\\/\\\/secure.gravatar.com\\\/avatar\\\/072baa72775aad53c748dfc5d3048578e01b6c087eef335459ebfa04344e2d18?s=96&d=mm&r=g\",\"contentUrl\":\"https:\\\/\\\/secure.gravatar.com\\\/avatar\\\/072baa72775aad53c748dfc5d3048578e01b6c087eef335459ebfa04344e2d18?s=96&d=mm&r=g\",\"caption\":\"admin\"},\"sameAs\":[\"https:\\\/\\\/ferabrajan.com\\\/portal\"],\"url\":\"https:\\\/\\\/ferabrajan.com\\\/portal\\\/author\\\/admin\\\/\"}]}<\/script>\n<!-- \/ Yoast SEO plugin. -->","yoast_head_json":{"title":"Ocupa Puebla quinto lugar nacional con m\u00e1s poblaci\u00f3n ind\u00edgena fallecida por Covid-19 - Fer Abrajan","robots":{"index":"index","follow":"follow","max-snippet":"max-snippet:-1","max-image-preview":"max-image-preview:large","max-video-preview":"max-video-preview:-1"},"canonical":"https:\/\/ferabrajan.com\/portal\/2020\/09\/13\/ocupa-puebla-quinto-lugar-nacional-con-mas-poblacion-indigena-fallecida-por-covid-19\/","og_locale":"es_ES","og_type":"article","og_title":"Ocupa Puebla quinto lugar nacional con m\u00e1s poblaci\u00f3n ind\u00edgena fallecida por Covid-19 - Fer Abrajan","og_description":"Puebla ocupa el quinto lugar nacional con m\u00e1s poblaci\u00f3n ind\u00edgena fallecida por Covid-19 con un total de 94 defunciones, inform\u00f3 Jos\u00e9 Luis Alom\u00eda Zegarra, director de Epidemiolog\u00eda de la Secretar\u00eda de Salud federal. Durante la conferencia nocturna de este s\u00e1bado, Alom\u00eda Zegarra present\u00f3 la actualizaci\u00f3n de los contagios por Covid-19 en el pa\u00eds, donde destac\u00f3 que, con lo que respecta a la poblaci\u00f3n ind\u00edgena hay un total de mil 249 p\u00e9rdidas. A manera de listado, las entidades que registran m\u00e1s defunciones en esta poblaci\u00f3n son: Yucat\u00e1n (191), Oaxaca (157), M\u00e9xico (102), Quintana Roo (95) y Puebla (94). A estos le siguen Hidalgo (77), Colima (72), Guerrero (54), Michoac\u00e1n (52) y Tabasco (44). El rango de edad en el que se han registrado m\u00e1s fallecimientos de la poblaci\u00f3n ind\u00edgena oscilan entre los 60 a 69 a\u00f1os de edad. PUEBLA, LUGAR 11 CON M\u00c1S CASOS CONFIRMADOS EN POBLACI\u00d3N IND\u00cdGENA Durante el informe tambi\u00e9n presentaron las gr\u00e1ficas correspondientes al n\u00famero de casos confinados en esta misma poblaci\u00f3n, de la que, a nivel nacional se tiene registro de 8 mil 563 casos. De este total, 326 corresponden a Puebla, cifra con la que la entidad se coloca en el lugar 11 nacional. Los estados que encabezan la lista con m\u00e1s casos positivos a Covid-19 en poblaci\u00f3n ind\u00edgena son: Yucat\u00e1n (1,117), Oaxaca (792), San Luis Potos\u00ed (777), M\u00e9xico (639) y Colima (558). A estos se suman Hidalgo (463), Guerrero (424), Tabasco (395), Michoac\u00e1n (391), Quintana Roo (371) y Puebla (326). Publicaci\u00f3n Original: https:\/\/www.elsoldepuebla.com.mx\/local\/ocupa-puebla-quinto-lugar-nacional-con-mas-poblacion-indigena-fallecida-por-covid-19-5751998.html","og_url":"https:\/\/ferabrajan.com\/portal\/2020\/09\/13\/ocupa-puebla-quinto-lugar-nacional-con-mas-poblacion-indigena-fallecida-por-covid-19\/","og_site_name":"Fer Abrajan","article_publisher":"https:\/\/www.facebook.com\/NoticiasconFerAbrajan\/","article_published_time":"2020-09-13T01:30:44+00:00","author":"admin","twitter_card":"summary_large_image","twitter_creator":"@ferabrajan1","twitter_site":"@ferabrajan1","twitter_misc":{"Escrito por":"admin","Tiempo de lectura":"1 minuto"},"schema":{"@context":"https:\/\/schema.org","@graph":[{"@type":"Article","@id":"https:\/\/ferabrajan.com\/portal\/2020\/09\/13\/ocupa-puebla-quinto-lugar-nacional-con-mas-poblacion-indigena-fallecida-por-covid-19\/#article","isPartOf":{"@id":"https:\/\/ferabrajan.com\/portal\/2020\/09\/13\/ocupa-puebla-quinto-lugar-nacional-con-mas-poblacion-indigena-fallecida-por-covid-19\/"},"author":{"name":"admin","@id":"https:\/\/ferabrajan.com\/portal\/#\/schema\/person\/f6113b3cb1e036d5c6a9505685b257ba"},"headline":"Ocupa Puebla quinto lugar nacional con m\u00e1s poblaci\u00f3n ind\u00edgena fallecida por Covid-19","datePublished":"2020-09-13T01:30:44+00:00","mainEntityOfPage":{"@id":"https:\/\/ferabrajan.com\/portal\/2020\/09\/13\/ocupa-puebla-quinto-lugar-nacional-con-mas-poblacion-indigena-fallecida-por-covid-19\/"},"wordCount":277,"publisher":{"@id":"https:\/\/ferabrajan.com\/portal\/#organization"},"image":{"@id":"https:\/\/ferabrajan.com\/portal\/2020\/09\/13\/ocupa-puebla-quinto-lugar-nacional-con-mas-poblacion-indigena-fallecida-por-covid-19\/#primaryimage"},"thumbnailUrl":"","articleSection":["Local","Puebla"],"inLanguage":"es"},{"@type":"WebPage","@id":"https:\/\/ferabrajan.com\/portal\/2020\/09\/13\/ocupa-puebla-quinto-lugar-nacional-con-mas-poblacion-indigena-fallecida-por-covid-19\/","url":"https:\/\/ferabrajan.com\/portal\/2020\/09\/13\/ocupa-puebla-quinto-lugar-nacional-con-mas-poblacion-indigena-fallecida-por-covid-19\/","name":"Ocupa Puebla quinto lugar nacional con m\u00e1s poblaci\u00f3n ind\u00edgena fallecida por Covid-19 - Fer Abrajan","isPartOf":{"@id":"https:\/\/ferabrajan.com\/portal\/#website"},"primaryImageOfPage":{"@id":"https:\/\/ferabrajan.com\/portal\/2020\/09\/13\/ocupa-puebla-quinto-lugar-nacional-con-mas-poblacion-indigena-fallecida-por-covid-19\/#primaryimage"},"image":{"@id":"https:\/\/ferabrajan.com\/portal\/2020\/09\/13\/ocupa-puebla-quinto-lugar-nacional-con-mas-poblacion-indigena-fallecida-por-covid-19\/#primaryimage"},"thumbnailUrl":"","datePublished":"2020-09-13T01:30:44+00:00","breadcrumb":{"@id":"https:\/\/ferabrajan.com\/portal\/2020\/09\/13\/ocupa-puebla-quinto-lugar-nacional-con-mas-poblacion-indigena-fallecida-por-covid-19\/#breadcrumb"},"inLanguage":"es","potentialAction":[{"@type":"ReadAction","target":["https:\/\/ferabrajan.com\/portal\/2020\/09\/13\/ocupa-puebla-quinto-lugar-nacional-con-mas-poblacion-indigena-fallecida-por-covid-19\/"]}]},{"@type":"ImageObject","inLanguage":"es","@id":"https:\/\/ferabrajan.com\/portal\/2020\/09\/13\/ocupa-puebla-quinto-lugar-nacional-con-mas-poblacion-indigena-fallecida-por-covid-19\/#primaryimage","url":"","contentUrl":""},{"@type":"BreadcrumbList","@id":"https:\/\/ferabrajan.com\/portal\/2020\/09\/13\/ocupa-puebla-quinto-lugar-nacional-con-mas-poblacion-indigena-fallecida-por-covid-19\/#breadcrumb","itemListElement":[{"@type":"ListItem","position":1,"name":"Portada","item":"https:\/\/ferabrajan.com\/portal\/"},{"@type":"ListItem","position":2,"name":"Ocupa Puebla quinto lugar nacional con m\u00e1s poblaci\u00f3n ind\u00edgena fallecida por Covid-19"}]},{"@type":"WebSite","@id":"https:\/\/ferabrajan.com\/portal\/#website","url":"https:\/\/ferabrajan.com\/portal\/","name":"Fer Abrajan","description":"Noticias de Puebla, opini\u00f3n y radio en vivo","publisher":{"@id":"https:\/\/ferabrajan.com\/portal\/#organization"},"potentialAction":[{"@type":"SearchAction","target":{"@type":"EntryPoint","urlTemplate":"https:\/\/ferabrajan.com\/portal\/?s={search_term_string}"},"query-input":{"@type":"PropertyValueSpecification","valueRequired":true,"valueName":"search_term_string"}}],"inLanguage":"es"},{"@type":"Organization","@id":"https:\/\/ferabrajan.com\/portal\/#organization","name":"Fer Abrajan","url":"https:\/\/ferabrajan.com\/portal\/","logo":{"@type":"ImageObject","inLanguage":"es","@id":"https:\/\/ferabrajan.com\/portal\/#\/schema\/logo\/image\/","url":"https:\/\/ferabrajan.com\/portal\/wp-content\/uploads\/2024\/10\/cropped-logo.jpeg","contentUrl":"https:\/\/ferabrajan.com\/portal\/wp-content\/uploads\/2024\/10\/cropped-logo.jpeg","width":500,"height":250,"caption":"Fer Abrajan"},"image":{"@id":"https:\/\/ferabrajan.com\/portal\/#\/schema\/logo\/image\/"},"sameAs":["https:\/\/www.facebook.com\/NoticiasconFerAbrajan\/","https:\/\/x.com\/ferabrajan1"]},{"@type":"Person","@id":"https:\/\/ferabrajan.com\/portal\/#\/schema\/person\/f6113b3cb1e036d5c6a9505685b257ba","name":"admin","image":{"@type":"ImageObject","inLanguage":"es","@id":"https:\/\/secure.gravatar.com\/avatar\/072baa72775aad53c748dfc5d3048578e01b6c087eef335459ebfa04344e2d18?s=96&d=mm&r=g","url":"https:\/\/secure.gravatar.com\/avatar\/072baa72775aad53c748dfc5d3048578e01b6c087eef335459ebfa04344e2d18?s=96&d=mm&r=g","contentUrl":"https:\/\/secure.gravatar.com\/avatar\/072baa72775aad53c748dfc5d3048578e01b6c087eef335459ebfa04344e2d18?s=96&d=mm&r=g","caption":"admin"},"sameAs":["https:\/\/ferabrajan.com\/portal"],"url":"https:\/\/ferabrajan.com\/portal\/author\/admin\/"}]}},"_links":{"self":[{"href":"https:\/\/ferabrajan.com\/portal\/wp-json\/wp\/v2\/posts\/18678","targetHints":{"allow":["GET"]}}],"collection":[{"href":"https:\/\/ferabrajan.com\/portal\/wp-json\/wp\/v2\/posts"}],"about":[{"href":"https:\/\/ferabrajan.com\/portal\/wp-json\/wp\/v2\/types\/post"}],"author":[{"embeddable":true,"href":"https:\/\/ferabrajan.com\/portal\/wp-json\/wp\/v2\/users\/1"}],"replies":[{"embeddable":true,"href":"https:\/\/ferabrajan.com\/portal\/wp-json\/wp\/v2\/comments?post=18678"}],"version-history":[{"count":0,"href":"https:\/\/ferabrajan.com\/portal\/wp-json\/wp\/v2\/posts\/18678\/revisions"}],"wp:attachment":[{"href":"https:\/\/ferabrajan.com\/portal\/wp-json\/wp\/v2\/media?parent=18678"}],"wp:term":[{"taxonomy":"category","embeddable":true,"href":"https:\/\/ferabrajan.com\/portal\/wp-json\/wp\/v2\/categories?post=18678"},{"taxonomy":"post_tag","embeddable":true,"href":"https:\/\/ferabrajan.com\/portal\/wp-json\/wp\/v2\/tags?post=18678"}],"curies":[{"name":"wp","href":"https:\/\/api.w.org\/{rel}","templated":true}]}}