{"id":17502,"date":"2020-08-25T01:46:32","date_gmt":"2020-08-25T01:46:32","guid":{"rendered":"https:\/\/www.elsoldepuebla.com.mx\/local\/estado\/impacta-patulla-contra-auto-particular-y-queda-atrapado-en-tehuacan-5668228.html"},"modified":"2020-08-25T01:46:32","modified_gmt":"2020-08-25T01:46:32","slug":"impacta-patulla-contra-auto-particular-y-queda-atrapado-en-tehuacan","status":"publish","type":"post","link":"https:\/\/ferabrajan.com\/portal\/2020\/08\/25\/impacta-patulla-contra-auto-particular-y-queda-atrapado-en-tehuacan\/","title":{"rendered":"Impacta patulla contra auto particular y queda atrapado en Tehuac\u00e1n"},"content":{"rendered":"<div><img decoding=\"async\" src=\"https:\/\/www.elsoldepuebla.com.mx\/local\/estado\/etw443-choque-patrulla-tehuacan.jpg\/ALTERNATES\/LANDSCAPE_1140\/Choque%20patrulla%20Tehuac%C3%A1n.jpg\" class=\"ff-og-image-inserted\"><\/div>\n<p>Un elemento de la Polic\u00eda Municipal qued\u00f3 atrapado en la patrulla, luego de haber chocado contra un veh\u00edculo particular; adem\u00e1s su acompa\u00f1ante tambi\u00e9n result\u00f3 lesionado as\u00ed como dos personas que viajaban a bordo de la otra unidad; la colisi\u00f3n se suscit\u00f3 sobre la calle 6 Poniente esquina con Pereyra Mej\u00eda.<\/p>\n<p><strong>El aparatoso accidente se present\u00f3 la tarde de este lunes cuando los elementos policiales circulaban con direcci\u00f3n al poniente de la ciudad, pero al llegar al crucero referido impactaron su parte frontal contra el costado derecho de la unidad particular.<\/strong><\/p>\n<p>Tras el impacto automovilistas que circulaban por el sitio comenzaron a pedir de inmediato la intervenci\u00f3n de las autoridades a trav\u00e9s del 911, siendo elementos de Tr\u00e1nsito Municipal, as\u00ed como T\u00e9cnicos en Urgencias M\u00e9dicas (TUM), quienes acudieron al llamado y le brindaron atenci\u00f3n prehospitalaria a los afectados.<\/p>\n<p>Finalmente las unidades quedaron a resguardo de los agentes de vialidad, mismos que se encargar\u00e1n de deslindar responsabilidades.<\/p>\n<p>Publicaci\u00f3n Original: <a href=\"https:\/\/www.elsoldepuebla.com.mx\/local\/estado\/impacta-patulla-contra-auto-particular-y-queda-atrapado-en-tehuacan-5668228.html\" target=\"_blank\" rel=\"noopener noreferrer\">https:\/\/www.elsoldepuebla.com.mx\/local\/estado\/impacta-patulla-contra-auto-particular-y-queda-atrapado-en-tehuacan-5668228.html<\/a><\/p>\n","protected":false},"excerpt":{"rendered":"<p>Un elemento de la Polic\u00eda Municipal qued\u00f3 atrapado en la patrulla, luego de haber chocado contra un veh\u00edculo particular; adem\u00e1s su acompa\u00f1ante tambi\u00e9n result\u00f3 lesionado as\u00ed como dos personas que viajaban a bordo de la otra unidad; la colisi\u00f3n se suscit\u00f3 sobre la calle 6 Poniente esquina con Pereyra Mej\u00eda. El aparatoso accidente se present\u00f3 la tarde de este lunes cuando los elementos policiales circulaban con direcci\u00f3n al poniente de la ciudad, pero al llegar al crucero referido impactaron su parte frontal contra el costado derecho de la unidad particular. Tras el impacto automovilistas que circulaban por el sitio comenzaron a pedir de inmediato la intervenci\u00f3n de las autoridades a trav\u00e9s del 911, siendo elementos de Tr\u00e1nsito Municipal, as\u00ed como T\u00e9cnicos en Urgencias M\u00e9dicas (TUM), quienes acudieron al llamado y le brindaron atenci\u00f3n prehospitalaria a los afectados. Finalmente las unidades quedaron a resguardo de los agentes de vialidad, mismos que se encargar\u00e1n de deslindar responsabilidades. Publicaci\u00f3n Original: https:\/\/www.elsoldepuebla.com.mx\/local\/estado\/impacta-patulla-contra-auto-particular-y-queda-atrapado-en-tehuacan-5668228.html<\/p>\n","protected":false},"author":1,"featured_media":17506,"comment_status":"closed","ping_status":"closed","sticky":false,"template":"","format":"standard","meta":{"_monsterinsights_skip_tracking":false,"_uf_show_specific_survey":0,"_uf_disable_surveys":false,"footnotes":""},"categories":[34],"tags":[],"class_list":["post-17502","post","type-post","status-publish","format-standard","has-post-thumbnail","hentry","category-puebla"],"yoast_head":"<!-- This site is optimized with the Yoast SEO plugin v27.5 - https:\/\/yoast.com\/product\/yoast-seo-wordpress\/ -->\n<title>Impacta patulla contra auto particular y queda atrapado en Tehuac\u00e1n - Fer Abrajan<\/title>\n<meta name=\"robots\" content=\"index, follow, max-snippet:-1, max-image-preview:large, max-video-preview:-1\" \/>\n<link rel=\"canonical\" href=\"https:\/\/ferabrajan.com\/portal\/2020\/08\/25\/impacta-patulla-contra-auto-particular-y-queda-atrapado-en-tehuacan\/\" \/>\n<meta property=\"og:locale\" content=\"es_ES\" \/>\n<meta property=\"og:type\" content=\"article\" \/>\n<meta property=\"og:title\" content=\"Impacta patulla contra auto particular y queda atrapado en Tehuac\u00e1n - Fer Abrajan\" \/>\n<meta property=\"og:description\" content=\"Un elemento de la Polic\u00eda Municipal qued\u00f3 atrapado en la patrulla, luego de haber chocado contra un veh\u00edculo particular; adem\u00e1s su acompa\u00f1ante tambi\u00e9n result\u00f3 lesionado as\u00ed como dos personas que viajaban a bordo de la otra unidad; la colisi\u00f3n se suscit\u00f3 sobre la calle 6 Poniente esquina con Pereyra Mej\u00eda. El aparatoso accidente se present\u00f3 la tarde de este lunes cuando los elementos policiales circulaban con direcci\u00f3n al poniente de la ciudad, pero al llegar al crucero referido impactaron su parte frontal contra el costado derecho de la unidad particular. Tras el impacto automovilistas que circulaban por el sitio comenzaron a pedir de inmediato la intervenci\u00f3n de las autoridades a trav\u00e9s del 911, siendo elementos de Tr\u00e1nsito Municipal, as\u00ed como T\u00e9cnicos en Urgencias M\u00e9dicas (TUM), quienes acudieron al llamado y le brindaron atenci\u00f3n prehospitalaria a los afectados. Finalmente las unidades quedaron a resguardo de los agentes de vialidad, mismos que se encargar\u00e1n de deslindar responsabilidades. Publicaci\u00f3n Original: https:\/\/www.elsoldepuebla.com.mx\/local\/estado\/impacta-patulla-contra-auto-particular-y-queda-atrapado-en-tehuacan-5668228.html\" \/>\n<meta property=\"og:url\" content=\"https:\/\/ferabrajan.com\/portal\/2020\/08\/25\/impacta-patulla-contra-auto-particular-y-queda-atrapado-en-tehuacan\/\" \/>\n<meta property=\"og:site_name\" content=\"Fer Abrajan\" \/>\n<meta property=\"article:publisher\" content=\"https:\/\/www.facebook.com\/NoticiasconFerAbrajan\/\" \/>\n<meta property=\"article:published_time\" content=\"2020-08-25T01:46:32+00:00\" \/>\n<meta name=\"author\" content=\"admin\" \/>\n<meta name=\"twitter:card\" content=\"summary_large_image\" \/>\n<meta name=\"twitter:creator\" content=\"@ferabrajan1\" \/>\n<meta name=\"twitter:site\" content=\"@ferabrajan1\" \/>\n<meta name=\"twitter:label1\" content=\"Escrito por\" \/>\n\t<meta name=\"twitter:data1\" content=\"admin\" \/>\n\t<meta name=\"twitter:label2\" content=\"Tiempo de lectura\" \/>\n\t<meta name=\"twitter:data2\" content=\"1 minuto\" \/>\n<script type=\"application\/ld+json\" class=\"yoast-schema-graph\">{\"@context\":\"https:\\\/\\\/schema.org\",\"@graph\":[{\"@type\":\"Article\",\"@id\":\"https:\\\/\\\/ferabrajan.com\\\/portal\\\/2020\\\/08\\\/25\\\/impacta-patulla-contra-auto-particular-y-queda-atrapado-en-tehuacan\\\/#article\",\"isPartOf\":{\"@id\":\"https:\\\/\\\/ferabrajan.com\\\/portal\\\/2020\\\/08\\\/25\\\/impacta-patulla-contra-auto-particular-y-queda-atrapado-en-tehuacan\\\/\"},\"author\":{\"name\":\"admin\",\"@id\":\"https:\\\/\\\/ferabrajan.com\\\/portal\\\/#\\\/schema\\\/person\\\/f6113b3cb1e036d5c6a9505685b257ba\"},\"headline\":\"Impacta patulla contra auto particular y queda atrapado en Tehuac\u00e1n\",\"datePublished\":\"2020-08-25T01:46:32+00:00\",\"mainEntityOfPage\":{\"@id\":\"https:\\\/\\\/ferabrajan.com\\\/portal\\\/2020\\\/08\\\/25\\\/impacta-patulla-contra-auto-particular-y-queda-atrapado-en-tehuacan\\\/\"},\"wordCount\":191,\"publisher\":{\"@id\":\"https:\\\/\\\/ferabrajan.com\\\/portal\\\/#organization\"},\"image\":{\"@id\":\"https:\\\/\\\/ferabrajan.com\\\/portal\\\/2020\\\/08\\\/25\\\/impacta-patulla-contra-auto-particular-y-queda-atrapado-en-tehuacan\\\/#primaryimage\"},\"thumbnailUrl\":\"\",\"articleSection\":[\"Puebla\"],\"inLanguage\":\"es\"},{\"@type\":\"WebPage\",\"@id\":\"https:\\\/\\\/ferabrajan.com\\\/portal\\\/2020\\\/08\\\/25\\\/impacta-patulla-contra-auto-particular-y-queda-atrapado-en-tehuacan\\\/\",\"url\":\"https:\\\/\\\/ferabrajan.com\\\/portal\\\/2020\\\/08\\\/25\\\/impacta-patulla-contra-auto-particular-y-queda-atrapado-en-tehuacan\\\/\",\"name\":\"Impacta patulla contra auto particular y queda atrapado en Tehuac\u00e1n - Fer Abrajan\",\"isPartOf\":{\"@id\":\"https:\\\/\\\/ferabrajan.com\\\/portal\\\/#website\"},\"primaryImageOfPage\":{\"@id\":\"https:\\\/\\\/ferabrajan.com\\\/portal\\\/2020\\\/08\\\/25\\\/impacta-patulla-contra-auto-particular-y-queda-atrapado-en-tehuacan\\\/#primaryimage\"},\"image\":{\"@id\":\"https:\\\/\\\/ferabrajan.com\\\/portal\\\/2020\\\/08\\\/25\\\/impacta-patulla-contra-auto-particular-y-queda-atrapado-en-tehuacan\\\/#primaryimage\"},\"thumbnailUrl\":\"\",\"datePublished\":\"2020-08-25T01:46:32+00:00\",\"breadcrumb\":{\"@id\":\"https:\\\/\\\/ferabrajan.com\\\/portal\\\/2020\\\/08\\\/25\\\/impacta-patulla-contra-auto-particular-y-queda-atrapado-en-tehuacan\\\/#breadcrumb\"},\"inLanguage\":\"es\",\"potentialAction\":[{\"@type\":\"ReadAction\",\"target\":[\"https:\\\/\\\/ferabrajan.com\\\/portal\\\/2020\\\/08\\\/25\\\/impacta-patulla-contra-auto-particular-y-queda-atrapado-en-tehuacan\\\/\"]}]},{\"@type\":\"ImageObject\",\"inLanguage\":\"es\",\"@id\":\"https:\\\/\\\/ferabrajan.com\\\/portal\\\/2020\\\/08\\\/25\\\/impacta-patulla-contra-auto-particular-y-queda-atrapado-en-tehuacan\\\/#primaryimage\",\"url\":\"\",\"contentUrl\":\"\"},{\"@type\":\"BreadcrumbList\",\"@id\":\"https:\\\/\\\/ferabrajan.com\\\/portal\\\/2020\\\/08\\\/25\\\/impacta-patulla-contra-auto-particular-y-queda-atrapado-en-tehuacan\\\/#breadcrumb\",\"itemListElement\":[{\"@type\":\"ListItem\",\"position\":1,\"name\":\"Portada\",\"item\":\"https:\\\/\\\/ferabrajan.com\\\/portal\\\/\"},{\"@type\":\"ListItem\",\"position\":2,\"name\":\"Impacta patulla contra auto particular y queda atrapado en Tehuac\u00e1n\"}]},{\"@type\":\"WebSite\",\"@id\":\"https:\\\/\\\/ferabrajan.com\\\/portal\\\/#website\",\"url\":\"https:\\\/\\\/ferabrajan.com\\\/portal\\\/\",\"name\":\"Fer Abrajan\",\"description\":\"Noticias de Puebla, opini\u00f3n y radio en vivo\",\"publisher\":{\"@id\":\"https:\\\/\\\/ferabrajan.com\\\/portal\\\/#organization\"},\"potentialAction\":[{\"@type\":\"SearchAction\",\"target\":{\"@type\":\"EntryPoint\",\"urlTemplate\":\"https:\\\/\\\/ferabrajan.com\\\/portal\\\/?s={search_term_string}\"},\"query-input\":{\"@type\":\"PropertyValueSpecification\",\"valueRequired\":true,\"valueName\":\"search_term_string\"}}],\"inLanguage\":\"es\"},{\"@type\":\"Organization\",\"@id\":\"https:\\\/\\\/ferabrajan.com\\\/portal\\\/#organization\",\"name\":\"Fer Abrajan\",\"url\":\"https:\\\/\\\/ferabrajan.com\\\/portal\\\/\",\"logo\":{\"@type\":\"ImageObject\",\"inLanguage\":\"es\",\"@id\":\"https:\\\/\\\/ferabrajan.com\\\/portal\\\/#\\\/schema\\\/logo\\\/image\\\/\",\"url\":\"https:\\\/\\\/ferabrajan.com\\\/portal\\\/wp-content\\\/uploads\\\/2024\\\/10\\\/cropped-logo.jpeg\",\"contentUrl\":\"https:\\\/\\\/ferabrajan.com\\\/portal\\\/wp-content\\\/uploads\\\/2024\\\/10\\\/cropped-logo.jpeg\",\"width\":500,\"height\":250,\"caption\":\"Fer Abrajan\"},\"image\":{\"@id\":\"https:\\\/\\\/ferabrajan.com\\\/portal\\\/#\\\/schema\\\/logo\\\/image\\\/\"},\"sameAs\":[\"https:\\\/\\\/www.facebook.com\\\/NoticiasconFerAbrajan\\\/\",\"https:\\\/\\\/x.com\\\/ferabrajan1\"]},{\"@type\":\"Person\",\"@id\":\"https:\\\/\\\/ferabrajan.com\\\/portal\\\/#\\\/schema\\\/person\\\/f6113b3cb1e036d5c6a9505685b257ba\",\"name\":\"admin\",\"image\":{\"@type\":\"ImageObject\",\"inLanguage\":\"es\",\"@id\":\"https:\\\/\\\/secure.gravatar.com\\\/avatar\\\/072baa72775aad53c748dfc5d3048578e01b6c087eef335459ebfa04344e2d18?s=96&d=mm&r=g\",\"url\":\"https:\\\/\\\/secure.gravatar.com\\\/avatar\\\/072baa72775aad53c748dfc5d3048578e01b6c087eef335459ebfa04344e2d18?s=96&d=mm&r=g\",\"contentUrl\":\"https:\\\/\\\/secure.gravatar.com\\\/avatar\\\/072baa72775aad53c748dfc5d3048578e01b6c087eef335459ebfa04344e2d18?s=96&d=mm&r=g\",\"caption\":\"admin\"},\"sameAs\":[\"https:\\\/\\\/ferabrajan.com\\\/portal\"],\"url\":\"https:\\\/\\\/ferabrajan.com\\\/portal\\\/author\\\/admin\\\/\"}]}<\/script>\n<!-- \/ Yoast SEO plugin. -->","yoast_head_json":{"title":"Impacta patulla contra auto particular y queda atrapado en Tehuac\u00e1n - Fer Abrajan","robots":{"index":"index","follow":"follow","max-snippet":"max-snippet:-1","max-image-preview":"max-image-preview:large","max-video-preview":"max-video-preview:-1"},"canonical":"https:\/\/ferabrajan.com\/portal\/2020\/08\/25\/impacta-patulla-contra-auto-particular-y-queda-atrapado-en-tehuacan\/","og_locale":"es_ES","og_type":"article","og_title":"Impacta patulla contra auto particular y queda atrapado en Tehuac\u00e1n - Fer Abrajan","og_description":"Un elemento de la Polic\u00eda Municipal qued\u00f3 atrapado en la patrulla, luego de haber chocado contra un veh\u00edculo particular; adem\u00e1s su acompa\u00f1ante tambi\u00e9n result\u00f3 lesionado as\u00ed como dos personas que viajaban a bordo de la otra unidad; la colisi\u00f3n se suscit\u00f3 sobre la calle 6 Poniente esquina con Pereyra Mej\u00eda. El aparatoso accidente se present\u00f3 la tarde de este lunes cuando los elementos policiales circulaban con direcci\u00f3n al poniente de la ciudad, pero al llegar al crucero referido impactaron su parte frontal contra el costado derecho de la unidad particular. Tras el impacto automovilistas que circulaban por el sitio comenzaron a pedir de inmediato la intervenci\u00f3n de las autoridades a trav\u00e9s del 911, siendo elementos de Tr\u00e1nsito Municipal, as\u00ed como T\u00e9cnicos en Urgencias M\u00e9dicas (TUM), quienes acudieron al llamado y le brindaron atenci\u00f3n prehospitalaria a los afectados. Finalmente las unidades quedaron a resguardo de los agentes de vialidad, mismos que se encargar\u00e1n de deslindar responsabilidades. Publicaci\u00f3n Original: https:\/\/www.elsoldepuebla.com.mx\/local\/estado\/impacta-patulla-contra-auto-particular-y-queda-atrapado-en-tehuacan-5668228.html","og_url":"https:\/\/ferabrajan.com\/portal\/2020\/08\/25\/impacta-patulla-contra-auto-particular-y-queda-atrapado-en-tehuacan\/","og_site_name":"Fer Abrajan","article_publisher":"https:\/\/www.facebook.com\/NoticiasconFerAbrajan\/","article_published_time":"2020-08-25T01:46:32+00:00","author":"admin","twitter_card":"summary_large_image","twitter_creator":"@ferabrajan1","twitter_site":"@ferabrajan1","twitter_misc":{"Escrito por":"admin","Tiempo de lectura":"1 minuto"},"schema":{"@context":"https:\/\/schema.org","@graph":[{"@type":"Article","@id":"https:\/\/ferabrajan.com\/portal\/2020\/08\/25\/impacta-patulla-contra-auto-particular-y-queda-atrapado-en-tehuacan\/#article","isPartOf":{"@id":"https:\/\/ferabrajan.com\/portal\/2020\/08\/25\/impacta-patulla-contra-auto-particular-y-queda-atrapado-en-tehuacan\/"},"author":{"name":"admin","@id":"https:\/\/ferabrajan.com\/portal\/#\/schema\/person\/f6113b3cb1e036d5c6a9505685b257ba"},"headline":"Impacta patulla contra auto particular y queda atrapado en Tehuac\u00e1n","datePublished":"2020-08-25T01:46:32+00:00","mainEntityOfPage":{"@id":"https:\/\/ferabrajan.com\/portal\/2020\/08\/25\/impacta-patulla-contra-auto-particular-y-queda-atrapado-en-tehuacan\/"},"wordCount":191,"publisher":{"@id":"https:\/\/ferabrajan.com\/portal\/#organization"},"image":{"@id":"https:\/\/ferabrajan.com\/portal\/2020\/08\/25\/impacta-patulla-contra-auto-particular-y-queda-atrapado-en-tehuacan\/#primaryimage"},"thumbnailUrl":"","articleSection":["Puebla"],"inLanguage":"es"},{"@type":"WebPage","@id":"https:\/\/ferabrajan.com\/portal\/2020\/08\/25\/impacta-patulla-contra-auto-particular-y-queda-atrapado-en-tehuacan\/","url":"https:\/\/ferabrajan.com\/portal\/2020\/08\/25\/impacta-patulla-contra-auto-particular-y-queda-atrapado-en-tehuacan\/","name":"Impacta patulla contra auto particular y queda atrapado en Tehuac\u00e1n - Fer Abrajan","isPartOf":{"@id":"https:\/\/ferabrajan.com\/portal\/#website"},"primaryImageOfPage":{"@id":"https:\/\/ferabrajan.com\/portal\/2020\/08\/25\/impacta-patulla-contra-auto-particular-y-queda-atrapado-en-tehuacan\/#primaryimage"},"image":{"@id":"https:\/\/ferabrajan.com\/portal\/2020\/08\/25\/impacta-patulla-contra-auto-particular-y-queda-atrapado-en-tehuacan\/#primaryimage"},"thumbnailUrl":"","datePublished":"2020-08-25T01:46:32+00:00","breadcrumb":{"@id":"https:\/\/ferabrajan.com\/portal\/2020\/08\/25\/impacta-patulla-contra-auto-particular-y-queda-atrapado-en-tehuacan\/#breadcrumb"},"inLanguage":"es","potentialAction":[{"@type":"ReadAction","target":["https:\/\/ferabrajan.com\/portal\/2020\/08\/25\/impacta-patulla-contra-auto-particular-y-queda-atrapado-en-tehuacan\/"]}]},{"@type":"ImageObject","inLanguage":"es","@id":"https:\/\/ferabrajan.com\/portal\/2020\/08\/25\/impacta-patulla-contra-auto-particular-y-queda-atrapado-en-tehuacan\/#primaryimage","url":"","contentUrl":""},{"@type":"BreadcrumbList","@id":"https:\/\/ferabrajan.com\/portal\/2020\/08\/25\/impacta-patulla-contra-auto-particular-y-queda-atrapado-en-tehuacan\/#breadcrumb","itemListElement":[{"@type":"ListItem","position":1,"name":"Portada","item":"https:\/\/ferabrajan.com\/portal\/"},{"@type":"ListItem","position":2,"name":"Impacta patulla contra auto particular y queda atrapado en Tehuac\u00e1n"}]},{"@type":"WebSite","@id":"https:\/\/ferabrajan.com\/portal\/#website","url":"https:\/\/ferabrajan.com\/portal\/","name":"Fer Abrajan","description":"Noticias de Puebla, opini\u00f3n y radio en vivo","publisher":{"@id":"https:\/\/ferabrajan.com\/portal\/#organization"},"potentialAction":[{"@type":"SearchAction","target":{"@type":"EntryPoint","urlTemplate":"https:\/\/ferabrajan.com\/portal\/?s={search_term_string}"},"query-input":{"@type":"PropertyValueSpecification","valueRequired":true,"valueName":"search_term_string"}}],"inLanguage":"es"},{"@type":"Organization","@id":"https:\/\/ferabrajan.com\/portal\/#organization","name":"Fer Abrajan","url":"https:\/\/ferabrajan.com\/portal\/","logo":{"@type":"ImageObject","inLanguage":"es","@id":"https:\/\/ferabrajan.com\/portal\/#\/schema\/logo\/image\/","url":"https:\/\/ferabrajan.com\/portal\/wp-content\/uploads\/2024\/10\/cropped-logo.jpeg","contentUrl":"https:\/\/ferabrajan.com\/portal\/wp-content\/uploads\/2024\/10\/cropped-logo.jpeg","width":500,"height":250,"caption":"Fer Abrajan"},"image":{"@id":"https:\/\/ferabrajan.com\/portal\/#\/schema\/logo\/image\/"},"sameAs":["https:\/\/www.facebook.com\/NoticiasconFerAbrajan\/","https:\/\/x.com\/ferabrajan1"]},{"@type":"Person","@id":"https:\/\/ferabrajan.com\/portal\/#\/schema\/person\/f6113b3cb1e036d5c6a9505685b257ba","name":"admin","image":{"@type":"ImageObject","inLanguage":"es","@id":"https:\/\/secure.gravatar.com\/avatar\/072baa72775aad53c748dfc5d3048578e01b6c087eef335459ebfa04344e2d18?s=96&d=mm&r=g","url":"https:\/\/secure.gravatar.com\/avatar\/072baa72775aad53c748dfc5d3048578e01b6c087eef335459ebfa04344e2d18?s=96&d=mm&r=g","contentUrl":"https:\/\/secure.gravatar.com\/avatar\/072baa72775aad53c748dfc5d3048578e01b6c087eef335459ebfa04344e2d18?s=96&d=mm&r=g","caption":"admin"},"sameAs":["https:\/\/ferabrajan.com\/portal"],"url":"https:\/\/ferabrajan.com\/portal\/author\/admin\/"}]}},"_links":{"self":[{"href":"https:\/\/ferabrajan.com\/portal\/wp-json\/wp\/v2\/posts\/17502","targetHints":{"allow":["GET"]}}],"collection":[{"href":"https:\/\/ferabrajan.com\/portal\/wp-json\/wp\/v2\/posts"}],"about":[{"href":"https:\/\/ferabrajan.com\/portal\/wp-json\/wp\/v2\/types\/post"}],"author":[{"embeddable":true,"href":"https:\/\/ferabrajan.com\/portal\/wp-json\/wp\/v2\/users\/1"}],"replies":[{"embeddable":true,"href":"https:\/\/ferabrajan.com\/portal\/wp-json\/wp\/v2\/comments?post=17502"}],"version-history":[{"count":0,"href":"https:\/\/ferabrajan.com\/portal\/wp-json\/wp\/v2\/posts\/17502\/revisions"}],"wp:attachment":[{"href":"https:\/\/ferabrajan.com\/portal\/wp-json\/wp\/v2\/media?parent=17502"}],"wp:term":[{"taxonomy":"category","embeddable":true,"href":"https:\/\/ferabrajan.com\/portal\/wp-json\/wp\/v2\/categories?post=17502"},{"taxonomy":"post_tag","embeddable":true,"href":"https:\/\/ferabrajan.com\/portal\/wp-json\/wp\/v2\/tags?post=17502"}],"curies":[{"name":"wp","href":"https:\/\/api.w.org\/{rel}","templated":true}]}}