{"id":17497,"date":"2020-08-25T01:59:39","date_gmt":"2020-08-25T01:59:39","guid":{"rendered":"https:\/\/www.elsoldepuebla.com.mx\/local\/estado\/pierde-la-vida-sobre-una-banqueta-en-calles-de-tehuacan-5668277.html"},"modified":"2020-08-25T01:59:39","modified_gmt":"2020-08-25T01:59:39","slug":"pierde-la-vida-sobre-una-banqueta-en-calles-de-tehuacan","status":"publish","type":"post","link":"https:\/\/ferabrajan.com\/portal\/2020\/08\/25\/pierde-la-vida-sobre-una-banqueta-en-calles-de-tehuacan\/","title":{"rendered":"Pierde la vida sobre una banqueta en calles de Tehuac\u00e1n"},"content":{"rendered":"<div><img decoding=\"async\" src=\"https:\/\/www.elsoldepuebla.com.mx\/local\/estado\/f6nlfy-muerto-tehuacan-1.jpg\/ALTERNATES\/LANDSCAPE_1140\/Muerto%20Tehuac%C3%A1n%201.jpg\" class=\"ff-og-image-inserted\"><\/div>\n<p>Un hombre que aparentemente ten\u00eda problemas de alcoholismo fue hallado sin vida; los hechos ocurrieron sobre la calle 27 Poniente esquina con calle Jacaranda en la colonia 3 de Mayo; vecinos del lugar alertaron a las autoridades la tarde de este lunes.<\/p>\n<p><strong>Al lugar arribaron elementos de Seguridad P\u00fablica, quienes hallaron el cuerpo inerte, tirado sobre la banqueta al ser revisado detectaron que ya carec\u00eda de signos vitales, motivo por el cual fue declarado muerto.<\/strong><\/p>\n<p>La zona fue custodiada por los uniformados, quienes crearon un cerco de seguridad para evitar que las personas entorpecieron las labores por parte de los elementos de la Polic\u00eda Cient\u00edfica, quienes llevaron a cabo las investigaciones correspondientes.<\/p>\n<p>Trascendi\u00f3 que al lugar acudieron familiares del occiso, mismos que indicaron a las autoridades que ten\u00eda problemas de alcoholismo.<\/p>\n<p><strong>Finalmente despu\u00e9s de una hora el cad\u00e1ver fue levantado e ingresado al anfiteatro de la ciudad, donde qued\u00f3 bajo resguardo del m\u00e9dico legista, qui\u00e9n se encargar\u00e1 de llevar a cabo la necropsia de ley para dar a conocer con exactitud las causas de muerte y posteriormente ser\u00e1 entregado a sus familiares, quienes no daban cr\u00e9dito de lo ocurrido.<\/strong><\/p>\n<p>Ante dicha situaci\u00f3n la vialidad estuvo obstaculizada con direcci\u00f3n al norte debido a la situaci\u00f3n que se present\u00f3; adem\u00e1s tras los hechos autoridades dieron inicio a una carpeta de investigaci\u00f3n para tratar de esclarecer lo sucedido.<\/p>\n<p>Publicaci\u00f3n Original: <a href=\"https:\/\/www.elsoldepuebla.com.mx\/local\/estado\/pierde-la-vida-sobre-una-banqueta-en-calles-de-tehuacan-5668277.html\" target=\"_blank\" rel=\"noopener noreferrer\">https:\/\/www.elsoldepuebla.com.mx\/local\/estado\/pierde-la-vida-sobre-una-banqueta-en-calles-de-tehuacan-5668277.html<\/a><\/p>\n","protected":false},"excerpt":{"rendered":"<p>Un hombre que aparentemente ten\u00eda problemas de alcoholismo fue hallado sin vida; los hechos ocurrieron sobre la calle 27 Poniente esquina con calle Jacaranda en la colonia 3 de Mayo; vecinos del lugar alertaron a las autoridades la tarde de este lunes. Al lugar arribaron elementos de Seguridad P\u00fablica, quienes hallaron el cuerpo inerte, tirado sobre la banqueta al ser revisado detectaron que ya carec\u00eda de signos vitales, motivo por el cual fue declarado muerto. La zona fue custodiada por los uniformados, quienes crearon un cerco de seguridad para evitar que las personas entorpecieron las labores por parte de los elementos de la Polic\u00eda Cient\u00edfica, quienes llevaron a cabo las investigaciones correspondientes. Trascendi\u00f3 que al lugar acudieron familiares del occiso, mismos que indicaron a las autoridades que ten\u00eda problemas de alcoholismo. Finalmente despu\u00e9s de una hora el cad\u00e1ver fue levantado e ingresado al anfiteatro de la ciudad, donde qued\u00f3 bajo resguardo del m\u00e9dico legista, qui\u00e9n se encargar\u00e1 de llevar a cabo la necropsia de ley para dar a conocer con exactitud las causas de muerte y posteriormente ser\u00e1 entregado a sus familiares, quienes no daban cr\u00e9dito de lo ocurrido. Ante dicha situaci\u00f3n la vialidad estuvo obstaculizada con direcci\u00f3n al norte debido a la situaci\u00f3n que se present\u00f3; adem\u00e1s tras los hechos autoridades dieron inicio a una carpeta de investigaci\u00f3n para tratar de esclarecer lo sucedido. Publicaci\u00f3n Original: https:\/\/www.elsoldepuebla.com.mx\/local\/estado\/pierde-la-vida-sobre-una-banqueta-en-calles-de-tehuacan-5668277.html<\/p>\n","protected":false},"author":1,"featured_media":17501,"comment_status":"closed","ping_status":"closed","sticky":false,"template":"","format":"standard","meta":{"_monsterinsights_skip_tracking":false,"_uf_show_specific_survey":0,"_uf_disable_surveys":false,"footnotes":""},"categories":[34],"tags":[],"class_list":["post-17497","post","type-post","status-publish","format-standard","has-post-thumbnail","hentry","category-puebla"],"yoast_head":"<!-- This site is optimized with the Yoast SEO plugin v27.5 - https:\/\/yoast.com\/product\/yoast-seo-wordpress\/ -->\n<title>Pierde la vida sobre una banqueta en calles de Tehuac\u00e1n - Fer Abrajan<\/title>\n<meta name=\"robots\" content=\"index, follow, max-snippet:-1, max-image-preview:large, max-video-preview:-1\" \/>\n<link rel=\"canonical\" href=\"https:\/\/ferabrajan.com\/portal\/2020\/08\/25\/pierde-la-vida-sobre-una-banqueta-en-calles-de-tehuacan\/\" \/>\n<meta property=\"og:locale\" content=\"es_ES\" \/>\n<meta property=\"og:type\" content=\"article\" \/>\n<meta property=\"og:title\" content=\"Pierde la vida sobre una banqueta en calles de Tehuac\u00e1n - Fer Abrajan\" \/>\n<meta property=\"og:description\" content=\"Un hombre que aparentemente ten\u00eda problemas de alcoholismo fue hallado sin vida; los hechos ocurrieron sobre la calle 27 Poniente esquina con calle Jacaranda en la colonia 3 de Mayo; vecinos del lugar alertaron a las autoridades la tarde de este lunes. Al lugar arribaron elementos de Seguridad P\u00fablica, quienes hallaron el cuerpo inerte, tirado sobre la banqueta al ser revisado detectaron que ya carec\u00eda de signos vitales, motivo por el cual fue declarado muerto. La zona fue custodiada por los uniformados, quienes crearon un cerco de seguridad para evitar que las personas entorpecieron las labores por parte de los elementos de la Polic\u00eda Cient\u00edfica, quienes llevaron a cabo las investigaciones correspondientes. Trascendi\u00f3 que al lugar acudieron familiares del occiso, mismos que indicaron a las autoridades que ten\u00eda problemas de alcoholismo. Finalmente despu\u00e9s de una hora el cad\u00e1ver fue levantado e ingresado al anfiteatro de la ciudad, donde qued\u00f3 bajo resguardo del m\u00e9dico legista, qui\u00e9n se encargar\u00e1 de llevar a cabo la necropsia de ley para dar a conocer con exactitud las causas de muerte y posteriormente ser\u00e1 entregado a sus familiares, quienes no daban cr\u00e9dito de lo ocurrido. Ante dicha situaci\u00f3n la vialidad estuvo obstaculizada con direcci\u00f3n al norte debido a la situaci\u00f3n que se present\u00f3; adem\u00e1s tras los hechos autoridades dieron inicio a una carpeta de investigaci\u00f3n para tratar de esclarecer lo sucedido. Publicaci\u00f3n Original: https:\/\/www.elsoldepuebla.com.mx\/local\/estado\/pierde-la-vida-sobre-una-banqueta-en-calles-de-tehuacan-5668277.html\" \/>\n<meta property=\"og:url\" content=\"https:\/\/ferabrajan.com\/portal\/2020\/08\/25\/pierde-la-vida-sobre-una-banqueta-en-calles-de-tehuacan\/\" \/>\n<meta property=\"og:site_name\" content=\"Fer Abrajan\" \/>\n<meta property=\"article:publisher\" content=\"https:\/\/www.facebook.com\/NoticiasconFerAbrajan\/\" \/>\n<meta property=\"article:published_time\" content=\"2020-08-25T01:59:39+00:00\" \/>\n<meta name=\"author\" content=\"admin\" \/>\n<meta name=\"twitter:card\" content=\"summary_large_image\" \/>\n<meta name=\"twitter:creator\" content=\"@ferabrajan1\" \/>\n<meta name=\"twitter:site\" content=\"@ferabrajan1\" \/>\n<meta name=\"twitter:label1\" content=\"Escrito por\" \/>\n\t<meta name=\"twitter:data1\" content=\"admin\" \/>\n\t<meta name=\"twitter:label2\" content=\"Tiempo de lectura\" \/>\n\t<meta name=\"twitter:data2\" content=\"1 minuto\" \/>\n<script type=\"application\/ld+json\" class=\"yoast-schema-graph\">{\"@context\":\"https:\\\/\\\/schema.org\",\"@graph\":[{\"@type\":\"Article\",\"@id\":\"https:\\\/\\\/ferabrajan.com\\\/portal\\\/2020\\\/08\\\/25\\\/pierde-la-vida-sobre-una-banqueta-en-calles-de-tehuacan\\\/#article\",\"isPartOf\":{\"@id\":\"https:\\\/\\\/ferabrajan.com\\\/portal\\\/2020\\\/08\\\/25\\\/pierde-la-vida-sobre-una-banqueta-en-calles-de-tehuacan\\\/\"},\"author\":{\"name\":\"admin\",\"@id\":\"https:\\\/\\\/ferabrajan.com\\\/portal\\\/#\\\/schema\\\/person\\\/f6113b3cb1e036d5c6a9505685b257ba\"},\"headline\":\"Pierde la vida sobre una banqueta en calles de Tehuac\u00e1n\",\"datePublished\":\"2020-08-25T01:59:39+00:00\",\"mainEntityOfPage\":{\"@id\":\"https:\\\/\\\/ferabrajan.com\\\/portal\\\/2020\\\/08\\\/25\\\/pierde-la-vida-sobre-una-banqueta-en-calles-de-tehuacan\\\/\"},\"wordCount\":262,\"publisher\":{\"@id\":\"https:\\\/\\\/ferabrajan.com\\\/portal\\\/#organization\"},\"image\":{\"@id\":\"https:\\\/\\\/ferabrajan.com\\\/portal\\\/2020\\\/08\\\/25\\\/pierde-la-vida-sobre-una-banqueta-en-calles-de-tehuacan\\\/#primaryimage\"},\"thumbnailUrl\":\"\",\"articleSection\":[\"Puebla\"],\"inLanguage\":\"es\"},{\"@type\":\"WebPage\",\"@id\":\"https:\\\/\\\/ferabrajan.com\\\/portal\\\/2020\\\/08\\\/25\\\/pierde-la-vida-sobre-una-banqueta-en-calles-de-tehuacan\\\/\",\"url\":\"https:\\\/\\\/ferabrajan.com\\\/portal\\\/2020\\\/08\\\/25\\\/pierde-la-vida-sobre-una-banqueta-en-calles-de-tehuacan\\\/\",\"name\":\"Pierde la vida sobre una banqueta en calles de Tehuac\u00e1n - Fer Abrajan\",\"isPartOf\":{\"@id\":\"https:\\\/\\\/ferabrajan.com\\\/portal\\\/#website\"},\"primaryImageOfPage\":{\"@id\":\"https:\\\/\\\/ferabrajan.com\\\/portal\\\/2020\\\/08\\\/25\\\/pierde-la-vida-sobre-una-banqueta-en-calles-de-tehuacan\\\/#primaryimage\"},\"image\":{\"@id\":\"https:\\\/\\\/ferabrajan.com\\\/portal\\\/2020\\\/08\\\/25\\\/pierde-la-vida-sobre-una-banqueta-en-calles-de-tehuacan\\\/#primaryimage\"},\"thumbnailUrl\":\"\",\"datePublished\":\"2020-08-25T01:59:39+00:00\",\"breadcrumb\":{\"@id\":\"https:\\\/\\\/ferabrajan.com\\\/portal\\\/2020\\\/08\\\/25\\\/pierde-la-vida-sobre-una-banqueta-en-calles-de-tehuacan\\\/#breadcrumb\"},\"inLanguage\":\"es\",\"potentialAction\":[{\"@type\":\"ReadAction\",\"target\":[\"https:\\\/\\\/ferabrajan.com\\\/portal\\\/2020\\\/08\\\/25\\\/pierde-la-vida-sobre-una-banqueta-en-calles-de-tehuacan\\\/\"]}]},{\"@type\":\"ImageObject\",\"inLanguage\":\"es\",\"@id\":\"https:\\\/\\\/ferabrajan.com\\\/portal\\\/2020\\\/08\\\/25\\\/pierde-la-vida-sobre-una-banqueta-en-calles-de-tehuacan\\\/#primaryimage\",\"url\":\"\",\"contentUrl\":\"\"},{\"@type\":\"BreadcrumbList\",\"@id\":\"https:\\\/\\\/ferabrajan.com\\\/portal\\\/2020\\\/08\\\/25\\\/pierde-la-vida-sobre-una-banqueta-en-calles-de-tehuacan\\\/#breadcrumb\",\"itemListElement\":[{\"@type\":\"ListItem\",\"position\":1,\"name\":\"Portada\",\"item\":\"https:\\\/\\\/ferabrajan.com\\\/portal\\\/\"},{\"@type\":\"ListItem\",\"position\":2,\"name\":\"Pierde la vida sobre una banqueta en calles de Tehuac\u00e1n\"}]},{\"@type\":\"WebSite\",\"@id\":\"https:\\\/\\\/ferabrajan.com\\\/portal\\\/#website\",\"url\":\"https:\\\/\\\/ferabrajan.com\\\/portal\\\/\",\"name\":\"Fer Abrajan\",\"description\":\"Noticias de Puebla, opini\u00f3n y radio en vivo\",\"publisher\":{\"@id\":\"https:\\\/\\\/ferabrajan.com\\\/portal\\\/#organization\"},\"potentialAction\":[{\"@type\":\"SearchAction\",\"target\":{\"@type\":\"EntryPoint\",\"urlTemplate\":\"https:\\\/\\\/ferabrajan.com\\\/portal\\\/?s={search_term_string}\"},\"query-input\":{\"@type\":\"PropertyValueSpecification\",\"valueRequired\":true,\"valueName\":\"search_term_string\"}}],\"inLanguage\":\"es\"},{\"@type\":\"Organization\",\"@id\":\"https:\\\/\\\/ferabrajan.com\\\/portal\\\/#organization\",\"name\":\"Fer Abrajan\",\"url\":\"https:\\\/\\\/ferabrajan.com\\\/portal\\\/\",\"logo\":{\"@type\":\"ImageObject\",\"inLanguage\":\"es\",\"@id\":\"https:\\\/\\\/ferabrajan.com\\\/portal\\\/#\\\/schema\\\/logo\\\/image\\\/\",\"url\":\"https:\\\/\\\/ferabrajan.com\\\/portal\\\/wp-content\\\/uploads\\\/2024\\\/10\\\/cropped-logo.jpeg\",\"contentUrl\":\"https:\\\/\\\/ferabrajan.com\\\/portal\\\/wp-content\\\/uploads\\\/2024\\\/10\\\/cropped-logo.jpeg\",\"width\":500,\"height\":250,\"caption\":\"Fer Abrajan\"},\"image\":{\"@id\":\"https:\\\/\\\/ferabrajan.com\\\/portal\\\/#\\\/schema\\\/logo\\\/image\\\/\"},\"sameAs\":[\"https:\\\/\\\/www.facebook.com\\\/NoticiasconFerAbrajan\\\/\",\"https:\\\/\\\/x.com\\\/ferabrajan1\"]},{\"@type\":\"Person\",\"@id\":\"https:\\\/\\\/ferabrajan.com\\\/portal\\\/#\\\/schema\\\/person\\\/f6113b3cb1e036d5c6a9505685b257ba\",\"name\":\"admin\",\"image\":{\"@type\":\"ImageObject\",\"inLanguage\":\"es\",\"@id\":\"https:\\\/\\\/secure.gravatar.com\\\/avatar\\\/072baa72775aad53c748dfc5d3048578e01b6c087eef335459ebfa04344e2d18?s=96&d=mm&r=g\",\"url\":\"https:\\\/\\\/secure.gravatar.com\\\/avatar\\\/072baa72775aad53c748dfc5d3048578e01b6c087eef335459ebfa04344e2d18?s=96&d=mm&r=g\",\"contentUrl\":\"https:\\\/\\\/secure.gravatar.com\\\/avatar\\\/072baa72775aad53c748dfc5d3048578e01b6c087eef335459ebfa04344e2d18?s=96&d=mm&r=g\",\"caption\":\"admin\"},\"sameAs\":[\"https:\\\/\\\/ferabrajan.com\\\/portal\"],\"url\":\"https:\\\/\\\/ferabrajan.com\\\/portal\\\/author\\\/admin\\\/\"}]}<\/script>\n<!-- \/ Yoast SEO plugin. -->","yoast_head_json":{"title":"Pierde la vida sobre una banqueta en calles de Tehuac\u00e1n - Fer Abrajan","robots":{"index":"index","follow":"follow","max-snippet":"max-snippet:-1","max-image-preview":"max-image-preview:large","max-video-preview":"max-video-preview:-1"},"canonical":"https:\/\/ferabrajan.com\/portal\/2020\/08\/25\/pierde-la-vida-sobre-una-banqueta-en-calles-de-tehuacan\/","og_locale":"es_ES","og_type":"article","og_title":"Pierde la vida sobre una banqueta en calles de Tehuac\u00e1n - Fer Abrajan","og_description":"Un hombre que aparentemente ten\u00eda problemas de alcoholismo fue hallado sin vida; los hechos ocurrieron sobre la calle 27 Poniente esquina con calle Jacaranda en la colonia 3 de Mayo; vecinos del lugar alertaron a las autoridades la tarde de este lunes. Al lugar arribaron elementos de Seguridad P\u00fablica, quienes hallaron el cuerpo inerte, tirado sobre la banqueta al ser revisado detectaron que ya carec\u00eda de signos vitales, motivo por el cual fue declarado muerto. La zona fue custodiada por los uniformados, quienes crearon un cerco de seguridad para evitar que las personas entorpecieron las labores por parte de los elementos de la Polic\u00eda Cient\u00edfica, quienes llevaron a cabo las investigaciones correspondientes. Trascendi\u00f3 que al lugar acudieron familiares del occiso, mismos que indicaron a las autoridades que ten\u00eda problemas de alcoholismo. Finalmente despu\u00e9s de una hora el cad\u00e1ver fue levantado e ingresado al anfiteatro de la ciudad, donde qued\u00f3 bajo resguardo del m\u00e9dico legista, qui\u00e9n se encargar\u00e1 de llevar a cabo la necropsia de ley para dar a conocer con exactitud las causas de muerte y posteriormente ser\u00e1 entregado a sus familiares, quienes no daban cr\u00e9dito de lo ocurrido. Ante dicha situaci\u00f3n la vialidad estuvo obstaculizada con direcci\u00f3n al norte debido a la situaci\u00f3n que se present\u00f3; adem\u00e1s tras los hechos autoridades dieron inicio a una carpeta de investigaci\u00f3n para tratar de esclarecer lo sucedido. Publicaci\u00f3n Original: https:\/\/www.elsoldepuebla.com.mx\/local\/estado\/pierde-la-vida-sobre-una-banqueta-en-calles-de-tehuacan-5668277.html","og_url":"https:\/\/ferabrajan.com\/portal\/2020\/08\/25\/pierde-la-vida-sobre-una-banqueta-en-calles-de-tehuacan\/","og_site_name":"Fer Abrajan","article_publisher":"https:\/\/www.facebook.com\/NoticiasconFerAbrajan\/","article_published_time":"2020-08-25T01:59:39+00:00","author":"admin","twitter_card":"summary_large_image","twitter_creator":"@ferabrajan1","twitter_site":"@ferabrajan1","twitter_misc":{"Escrito por":"admin","Tiempo de lectura":"1 minuto"},"schema":{"@context":"https:\/\/schema.org","@graph":[{"@type":"Article","@id":"https:\/\/ferabrajan.com\/portal\/2020\/08\/25\/pierde-la-vida-sobre-una-banqueta-en-calles-de-tehuacan\/#article","isPartOf":{"@id":"https:\/\/ferabrajan.com\/portal\/2020\/08\/25\/pierde-la-vida-sobre-una-banqueta-en-calles-de-tehuacan\/"},"author":{"name":"admin","@id":"https:\/\/ferabrajan.com\/portal\/#\/schema\/person\/f6113b3cb1e036d5c6a9505685b257ba"},"headline":"Pierde la vida sobre una banqueta en calles de Tehuac\u00e1n","datePublished":"2020-08-25T01:59:39+00:00","mainEntityOfPage":{"@id":"https:\/\/ferabrajan.com\/portal\/2020\/08\/25\/pierde-la-vida-sobre-una-banqueta-en-calles-de-tehuacan\/"},"wordCount":262,"publisher":{"@id":"https:\/\/ferabrajan.com\/portal\/#organization"},"image":{"@id":"https:\/\/ferabrajan.com\/portal\/2020\/08\/25\/pierde-la-vida-sobre-una-banqueta-en-calles-de-tehuacan\/#primaryimage"},"thumbnailUrl":"","articleSection":["Puebla"],"inLanguage":"es"},{"@type":"WebPage","@id":"https:\/\/ferabrajan.com\/portal\/2020\/08\/25\/pierde-la-vida-sobre-una-banqueta-en-calles-de-tehuacan\/","url":"https:\/\/ferabrajan.com\/portal\/2020\/08\/25\/pierde-la-vida-sobre-una-banqueta-en-calles-de-tehuacan\/","name":"Pierde la vida sobre una banqueta en calles de Tehuac\u00e1n - Fer Abrajan","isPartOf":{"@id":"https:\/\/ferabrajan.com\/portal\/#website"},"primaryImageOfPage":{"@id":"https:\/\/ferabrajan.com\/portal\/2020\/08\/25\/pierde-la-vida-sobre-una-banqueta-en-calles-de-tehuacan\/#primaryimage"},"image":{"@id":"https:\/\/ferabrajan.com\/portal\/2020\/08\/25\/pierde-la-vida-sobre-una-banqueta-en-calles-de-tehuacan\/#primaryimage"},"thumbnailUrl":"","datePublished":"2020-08-25T01:59:39+00:00","breadcrumb":{"@id":"https:\/\/ferabrajan.com\/portal\/2020\/08\/25\/pierde-la-vida-sobre-una-banqueta-en-calles-de-tehuacan\/#breadcrumb"},"inLanguage":"es","potentialAction":[{"@type":"ReadAction","target":["https:\/\/ferabrajan.com\/portal\/2020\/08\/25\/pierde-la-vida-sobre-una-banqueta-en-calles-de-tehuacan\/"]}]},{"@type":"ImageObject","inLanguage":"es","@id":"https:\/\/ferabrajan.com\/portal\/2020\/08\/25\/pierde-la-vida-sobre-una-banqueta-en-calles-de-tehuacan\/#primaryimage","url":"","contentUrl":""},{"@type":"BreadcrumbList","@id":"https:\/\/ferabrajan.com\/portal\/2020\/08\/25\/pierde-la-vida-sobre-una-banqueta-en-calles-de-tehuacan\/#breadcrumb","itemListElement":[{"@type":"ListItem","position":1,"name":"Portada","item":"https:\/\/ferabrajan.com\/portal\/"},{"@type":"ListItem","position":2,"name":"Pierde la vida sobre una banqueta en calles de Tehuac\u00e1n"}]},{"@type":"WebSite","@id":"https:\/\/ferabrajan.com\/portal\/#website","url":"https:\/\/ferabrajan.com\/portal\/","name":"Fer Abrajan","description":"Noticias de Puebla, opini\u00f3n y radio en vivo","publisher":{"@id":"https:\/\/ferabrajan.com\/portal\/#organization"},"potentialAction":[{"@type":"SearchAction","target":{"@type":"EntryPoint","urlTemplate":"https:\/\/ferabrajan.com\/portal\/?s={search_term_string}"},"query-input":{"@type":"PropertyValueSpecification","valueRequired":true,"valueName":"search_term_string"}}],"inLanguage":"es"},{"@type":"Organization","@id":"https:\/\/ferabrajan.com\/portal\/#organization","name":"Fer Abrajan","url":"https:\/\/ferabrajan.com\/portal\/","logo":{"@type":"ImageObject","inLanguage":"es","@id":"https:\/\/ferabrajan.com\/portal\/#\/schema\/logo\/image\/","url":"https:\/\/ferabrajan.com\/portal\/wp-content\/uploads\/2024\/10\/cropped-logo.jpeg","contentUrl":"https:\/\/ferabrajan.com\/portal\/wp-content\/uploads\/2024\/10\/cropped-logo.jpeg","width":500,"height":250,"caption":"Fer Abrajan"},"image":{"@id":"https:\/\/ferabrajan.com\/portal\/#\/schema\/logo\/image\/"},"sameAs":["https:\/\/www.facebook.com\/NoticiasconFerAbrajan\/","https:\/\/x.com\/ferabrajan1"]},{"@type":"Person","@id":"https:\/\/ferabrajan.com\/portal\/#\/schema\/person\/f6113b3cb1e036d5c6a9505685b257ba","name":"admin","image":{"@type":"ImageObject","inLanguage":"es","@id":"https:\/\/secure.gravatar.com\/avatar\/072baa72775aad53c748dfc5d3048578e01b6c087eef335459ebfa04344e2d18?s=96&d=mm&r=g","url":"https:\/\/secure.gravatar.com\/avatar\/072baa72775aad53c748dfc5d3048578e01b6c087eef335459ebfa04344e2d18?s=96&d=mm&r=g","contentUrl":"https:\/\/secure.gravatar.com\/avatar\/072baa72775aad53c748dfc5d3048578e01b6c087eef335459ebfa04344e2d18?s=96&d=mm&r=g","caption":"admin"},"sameAs":["https:\/\/ferabrajan.com\/portal"],"url":"https:\/\/ferabrajan.com\/portal\/author\/admin\/"}]}},"_links":{"self":[{"href":"https:\/\/ferabrajan.com\/portal\/wp-json\/wp\/v2\/posts\/17497","targetHints":{"allow":["GET"]}}],"collection":[{"href":"https:\/\/ferabrajan.com\/portal\/wp-json\/wp\/v2\/posts"}],"about":[{"href":"https:\/\/ferabrajan.com\/portal\/wp-json\/wp\/v2\/types\/post"}],"author":[{"embeddable":true,"href":"https:\/\/ferabrajan.com\/portal\/wp-json\/wp\/v2\/users\/1"}],"replies":[{"embeddable":true,"href":"https:\/\/ferabrajan.com\/portal\/wp-json\/wp\/v2\/comments?post=17497"}],"version-history":[{"count":0,"href":"https:\/\/ferabrajan.com\/portal\/wp-json\/wp\/v2\/posts\/17497\/revisions"}],"wp:attachment":[{"href":"https:\/\/ferabrajan.com\/portal\/wp-json\/wp\/v2\/media?parent=17497"}],"wp:term":[{"taxonomy":"category","embeddable":true,"href":"https:\/\/ferabrajan.com\/portal\/wp-json\/wp\/v2\/categories?post=17497"},{"taxonomy":"post_tag","embeddable":true,"href":"https:\/\/ferabrajan.com\/portal\/wp-json\/wp\/v2\/tags?post=17497"}],"curies":[{"name":"wp","href":"https:\/\/api.w.org\/{rel}","templated":true}]}}