{"id":17467,"date":"2020-08-25T02:05:48","date_gmt":"2020-08-25T02:05:48","guid":{"rendered":"http:\/\/www.ferabrajan.com\/?p=17467"},"modified":"2020-08-25T02:05:48","modified_gmt":"2020-08-25T02:05:48","slug":"piden-diputadas-campanas-de-prevencion-contra-cancer-de-mama-en-lenguas-originarias","status":"publish","type":"post","link":"https:\/\/ferabrajan.com\/portal\/2020\/08\/25\/piden-diputadas-campanas-de-prevencion-contra-cancer-de-mama-en-lenguas-originarias\/","title":{"rendered":"Piden diputadas campa\u00f1as de prevenci\u00f3n contra c\u00e1ncer de mama en lenguas originarias"},"content":{"rendered":"<p><strong>Redacci\u00f3n<\/strong><br \/>\nPor unanimidad la Comisi\u00f3n de Salud del Congreso del Estado aprob\u00f3 exhortar al titular de la Secretar\u00eda de Salud a fin de fortalecer una campa\u00f1a informativa que difunda acciones preventivas de c\u00e1ncer de mama.<br \/>\nLa solicitud de las y los diputados es que las campa\u00f1as sea difundidas en lenguas originarias como n\u00e1huatl, totonaco, otom\u00ed, popoloca mixteco, mazateco y tepehua, que son uso en el territorio poblano.<br \/>\nLas diputadas Cristina Tello Rosas, presidente de la citada comisi\u00f3n, Mar\u00eda del Carmen Saavedra Fern\u00e1ndez, B\u00e1rbara Mor\u00e1n A\u00f1orve y Olga Luc\u00eda Romero Garci Crespo, destacaron que la informaci\u00f3n en lenguas originarias ayudar\u00e1 a prevenir y combatir el c\u00e1ncer de mama en las comunidades ind\u00edgenas.<br \/>\nAl llamado se sum\u00f3 el diputado Javier Casique Z\u00e1rate al proponer que el Instituto Nacional de Lenguas Ind\u00edgenas apoye con la traducci\u00f3n de la informaci\u00f3n en las lenguas maternas.<br \/>\n<span style=\"font-style: inherit; font-weight: inherit;\">\u00a0<\/span><br \/>\n<span style=\"font-style: inherit; font-weight: inherit;\">\u00a0<\/span><\/p>\n","protected":false},"excerpt":{"rendered":"<p>Redacci\u00f3n Por unanimidad la Comisi\u00f3n de Salud del Congreso del Estado aprob\u00f3 exhortar al titular de la Secretar\u00eda de Salud a fin de fortalecer una campa\u00f1a informativa que difunda acciones preventivas de c\u00e1ncer de mama. La solicitud de las y los diputados es que las campa\u00f1as sea difundidas en lenguas originarias como n\u00e1huatl, totonaco, otom\u00ed, popoloca mixteco, mazateco y tepehua, que son uso en el territorio poblano. Las diputadas Cristina Tello Rosas, presidente de la citada comisi\u00f3n, Mar\u00eda del Carmen Saavedra Fern\u00e1ndez, B\u00e1rbara Mor\u00e1n A\u00f1orve y Olga Luc\u00eda Romero Garci Crespo, destacaron que la informaci\u00f3n en lenguas originarias ayudar\u00e1 a prevenir y combatir el c\u00e1ncer de mama en las comunidades ind\u00edgenas. Al llamado se sum\u00f3 el diputado Javier Casique Z\u00e1rate al proponer que el Instituto Nacional de Lenguas Ind\u00edgenas apoye con la traducci\u00f3n de la informaci\u00f3n en las lenguas maternas. \u00a0 \u00a0<\/p>\n","protected":false},"author":1,"featured_media":17468,"comment_status":"open","ping_status":"open","sticky":false,"template":"","format":"standard","meta":{"_monsterinsights_skip_tracking":false,"_uf_show_specific_survey":0,"_uf_disable_surveys":false,"footnotes":""},"categories":[34],"tags":[271,388,443,26],"class_list":["post-17467","post","type-post","status-publish","format-standard","has-post-thumbnail","hentry","category-puebla","tag-cancer-de-mama","tag-diputadas","tag-lenguas-indigenas","tag-puebla"],"yoast_head":"<!-- This site is optimized with the Yoast SEO plugin v27.5 - https:\/\/yoast.com\/product\/yoast-seo-wordpress\/ -->\n<title>Piden diputadas campa\u00f1as de prevenci\u00f3n contra c\u00e1ncer de mama en lenguas originarias - Fer Abrajan<\/title>\n<meta name=\"robots\" content=\"index, follow, max-snippet:-1, max-image-preview:large, max-video-preview:-1\" \/>\n<link rel=\"canonical\" href=\"https:\/\/ferabrajan.com\/portal\/2020\/08\/25\/piden-diputadas-campanas-de-prevencion-contra-cancer-de-mama-en-lenguas-originarias\/\" \/>\n<meta property=\"og:locale\" content=\"es_ES\" \/>\n<meta property=\"og:type\" content=\"article\" \/>\n<meta property=\"og:title\" content=\"Piden diputadas campa\u00f1as de prevenci\u00f3n contra c\u00e1ncer de mama en lenguas originarias - Fer Abrajan\" \/>\n<meta property=\"og:description\" content=\"Redacci\u00f3n Por unanimidad la Comisi\u00f3n de Salud del Congreso del Estado aprob\u00f3 exhortar al titular de la Secretar\u00eda de Salud a fin de fortalecer una campa\u00f1a informativa que difunda acciones preventivas de c\u00e1ncer de mama. La solicitud de las y los diputados es que las campa\u00f1as sea difundidas en lenguas originarias como n\u00e1huatl, totonaco, otom\u00ed, popoloca mixteco, mazateco y tepehua, que son uso en el territorio poblano. Las diputadas Cristina Tello Rosas, presidente de la citada comisi\u00f3n, Mar\u00eda del Carmen Saavedra Fern\u00e1ndez, B\u00e1rbara Mor\u00e1n A\u00f1orve y Olga Luc\u00eda Romero Garci Crespo, destacaron que la informaci\u00f3n en lenguas originarias ayudar\u00e1 a prevenir y combatir el c\u00e1ncer de mama en las comunidades ind\u00edgenas. Al llamado se sum\u00f3 el diputado Javier Casique Z\u00e1rate al proponer que el Instituto Nacional de Lenguas Ind\u00edgenas apoye con la traducci\u00f3n de la informaci\u00f3n en las lenguas maternas. \u00a0 \u00a0\" \/>\n<meta property=\"og:url\" content=\"https:\/\/ferabrajan.com\/portal\/2020\/08\/25\/piden-diputadas-campanas-de-prevencion-contra-cancer-de-mama-en-lenguas-originarias\/\" \/>\n<meta property=\"og:site_name\" content=\"Fer Abrajan\" \/>\n<meta property=\"article:publisher\" content=\"https:\/\/www.facebook.com\/NoticiasconFerAbrajan\/\" \/>\n<meta property=\"article:published_time\" content=\"2020-08-25T02:05:48+00:00\" \/>\n<meta name=\"author\" content=\"admin\" \/>\n<meta name=\"twitter:card\" content=\"summary_large_image\" \/>\n<meta name=\"twitter:creator\" content=\"@ferabrajan1\" \/>\n<meta name=\"twitter:site\" content=\"@ferabrajan1\" \/>\n<meta name=\"twitter:label1\" content=\"Escrito por\" \/>\n\t<meta name=\"twitter:data1\" content=\"admin\" \/>\n\t<meta name=\"twitter:label2\" content=\"Tiempo de lectura\" \/>\n\t<meta name=\"twitter:data2\" content=\"1 minuto\" \/>\n<script type=\"application\/ld+json\" class=\"yoast-schema-graph\">{\"@context\":\"https:\\\/\\\/schema.org\",\"@graph\":[{\"@type\":\"Article\",\"@id\":\"https:\\\/\\\/ferabrajan.com\\\/portal\\\/2020\\\/08\\\/25\\\/piden-diputadas-campanas-de-prevencion-contra-cancer-de-mama-en-lenguas-originarias\\\/#article\",\"isPartOf\":{\"@id\":\"https:\\\/\\\/ferabrajan.com\\\/portal\\\/2020\\\/08\\\/25\\\/piden-diputadas-campanas-de-prevencion-contra-cancer-de-mama-en-lenguas-originarias\\\/\"},\"author\":{\"name\":\"admin\",\"@id\":\"https:\\\/\\\/ferabrajan.com\\\/portal\\\/#\\\/schema\\\/person\\\/f6113b3cb1e036d5c6a9505685b257ba\"},\"headline\":\"Piden diputadas campa\u00f1as de prevenci\u00f3n contra c\u00e1ncer de mama en lenguas originarias\",\"datePublished\":\"2020-08-25T02:05:48+00:00\",\"mainEntityOfPage\":{\"@id\":\"https:\\\/\\\/ferabrajan.com\\\/portal\\\/2020\\\/08\\\/25\\\/piden-diputadas-campanas-de-prevencion-contra-cancer-de-mama-en-lenguas-originarias\\\/\"},\"wordCount\":176,\"commentCount\":0,\"publisher\":{\"@id\":\"https:\\\/\\\/ferabrajan.com\\\/portal\\\/#organization\"},\"image\":{\"@id\":\"https:\\\/\\\/ferabrajan.com\\\/portal\\\/2020\\\/08\\\/25\\\/piden-diputadas-campanas-de-prevencion-contra-cancer-de-mama-en-lenguas-originarias\\\/#primaryimage\"},\"thumbnailUrl\":\"\",\"keywords\":[\"c\u00e1ncer de mama\",\"Diputadas\",\"Lenguas Ind\u00edgenas\",\"puebla\"],\"articleSection\":[\"Puebla\"],\"inLanguage\":\"es\"},{\"@type\":\"WebPage\",\"@id\":\"https:\\\/\\\/ferabrajan.com\\\/portal\\\/2020\\\/08\\\/25\\\/piden-diputadas-campanas-de-prevencion-contra-cancer-de-mama-en-lenguas-originarias\\\/\",\"url\":\"https:\\\/\\\/ferabrajan.com\\\/portal\\\/2020\\\/08\\\/25\\\/piden-diputadas-campanas-de-prevencion-contra-cancer-de-mama-en-lenguas-originarias\\\/\",\"name\":\"Piden diputadas campa\u00f1as de prevenci\u00f3n contra c\u00e1ncer de mama en lenguas originarias - Fer Abrajan\",\"isPartOf\":{\"@id\":\"https:\\\/\\\/ferabrajan.com\\\/portal\\\/#website\"},\"primaryImageOfPage\":{\"@id\":\"https:\\\/\\\/ferabrajan.com\\\/portal\\\/2020\\\/08\\\/25\\\/piden-diputadas-campanas-de-prevencion-contra-cancer-de-mama-en-lenguas-originarias\\\/#primaryimage\"},\"image\":{\"@id\":\"https:\\\/\\\/ferabrajan.com\\\/portal\\\/2020\\\/08\\\/25\\\/piden-diputadas-campanas-de-prevencion-contra-cancer-de-mama-en-lenguas-originarias\\\/#primaryimage\"},\"thumbnailUrl\":\"\",\"datePublished\":\"2020-08-25T02:05:48+00:00\",\"breadcrumb\":{\"@id\":\"https:\\\/\\\/ferabrajan.com\\\/portal\\\/2020\\\/08\\\/25\\\/piden-diputadas-campanas-de-prevencion-contra-cancer-de-mama-en-lenguas-originarias\\\/#breadcrumb\"},\"inLanguage\":\"es\",\"potentialAction\":[{\"@type\":\"ReadAction\",\"target\":[\"https:\\\/\\\/ferabrajan.com\\\/portal\\\/2020\\\/08\\\/25\\\/piden-diputadas-campanas-de-prevencion-contra-cancer-de-mama-en-lenguas-originarias\\\/\"]}]},{\"@type\":\"ImageObject\",\"inLanguage\":\"es\",\"@id\":\"https:\\\/\\\/ferabrajan.com\\\/portal\\\/2020\\\/08\\\/25\\\/piden-diputadas-campanas-de-prevencion-contra-cancer-de-mama-en-lenguas-originarias\\\/#primaryimage\",\"url\":\"\",\"contentUrl\":\"\"},{\"@type\":\"BreadcrumbList\",\"@id\":\"https:\\\/\\\/ferabrajan.com\\\/portal\\\/2020\\\/08\\\/25\\\/piden-diputadas-campanas-de-prevencion-contra-cancer-de-mama-en-lenguas-originarias\\\/#breadcrumb\",\"itemListElement\":[{\"@type\":\"ListItem\",\"position\":1,\"name\":\"Portada\",\"item\":\"https:\\\/\\\/ferabrajan.com\\\/portal\\\/\"},{\"@type\":\"ListItem\",\"position\":2,\"name\":\"Piden diputadas campa\u00f1as de prevenci\u00f3n contra c\u00e1ncer de mama en lenguas originarias\"}]},{\"@type\":\"WebSite\",\"@id\":\"https:\\\/\\\/ferabrajan.com\\\/portal\\\/#website\",\"url\":\"https:\\\/\\\/ferabrajan.com\\\/portal\\\/\",\"name\":\"Fer Abrajan\",\"description\":\"Noticias de Puebla, opini\u00f3n y radio en vivo\",\"publisher\":{\"@id\":\"https:\\\/\\\/ferabrajan.com\\\/portal\\\/#organization\"},\"potentialAction\":[{\"@type\":\"SearchAction\",\"target\":{\"@type\":\"EntryPoint\",\"urlTemplate\":\"https:\\\/\\\/ferabrajan.com\\\/portal\\\/?s={search_term_string}\"},\"query-input\":{\"@type\":\"PropertyValueSpecification\",\"valueRequired\":true,\"valueName\":\"search_term_string\"}}],\"inLanguage\":\"es\"},{\"@type\":\"Organization\",\"@id\":\"https:\\\/\\\/ferabrajan.com\\\/portal\\\/#organization\",\"name\":\"Fer Abrajan\",\"url\":\"https:\\\/\\\/ferabrajan.com\\\/portal\\\/\",\"logo\":{\"@type\":\"ImageObject\",\"inLanguage\":\"es\",\"@id\":\"https:\\\/\\\/ferabrajan.com\\\/portal\\\/#\\\/schema\\\/logo\\\/image\\\/\",\"url\":\"https:\\\/\\\/ferabrajan.com\\\/portal\\\/wp-content\\\/uploads\\\/2024\\\/10\\\/cropped-logo.jpeg\",\"contentUrl\":\"https:\\\/\\\/ferabrajan.com\\\/portal\\\/wp-content\\\/uploads\\\/2024\\\/10\\\/cropped-logo.jpeg\",\"width\":500,\"height\":250,\"caption\":\"Fer Abrajan\"},\"image\":{\"@id\":\"https:\\\/\\\/ferabrajan.com\\\/portal\\\/#\\\/schema\\\/logo\\\/image\\\/\"},\"sameAs\":[\"https:\\\/\\\/www.facebook.com\\\/NoticiasconFerAbrajan\\\/\",\"https:\\\/\\\/x.com\\\/ferabrajan1\"]},{\"@type\":\"Person\",\"@id\":\"https:\\\/\\\/ferabrajan.com\\\/portal\\\/#\\\/schema\\\/person\\\/f6113b3cb1e036d5c6a9505685b257ba\",\"name\":\"admin\",\"image\":{\"@type\":\"ImageObject\",\"inLanguage\":\"es\",\"@id\":\"https:\\\/\\\/secure.gravatar.com\\\/avatar\\\/072baa72775aad53c748dfc5d3048578e01b6c087eef335459ebfa04344e2d18?s=96&d=mm&r=g\",\"url\":\"https:\\\/\\\/secure.gravatar.com\\\/avatar\\\/072baa72775aad53c748dfc5d3048578e01b6c087eef335459ebfa04344e2d18?s=96&d=mm&r=g\",\"contentUrl\":\"https:\\\/\\\/secure.gravatar.com\\\/avatar\\\/072baa72775aad53c748dfc5d3048578e01b6c087eef335459ebfa04344e2d18?s=96&d=mm&r=g\",\"caption\":\"admin\"},\"sameAs\":[\"https:\\\/\\\/ferabrajan.com\\\/portal\"],\"url\":\"https:\\\/\\\/ferabrajan.com\\\/portal\\\/author\\\/admin\\\/\"}]}<\/script>\n<!-- \/ Yoast SEO plugin. -->","yoast_head_json":{"title":"Piden diputadas campa\u00f1as de prevenci\u00f3n contra c\u00e1ncer de mama en lenguas originarias - Fer Abrajan","robots":{"index":"index","follow":"follow","max-snippet":"max-snippet:-1","max-image-preview":"max-image-preview:large","max-video-preview":"max-video-preview:-1"},"canonical":"https:\/\/ferabrajan.com\/portal\/2020\/08\/25\/piden-diputadas-campanas-de-prevencion-contra-cancer-de-mama-en-lenguas-originarias\/","og_locale":"es_ES","og_type":"article","og_title":"Piden diputadas campa\u00f1as de prevenci\u00f3n contra c\u00e1ncer de mama en lenguas originarias - Fer Abrajan","og_description":"Redacci\u00f3n Por unanimidad la Comisi\u00f3n de Salud del Congreso del Estado aprob\u00f3 exhortar al titular de la Secretar\u00eda de Salud a fin de fortalecer una campa\u00f1a informativa que difunda acciones preventivas de c\u00e1ncer de mama. La solicitud de las y los diputados es que las campa\u00f1as sea difundidas en lenguas originarias como n\u00e1huatl, totonaco, otom\u00ed, popoloca mixteco, mazateco y tepehua, que son uso en el territorio poblano. Las diputadas Cristina Tello Rosas, presidente de la citada comisi\u00f3n, Mar\u00eda del Carmen Saavedra Fern\u00e1ndez, B\u00e1rbara Mor\u00e1n A\u00f1orve y Olga Luc\u00eda Romero Garci Crespo, destacaron que la informaci\u00f3n en lenguas originarias ayudar\u00e1 a prevenir y combatir el c\u00e1ncer de mama en las comunidades ind\u00edgenas. Al llamado se sum\u00f3 el diputado Javier Casique Z\u00e1rate al proponer que el Instituto Nacional de Lenguas Ind\u00edgenas apoye con la traducci\u00f3n de la informaci\u00f3n en las lenguas maternas. \u00a0 \u00a0","og_url":"https:\/\/ferabrajan.com\/portal\/2020\/08\/25\/piden-diputadas-campanas-de-prevencion-contra-cancer-de-mama-en-lenguas-originarias\/","og_site_name":"Fer Abrajan","article_publisher":"https:\/\/www.facebook.com\/NoticiasconFerAbrajan\/","article_published_time":"2020-08-25T02:05:48+00:00","author":"admin","twitter_card":"summary_large_image","twitter_creator":"@ferabrajan1","twitter_site":"@ferabrajan1","twitter_misc":{"Escrito por":"admin","Tiempo de lectura":"1 minuto"},"schema":{"@context":"https:\/\/schema.org","@graph":[{"@type":"Article","@id":"https:\/\/ferabrajan.com\/portal\/2020\/08\/25\/piden-diputadas-campanas-de-prevencion-contra-cancer-de-mama-en-lenguas-originarias\/#article","isPartOf":{"@id":"https:\/\/ferabrajan.com\/portal\/2020\/08\/25\/piden-diputadas-campanas-de-prevencion-contra-cancer-de-mama-en-lenguas-originarias\/"},"author":{"name":"admin","@id":"https:\/\/ferabrajan.com\/portal\/#\/schema\/person\/f6113b3cb1e036d5c6a9505685b257ba"},"headline":"Piden diputadas campa\u00f1as de prevenci\u00f3n contra c\u00e1ncer de mama en lenguas originarias","datePublished":"2020-08-25T02:05:48+00:00","mainEntityOfPage":{"@id":"https:\/\/ferabrajan.com\/portal\/2020\/08\/25\/piden-diputadas-campanas-de-prevencion-contra-cancer-de-mama-en-lenguas-originarias\/"},"wordCount":176,"commentCount":0,"publisher":{"@id":"https:\/\/ferabrajan.com\/portal\/#organization"},"image":{"@id":"https:\/\/ferabrajan.com\/portal\/2020\/08\/25\/piden-diputadas-campanas-de-prevencion-contra-cancer-de-mama-en-lenguas-originarias\/#primaryimage"},"thumbnailUrl":"","keywords":["c\u00e1ncer de mama","Diputadas","Lenguas Ind\u00edgenas","puebla"],"articleSection":["Puebla"],"inLanguage":"es"},{"@type":"WebPage","@id":"https:\/\/ferabrajan.com\/portal\/2020\/08\/25\/piden-diputadas-campanas-de-prevencion-contra-cancer-de-mama-en-lenguas-originarias\/","url":"https:\/\/ferabrajan.com\/portal\/2020\/08\/25\/piden-diputadas-campanas-de-prevencion-contra-cancer-de-mama-en-lenguas-originarias\/","name":"Piden diputadas campa\u00f1as de prevenci\u00f3n contra c\u00e1ncer de mama en lenguas originarias - Fer Abrajan","isPartOf":{"@id":"https:\/\/ferabrajan.com\/portal\/#website"},"primaryImageOfPage":{"@id":"https:\/\/ferabrajan.com\/portal\/2020\/08\/25\/piden-diputadas-campanas-de-prevencion-contra-cancer-de-mama-en-lenguas-originarias\/#primaryimage"},"image":{"@id":"https:\/\/ferabrajan.com\/portal\/2020\/08\/25\/piden-diputadas-campanas-de-prevencion-contra-cancer-de-mama-en-lenguas-originarias\/#primaryimage"},"thumbnailUrl":"","datePublished":"2020-08-25T02:05:48+00:00","breadcrumb":{"@id":"https:\/\/ferabrajan.com\/portal\/2020\/08\/25\/piden-diputadas-campanas-de-prevencion-contra-cancer-de-mama-en-lenguas-originarias\/#breadcrumb"},"inLanguage":"es","potentialAction":[{"@type":"ReadAction","target":["https:\/\/ferabrajan.com\/portal\/2020\/08\/25\/piden-diputadas-campanas-de-prevencion-contra-cancer-de-mama-en-lenguas-originarias\/"]}]},{"@type":"ImageObject","inLanguage":"es","@id":"https:\/\/ferabrajan.com\/portal\/2020\/08\/25\/piden-diputadas-campanas-de-prevencion-contra-cancer-de-mama-en-lenguas-originarias\/#primaryimage","url":"","contentUrl":""},{"@type":"BreadcrumbList","@id":"https:\/\/ferabrajan.com\/portal\/2020\/08\/25\/piden-diputadas-campanas-de-prevencion-contra-cancer-de-mama-en-lenguas-originarias\/#breadcrumb","itemListElement":[{"@type":"ListItem","position":1,"name":"Portada","item":"https:\/\/ferabrajan.com\/portal\/"},{"@type":"ListItem","position":2,"name":"Piden diputadas campa\u00f1as de prevenci\u00f3n contra c\u00e1ncer de mama en lenguas originarias"}]},{"@type":"WebSite","@id":"https:\/\/ferabrajan.com\/portal\/#website","url":"https:\/\/ferabrajan.com\/portal\/","name":"Fer Abrajan","description":"Noticias de Puebla, opini\u00f3n y radio en vivo","publisher":{"@id":"https:\/\/ferabrajan.com\/portal\/#organization"},"potentialAction":[{"@type":"SearchAction","target":{"@type":"EntryPoint","urlTemplate":"https:\/\/ferabrajan.com\/portal\/?s={search_term_string}"},"query-input":{"@type":"PropertyValueSpecification","valueRequired":true,"valueName":"search_term_string"}}],"inLanguage":"es"},{"@type":"Organization","@id":"https:\/\/ferabrajan.com\/portal\/#organization","name":"Fer Abrajan","url":"https:\/\/ferabrajan.com\/portal\/","logo":{"@type":"ImageObject","inLanguage":"es","@id":"https:\/\/ferabrajan.com\/portal\/#\/schema\/logo\/image\/","url":"https:\/\/ferabrajan.com\/portal\/wp-content\/uploads\/2024\/10\/cropped-logo.jpeg","contentUrl":"https:\/\/ferabrajan.com\/portal\/wp-content\/uploads\/2024\/10\/cropped-logo.jpeg","width":500,"height":250,"caption":"Fer Abrajan"},"image":{"@id":"https:\/\/ferabrajan.com\/portal\/#\/schema\/logo\/image\/"},"sameAs":["https:\/\/www.facebook.com\/NoticiasconFerAbrajan\/","https:\/\/x.com\/ferabrajan1"]},{"@type":"Person","@id":"https:\/\/ferabrajan.com\/portal\/#\/schema\/person\/f6113b3cb1e036d5c6a9505685b257ba","name":"admin","image":{"@type":"ImageObject","inLanguage":"es","@id":"https:\/\/secure.gravatar.com\/avatar\/072baa72775aad53c748dfc5d3048578e01b6c087eef335459ebfa04344e2d18?s=96&d=mm&r=g","url":"https:\/\/secure.gravatar.com\/avatar\/072baa72775aad53c748dfc5d3048578e01b6c087eef335459ebfa04344e2d18?s=96&d=mm&r=g","contentUrl":"https:\/\/secure.gravatar.com\/avatar\/072baa72775aad53c748dfc5d3048578e01b6c087eef335459ebfa04344e2d18?s=96&d=mm&r=g","caption":"admin"},"sameAs":["https:\/\/ferabrajan.com\/portal"],"url":"https:\/\/ferabrajan.com\/portal\/author\/admin\/"}]}},"_links":{"self":[{"href":"https:\/\/ferabrajan.com\/portal\/wp-json\/wp\/v2\/posts\/17467","targetHints":{"allow":["GET"]}}],"collection":[{"href":"https:\/\/ferabrajan.com\/portal\/wp-json\/wp\/v2\/posts"}],"about":[{"href":"https:\/\/ferabrajan.com\/portal\/wp-json\/wp\/v2\/types\/post"}],"author":[{"embeddable":true,"href":"https:\/\/ferabrajan.com\/portal\/wp-json\/wp\/v2\/users\/1"}],"replies":[{"embeddable":true,"href":"https:\/\/ferabrajan.com\/portal\/wp-json\/wp\/v2\/comments?post=17467"}],"version-history":[{"count":0,"href":"https:\/\/ferabrajan.com\/portal\/wp-json\/wp\/v2\/posts\/17467\/revisions"}],"wp:attachment":[{"href":"https:\/\/ferabrajan.com\/portal\/wp-json\/wp\/v2\/media?parent=17467"}],"wp:term":[{"taxonomy":"category","embeddable":true,"href":"https:\/\/ferabrajan.com\/portal\/wp-json\/wp\/v2\/categories?post=17467"},{"taxonomy":"post_tag","embeddable":true,"href":"https:\/\/ferabrajan.com\/portal\/wp-json\/wp\/v2\/tags?post=17467"}],"curies":[{"name":"wp","href":"https:\/\/api.w.org\/{rel}","templated":true}]}}