{"id":17427,"date":"2020-08-24T21:09:00","date_gmt":"2020-08-24T21:09:00","guid":{"rendered":"http:\/\/www.ferabrajan.com\/?p=17427"},"modified":"2020-08-24T21:09:00","modified_gmt":"2020-08-24T21:09:00","slug":"revientan-a-espn-por-pesima-transmision-del-atletico-de-san-luis-vs-cruz-azul","status":"publish","type":"post","link":"https:\/\/ferabrajan.com\/portal\/2020\/08\/24\/revientan-a-espn-por-pesima-transmision-del-atletico-de-san-luis-vs-cruz-azul\/","title":{"rendered":"Revientan a ESPN por p\u00e9sima transmisi\u00f3n del Atl\u00e9tico de San Luis vs Cruz Azul"},"content":{"rendered":"<div><img decoding=\"async\" src=\"https:\/\/www.eluniversal.com.mx\/sites\/default\/files\/2020\/08\/23\/imago-963185.jpg\" class=\"ff-og-image-inserted\"><\/div>\n<p>A <strong>ESPN<\/strong> se le fue la se\u00f1al en el arranque del segundo tiempo, durante el partido entre el <strong>Atl\u00e9tico de San Luis<\/strong>. La transmisi\u00f3n fue cortada, con im\u00e1genes del torneo de tenis que se disputa actualmente en <strong>Nueva York<\/strong>.<\/p>\n<p><em><strong>Puedes leer: <u><a href=\"https:\/\/www.eluniversal.com.mx\/universal-deportes\/mas-deportes\/wwe-dominik-sin-exito-en-defender-el-legado-de-su-padre-rey-mysterio\"><span>\u00abDominik, no defiende con \u00e9xito el legado de su padre Rey Mysterio en Summer Slam\u00bb<\/span><\/a><\/u><\/strong><\/em><\/p>\n<p>Por momentos, se apreci\u00f3 que la cadena televisiva intentaba ajustar el problema, pero la se\u00f1al volvi\u00f3 a ser interrumpida en m\u00faltiples ocasiones. La transmisi\u00f3n se recuper\u00f3, mas dur\u00f3 un par de minutos, ya que se volvi\u00f3 a ir.<\/p>\n<p>A la empresa no le qued\u00f3 de otra que pasar comerciales, mientras intentaban mejorar. Las redes sociales no la perdonaron y se usuarios se les fue encima:<\/p>\n<blockquote class=\"twitter-tweet\">\n<p dir=\"ltr\" lang=\"es\" xml:lang=\"es\"><a href=\"https:\/\/twitter.com\/hashtag\/Guard1anes2020?src=hash&amp;ref_src=twsrc%5Etfw\">#Guard1anes2020<\/a> <a href=\"https:\/\/twitter.com\/hashtag\/GUARD1ANESxESP?src=hash&amp;ref_src=twsrc%5Etfw\">#GUARD1ANESxESP<\/a> que pedo ESPN?<br \/>El audio de la narraci\u00f3n mal, la calidad de inagen mal, se pasmo 4 minutos la transmisi\u00f3n. Y con el pinche colmo de aguantar esa barra de info d abajo.<br \/>Anda, ya se fue otra vez la transmisi\u00f3n. <a href=\"https:\/\/twitter.com\/hashtag\/ESPN2?src=hash&amp;ref_src=twsrc%5Etfw\">#ESPN2<\/a> <a href=\"https:\/\/t.co\/EcvUBkg6Hj\">pic.twitter.com\/EcvUBkg6Hj<\/a><\/p>\n<p>\u2014 Gio Gio (@Gio_Gio_G) <a href=\"https:\/\/twitter.com\/Gio_Gio_G\/status\/1297713435489247233?ref_src=twsrc%5Etfw\">August 24, 2020<\/a><\/p>\n<\/blockquote>\n<blockquote class=\"twitter-tweet\">\n<p dir=\"ltr\" lang=\"es\" xml:lang=\"es\"><a href=\"https:\/\/twitter.com\/hashtag\/ESPN2?src=hash&amp;ref_src=twsrc%5Etfw\">#ESPN2<\/a> as\u00ed estar\u00e1n las clases ma\u00f1ana. <a href=\"https:\/\/twitter.com\/hashtag\/RegresoAClases?src=hash&amp;ref_src=twsrc%5Etfw\">#RegresoAClases<\/a> con la se\u00f1al ca\u00edda.<\/p>\n<p>\u2014 4R (@aangeleso1) <a href=\"https:\/\/twitter.com\/aangeleso1\/status\/1297712403841458179?ref_src=twsrc%5Etfw\">August 24, 2020<\/a><\/p>\n<\/blockquote>\n<blockquote class=\"twitter-tweet\">\n<p dir=\"ltr\" lang=\"es\" xml:lang=\"es\">Esos de <a href=\"https:\/\/twitter.com\/ESPNmx?ref_src=twsrc%5Etfw\">@ESPNmx<\/a> son buen\u00edsimos para \u201cla cr\u00edtica\u201d pero no dicen nada por la transmisi\u00f3n de l\u00e1grima de <a href=\"https:\/\/twitter.com\/hashtag\/ESPN2?src=hash&amp;ref_src=twsrc%5Etfw\">#ESPN2<\/a>&#8230;<br \/>Supongo que todav\u00eda el jugador est\u00e1 congelado, dispuesto a cobrar el tiro de esquina.<a href=\"https:\/\/twitter.com\/hashtag\/CheTransmisi%C3%B3n?src=hash&amp;ref_src=twsrc%5Etfw\">#CheTransmisi\u00f3n<\/a> de 3 pesos.<a href=\"https:\/\/twitter.com\/hashtag\/CruzAzul?src=hash&amp;ref_src=twsrc%5Etfw\">#CruzAzul<\/a> <a href=\"https:\/\/twitter.com\/hashtag\/ConTodoContraTodo?src=hash&amp;ref_src=twsrc%5Etfw\">#ConTodoContraTodo<\/a><\/p>\n<p>\u2014 Cruzazulino (@UnXCruzazulino) <a href=\"https:\/\/twitter.com\/UnXCruzazulino\/status\/1297711836272504833?ref_src=twsrc%5Etfw\">August 24, 2020<\/a><\/p>\n<\/blockquote>\n<blockquote class=\"twitter-tweet\">\n<p dir=\"ltr\" lang=\"und\" xml:lang=\"und\"><a href=\"https:\/\/twitter.com\/hashtag\/ESPN2?src=hash&amp;ref_src=twsrc%5Etfw\">#ESPN2<\/a> buuuuuuuuuuuu<\/p>\n<p>\u2014 tanque_fit (@fit_tanque) <a href=\"https:\/\/twitter.com\/fit_tanque\/status\/1297711744559779841?ref_src=twsrc%5Etfw\">August 24, 2020<\/a><\/p>\n<\/blockquote>\n<blockquote class=\"twitter-tweet\">\n<p dir=\"ltr\" lang=\"es\" xml:lang=\"es\"><a href=\"https:\/\/twitter.com\/hashtag\/ESPN2?src=hash&amp;ref_src=twsrc%5Etfw\">#ESPN2<\/a> que mierda su se\u00f1al<\/p>\n<p>\u2014 ismaelMdz (@ismaelazul2) <a href=\"https:\/\/twitter.com\/ismaelazul2\/status\/1297713473816854530?ref_src=twsrc%5Etfw\">August 24, 2020<\/a><\/p>\n<\/blockquote>\n<p>Publicaci\u00f3n Original: <a href=\"https:\/\/www.eluniversal.com.mx\/universal-deportes\/futbol\/atletico-de-san-luis-vs-cruz-azul-revientan-espn-por-pesima-transmision\" target=\"_blank\" rel=\"noopener noreferrer\">https:\/\/www.eluniversal.com.mx\/universal-deportes\/futbol\/atletico-de-san-luis-vs-cruz-azul-revientan-espn-por-pesima-transmision<\/a><\/p>\n","protected":false},"excerpt":{"rendered":"<p>A ESPN se le fue la se\u00f1al en el arranque del segundo tiempo, durante el partido entre el Atl\u00e9tico de San Luis. La transmisi\u00f3n fue cortada, con im\u00e1genes del torneo de tenis que se disputa actualmente en Nueva York. Puedes leer: \u00abDominik, no defiende con \u00e9xito el legado de su padre Rey Mysterio en Summer Slam\u00bb Por momentos, se apreci\u00f3 que la cadena televisiva intentaba ajustar el problema, pero la se\u00f1al volvi\u00f3 a ser interrumpida en m\u00faltiples ocasiones. La transmisi\u00f3n se recuper\u00f3, mas dur\u00f3 un par de minutos, ya que se volvi\u00f3 a ir. A la empresa no le qued\u00f3 de otra que pasar comerciales, mientras intentaban mejorar. Las redes sociales no la perdonaron y se usuarios se les fue encima: #Guard1anes2020 #GUARD1ANESxESP que pedo ESPN?El audio de la narraci\u00f3n mal, la calidad de inagen mal, se pasmo 4 minutos la transmisi\u00f3n. Y con el pinche colmo de aguantar esa barra de info d abajo.Anda, ya se fue otra vez la transmisi\u00f3n. #ESPN2 pic.twitter.com\/EcvUBkg6Hj \u2014 Gio Gio (@Gio_Gio_G) August 24, 2020 #ESPN2 as\u00ed estar\u00e1n las clases ma\u00f1ana. #RegresoAClases con la se\u00f1al ca\u00edda. \u2014 4R (@aangeleso1) August 24, 2020 Esos de @ESPNmx son buen\u00edsimos para \u201cla cr\u00edtica\u201d pero no dicen nada por la transmisi\u00f3n de l\u00e1grima de #ESPN2&#8230;Supongo que todav\u00eda el jugador est\u00e1 congelado, dispuesto a cobrar el tiro de esquina.#CheTransmisi\u00f3n de 3 pesos.#CruzAzul #ConTodoContraTodo \u2014 Cruzazulino (@UnXCruzazulino) August 24, 2020 #ESPN2 buuuuuuuuuuuu \u2014 tanque_fit (@fit_tanque) August 24, 2020 #ESPN2 que mierda su se\u00f1al \u2014 ismaelMdz (@ismaelazul2) August 24, 2020 Publicaci\u00f3n Original: https:\/\/www.eluniversal.com.mx\/universal-deportes\/futbol\/atletico-de-san-luis-vs-cruz-azul-revientan-espn-por-pesima-transmision<\/p>\n","protected":false},"author":1,"featured_media":17428,"comment_status":"open","ping_status":"closed","sticky":false,"template":"","format":"standard","meta":{"_monsterinsights_skip_tracking":false,"_uf_show_specific_survey":0,"_uf_disable_surveys":false,"footnotes":""},"categories":[36],"tags":[],"class_list":["post-17427","post","type-post","status-publish","format-standard","has-post-thumbnail","hentry","category-el-mundo"],"yoast_head":"<!-- This site is optimized with the Yoast SEO plugin v27.5 - https:\/\/yoast.com\/product\/yoast-seo-wordpress\/ -->\n<title>Revientan a ESPN por p\u00e9sima transmisi\u00f3n del Atl\u00e9tico de San Luis vs Cruz Azul - Fer Abrajan<\/title>\n<meta name=\"robots\" content=\"index, follow, max-snippet:-1, max-image-preview:large, max-video-preview:-1\" \/>\n<link rel=\"canonical\" href=\"https:\/\/ferabrajan.com\/portal\/2020\/08\/24\/revientan-a-espn-por-pesima-transmision-del-atletico-de-san-luis-vs-cruz-azul\/\" \/>\n<meta property=\"og:locale\" content=\"es_ES\" \/>\n<meta property=\"og:type\" content=\"article\" \/>\n<meta property=\"og:title\" content=\"Revientan a ESPN por p\u00e9sima transmisi\u00f3n del Atl\u00e9tico de San Luis vs Cruz Azul - Fer Abrajan\" \/>\n<meta property=\"og:description\" content=\"A ESPN se le fue la se\u00f1al en el arranque del segundo tiempo, durante el partido entre el Atl\u00e9tico de San Luis. La transmisi\u00f3n fue cortada, con im\u00e1genes del torneo de tenis que se disputa actualmente en Nueva York. Puedes leer: \u00abDominik, no defiende con \u00e9xito el legado de su padre Rey Mysterio en Summer Slam\u00bb Por momentos, se apreci\u00f3 que la cadena televisiva intentaba ajustar el problema, pero la se\u00f1al volvi\u00f3 a ser interrumpida en m\u00faltiples ocasiones. La transmisi\u00f3n se recuper\u00f3, mas dur\u00f3 un par de minutos, ya que se volvi\u00f3 a ir. A la empresa no le qued\u00f3 de otra que pasar comerciales, mientras intentaban mejorar. Las redes sociales no la perdonaron y se usuarios se les fue encima: #Guard1anes2020 #GUARD1ANESxESP que pedo ESPN?El audio de la narraci\u00f3n mal, la calidad de inagen mal, se pasmo 4 minutos la transmisi\u00f3n. Y con el pinche colmo de aguantar esa barra de info d abajo.Anda, ya se fue otra vez la transmisi\u00f3n. #ESPN2 pic.twitter.com\/EcvUBkg6Hj \u2014 Gio Gio (@Gio_Gio_G) August 24, 2020 #ESPN2 as\u00ed estar\u00e1n las clases ma\u00f1ana. #RegresoAClases con la se\u00f1al ca\u00edda. \u2014 4R (@aangeleso1) August 24, 2020 Esos de @ESPNmx son buen\u00edsimos para \u201cla cr\u00edtica\u201d pero no dicen nada por la transmisi\u00f3n de l\u00e1grima de #ESPN2&#8230;Supongo que todav\u00eda el jugador est\u00e1 congelado, dispuesto a cobrar el tiro de esquina.#CheTransmisi\u00f3n de 3 pesos.#CruzAzul #ConTodoContraTodo \u2014 Cruzazulino (@UnXCruzazulino) August 24, 2020 #ESPN2 buuuuuuuuuuuu \u2014 tanque_fit (@fit_tanque) August 24, 2020 #ESPN2 que mierda su se\u00f1al \u2014 ismaelMdz (@ismaelazul2) August 24, 2020 Publicaci\u00f3n Original: https:\/\/www.eluniversal.com.mx\/universal-deportes\/futbol\/atletico-de-san-luis-vs-cruz-azul-revientan-espn-por-pesima-transmision\" \/>\n<meta property=\"og:url\" content=\"https:\/\/ferabrajan.com\/portal\/2020\/08\/24\/revientan-a-espn-por-pesima-transmision-del-atletico-de-san-luis-vs-cruz-azul\/\" \/>\n<meta property=\"og:site_name\" content=\"Fer Abrajan\" \/>\n<meta property=\"article:publisher\" content=\"https:\/\/www.facebook.com\/NoticiasconFerAbrajan\/\" \/>\n<meta property=\"article:published_time\" content=\"2020-08-24T21:09:00+00:00\" \/>\n<meta name=\"author\" content=\"admin\" \/>\n<meta name=\"twitter:card\" content=\"summary_large_image\" \/>\n<meta name=\"twitter:creator\" content=\"@ferabrajan1\" \/>\n<meta name=\"twitter:site\" content=\"@ferabrajan1\" \/>\n<meta name=\"twitter:label1\" content=\"Escrito por\" \/>\n\t<meta name=\"twitter:data1\" content=\"admin\" \/>\n\t<meta name=\"twitter:label2\" content=\"Tiempo de lectura\" \/>\n\t<meta name=\"twitter:data2\" content=\"1 minuto\" \/>\n<script type=\"application\/ld+json\" class=\"yoast-schema-graph\">{\"@context\":\"https:\\\/\\\/schema.org\",\"@graph\":[{\"@type\":\"Article\",\"@id\":\"https:\\\/\\\/ferabrajan.com\\\/portal\\\/2020\\\/08\\\/24\\\/revientan-a-espn-por-pesima-transmision-del-atletico-de-san-luis-vs-cruz-azul\\\/#article\",\"isPartOf\":{\"@id\":\"https:\\\/\\\/ferabrajan.com\\\/portal\\\/2020\\\/08\\\/24\\\/revientan-a-espn-por-pesima-transmision-del-atletico-de-san-luis-vs-cruz-azul\\\/\"},\"author\":{\"name\":\"admin\",\"@id\":\"https:\\\/\\\/ferabrajan.com\\\/portal\\\/#\\\/schema\\\/person\\\/f6113b3cb1e036d5c6a9505685b257ba\"},\"headline\":\"Revientan a ESPN por p\u00e9sima transmisi\u00f3n del Atl\u00e9tico de San Luis vs Cruz Azul\",\"datePublished\":\"2020-08-24T21:09:00+00:00\",\"mainEntityOfPage\":{\"@id\":\"https:\\\/\\\/ferabrajan.com\\\/portal\\\/2020\\\/08\\\/24\\\/revientan-a-espn-por-pesima-transmision-del-atletico-de-san-luis-vs-cruz-azul\\\/\"},\"wordCount\":296,\"commentCount\":0,\"publisher\":{\"@id\":\"https:\\\/\\\/ferabrajan.com\\\/portal\\\/#organization\"},\"image\":{\"@id\":\"https:\\\/\\\/ferabrajan.com\\\/portal\\\/2020\\\/08\\\/24\\\/revientan-a-espn-por-pesima-transmision-del-atletico-de-san-luis-vs-cruz-azul\\\/#primaryimage\"},\"thumbnailUrl\":\"\",\"articleSection\":[\"El Mundo\"],\"inLanguage\":\"es\"},{\"@type\":\"WebPage\",\"@id\":\"https:\\\/\\\/ferabrajan.com\\\/portal\\\/2020\\\/08\\\/24\\\/revientan-a-espn-por-pesima-transmision-del-atletico-de-san-luis-vs-cruz-azul\\\/\",\"url\":\"https:\\\/\\\/ferabrajan.com\\\/portal\\\/2020\\\/08\\\/24\\\/revientan-a-espn-por-pesima-transmision-del-atletico-de-san-luis-vs-cruz-azul\\\/\",\"name\":\"Revientan a ESPN por p\u00e9sima transmisi\u00f3n del Atl\u00e9tico de San Luis vs Cruz Azul - Fer Abrajan\",\"isPartOf\":{\"@id\":\"https:\\\/\\\/ferabrajan.com\\\/portal\\\/#website\"},\"primaryImageOfPage\":{\"@id\":\"https:\\\/\\\/ferabrajan.com\\\/portal\\\/2020\\\/08\\\/24\\\/revientan-a-espn-por-pesima-transmision-del-atletico-de-san-luis-vs-cruz-azul\\\/#primaryimage\"},\"image\":{\"@id\":\"https:\\\/\\\/ferabrajan.com\\\/portal\\\/2020\\\/08\\\/24\\\/revientan-a-espn-por-pesima-transmision-del-atletico-de-san-luis-vs-cruz-azul\\\/#primaryimage\"},\"thumbnailUrl\":\"\",\"datePublished\":\"2020-08-24T21:09:00+00:00\",\"breadcrumb\":{\"@id\":\"https:\\\/\\\/ferabrajan.com\\\/portal\\\/2020\\\/08\\\/24\\\/revientan-a-espn-por-pesima-transmision-del-atletico-de-san-luis-vs-cruz-azul\\\/#breadcrumb\"},\"inLanguage\":\"es\",\"potentialAction\":[{\"@type\":\"ReadAction\",\"target\":[\"https:\\\/\\\/ferabrajan.com\\\/portal\\\/2020\\\/08\\\/24\\\/revientan-a-espn-por-pesima-transmision-del-atletico-de-san-luis-vs-cruz-azul\\\/\"]}]},{\"@type\":\"ImageObject\",\"inLanguage\":\"es\",\"@id\":\"https:\\\/\\\/ferabrajan.com\\\/portal\\\/2020\\\/08\\\/24\\\/revientan-a-espn-por-pesima-transmision-del-atletico-de-san-luis-vs-cruz-azul\\\/#primaryimage\",\"url\":\"\",\"contentUrl\":\"\"},{\"@type\":\"BreadcrumbList\",\"@id\":\"https:\\\/\\\/ferabrajan.com\\\/portal\\\/2020\\\/08\\\/24\\\/revientan-a-espn-por-pesima-transmision-del-atletico-de-san-luis-vs-cruz-azul\\\/#breadcrumb\",\"itemListElement\":[{\"@type\":\"ListItem\",\"position\":1,\"name\":\"Portada\",\"item\":\"https:\\\/\\\/ferabrajan.com\\\/portal\\\/\"},{\"@type\":\"ListItem\",\"position\":2,\"name\":\"Revientan a ESPN por p\u00e9sima transmisi\u00f3n del Atl\u00e9tico de San Luis vs Cruz Azul\"}]},{\"@type\":\"WebSite\",\"@id\":\"https:\\\/\\\/ferabrajan.com\\\/portal\\\/#website\",\"url\":\"https:\\\/\\\/ferabrajan.com\\\/portal\\\/\",\"name\":\"Fer Abrajan\",\"description\":\"Noticias de Puebla, opini\u00f3n y radio en vivo\",\"publisher\":{\"@id\":\"https:\\\/\\\/ferabrajan.com\\\/portal\\\/#organization\"},\"potentialAction\":[{\"@type\":\"SearchAction\",\"target\":{\"@type\":\"EntryPoint\",\"urlTemplate\":\"https:\\\/\\\/ferabrajan.com\\\/portal\\\/?s={search_term_string}\"},\"query-input\":{\"@type\":\"PropertyValueSpecification\",\"valueRequired\":true,\"valueName\":\"search_term_string\"}}],\"inLanguage\":\"es\"},{\"@type\":\"Organization\",\"@id\":\"https:\\\/\\\/ferabrajan.com\\\/portal\\\/#organization\",\"name\":\"Fer Abrajan\",\"url\":\"https:\\\/\\\/ferabrajan.com\\\/portal\\\/\",\"logo\":{\"@type\":\"ImageObject\",\"inLanguage\":\"es\",\"@id\":\"https:\\\/\\\/ferabrajan.com\\\/portal\\\/#\\\/schema\\\/logo\\\/image\\\/\",\"url\":\"https:\\\/\\\/ferabrajan.com\\\/portal\\\/wp-content\\\/uploads\\\/2024\\\/10\\\/cropped-logo.jpeg\",\"contentUrl\":\"https:\\\/\\\/ferabrajan.com\\\/portal\\\/wp-content\\\/uploads\\\/2024\\\/10\\\/cropped-logo.jpeg\",\"width\":500,\"height\":250,\"caption\":\"Fer Abrajan\"},\"image\":{\"@id\":\"https:\\\/\\\/ferabrajan.com\\\/portal\\\/#\\\/schema\\\/logo\\\/image\\\/\"},\"sameAs\":[\"https:\\\/\\\/www.facebook.com\\\/NoticiasconFerAbrajan\\\/\",\"https:\\\/\\\/x.com\\\/ferabrajan1\"]},{\"@type\":\"Person\",\"@id\":\"https:\\\/\\\/ferabrajan.com\\\/portal\\\/#\\\/schema\\\/person\\\/f6113b3cb1e036d5c6a9505685b257ba\",\"name\":\"admin\",\"image\":{\"@type\":\"ImageObject\",\"inLanguage\":\"es\",\"@id\":\"https:\\\/\\\/secure.gravatar.com\\\/avatar\\\/072baa72775aad53c748dfc5d3048578e01b6c087eef335459ebfa04344e2d18?s=96&d=mm&r=g\",\"url\":\"https:\\\/\\\/secure.gravatar.com\\\/avatar\\\/072baa72775aad53c748dfc5d3048578e01b6c087eef335459ebfa04344e2d18?s=96&d=mm&r=g\",\"contentUrl\":\"https:\\\/\\\/secure.gravatar.com\\\/avatar\\\/072baa72775aad53c748dfc5d3048578e01b6c087eef335459ebfa04344e2d18?s=96&d=mm&r=g\",\"caption\":\"admin\"},\"sameAs\":[\"https:\\\/\\\/ferabrajan.com\\\/portal\"],\"url\":\"https:\\\/\\\/ferabrajan.com\\\/portal\\\/author\\\/admin\\\/\"}]}<\/script>\n<!-- \/ Yoast SEO plugin. -->","yoast_head_json":{"title":"Revientan a ESPN por p\u00e9sima transmisi\u00f3n del Atl\u00e9tico de San Luis vs Cruz Azul - Fer Abrajan","robots":{"index":"index","follow":"follow","max-snippet":"max-snippet:-1","max-image-preview":"max-image-preview:large","max-video-preview":"max-video-preview:-1"},"canonical":"https:\/\/ferabrajan.com\/portal\/2020\/08\/24\/revientan-a-espn-por-pesima-transmision-del-atletico-de-san-luis-vs-cruz-azul\/","og_locale":"es_ES","og_type":"article","og_title":"Revientan a ESPN por p\u00e9sima transmisi\u00f3n del Atl\u00e9tico de San Luis vs Cruz Azul - Fer Abrajan","og_description":"A ESPN se le fue la se\u00f1al en el arranque del segundo tiempo, durante el partido entre el Atl\u00e9tico de San Luis. La transmisi\u00f3n fue cortada, con im\u00e1genes del torneo de tenis que se disputa actualmente en Nueva York. Puedes leer: \u00abDominik, no defiende con \u00e9xito el legado de su padre Rey Mysterio en Summer Slam\u00bb Por momentos, se apreci\u00f3 que la cadena televisiva intentaba ajustar el problema, pero la se\u00f1al volvi\u00f3 a ser interrumpida en m\u00faltiples ocasiones. La transmisi\u00f3n se recuper\u00f3, mas dur\u00f3 un par de minutos, ya que se volvi\u00f3 a ir. A la empresa no le qued\u00f3 de otra que pasar comerciales, mientras intentaban mejorar. Las redes sociales no la perdonaron y se usuarios se les fue encima: #Guard1anes2020 #GUARD1ANESxESP que pedo ESPN?El audio de la narraci\u00f3n mal, la calidad de inagen mal, se pasmo 4 minutos la transmisi\u00f3n. Y con el pinche colmo de aguantar esa barra de info d abajo.Anda, ya se fue otra vez la transmisi\u00f3n. #ESPN2 pic.twitter.com\/EcvUBkg6Hj \u2014 Gio Gio (@Gio_Gio_G) August 24, 2020 #ESPN2 as\u00ed estar\u00e1n las clases ma\u00f1ana. #RegresoAClases con la se\u00f1al ca\u00edda. \u2014 4R (@aangeleso1) August 24, 2020 Esos de @ESPNmx son buen\u00edsimos para \u201cla cr\u00edtica\u201d pero no dicen nada por la transmisi\u00f3n de l\u00e1grima de #ESPN2&#8230;Supongo que todav\u00eda el jugador est\u00e1 congelado, dispuesto a cobrar el tiro de esquina.#CheTransmisi\u00f3n de 3 pesos.#CruzAzul #ConTodoContraTodo \u2014 Cruzazulino (@UnXCruzazulino) August 24, 2020 #ESPN2 buuuuuuuuuuuu \u2014 tanque_fit (@fit_tanque) August 24, 2020 #ESPN2 que mierda su se\u00f1al \u2014 ismaelMdz (@ismaelazul2) August 24, 2020 Publicaci\u00f3n Original: https:\/\/www.eluniversal.com.mx\/universal-deportes\/futbol\/atletico-de-san-luis-vs-cruz-azul-revientan-espn-por-pesima-transmision","og_url":"https:\/\/ferabrajan.com\/portal\/2020\/08\/24\/revientan-a-espn-por-pesima-transmision-del-atletico-de-san-luis-vs-cruz-azul\/","og_site_name":"Fer Abrajan","article_publisher":"https:\/\/www.facebook.com\/NoticiasconFerAbrajan\/","article_published_time":"2020-08-24T21:09:00+00:00","author":"admin","twitter_card":"summary_large_image","twitter_creator":"@ferabrajan1","twitter_site":"@ferabrajan1","twitter_misc":{"Escrito por":"admin","Tiempo de lectura":"1 minuto"},"schema":{"@context":"https:\/\/schema.org","@graph":[{"@type":"Article","@id":"https:\/\/ferabrajan.com\/portal\/2020\/08\/24\/revientan-a-espn-por-pesima-transmision-del-atletico-de-san-luis-vs-cruz-azul\/#article","isPartOf":{"@id":"https:\/\/ferabrajan.com\/portal\/2020\/08\/24\/revientan-a-espn-por-pesima-transmision-del-atletico-de-san-luis-vs-cruz-azul\/"},"author":{"name":"admin","@id":"https:\/\/ferabrajan.com\/portal\/#\/schema\/person\/f6113b3cb1e036d5c6a9505685b257ba"},"headline":"Revientan a ESPN por p\u00e9sima transmisi\u00f3n del Atl\u00e9tico de San Luis vs Cruz Azul","datePublished":"2020-08-24T21:09:00+00:00","mainEntityOfPage":{"@id":"https:\/\/ferabrajan.com\/portal\/2020\/08\/24\/revientan-a-espn-por-pesima-transmision-del-atletico-de-san-luis-vs-cruz-azul\/"},"wordCount":296,"commentCount":0,"publisher":{"@id":"https:\/\/ferabrajan.com\/portal\/#organization"},"image":{"@id":"https:\/\/ferabrajan.com\/portal\/2020\/08\/24\/revientan-a-espn-por-pesima-transmision-del-atletico-de-san-luis-vs-cruz-azul\/#primaryimage"},"thumbnailUrl":"","articleSection":["El Mundo"],"inLanguage":"es"},{"@type":"WebPage","@id":"https:\/\/ferabrajan.com\/portal\/2020\/08\/24\/revientan-a-espn-por-pesima-transmision-del-atletico-de-san-luis-vs-cruz-azul\/","url":"https:\/\/ferabrajan.com\/portal\/2020\/08\/24\/revientan-a-espn-por-pesima-transmision-del-atletico-de-san-luis-vs-cruz-azul\/","name":"Revientan a ESPN por p\u00e9sima transmisi\u00f3n del Atl\u00e9tico de San Luis vs Cruz Azul - Fer Abrajan","isPartOf":{"@id":"https:\/\/ferabrajan.com\/portal\/#website"},"primaryImageOfPage":{"@id":"https:\/\/ferabrajan.com\/portal\/2020\/08\/24\/revientan-a-espn-por-pesima-transmision-del-atletico-de-san-luis-vs-cruz-azul\/#primaryimage"},"image":{"@id":"https:\/\/ferabrajan.com\/portal\/2020\/08\/24\/revientan-a-espn-por-pesima-transmision-del-atletico-de-san-luis-vs-cruz-azul\/#primaryimage"},"thumbnailUrl":"","datePublished":"2020-08-24T21:09:00+00:00","breadcrumb":{"@id":"https:\/\/ferabrajan.com\/portal\/2020\/08\/24\/revientan-a-espn-por-pesima-transmision-del-atletico-de-san-luis-vs-cruz-azul\/#breadcrumb"},"inLanguage":"es","potentialAction":[{"@type":"ReadAction","target":["https:\/\/ferabrajan.com\/portal\/2020\/08\/24\/revientan-a-espn-por-pesima-transmision-del-atletico-de-san-luis-vs-cruz-azul\/"]}]},{"@type":"ImageObject","inLanguage":"es","@id":"https:\/\/ferabrajan.com\/portal\/2020\/08\/24\/revientan-a-espn-por-pesima-transmision-del-atletico-de-san-luis-vs-cruz-azul\/#primaryimage","url":"","contentUrl":""},{"@type":"BreadcrumbList","@id":"https:\/\/ferabrajan.com\/portal\/2020\/08\/24\/revientan-a-espn-por-pesima-transmision-del-atletico-de-san-luis-vs-cruz-azul\/#breadcrumb","itemListElement":[{"@type":"ListItem","position":1,"name":"Portada","item":"https:\/\/ferabrajan.com\/portal\/"},{"@type":"ListItem","position":2,"name":"Revientan a ESPN por p\u00e9sima transmisi\u00f3n del Atl\u00e9tico de San Luis vs Cruz Azul"}]},{"@type":"WebSite","@id":"https:\/\/ferabrajan.com\/portal\/#website","url":"https:\/\/ferabrajan.com\/portal\/","name":"Fer Abrajan","description":"Noticias de Puebla, opini\u00f3n y radio en vivo","publisher":{"@id":"https:\/\/ferabrajan.com\/portal\/#organization"},"potentialAction":[{"@type":"SearchAction","target":{"@type":"EntryPoint","urlTemplate":"https:\/\/ferabrajan.com\/portal\/?s={search_term_string}"},"query-input":{"@type":"PropertyValueSpecification","valueRequired":true,"valueName":"search_term_string"}}],"inLanguage":"es"},{"@type":"Organization","@id":"https:\/\/ferabrajan.com\/portal\/#organization","name":"Fer Abrajan","url":"https:\/\/ferabrajan.com\/portal\/","logo":{"@type":"ImageObject","inLanguage":"es","@id":"https:\/\/ferabrajan.com\/portal\/#\/schema\/logo\/image\/","url":"https:\/\/ferabrajan.com\/portal\/wp-content\/uploads\/2024\/10\/cropped-logo.jpeg","contentUrl":"https:\/\/ferabrajan.com\/portal\/wp-content\/uploads\/2024\/10\/cropped-logo.jpeg","width":500,"height":250,"caption":"Fer Abrajan"},"image":{"@id":"https:\/\/ferabrajan.com\/portal\/#\/schema\/logo\/image\/"},"sameAs":["https:\/\/www.facebook.com\/NoticiasconFerAbrajan\/","https:\/\/x.com\/ferabrajan1"]},{"@type":"Person","@id":"https:\/\/ferabrajan.com\/portal\/#\/schema\/person\/f6113b3cb1e036d5c6a9505685b257ba","name":"admin","image":{"@type":"ImageObject","inLanguage":"es","@id":"https:\/\/secure.gravatar.com\/avatar\/072baa72775aad53c748dfc5d3048578e01b6c087eef335459ebfa04344e2d18?s=96&d=mm&r=g","url":"https:\/\/secure.gravatar.com\/avatar\/072baa72775aad53c748dfc5d3048578e01b6c087eef335459ebfa04344e2d18?s=96&d=mm&r=g","contentUrl":"https:\/\/secure.gravatar.com\/avatar\/072baa72775aad53c748dfc5d3048578e01b6c087eef335459ebfa04344e2d18?s=96&d=mm&r=g","caption":"admin"},"sameAs":["https:\/\/ferabrajan.com\/portal"],"url":"https:\/\/ferabrajan.com\/portal\/author\/admin\/"}]}},"_links":{"self":[{"href":"https:\/\/ferabrajan.com\/portal\/wp-json\/wp\/v2\/posts\/17427","targetHints":{"allow":["GET"]}}],"collection":[{"href":"https:\/\/ferabrajan.com\/portal\/wp-json\/wp\/v2\/posts"}],"about":[{"href":"https:\/\/ferabrajan.com\/portal\/wp-json\/wp\/v2\/types\/post"}],"author":[{"embeddable":true,"href":"https:\/\/ferabrajan.com\/portal\/wp-json\/wp\/v2\/users\/1"}],"replies":[{"embeddable":true,"href":"https:\/\/ferabrajan.com\/portal\/wp-json\/wp\/v2\/comments?post=17427"}],"version-history":[{"count":0,"href":"https:\/\/ferabrajan.com\/portal\/wp-json\/wp\/v2\/posts\/17427\/revisions"}],"wp:attachment":[{"href":"https:\/\/ferabrajan.com\/portal\/wp-json\/wp\/v2\/media?parent=17427"}],"wp:term":[{"taxonomy":"category","embeddable":true,"href":"https:\/\/ferabrajan.com\/portal\/wp-json\/wp\/v2\/categories?post=17427"},{"taxonomy":"post_tag","embeddable":true,"href":"https:\/\/ferabrajan.com\/portal\/wp-json\/wp\/v2\/tags?post=17427"}],"curies":[{"name":"wp","href":"https:\/\/api.w.org\/{rel}","templated":true}]}}