{"id":17417,"date":"2020-08-23T23:52:50","date_gmt":"2020-08-23T23:52:50","guid":{"rendered":"https:\/\/www.elsoldepuebla.com.mx\/local\/pan-desmiente-senalamientos-de-edilesa-de-san-andres-cholula-5663510.html"},"modified":"2020-08-23T23:52:50","modified_gmt":"2020-08-23T23:52:50","slug":"pan-desmiente-senalamientos-de-edilesa-de-san-andres-cholula","status":"publish","type":"post","link":"https:\/\/ferabrajan.com\/portal\/2020\/08\/23\/pan-desmiente-senalamientos-de-edilesa-de-san-andres-cholula\/","title":{"rendered":"PAN desmiente &quot;se\u00f1alamientos&quot; de edilesa de San Andr\u00e9s Cholula"},"content":{"rendered":"<div><img decoding=\"async\" src=\"https:\/\/www.elsoldepuebla.com.mx\/local\/hujf6r-captura-de-pantalla-2020-08-23-a-las-18.43.56.png\/ALTERNATES\/LANDSCAPE_1140\/Captura%20de%20pantalla%202020-08-23%20a%20la(s)%2018.43.56.png\" class=\"ff-og-image-inserted\"><\/div>\n<p>El temor de que su partido pierda los comicios del pr\u00f3ximo a\u00f1o y la inseguridad que se vive en el municipio, han llevado a la alcaldesa de San Andr\u00e9s Cholula, Karina P\u00e9rez Popoca, a cometer se\u00f1alamientos infundados, por lo que el Partido Acci\u00f3n Nacional (PAN) Municipal, rechaza cualquier responsabilidad en las situaciones violentas que lamentablemente vivi\u00f3 Dulce Mar\u00eda del Carmen Gregorio, en su calidad de contralora, con quien adem\u00e1s nos solidarizamos, pues la legalidad y la justicia no deben tener tintes pol\u00edtico-partidistas.<\/p>\n<p>Mediante un comunicado de prensa, la dirigencia local de este instituto, contest\u00f3 a las declaraciones hechas por la mun\u00edcipe y dijo que si hay inseguridad en esta jurisdicci\u00f3n es por la clara falta de capacidad y de resultados de la actual administraci\u00f3n, por lo que basta ya de escudarse en el pasado para no asumir responsabilidades.<\/p>\n<p>En otro punto del documento, se refiere que el equipo jur\u00eddico de Acci\u00f3n Nacional analiza ya el posible uso de los recursos p\u00fablicos para realizar pronunciamientos de \u00edndole electoral.<\/p>\n<article class=\"local_estado media col-md-4 inline-story\"> <\/article>\n<p>\u201cSolicitamos a la presidenta Karina P\u00e9rez Popoca prudencia y respeto a nuestra instituci\u00f3n y sus militantes. Si alg\u00fan ex funcionario municipal actu\u00f3 de forma indebida, est\u00e1 dentro de sus obligaciones el presentar las denuncias correspondientes, pero despu\u00e9s de casi 2 a\u00f1os de administraci\u00f3n aun no presenta pruebas que indiquen alguna irregularidad administrativa contra quienes se pronunci\u00f3\u201d.<\/p>\n<p>Por \u00faltimo, el PAN de San Andr\u00e9s Cholula cuestion\u00f3 si por cada delito que exista en el municipio habr\u00e1 una conferencia de prensa para darlo a conocer, no puede haber distingos entre ciudadanos de primera y segunda, pues pareciera que los funcionarios municipales cuentan con los recursos p\u00fablicos para dar a conocer un lamentable hecho, pero que se dio en el \u00e1mbito de su vida privada, salvo que la Fiscal\u00eda General del Estado pueda determinar otra cosa.<\/p>\n<article class=\"local media col-md-4 inline-story\"> <\/article>\n<article class=\"local media col-md-4 inline-story\"> <\/article>\n<article class=\"local media col-md-4 inline-story\"> <\/article>\n<p>Publicaci\u00f3n Original: <a href=\"https:\/\/www.elsoldepuebla.com.mx\/local\/pan-desmiente-senalamientos-de-edilesa-de-san-andres-cholula-5663510.html\" target=\"_blank\" rel=\"noopener noreferrer\">https:\/\/www.elsoldepuebla.com.mx\/local\/pan-desmiente-senalamientos-de-edilesa-de-san-andres-cholula-5663510.html<\/a><\/p>\n","protected":false},"excerpt":{"rendered":"<p>El temor de que su partido pierda los comicios del pr\u00f3ximo a\u00f1o y la inseguridad que se vive en el municipio, han llevado a la alcaldesa de San Andr\u00e9s Cholula, Karina P\u00e9rez Popoca, a cometer se\u00f1alamientos infundados, por lo que el Partido Acci\u00f3n Nacional (PAN) Municipal, rechaza cualquier responsabilidad en las situaciones violentas que lamentablemente vivi\u00f3 Dulce Mar\u00eda del Carmen Gregorio, en su calidad de contralora, con quien adem\u00e1s nos solidarizamos, pues la legalidad y la justicia no deben tener tintes pol\u00edtico-partidistas. Mediante un comunicado de prensa, la dirigencia local de este instituto, contest\u00f3 a las declaraciones hechas por la mun\u00edcipe y dijo que si hay inseguridad en esta jurisdicci\u00f3n es por la clara falta de capacidad y de resultados de la actual administraci\u00f3n, por lo que basta ya de escudarse en el pasado para no asumir responsabilidades. En otro punto del documento, se refiere que el equipo jur\u00eddico de Acci\u00f3n Nacional analiza ya el posible uso de los recursos p\u00fablicos para realizar pronunciamientos de \u00edndole electoral. \u201cSolicitamos a la presidenta Karina P\u00e9rez Popoca prudencia y respeto a nuestra instituci\u00f3n y sus militantes. Si alg\u00fan ex funcionario municipal actu\u00f3 de forma indebida, est\u00e1 dentro de sus obligaciones el presentar las denuncias correspondientes, pero despu\u00e9s de casi 2 a\u00f1os de administraci\u00f3n aun no presenta pruebas que indiquen alguna irregularidad administrativa contra quienes se pronunci\u00f3\u201d. Por \u00faltimo, el PAN de San Andr\u00e9s Cholula cuestion\u00f3 si por cada delito que exista en el municipio habr\u00e1 una conferencia de prensa para darlo a conocer, no puede haber distingos entre ciudadanos de primera y segunda, pues pareciera que los funcionarios municipales cuentan con los recursos p\u00fablicos para dar a conocer un lamentable hecho, pero que se dio en el \u00e1mbito de su vida privada, salvo que la Fiscal\u00eda General del Estado pueda determinar otra cosa. Publicaci\u00f3n Original: https:\/\/www.elsoldepuebla.com.mx\/local\/pan-desmiente-senalamientos-de-edilesa-de-san-andres-cholula-5663510.html<\/p>\n","protected":false},"author":1,"featured_media":17421,"comment_status":"closed","ping_status":"closed","sticky":false,"template":"","format":"standard","meta":{"_monsterinsights_skip_tracking":false,"_uf_show_specific_survey":0,"_uf_disable_surveys":false,"footnotes":""},"categories":[53,34],"tags":[],"class_list":["post-17417","post","type-post","status-publish","format-standard","has-post-thumbnail","hentry","category-local","category-puebla"],"yoast_head":"<!-- This site is optimized with the Yoast SEO plugin v27.5 - https:\/\/yoast.com\/product\/yoast-seo-wordpress\/ -->\n<title>PAN desmiente &quot;se\u00f1alamientos&quot; de edilesa de San Andr\u00e9s Cholula - Fer Abrajan<\/title>\n<meta name=\"robots\" content=\"index, follow, max-snippet:-1, max-image-preview:large, max-video-preview:-1\" \/>\n<link rel=\"canonical\" href=\"https:\/\/ferabrajan.com\/portal\/2020\/08\/23\/pan-desmiente-senalamientos-de-edilesa-de-san-andres-cholula\/\" \/>\n<meta property=\"og:locale\" content=\"es_ES\" \/>\n<meta property=\"og:type\" content=\"article\" \/>\n<meta property=\"og:title\" content=\"PAN desmiente &quot;se\u00f1alamientos&quot; de edilesa de San Andr\u00e9s Cholula - Fer Abrajan\" \/>\n<meta property=\"og:description\" content=\"El temor de que su partido pierda los comicios del pr\u00f3ximo a\u00f1o y la inseguridad que se vive en el municipio, han llevado a la alcaldesa de San Andr\u00e9s Cholula, Karina P\u00e9rez Popoca, a cometer se\u00f1alamientos infundados, por lo que el Partido Acci\u00f3n Nacional (PAN) Municipal, rechaza cualquier responsabilidad en las situaciones violentas que lamentablemente vivi\u00f3 Dulce Mar\u00eda del Carmen Gregorio, en su calidad de contralora, con quien adem\u00e1s nos solidarizamos, pues la legalidad y la justicia no deben tener tintes pol\u00edtico-partidistas. Mediante un comunicado de prensa, la dirigencia local de este instituto, contest\u00f3 a las declaraciones hechas por la mun\u00edcipe y dijo que si hay inseguridad en esta jurisdicci\u00f3n es por la clara falta de capacidad y de resultados de la actual administraci\u00f3n, por lo que basta ya de escudarse en el pasado para no asumir responsabilidades. En otro punto del documento, se refiere que el equipo jur\u00eddico de Acci\u00f3n Nacional analiza ya el posible uso de los recursos p\u00fablicos para realizar pronunciamientos de \u00edndole electoral. \u201cSolicitamos a la presidenta Karina P\u00e9rez Popoca prudencia y respeto a nuestra instituci\u00f3n y sus militantes. Si alg\u00fan ex funcionario municipal actu\u00f3 de forma indebida, est\u00e1 dentro de sus obligaciones el presentar las denuncias correspondientes, pero despu\u00e9s de casi 2 a\u00f1os de administraci\u00f3n aun no presenta pruebas que indiquen alguna irregularidad administrativa contra quienes se pronunci\u00f3\u201d. Por \u00faltimo, el PAN de San Andr\u00e9s Cholula cuestion\u00f3 si por cada delito que exista en el municipio habr\u00e1 una conferencia de prensa para darlo a conocer, no puede haber distingos entre ciudadanos de primera y segunda, pues pareciera que los funcionarios municipales cuentan con los recursos p\u00fablicos para dar a conocer un lamentable hecho, pero que se dio en el \u00e1mbito de su vida privada, salvo que la Fiscal\u00eda General del Estado pueda determinar otra cosa. Publicaci\u00f3n Original: https:\/\/www.elsoldepuebla.com.mx\/local\/pan-desmiente-senalamientos-de-edilesa-de-san-andres-cholula-5663510.html\" \/>\n<meta property=\"og:url\" content=\"https:\/\/ferabrajan.com\/portal\/2020\/08\/23\/pan-desmiente-senalamientos-de-edilesa-de-san-andres-cholula\/\" \/>\n<meta property=\"og:site_name\" content=\"Fer Abrajan\" \/>\n<meta property=\"article:publisher\" content=\"https:\/\/www.facebook.com\/NoticiasconFerAbrajan\/\" \/>\n<meta property=\"article:published_time\" content=\"2020-08-23T23:52:50+00:00\" \/>\n<meta name=\"author\" content=\"admin\" \/>\n<meta name=\"twitter:card\" content=\"summary_large_image\" \/>\n<meta name=\"twitter:creator\" content=\"@ferabrajan1\" \/>\n<meta name=\"twitter:site\" content=\"@ferabrajan1\" \/>\n<meta name=\"twitter:label1\" content=\"Escrito por\" \/>\n\t<meta name=\"twitter:data1\" content=\"admin\" \/>\n\t<meta name=\"twitter:label2\" content=\"Tiempo de lectura\" \/>\n\t<meta name=\"twitter:data2\" content=\"2 minutos\" \/>\n<script type=\"application\/ld+json\" class=\"yoast-schema-graph\">{\"@context\":\"https:\\\/\\\/schema.org\",\"@graph\":[{\"@type\":\"Article\",\"@id\":\"https:\\\/\\\/ferabrajan.com\\\/portal\\\/2020\\\/08\\\/23\\\/pan-desmiente-senalamientos-de-edilesa-de-san-andres-cholula\\\/#article\",\"isPartOf\":{\"@id\":\"https:\\\/\\\/ferabrajan.com\\\/portal\\\/2020\\\/08\\\/23\\\/pan-desmiente-senalamientos-de-edilesa-de-san-andres-cholula\\\/\"},\"author\":{\"name\":\"admin\",\"@id\":\"https:\\\/\\\/ferabrajan.com\\\/portal\\\/#\\\/schema\\\/person\\\/f6113b3cb1e036d5c6a9505685b257ba\"},\"headline\":\"PAN desmiente &quot;se\u00f1alamientos&quot; de edilesa de San Andr\u00e9s Cholula\",\"datePublished\":\"2020-08-23T23:52:50+00:00\",\"mainEntityOfPage\":{\"@id\":\"https:\\\/\\\/ferabrajan.com\\\/portal\\\/2020\\\/08\\\/23\\\/pan-desmiente-senalamientos-de-edilesa-de-san-andres-cholula\\\/\"},\"wordCount\":347,\"publisher\":{\"@id\":\"https:\\\/\\\/ferabrajan.com\\\/portal\\\/#organization\"},\"image\":{\"@id\":\"https:\\\/\\\/ferabrajan.com\\\/portal\\\/2020\\\/08\\\/23\\\/pan-desmiente-senalamientos-de-edilesa-de-san-andres-cholula\\\/#primaryimage\"},\"thumbnailUrl\":\"\",\"articleSection\":[\"Local\",\"Puebla\"],\"inLanguage\":\"es\"},{\"@type\":\"WebPage\",\"@id\":\"https:\\\/\\\/ferabrajan.com\\\/portal\\\/2020\\\/08\\\/23\\\/pan-desmiente-senalamientos-de-edilesa-de-san-andres-cholula\\\/\",\"url\":\"https:\\\/\\\/ferabrajan.com\\\/portal\\\/2020\\\/08\\\/23\\\/pan-desmiente-senalamientos-de-edilesa-de-san-andres-cholula\\\/\",\"name\":\"PAN desmiente &quot;se\u00f1alamientos&quot; de edilesa de San Andr\u00e9s Cholula - Fer Abrajan\",\"isPartOf\":{\"@id\":\"https:\\\/\\\/ferabrajan.com\\\/portal\\\/#website\"},\"primaryImageOfPage\":{\"@id\":\"https:\\\/\\\/ferabrajan.com\\\/portal\\\/2020\\\/08\\\/23\\\/pan-desmiente-senalamientos-de-edilesa-de-san-andres-cholula\\\/#primaryimage\"},\"image\":{\"@id\":\"https:\\\/\\\/ferabrajan.com\\\/portal\\\/2020\\\/08\\\/23\\\/pan-desmiente-senalamientos-de-edilesa-de-san-andres-cholula\\\/#primaryimage\"},\"thumbnailUrl\":\"\",\"datePublished\":\"2020-08-23T23:52:50+00:00\",\"breadcrumb\":{\"@id\":\"https:\\\/\\\/ferabrajan.com\\\/portal\\\/2020\\\/08\\\/23\\\/pan-desmiente-senalamientos-de-edilesa-de-san-andres-cholula\\\/#breadcrumb\"},\"inLanguage\":\"es\",\"potentialAction\":[{\"@type\":\"ReadAction\",\"target\":[\"https:\\\/\\\/ferabrajan.com\\\/portal\\\/2020\\\/08\\\/23\\\/pan-desmiente-senalamientos-de-edilesa-de-san-andres-cholula\\\/\"]}]},{\"@type\":\"ImageObject\",\"inLanguage\":\"es\",\"@id\":\"https:\\\/\\\/ferabrajan.com\\\/portal\\\/2020\\\/08\\\/23\\\/pan-desmiente-senalamientos-de-edilesa-de-san-andres-cholula\\\/#primaryimage\",\"url\":\"\",\"contentUrl\":\"\"},{\"@type\":\"BreadcrumbList\",\"@id\":\"https:\\\/\\\/ferabrajan.com\\\/portal\\\/2020\\\/08\\\/23\\\/pan-desmiente-senalamientos-de-edilesa-de-san-andres-cholula\\\/#breadcrumb\",\"itemListElement\":[{\"@type\":\"ListItem\",\"position\":1,\"name\":\"Portada\",\"item\":\"https:\\\/\\\/ferabrajan.com\\\/portal\\\/\"},{\"@type\":\"ListItem\",\"position\":2,\"name\":\"PAN desmiente &quot;se\u00f1alamientos&quot; de edilesa de San Andr\u00e9s Cholula\"}]},{\"@type\":\"WebSite\",\"@id\":\"https:\\\/\\\/ferabrajan.com\\\/portal\\\/#website\",\"url\":\"https:\\\/\\\/ferabrajan.com\\\/portal\\\/\",\"name\":\"Fer Abrajan\",\"description\":\"Noticias de Puebla, opini\u00f3n y radio en vivo\",\"publisher\":{\"@id\":\"https:\\\/\\\/ferabrajan.com\\\/portal\\\/#organization\"},\"potentialAction\":[{\"@type\":\"SearchAction\",\"target\":{\"@type\":\"EntryPoint\",\"urlTemplate\":\"https:\\\/\\\/ferabrajan.com\\\/portal\\\/?s={search_term_string}\"},\"query-input\":{\"@type\":\"PropertyValueSpecification\",\"valueRequired\":true,\"valueName\":\"search_term_string\"}}],\"inLanguage\":\"es\"},{\"@type\":\"Organization\",\"@id\":\"https:\\\/\\\/ferabrajan.com\\\/portal\\\/#organization\",\"name\":\"Fer Abrajan\",\"url\":\"https:\\\/\\\/ferabrajan.com\\\/portal\\\/\",\"logo\":{\"@type\":\"ImageObject\",\"inLanguage\":\"es\",\"@id\":\"https:\\\/\\\/ferabrajan.com\\\/portal\\\/#\\\/schema\\\/logo\\\/image\\\/\",\"url\":\"https:\\\/\\\/ferabrajan.com\\\/portal\\\/wp-content\\\/uploads\\\/2024\\\/10\\\/cropped-logo.jpeg\",\"contentUrl\":\"https:\\\/\\\/ferabrajan.com\\\/portal\\\/wp-content\\\/uploads\\\/2024\\\/10\\\/cropped-logo.jpeg\",\"width\":500,\"height\":250,\"caption\":\"Fer Abrajan\"},\"image\":{\"@id\":\"https:\\\/\\\/ferabrajan.com\\\/portal\\\/#\\\/schema\\\/logo\\\/image\\\/\"},\"sameAs\":[\"https:\\\/\\\/www.facebook.com\\\/NoticiasconFerAbrajan\\\/\",\"https:\\\/\\\/x.com\\\/ferabrajan1\"]},{\"@type\":\"Person\",\"@id\":\"https:\\\/\\\/ferabrajan.com\\\/portal\\\/#\\\/schema\\\/person\\\/f6113b3cb1e036d5c6a9505685b257ba\",\"name\":\"admin\",\"image\":{\"@type\":\"ImageObject\",\"inLanguage\":\"es\",\"@id\":\"https:\\\/\\\/secure.gravatar.com\\\/avatar\\\/072baa72775aad53c748dfc5d3048578e01b6c087eef335459ebfa04344e2d18?s=96&d=mm&r=g\",\"url\":\"https:\\\/\\\/secure.gravatar.com\\\/avatar\\\/072baa72775aad53c748dfc5d3048578e01b6c087eef335459ebfa04344e2d18?s=96&d=mm&r=g\",\"contentUrl\":\"https:\\\/\\\/secure.gravatar.com\\\/avatar\\\/072baa72775aad53c748dfc5d3048578e01b6c087eef335459ebfa04344e2d18?s=96&d=mm&r=g\",\"caption\":\"admin\"},\"sameAs\":[\"https:\\\/\\\/ferabrajan.com\\\/portal\"],\"url\":\"https:\\\/\\\/ferabrajan.com\\\/portal\\\/author\\\/admin\\\/\"}]}<\/script>\n<!-- \/ Yoast SEO plugin. -->","yoast_head_json":{"title":"PAN desmiente &quot;se\u00f1alamientos&quot; de edilesa de San Andr\u00e9s Cholula - Fer Abrajan","robots":{"index":"index","follow":"follow","max-snippet":"max-snippet:-1","max-image-preview":"max-image-preview:large","max-video-preview":"max-video-preview:-1"},"canonical":"https:\/\/ferabrajan.com\/portal\/2020\/08\/23\/pan-desmiente-senalamientos-de-edilesa-de-san-andres-cholula\/","og_locale":"es_ES","og_type":"article","og_title":"PAN desmiente &quot;se\u00f1alamientos&quot; de edilesa de San Andr\u00e9s Cholula - Fer Abrajan","og_description":"El temor de que su partido pierda los comicios del pr\u00f3ximo a\u00f1o y la inseguridad que se vive en el municipio, han llevado a la alcaldesa de San Andr\u00e9s Cholula, Karina P\u00e9rez Popoca, a cometer se\u00f1alamientos infundados, por lo que el Partido Acci\u00f3n Nacional (PAN) Municipal, rechaza cualquier responsabilidad en las situaciones violentas que lamentablemente vivi\u00f3 Dulce Mar\u00eda del Carmen Gregorio, en su calidad de contralora, con quien adem\u00e1s nos solidarizamos, pues la legalidad y la justicia no deben tener tintes pol\u00edtico-partidistas. Mediante un comunicado de prensa, la dirigencia local de este instituto, contest\u00f3 a las declaraciones hechas por la mun\u00edcipe y dijo que si hay inseguridad en esta jurisdicci\u00f3n es por la clara falta de capacidad y de resultados de la actual administraci\u00f3n, por lo que basta ya de escudarse en el pasado para no asumir responsabilidades. En otro punto del documento, se refiere que el equipo jur\u00eddico de Acci\u00f3n Nacional analiza ya el posible uso de los recursos p\u00fablicos para realizar pronunciamientos de \u00edndole electoral. \u201cSolicitamos a la presidenta Karina P\u00e9rez Popoca prudencia y respeto a nuestra instituci\u00f3n y sus militantes. Si alg\u00fan ex funcionario municipal actu\u00f3 de forma indebida, est\u00e1 dentro de sus obligaciones el presentar las denuncias correspondientes, pero despu\u00e9s de casi 2 a\u00f1os de administraci\u00f3n aun no presenta pruebas que indiquen alguna irregularidad administrativa contra quienes se pronunci\u00f3\u201d. Por \u00faltimo, el PAN de San Andr\u00e9s Cholula cuestion\u00f3 si por cada delito que exista en el municipio habr\u00e1 una conferencia de prensa para darlo a conocer, no puede haber distingos entre ciudadanos de primera y segunda, pues pareciera que los funcionarios municipales cuentan con los recursos p\u00fablicos para dar a conocer un lamentable hecho, pero que se dio en el \u00e1mbito de su vida privada, salvo que la Fiscal\u00eda General del Estado pueda determinar otra cosa. Publicaci\u00f3n Original: https:\/\/www.elsoldepuebla.com.mx\/local\/pan-desmiente-senalamientos-de-edilesa-de-san-andres-cholula-5663510.html","og_url":"https:\/\/ferabrajan.com\/portal\/2020\/08\/23\/pan-desmiente-senalamientos-de-edilesa-de-san-andres-cholula\/","og_site_name":"Fer Abrajan","article_publisher":"https:\/\/www.facebook.com\/NoticiasconFerAbrajan\/","article_published_time":"2020-08-23T23:52:50+00:00","author":"admin","twitter_card":"summary_large_image","twitter_creator":"@ferabrajan1","twitter_site":"@ferabrajan1","twitter_misc":{"Escrito por":"admin","Tiempo de lectura":"2 minutos"},"schema":{"@context":"https:\/\/schema.org","@graph":[{"@type":"Article","@id":"https:\/\/ferabrajan.com\/portal\/2020\/08\/23\/pan-desmiente-senalamientos-de-edilesa-de-san-andres-cholula\/#article","isPartOf":{"@id":"https:\/\/ferabrajan.com\/portal\/2020\/08\/23\/pan-desmiente-senalamientos-de-edilesa-de-san-andres-cholula\/"},"author":{"name":"admin","@id":"https:\/\/ferabrajan.com\/portal\/#\/schema\/person\/f6113b3cb1e036d5c6a9505685b257ba"},"headline":"PAN desmiente &quot;se\u00f1alamientos&quot; de edilesa de San Andr\u00e9s Cholula","datePublished":"2020-08-23T23:52:50+00:00","mainEntityOfPage":{"@id":"https:\/\/ferabrajan.com\/portal\/2020\/08\/23\/pan-desmiente-senalamientos-de-edilesa-de-san-andres-cholula\/"},"wordCount":347,"publisher":{"@id":"https:\/\/ferabrajan.com\/portal\/#organization"},"image":{"@id":"https:\/\/ferabrajan.com\/portal\/2020\/08\/23\/pan-desmiente-senalamientos-de-edilesa-de-san-andres-cholula\/#primaryimage"},"thumbnailUrl":"","articleSection":["Local","Puebla"],"inLanguage":"es"},{"@type":"WebPage","@id":"https:\/\/ferabrajan.com\/portal\/2020\/08\/23\/pan-desmiente-senalamientos-de-edilesa-de-san-andres-cholula\/","url":"https:\/\/ferabrajan.com\/portal\/2020\/08\/23\/pan-desmiente-senalamientos-de-edilesa-de-san-andres-cholula\/","name":"PAN desmiente &quot;se\u00f1alamientos&quot; de edilesa de San Andr\u00e9s Cholula - Fer Abrajan","isPartOf":{"@id":"https:\/\/ferabrajan.com\/portal\/#website"},"primaryImageOfPage":{"@id":"https:\/\/ferabrajan.com\/portal\/2020\/08\/23\/pan-desmiente-senalamientos-de-edilesa-de-san-andres-cholula\/#primaryimage"},"image":{"@id":"https:\/\/ferabrajan.com\/portal\/2020\/08\/23\/pan-desmiente-senalamientos-de-edilesa-de-san-andres-cholula\/#primaryimage"},"thumbnailUrl":"","datePublished":"2020-08-23T23:52:50+00:00","breadcrumb":{"@id":"https:\/\/ferabrajan.com\/portal\/2020\/08\/23\/pan-desmiente-senalamientos-de-edilesa-de-san-andres-cholula\/#breadcrumb"},"inLanguage":"es","potentialAction":[{"@type":"ReadAction","target":["https:\/\/ferabrajan.com\/portal\/2020\/08\/23\/pan-desmiente-senalamientos-de-edilesa-de-san-andres-cholula\/"]}]},{"@type":"ImageObject","inLanguage":"es","@id":"https:\/\/ferabrajan.com\/portal\/2020\/08\/23\/pan-desmiente-senalamientos-de-edilesa-de-san-andres-cholula\/#primaryimage","url":"","contentUrl":""},{"@type":"BreadcrumbList","@id":"https:\/\/ferabrajan.com\/portal\/2020\/08\/23\/pan-desmiente-senalamientos-de-edilesa-de-san-andres-cholula\/#breadcrumb","itemListElement":[{"@type":"ListItem","position":1,"name":"Portada","item":"https:\/\/ferabrajan.com\/portal\/"},{"@type":"ListItem","position":2,"name":"PAN desmiente &quot;se\u00f1alamientos&quot; de edilesa de San Andr\u00e9s Cholula"}]},{"@type":"WebSite","@id":"https:\/\/ferabrajan.com\/portal\/#website","url":"https:\/\/ferabrajan.com\/portal\/","name":"Fer Abrajan","description":"Noticias de Puebla, opini\u00f3n y radio en vivo","publisher":{"@id":"https:\/\/ferabrajan.com\/portal\/#organization"},"potentialAction":[{"@type":"SearchAction","target":{"@type":"EntryPoint","urlTemplate":"https:\/\/ferabrajan.com\/portal\/?s={search_term_string}"},"query-input":{"@type":"PropertyValueSpecification","valueRequired":true,"valueName":"search_term_string"}}],"inLanguage":"es"},{"@type":"Organization","@id":"https:\/\/ferabrajan.com\/portal\/#organization","name":"Fer Abrajan","url":"https:\/\/ferabrajan.com\/portal\/","logo":{"@type":"ImageObject","inLanguage":"es","@id":"https:\/\/ferabrajan.com\/portal\/#\/schema\/logo\/image\/","url":"https:\/\/ferabrajan.com\/portal\/wp-content\/uploads\/2024\/10\/cropped-logo.jpeg","contentUrl":"https:\/\/ferabrajan.com\/portal\/wp-content\/uploads\/2024\/10\/cropped-logo.jpeg","width":500,"height":250,"caption":"Fer Abrajan"},"image":{"@id":"https:\/\/ferabrajan.com\/portal\/#\/schema\/logo\/image\/"},"sameAs":["https:\/\/www.facebook.com\/NoticiasconFerAbrajan\/","https:\/\/x.com\/ferabrajan1"]},{"@type":"Person","@id":"https:\/\/ferabrajan.com\/portal\/#\/schema\/person\/f6113b3cb1e036d5c6a9505685b257ba","name":"admin","image":{"@type":"ImageObject","inLanguage":"es","@id":"https:\/\/secure.gravatar.com\/avatar\/072baa72775aad53c748dfc5d3048578e01b6c087eef335459ebfa04344e2d18?s=96&d=mm&r=g","url":"https:\/\/secure.gravatar.com\/avatar\/072baa72775aad53c748dfc5d3048578e01b6c087eef335459ebfa04344e2d18?s=96&d=mm&r=g","contentUrl":"https:\/\/secure.gravatar.com\/avatar\/072baa72775aad53c748dfc5d3048578e01b6c087eef335459ebfa04344e2d18?s=96&d=mm&r=g","caption":"admin"},"sameAs":["https:\/\/ferabrajan.com\/portal"],"url":"https:\/\/ferabrajan.com\/portal\/author\/admin\/"}]}},"_links":{"self":[{"href":"https:\/\/ferabrajan.com\/portal\/wp-json\/wp\/v2\/posts\/17417","targetHints":{"allow":["GET"]}}],"collection":[{"href":"https:\/\/ferabrajan.com\/portal\/wp-json\/wp\/v2\/posts"}],"about":[{"href":"https:\/\/ferabrajan.com\/portal\/wp-json\/wp\/v2\/types\/post"}],"author":[{"embeddable":true,"href":"https:\/\/ferabrajan.com\/portal\/wp-json\/wp\/v2\/users\/1"}],"replies":[{"embeddable":true,"href":"https:\/\/ferabrajan.com\/portal\/wp-json\/wp\/v2\/comments?post=17417"}],"version-history":[{"count":0,"href":"https:\/\/ferabrajan.com\/portal\/wp-json\/wp\/v2\/posts\/17417\/revisions"}],"wp:attachment":[{"href":"https:\/\/ferabrajan.com\/portal\/wp-json\/wp\/v2\/media?parent=17417"}],"wp:term":[{"taxonomy":"category","embeddable":true,"href":"https:\/\/ferabrajan.com\/portal\/wp-json\/wp\/v2\/categories?post=17417"},{"taxonomy":"post_tag","embeddable":true,"href":"https:\/\/ferabrajan.com\/portal\/wp-json\/wp\/v2\/tags?post=17417"}],"curies":[{"name":"wp","href":"https:\/\/api.w.org\/{rel}","templated":true}]}}