{"id":17412,"date":"2020-08-24T00:11:14","date_gmt":"2020-08-24T00:11:14","guid":{"rendered":"https:\/\/www.elsoldepuebla.com.mx\/local\/estado\/acusan-a-regidor-victor-canaan-y-tres-ex-regidores-de-tehuacan-por-supuesto-desvio-de-8-mdp-5663589.html"},"modified":"2020-08-24T00:11:14","modified_gmt":"2020-08-24T00:11:14","slug":"acusan-a-regidor-victor-canaan-y-tres-ex-regidores-de-tehuacan-por-supuesto-desvio-de-8-mdp","status":"publish","type":"post","link":"https:\/\/ferabrajan.com\/portal\/2020\/08\/24\/acusan-a-regidor-victor-canaan-y-tres-ex-regidores-de-tehuacan-por-supuesto-desvio-de-8-mdp\/","title":{"rendered":"Acusan a regidor V\u00edctor Cana\u00e1n y tres ex regidores de Tehuac\u00e1n por supuesto desv\u00edo de 8 mdp"},"content":{"rendered":"<div><img decoding=\"async\" src=\"https:\/\/www.elsoldepuebla.com.mx\/local\/estado\/vaq0zs-captura-de-pantalla-2020-08-23-a-las-19.10.21.png\/ALTERNATES\/LANDSCAPE_1140\/Captura%20de%20pantalla%202020-08-23%20a%20la(s)%2019.10.21.png\" class=\"ff-og-image-inserted\"><\/div>\n<p>Tehuac\u00e1n, Pue.- Por un presunto desv\u00edo de alrededor de 8 millones de pesos podr\u00edan terminar tras las rejas, el regidor de Hacienda V\u00edctor Cana\u00e1n y tres ex regidores del Ayuntamiento de Tehuac\u00e1n; ser\u00e1 este 25 de agosto cuando se de a conocer su situaci\u00f3n legal, hasta el momento se mantienen en prisi\u00f3n preventiva.<\/p>\n<p>Cabe recordar que V\u00edctor Cana\u00e1n, Regidor de Hacienda, as\u00ed como la ex Contralora Municipal Zamira N., que aparentemente es familiar del regidor, la ex Directora de Licitaciones, Ana Luc\u00eda N. y el ex Tesorero Andr\u00e9s N., fueron asegurados por elementos de la Agencia Estatal de Investigaci\u00f3n (AEI) a trav\u00e9s de un dispositivo de seguridad.<\/p>\n<p>Lo anterior por una investigaci\u00f3n que lleva a cabo la Fiscal\u00eda de Anticorrupci\u00f3n, donde se les vincula con un desv\u00edo de recursos por varios millones de pesos.<\/p>\n<article class=\"local media col-md-4 inline-story\"> <\/article>\n<p>Los imputados fueron puestos a disposici\u00f3n de la Fiscal\u00eda General del Estado (FGE) en esta ciudad y se llev\u00f3 a cabo la primera audiencia de control este viernes, donde con base al Sistema Penal Acusatorio, autoridades ministeriales presentaron pruebas ante el Juez de Control que fueron aprobadas y se determin\u00f3 prisi\u00f3n preventiva en contra de los asegurados, quienes fueron ingresados al Cereso de Tehuac\u00e1n.<\/p>\n<p>Trascendi\u00f3 que Ana Luc\u00eda, quien estuvo trabajando durante tres meses en el ayuntamiento para el \u00e1rea de Licitaciones y que present\u00f3 su baja voluntaria, al recibir la noticia de qu\u00e9 quedar\u00eda en prisi\u00f3n preventiva, entr\u00f3 en crisis nerviosa y sufri\u00f3 un desmayo, motivo por el cual tuvo que ser trasladada de urgencia a un nosocomio donde qued\u00f3 bajo custodia.<\/p>\n<p>Finalmente se espera que la tarde de este 25 de agosto, las autoridades den a conocer cual ser\u00e1 la situaci\u00f3n legal de los detenidos.<\/p>\n<article class=\"policiaca media col-md-4 inline-story\"> <\/article>\n<article class=\"policiaca media col-md-4 inline-story\"> <\/article>\n<article class=\"policiaca media col-md-4 inline-story\"> <\/article>\n<p>Publicaci\u00f3n Original: <a href=\"https:\/\/www.elsoldepuebla.com.mx\/local\/estado\/acusan-a-regidor-victor-canaan-y-tres-ex-regidores-de-tehuacan-por-supuesto-desvio-de-8-mdp-5663589.html\" target=\"_blank\" rel=\"noopener noreferrer\">https:\/\/www.elsoldepuebla.com.mx\/local\/estado\/acusan-a-regidor-victor-canaan-y-tres-ex-regidores-de-tehuacan-por-supuesto-desvio-de-8-mdp-5663589.html<\/a><\/p>\n","protected":false},"excerpt":{"rendered":"<p>Tehuac\u00e1n, Pue.- Por un presunto desv\u00edo de alrededor de 8 millones de pesos podr\u00edan terminar tras las rejas, el regidor de Hacienda V\u00edctor Cana\u00e1n y tres ex regidores del Ayuntamiento de Tehuac\u00e1n; ser\u00e1 este 25 de agosto cuando se de a conocer su situaci\u00f3n legal, hasta el momento se mantienen en prisi\u00f3n preventiva. Cabe recordar que V\u00edctor Cana\u00e1n, Regidor de Hacienda, as\u00ed como la ex Contralora Municipal Zamira N., que aparentemente es familiar del regidor, la ex Directora de Licitaciones, Ana Luc\u00eda N. y el ex Tesorero Andr\u00e9s N., fueron asegurados por elementos de la Agencia Estatal de Investigaci\u00f3n (AEI) a trav\u00e9s de un dispositivo de seguridad. Lo anterior por una investigaci\u00f3n que lleva a cabo la Fiscal\u00eda de Anticorrupci\u00f3n, donde se les vincula con un desv\u00edo de recursos por varios millones de pesos. Los imputados fueron puestos a disposici\u00f3n de la Fiscal\u00eda General del Estado (FGE) en esta ciudad y se llev\u00f3 a cabo la primera audiencia de control este viernes, donde con base al Sistema Penal Acusatorio, autoridades ministeriales presentaron pruebas ante el Juez de Control que fueron aprobadas y se determin\u00f3 prisi\u00f3n preventiva en contra de los asegurados, quienes fueron ingresados al Cereso de Tehuac\u00e1n. Trascendi\u00f3 que Ana Luc\u00eda, quien estuvo trabajando durante tres meses en el ayuntamiento para el \u00e1rea de Licitaciones y que present\u00f3 su baja voluntaria, al recibir la noticia de qu\u00e9 quedar\u00eda en prisi\u00f3n preventiva, entr\u00f3 en crisis nerviosa y sufri\u00f3 un desmayo, motivo por el cual tuvo que ser trasladada de urgencia a un nosocomio donde qued\u00f3 bajo custodia. Finalmente se espera que la tarde de este 25 de agosto, las autoridades den a conocer cual ser\u00e1 la situaci\u00f3n legal de los detenidos. Publicaci\u00f3n Original: https:\/\/www.elsoldepuebla.com.mx\/local\/estado\/acusan-a-regidor-victor-canaan-y-tres-ex-regidores-de-tehuacan-por-supuesto-desvio-de-8-mdp-5663589.html<\/p>\n","protected":false},"author":1,"featured_media":17416,"comment_status":"closed","ping_status":"closed","sticky":false,"template":"","format":"standard","meta":{"_monsterinsights_skip_tracking":false,"_uf_show_specific_survey":0,"_uf_disable_surveys":false,"footnotes":""},"categories":[34],"tags":[],"class_list":["post-17412","post","type-post","status-publish","format-standard","has-post-thumbnail","hentry","category-puebla"],"yoast_head":"<!-- This site is optimized with the Yoast SEO plugin v27.5 - https:\/\/yoast.com\/product\/yoast-seo-wordpress\/ -->\n<title>Acusan a regidor V\u00edctor Cana\u00e1n y tres ex regidores de Tehuac\u00e1n por supuesto desv\u00edo de 8 mdp - Fer Abrajan<\/title>\n<meta name=\"robots\" content=\"index, follow, max-snippet:-1, max-image-preview:large, max-video-preview:-1\" \/>\n<link rel=\"canonical\" href=\"https:\/\/ferabrajan.com\/portal\/2020\/08\/24\/acusan-a-regidor-victor-canaan-y-tres-ex-regidores-de-tehuacan-por-supuesto-desvio-de-8-mdp\/\" \/>\n<meta property=\"og:locale\" content=\"es_ES\" \/>\n<meta property=\"og:type\" content=\"article\" \/>\n<meta property=\"og:title\" content=\"Acusan a regidor V\u00edctor Cana\u00e1n y tres ex regidores de Tehuac\u00e1n por supuesto desv\u00edo de 8 mdp - Fer Abrajan\" \/>\n<meta property=\"og:description\" content=\"Tehuac\u00e1n, Pue.- Por un presunto desv\u00edo de alrededor de 8 millones de pesos podr\u00edan terminar tras las rejas, el regidor de Hacienda V\u00edctor Cana\u00e1n y tres ex regidores del Ayuntamiento de Tehuac\u00e1n; ser\u00e1 este 25 de agosto cuando se de a conocer su situaci\u00f3n legal, hasta el momento se mantienen en prisi\u00f3n preventiva. Cabe recordar que V\u00edctor Cana\u00e1n, Regidor de Hacienda, as\u00ed como la ex Contralora Municipal Zamira N., que aparentemente es familiar del regidor, la ex Directora de Licitaciones, Ana Luc\u00eda N. y el ex Tesorero Andr\u00e9s N., fueron asegurados por elementos de la Agencia Estatal de Investigaci\u00f3n (AEI) a trav\u00e9s de un dispositivo de seguridad. Lo anterior por una investigaci\u00f3n que lleva a cabo la Fiscal\u00eda de Anticorrupci\u00f3n, donde se les vincula con un desv\u00edo de recursos por varios millones de pesos. Los imputados fueron puestos a disposici\u00f3n de la Fiscal\u00eda General del Estado (FGE) en esta ciudad y se llev\u00f3 a cabo la primera audiencia de control este viernes, donde con base al Sistema Penal Acusatorio, autoridades ministeriales presentaron pruebas ante el Juez de Control que fueron aprobadas y se determin\u00f3 prisi\u00f3n preventiva en contra de los asegurados, quienes fueron ingresados al Cereso de Tehuac\u00e1n. Trascendi\u00f3 que Ana Luc\u00eda, quien estuvo trabajando durante tres meses en el ayuntamiento para el \u00e1rea de Licitaciones y que present\u00f3 su baja voluntaria, al recibir la noticia de qu\u00e9 quedar\u00eda en prisi\u00f3n preventiva, entr\u00f3 en crisis nerviosa y sufri\u00f3 un desmayo, motivo por el cual tuvo que ser trasladada de urgencia a un nosocomio donde qued\u00f3 bajo custodia. Finalmente se espera que la tarde de este 25 de agosto, las autoridades den a conocer cual ser\u00e1 la situaci\u00f3n legal de los detenidos. Publicaci\u00f3n Original: https:\/\/www.elsoldepuebla.com.mx\/local\/estado\/acusan-a-regidor-victor-canaan-y-tres-ex-regidores-de-tehuacan-por-supuesto-desvio-de-8-mdp-5663589.html\" \/>\n<meta property=\"og:url\" content=\"https:\/\/ferabrajan.com\/portal\/2020\/08\/24\/acusan-a-regidor-victor-canaan-y-tres-ex-regidores-de-tehuacan-por-supuesto-desvio-de-8-mdp\/\" \/>\n<meta property=\"og:site_name\" content=\"Fer Abrajan\" \/>\n<meta property=\"article:publisher\" content=\"https:\/\/www.facebook.com\/NoticiasconFerAbrajan\/\" \/>\n<meta property=\"article:published_time\" content=\"2020-08-24T00:11:14+00:00\" \/>\n<meta name=\"author\" content=\"admin\" \/>\n<meta name=\"twitter:card\" content=\"summary_large_image\" \/>\n<meta name=\"twitter:creator\" content=\"@ferabrajan1\" \/>\n<meta name=\"twitter:site\" content=\"@ferabrajan1\" \/>\n<meta name=\"twitter:label1\" content=\"Escrito por\" \/>\n\t<meta name=\"twitter:data1\" content=\"admin\" \/>\n\t<meta name=\"twitter:label2\" content=\"Tiempo de lectura\" \/>\n\t<meta name=\"twitter:data2\" content=\"2 minutos\" \/>\n<script type=\"application\/ld+json\" class=\"yoast-schema-graph\">{\"@context\":\"https:\\\/\\\/schema.org\",\"@graph\":[{\"@type\":\"Article\",\"@id\":\"https:\\\/\\\/ferabrajan.com\\\/portal\\\/2020\\\/08\\\/24\\\/acusan-a-regidor-victor-canaan-y-tres-ex-regidores-de-tehuacan-por-supuesto-desvio-de-8-mdp\\\/#article\",\"isPartOf\":{\"@id\":\"https:\\\/\\\/ferabrajan.com\\\/portal\\\/2020\\\/08\\\/24\\\/acusan-a-regidor-victor-canaan-y-tres-ex-regidores-de-tehuacan-por-supuesto-desvio-de-8-mdp\\\/\"},\"author\":{\"name\":\"admin\",\"@id\":\"https:\\\/\\\/ferabrajan.com\\\/portal\\\/#\\\/schema\\\/person\\\/f6113b3cb1e036d5c6a9505685b257ba\"},\"headline\":\"Acusan a regidor V\u00edctor Cana\u00e1n y tres ex regidores de Tehuac\u00e1n por supuesto desv\u00edo de 8 mdp\",\"datePublished\":\"2020-08-24T00:11:14+00:00\",\"mainEntityOfPage\":{\"@id\":\"https:\\\/\\\/ferabrajan.com\\\/portal\\\/2020\\\/08\\\/24\\\/acusan-a-regidor-victor-canaan-y-tres-ex-regidores-de-tehuacan-por-supuesto-desvio-de-8-mdp\\\/\"},\"wordCount\":338,\"publisher\":{\"@id\":\"https:\\\/\\\/ferabrajan.com\\\/portal\\\/#organization\"},\"image\":{\"@id\":\"https:\\\/\\\/ferabrajan.com\\\/portal\\\/2020\\\/08\\\/24\\\/acusan-a-regidor-victor-canaan-y-tres-ex-regidores-de-tehuacan-por-supuesto-desvio-de-8-mdp\\\/#primaryimage\"},\"thumbnailUrl\":\"\",\"articleSection\":[\"Puebla\"],\"inLanguage\":\"es\"},{\"@type\":\"WebPage\",\"@id\":\"https:\\\/\\\/ferabrajan.com\\\/portal\\\/2020\\\/08\\\/24\\\/acusan-a-regidor-victor-canaan-y-tres-ex-regidores-de-tehuacan-por-supuesto-desvio-de-8-mdp\\\/\",\"url\":\"https:\\\/\\\/ferabrajan.com\\\/portal\\\/2020\\\/08\\\/24\\\/acusan-a-regidor-victor-canaan-y-tres-ex-regidores-de-tehuacan-por-supuesto-desvio-de-8-mdp\\\/\",\"name\":\"Acusan a regidor V\u00edctor Cana\u00e1n y tres ex regidores de Tehuac\u00e1n por supuesto desv\u00edo de 8 mdp - Fer Abrajan\",\"isPartOf\":{\"@id\":\"https:\\\/\\\/ferabrajan.com\\\/portal\\\/#website\"},\"primaryImageOfPage\":{\"@id\":\"https:\\\/\\\/ferabrajan.com\\\/portal\\\/2020\\\/08\\\/24\\\/acusan-a-regidor-victor-canaan-y-tres-ex-regidores-de-tehuacan-por-supuesto-desvio-de-8-mdp\\\/#primaryimage\"},\"image\":{\"@id\":\"https:\\\/\\\/ferabrajan.com\\\/portal\\\/2020\\\/08\\\/24\\\/acusan-a-regidor-victor-canaan-y-tres-ex-regidores-de-tehuacan-por-supuesto-desvio-de-8-mdp\\\/#primaryimage\"},\"thumbnailUrl\":\"\",\"datePublished\":\"2020-08-24T00:11:14+00:00\",\"breadcrumb\":{\"@id\":\"https:\\\/\\\/ferabrajan.com\\\/portal\\\/2020\\\/08\\\/24\\\/acusan-a-regidor-victor-canaan-y-tres-ex-regidores-de-tehuacan-por-supuesto-desvio-de-8-mdp\\\/#breadcrumb\"},\"inLanguage\":\"es\",\"potentialAction\":[{\"@type\":\"ReadAction\",\"target\":[\"https:\\\/\\\/ferabrajan.com\\\/portal\\\/2020\\\/08\\\/24\\\/acusan-a-regidor-victor-canaan-y-tres-ex-regidores-de-tehuacan-por-supuesto-desvio-de-8-mdp\\\/\"]}]},{\"@type\":\"ImageObject\",\"inLanguage\":\"es\",\"@id\":\"https:\\\/\\\/ferabrajan.com\\\/portal\\\/2020\\\/08\\\/24\\\/acusan-a-regidor-victor-canaan-y-tres-ex-regidores-de-tehuacan-por-supuesto-desvio-de-8-mdp\\\/#primaryimage\",\"url\":\"\",\"contentUrl\":\"\"},{\"@type\":\"BreadcrumbList\",\"@id\":\"https:\\\/\\\/ferabrajan.com\\\/portal\\\/2020\\\/08\\\/24\\\/acusan-a-regidor-victor-canaan-y-tres-ex-regidores-de-tehuacan-por-supuesto-desvio-de-8-mdp\\\/#breadcrumb\",\"itemListElement\":[{\"@type\":\"ListItem\",\"position\":1,\"name\":\"Portada\",\"item\":\"https:\\\/\\\/ferabrajan.com\\\/portal\\\/\"},{\"@type\":\"ListItem\",\"position\":2,\"name\":\"Acusan a regidor V\u00edctor Cana\u00e1n y tres ex regidores de Tehuac\u00e1n por supuesto desv\u00edo de 8 mdp\"}]},{\"@type\":\"WebSite\",\"@id\":\"https:\\\/\\\/ferabrajan.com\\\/portal\\\/#website\",\"url\":\"https:\\\/\\\/ferabrajan.com\\\/portal\\\/\",\"name\":\"Fer Abrajan\",\"description\":\"Noticias de Puebla, opini\u00f3n y radio en vivo\",\"publisher\":{\"@id\":\"https:\\\/\\\/ferabrajan.com\\\/portal\\\/#organization\"},\"potentialAction\":[{\"@type\":\"SearchAction\",\"target\":{\"@type\":\"EntryPoint\",\"urlTemplate\":\"https:\\\/\\\/ferabrajan.com\\\/portal\\\/?s={search_term_string}\"},\"query-input\":{\"@type\":\"PropertyValueSpecification\",\"valueRequired\":true,\"valueName\":\"search_term_string\"}}],\"inLanguage\":\"es\"},{\"@type\":\"Organization\",\"@id\":\"https:\\\/\\\/ferabrajan.com\\\/portal\\\/#organization\",\"name\":\"Fer Abrajan\",\"url\":\"https:\\\/\\\/ferabrajan.com\\\/portal\\\/\",\"logo\":{\"@type\":\"ImageObject\",\"inLanguage\":\"es\",\"@id\":\"https:\\\/\\\/ferabrajan.com\\\/portal\\\/#\\\/schema\\\/logo\\\/image\\\/\",\"url\":\"https:\\\/\\\/ferabrajan.com\\\/portal\\\/wp-content\\\/uploads\\\/2024\\\/10\\\/cropped-logo.jpeg\",\"contentUrl\":\"https:\\\/\\\/ferabrajan.com\\\/portal\\\/wp-content\\\/uploads\\\/2024\\\/10\\\/cropped-logo.jpeg\",\"width\":500,\"height\":250,\"caption\":\"Fer Abrajan\"},\"image\":{\"@id\":\"https:\\\/\\\/ferabrajan.com\\\/portal\\\/#\\\/schema\\\/logo\\\/image\\\/\"},\"sameAs\":[\"https:\\\/\\\/www.facebook.com\\\/NoticiasconFerAbrajan\\\/\",\"https:\\\/\\\/x.com\\\/ferabrajan1\"]},{\"@type\":\"Person\",\"@id\":\"https:\\\/\\\/ferabrajan.com\\\/portal\\\/#\\\/schema\\\/person\\\/f6113b3cb1e036d5c6a9505685b257ba\",\"name\":\"admin\",\"image\":{\"@type\":\"ImageObject\",\"inLanguage\":\"es\",\"@id\":\"https:\\\/\\\/secure.gravatar.com\\\/avatar\\\/072baa72775aad53c748dfc5d3048578e01b6c087eef335459ebfa04344e2d18?s=96&d=mm&r=g\",\"url\":\"https:\\\/\\\/secure.gravatar.com\\\/avatar\\\/072baa72775aad53c748dfc5d3048578e01b6c087eef335459ebfa04344e2d18?s=96&d=mm&r=g\",\"contentUrl\":\"https:\\\/\\\/secure.gravatar.com\\\/avatar\\\/072baa72775aad53c748dfc5d3048578e01b6c087eef335459ebfa04344e2d18?s=96&d=mm&r=g\",\"caption\":\"admin\"},\"sameAs\":[\"https:\\\/\\\/ferabrajan.com\\\/portal\"],\"url\":\"https:\\\/\\\/ferabrajan.com\\\/portal\\\/author\\\/admin\\\/\"}]}<\/script>\n<!-- \/ Yoast SEO plugin. -->","yoast_head_json":{"title":"Acusan a regidor V\u00edctor Cana\u00e1n y tres ex regidores de Tehuac\u00e1n por supuesto desv\u00edo de 8 mdp - Fer Abrajan","robots":{"index":"index","follow":"follow","max-snippet":"max-snippet:-1","max-image-preview":"max-image-preview:large","max-video-preview":"max-video-preview:-1"},"canonical":"https:\/\/ferabrajan.com\/portal\/2020\/08\/24\/acusan-a-regidor-victor-canaan-y-tres-ex-regidores-de-tehuacan-por-supuesto-desvio-de-8-mdp\/","og_locale":"es_ES","og_type":"article","og_title":"Acusan a regidor V\u00edctor Cana\u00e1n y tres ex regidores de Tehuac\u00e1n por supuesto desv\u00edo de 8 mdp - Fer Abrajan","og_description":"Tehuac\u00e1n, Pue.- Por un presunto desv\u00edo de alrededor de 8 millones de pesos podr\u00edan terminar tras las rejas, el regidor de Hacienda V\u00edctor Cana\u00e1n y tres ex regidores del Ayuntamiento de Tehuac\u00e1n; ser\u00e1 este 25 de agosto cuando se de a conocer su situaci\u00f3n legal, hasta el momento se mantienen en prisi\u00f3n preventiva. Cabe recordar que V\u00edctor Cana\u00e1n, Regidor de Hacienda, as\u00ed como la ex Contralora Municipal Zamira N., que aparentemente es familiar del regidor, la ex Directora de Licitaciones, Ana Luc\u00eda N. y el ex Tesorero Andr\u00e9s N., fueron asegurados por elementos de la Agencia Estatal de Investigaci\u00f3n (AEI) a trav\u00e9s de un dispositivo de seguridad. Lo anterior por una investigaci\u00f3n que lleva a cabo la Fiscal\u00eda de Anticorrupci\u00f3n, donde se les vincula con un desv\u00edo de recursos por varios millones de pesos. Los imputados fueron puestos a disposici\u00f3n de la Fiscal\u00eda General del Estado (FGE) en esta ciudad y se llev\u00f3 a cabo la primera audiencia de control este viernes, donde con base al Sistema Penal Acusatorio, autoridades ministeriales presentaron pruebas ante el Juez de Control que fueron aprobadas y se determin\u00f3 prisi\u00f3n preventiva en contra de los asegurados, quienes fueron ingresados al Cereso de Tehuac\u00e1n. Trascendi\u00f3 que Ana Luc\u00eda, quien estuvo trabajando durante tres meses en el ayuntamiento para el \u00e1rea de Licitaciones y que present\u00f3 su baja voluntaria, al recibir la noticia de qu\u00e9 quedar\u00eda en prisi\u00f3n preventiva, entr\u00f3 en crisis nerviosa y sufri\u00f3 un desmayo, motivo por el cual tuvo que ser trasladada de urgencia a un nosocomio donde qued\u00f3 bajo custodia. Finalmente se espera que la tarde de este 25 de agosto, las autoridades den a conocer cual ser\u00e1 la situaci\u00f3n legal de los detenidos. Publicaci\u00f3n Original: https:\/\/www.elsoldepuebla.com.mx\/local\/estado\/acusan-a-regidor-victor-canaan-y-tres-ex-regidores-de-tehuacan-por-supuesto-desvio-de-8-mdp-5663589.html","og_url":"https:\/\/ferabrajan.com\/portal\/2020\/08\/24\/acusan-a-regidor-victor-canaan-y-tres-ex-regidores-de-tehuacan-por-supuesto-desvio-de-8-mdp\/","og_site_name":"Fer Abrajan","article_publisher":"https:\/\/www.facebook.com\/NoticiasconFerAbrajan\/","article_published_time":"2020-08-24T00:11:14+00:00","author":"admin","twitter_card":"summary_large_image","twitter_creator":"@ferabrajan1","twitter_site":"@ferabrajan1","twitter_misc":{"Escrito por":"admin","Tiempo de lectura":"2 minutos"},"schema":{"@context":"https:\/\/schema.org","@graph":[{"@type":"Article","@id":"https:\/\/ferabrajan.com\/portal\/2020\/08\/24\/acusan-a-regidor-victor-canaan-y-tres-ex-regidores-de-tehuacan-por-supuesto-desvio-de-8-mdp\/#article","isPartOf":{"@id":"https:\/\/ferabrajan.com\/portal\/2020\/08\/24\/acusan-a-regidor-victor-canaan-y-tres-ex-regidores-de-tehuacan-por-supuesto-desvio-de-8-mdp\/"},"author":{"name":"admin","@id":"https:\/\/ferabrajan.com\/portal\/#\/schema\/person\/f6113b3cb1e036d5c6a9505685b257ba"},"headline":"Acusan a regidor V\u00edctor Cana\u00e1n y tres ex regidores de Tehuac\u00e1n por supuesto desv\u00edo de 8 mdp","datePublished":"2020-08-24T00:11:14+00:00","mainEntityOfPage":{"@id":"https:\/\/ferabrajan.com\/portal\/2020\/08\/24\/acusan-a-regidor-victor-canaan-y-tres-ex-regidores-de-tehuacan-por-supuesto-desvio-de-8-mdp\/"},"wordCount":338,"publisher":{"@id":"https:\/\/ferabrajan.com\/portal\/#organization"},"image":{"@id":"https:\/\/ferabrajan.com\/portal\/2020\/08\/24\/acusan-a-regidor-victor-canaan-y-tres-ex-regidores-de-tehuacan-por-supuesto-desvio-de-8-mdp\/#primaryimage"},"thumbnailUrl":"","articleSection":["Puebla"],"inLanguage":"es"},{"@type":"WebPage","@id":"https:\/\/ferabrajan.com\/portal\/2020\/08\/24\/acusan-a-regidor-victor-canaan-y-tres-ex-regidores-de-tehuacan-por-supuesto-desvio-de-8-mdp\/","url":"https:\/\/ferabrajan.com\/portal\/2020\/08\/24\/acusan-a-regidor-victor-canaan-y-tres-ex-regidores-de-tehuacan-por-supuesto-desvio-de-8-mdp\/","name":"Acusan a regidor V\u00edctor Cana\u00e1n y tres ex regidores de Tehuac\u00e1n por supuesto desv\u00edo de 8 mdp - Fer Abrajan","isPartOf":{"@id":"https:\/\/ferabrajan.com\/portal\/#website"},"primaryImageOfPage":{"@id":"https:\/\/ferabrajan.com\/portal\/2020\/08\/24\/acusan-a-regidor-victor-canaan-y-tres-ex-regidores-de-tehuacan-por-supuesto-desvio-de-8-mdp\/#primaryimage"},"image":{"@id":"https:\/\/ferabrajan.com\/portal\/2020\/08\/24\/acusan-a-regidor-victor-canaan-y-tres-ex-regidores-de-tehuacan-por-supuesto-desvio-de-8-mdp\/#primaryimage"},"thumbnailUrl":"","datePublished":"2020-08-24T00:11:14+00:00","breadcrumb":{"@id":"https:\/\/ferabrajan.com\/portal\/2020\/08\/24\/acusan-a-regidor-victor-canaan-y-tres-ex-regidores-de-tehuacan-por-supuesto-desvio-de-8-mdp\/#breadcrumb"},"inLanguage":"es","potentialAction":[{"@type":"ReadAction","target":["https:\/\/ferabrajan.com\/portal\/2020\/08\/24\/acusan-a-regidor-victor-canaan-y-tres-ex-regidores-de-tehuacan-por-supuesto-desvio-de-8-mdp\/"]}]},{"@type":"ImageObject","inLanguage":"es","@id":"https:\/\/ferabrajan.com\/portal\/2020\/08\/24\/acusan-a-regidor-victor-canaan-y-tres-ex-regidores-de-tehuacan-por-supuesto-desvio-de-8-mdp\/#primaryimage","url":"","contentUrl":""},{"@type":"BreadcrumbList","@id":"https:\/\/ferabrajan.com\/portal\/2020\/08\/24\/acusan-a-regidor-victor-canaan-y-tres-ex-regidores-de-tehuacan-por-supuesto-desvio-de-8-mdp\/#breadcrumb","itemListElement":[{"@type":"ListItem","position":1,"name":"Portada","item":"https:\/\/ferabrajan.com\/portal\/"},{"@type":"ListItem","position":2,"name":"Acusan a regidor V\u00edctor Cana\u00e1n y tres ex regidores de Tehuac\u00e1n por supuesto desv\u00edo de 8 mdp"}]},{"@type":"WebSite","@id":"https:\/\/ferabrajan.com\/portal\/#website","url":"https:\/\/ferabrajan.com\/portal\/","name":"Fer Abrajan","description":"Noticias de Puebla, opini\u00f3n y radio en vivo","publisher":{"@id":"https:\/\/ferabrajan.com\/portal\/#organization"},"potentialAction":[{"@type":"SearchAction","target":{"@type":"EntryPoint","urlTemplate":"https:\/\/ferabrajan.com\/portal\/?s={search_term_string}"},"query-input":{"@type":"PropertyValueSpecification","valueRequired":true,"valueName":"search_term_string"}}],"inLanguage":"es"},{"@type":"Organization","@id":"https:\/\/ferabrajan.com\/portal\/#organization","name":"Fer Abrajan","url":"https:\/\/ferabrajan.com\/portal\/","logo":{"@type":"ImageObject","inLanguage":"es","@id":"https:\/\/ferabrajan.com\/portal\/#\/schema\/logo\/image\/","url":"https:\/\/ferabrajan.com\/portal\/wp-content\/uploads\/2024\/10\/cropped-logo.jpeg","contentUrl":"https:\/\/ferabrajan.com\/portal\/wp-content\/uploads\/2024\/10\/cropped-logo.jpeg","width":500,"height":250,"caption":"Fer Abrajan"},"image":{"@id":"https:\/\/ferabrajan.com\/portal\/#\/schema\/logo\/image\/"},"sameAs":["https:\/\/www.facebook.com\/NoticiasconFerAbrajan\/","https:\/\/x.com\/ferabrajan1"]},{"@type":"Person","@id":"https:\/\/ferabrajan.com\/portal\/#\/schema\/person\/f6113b3cb1e036d5c6a9505685b257ba","name":"admin","image":{"@type":"ImageObject","inLanguage":"es","@id":"https:\/\/secure.gravatar.com\/avatar\/072baa72775aad53c748dfc5d3048578e01b6c087eef335459ebfa04344e2d18?s=96&d=mm&r=g","url":"https:\/\/secure.gravatar.com\/avatar\/072baa72775aad53c748dfc5d3048578e01b6c087eef335459ebfa04344e2d18?s=96&d=mm&r=g","contentUrl":"https:\/\/secure.gravatar.com\/avatar\/072baa72775aad53c748dfc5d3048578e01b6c087eef335459ebfa04344e2d18?s=96&d=mm&r=g","caption":"admin"},"sameAs":["https:\/\/ferabrajan.com\/portal"],"url":"https:\/\/ferabrajan.com\/portal\/author\/admin\/"}]}},"_links":{"self":[{"href":"https:\/\/ferabrajan.com\/portal\/wp-json\/wp\/v2\/posts\/17412","targetHints":{"allow":["GET"]}}],"collection":[{"href":"https:\/\/ferabrajan.com\/portal\/wp-json\/wp\/v2\/posts"}],"about":[{"href":"https:\/\/ferabrajan.com\/portal\/wp-json\/wp\/v2\/types\/post"}],"author":[{"embeddable":true,"href":"https:\/\/ferabrajan.com\/portal\/wp-json\/wp\/v2\/users\/1"}],"replies":[{"embeddable":true,"href":"https:\/\/ferabrajan.com\/portal\/wp-json\/wp\/v2\/comments?post=17412"}],"version-history":[{"count":0,"href":"https:\/\/ferabrajan.com\/portal\/wp-json\/wp\/v2\/posts\/17412\/revisions"}],"wp:attachment":[{"href":"https:\/\/ferabrajan.com\/portal\/wp-json\/wp\/v2\/media?parent=17412"}],"wp:term":[{"taxonomy":"category","embeddable":true,"href":"https:\/\/ferabrajan.com\/portal\/wp-json\/wp\/v2\/categories?post=17412"},{"taxonomy":"post_tag","embeddable":true,"href":"https:\/\/ferabrajan.com\/portal\/wp-json\/wp\/v2\/tags?post=17412"}],"curies":[{"name":"wp","href":"https:\/\/api.w.org\/{rel}","templated":true}]}}