{"id":17368,"date":"2020-08-23T20:48:00","date_gmt":"2020-08-23T20:48:00","guid":{"rendered":"http:\/\/www.ferabrajan.com\/?p=17368"},"modified":"2020-08-23T20:48:00","modified_gmt":"2020-08-23T20:48:00","slug":"pronostican-130-mil-muertes-por-covid-19-en-mexico-al-llegar-a-diciembre","status":"publish","type":"post","link":"https:\/\/ferabrajan.com\/portal\/2020\/08\/23\/pronostican-130-mil-muertes-por-covid-19-en-mexico-al-llegar-a-diciembre\/","title":{"rendered":"Pronostican 130 mil muertes por Covid-19 en M\u00e9xico al llegar a diciembre"},"content":{"rendered":"<div><img decoding=\"async\" src=\"https:\/\/www.eluniversal.com.mx\/sites\/default\/files\/2020\/08\/22\/cubre.jpg\" class=\"ff-og-image-inserted\"><\/div>\n<p>Washigton.- El <strong>Instituto de M\u00e9tricas y Evaluaciones de Salud<\/strong> (IHME), de la <span>Universidad de Washington,<\/span> actualiz\u00f3 sus proyecciones sobre el <span>coronavirus<\/span> y prev\u00e9 que para el 1 de diciembre <strong>M\u00e9xico reporte 130 mil 387 muertes.<\/strong><\/p>\n<p>Con el impacto positivo del uso universal de cubrebocas se registrar\u00edan 121 mil 331 decesos. Mientras que con el relajamiento de las medidas se tendr\u00edan 177 mil 601 v\u00edctimas, seg\u00fan los datos del IHME.<\/p>\n<p>De acuerdo con las cifras, las muertes diarias en junio eran aproximadamente de 500, pero fueron subiendo a casi 700. No obstante, se pronostica una baja en la cifra de fallecimientos diarios en septiembre y subir poco en noviembre.<\/p>\n<p>En una evaluaci\u00f3n anterior, el IHME pronostic\u00f3 118 mil 810 muertes al 1 de diciembre y&nbsp; 153 mil 189 con la relajaci\u00f3n de las medidas de confinamiento.<\/p>\n<p><span>Tambi\u00e9n lee<\/span>: <a href=\"http:\/\/eluni.mx\/luql0\" target=\"_blank\" rel=\"noopener noreferrer\"><span>Suman m\u00e1s de 800 mil muertes por el coronavirus en el mundo<\/span><\/a><\/p>\n<p>***Con informaci\u00f3n de agencias<br \/>&nbsp;<\/p>\n<p>Publicaci\u00f3n Original: <a href=\"https:\/\/www.eluniversal.com.mx\/mundo\/pronostican-130-mil-muertes-por-covid-19-en-mexico-al-llegar-diciembre\" target=\"_blank\" rel=\"noopener noreferrer\">https:\/\/www.eluniversal.com.mx\/mundo\/pronostican-130-mil-muertes-por-covid-19-en-mexico-al-llegar-diciembre<\/a><\/p>\n","protected":false},"excerpt":{"rendered":"<p>Washigton.- El Instituto de M\u00e9tricas y Evaluaciones de Salud (IHME), de la Universidad de Washington, actualiz\u00f3 sus proyecciones sobre el coronavirus y prev\u00e9 que para el 1 de diciembre M\u00e9xico reporte 130 mil 387 muertes. Con el impacto positivo del uso universal de cubrebocas se registrar\u00edan 121 mil 331 decesos. Mientras que con el relajamiento de las medidas se tendr\u00edan 177 mil 601 v\u00edctimas, seg\u00fan los datos del IHME. De acuerdo con las cifras, las muertes diarias en junio eran aproximadamente de 500, pero fueron subiendo a casi 700. No obstante, se pronostica una baja en la cifra de fallecimientos diarios en septiembre y subir poco en noviembre. En una evaluaci\u00f3n anterior, el IHME pronostic\u00f3 118 mil 810 muertes al 1 de diciembre y&nbsp; 153 mil 189 con la relajaci\u00f3n de las medidas de confinamiento. Tambi\u00e9n lee: Suman m\u00e1s de 800 mil muertes por el coronavirus en el mundo ***Con informaci\u00f3n de agencias&nbsp; Publicaci\u00f3n Original: https:\/\/www.eluniversal.com.mx\/mundo\/pronostican-130-mil-muertes-por-covid-19-en-mexico-al-llegar-diciembre<\/p>\n","protected":false},"author":1,"featured_media":17369,"comment_status":"open","ping_status":"closed","sticky":false,"template":"","format":"standard","meta":{"_monsterinsights_skip_tracking":false,"_uf_show_specific_survey":0,"_uf_disable_surveys":false,"footnotes":""},"categories":[36],"tags":[],"class_list":["post-17368","post","type-post","status-publish","format-standard","has-post-thumbnail","hentry","category-el-mundo"],"yoast_head":"<!-- This site is optimized with the Yoast SEO plugin v27.5 - https:\/\/yoast.com\/product\/yoast-seo-wordpress\/ -->\n<title>Pronostican 130 mil muertes por Covid-19 en M\u00e9xico al llegar a diciembre - Fer Abrajan<\/title>\n<meta name=\"robots\" content=\"index, follow, max-snippet:-1, max-image-preview:large, max-video-preview:-1\" \/>\n<link rel=\"canonical\" href=\"https:\/\/ferabrajan.com\/portal\/2020\/08\/23\/pronostican-130-mil-muertes-por-covid-19-en-mexico-al-llegar-a-diciembre\/\" \/>\n<meta property=\"og:locale\" content=\"es_ES\" \/>\n<meta property=\"og:type\" content=\"article\" \/>\n<meta property=\"og:title\" content=\"Pronostican 130 mil muertes por Covid-19 en M\u00e9xico al llegar a diciembre - Fer Abrajan\" \/>\n<meta property=\"og:description\" content=\"Washigton.- El Instituto de M\u00e9tricas y Evaluaciones de Salud (IHME), de la Universidad de Washington, actualiz\u00f3 sus proyecciones sobre el coronavirus y prev\u00e9 que para el 1 de diciembre M\u00e9xico reporte 130 mil 387 muertes. Con el impacto positivo del uso universal de cubrebocas se registrar\u00edan 121 mil 331 decesos. Mientras que con el relajamiento de las medidas se tendr\u00edan 177 mil 601 v\u00edctimas, seg\u00fan los datos del IHME. De acuerdo con las cifras, las muertes diarias en junio eran aproximadamente de 500, pero fueron subiendo a casi 700. No obstante, se pronostica una baja en la cifra de fallecimientos diarios en septiembre y subir poco en noviembre. En una evaluaci\u00f3n anterior, el IHME pronostic\u00f3 118 mil 810 muertes al 1 de diciembre y&nbsp; 153 mil 189 con la relajaci\u00f3n de las medidas de confinamiento. Tambi\u00e9n lee: Suman m\u00e1s de 800 mil muertes por el coronavirus en el mundo ***Con informaci\u00f3n de agencias&nbsp; Publicaci\u00f3n Original: https:\/\/www.eluniversal.com.mx\/mundo\/pronostican-130-mil-muertes-por-covid-19-en-mexico-al-llegar-diciembre\" \/>\n<meta property=\"og:url\" content=\"https:\/\/ferabrajan.com\/portal\/2020\/08\/23\/pronostican-130-mil-muertes-por-covid-19-en-mexico-al-llegar-a-diciembre\/\" \/>\n<meta property=\"og:site_name\" content=\"Fer Abrajan\" \/>\n<meta property=\"article:publisher\" content=\"https:\/\/www.facebook.com\/NoticiasconFerAbrajan\/\" \/>\n<meta property=\"article:published_time\" content=\"2020-08-23T20:48:00+00:00\" \/>\n<meta name=\"author\" content=\"admin\" \/>\n<meta name=\"twitter:card\" content=\"summary_large_image\" \/>\n<meta name=\"twitter:creator\" content=\"@ferabrajan1\" \/>\n<meta name=\"twitter:site\" content=\"@ferabrajan1\" \/>\n<meta name=\"twitter:label1\" content=\"Escrito por\" \/>\n\t<meta name=\"twitter:data1\" content=\"admin\" \/>\n\t<meta name=\"twitter:label2\" content=\"Tiempo de lectura\" \/>\n\t<meta name=\"twitter:data2\" content=\"1 minuto\" \/>\n<script type=\"application\/ld+json\" class=\"yoast-schema-graph\">{\"@context\":\"https:\\\/\\\/schema.org\",\"@graph\":[{\"@type\":\"Article\",\"@id\":\"https:\\\/\\\/ferabrajan.com\\\/portal\\\/2020\\\/08\\\/23\\\/pronostican-130-mil-muertes-por-covid-19-en-mexico-al-llegar-a-diciembre\\\/#article\",\"isPartOf\":{\"@id\":\"https:\\\/\\\/ferabrajan.com\\\/portal\\\/2020\\\/08\\\/23\\\/pronostican-130-mil-muertes-por-covid-19-en-mexico-al-llegar-a-diciembre\\\/\"},\"author\":{\"name\":\"admin\",\"@id\":\"https:\\\/\\\/ferabrajan.com\\\/portal\\\/#\\\/schema\\\/person\\\/f6113b3cb1e036d5c6a9505685b257ba\"},\"headline\":\"Pronostican 130 mil muertes por Covid-19 en M\u00e9xico al llegar a diciembre\",\"datePublished\":\"2020-08-23T20:48:00+00:00\",\"mainEntityOfPage\":{\"@id\":\"https:\\\/\\\/ferabrajan.com\\\/portal\\\/2020\\\/08\\\/23\\\/pronostican-130-mil-muertes-por-covid-19-en-mexico-al-llegar-a-diciembre\\\/\"},\"wordCount\":176,\"commentCount\":0,\"publisher\":{\"@id\":\"https:\\\/\\\/ferabrajan.com\\\/portal\\\/#organization\"},\"image\":{\"@id\":\"https:\\\/\\\/ferabrajan.com\\\/portal\\\/2020\\\/08\\\/23\\\/pronostican-130-mil-muertes-por-covid-19-en-mexico-al-llegar-a-diciembre\\\/#primaryimage\"},\"thumbnailUrl\":\"\",\"articleSection\":[\"El Mundo\"],\"inLanguage\":\"es\"},{\"@type\":\"WebPage\",\"@id\":\"https:\\\/\\\/ferabrajan.com\\\/portal\\\/2020\\\/08\\\/23\\\/pronostican-130-mil-muertes-por-covid-19-en-mexico-al-llegar-a-diciembre\\\/\",\"url\":\"https:\\\/\\\/ferabrajan.com\\\/portal\\\/2020\\\/08\\\/23\\\/pronostican-130-mil-muertes-por-covid-19-en-mexico-al-llegar-a-diciembre\\\/\",\"name\":\"Pronostican 130 mil muertes por Covid-19 en M\u00e9xico al llegar a diciembre - Fer Abrajan\",\"isPartOf\":{\"@id\":\"https:\\\/\\\/ferabrajan.com\\\/portal\\\/#website\"},\"primaryImageOfPage\":{\"@id\":\"https:\\\/\\\/ferabrajan.com\\\/portal\\\/2020\\\/08\\\/23\\\/pronostican-130-mil-muertes-por-covid-19-en-mexico-al-llegar-a-diciembre\\\/#primaryimage\"},\"image\":{\"@id\":\"https:\\\/\\\/ferabrajan.com\\\/portal\\\/2020\\\/08\\\/23\\\/pronostican-130-mil-muertes-por-covid-19-en-mexico-al-llegar-a-diciembre\\\/#primaryimage\"},\"thumbnailUrl\":\"\",\"datePublished\":\"2020-08-23T20:48:00+00:00\",\"breadcrumb\":{\"@id\":\"https:\\\/\\\/ferabrajan.com\\\/portal\\\/2020\\\/08\\\/23\\\/pronostican-130-mil-muertes-por-covid-19-en-mexico-al-llegar-a-diciembre\\\/#breadcrumb\"},\"inLanguage\":\"es\",\"potentialAction\":[{\"@type\":\"ReadAction\",\"target\":[\"https:\\\/\\\/ferabrajan.com\\\/portal\\\/2020\\\/08\\\/23\\\/pronostican-130-mil-muertes-por-covid-19-en-mexico-al-llegar-a-diciembre\\\/\"]}]},{\"@type\":\"ImageObject\",\"inLanguage\":\"es\",\"@id\":\"https:\\\/\\\/ferabrajan.com\\\/portal\\\/2020\\\/08\\\/23\\\/pronostican-130-mil-muertes-por-covid-19-en-mexico-al-llegar-a-diciembre\\\/#primaryimage\",\"url\":\"\",\"contentUrl\":\"\"},{\"@type\":\"BreadcrumbList\",\"@id\":\"https:\\\/\\\/ferabrajan.com\\\/portal\\\/2020\\\/08\\\/23\\\/pronostican-130-mil-muertes-por-covid-19-en-mexico-al-llegar-a-diciembre\\\/#breadcrumb\",\"itemListElement\":[{\"@type\":\"ListItem\",\"position\":1,\"name\":\"Portada\",\"item\":\"https:\\\/\\\/ferabrajan.com\\\/portal\\\/\"},{\"@type\":\"ListItem\",\"position\":2,\"name\":\"Pronostican 130 mil muertes por Covid-19 en M\u00e9xico al llegar a diciembre\"}]},{\"@type\":\"WebSite\",\"@id\":\"https:\\\/\\\/ferabrajan.com\\\/portal\\\/#website\",\"url\":\"https:\\\/\\\/ferabrajan.com\\\/portal\\\/\",\"name\":\"Fer Abrajan\",\"description\":\"Noticias de Puebla, opini\u00f3n y radio en vivo\",\"publisher\":{\"@id\":\"https:\\\/\\\/ferabrajan.com\\\/portal\\\/#organization\"},\"potentialAction\":[{\"@type\":\"SearchAction\",\"target\":{\"@type\":\"EntryPoint\",\"urlTemplate\":\"https:\\\/\\\/ferabrajan.com\\\/portal\\\/?s={search_term_string}\"},\"query-input\":{\"@type\":\"PropertyValueSpecification\",\"valueRequired\":true,\"valueName\":\"search_term_string\"}}],\"inLanguage\":\"es\"},{\"@type\":\"Organization\",\"@id\":\"https:\\\/\\\/ferabrajan.com\\\/portal\\\/#organization\",\"name\":\"Fer Abrajan\",\"url\":\"https:\\\/\\\/ferabrajan.com\\\/portal\\\/\",\"logo\":{\"@type\":\"ImageObject\",\"inLanguage\":\"es\",\"@id\":\"https:\\\/\\\/ferabrajan.com\\\/portal\\\/#\\\/schema\\\/logo\\\/image\\\/\",\"url\":\"https:\\\/\\\/ferabrajan.com\\\/portal\\\/wp-content\\\/uploads\\\/2024\\\/10\\\/cropped-logo.jpeg\",\"contentUrl\":\"https:\\\/\\\/ferabrajan.com\\\/portal\\\/wp-content\\\/uploads\\\/2024\\\/10\\\/cropped-logo.jpeg\",\"width\":500,\"height\":250,\"caption\":\"Fer Abrajan\"},\"image\":{\"@id\":\"https:\\\/\\\/ferabrajan.com\\\/portal\\\/#\\\/schema\\\/logo\\\/image\\\/\"},\"sameAs\":[\"https:\\\/\\\/www.facebook.com\\\/NoticiasconFerAbrajan\\\/\",\"https:\\\/\\\/x.com\\\/ferabrajan1\"]},{\"@type\":\"Person\",\"@id\":\"https:\\\/\\\/ferabrajan.com\\\/portal\\\/#\\\/schema\\\/person\\\/f6113b3cb1e036d5c6a9505685b257ba\",\"name\":\"admin\",\"image\":{\"@type\":\"ImageObject\",\"inLanguage\":\"es\",\"@id\":\"https:\\\/\\\/secure.gravatar.com\\\/avatar\\\/072baa72775aad53c748dfc5d3048578e01b6c087eef335459ebfa04344e2d18?s=96&d=mm&r=g\",\"url\":\"https:\\\/\\\/secure.gravatar.com\\\/avatar\\\/072baa72775aad53c748dfc5d3048578e01b6c087eef335459ebfa04344e2d18?s=96&d=mm&r=g\",\"contentUrl\":\"https:\\\/\\\/secure.gravatar.com\\\/avatar\\\/072baa72775aad53c748dfc5d3048578e01b6c087eef335459ebfa04344e2d18?s=96&d=mm&r=g\",\"caption\":\"admin\"},\"sameAs\":[\"https:\\\/\\\/ferabrajan.com\\\/portal\"],\"url\":\"https:\\\/\\\/ferabrajan.com\\\/portal\\\/author\\\/admin\\\/\"}]}<\/script>\n<!-- \/ Yoast SEO plugin. -->","yoast_head_json":{"title":"Pronostican 130 mil muertes por Covid-19 en M\u00e9xico al llegar a diciembre - Fer Abrajan","robots":{"index":"index","follow":"follow","max-snippet":"max-snippet:-1","max-image-preview":"max-image-preview:large","max-video-preview":"max-video-preview:-1"},"canonical":"https:\/\/ferabrajan.com\/portal\/2020\/08\/23\/pronostican-130-mil-muertes-por-covid-19-en-mexico-al-llegar-a-diciembre\/","og_locale":"es_ES","og_type":"article","og_title":"Pronostican 130 mil muertes por Covid-19 en M\u00e9xico al llegar a diciembre - Fer Abrajan","og_description":"Washigton.- El Instituto de M\u00e9tricas y Evaluaciones de Salud (IHME), de la Universidad de Washington, actualiz\u00f3 sus proyecciones sobre el coronavirus y prev\u00e9 que para el 1 de diciembre M\u00e9xico reporte 130 mil 387 muertes. Con el impacto positivo del uso universal de cubrebocas se registrar\u00edan 121 mil 331 decesos. Mientras que con el relajamiento de las medidas se tendr\u00edan 177 mil 601 v\u00edctimas, seg\u00fan los datos del IHME. De acuerdo con las cifras, las muertes diarias en junio eran aproximadamente de 500, pero fueron subiendo a casi 700. No obstante, se pronostica una baja en la cifra de fallecimientos diarios en septiembre y subir poco en noviembre. En una evaluaci\u00f3n anterior, el IHME pronostic\u00f3 118 mil 810 muertes al 1 de diciembre y&nbsp; 153 mil 189 con la relajaci\u00f3n de las medidas de confinamiento. Tambi\u00e9n lee: Suman m\u00e1s de 800 mil muertes por el coronavirus en el mundo ***Con informaci\u00f3n de agencias&nbsp; Publicaci\u00f3n Original: https:\/\/www.eluniversal.com.mx\/mundo\/pronostican-130-mil-muertes-por-covid-19-en-mexico-al-llegar-diciembre","og_url":"https:\/\/ferabrajan.com\/portal\/2020\/08\/23\/pronostican-130-mil-muertes-por-covid-19-en-mexico-al-llegar-a-diciembre\/","og_site_name":"Fer Abrajan","article_publisher":"https:\/\/www.facebook.com\/NoticiasconFerAbrajan\/","article_published_time":"2020-08-23T20:48:00+00:00","author":"admin","twitter_card":"summary_large_image","twitter_creator":"@ferabrajan1","twitter_site":"@ferabrajan1","twitter_misc":{"Escrito por":"admin","Tiempo de lectura":"1 minuto"},"schema":{"@context":"https:\/\/schema.org","@graph":[{"@type":"Article","@id":"https:\/\/ferabrajan.com\/portal\/2020\/08\/23\/pronostican-130-mil-muertes-por-covid-19-en-mexico-al-llegar-a-diciembre\/#article","isPartOf":{"@id":"https:\/\/ferabrajan.com\/portal\/2020\/08\/23\/pronostican-130-mil-muertes-por-covid-19-en-mexico-al-llegar-a-diciembre\/"},"author":{"name":"admin","@id":"https:\/\/ferabrajan.com\/portal\/#\/schema\/person\/f6113b3cb1e036d5c6a9505685b257ba"},"headline":"Pronostican 130 mil muertes por Covid-19 en M\u00e9xico al llegar a diciembre","datePublished":"2020-08-23T20:48:00+00:00","mainEntityOfPage":{"@id":"https:\/\/ferabrajan.com\/portal\/2020\/08\/23\/pronostican-130-mil-muertes-por-covid-19-en-mexico-al-llegar-a-diciembre\/"},"wordCount":176,"commentCount":0,"publisher":{"@id":"https:\/\/ferabrajan.com\/portal\/#organization"},"image":{"@id":"https:\/\/ferabrajan.com\/portal\/2020\/08\/23\/pronostican-130-mil-muertes-por-covid-19-en-mexico-al-llegar-a-diciembre\/#primaryimage"},"thumbnailUrl":"","articleSection":["El Mundo"],"inLanguage":"es"},{"@type":"WebPage","@id":"https:\/\/ferabrajan.com\/portal\/2020\/08\/23\/pronostican-130-mil-muertes-por-covid-19-en-mexico-al-llegar-a-diciembre\/","url":"https:\/\/ferabrajan.com\/portal\/2020\/08\/23\/pronostican-130-mil-muertes-por-covid-19-en-mexico-al-llegar-a-diciembre\/","name":"Pronostican 130 mil muertes por Covid-19 en M\u00e9xico al llegar a diciembre - Fer Abrajan","isPartOf":{"@id":"https:\/\/ferabrajan.com\/portal\/#website"},"primaryImageOfPage":{"@id":"https:\/\/ferabrajan.com\/portal\/2020\/08\/23\/pronostican-130-mil-muertes-por-covid-19-en-mexico-al-llegar-a-diciembre\/#primaryimage"},"image":{"@id":"https:\/\/ferabrajan.com\/portal\/2020\/08\/23\/pronostican-130-mil-muertes-por-covid-19-en-mexico-al-llegar-a-diciembre\/#primaryimage"},"thumbnailUrl":"","datePublished":"2020-08-23T20:48:00+00:00","breadcrumb":{"@id":"https:\/\/ferabrajan.com\/portal\/2020\/08\/23\/pronostican-130-mil-muertes-por-covid-19-en-mexico-al-llegar-a-diciembre\/#breadcrumb"},"inLanguage":"es","potentialAction":[{"@type":"ReadAction","target":["https:\/\/ferabrajan.com\/portal\/2020\/08\/23\/pronostican-130-mil-muertes-por-covid-19-en-mexico-al-llegar-a-diciembre\/"]}]},{"@type":"ImageObject","inLanguage":"es","@id":"https:\/\/ferabrajan.com\/portal\/2020\/08\/23\/pronostican-130-mil-muertes-por-covid-19-en-mexico-al-llegar-a-diciembre\/#primaryimage","url":"","contentUrl":""},{"@type":"BreadcrumbList","@id":"https:\/\/ferabrajan.com\/portal\/2020\/08\/23\/pronostican-130-mil-muertes-por-covid-19-en-mexico-al-llegar-a-diciembre\/#breadcrumb","itemListElement":[{"@type":"ListItem","position":1,"name":"Portada","item":"https:\/\/ferabrajan.com\/portal\/"},{"@type":"ListItem","position":2,"name":"Pronostican 130 mil muertes por Covid-19 en M\u00e9xico al llegar a diciembre"}]},{"@type":"WebSite","@id":"https:\/\/ferabrajan.com\/portal\/#website","url":"https:\/\/ferabrajan.com\/portal\/","name":"Fer Abrajan","description":"Noticias de Puebla, opini\u00f3n y radio en vivo","publisher":{"@id":"https:\/\/ferabrajan.com\/portal\/#organization"},"potentialAction":[{"@type":"SearchAction","target":{"@type":"EntryPoint","urlTemplate":"https:\/\/ferabrajan.com\/portal\/?s={search_term_string}"},"query-input":{"@type":"PropertyValueSpecification","valueRequired":true,"valueName":"search_term_string"}}],"inLanguage":"es"},{"@type":"Organization","@id":"https:\/\/ferabrajan.com\/portal\/#organization","name":"Fer Abrajan","url":"https:\/\/ferabrajan.com\/portal\/","logo":{"@type":"ImageObject","inLanguage":"es","@id":"https:\/\/ferabrajan.com\/portal\/#\/schema\/logo\/image\/","url":"https:\/\/ferabrajan.com\/portal\/wp-content\/uploads\/2024\/10\/cropped-logo.jpeg","contentUrl":"https:\/\/ferabrajan.com\/portal\/wp-content\/uploads\/2024\/10\/cropped-logo.jpeg","width":500,"height":250,"caption":"Fer Abrajan"},"image":{"@id":"https:\/\/ferabrajan.com\/portal\/#\/schema\/logo\/image\/"},"sameAs":["https:\/\/www.facebook.com\/NoticiasconFerAbrajan\/","https:\/\/x.com\/ferabrajan1"]},{"@type":"Person","@id":"https:\/\/ferabrajan.com\/portal\/#\/schema\/person\/f6113b3cb1e036d5c6a9505685b257ba","name":"admin","image":{"@type":"ImageObject","inLanguage":"es","@id":"https:\/\/secure.gravatar.com\/avatar\/072baa72775aad53c748dfc5d3048578e01b6c087eef335459ebfa04344e2d18?s=96&d=mm&r=g","url":"https:\/\/secure.gravatar.com\/avatar\/072baa72775aad53c748dfc5d3048578e01b6c087eef335459ebfa04344e2d18?s=96&d=mm&r=g","contentUrl":"https:\/\/secure.gravatar.com\/avatar\/072baa72775aad53c748dfc5d3048578e01b6c087eef335459ebfa04344e2d18?s=96&d=mm&r=g","caption":"admin"},"sameAs":["https:\/\/ferabrajan.com\/portal"],"url":"https:\/\/ferabrajan.com\/portal\/author\/admin\/"}]}},"_links":{"self":[{"href":"https:\/\/ferabrajan.com\/portal\/wp-json\/wp\/v2\/posts\/17368","targetHints":{"allow":["GET"]}}],"collection":[{"href":"https:\/\/ferabrajan.com\/portal\/wp-json\/wp\/v2\/posts"}],"about":[{"href":"https:\/\/ferabrajan.com\/portal\/wp-json\/wp\/v2\/types\/post"}],"author":[{"embeddable":true,"href":"https:\/\/ferabrajan.com\/portal\/wp-json\/wp\/v2\/users\/1"}],"replies":[{"embeddable":true,"href":"https:\/\/ferabrajan.com\/portal\/wp-json\/wp\/v2\/comments?post=17368"}],"version-history":[{"count":0,"href":"https:\/\/ferabrajan.com\/portal\/wp-json\/wp\/v2\/posts\/17368\/revisions"}],"wp:attachment":[{"href":"https:\/\/ferabrajan.com\/portal\/wp-json\/wp\/v2\/media?parent=17368"}],"wp:term":[{"taxonomy":"category","embeddable":true,"href":"https:\/\/ferabrajan.com\/portal\/wp-json\/wp\/v2\/categories?post=17368"},{"taxonomy":"post_tag","embeddable":true,"href":"https:\/\/ferabrajan.com\/portal\/wp-json\/wp\/v2\/tags?post=17368"}],"curies":[{"name":"wp","href":"https:\/\/api.w.org\/{rel}","templated":true}]}}